{"id":4561,"date":"2013-12-05T00:00:01","date_gmt":"2013-12-05T03:00:01","guid":{"rendered":"http:\/\/www.isletasnoticias.com.ar\/?p=4561"},"modified":"2013-12-05T00:03:43","modified_gmt":"2013-12-05T03:03:43","slug":"isletas-egresan-13-tecnicos-en-produccon-agropecuaria","status":"publish","type":"post","link":"https:\/\/informelitoral.com.ar\/isletas-egresan-13-tecnicos-en-produccon-agropecuaria\/","title":{"rendered":"Isletas: egresan 13 t\u00e9cnicos en Producci\u00f3n Agropecuaria"},"content":{"rendered":"<p><strong>Este a\u00f1o se recibe la segunda promoci\u00f3n de t\u00e9cnicos en Producci\u00f3n Agropecuaria de la Escuela de Educaci\u00f3n Agrot\u00e9cnica N\u00b0 153, Horacio Mann, de Isletas. El acto de colaci\u00f3n ser\u00e1 el 18 de diciembre, a partir de las 21:00, en el\u00a0establecimiento educativo.<\/strong><\/p>\n<p><img loading=\"lazy\" decoding=\"async\" class=\"size-medium wp-image-4562 aligncenter\" title=\"Egresar\u00e1n 13 t\u00e9cnicos en Producci\u00f3n Agropecuaria de la Escuela Agrot\u00e9cnica de Isletas.\" alt=\"egresados 2013\" src=\"http:\/\/www.isletasnoticias.com.ar\/%77%70%2d%63%6f%6e%74%65%6e%74\/uploads\/2013\/12\/egresados-2013-300x225.jpg\" width=\"300\" height=\"225\" srcset=\"https:\/\/informelitoral.com.ar\/%77%70%2d%63%6f%6e%74%65%6e%74\/uploads\/2013\/12\/egresados-2013-300x225.jpg 300w, https:\/\/informelitoral.com.ar\/%77%70%2d%63%6f%6e%74%65%6e%74\/uploads\/2013\/12\/egresados-2013.jpg 960w\" sizes=\"auto, (max-width: 300px) 100vw, 300px\" \/><\/p>\n<p>Son 13 los j\u00f3venes de Isletas, Costa Grande y Doll, quienes finalizan sus estudios este a\u00f1o en la entidad educativa y se les otorgar\u00e1 el ya mencionado t\u00edtulo. Se trata de <b>Yanina Mariel Aguilar, <\/b><b>Agust\u00edn Gonzalo Bierig, Florencia Lujan Bolognesi, Georgina Guadalupe de Diego, Marisa Evangelina Eichmann, Walter Emannuel Ecihmann, N\u00e9stor Gabriel Moyano, Yohana Micaela Omarini, Diego<b>\u00a0Mart\u00edn Segale, Brenda Silvana Schwemmer, Y\u00e9sica Roc\u00edo Sosa, Guido Facundo Sosa\u00a0<\/b>y\u00a0<b>Joel Daian Viola.<\/b><\/b><\/p>\n<p>La Escuela Agrot\u00e9cnica, creada en 2003, otorgaba en sus inicios el t\u00edtulo Polimodal en Producci\u00f3n de Bienes y Servicios con Itinerario Frutihort\u00edcola, hasta que en 2012 se recibieron los primeros t\u00e9cnicos en Producci\u00f3n Agropecuaria.<\/p>\n<p><b>Programa<\/b><\/p>\n<p>En una nota enviada a <b><i>ISLETAS NOTICIAS<\/i><\/b>, y firmada por el rector de la entidad prof. <b>\u00c1ngel Jofr\u00e9<\/b> y el secretario <b>Diego Alva<\/b>, invitan a la comunidad isletense y de zonas aleda\u00f1as a participar del acto de colaci\u00f3n, el mi\u00e9rcoles 18 de diciembre a partir de las 21:00.<\/p>\n<p>Las actividades programadas son: recepci\u00f3n de autoridades, familiares de egresados y p\u00fablico en general. Entrada de egresados y banderas de ceremonias, cambio de abanderados, entonaci\u00f3n del himno nacional argentino, marcha de Entre R\u00edos, palabras de despedida a cargo de un alumno de 6to. a\u00f1o y despedida de un egresado.<\/p>\n<p>Posteriormente, ser\u00e1 el turno de las palabras de despedida de un docente, palabras del rector a cargo de la supervisora de Educaci\u00f3n Secundaria Zona IV, entrega de diplomas, retiro de las banderas de ceremonia, entrega de distinciones, premios, recuerdos, salida de los egresados y n\u00fameros art\u00edsticos.<\/p>\n<p><b>\u00a0<\/b><b>Los egresados 2012<\/b><\/p>\n<p style=\"text-align: left;\">El a\u00f1o pasado hab\u00eda egresado la primera promoci\u00f3n de t\u00e9cnicos en Producci\u00f3n Agropecuaria, lo que gener\u00f3 una importante repercusi\u00f3n en los medios de la zona. Ellos son: <b>Lucas Wolff, Joana Bruno, Melina Ferrari, Luisina Olivero, Melania De Diego, Ul\u00edses Sosa <\/b>y <b>Anal\u00eda Omarini<\/b>. Actualmente algunos contin\u00faan estudiando, mientras que otros optaron por trabajar.<\/p>\n","protected":false},"excerpt":{"rendered":"<p>Este a&ntilde;o se recibe la segunda promoci&oacute;n de t&eacute;cnicos en Producci&oacute;n Agropecuaria de la Escuela de Educaci&oacute;n Agrot&eacute;cnica N&deg; 153, Horacio Mann, de Isletas. El acto de colaci&oacute;n ser&aacute; el 18 de diciembre, a partir de las 21:00, en el&nbsp;establecimiento educativo. Son 13 los j&oacute;venes de Isletas, Costa Grande y Doll, quienes finalizan sus estudios [&hellip;]<\/p>\n","protected":false},"author":2,"featured_media":0,"comment_status":"open","ping_status":"open","sticky":false,"template":"","format":"standard","meta":{"fifu_image_url":"","fifu_image_alt":"","footnotes":""},"categories":[4],"tags":[],"class_list":{"0":"post-4561","1":"post","2":"type-post","3":"status-publish","4":"format-standard","6":"category-locales"},"yoast_head":"<title>Isletas: egresan 13 t\u00e9cnicos en Producci\u00f3n Agropecuaria - Informe Litoral<\/title>\n<meta name=\"robots\" content=\"index, follow, max-snippet:-1, max-image-preview:large, max-video-preview:-1\" \/>\n<link rel=\"canonical\" href=\"https:\/\/informelitoral.com.ar\/isletas-egresan-13-tecnicos-en-produccon-agropecuaria\/\" \/>\n<meta property=\"og:locale\" content=\"es_ES\" \/>\n<meta property=\"og:type\" content=\"article\" \/>\n<meta property=\"og:title\" content=\"Isletas: egresan 13 t\u00e9cnicos en Producci\u00f3n Agropecuaria - Informe Litoral\" \/>\n<meta property=\"og:description\" content=\"Este a&ntilde;o se recibe la segunda promoci&oacute;n de t&eacute;cnicos en Producci&oacute;n Agropecuaria de la Escuela de Educaci&oacute;n Agrot&eacute;cnica N&deg; 153, Horacio Mann, de Isletas. El acto de colaci&oacute;n ser&aacute; el 18 de diciembre, a partir de las 21:00, en el&nbsp;establecimiento educativo. Son 13 los j&oacute;venes de Isletas, Costa Grande y Doll, quienes finalizan sus estudios [&hellip;]\" \/>\n<meta property=\"og:url\" content=\"https:\/\/informelitoral.com.ar\/isletas-egresan-13-tecnicos-en-produccon-agropecuaria\/\" \/>\n<meta property=\"og:site_name\" content=\"Informe Litoral\" \/>\n<meta property=\"article:publisher\" content=\"https:\/\/www.facebook.com\/informelitoral\/\" \/>\n<meta property=\"article:published_time\" content=\"2013-12-05T03:00:01+00:00\" \/>\n<meta property=\"article:modified_time\" content=\"2013-12-05T03:03:43+00:00\" \/>\n<meta property=\"og:image\" content=\"https:\/\/informelitoral.com.ar\/%77%70%2d%63%6f%6e%74%65%6e%74\/uploads\/2013\/12\/egresados-2013.jpg\" \/>\n\t<meta property=\"og:image:width\" content=\"960\" \/>\n\t<meta property=\"og:image:height\" content=\"720\" \/>\n\t<meta property=\"og:image:type\" content=\"image\/jpeg\" \/>\n<meta name=\"author\" content=\"Gonzalo Schmidt\" \/>\n<meta name=\"twitter:card\" content=\"summary_large_image\" \/>\n<meta name=\"twitter:creator\" content=\"@InformeLitoral\" \/>\n<meta name=\"twitter:site\" content=\"@InformeLitoral\" \/>\n<meta name=\"twitter:label1\" content=\"Escrito por\" \/>\n\t<meta name=\"twitter:data1\" content=\"Gonzalo Schmidt\" \/>\n\t<meta name=\"twitter:label2\" content=\"Tiempo de lectura\" \/>\n\t<meta name=\"twitter:data2\" content=\"2 minutos\" \/>\n<script type=\"application\/ld+json\" class=\"yoast-schema-graph\">{\"@context\":\"https:\\\/\\\/schema.org\",\"@graph\":[{\"@type\":\"Article\",\"@id\":\"https:\\\/\\\/informelitoral.com.ar\\\/isletas-egresan-13-tecnicos-en-produccon-agropecuaria\\\/#article\",\"isPartOf\":{\"@id\":\"https:\\\/\\\/informelitoral.com.ar\\\/isletas-egresan-13-tecnicos-en-produccon-agropecuaria\\\/\"},\"author\":{\"name\":\"Gonzalo Schmidt\",\"@id\":\"https:\\\/\\\/informelitoral.com.ar\\\/#\\\/schema\\\/person\\\/b9d00407c836482871ef1d57bf8e3180\"},\"headline\":\"Isletas: egresan 13 t\u00e9cnicos en Producci\u00f3n Agropecuaria\",\"datePublished\":\"2013-12-05T03:00:01+00:00\",\"dateModified\":\"2013-12-05T03:03:43+00:00\",\"mainEntityOfPage\":{\"@id\":\"https:\\\/\\\/informelitoral.com.ar\\\/isletas-egresan-13-tecnicos-en-produccon-agropecuaria\\\/\"},\"wordCount\":388,\"commentCount\":0,\"publisher\":{\"@id\":\"https:\\\/\\\/informelitoral.com.ar\\\/#organization\"},\"image\":{\"@id\":\"https:\\\/\\\/informelitoral.com.ar\\\/isletas-egresan-13-tecnicos-en-produccon-agropecuaria\\\/#primaryimage\"},\"thumbnailUrl\":\"http:\\\/\\\/www.isletasnoticias.com.ar\\\/%77%70%2d%63%6f%6e%74%65%6e%74\\\/uploads\\\/2013\\\/12\\\/egresados-2013-300x225.jpg\",\"articleSection\":[\"Isletas\"],\"inLanguage\":\"es\",\"potentialAction\":[{\"@type\":\"CommentAction\",\"name\":\"Comment\",\"target\":[\"https:\\\/\\\/informelitoral.com.ar\\\/isletas-egresan-13-tecnicos-en-produccon-agropecuaria\\\/#respond\"]}]},{\"@type\":\"WebPage\",\"@id\":\"https:\\\/\\\/informelitoral.com.ar\\\/isletas-egresan-13-tecnicos-en-produccon-agropecuaria\\\/\",\"url\":\"https:\\\/\\\/informelitoral.com.ar\\\/isletas-egresan-13-tecnicos-en-produccon-agropecuaria\\\/\",\"name\":\"Isletas: egresan 13 t\u00e9cnicos en Producci\u00f3n Agropecuaria - Informe Litoral\",\"isPartOf\":{\"@id\":\"https:\\\/\\\/informelitoral.com.ar\\\/#website\"},\"primaryImageOfPage\":{\"@id\":\"https:\\\/\\\/informelitoral.com.ar\\\/isletas-egresan-13-tecnicos-en-produccon-agropecuaria\\\/#primaryimage\"},\"image\":{\"@id\":\"https:\\\/\\\/informelitoral.com.ar\\\/isletas-egresan-13-tecnicos-en-produccon-agropecuaria\\\/#primaryimage\"},\"thumbnailUrl\":\"http:\\\/\\\/www.isletasnoticias.com.ar\\\/%77%70%2d%63%6f%6e%74%65%6e%74\\\/uploads\\\/2013\\\/12\\\/egresados-2013-300x225.jpg\",\"datePublished\":\"2013-12-05T03:00:01+00:00\",\"dateModified\":\"2013-12-05T03:03:43+00:00\",\"breadcrumb\":{\"@id\":\"https:\\\/\\\/informelitoral.com.ar\\\/isletas-egresan-13-tecnicos-en-produccon-agropecuaria\\\/#breadcrumb\"},\"inLanguage\":\"es\",\"potentialAction\":[{\"@type\":\"ReadAction\",\"target\":[\"https:\\\/\\\/informelitoral.com.ar\\\/isletas-egresan-13-tecnicos-en-produccon-agropecuaria\\\/\"]}]},{\"@type\":\"ImageObject\",\"inLanguage\":\"es\",\"@id\":\"https:\\\/\\\/informelitoral.com.ar\\\/isletas-egresan-13-tecnicos-en-produccon-agropecuaria\\\/#primaryimage\",\"url\":\"http:\\\/\\\/www.isletasnoticias.com.ar\\\/%77%70%2d%63%6f%6e%74%65%6e%74\\\/uploads\\\/2013\\\/12\\\/egresados-2013-300x225.jpg\",\"contentUrl\":\"http:\\\/\\\/www.isletasnoticias.com.ar\\\/%77%70%2d%63%6f%6e%74%65%6e%74\\\/uploads\\\/2013\\\/12\\\/egresados-2013-300x225.jpg\"},{\"@type\":\"BreadcrumbList\",\"@id\":\"https:\\\/\\\/informelitoral.com.ar\\\/isletas-egresan-13-tecnicos-en-produccon-agropecuaria\\\/#breadcrumb\",\"itemListElement\":[{\"@type\":\"ListItem\",\"position\":1,\"name\":\"Portada\",\"item\":\"https:\\\/\\\/informelitoral.com.ar\\\/\"},{\"@type\":\"ListItem\",\"position\":2,\"name\":\"Isletas: egresan 13 t\u00e9cnicos en Producci\u00f3n Agropecuaria\"}]},{\"@type\":\"WebSite\",\"@id\":\"https:\\\/\\\/informelitoral.com.ar\\\/#website\",\"url\":\"https:\\\/\\\/informelitoral.com.ar\\\/\",\"name\":\"Informe Litoral\",\"description\":\"&quot;Nos informamos&quot; \",\"publisher\":{\"@id\":\"https:\\\/\\\/informelitoral.com.ar\\\/#organization\"},\"potentialAction\":[{\"@type\":\"SearchAction\",\"target\":{\"@type\":\"EntryPoint\",\"urlTemplate\":\"https:\\\/\\\/informelitoral.com.ar\\\/?s={search_term_string}\"},\"query-input\":{\"@type\":\"PropertyValueSpecification\",\"valueRequired\":true,\"valueName\":\"search_term_string\"}}],\"inLanguage\":\"es\"},{\"@type\":\"Organization\",\"@id\":\"https:\\\/\\\/informelitoral.com.ar\\\/#organization\",\"name\":\"Informe Litoral\",\"url\":\"https:\\\/\\\/informelitoral.com.ar\\\/\",\"logo\":{\"@type\":\"ImageObject\",\"inLanguage\":\"es\",\"@id\":\"https:\\\/\\\/informelitoral.com.ar\\\/#\\\/schema\\\/logo\\\/image\\\/\",\"url\":\"https:\\\/\\\/informelitoral.com.ar\\\/%77%70%2d%63%6f%6e%74%65%6e%74\\\/uploads\\\/2021\\\/01\\\/circulo.png\",\"contentUrl\":\"https:\\\/\\\/informelitoral.com.ar\\\/%77%70%2d%63%6f%6e%74%65%6e%74\\\/uploads\\\/2021\\\/01\\\/circulo.png\",\"width\":723,\"height\":731,\"caption\":\"Informe Litoral\"},\"image\":{\"@id\":\"https:\\\/\\\/informelitoral.com.ar\\\/#\\\/schema\\\/logo\\\/image\\\/\"},\"sameAs\":[\"https:\\\/\\\/www.facebook.com\\\/informelitoral\\\/\",\"https:\\\/\\\/x.com\\\/InformeLitoral\",\"https:\\\/\\\/www.instagram.com\\\/informelitoral\\\/\",\"https:\\\/\\\/www.youtube.com\\\/channel\\\/UCua4Qvz8Icb6MYqhoq9xLXw\"]},{\"@type\":\"Person\",\"@id\":\"https:\\\/\\\/informelitoral.com.ar\\\/#\\\/schema\\\/person\\\/b9d00407c836482871ef1d57bf8e3180\",\"name\":\"Gonzalo Schmidt\",\"image\":{\"@type\":\"ImageObject\",\"inLanguage\":\"es\",\"@id\":\"https:\\\/\\\/secure.gravatar.com\\\/avatar\\\/31a1a7b66ff2de83bd0e9fd79d026630d2d99e55e8bfe501287647b4fd9743de?s=96&d=mm&r=g\",\"url\":\"https:\\\/\\\/secure.gravatar.com\\\/avatar\\\/31a1a7b66ff2de83bd0e9fd79d026630d2d99e55e8bfe501287647b4fd9743de?s=96&d=mm&r=g\",\"contentUrl\":\"https:\\\/\\\/secure.gravatar.com\\\/avatar\\\/31a1a7b66ff2de83bd0e9fd79d026630d2d99e55e8bfe501287647b4fd9743de?s=96&d=mm&r=g\",\"caption\":\"Gonzalo Schmidt\"},\"description\":\"Sitio web de noticias de la provincia de Entre R\u00edos, Argentina. Informaci\u00f3n y entretenimiento. Informe Litoral, nos informamos.\",\"sameAs\":[\"http:\\\/\\\/www.isletasnoticias.com.ar\"],\"url\":\"https:\\\/\\\/informelitoral.com.ar\\\/author\\\/gonzalo\\\/\"}]}<\/script>","yoast_head_json":{"title":"Isletas: egresan 13 t\u00e9cnicos en Producci\u00f3n Agropecuaria - Informe Litoral","robots":{"index":"index","follow":"follow","max-snippet":"max-snippet:-1","max-image-preview":"max-image-preview:large","max-video-preview":"max-video-preview:-1"},"canonical":"https:\/\/informelitoral.com.ar\/isletas-egresan-13-tecnicos-en-produccon-agropecuaria\/","og_locale":"es_ES","og_type":"article","og_title":"Isletas: egresan 13 t\u00e9cnicos en Producci\u00f3n Agropecuaria - Informe Litoral","og_description":"Este a&ntilde;o se recibe la segunda promoci&oacute;n de t&eacute;cnicos en Producci&oacute;n Agropecuaria de la Escuela de Educaci&oacute;n Agrot&eacute;cnica N&deg; 153, Horacio Mann, de Isletas. El acto de colaci&oacute;n ser&aacute; el 18 de diciembre, a partir de las 21:00, en el&nbsp;establecimiento educativo. Son 13 los j&oacute;venes de Isletas, Costa Grande y Doll, quienes finalizan sus estudios [&hellip;]","og_url":"https:\/\/informelitoral.com.ar\/isletas-egresan-13-tecnicos-en-produccon-agropecuaria\/","og_site_name":"Informe Litoral","article_publisher":"https:\/\/www.facebook.com\/informelitoral\/","article_published_time":"2013-12-05T03:00:01+00:00","article_modified_time":"2013-12-05T03:03:43+00:00","og_image":[{"width":960,"height":720,"url":"https:\/\/informelitoral.com.ar\/%77%70%2d%63%6f%6e%74%65%6e%74\/uploads\/2013\/12\/egresados-2013.jpg","type":"image\/jpeg"}],"author":"Gonzalo Schmidt","twitter_card":"summary_large_image","twitter_creator":"@InformeLitoral","twitter_site":"@InformeLitoral","twitter_misc":{"Escrito por":"Gonzalo Schmidt","Tiempo de lectura":"2 minutos"},"schema":{"@context":"https:\/\/schema.org","@graph":[{"@type":"Article","@id":"https:\/\/informelitoral.com.ar\/isletas-egresan-13-tecnicos-en-produccon-agropecuaria\/#article","isPartOf":{"@id":"https:\/\/informelitoral.com.ar\/isletas-egresan-13-tecnicos-en-produccon-agropecuaria\/"},"author":{"name":"Gonzalo Schmidt","@id":"https:\/\/informelitoral.com.ar\/#\/schema\/person\/b9d00407c836482871ef1d57bf8e3180"},"headline":"Isletas: egresan 13 t\u00e9cnicos en Producci\u00f3n Agropecuaria","datePublished":"2013-12-05T03:00:01+00:00","dateModified":"2013-12-05T03:03:43+00:00","mainEntityOfPage":{"@id":"https:\/\/informelitoral.com.ar\/isletas-egresan-13-tecnicos-en-produccon-agropecuaria\/"},"wordCount":388,"commentCount":0,"publisher":{"@id":"https:\/\/informelitoral.com.ar\/#organization"},"image":{"@id":"https:\/\/informelitoral.com.ar\/isletas-egresan-13-tecnicos-en-produccon-agropecuaria\/#primaryimage"},"thumbnailUrl":"http:\/\/www.isletasnoticias.com.ar\/%77%70%2d%63%6f%6e%74%65%6e%74\/uploads\/2013\/12\/egresados-2013-300x225.jpg","articleSection":["Isletas"],"inLanguage":"es","potentialAction":[{"@type":"CommentAction","name":"Comment","target":["https:\/\/informelitoral.com.ar\/isletas-egresan-13-tecnicos-en-produccon-agropecuaria\/#respond"]}]},{"@type":"WebPage","@id":"https:\/\/informelitoral.com.ar\/isletas-egresan-13-tecnicos-en-produccon-agropecuaria\/","url":"https:\/\/informelitoral.com.ar\/isletas-egresan-13-tecnicos-en-produccon-agropecuaria\/","name":"Isletas: egresan 13 t\u00e9cnicos en Producci\u00f3n Agropecuaria - Informe Litoral","isPartOf":{"@id":"https:\/\/informelitoral.com.ar\/#website"},"primaryImageOfPage":{"@id":"https:\/\/informelitoral.com.ar\/isletas-egresan-13-tecnicos-en-produccon-agropecuaria\/#primaryimage"},"image":{"@id":"https:\/\/informelitoral.com.ar\/isletas-egresan-13-tecnicos-en-produccon-agropecuaria\/#primaryimage"},"thumbnailUrl":"http:\/\/www.isletasnoticias.com.ar\/%77%70%2d%63%6f%6e%74%65%6e%74\/uploads\/2013\/12\/egresados-2013-300x225.jpg","datePublished":"2013-12-05T03:00:01+00:00","dateModified":"2013-12-05T03:03:43+00:00","breadcrumb":{"@id":"https:\/\/informelitoral.com.ar\/isletas-egresan-13-tecnicos-en-produccon-agropecuaria\/#breadcrumb"},"inLanguage":"es","potentialAction":[{"@type":"ReadAction","target":["https:\/\/informelitoral.com.ar\/isletas-egresan-13-tecnicos-en-produccon-agropecuaria\/"]}]},{"@type":"ImageObject","inLanguage":"es","@id":"https:\/\/informelitoral.com.ar\/isletas-egresan-13-tecnicos-en-produccon-agropecuaria\/#primaryimage","url":"http:\/\/www.isletasnoticias.com.ar\/%77%70%2d%63%6f%6e%74%65%6e%74\/uploads\/2013\/12\/egresados-2013-300x225.jpg","contentUrl":"http:\/\/www.isletasnoticias.com.ar\/%77%70%2d%63%6f%6e%74%65%6e%74\/uploads\/2013\/12\/egresados-2013-300x225.jpg"},{"@type":"BreadcrumbList","@id":"https:\/\/informelitoral.com.ar\/isletas-egresan-13-tecnicos-en-produccon-agropecuaria\/#breadcrumb","itemListElement":[{"@type":"ListItem","position":1,"name":"Portada","item":"https:\/\/informelitoral.com.ar\/"},{"@type":"ListItem","position":2,"name":"Isletas: egresan 13 t\u00e9cnicos en Producci\u00f3n Agropecuaria"}]},{"@type":"WebSite","@id":"https:\/\/informelitoral.com.ar\/#website","url":"https:\/\/informelitoral.com.ar\/","name":"Informe Litoral","description":"&quot;Nos informamos&quot; ","publisher":{"@id":"https:\/\/informelitoral.com.ar\/#organization"},"potentialAction":[{"@type":"SearchAction","target":{"@type":"EntryPoint","urlTemplate":"https:\/\/informelitoral.com.ar\/?s={search_term_string}"},"query-input":{"@type":"PropertyValueSpecification","valueRequired":true,"valueName":"search_term_string"}}],"inLanguage":"es"},{"@type":"Organization","@id":"https:\/\/informelitoral.com.ar\/#organization","name":"Informe Litoral","url":"https:\/\/informelitoral.com.ar\/","logo":{"@type":"ImageObject","inLanguage":"es","@id":"https:\/\/informelitoral.com.ar\/#\/schema\/logo\/image\/","url":"https:\/\/informelitoral.com.ar\/%77%70%2d%63%6f%6e%74%65%6e%74\/uploads\/2021\/01\/circulo.png","contentUrl":"https:\/\/informelitoral.com.ar\/%77%70%2d%63%6f%6e%74%65%6e%74\/uploads\/2021\/01\/circulo.png","width":723,"height":731,"caption":"Informe Litoral"},"image":{"@id":"https:\/\/informelitoral.com.ar\/#\/schema\/logo\/image\/"},"sameAs":["https:\/\/www.facebook.com\/informelitoral\/","https:\/\/x.com\/InformeLitoral","https:\/\/www.instagram.com\/informelitoral\/","https:\/\/www.youtube.com\/channel\/UCua4Qvz8Icb6MYqhoq9xLXw"]},{"@type":"Person","@id":"https:\/\/informelitoral.com.ar\/#\/schema\/person\/b9d00407c836482871ef1d57bf8e3180","name":"Gonzalo Schmidt","image":{"@type":"ImageObject","inLanguage":"es","@id":"https:\/\/secure.gravatar.com\/avatar\/31a1a7b66ff2de83bd0e9fd79d026630d2d99e55e8bfe501287647b4fd9743de?s=96&d=mm&r=g","url":"https:\/\/secure.gravatar.com\/avatar\/31a1a7b66ff2de83bd0e9fd79d026630d2d99e55e8bfe501287647b4fd9743de?s=96&d=mm&r=g","contentUrl":"https:\/\/secure.gravatar.com\/avatar\/31a1a7b66ff2de83bd0e9fd79d026630d2d99e55e8bfe501287647b4fd9743de?s=96&d=mm&r=g","caption":"Gonzalo Schmidt"},"description":"Sitio web de noticias de la provincia de Entre R\u00edos, Argentina. Informaci\u00f3n y entretenimiento. Informe Litoral, nos informamos.","sameAs":["http:\/\/www.isletasnoticias.com.ar"],"url":"https:\/\/informelitoral.com.ar\/author\/gonzalo\/"}]}},"_links":{"self":[{"href":"https:\/\/informelitoral.com.ar\/%77%70%2d%6a%73%6f%6e\/wp\/v2\/posts\/4561","targetHints":{"allow":["GET"]}}],"collection":[{"href":"https:\/\/informelitoral.com.ar\/%77%70%2d%6a%73%6f%6e\/wp\/v2\/posts"}],"about":[{"href":"https:\/\/informelitoral.com.ar\/%77%70%2d%6a%73%6f%6e\/wp\/v2\/types\/post"}],"author":[{"embeddable":true,"href":"https:\/\/informelitoral.com.ar\/%77%70%2d%6a%73%6f%6e\/wp\/v2\/users\/2"}],"replies":[{"embeddable":true,"href":"https:\/\/informelitoral.com.ar\/%77%70%2d%6a%73%6f%6e\/wp\/v2\/comments?post=4561"}],"version-history":[{"count":0,"href":"https:\/\/informelitoral.com.ar\/%77%70%2d%6a%73%6f%6e\/wp\/v2\/posts\/4561\/revisions"}],"wp:attachment":[{"href":"https:\/\/informelitoral.com.ar\/%77%70%2d%6a%73%6f%6e\/wp\/v2\/media?parent=4561"}],"wp:term":[{"taxonomy":"category","embeddable":true,"href":"https:\/\/informelitoral.com.ar\/%77%70%2d%6a%73%6f%6e\/wp\/v2\/categories?post=4561"},{"taxonomy":"post_tag","embeddable":true,"href":"https:\/\/informelitoral.com.ar\/%77%70%2d%6a%73%6f%6e\/wp\/v2\/tags?post=4561"}],"curies":[{"name":"wp","href":"https:\/\/api.w.org\/{rel}","templated":true}]}}