{"id":45603,"date":"2020-07-13T15:49:01","date_gmt":"2020-07-13T18:49:01","guid":{"rendered":"https:\/\/www.isletasnoticias.com.ar\/?p=45603"},"modified":"2020-07-13T15:55:03","modified_gmt":"2020-07-13T18:55:03","slug":"general-ramirez-un-joven-borracho-choco-agredio-a-la-policia-y-fue-trasladado-a-diamante","status":"publish","type":"post","link":"https:\/\/informelitoral.com.ar\/general-ramirez-un-joven-borracho-choco-agredio-a-la-policia-y-fue-trasladado-a-diamante\/","title":{"rendered":"General Ram\u00edrez: un joven borracho choc\u00f3, agredi\u00f3 a la Polic\u00eda y fue trasladado a Diamante"},"content":{"rendered":"<p>En <strong>General Ram\u00edrez<\/strong>, el domingo alrededor de las 00.30, <strong>un joven choc\u00f3 un cord\u00f3n cuneta de Avenida San Mart\u00edn con un Fiat 147.<\/strong><\/p>\n<p>Seg\u00fan informaron desde <strong>Comisar\u00eda Ram\u00edrez<\/strong> a<em><strong> IN<\/strong><\/em>, previamente hab\u00eda sido observado mientras <strong>circulaba a alta velocidad por la ciudad.<\/strong><\/p>\n<p>Al identificar a los ocupantes del auto, los uniformados constataron que <strong>ten\u00edan aliento alcoh\u00f3lico,<\/strong> por lo que se procedi\u00f3 junto a personal de Tr\u00e1nsito Municipal a efectuar el<strong> test de alcoholemia al conductor, el cual arroj\u00f3 resultado positivo, \u00abcon un elevado grado\u00bb.<\/strong><\/p>\n<p>Adem\u00e1s, el veh\u00edculo <strong>no pose\u00eda la documentaci\u00f3n requerida de rigor<\/strong>, motivo por el cual el rodado fue retenido y resguardado en la dependencia policial.<\/p>\n<p>El conductor -quien se encontraba<strong> agresivo para con el personal interviniente<\/strong> pese al pedido de cese de su accionar-, <strong>termin\u00f3 detenido y se le efectu\u00f3 un expediente contravencional -Ley 3815, art\u00edculos 41 y 43- (ebriedad y desorden)<\/strong> de la citada norma, ya que fue corroborado adem\u00e1s su estado de ebriedad por el medico policial.<\/p>\n<p>Al sujeto como a sus acompa\u00f1antes se los notifico del Decreto 297\/2020 y <strong>se lo traslad\u00f3 la Jefatura de Polic\u00eda de la ciudad de Diamante<\/strong>, supo este sitio.<\/p>\n","protected":false},"excerpt":{"rendered":"<p>Sucedi\u00f3 en las primeras horas del domingo. Los dem\u00e1s ocupantes del auto fueron notificados sobre la vigencia del aislamiento preventivo por el coronavirus. <\/p>\n","protected":false},"author":2,"featured_media":7390,"comment_status":"open","ping_status":"open","sticky":false,"template":"","format":"standard","meta":{"fifu_image_url":"","fifu_image_alt":"","footnotes":""},"categories":[14],"tags":[93,358,556,27],"class_list":{"0":"post-45603","1":"post","2":"type-post","3":"status-publish","4":"format-standard","5":"has-post-thumbnail","7":"category-policiales","8":"tag-comisaria","9":"tag-comisaria-ramirez","10":"tag-general-ramirez","11":"tag-ramirez"},"yoast_head":"<title>General Ram\u00edrez: un joven borracho choc\u00f3, agredi\u00f3 a la Polic\u00eda y fue trasladado a Diamante - Informe Litoral<\/title>\n<meta name=\"robots\" content=\"index, follow, max-snippet:-1, max-image-preview:large, max-video-preview:-1\" \/>\n<link rel=\"canonical\" href=\"https:\/\/informelitoral.com.ar\/general-ramirez-un-joven-borracho-choco-agredio-a-la-policia-y-fue-trasladado-a-diamante\/\" \/>\n<meta property=\"og:locale\" content=\"es_ES\" \/>\n<meta property=\"og:type\" content=\"article\" \/>\n<meta property=\"og:title\" content=\"General Ram\u00edrez: un joven borracho choc\u00f3, agredi\u00f3 a la Polic\u00eda y fue trasladado a Diamante - Informe Litoral\" \/>\n<meta property=\"og:description\" content=\"Sucedi\u00f3 en las primeras horas del domingo. Los dem\u00e1s ocupantes del auto fueron notificados sobre la vigencia del aislamiento preventivo por el coronavirus.\" \/>\n<meta property=\"og:url\" content=\"https:\/\/informelitoral.com.ar\/general-ramirez-un-joven-borracho-choco-agredio-a-la-policia-y-fue-trasladado-a-diamante\/\" \/>\n<meta property=\"og:site_name\" content=\"Informe Litoral\" \/>\n<meta property=\"article:publisher\" content=\"https:\/\/www.facebook.com\/informelitoral\/\" \/>\n<meta property=\"article:published_time\" content=\"2020-07-13T18:49:01+00:00\" \/>\n<meta property=\"article:modified_time\" content=\"2020-07-13T18:55:03+00:00\" \/>\n<meta property=\"og:image\" content=\"https:\/\/informelitoral.com.ar\/%77%70%2d%63%6f%6e%74%65%6e%74\/uploads\/2014\/07\/comisaria.jpg\" \/>\n\t<meta property=\"og:image:width\" content=\"1600\" \/>\n\t<meta property=\"og:image:height\" content=\"1200\" \/>\n\t<meta property=\"og:image:type\" content=\"image\/jpeg\" \/>\n<meta name=\"author\" content=\"Gonzalo Schmidt\" \/>\n<meta name=\"twitter:card\" content=\"summary_large_image\" \/>\n<meta name=\"twitter:creator\" content=\"@InformeLitoral\" \/>\n<meta name=\"twitter:site\" content=\"@InformeLitoral\" \/>\n<meta name=\"twitter:label1\" content=\"Escrito por\" \/>\n\t<meta name=\"twitter:data1\" content=\"Gonzalo Schmidt\" \/>\n\t<meta name=\"twitter:label2\" content=\"Tiempo de lectura\" \/>\n\t<meta name=\"twitter:data2\" content=\"1 minuto\" \/>\n<script type=\"application\/ld+json\" class=\"yoast-schema-graph\">{\"@context\":\"https:\\\/\\\/schema.org\",\"@graph\":[{\"@type\":\"Article\",\"@id\":\"https:\\\/\\\/informelitoral.com.ar\\\/general-ramirez-un-joven-borracho-choco-agredio-a-la-policia-y-fue-trasladado-a-diamante\\\/#article\",\"isPartOf\":{\"@id\":\"https:\\\/\\\/informelitoral.com.ar\\\/general-ramirez-un-joven-borracho-choco-agredio-a-la-policia-y-fue-trasladado-a-diamante\\\/\"},\"author\":{\"name\":\"Gonzalo Schmidt\",\"@id\":\"https:\\\/\\\/informelitoral.com.ar\\\/#\\\/schema\\\/person\\\/b9d00407c836482871ef1d57bf8e3180\"},\"headline\":\"General Ram\u00edrez: un joven borracho choc\u00f3, agredi\u00f3 a la Polic\u00eda y fue trasladado a Diamante\",\"datePublished\":\"2020-07-13T18:49:01+00:00\",\"dateModified\":\"2020-07-13T18:55:03+00:00\",\"mainEntityOfPage\":{\"@id\":\"https:\\\/\\\/informelitoral.com.ar\\\/general-ramirez-un-joven-borracho-choco-agredio-a-la-policia-y-fue-trasladado-a-diamante\\\/\"},\"wordCount\":220,\"commentCount\":0,\"publisher\":{\"@id\":\"https:\\\/\\\/informelitoral.com.ar\\\/#organization\"},\"image\":{\"@id\":\"https:\\\/\\\/informelitoral.com.ar\\\/general-ramirez-un-joven-borracho-choco-agredio-a-la-policia-y-fue-trasladado-a-diamante\\\/#primaryimage\"},\"thumbnailUrl\":\"https:\\\/\\\/informelitoral.com.ar\\\/%77%70%2d%63%6f%6e%74%65%6e%74\\\/uploads\\\/2014\\\/07\\\/comisaria.jpg\",\"keywords\":[\"Comisar\u00eda\",\"Comisar\u00eda Ram\u00edrez\",\"General Ram\u00edrez\",\"Ram\u00edrez\"],\"articleSection\":[\"Policiales\"],\"inLanguage\":\"es\",\"potentialAction\":[{\"@type\":\"CommentAction\",\"name\":\"Comment\",\"target\":[\"https:\\\/\\\/informelitoral.com.ar\\\/general-ramirez-un-joven-borracho-choco-agredio-a-la-policia-y-fue-trasladado-a-diamante\\\/#respond\"]}]},{\"@type\":\"WebPage\",\"@id\":\"https:\\\/\\\/informelitoral.com.ar\\\/general-ramirez-un-joven-borracho-choco-agredio-a-la-policia-y-fue-trasladado-a-diamante\\\/\",\"url\":\"https:\\\/\\\/informelitoral.com.ar\\\/general-ramirez-un-joven-borracho-choco-agredio-a-la-policia-y-fue-trasladado-a-diamante\\\/\",\"name\":\"General Ram\u00edrez: un joven borracho choc\u00f3, agredi\u00f3 a la Polic\u00eda y fue trasladado a Diamante - Informe Litoral\",\"isPartOf\":{\"@id\":\"https:\\\/\\\/informelitoral.com.ar\\\/#website\"},\"primaryImageOfPage\":{\"@id\":\"https:\\\/\\\/informelitoral.com.ar\\\/general-ramirez-un-joven-borracho-choco-agredio-a-la-policia-y-fue-trasladado-a-diamante\\\/#primaryimage\"},\"image\":{\"@id\":\"https:\\\/\\\/informelitoral.com.ar\\\/general-ramirez-un-joven-borracho-choco-agredio-a-la-policia-y-fue-trasladado-a-diamante\\\/#primaryimage\"},\"thumbnailUrl\":\"https:\\\/\\\/informelitoral.com.ar\\\/%77%70%2d%63%6f%6e%74%65%6e%74\\\/uploads\\\/2014\\\/07\\\/comisaria.jpg\",\"datePublished\":\"2020-07-13T18:49:01+00:00\",\"dateModified\":\"2020-07-13T18:55:03+00:00\",\"breadcrumb\":{\"@id\":\"https:\\\/\\\/informelitoral.com.ar\\\/general-ramirez-un-joven-borracho-choco-agredio-a-la-policia-y-fue-trasladado-a-diamante\\\/#breadcrumb\"},\"inLanguage\":\"es\",\"potentialAction\":[{\"@type\":\"ReadAction\",\"target\":[\"https:\\\/\\\/informelitoral.com.ar\\\/general-ramirez-un-joven-borracho-choco-agredio-a-la-policia-y-fue-trasladado-a-diamante\\\/\"]}]},{\"@type\":\"ImageObject\",\"inLanguage\":\"es\",\"@id\":\"https:\\\/\\\/informelitoral.com.ar\\\/general-ramirez-un-joven-borracho-choco-agredio-a-la-policia-y-fue-trasladado-a-diamante\\\/#primaryimage\",\"url\":\"https:\\\/\\\/informelitoral.com.ar\\\/%77%70%2d%63%6f%6e%74%65%6e%74\\\/uploads\\\/2014\\\/07\\\/comisaria.jpg\",\"contentUrl\":\"https:\\\/\\\/informelitoral.com.ar\\\/%77%70%2d%63%6f%6e%74%65%6e%74\\\/uploads\\\/2014\\\/07\\\/comisaria.jpg\",\"width\":1600,\"height\":1200},{\"@type\":\"BreadcrumbList\",\"@id\":\"https:\\\/\\\/informelitoral.com.ar\\\/general-ramirez-un-joven-borracho-choco-agredio-a-la-policia-y-fue-trasladado-a-diamante\\\/#breadcrumb\",\"itemListElement\":[{\"@type\":\"ListItem\",\"position\":1,\"name\":\"Portada\",\"item\":\"https:\\\/\\\/informelitoral.com.ar\\\/\"},{\"@type\":\"ListItem\",\"position\":2,\"name\":\"General Ram\u00edrez: un joven borracho choc\u00f3, agredi\u00f3 a la Polic\u00eda y fue trasladado a Diamante\"}]},{\"@type\":\"WebSite\",\"@id\":\"https:\\\/\\\/informelitoral.com.ar\\\/#website\",\"url\":\"https:\\\/\\\/informelitoral.com.ar\\\/\",\"name\":\"Informe Litoral\",\"description\":\"&quot;Nos informamos&quot; \",\"publisher\":{\"@id\":\"https:\\\/\\\/informelitoral.com.ar\\\/#organization\"},\"potentialAction\":[{\"@type\":\"SearchAction\",\"target\":{\"@type\":\"EntryPoint\",\"urlTemplate\":\"https:\\\/\\\/informelitoral.com.ar\\\/?s={search_term_string}\"},\"query-input\":{\"@type\":\"PropertyValueSpecification\",\"valueRequired\":true,\"valueName\":\"search_term_string\"}}],\"inLanguage\":\"es\"},{\"@type\":\"Organization\",\"@id\":\"https:\\\/\\\/informelitoral.com.ar\\\/#organization\",\"name\":\"Informe Litoral\",\"url\":\"https:\\\/\\\/informelitoral.com.ar\\\/\",\"logo\":{\"@type\":\"ImageObject\",\"inLanguage\":\"es\",\"@id\":\"https:\\\/\\\/informelitoral.com.ar\\\/#\\\/schema\\\/logo\\\/image\\\/\",\"url\":\"https:\\\/\\\/informelitoral.com.ar\\\/%77%70%2d%63%6f%6e%74%65%6e%74\\\/uploads\\\/2021\\\/01\\\/circulo.png\",\"contentUrl\":\"https:\\\/\\\/informelitoral.com.ar\\\/%77%70%2d%63%6f%6e%74%65%6e%74\\\/uploads\\\/2021\\\/01\\\/circulo.png\",\"width\":723,\"height\":731,\"caption\":\"Informe Litoral\"},\"image\":{\"@id\":\"https:\\\/\\\/informelitoral.com.ar\\\/#\\\/schema\\\/logo\\\/image\\\/\"},\"sameAs\":[\"https:\\\/\\\/www.facebook.com\\\/informelitoral\\\/\",\"https:\\\/\\\/x.com\\\/InformeLitoral\",\"https:\\\/\\\/www.instagram.com\\\/informelitoral\\\/\",\"https:\\\/\\\/www.youtube.com\\\/channel\\\/UCua4Qvz8Icb6MYqhoq9xLXw\"]},{\"@type\":\"Person\",\"@id\":\"https:\\\/\\\/informelitoral.com.ar\\\/#\\\/schema\\\/person\\\/b9d00407c836482871ef1d57bf8e3180\",\"name\":\"Gonzalo Schmidt\",\"image\":{\"@type\":\"ImageObject\",\"inLanguage\":\"es\",\"@id\":\"https:\\\/\\\/secure.gravatar.com\\\/avatar\\\/31a1a7b66ff2de83bd0e9fd79d026630d2d99e55e8bfe501287647b4fd9743de?s=96&d=mm&r=g\",\"url\":\"https:\\\/\\\/secure.gravatar.com\\\/avatar\\\/31a1a7b66ff2de83bd0e9fd79d026630d2d99e55e8bfe501287647b4fd9743de?s=96&d=mm&r=g\",\"contentUrl\":\"https:\\\/\\\/secure.gravatar.com\\\/avatar\\\/31a1a7b66ff2de83bd0e9fd79d026630d2d99e55e8bfe501287647b4fd9743de?s=96&d=mm&r=g\",\"caption\":\"Gonzalo Schmidt\"},\"description\":\"Sitio web de noticias de la provincia de Entre R\u00edos, Argentina. Informaci\u00f3n y entretenimiento. Informe Litoral, nos informamos.\",\"sameAs\":[\"http:\\\/\\\/www.isletasnoticias.com.ar\"],\"url\":\"https:\\\/\\\/informelitoral.com.ar\\\/author\\\/gonzalo\\\/\"}]}<\/script>","yoast_head_json":{"title":"General Ram\u00edrez: un joven borracho choc\u00f3, agredi\u00f3 a la Polic\u00eda y fue trasladado a Diamante - Informe Litoral","robots":{"index":"index","follow":"follow","max-snippet":"max-snippet:-1","max-image-preview":"max-image-preview:large","max-video-preview":"max-video-preview:-1"},"canonical":"https:\/\/informelitoral.com.ar\/general-ramirez-un-joven-borracho-choco-agredio-a-la-policia-y-fue-trasladado-a-diamante\/","og_locale":"es_ES","og_type":"article","og_title":"General Ram\u00edrez: un joven borracho choc\u00f3, agredi\u00f3 a la Polic\u00eda y fue trasladado a Diamante - Informe Litoral","og_description":"Sucedi\u00f3 en las primeras horas del domingo. Los dem\u00e1s ocupantes del auto fueron notificados sobre la vigencia del aislamiento preventivo por el coronavirus.","og_url":"https:\/\/informelitoral.com.ar\/general-ramirez-un-joven-borracho-choco-agredio-a-la-policia-y-fue-trasladado-a-diamante\/","og_site_name":"Informe Litoral","article_publisher":"https:\/\/www.facebook.com\/informelitoral\/","article_published_time":"2020-07-13T18:49:01+00:00","article_modified_time":"2020-07-13T18:55:03+00:00","og_image":[{"width":1600,"height":1200,"url":"https:\/\/informelitoral.com.ar\/%77%70%2d%63%6f%6e%74%65%6e%74\/uploads\/2014\/07\/comisaria.jpg","type":"image\/jpeg"}],"author":"Gonzalo Schmidt","twitter_card":"summary_large_image","twitter_creator":"@InformeLitoral","twitter_site":"@InformeLitoral","twitter_misc":{"Escrito por":"Gonzalo Schmidt","Tiempo de lectura":"1 minuto"},"schema":{"@context":"https:\/\/schema.org","@graph":[{"@type":"Article","@id":"https:\/\/informelitoral.com.ar\/general-ramirez-un-joven-borracho-choco-agredio-a-la-policia-y-fue-trasladado-a-diamante\/#article","isPartOf":{"@id":"https:\/\/informelitoral.com.ar\/general-ramirez-un-joven-borracho-choco-agredio-a-la-policia-y-fue-trasladado-a-diamante\/"},"author":{"name":"Gonzalo Schmidt","@id":"https:\/\/informelitoral.com.ar\/#\/schema\/person\/b9d00407c836482871ef1d57bf8e3180"},"headline":"General Ram\u00edrez: un joven borracho choc\u00f3, agredi\u00f3 a la Polic\u00eda y fue trasladado a Diamante","datePublished":"2020-07-13T18:49:01+00:00","dateModified":"2020-07-13T18:55:03+00:00","mainEntityOfPage":{"@id":"https:\/\/informelitoral.com.ar\/general-ramirez-un-joven-borracho-choco-agredio-a-la-policia-y-fue-trasladado-a-diamante\/"},"wordCount":220,"commentCount":0,"publisher":{"@id":"https:\/\/informelitoral.com.ar\/#organization"},"image":{"@id":"https:\/\/informelitoral.com.ar\/general-ramirez-un-joven-borracho-choco-agredio-a-la-policia-y-fue-trasladado-a-diamante\/#primaryimage"},"thumbnailUrl":"https:\/\/informelitoral.com.ar\/%77%70%2d%63%6f%6e%74%65%6e%74\/uploads\/2014\/07\/comisaria.jpg","keywords":["Comisar\u00eda","Comisar\u00eda Ram\u00edrez","General Ram\u00edrez","Ram\u00edrez"],"articleSection":["Policiales"],"inLanguage":"es","potentialAction":[{"@type":"CommentAction","name":"Comment","target":["https:\/\/informelitoral.com.ar\/general-ramirez-un-joven-borracho-choco-agredio-a-la-policia-y-fue-trasladado-a-diamante\/#respond"]}]},{"@type":"WebPage","@id":"https:\/\/informelitoral.com.ar\/general-ramirez-un-joven-borracho-choco-agredio-a-la-policia-y-fue-trasladado-a-diamante\/","url":"https:\/\/informelitoral.com.ar\/general-ramirez-un-joven-borracho-choco-agredio-a-la-policia-y-fue-trasladado-a-diamante\/","name":"General Ram\u00edrez: un joven borracho choc\u00f3, agredi\u00f3 a la Polic\u00eda y fue trasladado a Diamante - Informe Litoral","isPartOf":{"@id":"https:\/\/informelitoral.com.ar\/#website"},"primaryImageOfPage":{"@id":"https:\/\/informelitoral.com.ar\/general-ramirez-un-joven-borracho-choco-agredio-a-la-policia-y-fue-trasladado-a-diamante\/#primaryimage"},"image":{"@id":"https:\/\/informelitoral.com.ar\/general-ramirez-un-joven-borracho-choco-agredio-a-la-policia-y-fue-trasladado-a-diamante\/#primaryimage"},"thumbnailUrl":"https:\/\/informelitoral.com.ar\/%77%70%2d%63%6f%6e%74%65%6e%74\/uploads\/2014\/07\/comisaria.jpg","datePublished":"2020-07-13T18:49:01+00:00","dateModified":"2020-07-13T18:55:03+00:00","breadcrumb":{"@id":"https:\/\/informelitoral.com.ar\/general-ramirez-un-joven-borracho-choco-agredio-a-la-policia-y-fue-trasladado-a-diamante\/#breadcrumb"},"inLanguage":"es","potentialAction":[{"@type":"ReadAction","target":["https:\/\/informelitoral.com.ar\/general-ramirez-un-joven-borracho-choco-agredio-a-la-policia-y-fue-trasladado-a-diamante\/"]}]},{"@type":"ImageObject","inLanguage":"es","@id":"https:\/\/informelitoral.com.ar\/general-ramirez-un-joven-borracho-choco-agredio-a-la-policia-y-fue-trasladado-a-diamante\/#primaryimage","url":"https:\/\/informelitoral.com.ar\/%77%70%2d%63%6f%6e%74%65%6e%74\/uploads\/2014\/07\/comisaria.jpg","contentUrl":"https:\/\/informelitoral.com.ar\/%77%70%2d%63%6f%6e%74%65%6e%74\/uploads\/2014\/07\/comisaria.jpg","width":1600,"height":1200},{"@type":"BreadcrumbList","@id":"https:\/\/informelitoral.com.ar\/general-ramirez-un-joven-borracho-choco-agredio-a-la-policia-y-fue-trasladado-a-diamante\/#breadcrumb","itemListElement":[{"@type":"ListItem","position":1,"name":"Portada","item":"https:\/\/informelitoral.com.ar\/"},{"@type":"ListItem","position":2,"name":"General Ram\u00edrez: un joven borracho choc\u00f3, agredi\u00f3 a la Polic\u00eda y fue trasladado a Diamante"}]},{"@type":"WebSite","@id":"https:\/\/informelitoral.com.ar\/#website","url":"https:\/\/informelitoral.com.ar\/","name":"Informe Litoral","description":"&quot;Nos informamos&quot; ","publisher":{"@id":"https:\/\/informelitoral.com.ar\/#organization"},"potentialAction":[{"@type":"SearchAction","target":{"@type":"EntryPoint","urlTemplate":"https:\/\/informelitoral.com.ar\/?s={search_term_string}"},"query-input":{"@type":"PropertyValueSpecification","valueRequired":true,"valueName":"search_term_string"}}],"inLanguage":"es"},{"@type":"Organization","@id":"https:\/\/informelitoral.com.ar\/#organization","name":"Informe Litoral","url":"https:\/\/informelitoral.com.ar\/","logo":{"@type":"ImageObject","inLanguage":"es","@id":"https:\/\/informelitoral.com.ar\/#\/schema\/logo\/image\/","url":"https:\/\/informelitoral.com.ar\/%77%70%2d%63%6f%6e%74%65%6e%74\/uploads\/2021\/01\/circulo.png","contentUrl":"https:\/\/informelitoral.com.ar\/%77%70%2d%63%6f%6e%74%65%6e%74\/uploads\/2021\/01\/circulo.png","width":723,"height":731,"caption":"Informe Litoral"},"image":{"@id":"https:\/\/informelitoral.com.ar\/#\/schema\/logo\/image\/"},"sameAs":["https:\/\/www.facebook.com\/informelitoral\/","https:\/\/x.com\/InformeLitoral","https:\/\/www.instagram.com\/informelitoral\/","https:\/\/www.youtube.com\/channel\/UCua4Qvz8Icb6MYqhoq9xLXw"]},{"@type":"Person","@id":"https:\/\/informelitoral.com.ar\/#\/schema\/person\/b9d00407c836482871ef1d57bf8e3180","name":"Gonzalo Schmidt","image":{"@type":"ImageObject","inLanguage":"es","@id":"https:\/\/secure.gravatar.com\/avatar\/31a1a7b66ff2de83bd0e9fd79d026630d2d99e55e8bfe501287647b4fd9743de?s=96&d=mm&r=g","url":"https:\/\/secure.gravatar.com\/avatar\/31a1a7b66ff2de83bd0e9fd79d026630d2d99e55e8bfe501287647b4fd9743de?s=96&d=mm&r=g","contentUrl":"https:\/\/secure.gravatar.com\/avatar\/31a1a7b66ff2de83bd0e9fd79d026630d2d99e55e8bfe501287647b4fd9743de?s=96&d=mm&r=g","caption":"Gonzalo Schmidt"},"description":"Sitio web de noticias de la provincia de Entre R\u00edos, Argentina. Informaci\u00f3n y entretenimiento. Informe Litoral, nos informamos.","sameAs":["http:\/\/www.isletasnoticias.com.ar"],"url":"https:\/\/informelitoral.com.ar\/author\/gonzalo\/"}]}},"_links":{"self":[{"href":"https:\/\/informelitoral.com.ar\/%77%70%2d%6a%73%6f%6e\/wp\/v2\/posts\/45603","targetHints":{"allow":["GET"]}}],"collection":[{"href":"https:\/\/informelitoral.com.ar\/%77%70%2d%6a%73%6f%6e\/wp\/v2\/posts"}],"about":[{"href":"https:\/\/informelitoral.com.ar\/%77%70%2d%6a%73%6f%6e\/wp\/v2\/types\/post"}],"author":[{"embeddable":true,"href":"https:\/\/informelitoral.com.ar\/%77%70%2d%6a%73%6f%6e\/wp\/v2\/users\/2"}],"replies":[{"embeddable":true,"href":"https:\/\/informelitoral.com.ar\/%77%70%2d%6a%73%6f%6e\/wp\/v2\/comments?post=45603"}],"version-history":[{"count":0,"href":"https:\/\/informelitoral.com.ar\/%77%70%2d%6a%73%6f%6e\/wp\/v2\/posts\/45603\/revisions"}],"wp:featuredmedia":[{"embeddable":true,"href":"https:\/\/informelitoral.com.ar\/%77%70%2d%6a%73%6f%6e\/wp\/v2\/media\/7390"}],"wp:attachment":[{"href":"https:\/\/informelitoral.com.ar\/%77%70%2d%6a%73%6f%6e\/wp\/v2\/media?parent=45603"}],"wp:term":[{"taxonomy":"category","embeddable":true,"href":"https:\/\/informelitoral.com.ar\/%77%70%2d%6a%73%6f%6e\/wp\/v2\/categories?post=45603"},{"taxonomy":"post_tag","embeddable":true,"href":"https:\/\/informelitoral.com.ar\/%77%70%2d%6a%73%6f%6e\/wp\/v2\/tags?post=45603"}],"curies":[{"name":"wp","href":"https:\/\/api.w.org\/{rel}","templated":true}]}}