{"id":45602,"date":"2020-07-13T15:44:57","date_gmt":"2020-07-13T18:44:57","guid":{"rendered":"https:\/\/www.isletasnoticias.com.ar\/?p=45602"},"modified":"2020-07-13T15:44:57","modified_gmt":"2020-07-13T18:44:57","slug":"los-comercios-del-amba-preparan-sus-protocolos-para-una-gradual-reapertura","status":"publish","type":"post","link":"https:\/\/informelitoral.com.ar\/los-comercios-del-amba-preparan-sus-protocolos-para-una-gradual-reapertura\/","title":{"rendered":"Los comercios del AMBA preparan sus protocolos para una gradual reapertura"},"content":{"rendered":"<p>Un cauto optimismo se respir\u00f3 en las oficinas de<strong>\u00a0Horacio Rodr\u00edguez Larreta<\/strong>. Por m\u00e1s de una hora habl\u00f3 con su par bonaerense,\u00a0<strong>Axel Kicillof<\/strong>, acompa\u00f1ado solamente de papel y lapicera. Los n\u00fameros de contagios en la cuarentena estricta\u00a0<em>\u201cson alentadores\u201d<\/em>, se escuch\u00f3 decir en el ministerio de salud provincial. En el Amba reforzar\u00e1n centros extrahospitaliarios para liberar camas en hospitales. Los mandatarios se reunir\u00edan el jueves con <strong>Alberto Fern\u00e1ndez<\/strong>, para anunciar una nueva etapa de flexibilizaciones por la pandemia de coronavirus (Orthocoronavirinae).<\/p>\n<p>La dicotom\u00eda econom\u00eda o salud parece desdibujarse en el tiempo. El refuerzo en el sistema sanitario en los \u00faltimos cuatro meses (desde la\u00a0<strong>construcci\u00f3n de hospitales modulares<\/strong>, finalizaci\u00f3n de obras y acondicionamientos a distintos centros, como el caso de Tecn\u00f3polis) mostr\u00f3 su primer techo. Esto tranquiliza, en parte, a los funcionarios.\u00a0<em>\u00abLos resultados que analizamos ahora son precoces porque tenemos los casos de las semanas anteriores al endurecimiento de la cuarentena\u00bb<\/em>, dijo\u00a0<strong>Enio Garc\u00eda\u00a0<\/strong>a Radio Provincia. Para el jefe de gabinete de asesores del ministerio de salud de la Provincia, los\u00a0<em>\u201cresultados alentadores\u201d<\/em>. Eso se puso sobre la mesa en la sede del gobierno porte\u00f1o.<\/p>\n<p>El mandatario bonaerense carga con el reclamo de los intendentes. Una de las voces autorizadas es la de\u00a0<strong>Gustavo Posse.<\/strong> Desde San Isidro detallaron que\u00a0<em>\u201cexcepto en los shoppings, ac\u00e1 los comercios est\u00e1n abiertos. Se permite desde siempre salir a dar una vuelta alrededor de la manzana\u201d<\/em>.<\/p>\n<p><em>\u00abNo podemos seguir en aislamiento total porque el sector productivo y el comercio est\u00e1n muy mal\u201d<\/em>, le dijo a \u201cAhora Dicen\u201d (Futurock)\u00a0<strong>N\u00e9stor Grindetti<\/strong>.\u00a0<em>\u201cBuscamos ser convocados junto a otros intendentes para empezar a mirar el despu\u00e9s del 17. Y saber si hay respaldo a quienes vuelvan a abrir para darle el tiempo\u201d<\/em>, dijeron.<\/p>\n<p>El reclamo indirecto al gobernador tambi\u00e9n nace desde los propios.\u00a0<strong>Mariano Cascallares\u00a0<\/strong>(Almirante Brown) se reuni\u00f3 con representantes de las C\u00e1maras de Comercio de Burzaco, Longchamps, San Jos\u00e9, Adrogu\u00e9 y Loma Verde. El objetivo es\u00a0<em>\u201climitar en las grandes cadenas comerciales la venta de productos que no sean esenciales\u201d<\/em>, resumieron.<\/p>\n<p><em>\u201cLa situaci\u00f3n del impacto econ\u00f3mico es muy grave y va camino a ser peor si siguen en esta decisi\u00f3n de no apertura\u201d,<\/em>\u00a0dijeron desde La Plata.\u00a0<strong>Julio Garro<\/strong>\u00a0busca aprobaciones para nuevas aperturas.<\/p>\n<p>Los intendentes del conurbano esperan el visto bueno en proyectos de salidas recreativas y aperturas de rubros comerciales que fueron presentado d\u00edas atr\u00e1s pero a\u00fan no fueron aprobados. Lejos de acorralarse,\u00a0<strong>Kicillof<\/strong>\u00a0buscar\u00e1 dar ox\u00edgeno a los n\u00fameros econ\u00f3micos de la Provincia.<\/p>\n<p><strong>Reclamos de Larreta<\/strong><\/p>\n<p>&nbsp;<\/p>\n<p>En la Ciudad el reclamo nace de las c\u00e1maras. En las pr\u00f3ximas horas el gabinete econ\u00f3mico se reunir\u00e1 con las c\u00e1maras de shopping y sectores de la loter\u00eda y cultura. Sin fecha establecida, se afinan detalles en los protocolos. Los gimnasios, que se reunieron la semana pasada, buscan regresar en agosto.<\/p>\n<p><img loading=\"lazy\" decoding=\"async\" class=\" wp-image-45605 aligncenter\" src=\"https:\/\/www.isletasnoticias.com.ar\/%77%70%2d%63%6f%6e%74%65%6e%74\/uploads\/2020\/07\/larreta.jpg\" alt=\"\" width=\"244\" height=\"244\" srcset=\"https:\/\/informelitoral.com.ar\/%77%70%2d%63%6f%6e%74%65%6e%74\/uploads\/2020\/07\/larreta.jpg 225w, https:\/\/informelitoral.com.ar\/%77%70%2d%63%6f%6e%74%65%6e%74\/uploads\/2020\/07\/larreta-150x150.jpg 150w\" sizes=\"auto, (max-width: 244px) 100vw, 244px\" \/><\/p>\n<p>Con la \u00faltima palabra en boca de\u00a0<strong>Alberto Fern\u00e1ndez<\/strong>, las<strong>\u00a0peluquer\u00edas<\/strong> est\u00e1n primeras en la fila para levantar sus persianas. Solo con turnos; una persona cada 15 metros cuadrados; anuncio en la puerta sobre la capacidad del local; uso de kits personales; taollas y cubre pechos descartables; distanciamientos de lava-cabezas; y tapaboca y barbijos, parte del protocolo.<\/p>\n<p>Desde el 1ro de julio unos 70.000 locales cerraron en el territorio porte\u00f1o.<\/p>\n<p>El jueves ser\u00eda la fecha elegida para una nueva reuni\u00f3n entre\u00a0<strong>Fern\u00e1ndez<\/strong>,\u00a0<strong>Axel Kicillof<\/strong>\u00a0y\u00a0<strong>Horacio Rodr\u00edguez Larreta<\/strong>. (Fuente: cronica.com)<\/p>\n<p>&nbsp;<\/p>\n","protected":false},"excerpt":{"rendered":"<p>Un cauto optimismo se respir&oacute; en las oficinas de&nbsp;Horacio Rodr&iacute;guez Larreta. Por m&aacute;s de una hora habl&oacute; con su par bonaerense,&nbsp;Axel Kicillof, acompa&ntilde;ado solamente de papel y lapicera. Los n&uacute;meros de contagios en la cuarentena estricta&nbsp;&ldquo;son alentadores&rdquo;, se escuch&oacute; decir en el ministerio de salud provincial. En el Amba reforzar&aacute;n centros extrahospitaliarios para liberar camas [&hellip;]<\/p>\n","protected":false},"author":8,"featured_media":45604,"comment_status":"open","ping_status":"open","sticky":false,"template":"","format":"standard","meta":{"fifu_image_url":"","fifu_image_alt":"","footnotes":""},"categories":[7],"tags":[],"class_list":{"0":"post-45602","1":"post","2":"type-post","3":"status-publish","4":"format-standard","5":"has-post-thumbnail","7":"category-nacionales"},"yoast_head":"<title>Los comercios del AMBA preparan sus protocolos para una gradual reapertura - Informe Litoral<\/title>\n<meta name=\"robots\" content=\"index, follow, max-snippet:-1, max-image-preview:large, max-video-preview:-1\" \/>\n<link rel=\"canonical\" href=\"https:\/\/informelitoral.com.ar\/los-comercios-del-amba-preparan-sus-protocolos-para-una-gradual-reapertura\/\" \/>\n<meta property=\"og:locale\" content=\"es_ES\" \/>\n<meta property=\"og:type\" content=\"article\" \/>\n<meta property=\"og:title\" content=\"Los comercios del AMBA preparan sus protocolos para una gradual reapertura - Informe Litoral\" \/>\n<meta property=\"og:description\" content=\"Un cauto optimismo se respir&oacute; en las oficinas de&nbsp;Horacio Rodr&iacute;guez Larreta. Por m&aacute;s de una hora habl&oacute; con su par bonaerense,&nbsp;Axel Kicillof, acompa&ntilde;ado solamente de papel y lapicera. Los n&uacute;meros de contagios en la cuarentena estricta&nbsp;&ldquo;son alentadores&rdquo;, se escuch&oacute; decir en el ministerio de salud provincial. En el Amba reforzar&aacute;n centros extrahospitaliarios para liberar camas [&hellip;]\" \/>\n<meta property=\"og:url\" content=\"https:\/\/informelitoral.com.ar\/los-comercios-del-amba-preparan-sus-protocolos-para-una-gradual-reapertura\/\" \/>\n<meta property=\"og:site_name\" content=\"Informe Litoral\" \/>\n<meta property=\"article:publisher\" content=\"https:\/\/www.facebook.com\/informelitoral\/\" \/>\n<meta property=\"article:published_time\" content=\"2020-07-13T18:44:57+00:00\" \/>\n<meta property=\"og:image\" content=\"https:\/\/informelitoral.com.ar\/%77%70%2d%63%6f%6e%74%65%6e%74\/uploads\/2020\/07\/lyk.jpg\" \/>\n\t<meta property=\"og:image:width\" content=\"1012\" \/>\n\t<meta property=\"og:image:height\" content=\"674\" \/>\n\t<meta property=\"og:image:type\" content=\"image\/jpeg\" \/>\n<meta name=\"author\" content=\"Sebastian\" \/>\n<meta name=\"twitter:card\" content=\"summary_large_image\" \/>\n<meta name=\"twitter:creator\" content=\"@InformeLitoral\" \/>\n<meta name=\"twitter:site\" content=\"@InformeLitoral\" \/>\n<meta name=\"twitter:label1\" content=\"Escrito por\" \/>\n\t<meta name=\"twitter:data1\" content=\"Sebastian\" \/>\n\t<meta name=\"twitter:label2\" content=\"Tiempo de lectura\" \/>\n\t<meta name=\"twitter:data2\" content=\"3 minutos\" \/>\n<script type=\"application\/ld+json\" class=\"yoast-schema-graph\">{\"@context\":\"https:\\\/\\\/schema.org\",\"@graph\":[{\"@type\":\"Article\",\"@id\":\"https:\\\/\\\/informelitoral.com.ar\\\/los-comercios-del-amba-preparan-sus-protocolos-para-una-gradual-reapertura\\\/#article\",\"isPartOf\":{\"@id\":\"https:\\\/\\\/informelitoral.com.ar\\\/los-comercios-del-amba-preparan-sus-protocolos-para-una-gradual-reapertura\\\/\"},\"author\":{\"name\":\"Sebastian\",\"@id\":\"https:\\\/\\\/informelitoral.com.ar\\\/#\\\/schema\\\/person\\\/f05f9f461677119578717524b127d6d5\"},\"headline\":\"Los comercios del AMBA preparan sus protocolos para una gradual reapertura\",\"datePublished\":\"2020-07-13T18:44:57+00:00\",\"mainEntityOfPage\":{\"@id\":\"https:\\\/\\\/informelitoral.com.ar\\\/los-comercios-del-amba-preparan-sus-protocolos-para-una-gradual-reapertura\\\/\"},\"wordCount\":611,\"commentCount\":0,\"publisher\":{\"@id\":\"https:\\\/\\\/informelitoral.com.ar\\\/#organization\"},\"image\":{\"@id\":\"https:\\\/\\\/informelitoral.com.ar\\\/los-comercios-del-amba-preparan-sus-protocolos-para-una-gradual-reapertura\\\/#primaryimage\"},\"thumbnailUrl\":\"https:\\\/\\\/informelitoral.com.ar\\\/%77%70%2d%63%6f%6e%74%65%6e%74\\\/uploads\\\/2020\\\/07\\\/lyk.jpg\",\"articleSection\":[\"Nacionales\"],\"inLanguage\":\"es\",\"potentialAction\":[{\"@type\":\"CommentAction\",\"name\":\"Comment\",\"target\":[\"https:\\\/\\\/informelitoral.com.ar\\\/los-comercios-del-amba-preparan-sus-protocolos-para-una-gradual-reapertura\\\/#respond\"]}]},{\"@type\":\"WebPage\",\"@id\":\"https:\\\/\\\/informelitoral.com.ar\\\/los-comercios-del-amba-preparan-sus-protocolos-para-una-gradual-reapertura\\\/\",\"url\":\"https:\\\/\\\/informelitoral.com.ar\\\/los-comercios-del-amba-preparan-sus-protocolos-para-una-gradual-reapertura\\\/\",\"name\":\"Los comercios del AMBA preparan sus protocolos para una gradual reapertura - Informe Litoral\",\"isPartOf\":{\"@id\":\"https:\\\/\\\/informelitoral.com.ar\\\/#website\"},\"primaryImageOfPage\":{\"@id\":\"https:\\\/\\\/informelitoral.com.ar\\\/los-comercios-del-amba-preparan-sus-protocolos-para-una-gradual-reapertura\\\/#primaryimage\"},\"image\":{\"@id\":\"https:\\\/\\\/informelitoral.com.ar\\\/los-comercios-del-amba-preparan-sus-protocolos-para-una-gradual-reapertura\\\/#primaryimage\"},\"thumbnailUrl\":\"https:\\\/\\\/informelitoral.com.ar\\\/%77%70%2d%63%6f%6e%74%65%6e%74\\\/uploads\\\/2020\\\/07\\\/lyk.jpg\",\"datePublished\":\"2020-07-13T18:44:57+00:00\",\"breadcrumb\":{\"@id\":\"https:\\\/\\\/informelitoral.com.ar\\\/los-comercios-del-amba-preparan-sus-protocolos-para-una-gradual-reapertura\\\/#breadcrumb\"},\"inLanguage\":\"es\",\"potentialAction\":[{\"@type\":\"ReadAction\",\"target\":[\"https:\\\/\\\/informelitoral.com.ar\\\/los-comercios-del-amba-preparan-sus-protocolos-para-una-gradual-reapertura\\\/\"]}]},{\"@type\":\"ImageObject\",\"inLanguage\":\"es\",\"@id\":\"https:\\\/\\\/informelitoral.com.ar\\\/los-comercios-del-amba-preparan-sus-protocolos-para-una-gradual-reapertura\\\/#primaryimage\",\"url\":\"https:\\\/\\\/informelitoral.com.ar\\\/%77%70%2d%63%6f%6e%74%65%6e%74\\\/uploads\\\/2020\\\/07\\\/lyk.jpg\",\"contentUrl\":\"https:\\\/\\\/informelitoral.com.ar\\\/%77%70%2d%63%6f%6e%74%65%6e%74\\\/uploads\\\/2020\\\/07\\\/lyk.jpg\",\"width\":1012,\"height\":674},{\"@type\":\"BreadcrumbList\",\"@id\":\"https:\\\/\\\/informelitoral.com.ar\\\/los-comercios-del-amba-preparan-sus-protocolos-para-una-gradual-reapertura\\\/#breadcrumb\",\"itemListElement\":[{\"@type\":\"ListItem\",\"position\":1,\"name\":\"Portada\",\"item\":\"https:\\\/\\\/informelitoral.com.ar\\\/\"},{\"@type\":\"ListItem\",\"position\":2,\"name\":\"Los comercios del AMBA preparan sus protocolos para una gradual reapertura\"}]},{\"@type\":\"WebSite\",\"@id\":\"https:\\\/\\\/informelitoral.com.ar\\\/#website\",\"url\":\"https:\\\/\\\/informelitoral.com.ar\\\/\",\"name\":\"Informe Litoral\",\"description\":\"&quot;Nos informamos&quot; \",\"publisher\":{\"@id\":\"https:\\\/\\\/informelitoral.com.ar\\\/#organization\"},\"potentialAction\":[{\"@type\":\"SearchAction\",\"target\":{\"@type\":\"EntryPoint\",\"urlTemplate\":\"https:\\\/\\\/informelitoral.com.ar\\\/?s={search_term_string}\"},\"query-input\":{\"@type\":\"PropertyValueSpecification\",\"valueRequired\":true,\"valueName\":\"search_term_string\"}}],\"inLanguage\":\"es\"},{\"@type\":\"Organization\",\"@id\":\"https:\\\/\\\/informelitoral.com.ar\\\/#organization\",\"name\":\"Informe Litoral\",\"url\":\"https:\\\/\\\/informelitoral.com.ar\\\/\",\"logo\":{\"@type\":\"ImageObject\",\"inLanguage\":\"es\",\"@id\":\"https:\\\/\\\/informelitoral.com.ar\\\/#\\\/schema\\\/logo\\\/image\\\/\",\"url\":\"https:\\\/\\\/informelitoral.com.ar\\\/%77%70%2d%63%6f%6e%74%65%6e%74\\\/uploads\\\/2021\\\/01\\\/circulo.png\",\"contentUrl\":\"https:\\\/\\\/informelitoral.com.ar\\\/%77%70%2d%63%6f%6e%74%65%6e%74\\\/uploads\\\/2021\\\/01\\\/circulo.png\",\"width\":723,\"height\":731,\"caption\":\"Informe Litoral\"},\"image\":{\"@id\":\"https:\\\/\\\/informelitoral.com.ar\\\/#\\\/schema\\\/logo\\\/image\\\/\"},\"sameAs\":[\"https:\\\/\\\/www.facebook.com\\\/informelitoral\\\/\",\"https:\\\/\\\/x.com\\\/InformeLitoral\",\"https:\\\/\\\/www.instagram.com\\\/informelitoral\\\/\",\"https:\\\/\\\/www.youtube.com\\\/channel\\\/UCua4Qvz8Icb6MYqhoq9xLXw\"]},{\"@type\":\"Person\",\"@id\":\"https:\\\/\\\/informelitoral.com.ar\\\/#\\\/schema\\\/person\\\/f05f9f461677119578717524b127d6d5\",\"name\":\"Sebastian\",\"image\":{\"@type\":\"ImageObject\",\"inLanguage\":\"es\",\"@id\":\"https:\\\/\\\/secure.gravatar.com\\\/avatar\\\/b71bf7481d447dfb9583c7f2798e7cc64de6efb9067b74633ed8c31059a3bd82?s=96&d=mm&r=g\",\"url\":\"https:\\\/\\\/secure.gravatar.com\\\/avatar\\\/b71bf7481d447dfb9583c7f2798e7cc64de6efb9067b74633ed8c31059a3bd82?s=96&d=mm&r=g\",\"contentUrl\":\"https:\\\/\\\/secure.gravatar.com\\\/avatar\\\/b71bf7481d447dfb9583c7f2798e7cc64de6efb9067b74633ed8c31059a3bd82?s=96&d=mm&r=g\",\"caption\":\"Sebastian\"},\"url\":\"https:\\\/\\\/informelitoral.com.ar\\\/author\\\/sebastian\\\/\"}]}<\/script>","yoast_head_json":{"title":"Los comercios del AMBA preparan sus protocolos para una gradual reapertura - Informe Litoral","robots":{"index":"index","follow":"follow","max-snippet":"max-snippet:-1","max-image-preview":"max-image-preview:large","max-video-preview":"max-video-preview:-1"},"canonical":"https:\/\/informelitoral.com.ar\/los-comercios-del-amba-preparan-sus-protocolos-para-una-gradual-reapertura\/","og_locale":"es_ES","og_type":"article","og_title":"Los comercios del AMBA preparan sus protocolos para una gradual reapertura - Informe Litoral","og_description":"Un cauto optimismo se respir&oacute; en las oficinas de&nbsp;Horacio Rodr&iacute;guez Larreta. Por m&aacute;s de una hora habl&oacute; con su par bonaerense,&nbsp;Axel Kicillof, acompa&ntilde;ado solamente de papel y lapicera. Los n&uacute;meros de contagios en la cuarentena estricta&nbsp;&ldquo;son alentadores&rdquo;, se escuch&oacute; decir en el ministerio de salud provincial. En el Amba reforzar&aacute;n centros extrahospitaliarios para liberar camas [&hellip;]","og_url":"https:\/\/informelitoral.com.ar\/los-comercios-del-amba-preparan-sus-protocolos-para-una-gradual-reapertura\/","og_site_name":"Informe Litoral","article_publisher":"https:\/\/www.facebook.com\/informelitoral\/","article_published_time":"2020-07-13T18:44:57+00:00","og_image":[{"width":1012,"height":674,"url":"https:\/\/informelitoral.com.ar\/%77%70%2d%63%6f%6e%74%65%6e%74\/uploads\/2020\/07\/lyk.jpg","type":"image\/jpeg"}],"author":"Sebastian","twitter_card":"summary_large_image","twitter_creator":"@InformeLitoral","twitter_site":"@InformeLitoral","twitter_misc":{"Escrito por":"Sebastian","Tiempo de lectura":"3 minutos"},"schema":{"@context":"https:\/\/schema.org","@graph":[{"@type":"Article","@id":"https:\/\/informelitoral.com.ar\/los-comercios-del-amba-preparan-sus-protocolos-para-una-gradual-reapertura\/#article","isPartOf":{"@id":"https:\/\/informelitoral.com.ar\/los-comercios-del-amba-preparan-sus-protocolos-para-una-gradual-reapertura\/"},"author":{"name":"Sebastian","@id":"https:\/\/informelitoral.com.ar\/#\/schema\/person\/f05f9f461677119578717524b127d6d5"},"headline":"Los comercios del AMBA preparan sus protocolos para una gradual reapertura","datePublished":"2020-07-13T18:44:57+00:00","mainEntityOfPage":{"@id":"https:\/\/informelitoral.com.ar\/los-comercios-del-amba-preparan-sus-protocolos-para-una-gradual-reapertura\/"},"wordCount":611,"commentCount":0,"publisher":{"@id":"https:\/\/informelitoral.com.ar\/#organization"},"image":{"@id":"https:\/\/informelitoral.com.ar\/los-comercios-del-amba-preparan-sus-protocolos-para-una-gradual-reapertura\/#primaryimage"},"thumbnailUrl":"https:\/\/informelitoral.com.ar\/%77%70%2d%63%6f%6e%74%65%6e%74\/uploads\/2020\/07\/lyk.jpg","articleSection":["Nacionales"],"inLanguage":"es","potentialAction":[{"@type":"CommentAction","name":"Comment","target":["https:\/\/informelitoral.com.ar\/los-comercios-del-amba-preparan-sus-protocolos-para-una-gradual-reapertura\/#respond"]}]},{"@type":"WebPage","@id":"https:\/\/informelitoral.com.ar\/los-comercios-del-amba-preparan-sus-protocolos-para-una-gradual-reapertura\/","url":"https:\/\/informelitoral.com.ar\/los-comercios-del-amba-preparan-sus-protocolos-para-una-gradual-reapertura\/","name":"Los comercios del AMBA preparan sus protocolos para una gradual reapertura - Informe Litoral","isPartOf":{"@id":"https:\/\/informelitoral.com.ar\/#website"},"primaryImageOfPage":{"@id":"https:\/\/informelitoral.com.ar\/los-comercios-del-amba-preparan-sus-protocolos-para-una-gradual-reapertura\/#primaryimage"},"image":{"@id":"https:\/\/informelitoral.com.ar\/los-comercios-del-amba-preparan-sus-protocolos-para-una-gradual-reapertura\/#primaryimage"},"thumbnailUrl":"https:\/\/informelitoral.com.ar\/%77%70%2d%63%6f%6e%74%65%6e%74\/uploads\/2020\/07\/lyk.jpg","datePublished":"2020-07-13T18:44:57+00:00","breadcrumb":{"@id":"https:\/\/informelitoral.com.ar\/los-comercios-del-amba-preparan-sus-protocolos-para-una-gradual-reapertura\/#breadcrumb"},"inLanguage":"es","potentialAction":[{"@type":"ReadAction","target":["https:\/\/informelitoral.com.ar\/los-comercios-del-amba-preparan-sus-protocolos-para-una-gradual-reapertura\/"]}]},{"@type":"ImageObject","inLanguage":"es","@id":"https:\/\/informelitoral.com.ar\/los-comercios-del-amba-preparan-sus-protocolos-para-una-gradual-reapertura\/#primaryimage","url":"https:\/\/informelitoral.com.ar\/%77%70%2d%63%6f%6e%74%65%6e%74\/uploads\/2020\/07\/lyk.jpg","contentUrl":"https:\/\/informelitoral.com.ar\/%77%70%2d%63%6f%6e%74%65%6e%74\/uploads\/2020\/07\/lyk.jpg","width":1012,"height":674},{"@type":"BreadcrumbList","@id":"https:\/\/informelitoral.com.ar\/los-comercios-del-amba-preparan-sus-protocolos-para-una-gradual-reapertura\/#breadcrumb","itemListElement":[{"@type":"ListItem","position":1,"name":"Portada","item":"https:\/\/informelitoral.com.ar\/"},{"@type":"ListItem","position":2,"name":"Los comercios del AMBA preparan sus protocolos para una gradual reapertura"}]},{"@type":"WebSite","@id":"https:\/\/informelitoral.com.ar\/#website","url":"https:\/\/informelitoral.com.ar\/","name":"Informe Litoral","description":"&quot;Nos informamos&quot; ","publisher":{"@id":"https:\/\/informelitoral.com.ar\/#organization"},"potentialAction":[{"@type":"SearchAction","target":{"@type":"EntryPoint","urlTemplate":"https:\/\/informelitoral.com.ar\/?s={search_term_string}"},"query-input":{"@type":"PropertyValueSpecification","valueRequired":true,"valueName":"search_term_string"}}],"inLanguage":"es"},{"@type":"Organization","@id":"https:\/\/informelitoral.com.ar\/#organization","name":"Informe Litoral","url":"https:\/\/informelitoral.com.ar\/","logo":{"@type":"ImageObject","inLanguage":"es","@id":"https:\/\/informelitoral.com.ar\/#\/schema\/logo\/image\/","url":"https:\/\/informelitoral.com.ar\/%77%70%2d%63%6f%6e%74%65%6e%74\/uploads\/2021\/01\/circulo.png","contentUrl":"https:\/\/informelitoral.com.ar\/%77%70%2d%63%6f%6e%74%65%6e%74\/uploads\/2021\/01\/circulo.png","width":723,"height":731,"caption":"Informe Litoral"},"image":{"@id":"https:\/\/informelitoral.com.ar\/#\/schema\/logo\/image\/"},"sameAs":["https:\/\/www.facebook.com\/informelitoral\/","https:\/\/x.com\/InformeLitoral","https:\/\/www.instagram.com\/informelitoral\/","https:\/\/www.youtube.com\/channel\/UCua4Qvz8Icb6MYqhoq9xLXw"]},{"@type":"Person","@id":"https:\/\/informelitoral.com.ar\/#\/schema\/person\/f05f9f461677119578717524b127d6d5","name":"Sebastian","image":{"@type":"ImageObject","inLanguage":"es","@id":"https:\/\/secure.gravatar.com\/avatar\/b71bf7481d447dfb9583c7f2798e7cc64de6efb9067b74633ed8c31059a3bd82?s=96&d=mm&r=g","url":"https:\/\/secure.gravatar.com\/avatar\/b71bf7481d447dfb9583c7f2798e7cc64de6efb9067b74633ed8c31059a3bd82?s=96&d=mm&r=g","contentUrl":"https:\/\/secure.gravatar.com\/avatar\/b71bf7481d447dfb9583c7f2798e7cc64de6efb9067b74633ed8c31059a3bd82?s=96&d=mm&r=g","caption":"Sebastian"},"url":"https:\/\/informelitoral.com.ar\/author\/sebastian\/"}]}},"_links":{"self":[{"href":"https:\/\/informelitoral.com.ar\/%77%70%2d%6a%73%6f%6e\/wp\/v2\/posts\/45602","targetHints":{"allow":["GET"]}}],"collection":[{"href":"https:\/\/informelitoral.com.ar\/%77%70%2d%6a%73%6f%6e\/wp\/v2\/posts"}],"about":[{"href":"https:\/\/informelitoral.com.ar\/%77%70%2d%6a%73%6f%6e\/wp\/v2\/types\/post"}],"author":[{"embeddable":true,"href":"https:\/\/informelitoral.com.ar\/%77%70%2d%6a%73%6f%6e\/wp\/v2\/users\/8"}],"replies":[{"embeddable":true,"href":"https:\/\/informelitoral.com.ar\/%77%70%2d%6a%73%6f%6e\/wp\/v2\/comments?post=45602"}],"version-history":[{"count":0,"href":"https:\/\/informelitoral.com.ar\/%77%70%2d%6a%73%6f%6e\/wp\/v2\/posts\/45602\/revisions"}],"wp:featuredmedia":[{"embeddable":true,"href":"https:\/\/informelitoral.com.ar\/%77%70%2d%6a%73%6f%6e\/wp\/v2\/media\/45604"}],"wp:attachment":[{"href":"https:\/\/informelitoral.com.ar\/%77%70%2d%6a%73%6f%6e\/wp\/v2\/media?parent=45602"}],"wp:term":[{"taxonomy":"category","embeddable":true,"href":"https:\/\/informelitoral.com.ar\/%77%70%2d%6a%73%6f%6e\/wp\/v2\/categories?post=45602"},{"taxonomy":"post_tag","embeddable":true,"href":"https:\/\/informelitoral.com.ar\/%77%70%2d%6a%73%6f%6e\/wp\/v2\/tags?post=45602"}],"curies":[{"name":"wp","href":"https:\/\/api.w.org\/{rel}","templated":true}]}}