{"id":45600,"date":"2020-07-13T15:31:06","date_gmt":"2020-07-13T18:31:06","guid":{"rendered":"https:\/\/www.isletasnoticias.com.ar\/?p=45600"},"modified":"2020-07-13T15:31:06","modified_gmt":"2020-07-13T18:31:06","slug":"aldea-brasilera-suspendieron-actividades-y-aislaron-a-varias-personas","status":"publish","type":"post","link":"https:\/\/informelitoral.com.ar\/aldea-brasilera-suspendieron-actividades-y-aislaron-a-varias-personas\/","title":{"rendered":"Aldea Brasilera: suspendieron actividades y aislaron a varias personas"},"content":{"rendered":"<p>Este domingo se inform\u00f3 un caso positivo de COVID-19 de una persona oriunda de <strong>Aldea Brasilera<\/strong> que actualmente est\u00e1 radicada en la ciudad de Paran\u00e1. Seg\u00fan se supo, d\u00edas atr\u00e1s mantuvo contacto con personas de esa localidad.<\/p>\n<p>Atento a ello y con el objeto de analizar la situaci\u00f3n epidemiol\u00f3gica, se han reunido diversas autoridades municipales de Aldea Brasilera e integrantes del COES local para evaluar la situaci\u00f3n y definir medidas de prevenci\u00f3n atento a nuevos casos positivos en las localidades de Paran\u00e1, Diamante y zonas aleda\u00f1as.<\/p>\n<p><strong>El Decreto N\u00b0 090\/2020, firmado por el municipio, recomienda evitar salir de sus hogares si no fuera necesario, extremando las medidas preventivas, con las recomendaciones de uso de barbijo social obligatorio en la v\u00eda p\u00fablica.<\/strong><\/p>\n<p>Asimismo, <strong>suspende desde este domingo a las 12 y hasta el 19 de julio a las 00, actividades de esparcimiento; concurrencia a iglesias y velatorios; actividades gastron\u00f3micas, excepto la modalidad de env\u00edo o tomar para llevar; actividades f\u00edsicas o deportivas, n\u00e1uticas; actividades en gimnasios y reuniones familiares.<\/strong><\/p>\n","protected":false},"excerpt":{"rendered":"<p>La medida rige desde el domingo y hasta el 19 de julio inclusive. Es luego de la confirmaci\u00f3n de un caso de COVID-19 de una persona que tuvo contacto con vecinos de la localidad. <\/p>\n","protected":false},"author":2,"featured_media":27478,"comment_status":"open","ping_status":"open","sticky":false,"template":"","format":"standard","meta":{"fifu_image_url":"","fifu_image_alt":"","footnotes":""},"categories":[5],"tags":[199,1426,1481,1385],"class_list":{"0":"post-45600","1":"post","2":"type-post","3":"status-publish","4":"format-standard","5":"has-post-thumbnail","7":"category-zonales","8":"tag-aldea-brasilera","9":"tag-coronavirus","10":"tag-covid-19","11":"tag-departamento-diamante"},"yoast_head":"<title>Aldea Brasilera: suspendieron actividades y aislaron a varias personas - Informe Litoral<\/title>\n<meta name=\"robots\" content=\"index, follow, max-snippet:-1, max-image-preview:large, max-video-preview:-1\" \/>\n<link rel=\"canonical\" href=\"https:\/\/informelitoral.com.ar\/aldea-brasilera-suspendieron-actividades-y-aislaron-a-varias-personas\/\" \/>\n<meta property=\"og:locale\" content=\"es_ES\" \/>\n<meta property=\"og:type\" content=\"article\" \/>\n<meta property=\"og:title\" content=\"Aldea Brasilera: suspendieron actividades y aislaron a varias personas - Informe Litoral\" \/>\n<meta property=\"og:description\" content=\"La medida rige desde el domingo y hasta el 19 de julio inclusive. Es luego de la confirmaci\u00f3n de un caso de COVID-19 de una persona que tuvo contacto con vecinos de la localidad.\" \/>\n<meta property=\"og:url\" content=\"https:\/\/informelitoral.com.ar\/aldea-brasilera-suspendieron-actividades-y-aislaron-a-varias-personas\/\" \/>\n<meta property=\"og:site_name\" content=\"Informe Litoral\" \/>\n<meta property=\"article:publisher\" content=\"https:\/\/www.facebook.com\/informelitoral\/\" \/>\n<meta property=\"article:published_time\" content=\"2020-07-13T18:31:06+00:00\" \/>\n<meta property=\"og:image\" content=\"https:\/\/informelitoral.com.ar\/%77%70%2d%63%6f%6e%74%65%6e%74\/uploads\/2018\/06\/Aldea-Brasilera.jpg\" \/>\n\t<meta property=\"og:image:width\" content=\"480\" \/>\n\t<meta property=\"og:image:height\" content=\"300\" \/>\n\t<meta property=\"og:image:type\" content=\"image\/jpeg\" \/>\n<meta name=\"author\" content=\"Gonzalo Schmidt\" \/>\n<meta name=\"twitter:card\" content=\"summary_large_image\" \/>\n<meta name=\"twitter:creator\" content=\"@InformeLitoral\" \/>\n<meta name=\"twitter:site\" content=\"@InformeLitoral\" \/>\n<meta name=\"twitter:label1\" content=\"Escrito por\" \/>\n\t<meta name=\"twitter:data1\" content=\"Gonzalo Schmidt\" \/>\n\t<meta name=\"twitter:label2\" content=\"Tiempo de lectura\" \/>\n\t<meta name=\"twitter:data2\" content=\"1 minuto\" \/>\n<script type=\"application\/ld+json\" class=\"yoast-schema-graph\">{\"@context\":\"https:\\\/\\\/schema.org\",\"@graph\":[{\"@type\":\"Article\",\"@id\":\"https:\\\/\\\/informelitoral.com.ar\\\/aldea-brasilera-suspendieron-actividades-y-aislaron-a-varias-personas\\\/#article\",\"isPartOf\":{\"@id\":\"https:\\\/\\\/informelitoral.com.ar\\\/aldea-brasilera-suspendieron-actividades-y-aislaron-a-varias-personas\\\/\"},\"author\":{\"name\":\"Gonzalo Schmidt\",\"@id\":\"https:\\\/\\\/informelitoral.com.ar\\\/#\\\/schema\\\/person\\\/b9d00407c836482871ef1d57bf8e3180\"},\"headline\":\"Aldea Brasilera: suspendieron actividades y aislaron a varias personas\",\"datePublished\":\"2020-07-13T18:31:06+00:00\",\"mainEntityOfPage\":{\"@id\":\"https:\\\/\\\/informelitoral.com.ar\\\/aldea-brasilera-suspendieron-actividades-y-aislaron-a-varias-personas\\\/\"},\"wordCount\":187,\"commentCount\":0,\"publisher\":{\"@id\":\"https:\\\/\\\/informelitoral.com.ar\\\/#organization\"},\"image\":{\"@id\":\"https:\\\/\\\/informelitoral.com.ar\\\/aldea-brasilera-suspendieron-actividades-y-aislaron-a-varias-personas\\\/#primaryimage\"},\"thumbnailUrl\":\"https:\\\/\\\/informelitoral.com.ar\\\/%77%70%2d%63%6f%6e%74%65%6e%74\\\/uploads\\\/2018\\\/06\\\/Aldea-Brasilera.jpg\",\"keywords\":[\"Aldea Brasilera\",\"Coronavirus\",\"COVID-19\",\"Departamento Diamante\"],\"articleSection\":[\"Departamento Diamante\"],\"inLanguage\":\"es\",\"potentialAction\":[{\"@type\":\"CommentAction\",\"name\":\"Comment\",\"target\":[\"https:\\\/\\\/informelitoral.com.ar\\\/aldea-brasilera-suspendieron-actividades-y-aislaron-a-varias-personas\\\/#respond\"]}]},{\"@type\":\"WebPage\",\"@id\":\"https:\\\/\\\/informelitoral.com.ar\\\/aldea-brasilera-suspendieron-actividades-y-aislaron-a-varias-personas\\\/\",\"url\":\"https:\\\/\\\/informelitoral.com.ar\\\/aldea-brasilera-suspendieron-actividades-y-aislaron-a-varias-personas\\\/\",\"name\":\"Aldea Brasilera: suspendieron actividades y aislaron a varias personas - Informe Litoral\",\"isPartOf\":{\"@id\":\"https:\\\/\\\/informelitoral.com.ar\\\/#website\"},\"primaryImageOfPage\":{\"@id\":\"https:\\\/\\\/informelitoral.com.ar\\\/aldea-brasilera-suspendieron-actividades-y-aislaron-a-varias-personas\\\/#primaryimage\"},\"image\":{\"@id\":\"https:\\\/\\\/informelitoral.com.ar\\\/aldea-brasilera-suspendieron-actividades-y-aislaron-a-varias-personas\\\/#primaryimage\"},\"thumbnailUrl\":\"https:\\\/\\\/informelitoral.com.ar\\\/%77%70%2d%63%6f%6e%74%65%6e%74\\\/uploads\\\/2018\\\/06\\\/Aldea-Brasilera.jpg\",\"datePublished\":\"2020-07-13T18:31:06+00:00\",\"breadcrumb\":{\"@id\":\"https:\\\/\\\/informelitoral.com.ar\\\/aldea-brasilera-suspendieron-actividades-y-aislaron-a-varias-personas\\\/#breadcrumb\"},\"inLanguage\":\"es\",\"potentialAction\":[{\"@type\":\"ReadAction\",\"target\":[\"https:\\\/\\\/informelitoral.com.ar\\\/aldea-brasilera-suspendieron-actividades-y-aislaron-a-varias-personas\\\/\"]}]},{\"@type\":\"ImageObject\",\"inLanguage\":\"es\",\"@id\":\"https:\\\/\\\/informelitoral.com.ar\\\/aldea-brasilera-suspendieron-actividades-y-aislaron-a-varias-personas\\\/#primaryimage\",\"url\":\"https:\\\/\\\/informelitoral.com.ar\\\/%77%70%2d%63%6f%6e%74%65%6e%74\\\/uploads\\\/2018\\\/06\\\/Aldea-Brasilera.jpg\",\"contentUrl\":\"https:\\\/\\\/informelitoral.com.ar\\\/%77%70%2d%63%6f%6e%74%65%6e%74\\\/uploads\\\/2018\\\/06\\\/Aldea-Brasilera.jpg\",\"width\":480,\"height\":300},{\"@type\":\"BreadcrumbList\",\"@id\":\"https:\\\/\\\/informelitoral.com.ar\\\/aldea-brasilera-suspendieron-actividades-y-aislaron-a-varias-personas\\\/#breadcrumb\",\"itemListElement\":[{\"@type\":\"ListItem\",\"position\":1,\"name\":\"Portada\",\"item\":\"https:\\\/\\\/informelitoral.com.ar\\\/\"},{\"@type\":\"ListItem\",\"position\":2,\"name\":\"Aldea Brasilera: suspendieron actividades y aislaron a varias personas\"}]},{\"@type\":\"WebSite\",\"@id\":\"https:\\\/\\\/informelitoral.com.ar\\\/#website\",\"url\":\"https:\\\/\\\/informelitoral.com.ar\\\/\",\"name\":\"Informe Litoral\",\"description\":\"&quot;Nos informamos&quot; \",\"publisher\":{\"@id\":\"https:\\\/\\\/informelitoral.com.ar\\\/#organization\"},\"potentialAction\":[{\"@type\":\"SearchAction\",\"target\":{\"@type\":\"EntryPoint\",\"urlTemplate\":\"https:\\\/\\\/informelitoral.com.ar\\\/?s={search_term_string}\"},\"query-input\":{\"@type\":\"PropertyValueSpecification\",\"valueRequired\":true,\"valueName\":\"search_term_string\"}}],\"inLanguage\":\"es\"},{\"@type\":\"Organization\",\"@id\":\"https:\\\/\\\/informelitoral.com.ar\\\/#organization\",\"name\":\"Informe Litoral\",\"url\":\"https:\\\/\\\/informelitoral.com.ar\\\/\",\"logo\":{\"@type\":\"ImageObject\",\"inLanguage\":\"es\",\"@id\":\"https:\\\/\\\/informelitoral.com.ar\\\/#\\\/schema\\\/logo\\\/image\\\/\",\"url\":\"https:\\\/\\\/informelitoral.com.ar\\\/%77%70%2d%63%6f%6e%74%65%6e%74\\\/uploads\\\/2021\\\/01\\\/circulo.png\",\"contentUrl\":\"https:\\\/\\\/informelitoral.com.ar\\\/%77%70%2d%63%6f%6e%74%65%6e%74\\\/uploads\\\/2021\\\/01\\\/circulo.png\",\"width\":723,\"height\":731,\"caption\":\"Informe Litoral\"},\"image\":{\"@id\":\"https:\\\/\\\/informelitoral.com.ar\\\/#\\\/schema\\\/logo\\\/image\\\/\"},\"sameAs\":[\"https:\\\/\\\/www.facebook.com\\\/informelitoral\\\/\",\"https:\\\/\\\/x.com\\\/InformeLitoral\",\"https:\\\/\\\/www.instagram.com\\\/informelitoral\\\/\",\"https:\\\/\\\/www.youtube.com\\\/channel\\\/UCua4Qvz8Icb6MYqhoq9xLXw\"]},{\"@type\":\"Person\",\"@id\":\"https:\\\/\\\/informelitoral.com.ar\\\/#\\\/schema\\\/person\\\/b9d00407c836482871ef1d57bf8e3180\",\"name\":\"Gonzalo Schmidt\",\"image\":{\"@type\":\"ImageObject\",\"inLanguage\":\"es\",\"@id\":\"https:\\\/\\\/secure.gravatar.com\\\/avatar\\\/31a1a7b66ff2de83bd0e9fd79d026630d2d99e55e8bfe501287647b4fd9743de?s=96&d=mm&r=g\",\"url\":\"https:\\\/\\\/secure.gravatar.com\\\/avatar\\\/31a1a7b66ff2de83bd0e9fd79d026630d2d99e55e8bfe501287647b4fd9743de?s=96&d=mm&r=g\",\"contentUrl\":\"https:\\\/\\\/secure.gravatar.com\\\/avatar\\\/31a1a7b66ff2de83bd0e9fd79d026630d2d99e55e8bfe501287647b4fd9743de?s=96&d=mm&r=g\",\"caption\":\"Gonzalo Schmidt\"},\"description\":\"Sitio web de noticias de la provincia de Entre R\u00edos, Argentina. Informaci\u00f3n y entretenimiento. Informe Litoral, nos informamos.\",\"sameAs\":[\"http:\\\/\\\/www.isletasnoticias.com.ar\"],\"url\":\"https:\\\/\\\/informelitoral.com.ar\\\/author\\\/gonzalo\\\/\"}]}<\/script>","yoast_head_json":{"title":"Aldea Brasilera: suspendieron actividades y aislaron a varias personas - Informe Litoral","robots":{"index":"index","follow":"follow","max-snippet":"max-snippet:-1","max-image-preview":"max-image-preview:large","max-video-preview":"max-video-preview:-1"},"canonical":"https:\/\/informelitoral.com.ar\/aldea-brasilera-suspendieron-actividades-y-aislaron-a-varias-personas\/","og_locale":"es_ES","og_type":"article","og_title":"Aldea Brasilera: suspendieron actividades y aislaron a varias personas - Informe Litoral","og_description":"La medida rige desde el domingo y hasta el 19 de julio inclusive. Es luego de la confirmaci\u00f3n de un caso de COVID-19 de una persona que tuvo contacto con vecinos de la localidad.","og_url":"https:\/\/informelitoral.com.ar\/aldea-brasilera-suspendieron-actividades-y-aislaron-a-varias-personas\/","og_site_name":"Informe Litoral","article_publisher":"https:\/\/www.facebook.com\/informelitoral\/","article_published_time":"2020-07-13T18:31:06+00:00","og_image":[{"width":480,"height":300,"url":"https:\/\/informelitoral.com.ar\/%77%70%2d%63%6f%6e%74%65%6e%74\/uploads\/2018\/06\/Aldea-Brasilera.jpg","type":"image\/jpeg"}],"author":"Gonzalo Schmidt","twitter_card":"summary_large_image","twitter_creator":"@InformeLitoral","twitter_site":"@InformeLitoral","twitter_misc":{"Escrito por":"Gonzalo Schmidt","Tiempo de lectura":"1 minuto"},"schema":{"@context":"https:\/\/schema.org","@graph":[{"@type":"Article","@id":"https:\/\/informelitoral.com.ar\/aldea-brasilera-suspendieron-actividades-y-aislaron-a-varias-personas\/#article","isPartOf":{"@id":"https:\/\/informelitoral.com.ar\/aldea-brasilera-suspendieron-actividades-y-aislaron-a-varias-personas\/"},"author":{"name":"Gonzalo Schmidt","@id":"https:\/\/informelitoral.com.ar\/#\/schema\/person\/b9d00407c836482871ef1d57bf8e3180"},"headline":"Aldea Brasilera: suspendieron actividades y aislaron a varias personas","datePublished":"2020-07-13T18:31:06+00:00","mainEntityOfPage":{"@id":"https:\/\/informelitoral.com.ar\/aldea-brasilera-suspendieron-actividades-y-aislaron-a-varias-personas\/"},"wordCount":187,"commentCount":0,"publisher":{"@id":"https:\/\/informelitoral.com.ar\/#organization"},"image":{"@id":"https:\/\/informelitoral.com.ar\/aldea-brasilera-suspendieron-actividades-y-aislaron-a-varias-personas\/#primaryimage"},"thumbnailUrl":"https:\/\/informelitoral.com.ar\/%77%70%2d%63%6f%6e%74%65%6e%74\/uploads\/2018\/06\/Aldea-Brasilera.jpg","keywords":["Aldea Brasilera","Coronavirus","COVID-19","Departamento Diamante"],"articleSection":["Departamento Diamante"],"inLanguage":"es","potentialAction":[{"@type":"CommentAction","name":"Comment","target":["https:\/\/informelitoral.com.ar\/aldea-brasilera-suspendieron-actividades-y-aislaron-a-varias-personas\/#respond"]}]},{"@type":"WebPage","@id":"https:\/\/informelitoral.com.ar\/aldea-brasilera-suspendieron-actividades-y-aislaron-a-varias-personas\/","url":"https:\/\/informelitoral.com.ar\/aldea-brasilera-suspendieron-actividades-y-aislaron-a-varias-personas\/","name":"Aldea Brasilera: suspendieron actividades y aislaron a varias personas - Informe Litoral","isPartOf":{"@id":"https:\/\/informelitoral.com.ar\/#website"},"primaryImageOfPage":{"@id":"https:\/\/informelitoral.com.ar\/aldea-brasilera-suspendieron-actividades-y-aislaron-a-varias-personas\/#primaryimage"},"image":{"@id":"https:\/\/informelitoral.com.ar\/aldea-brasilera-suspendieron-actividades-y-aislaron-a-varias-personas\/#primaryimage"},"thumbnailUrl":"https:\/\/informelitoral.com.ar\/%77%70%2d%63%6f%6e%74%65%6e%74\/uploads\/2018\/06\/Aldea-Brasilera.jpg","datePublished":"2020-07-13T18:31:06+00:00","breadcrumb":{"@id":"https:\/\/informelitoral.com.ar\/aldea-brasilera-suspendieron-actividades-y-aislaron-a-varias-personas\/#breadcrumb"},"inLanguage":"es","potentialAction":[{"@type":"ReadAction","target":["https:\/\/informelitoral.com.ar\/aldea-brasilera-suspendieron-actividades-y-aislaron-a-varias-personas\/"]}]},{"@type":"ImageObject","inLanguage":"es","@id":"https:\/\/informelitoral.com.ar\/aldea-brasilera-suspendieron-actividades-y-aislaron-a-varias-personas\/#primaryimage","url":"https:\/\/informelitoral.com.ar\/%77%70%2d%63%6f%6e%74%65%6e%74\/uploads\/2018\/06\/Aldea-Brasilera.jpg","contentUrl":"https:\/\/informelitoral.com.ar\/%77%70%2d%63%6f%6e%74%65%6e%74\/uploads\/2018\/06\/Aldea-Brasilera.jpg","width":480,"height":300},{"@type":"BreadcrumbList","@id":"https:\/\/informelitoral.com.ar\/aldea-brasilera-suspendieron-actividades-y-aislaron-a-varias-personas\/#breadcrumb","itemListElement":[{"@type":"ListItem","position":1,"name":"Portada","item":"https:\/\/informelitoral.com.ar\/"},{"@type":"ListItem","position":2,"name":"Aldea Brasilera: suspendieron actividades y aislaron a varias personas"}]},{"@type":"WebSite","@id":"https:\/\/informelitoral.com.ar\/#website","url":"https:\/\/informelitoral.com.ar\/","name":"Informe Litoral","description":"&quot;Nos informamos&quot; ","publisher":{"@id":"https:\/\/informelitoral.com.ar\/#organization"},"potentialAction":[{"@type":"SearchAction","target":{"@type":"EntryPoint","urlTemplate":"https:\/\/informelitoral.com.ar\/?s={search_term_string}"},"query-input":{"@type":"PropertyValueSpecification","valueRequired":true,"valueName":"search_term_string"}}],"inLanguage":"es"},{"@type":"Organization","@id":"https:\/\/informelitoral.com.ar\/#organization","name":"Informe Litoral","url":"https:\/\/informelitoral.com.ar\/","logo":{"@type":"ImageObject","inLanguage":"es","@id":"https:\/\/informelitoral.com.ar\/#\/schema\/logo\/image\/","url":"https:\/\/informelitoral.com.ar\/%77%70%2d%63%6f%6e%74%65%6e%74\/uploads\/2021\/01\/circulo.png","contentUrl":"https:\/\/informelitoral.com.ar\/%77%70%2d%63%6f%6e%74%65%6e%74\/uploads\/2021\/01\/circulo.png","width":723,"height":731,"caption":"Informe Litoral"},"image":{"@id":"https:\/\/informelitoral.com.ar\/#\/schema\/logo\/image\/"},"sameAs":["https:\/\/www.facebook.com\/informelitoral\/","https:\/\/x.com\/InformeLitoral","https:\/\/www.instagram.com\/informelitoral\/","https:\/\/www.youtube.com\/channel\/UCua4Qvz8Icb6MYqhoq9xLXw"]},{"@type":"Person","@id":"https:\/\/informelitoral.com.ar\/#\/schema\/person\/b9d00407c836482871ef1d57bf8e3180","name":"Gonzalo Schmidt","image":{"@type":"ImageObject","inLanguage":"es","@id":"https:\/\/secure.gravatar.com\/avatar\/31a1a7b66ff2de83bd0e9fd79d026630d2d99e55e8bfe501287647b4fd9743de?s=96&d=mm&r=g","url":"https:\/\/secure.gravatar.com\/avatar\/31a1a7b66ff2de83bd0e9fd79d026630d2d99e55e8bfe501287647b4fd9743de?s=96&d=mm&r=g","contentUrl":"https:\/\/secure.gravatar.com\/avatar\/31a1a7b66ff2de83bd0e9fd79d026630d2d99e55e8bfe501287647b4fd9743de?s=96&d=mm&r=g","caption":"Gonzalo Schmidt"},"description":"Sitio web de noticias de la provincia de Entre R\u00edos, Argentina. Informaci\u00f3n y entretenimiento. Informe Litoral, nos informamos.","sameAs":["http:\/\/www.isletasnoticias.com.ar"],"url":"https:\/\/informelitoral.com.ar\/author\/gonzalo\/"}]}},"_links":{"self":[{"href":"https:\/\/informelitoral.com.ar\/%77%70%2d%6a%73%6f%6e\/wp\/v2\/posts\/45600","targetHints":{"allow":["GET"]}}],"collection":[{"href":"https:\/\/informelitoral.com.ar\/%77%70%2d%6a%73%6f%6e\/wp\/v2\/posts"}],"about":[{"href":"https:\/\/informelitoral.com.ar\/%77%70%2d%6a%73%6f%6e\/wp\/v2\/types\/post"}],"author":[{"embeddable":true,"href":"https:\/\/informelitoral.com.ar\/%77%70%2d%6a%73%6f%6e\/wp\/v2\/users\/2"}],"replies":[{"embeddable":true,"href":"https:\/\/informelitoral.com.ar\/%77%70%2d%6a%73%6f%6e\/wp\/v2\/comments?post=45600"}],"version-history":[{"count":0,"href":"https:\/\/informelitoral.com.ar\/%77%70%2d%6a%73%6f%6e\/wp\/v2\/posts\/45600\/revisions"}],"wp:featuredmedia":[{"embeddable":true,"href":"https:\/\/informelitoral.com.ar\/%77%70%2d%6a%73%6f%6e\/wp\/v2\/media\/27478"}],"wp:attachment":[{"href":"https:\/\/informelitoral.com.ar\/%77%70%2d%6a%73%6f%6e\/wp\/v2\/media?parent=45600"}],"wp:term":[{"taxonomy":"category","embeddable":true,"href":"https:\/\/informelitoral.com.ar\/%77%70%2d%6a%73%6f%6e\/wp\/v2\/categories?post=45600"},{"taxonomy":"post_tag","embeddable":true,"href":"https:\/\/informelitoral.com.ar\/%77%70%2d%6a%73%6f%6e\/wp\/v2\/tags?post=45600"}],"curies":[{"name":"wp","href":"https:\/\/api.w.org\/{rel}","templated":true}]}}