{"id":45559,"date":"2020-07-10T15:35:07","date_gmt":"2020-07-10T18:35:07","guid":{"rendered":"https:\/\/www.isletasnoticias.com.ar\/?p=45559"},"modified":"2020-07-10T15:35:07","modified_gmt":"2020-07-10T18:35:07","slug":"kicillof-los-contagios-que-estamos-viendo-hoy-son-previos-a-la-cuarentena-mas-fuerte","status":"publish","type":"post","link":"https:\/\/informelitoral.com.ar\/kicillof-los-contagios-que-estamos-viendo-hoy-son-previos-a-la-cuarentena-mas-fuerte\/","title":{"rendered":"Kicillof: \u00abLos contagios que estamos viendo hoy son previos a la cuarentena m\u00e1s fuerte\u00bb"},"content":{"rendered":"<p>El gobernador de la provincia de Buenos Aires, Axel Kicillof, expres\u00f3 que es \u00abbastante optimista\u00bb en relaci\u00f3n al resultado de la actual fase del aislamiento, con mayores restricciones en el \u00c1rea Metropolitana Buenos Aires (AMBA) que concluye el pr\u00f3ximo viernes 17, y reafirm\u00f3 que \u00abla idea es reducir los contagios de todos los modos\u00bb posibles.<\/p>\n<p>\u00abSoy bastante optimista con el acatamiento de la cuarentena m\u00e1s estricta: se ha reducido, seg\u00fan todos los indicadores, la movilidad\u00bb, destac\u00f3 en declaraciones a AM750, en las que agreg\u00f3 que uno de los temas m\u00e1s complejos es que, entre las medidas que se toman y los resultados que se obtienen, pasa \u00abun tiempo bastante largo, de diez o quince d\u00edas\u00bb. \u00abSi hay una correlaci\u00f3n directa y una consecuencia que tiene la baja de movilidad, es la baja de contagios. Eso todav\u00eda no se observa porque lo que estamos viendo hoy en los tests, son contagios que ocurrieron en los \u00faltimos d\u00edas previos a una cuarentena m\u00e1s fuerte\u00bb, explic\u00f3 el mandatario provincial.<\/p>\n<p>En ese marco, Kicillof resalt\u00f3 que \u00absiempre tenemos expectativas de que esta medida m\u00e1s fuerte tenga un efecto sobre los contagios que siguen creciendo porque la movilidad y la circulaci\u00f3n del virus ven\u00eda creciendo durante la cuarentena\u00bb.<\/p>\n<p>En este sentido, indic\u00f3 que, con el ingreso a la nueva fase del aislamiento, con medidas m\u00e1s restrictivas, \u00abeso es lo que se evit\u00f3 y esperamos que los resultados sean m\u00e1s determinantes\u00bb. El gobernador de la provincia dijo adem\u00e1s que \u00ablo que preocupa es que se van acumulando los casos de gravedad\u00bb, y tambi\u00e9n \u00abla duraci\u00f3n de la internaci\u00f3n, sobre todo si es de gravedad, porque se extiende mucho hasta la recuperaci\u00f3n y cuando no se produce lamentablemente se trata de un fallecimiento\u00bb. \u00abEsta situaci\u00f3n, en todo el planeta, fue llenando las camas de los sistemas sanitarios, hasta en los m\u00e1s robustos y ricos del mundo\u00bb, agreg\u00f3.<\/p>\n<p>\u00abAc\u00e1 la idea es reducir los contagios de todos los modos. Estamos haciendo operativos y ya llevamos 370 mil personas alcanzadas por los operativos DetectAR en la provincia de Buenos Aires: se llama, se buscan a los contactos y se trata de que se a\u00edslen\u00bb, a\u00f1adi\u00f3.<\/p>\n<p>Por \u00faltimo, sostuvo que \u00ablo \u00fanico que tiene efecto en todos los pa\u00edses del mundo, incluso en aquellos que parec\u00edan haber superado la enfermedad y que vuelve un brote, es un tipo de aislamiento m\u00e1s fuerte\u00bb. (Fuente: Perfil.com)<\/p>\n","protected":false},"excerpt":{"rendered":"<p>El gobernador de la provincia de Buenos Aires, Axel Kicillof, expres&oacute; que es &laquo;bastante optimista&raquo; en relaci&oacute;n al resultado de la actual fase del aislamiento, con mayores restricciones en el &Aacute;rea Metropolitana Buenos Aires (AMBA) que concluye el pr&oacute;ximo viernes 17, y reafirm&oacute; que &laquo;la idea es reducir los contagios de todos los modos&raquo; posibles. [&hellip;]<\/p>\n","protected":false},"author":8,"featured_media":45560,"comment_status":"open","ping_status":"open","sticky":false,"template":"","format":"standard","meta":{"fifu_image_url":"","fifu_image_alt":"","footnotes":""},"categories":[16],"tags":[],"class_list":{"0":"post-45559","1":"post","2":"type-post","3":"status-publish","4":"format-standard","5":"has-post-thumbnail","7":"category-politi"},"yoast_head":"<title>Kicillof: &quot;Los contagios que estamos viendo hoy son previos a la cuarentena m\u00e1s fuerte&quot; - Informe Litoral<\/title>\n<meta name=\"robots\" content=\"index, follow, max-snippet:-1, max-image-preview:large, max-video-preview:-1\" \/>\n<link rel=\"canonical\" href=\"https:\/\/informelitoral.com.ar\/kicillof-los-contagios-que-estamos-viendo-hoy-son-previos-a-la-cuarentena-mas-fuerte\/\" \/>\n<meta property=\"og:locale\" content=\"es_ES\" \/>\n<meta property=\"og:type\" content=\"article\" \/>\n<meta property=\"og:title\" content=\"Kicillof: &quot;Los contagios que estamos viendo hoy son previos a la cuarentena m\u00e1s fuerte&quot; - Informe Litoral\" \/>\n<meta property=\"og:description\" content=\"El gobernador de la provincia de Buenos Aires, Axel Kicillof, expres&oacute; que es &laquo;bastante optimista&raquo; en relaci&oacute;n al resultado de la actual fase del aislamiento, con mayores restricciones en el &Aacute;rea Metropolitana Buenos Aires (AMBA) que concluye el pr&oacute;ximo viernes 17, y reafirm&oacute; que &laquo;la idea es reducir los contagios de todos los modos&raquo; posibles. [&hellip;]\" \/>\n<meta property=\"og:url\" content=\"https:\/\/informelitoral.com.ar\/kicillof-los-contagios-que-estamos-viendo-hoy-son-previos-a-la-cuarentena-mas-fuerte\/\" \/>\n<meta property=\"og:site_name\" content=\"Informe Litoral\" \/>\n<meta property=\"article:publisher\" content=\"https:\/\/www.facebook.com\/informelitoral\/\" \/>\n<meta property=\"article:published_time\" content=\"2020-07-10T18:35:07+00:00\" \/>\n<meta property=\"og:image\" content=\"https:\/\/informelitoral.com.ar\/%77%70%2d%63%6f%6e%74%65%6e%74\/uploads\/2020\/07\/Axel-Kicillof.jpg\" \/>\n\t<meta property=\"og:image:width\" content=\"959\" \/>\n\t<meta property=\"og:image:height\" content=\"540\" \/>\n\t<meta property=\"og:image:type\" content=\"image\/jpeg\" \/>\n<meta name=\"author\" content=\"Sebastian\" \/>\n<meta name=\"twitter:card\" content=\"summary_large_image\" \/>\n<meta name=\"twitter:creator\" content=\"@InformeLitoral\" \/>\n<meta name=\"twitter:site\" content=\"@InformeLitoral\" \/>\n<meta name=\"twitter:label1\" content=\"Escrito por\" \/>\n\t<meta name=\"twitter:data1\" content=\"Sebastian\" \/>\n\t<meta name=\"twitter:label2\" content=\"Tiempo de lectura\" \/>\n\t<meta name=\"twitter:data2\" content=\"2 minutos\" \/>\n<script type=\"application\/ld+json\" class=\"yoast-schema-graph\">{\"@context\":\"https:\\\/\\\/schema.org\",\"@graph\":[{\"@type\":\"Article\",\"@id\":\"https:\\\/\\\/informelitoral.com.ar\\\/kicillof-los-contagios-que-estamos-viendo-hoy-son-previos-a-la-cuarentena-mas-fuerte\\\/#article\",\"isPartOf\":{\"@id\":\"https:\\\/\\\/informelitoral.com.ar\\\/kicillof-los-contagios-que-estamos-viendo-hoy-son-previos-a-la-cuarentena-mas-fuerte\\\/\"},\"author\":{\"name\":\"Sebastian\",\"@id\":\"https:\\\/\\\/informelitoral.com.ar\\\/#\\\/schema\\\/person\\\/f05f9f461677119578717524b127d6d5\"},\"headline\":\"Kicillof: \u00abLos contagios que estamos viendo hoy son previos a la cuarentena m\u00e1s fuerte\u00bb\",\"datePublished\":\"2020-07-10T18:35:07+00:00\",\"mainEntityOfPage\":{\"@id\":\"https:\\\/\\\/informelitoral.com.ar\\\/kicillof-los-contagios-que-estamos-viendo-hoy-son-previos-a-la-cuarentena-mas-fuerte\\\/\"},\"wordCount\":435,\"commentCount\":0,\"publisher\":{\"@id\":\"https:\\\/\\\/informelitoral.com.ar\\\/#organization\"},\"image\":{\"@id\":\"https:\\\/\\\/informelitoral.com.ar\\\/kicillof-los-contagios-que-estamos-viendo-hoy-son-previos-a-la-cuarentena-mas-fuerte\\\/#primaryimage\"},\"thumbnailUrl\":\"https:\\\/\\\/informelitoral.com.ar\\\/%77%70%2d%63%6f%6e%74%65%6e%74\\\/uploads\\\/2020\\\/07\\\/Axel-Kicillof.jpg\",\"articleSection\":[\"Politica\"],\"inLanguage\":\"es\",\"potentialAction\":[{\"@type\":\"CommentAction\",\"name\":\"Comment\",\"target\":[\"https:\\\/\\\/informelitoral.com.ar\\\/kicillof-los-contagios-que-estamos-viendo-hoy-son-previos-a-la-cuarentena-mas-fuerte\\\/#respond\"]}]},{\"@type\":\"WebPage\",\"@id\":\"https:\\\/\\\/informelitoral.com.ar\\\/kicillof-los-contagios-que-estamos-viendo-hoy-son-previos-a-la-cuarentena-mas-fuerte\\\/\",\"url\":\"https:\\\/\\\/informelitoral.com.ar\\\/kicillof-los-contagios-que-estamos-viendo-hoy-son-previos-a-la-cuarentena-mas-fuerte\\\/\",\"name\":\"Kicillof: \\\"Los contagios que estamos viendo hoy son previos a la cuarentena m\u00e1s fuerte\\\" - Informe Litoral\",\"isPartOf\":{\"@id\":\"https:\\\/\\\/informelitoral.com.ar\\\/#website\"},\"primaryImageOfPage\":{\"@id\":\"https:\\\/\\\/informelitoral.com.ar\\\/kicillof-los-contagios-que-estamos-viendo-hoy-son-previos-a-la-cuarentena-mas-fuerte\\\/#primaryimage\"},\"image\":{\"@id\":\"https:\\\/\\\/informelitoral.com.ar\\\/kicillof-los-contagios-que-estamos-viendo-hoy-son-previos-a-la-cuarentena-mas-fuerte\\\/#primaryimage\"},\"thumbnailUrl\":\"https:\\\/\\\/informelitoral.com.ar\\\/%77%70%2d%63%6f%6e%74%65%6e%74\\\/uploads\\\/2020\\\/07\\\/Axel-Kicillof.jpg\",\"datePublished\":\"2020-07-10T18:35:07+00:00\",\"breadcrumb\":{\"@id\":\"https:\\\/\\\/informelitoral.com.ar\\\/kicillof-los-contagios-que-estamos-viendo-hoy-son-previos-a-la-cuarentena-mas-fuerte\\\/#breadcrumb\"},\"inLanguage\":\"es\",\"potentialAction\":[{\"@type\":\"ReadAction\",\"target\":[\"https:\\\/\\\/informelitoral.com.ar\\\/kicillof-los-contagios-que-estamos-viendo-hoy-son-previos-a-la-cuarentena-mas-fuerte\\\/\"]}]},{\"@type\":\"ImageObject\",\"inLanguage\":\"es\",\"@id\":\"https:\\\/\\\/informelitoral.com.ar\\\/kicillof-los-contagios-que-estamos-viendo-hoy-son-previos-a-la-cuarentena-mas-fuerte\\\/#primaryimage\",\"url\":\"https:\\\/\\\/informelitoral.com.ar\\\/%77%70%2d%63%6f%6e%74%65%6e%74\\\/uploads\\\/2020\\\/07\\\/Axel-Kicillof.jpg\",\"contentUrl\":\"https:\\\/\\\/informelitoral.com.ar\\\/%77%70%2d%63%6f%6e%74%65%6e%74\\\/uploads\\\/2020\\\/07\\\/Axel-Kicillof.jpg\",\"width\":959,\"height\":540},{\"@type\":\"BreadcrumbList\",\"@id\":\"https:\\\/\\\/informelitoral.com.ar\\\/kicillof-los-contagios-que-estamos-viendo-hoy-son-previos-a-la-cuarentena-mas-fuerte\\\/#breadcrumb\",\"itemListElement\":[{\"@type\":\"ListItem\",\"position\":1,\"name\":\"Portada\",\"item\":\"https:\\\/\\\/informelitoral.com.ar\\\/\"},{\"@type\":\"ListItem\",\"position\":2,\"name\":\"Kicillof: \u00abLos contagios que estamos viendo hoy son previos a la cuarentena m\u00e1s fuerte\u00bb\"}]},{\"@type\":\"WebSite\",\"@id\":\"https:\\\/\\\/informelitoral.com.ar\\\/#website\",\"url\":\"https:\\\/\\\/informelitoral.com.ar\\\/\",\"name\":\"Informe Litoral\",\"description\":\"&quot;Nos informamos&quot; \",\"publisher\":{\"@id\":\"https:\\\/\\\/informelitoral.com.ar\\\/#organization\"},\"potentialAction\":[{\"@type\":\"SearchAction\",\"target\":{\"@type\":\"EntryPoint\",\"urlTemplate\":\"https:\\\/\\\/informelitoral.com.ar\\\/?s={search_term_string}\"},\"query-input\":{\"@type\":\"PropertyValueSpecification\",\"valueRequired\":true,\"valueName\":\"search_term_string\"}}],\"inLanguage\":\"es\"},{\"@type\":\"Organization\",\"@id\":\"https:\\\/\\\/informelitoral.com.ar\\\/#organization\",\"name\":\"Informe Litoral\",\"url\":\"https:\\\/\\\/informelitoral.com.ar\\\/\",\"logo\":{\"@type\":\"ImageObject\",\"inLanguage\":\"es\",\"@id\":\"https:\\\/\\\/informelitoral.com.ar\\\/#\\\/schema\\\/logo\\\/image\\\/\",\"url\":\"https:\\\/\\\/informelitoral.com.ar\\\/%77%70%2d%63%6f%6e%74%65%6e%74\\\/uploads\\\/2021\\\/01\\\/circulo.png\",\"contentUrl\":\"https:\\\/\\\/informelitoral.com.ar\\\/%77%70%2d%63%6f%6e%74%65%6e%74\\\/uploads\\\/2021\\\/01\\\/circulo.png\",\"width\":723,\"height\":731,\"caption\":\"Informe Litoral\"},\"image\":{\"@id\":\"https:\\\/\\\/informelitoral.com.ar\\\/#\\\/schema\\\/logo\\\/image\\\/\"},\"sameAs\":[\"https:\\\/\\\/www.facebook.com\\\/informelitoral\\\/\",\"https:\\\/\\\/x.com\\\/InformeLitoral\",\"https:\\\/\\\/www.instagram.com\\\/informelitoral\\\/\",\"https:\\\/\\\/www.youtube.com\\\/channel\\\/UCua4Qvz8Icb6MYqhoq9xLXw\"]},{\"@type\":\"Person\",\"@id\":\"https:\\\/\\\/informelitoral.com.ar\\\/#\\\/schema\\\/person\\\/f05f9f461677119578717524b127d6d5\",\"name\":\"Sebastian\",\"image\":{\"@type\":\"ImageObject\",\"inLanguage\":\"es\",\"@id\":\"https:\\\/\\\/secure.gravatar.com\\\/avatar\\\/b71bf7481d447dfb9583c7f2798e7cc64de6efb9067b74633ed8c31059a3bd82?s=96&d=mm&r=g\",\"url\":\"https:\\\/\\\/secure.gravatar.com\\\/avatar\\\/b71bf7481d447dfb9583c7f2798e7cc64de6efb9067b74633ed8c31059a3bd82?s=96&d=mm&r=g\",\"contentUrl\":\"https:\\\/\\\/secure.gravatar.com\\\/avatar\\\/b71bf7481d447dfb9583c7f2798e7cc64de6efb9067b74633ed8c31059a3bd82?s=96&d=mm&r=g\",\"caption\":\"Sebastian\"},\"url\":\"https:\\\/\\\/informelitoral.com.ar\\\/author\\\/sebastian\\\/\"}]}<\/script>","yoast_head_json":{"title":"Kicillof: \"Los contagios que estamos viendo hoy son previos a la cuarentena m\u00e1s fuerte\" - Informe Litoral","robots":{"index":"index","follow":"follow","max-snippet":"max-snippet:-1","max-image-preview":"max-image-preview:large","max-video-preview":"max-video-preview:-1"},"canonical":"https:\/\/informelitoral.com.ar\/kicillof-los-contagios-que-estamos-viendo-hoy-son-previos-a-la-cuarentena-mas-fuerte\/","og_locale":"es_ES","og_type":"article","og_title":"Kicillof: \"Los contagios que estamos viendo hoy son previos a la cuarentena m\u00e1s fuerte\" - Informe Litoral","og_description":"El gobernador de la provincia de Buenos Aires, Axel Kicillof, expres&oacute; que es &laquo;bastante optimista&raquo; en relaci&oacute;n al resultado de la actual fase del aislamiento, con mayores restricciones en el &Aacute;rea Metropolitana Buenos Aires (AMBA) que concluye el pr&oacute;ximo viernes 17, y reafirm&oacute; que &laquo;la idea es reducir los contagios de todos los modos&raquo; posibles. [&hellip;]","og_url":"https:\/\/informelitoral.com.ar\/kicillof-los-contagios-que-estamos-viendo-hoy-son-previos-a-la-cuarentena-mas-fuerte\/","og_site_name":"Informe Litoral","article_publisher":"https:\/\/www.facebook.com\/informelitoral\/","article_published_time":"2020-07-10T18:35:07+00:00","og_image":[{"width":959,"height":540,"url":"https:\/\/informelitoral.com.ar\/%77%70%2d%63%6f%6e%74%65%6e%74\/uploads\/2020\/07\/Axel-Kicillof.jpg","type":"image\/jpeg"}],"author":"Sebastian","twitter_card":"summary_large_image","twitter_creator":"@InformeLitoral","twitter_site":"@InformeLitoral","twitter_misc":{"Escrito por":"Sebastian","Tiempo de lectura":"2 minutos"},"schema":{"@context":"https:\/\/schema.org","@graph":[{"@type":"Article","@id":"https:\/\/informelitoral.com.ar\/kicillof-los-contagios-que-estamos-viendo-hoy-son-previos-a-la-cuarentena-mas-fuerte\/#article","isPartOf":{"@id":"https:\/\/informelitoral.com.ar\/kicillof-los-contagios-que-estamos-viendo-hoy-son-previos-a-la-cuarentena-mas-fuerte\/"},"author":{"name":"Sebastian","@id":"https:\/\/informelitoral.com.ar\/#\/schema\/person\/f05f9f461677119578717524b127d6d5"},"headline":"Kicillof: \u00abLos contagios que estamos viendo hoy son previos a la cuarentena m\u00e1s fuerte\u00bb","datePublished":"2020-07-10T18:35:07+00:00","mainEntityOfPage":{"@id":"https:\/\/informelitoral.com.ar\/kicillof-los-contagios-que-estamos-viendo-hoy-son-previos-a-la-cuarentena-mas-fuerte\/"},"wordCount":435,"commentCount":0,"publisher":{"@id":"https:\/\/informelitoral.com.ar\/#organization"},"image":{"@id":"https:\/\/informelitoral.com.ar\/kicillof-los-contagios-que-estamos-viendo-hoy-son-previos-a-la-cuarentena-mas-fuerte\/#primaryimage"},"thumbnailUrl":"https:\/\/informelitoral.com.ar\/%77%70%2d%63%6f%6e%74%65%6e%74\/uploads\/2020\/07\/Axel-Kicillof.jpg","articleSection":["Politica"],"inLanguage":"es","potentialAction":[{"@type":"CommentAction","name":"Comment","target":["https:\/\/informelitoral.com.ar\/kicillof-los-contagios-que-estamos-viendo-hoy-son-previos-a-la-cuarentena-mas-fuerte\/#respond"]}]},{"@type":"WebPage","@id":"https:\/\/informelitoral.com.ar\/kicillof-los-contagios-que-estamos-viendo-hoy-son-previos-a-la-cuarentena-mas-fuerte\/","url":"https:\/\/informelitoral.com.ar\/kicillof-los-contagios-que-estamos-viendo-hoy-son-previos-a-la-cuarentena-mas-fuerte\/","name":"Kicillof: \"Los contagios que estamos viendo hoy son previos a la cuarentena m\u00e1s fuerte\" - Informe Litoral","isPartOf":{"@id":"https:\/\/informelitoral.com.ar\/#website"},"primaryImageOfPage":{"@id":"https:\/\/informelitoral.com.ar\/kicillof-los-contagios-que-estamos-viendo-hoy-son-previos-a-la-cuarentena-mas-fuerte\/#primaryimage"},"image":{"@id":"https:\/\/informelitoral.com.ar\/kicillof-los-contagios-que-estamos-viendo-hoy-son-previos-a-la-cuarentena-mas-fuerte\/#primaryimage"},"thumbnailUrl":"https:\/\/informelitoral.com.ar\/%77%70%2d%63%6f%6e%74%65%6e%74\/uploads\/2020\/07\/Axel-Kicillof.jpg","datePublished":"2020-07-10T18:35:07+00:00","breadcrumb":{"@id":"https:\/\/informelitoral.com.ar\/kicillof-los-contagios-que-estamos-viendo-hoy-son-previos-a-la-cuarentena-mas-fuerte\/#breadcrumb"},"inLanguage":"es","potentialAction":[{"@type":"ReadAction","target":["https:\/\/informelitoral.com.ar\/kicillof-los-contagios-que-estamos-viendo-hoy-son-previos-a-la-cuarentena-mas-fuerte\/"]}]},{"@type":"ImageObject","inLanguage":"es","@id":"https:\/\/informelitoral.com.ar\/kicillof-los-contagios-que-estamos-viendo-hoy-son-previos-a-la-cuarentena-mas-fuerte\/#primaryimage","url":"https:\/\/informelitoral.com.ar\/%77%70%2d%63%6f%6e%74%65%6e%74\/uploads\/2020\/07\/Axel-Kicillof.jpg","contentUrl":"https:\/\/informelitoral.com.ar\/%77%70%2d%63%6f%6e%74%65%6e%74\/uploads\/2020\/07\/Axel-Kicillof.jpg","width":959,"height":540},{"@type":"BreadcrumbList","@id":"https:\/\/informelitoral.com.ar\/kicillof-los-contagios-que-estamos-viendo-hoy-son-previos-a-la-cuarentena-mas-fuerte\/#breadcrumb","itemListElement":[{"@type":"ListItem","position":1,"name":"Portada","item":"https:\/\/informelitoral.com.ar\/"},{"@type":"ListItem","position":2,"name":"Kicillof: \u00abLos contagios que estamos viendo hoy son previos a la cuarentena m\u00e1s fuerte\u00bb"}]},{"@type":"WebSite","@id":"https:\/\/informelitoral.com.ar\/#website","url":"https:\/\/informelitoral.com.ar\/","name":"Informe Litoral","description":"&quot;Nos informamos&quot; ","publisher":{"@id":"https:\/\/informelitoral.com.ar\/#organization"},"potentialAction":[{"@type":"SearchAction","target":{"@type":"EntryPoint","urlTemplate":"https:\/\/informelitoral.com.ar\/?s={search_term_string}"},"query-input":{"@type":"PropertyValueSpecification","valueRequired":true,"valueName":"search_term_string"}}],"inLanguage":"es"},{"@type":"Organization","@id":"https:\/\/informelitoral.com.ar\/#organization","name":"Informe Litoral","url":"https:\/\/informelitoral.com.ar\/","logo":{"@type":"ImageObject","inLanguage":"es","@id":"https:\/\/informelitoral.com.ar\/#\/schema\/logo\/image\/","url":"https:\/\/informelitoral.com.ar\/%77%70%2d%63%6f%6e%74%65%6e%74\/uploads\/2021\/01\/circulo.png","contentUrl":"https:\/\/informelitoral.com.ar\/%77%70%2d%63%6f%6e%74%65%6e%74\/uploads\/2021\/01\/circulo.png","width":723,"height":731,"caption":"Informe Litoral"},"image":{"@id":"https:\/\/informelitoral.com.ar\/#\/schema\/logo\/image\/"},"sameAs":["https:\/\/www.facebook.com\/informelitoral\/","https:\/\/x.com\/InformeLitoral","https:\/\/www.instagram.com\/informelitoral\/","https:\/\/www.youtube.com\/channel\/UCua4Qvz8Icb6MYqhoq9xLXw"]},{"@type":"Person","@id":"https:\/\/informelitoral.com.ar\/#\/schema\/person\/f05f9f461677119578717524b127d6d5","name":"Sebastian","image":{"@type":"ImageObject","inLanguage":"es","@id":"https:\/\/secure.gravatar.com\/avatar\/b71bf7481d447dfb9583c7f2798e7cc64de6efb9067b74633ed8c31059a3bd82?s=96&d=mm&r=g","url":"https:\/\/secure.gravatar.com\/avatar\/b71bf7481d447dfb9583c7f2798e7cc64de6efb9067b74633ed8c31059a3bd82?s=96&d=mm&r=g","contentUrl":"https:\/\/secure.gravatar.com\/avatar\/b71bf7481d447dfb9583c7f2798e7cc64de6efb9067b74633ed8c31059a3bd82?s=96&d=mm&r=g","caption":"Sebastian"},"url":"https:\/\/informelitoral.com.ar\/author\/sebastian\/"}]}},"_links":{"self":[{"href":"https:\/\/informelitoral.com.ar\/%77%70%2d%6a%73%6f%6e\/wp\/v2\/posts\/45559","targetHints":{"allow":["GET"]}}],"collection":[{"href":"https:\/\/informelitoral.com.ar\/%77%70%2d%6a%73%6f%6e\/wp\/v2\/posts"}],"about":[{"href":"https:\/\/informelitoral.com.ar\/%77%70%2d%6a%73%6f%6e\/wp\/v2\/types\/post"}],"author":[{"embeddable":true,"href":"https:\/\/informelitoral.com.ar\/%77%70%2d%6a%73%6f%6e\/wp\/v2\/users\/8"}],"replies":[{"embeddable":true,"href":"https:\/\/informelitoral.com.ar\/%77%70%2d%6a%73%6f%6e\/wp\/v2\/comments?post=45559"}],"version-history":[{"count":0,"href":"https:\/\/informelitoral.com.ar\/%77%70%2d%6a%73%6f%6e\/wp\/v2\/posts\/45559\/revisions"}],"wp:featuredmedia":[{"embeddable":true,"href":"https:\/\/informelitoral.com.ar\/%77%70%2d%6a%73%6f%6e\/wp\/v2\/media\/45560"}],"wp:attachment":[{"href":"https:\/\/informelitoral.com.ar\/%77%70%2d%6a%73%6f%6e\/wp\/v2\/media?parent=45559"}],"wp:term":[{"taxonomy":"category","embeddable":true,"href":"https:\/\/informelitoral.com.ar\/%77%70%2d%6a%73%6f%6e\/wp\/v2\/categories?post=45559"},{"taxonomy":"post_tag","embeddable":true,"href":"https:\/\/informelitoral.com.ar\/%77%70%2d%6a%73%6f%6e\/wp\/v2\/tags?post=45559"}],"curies":[{"name":"wp","href":"https:\/\/api.w.org\/{rel}","templated":true}]}}