{"id":45551,"date":"2020-07-10T15:01:29","date_gmt":"2020-07-10T18:01:29","guid":{"rendered":"https:\/\/www.isletasnoticias.com.ar\/?p=45551"},"modified":"2020-07-13T13:38:18","modified_gmt":"2020-07-13T16:38:18","slug":"coronavirus-quieren-probar-en-la-argentina-una-vacuna-contra-el-covid-19","status":"publish","type":"post","link":"https:\/\/informelitoral.com.ar\/coronavirus-quieren-probar-en-la-argentina-una-vacuna-contra-el-covid-19\/","title":{"rendered":"Coronavirus: quieren probar en la Argentina una vacuna contra el COVID-19"},"content":{"rendered":"<p>Las compa\u00f1\u00edas farmac\u00e9uticas Pfizer Inc. y BioNTech S.E. anunciaron que quieren realizar en\u00a0<strong>la Argentina\u00a0<\/strong>una de las fases de prueba con personas<strong>\u00a0de su vacuna contra el coronavirus.<\/strong><\/p>\n<p>\u00abLa selecci\u00f3n de un centro en la Argentina para llevar adelante estos estudios estuvo basada en distintos factores, los cuales incluyen la experiencia cient\u00edfica y las capacidades operativas del equipo del Investigador Principal, la epidemiolog\u00eda de la enfermedad,<strong>\u00a0as\u00ed como la experiencia previa de la Argentina en la realizaci\u00f3n de estudios cl\u00ednicos<\/strong>\u00ab, informaron las compa\u00f1\u00edas mediante un comunicado, citado por la agencia\u00a0<em>T\u00e9lam<\/em>.<\/p>\n<p><strong>Se trata de la Fase 2b\/3<\/strong>\u00a0de la vacuna candidata con tecnolog\u00eda \u00abARN mensajero\u00bb, que actualmente est\u00e1 en fase 1\/2 y de la que el 1 de julio se anunciaron datos preliminares que se calificaron como \u00abpositivos\u00bb. Los laboratorios\u00a0<strong>est\u00e1n a la espera de la aprobaci\u00f3n regulatoria de la ANMAT.<\/strong><\/p>\n<p>En este contexto, el presidente Alberto Fern\u00e1ndez recibi\u00f3 este viernes en la Quinta de Olivos\u00a0<strong>al investigador principal del estudio en el pa\u00eds, Fernando Polack<\/strong>, y a Nicolas Vaquer, gerente General de Pfizer Argentina.<\/p>\n<p>\u00abEstamos orgullosos de que la comunidad cient\u00edfica en Argentina<strong>\u00a0tenga un papel clave\u00a0<\/strong>en los esfuerzos de investigaci\u00f3n global y en la lucha contra el COVID-19. Nos tomamos esta responsabilidad muy seriamente y confiamos en que la ciencia ganar\u00e1\u00bb, se\u00f1al\u00f3 Polack, director cient\u00edfico de la Fundaci\u00f3n INFANT, seg\u00fan la agencia oficial.<\/p>\n<p>Ambas compa\u00f1\u00edas declararon que\u00a0<strong>esperan comenzar con los estudios cuanto antes<\/strong>. \u00abEl inicio est\u00e1 planificado para principios de agosto, sujeto a la aprobaci\u00f3n regulatoria de la ANMAT\u00bb, se\u00f1alaron en el comunicado. La de Pfizer y BioNTech es una\u00a0<strong>de las 12 vacunas\u00a0<\/strong>que est\u00e1n siendo probadas en seres humanos (fase cl\u00ednica) alrededor del mundo seg\u00fan los registros de la Organizaci\u00f3n Mundial de la Salud. (Fuente: TN.com)<\/p>\n","protected":false},"excerpt":{"rendered":"<p>Las compa&ntilde;&iacute;as farmac&eacute;uticas Pfizer Inc. y BioNTech S.E. anunciaron que quieren realizar en&nbsp;la Argentina&nbsp;una de las fases de prueba con personas&nbsp;de su vacuna contra el coronavirus. &laquo;La selecci&oacute;n de un centro en la Argentina para llevar adelante estos estudios estuvo basada en distintos factores, los cuales incluyen la experiencia cient&iacute;fica y las capacidades operativas del [&hellip;]<\/p>\n","protected":false},"author":8,"featured_media":45552,"comment_status":"open","ping_status":"open","sticky":false,"template":"","format":"standard","meta":{"fifu_image_url":"","fifu_image_alt":"","footnotes":""},"categories":[7],"tags":[],"class_list":{"0":"post-45551","1":"post","2":"type-post","3":"status-publish","4":"format-standard","5":"has-post-thumbnail","7":"category-nacionales"},"yoast_head":"<title>Coronavirus: quieren probar en la Argentina una vacuna contra el COVID-19 - Informe Litoral<\/title>\n<meta name=\"robots\" content=\"index, follow, max-snippet:-1, max-image-preview:large, max-video-preview:-1\" \/>\n<link rel=\"canonical\" href=\"https:\/\/informelitoral.com.ar\/coronavirus-quieren-probar-en-la-argentina-una-vacuna-contra-el-covid-19\/\" \/>\n<meta property=\"og:locale\" content=\"es_ES\" \/>\n<meta property=\"og:type\" content=\"article\" \/>\n<meta property=\"og:title\" content=\"Coronavirus: quieren probar en la Argentina una vacuna contra el COVID-19 - Informe Litoral\" \/>\n<meta property=\"og:description\" content=\"Las compa&ntilde;&iacute;as farmac&eacute;uticas Pfizer Inc. y BioNTech S.E. anunciaron que quieren realizar en&nbsp;la Argentina&nbsp;una de las fases de prueba con personas&nbsp;de su vacuna contra el coronavirus. &laquo;La selecci&oacute;n de un centro en la Argentina para llevar adelante estos estudios estuvo basada en distintos factores, los cuales incluyen la experiencia cient&iacute;fica y las capacidades operativas del [&hellip;]\" \/>\n<meta property=\"og:url\" content=\"https:\/\/informelitoral.com.ar\/coronavirus-quieren-probar-en-la-argentina-una-vacuna-contra-el-covid-19\/\" \/>\n<meta property=\"og:site_name\" content=\"Informe Litoral\" \/>\n<meta property=\"article:publisher\" content=\"https:\/\/www.facebook.com\/informelitoral\/\" \/>\n<meta property=\"article:published_time\" content=\"2020-07-10T18:01:29+00:00\" \/>\n<meta property=\"article:modified_time\" content=\"2020-07-13T16:38:18+00:00\" \/>\n<meta property=\"og:image\" content=\"https:\/\/informelitoral.com.ar\/%77%70%2d%63%6f%6e%74%65%6e%74\/uploads\/2020\/07\/covidvacune.jpeg\" \/>\n\t<meta property=\"og:image:width\" content=\"612\" \/>\n\t<meta property=\"og:image:height\" content=\"340\" \/>\n\t<meta property=\"og:image:type\" content=\"image\/jpeg\" \/>\n<meta name=\"author\" content=\"Sebastian\" \/>\n<meta name=\"twitter:card\" content=\"summary_large_image\" \/>\n<meta name=\"twitter:creator\" content=\"@InformeLitoral\" \/>\n<meta name=\"twitter:site\" content=\"@InformeLitoral\" \/>\n<meta name=\"twitter:label1\" content=\"Escrito por\" \/>\n\t<meta name=\"twitter:data1\" content=\"Sebastian\" \/>\n\t<meta name=\"twitter:label2\" content=\"Tiempo de lectura\" \/>\n\t<meta name=\"twitter:data2\" content=\"2 minutos\" \/>\n<script type=\"application\/ld+json\" class=\"yoast-schema-graph\">{\"@context\":\"https:\\\/\\\/schema.org\",\"@graph\":[{\"@type\":\"Article\",\"@id\":\"https:\\\/\\\/informelitoral.com.ar\\\/coronavirus-quieren-probar-en-la-argentina-una-vacuna-contra-el-covid-19\\\/#article\",\"isPartOf\":{\"@id\":\"https:\\\/\\\/informelitoral.com.ar\\\/coronavirus-quieren-probar-en-la-argentina-una-vacuna-contra-el-covid-19\\\/\"},\"author\":{\"name\":\"Sebastian\",\"@id\":\"https:\\\/\\\/informelitoral.com.ar\\\/#\\\/schema\\\/person\\\/f05f9f461677119578717524b127d6d5\"},\"headline\":\"Coronavirus: quieren probar en la Argentina una vacuna contra el COVID-19\",\"datePublished\":\"2020-07-10T18:01:29+00:00\",\"dateModified\":\"2020-07-13T16:38:18+00:00\",\"mainEntityOfPage\":{\"@id\":\"https:\\\/\\\/informelitoral.com.ar\\\/coronavirus-quieren-probar-en-la-argentina-una-vacuna-contra-el-covid-19\\\/\"},\"wordCount\":330,\"commentCount\":0,\"publisher\":{\"@id\":\"https:\\\/\\\/informelitoral.com.ar\\\/#organization\"},\"image\":{\"@id\":\"https:\\\/\\\/informelitoral.com.ar\\\/coronavirus-quieren-probar-en-la-argentina-una-vacuna-contra-el-covid-19\\\/#primaryimage\"},\"thumbnailUrl\":\"https:\\\/\\\/informelitoral.com.ar\\\/%77%70%2d%63%6f%6e%74%65%6e%74\\\/uploads\\\/2020\\\/07\\\/covidvacune.jpeg\",\"articleSection\":[\"Nacionales\"],\"inLanguage\":\"es\",\"potentialAction\":[{\"@type\":\"CommentAction\",\"name\":\"Comment\",\"target\":[\"https:\\\/\\\/informelitoral.com.ar\\\/coronavirus-quieren-probar-en-la-argentina-una-vacuna-contra-el-covid-19\\\/#respond\"]}]},{\"@type\":\"WebPage\",\"@id\":\"https:\\\/\\\/informelitoral.com.ar\\\/coronavirus-quieren-probar-en-la-argentina-una-vacuna-contra-el-covid-19\\\/\",\"url\":\"https:\\\/\\\/informelitoral.com.ar\\\/coronavirus-quieren-probar-en-la-argentina-una-vacuna-contra-el-covid-19\\\/\",\"name\":\"Coronavirus: quieren probar en la Argentina una vacuna contra el COVID-19 - Informe Litoral\",\"isPartOf\":{\"@id\":\"https:\\\/\\\/informelitoral.com.ar\\\/#website\"},\"primaryImageOfPage\":{\"@id\":\"https:\\\/\\\/informelitoral.com.ar\\\/coronavirus-quieren-probar-en-la-argentina-una-vacuna-contra-el-covid-19\\\/#primaryimage\"},\"image\":{\"@id\":\"https:\\\/\\\/informelitoral.com.ar\\\/coronavirus-quieren-probar-en-la-argentina-una-vacuna-contra-el-covid-19\\\/#primaryimage\"},\"thumbnailUrl\":\"https:\\\/\\\/informelitoral.com.ar\\\/%77%70%2d%63%6f%6e%74%65%6e%74\\\/uploads\\\/2020\\\/07\\\/covidvacune.jpeg\",\"datePublished\":\"2020-07-10T18:01:29+00:00\",\"dateModified\":\"2020-07-13T16:38:18+00:00\",\"breadcrumb\":{\"@id\":\"https:\\\/\\\/informelitoral.com.ar\\\/coronavirus-quieren-probar-en-la-argentina-una-vacuna-contra-el-covid-19\\\/#breadcrumb\"},\"inLanguage\":\"es\",\"potentialAction\":[{\"@type\":\"ReadAction\",\"target\":[\"https:\\\/\\\/informelitoral.com.ar\\\/coronavirus-quieren-probar-en-la-argentina-una-vacuna-contra-el-covid-19\\\/\"]}]},{\"@type\":\"ImageObject\",\"inLanguage\":\"es\",\"@id\":\"https:\\\/\\\/informelitoral.com.ar\\\/coronavirus-quieren-probar-en-la-argentina-una-vacuna-contra-el-covid-19\\\/#primaryimage\",\"url\":\"https:\\\/\\\/informelitoral.com.ar\\\/%77%70%2d%63%6f%6e%74%65%6e%74\\\/uploads\\\/2020\\\/07\\\/covidvacune.jpeg\",\"contentUrl\":\"https:\\\/\\\/informelitoral.com.ar\\\/%77%70%2d%63%6f%6e%74%65%6e%74\\\/uploads\\\/2020\\\/07\\\/covidvacune.jpeg\",\"width\":612,\"height\":340},{\"@type\":\"BreadcrumbList\",\"@id\":\"https:\\\/\\\/informelitoral.com.ar\\\/coronavirus-quieren-probar-en-la-argentina-una-vacuna-contra-el-covid-19\\\/#breadcrumb\",\"itemListElement\":[{\"@type\":\"ListItem\",\"position\":1,\"name\":\"Portada\",\"item\":\"https:\\\/\\\/informelitoral.com.ar\\\/\"},{\"@type\":\"ListItem\",\"position\":2,\"name\":\"Coronavirus: quieren probar en la Argentina una vacuna contra el COVID-19\"}]},{\"@type\":\"WebSite\",\"@id\":\"https:\\\/\\\/informelitoral.com.ar\\\/#website\",\"url\":\"https:\\\/\\\/informelitoral.com.ar\\\/\",\"name\":\"Informe Litoral\",\"description\":\"&quot;Nos informamos&quot; \",\"publisher\":{\"@id\":\"https:\\\/\\\/informelitoral.com.ar\\\/#organization\"},\"potentialAction\":[{\"@type\":\"SearchAction\",\"target\":{\"@type\":\"EntryPoint\",\"urlTemplate\":\"https:\\\/\\\/informelitoral.com.ar\\\/?s={search_term_string}\"},\"query-input\":{\"@type\":\"PropertyValueSpecification\",\"valueRequired\":true,\"valueName\":\"search_term_string\"}}],\"inLanguage\":\"es\"},{\"@type\":\"Organization\",\"@id\":\"https:\\\/\\\/informelitoral.com.ar\\\/#organization\",\"name\":\"Informe Litoral\",\"url\":\"https:\\\/\\\/informelitoral.com.ar\\\/\",\"logo\":{\"@type\":\"ImageObject\",\"inLanguage\":\"es\",\"@id\":\"https:\\\/\\\/informelitoral.com.ar\\\/#\\\/schema\\\/logo\\\/image\\\/\",\"url\":\"https:\\\/\\\/informelitoral.com.ar\\\/%77%70%2d%63%6f%6e%74%65%6e%74\\\/uploads\\\/2021\\\/01\\\/circulo.png\",\"contentUrl\":\"https:\\\/\\\/informelitoral.com.ar\\\/%77%70%2d%63%6f%6e%74%65%6e%74\\\/uploads\\\/2021\\\/01\\\/circulo.png\",\"width\":723,\"height\":731,\"caption\":\"Informe Litoral\"},\"image\":{\"@id\":\"https:\\\/\\\/informelitoral.com.ar\\\/#\\\/schema\\\/logo\\\/image\\\/\"},\"sameAs\":[\"https:\\\/\\\/www.facebook.com\\\/informelitoral\\\/\",\"https:\\\/\\\/x.com\\\/InformeLitoral\",\"https:\\\/\\\/www.instagram.com\\\/informelitoral\\\/\",\"https:\\\/\\\/www.youtube.com\\\/channel\\\/UCua4Qvz8Icb6MYqhoq9xLXw\"]},{\"@type\":\"Person\",\"@id\":\"https:\\\/\\\/informelitoral.com.ar\\\/#\\\/schema\\\/person\\\/f05f9f461677119578717524b127d6d5\",\"name\":\"Sebastian\",\"image\":{\"@type\":\"ImageObject\",\"inLanguage\":\"es\",\"@id\":\"https:\\\/\\\/secure.gravatar.com\\\/avatar\\\/b71bf7481d447dfb9583c7f2798e7cc64de6efb9067b74633ed8c31059a3bd82?s=96&d=mm&r=g\",\"url\":\"https:\\\/\\\/secure.gravatar.com\\\/avatar\\\/b71bf7481d447dfb9583c7f2798e7cc64de6efb9067b74633ed8c31059a3bd82?s=96&d=mm&r=g\",\"contentUrl\":\"https:\\\/\\\/secure.gravatar.com\\\/avatar\\\/b71bf7481d447dfb9583c7f2798e7cc64de6efb9067b74633ed8c31059a3bd82?s=96&d=mm&r=g\",\"caption\":\"Sebastian\"},\"url\":\"https:\\\/\\\/informelitoral.com.ar\\\/author\\\/sebastian\\\/\"}]}<\/script>","yoast_head_json":{"title":"Coronavirus: quieren probar en la Argentina una vacuna contra el COVID-19 - Informe Litoral","robots":{"index":"index","follow":"follow","max-snippet":"max-snippet:-1","max-image-preview":"max-image-preview:large","max-video-preview":"max-video-preview:-1"},"canonical":"https:\/\/informelitoral.com.ar\/coronavirus-quieren-probar-en-la-argentina-una-vacuna-contra-el-covid-19\/","og_locale":"es_ES","og_type":"article","og_title":"Coronavirus: quieren probar en la Argentina una vacuna contra el COVID-19 - Informe Litoral","og_description":"Las compa&ntilde;&iacute;as farmac&eacute;uticas Pfizer Inc. y BioNTech S.E. anunciaron que quieren realizar en&nbsp;la Argentina&nbsp;una de las fases de prueba con personas&nbsp;de su vacuna contra el coronavirus. &laquo;La selecci&oacute;n de un centro en la Argentina para llevar adelante estos estudios estuvo basada en distintos factores, los cuales incluyen la experiencia cient&iacute;fica y las capacidades operativas del [&hellip;]","og_url":"https:\/\/informelitoral.com.ar\/coronavirus-quieren-probar-en-la-argentina-una-vacuna-contra-el-covid-19\/","og_site_name":"Informe Litoral","article_publisher":"https:\/\/www.facebook.com\/informelitoral\/","article_published_time":"2020-07-10T18:01:29+00:00","article_modified_time":"2020-07-13T16:38:18+00:00","og_image":[{"width":612,"height":340,"url":"https:\/\/informelitoral.com.ar\/%77%70%2d%63%6f%6e%74%65%6e%74\/uploads\/2020\/07\/covidvacune.jpeg","type":"image\/jpeg"}],"author":"Sebastian","twitter_card":"summary_large_image","twitter_creator":"@InformeLitoral","twitter_site":"@InformeLitoral","twitter_misc":{"Escrito por":"Sebastian","Tiempo de lectura":"2 minutos"},"schema":{"@context":"https:\/\/schema.org","@graph":[{"@type":"Article","@id":"https:\/\/informelitoral.com.ar\/coronavirus-quieren-probar-en-la-argentina-una-vacuna-contra-el-covid-19\/#article","isPartOf":{"@id":"https:\/\/informelitoral.com.ar\/coronavirus-quieren-probar-en-la-argentina-una-vacuna-contra-el-covid-19\/"},"author":{"name":"Sebastian","@id":"https:\/\/informelitoral.com.ar\/#\/schema\/person\/f05f9f461677119578717524b127d6d5"},"headline":"Coronavirus: quieren probar en la Argentina una vacuna contra el COVID-19","datePublished":"2020-07-10T18:01:29+00:00","dateModified":"2020-07-13T16:38:18+00:00","mainEntityOfPage":{"@id":"https:\/\/informelitoral.com.ar\/coronavirus-quieren-probar-en-la-argentina-una-vacuna-contra-el-covid-19\/"},"wordCount":330,"commentCount":0,"publisher":{"@id":"https:\/\/informelitoral.com.ar\/#organization"},"image":{"@id":"https:\/\/informelitoral.com.ar\/coronavirus-quieren-probar-en-la-argentina-una-vacuna-contra-el-covid-19\/#primaryimage"},"thumbnailUrl":"https:\/\/informelitoral.com.ar\/%77%70%2d%63%6f%6e%74%65%6e%74\/uploads\/2020\/07\/covidvacune.jpeg","articleSection":["Nacionales"],"inLanguage":"es","potentialAction":[{"@type":"CommentAction","name":"Comment","target":["https:\/\/informelitoral.com.ar\/coronavirus-quieren-probar-en-la-argentina-una-vacuna-contra-el-covid-19\/#respond"]}]},{"@type":"WebPage","@id":"https:\/\/informelitoral.com.ar\/coronavirus-quieren-probar-en-la-argentina-una-vacuna-contra-el-covid-19\/","url":"https:\/\/informelitoral.com.ar\/coronavirus-quieren-probar-en-la-argentina-una-vacuna-contra-el-covid-19\/","name":"Coronavirus: quieren probar en la Argentina una vacuna contra el COVID-19 - Informe Litoral","isPartOf":{"@id":"https:\/\/informelitoral.com.ar\/#website"},"primaryImageOfPage":{"@id":"https:\/\/informelitoral.com.ar\/coronavirus-quieren-probar-en-la-argentina-una-vacuna-contra-el-covid-19\/#primaryimage"},"image":{"@id":"https:\/\/informelitoral.com.ar\/coronavirus-quieren-probar-en-la-argentina-una-vacuna-contra-el-covid-19\/#primaryimage"},"thumbnailUrl":"https:\/\/informelitoral.com.ar\/%77%70%2d%63%6f%6e%74%65%6e%74\/uploads\/2020\/07\/covidvacune.jpeg","datePublished":"2020-07-10T18:01:29+00:00","dateModified":"2020-07-13T16:38:18+00:00","breadcrumb":{"@id":"https:\/\/informelitoral.com.ar\/coronavirus-quieren-probar-en-la-argentina-una-vacuna-contra-el-covid-19\/#breadcrumb"},"inLanguage":"es","potentialAction":[{"@type":"ReadAction","target":["https:\/\/informelitoral.com.ar\/coronavirus-quieren-probar-en-la-argentina-una-vacuna-contra-el-covid-19\/"]}]},{"@type":"ImageObject","inLanguage":"es","@id":"https:\/\/informelitoral.com.ar\/coronavirus-quieren-probar-en-la-argentina-una-vacuna-contra-el-covid-19\/#primaryimage","url":"https:\/\/informelitoral.com.ar\/%77%70%2d%63%6f%6e%74%65%6e%74\/uploads\/2020\/07\/covidvacune.jpeg","contentUrl":"https:\/\/informelitoral.com.ar\/%77%70%2d%63%6f%6e%74%65%6e%74\/uploads\/2020\/07\/covidvacune.jpeg","width":612,"height":340},{"@type":"BreadcrumbList","@id":"https:\/\/informelitoral.com.ar\/coronavirus-quieren-probar-en-la-argentina-una-vacuna-contra-el-covid-19\/#breadcrumb","itemListElement":[{"@type":"ListItem","position":1,"name":"Portada","item":"https:\/\/informelitoral.com.ar\/"},{"@type":"ListItem","position":2,"name":"Coronavirus: quieren probar en la Argentina una vacuna contra el COVID-19"}]},{"@type":"WebSite","@id":"https:\/\/informelitoral.com.ar\/#website","url":"https:\/\/informelitoral.com.ar\/","name":"Informe Litoral","description":"&quot;Nos informamos&quot; ","publisher":{"@id":"https:\/\/informelitoral.com.ar\/#organization"},"potentialAction":[{"@type":"SearchAction","target":{"@type":"EntryPoint","urlTemplate":"https:\/\/informelitoral.com.ar\/?s={search_term_string}"},"query-input":{"@type":"PropertyValueSpecification","valueRequired":true,"valueName":"search_term_string"}}],"inLanguage":"es"},{"@type":"Organization","@id":"https:\/\/informelitoral.com.ar\/#organization","name":"Informe Litoral","url":"https:\/\/informelitoral.com.ar\/","logo":{"@type":"ImageObject","inLanguage":"es","@id":"https:\/\/informelitoral.com.ar\/#\/schema\/logo\/image\/","url":"https:\/\/informelitoral.com.ar\/%77%70%2d%63%6f%6e%74%65%6e%74\/uploads\/2021\/01\/circulo.png","contentUrl":"https:\/\/informelitoral.com.ar\/%77%70%2d%63%6f%6e%74%65%6e%74\/uploads\/2021\/01\/circulo.png","width":723,"height":731,"caption":"Informe Litoral"},"image":{"@id":"https:\/\/informelitoral.com.ar\/#\/schema\/logo\/image\/"},"sameAs":["https:\/\/www.facebook.com\/informelitoral\/","https:\/\/x.com\/InformeLitoral","https:\/\/www.instagram.com\/informelitoral\/","https:\/\/www.youtube.com\/channel\/UCua4Qvz8Icb6MYqhoq9xLXw"]},{"@type":"Person","@id":"https:\/\/informelitoral.com.ar\/#\/schema\/person\/f05f9f461677119578717524b127d6d5","name":"Sebastian","image":{"@type":"ImageObject","inLanguage":"es","@id":"https:\/\/secure.gravatar.com\/avatar\/b71bf7481d447dfb9583c7f2798e7cc64de6efb9067b74633ed8c31059a3bd82?s=96&d=mm&r=g","url":"https:\/\/secure.gravatar.com\/avatar\/b71bf7481d447dfb9583c7f2798e7cc64de6efb9067b74633ed8c31059a3bd82?s=96&d=mm&r=g","contentUrl":"https:\/\/secure.gravatar.com\/avatar\/b71bf7481d447dfb9583c7f2798e7cc64de6efb9067b74633ed8c31059a3bd82?s=96&d=mm&r=g","caption":"Sebastian"},"url":"https:\/\/informelitoral.com.ar\/author\/sebastian\/"}]}},"_links":{"self":[{"href":"https:\/\/informelitoral.com.ar\/%77%70%2d%6a%73%6f%6e\/wp\/v2\/posts\/45551","targetHints":{"allow":["GET"]}}],"collection":[{"href":"https:\/\/informelitoral.com.ar\/%77%70%2d%6a%73%6f%6e\/wp\/v2\/posts"}],"about":[{"href":"https:\/\/informelitoral.com.ar\/%77%70%2d%6a%73%6f%6e\/wp\/v2\/types\/post"}],"author":[{"embeddable":true,"href":"https:\/\/informelitoral.com.ar\/%77%70%2d%6a%73%6f%6e\/wp\/v2\/users\/8"}],"replies":[{"embeddable":true,"href":"https:\/\/informelitoral.com.ar\/%77%70%2d%6a%73%6f%6e\/wp\/v2\/comments?post=45551"}],"version-history":[{"count":0,"href":"https:\/\/informelitoral.com.ar\/%77%70%2d%6a%73%6f%6e\/wp\/v2\/posts\/45551\/revisions"}],"wp:featuredmedia":[{"embeddable":true,"href":"https:\/\/informelitoral.com.ar\/%77%70%2d%6a%73%6f%6e\/wp\/v2\/media\/45552"}],"wp:attachment":[{"href":"https:\/\/informelitoral.com.ar\/%77%70%2d%6a%73%6f%6e\/wp\/v2\/media?parent=45551"}],"wp:term":[{"taxonomy":"category","embeddable":true,"href":"https:\/\/informelitoral.com.ar\/%77%70%2d%6a%73%6f%6e\/wp\/v2\/categories?post=45551"},{"taxonomy":"post_tag","embeddable":true,"href":"https:\/\/informelitoral.com.ar\/%77%70%2d%6a%73%6f%6e\/wp\/v2\/tags?post=45551"}],"curies":[{"name":"wp","href":"https:\/\/api.w.org\/{rel}","templated":true}]}}