{"id":4555,"date":"2013-12-04T22:58:35","date_gmt":"2013-12-05T01:58:35","guid":{"rendered":"http:\/\/www.isletasnoticias.com.ar\/?p=4555"},"modified":"2013-12-04T22:58:35","modified_gmt":"2013-12-05T01:58:35","slug":"diputados-aprobo-que-se-abran-los-archivos-de-la-triple-a","status":"publish","type":"post","link":"https:\/\/informelitoral.com.ar\/diputados-aprobo-que-se-abran-los-archivos-de-la-triple-a\/","title":{"rendered":"Diputados aprob\u00f3 que se abran los archivos de la Triple A"},"content":{"rendered":"<p><b>La c\u00e1mara de diputados de Entre R\u00edos, aprob\u00f3 este martes, el proyecto presentado por el diputado <em>Jorge Monge<\/em> (UCR Diamante) por el cual solicita se abran los archivos de la Triple A, banda terrorista que actu\u00f3 en el gobierno justicialista de 1973-76 y dirigida por el ministro <em>L\u00f3pez Rega.<\/em><\/b><\/p>\n<p><img loading=\"lazy\" decoding=\"async\" class=\"size-full wp-image-3643 aligncenter\" alt=\"monge\" src=\"http:\/\/www.isletasnoticias.com.ar\/%77%70%2d%63%6f%6e%74%65%6e%74\/uploads\/2013\/10\/monge.jpg\" width=\"259\" height=\"194\" \/><\/p>\n<p>Con los votos de todas las bancadas, qued\u00f3 aprobado este martes el proyecto impulsado por Monge por el que pidi\u00f3 al Ejecutivo Nacional \u00abque disponga las medidas tendientes a lograr la m\u00e1s plena apertura y publicidad de los registros\u00a0existentes en el Servicio de Informaciones de la Polic\u00eda Federal\u00a0 Argentina vinculados con el accionar terrorista de la Triple A\u00bb. El legislador advirti\u00f3 que \u00abla verdad hist\u00f3rica\u00bb reclama esa decisi\u00f3n y pregunt\u00f3, a su vez, \u00bfhasta qu\u00e9 nivel del gobierno justicialista de entonces lleg\u00f3 el conocimiento de la existencia de estas bandas armadas y\u00a0\u00a0 la responsabilidad pol\u00edtica en permitir o fomentar su actuaci\u00f3n?. En el texto se advierte adem\u00e1s que este 21 de noviembre se cumplieron 40 a\u00f1os del primer atentado sufrido por el entonces Senador Nacional de la UCR, Hip\u00f3lito Solari Yrigoyen, quien d\u00edas antes hab\u00eda sido declarado enemigo p\u00fablico por Lorenzo Miguel al oponerse y criticar\u00a0 las reformas laborales que beneficiaban a la burocracia sindical en detrimento de los trabajadores y sindicatos de base.<\/p>\n<p>En el recinto llam\u00f3 la atenci\u00f3n de los propios radicales, el apoyo del peronismo,\u00a0 porque el grupo parapolicial habr\u00eda actuado en Entre R\u00edos en \u00e9pocas del\u00a0 gobierno democr\u00e1tico de Enrique Tom\u00e1s Cresto, ya que &#8211; tal cual lo inform\u00f3 <em>P\u00e1gina Pol\u00edtica<\/em>, \u00a0se le adjudican en esos a\u00f1os, la responsabilidad entre otros casos,\u00a0 de la detenci\u00f3n de Marcelo N\u00e9stor Fischer que estuvo privado de su libertad durante 255 d\u00edas, entre el 5 de diciembre de 1975 y el 10 de septiembre de 1976, sin que se le iniciara un proceso en su contra, \u00a0el caso\u00a0 de\u00a0 Ram\u00f3n H\u00e9ctor Pich\u00f3n S\u00e1nchez, secuestrado y que apareci\u00f3 muerto tres d\u00edas despu\u00e9s y con signos de haber sido torturado. Tambi\u00e9n grupos vinculados al gobierno provincial peronista fueron se\u00f1alados como los autores de atentados con bombas en los domicilios de los dirigentes radicales Luis Agust\u00edn Brasesco y Eduardo Solari, abogados de presos pol\u00edticos.<\/p>\n<p>El proyecto de resoluci\u00f3n, repasa en sus fundamentos que el 21 de noviembre de este a\u00f1o se cumplieron cuarenta (40) a\u00f1os desde el primer atentado reconocido por la Triple A, es decir la Alianza Anticomunista Argentina (AAA). Y, sin embargo, se\u00f1ala Monge, \u00abtodav\u00eda hoy hay muchos aspectos que no han salido a la luz acerca de este grupo parapolicial responsable de muertes, secuestros, torturas y exilio forzado de miles de argentinos.<\/p>\n<p style=\"text-align: left;\">\u00abLlevamos\u00a0 treinta (30) a\u00f1os desde la recuperaci\u00f3n institucional y bien se ha sostenido\u00a0 \u201ctodav\u00eda hay muchas cosas por develar\u201d en relaci\u00f3n al accionar de la Triple A. \u00bfC\u00f3monacieron estos escuadrones de la muerte?, hasta qu\u00e9 nivel del gobierno justicialista de entonces lleg\u00f3 el conocimiento de la existencia de estas bandas armadas y\u00a0\u00a0 la responsabilidad pol\u00edtica en permitir o fomentar su actuaci\u00f3n? \u00a0pregunt\u00f3 el legislador diamantino.<\/p>\n","protected":false},"excerpt":{"rendered":"<p>La c&aacute;mara de diputados de Entre R&iacute;os, aprob&oacute; este martes, el proyecto presentado por el diputado Jorge Monge (UCR Diamante) por el cual solicita se abran los archivos de la Triple A, banda terrorista que actu&oacute; en el gobierno justicialista de 1973-76 y dirigida por el ministro L&oacute;pez Rega. Con los votos de todas las [&hellip;]<\/p>\n","protected":false},"author":2,"featured_media":0,"comment_status":"open","ping_status":"open","sticky":false,"template":"","format":"standard","meta":{"fifu_image_url":"","fifu_image_alt":"","footnotes":""},"categories":[6,16],"tags":[],"class_list":{"0":"post-4555","1":"post","2":"type-post","3":"status-publish","4":"format-standard","6":"category-entre-rios","7":"category-politi"},"yoast_head":"<title>Diputados aprob\u00f3 que se abran los archivos de la Triple A - Informe Litoral<\/title>\n<meta name=\"robots\" content=\"index, follow, max-snippet:-1, max-image-preview:large, max-video-preview:-1\" \/>\n<link rel=\"canonical\" href=\"https:\/\/informelitoral.com.ar\/diputados-aprobo-que-se-abran-los-archivos-de-la-triple-a\/\" \/>\n<meta property=\"og:locale\" content=\"es_ES\" \/>\n<meta property=\"og:type\" content=\"article\" \/>\n<meta property=\"og:title\" content=\"Diputados aprob\u00f3 que se abran los archivos de la Triple A - Informe Litoral\" \/>\n<meta property=\"og:description\" content=\"La c&aacute;mara de diputados de Entre R&iacute;os, aprob&oacute; este martes, el proyecto presentado por el diputado Jorge Monge (UCR Diamante) por el cual solicita se abran los archivos de la Triple A, banda terrorista que actu&oacute; en el gobierno justicialista de 1973-76 y dirigida por el ministro L&oacute;pez Rega. Con los votos de todas las [&hellip;]\" \/>\n<meta property=\"og:url\" content=\"https:\/\/informelitoral.com.ar\/diputados-aprobo-que-se-abran-los-archivos-de-la-triple-a\/\" \/>\n<meta property=\"og:site_name\" content=\"Informe Litoral\" \/>\n<meta property=\"article:publisher\" content=\"https:\/\/www.facebook.com\/informelitoral\/\" \/>\n<meta property=\"article:published_time\" content=\"2013-12-05T01:58:35+00:00\" \/>\n<meta property=\"og:image\" content=\"https:\/\/informelitoral.com.ar\/%77%70%2d%63%6f%6e%74%65%6e%74\/uploads\/2013\/10\/monge.jpg\" \/>\n\t<meta property=\"og:image:width\" content=\"259\" \/>\n\t<meta property=\"og:image:height\" content=\"194\" \/>\n\t<meta property=\"og:image:type\" content=\"image\/jpeg\" \/>\n<meta name=\"author\" content=\"Gonzalo Schmidt\" \/>\n<meta name=\"twitter:card\" content=\"summary_large_image\" \/>\n<meta name=\"twitter:creator\" content=\"@InformeLitoral\" \/>\n<meta name=\"twitter:site\" content=\"@InformeLitoral\" \/>\n<meta name=\"twitter:label1\" content=\"Escrito por\" \/>\n\t<meta name=\"twitter:data1\" content=\"Gonzalo Schmidt\" \/>\n\t<meta name=\"twitter:label2\" content=\"Tiempo de lectura\" \/>\n\t<meta name=\"twitter:data2\" content=\"3 minutos\" \/>\n<script type=\"application\/ld+json\" class=\"yoast-schema-graph\">{\"@context\":\"https:\\\/\\\/schema.org\",\"@graph\":[{\"@type\":\"Article\",\"@id\":\"https:\\\/\\\/informelitoral.com.ar\\\/diputados-aprobo-que-se-abran-los-archivos-de-la-triple-a\\\/#article\",\"isPartOf\":{\"@id\":\"https:\\\/\\\/informelitoral.com.ar\\\/diputados-aprobo-que-se-abran-los-archivos-de-la-triple-a\\\/\"},\"author\":{\"name\":\"Gonzalo Schmidt\",\"@id\":\"https:\\\/\\\/informelitoral.com.ar\\\/#\\\/schema\\\/person\\\/b9d00407c836482871ef1d57bf8e3180\"},\"headline\":\"Diputados aprob\u00f3 que se abran los archivos de la Triple A\",\"datePublished\":\"2013-12-05T01:58:35+00:00\",\"mainEntityOfPage\":{\"@id\":\"https:\\\/\\\/informelitoral.com.ar\\\/diputados-aprobo-que-se-abran-los-archivos-de-la-triple-a\\\/\"},\"wordCount\":546,\"commentCount\":0,\"publisher\":{\"@id\":\"https:\\\/\\\/informelitoral.com.ar\\\/#organization\"},\"image\":{\"@id\":\"https:\\\/\\\/informelitoral.com.ar\\\/diputados-aprobo-que-se-abran-los-archivos-de-la-triple-a\\\/#primaryimage\"},\"thumbnailUrl\":\"http:\\\/\\\/www.isletasnoticias.com.ar\\\/%77%70%2d%63%6f%6e%74%65%6e%74\\\/uploads\\\/2013\\\/10\\\/monge.jpg\",\"articleSection\":[\"Entre R\u00edos\",\"Politica\"],\"inLanguage\":\"es\",\"potentialAction\":[{\"@type\":\"CommentAction\",\"name\":\"Comment\",\"target\":[\"https:\\\/\\\/informelitoral.com.ar\\\/diputados-aprobo-que-se-abran-los-archivos-de-la-triple-a\\\/#respond\"]}]},{\"@type\":\"WebPage\",\"@id\":\"https:\\\/\\\/informelitoral.com.ar\\\/diputados-aprobo-que-se-abran-los-archivos-de-la-triple-a\\\/\",\"url\":\"https:\\\/\\\/informelitoral.com.ar\\\/diputados-aprobo-que-se-abran-los-archivos-de-la-triple-a\\\/\",\"name\":\"Diputados aprob\u00f3 que se abran los archivos de la Triple A - Informe Litoral\",\"isPartOf\":{\"@id\":\"https:\\\/\\\/informelitoral.com.ar\\\/#website\"},\"primaryImageOfPage\":{\"@id\":\"https:\\\/\\\/informelitoral.com.ar\\\/diputados-aprobo-que-se-abran-los-archivos-de-la-triple-a\\\/#primaryimage\"},\"image\":{\"@id\":\"https:\\\/\\\/informelitoral.com.ar\\\/diputados-aprobo-que-se-abran-los-archivos-de-la-triple-a\\\/#primaryimage\"},\"thumbnailUrl\":\"http:\\\/\\\/www.isletasnoticias.com.ar\\\/%77%70%2d%63%6f%6e%74%65%6e%74\\\/uploads\\\/2013\\\/10\\\/monge.jpg\",\"datePublished\":\"2013-12-05T01:58:35+00:00\",\"breadcrumb\":{\"@id\":\"https:\\\/\\\/informelitoral.com.ar\\\/diputados-aprobo-que-se-abran-los-archivos-de-la-triple-a\\\/#breadcrumb\"},\"inLanguage\":\"es\",\"potentialAction\":[{\"@type\":\"ReadAction\",\"target\":[\"https:\\\/\\\/informelitoral.com.ar\\\/diputados-aprobo-que-se-abran-los-archivos-de-la-triple-a\\\/\"]}]},{\"@type\":\"ImageObject\",\"inLanguage\":\"es\",\"@id\":\"https:\\\/\\\/informelitoral.com.ar\\\/diputados-aprobo-que-se-abran-los-archivos-de-la-triple-a\\\/#primaryimage\",\"url\":\"http:\\\/\\\/www.isletasnoticias.com.ar\\\/%77%70%2d%63%6f%6e%74%65%6e%74\\\/uploads\\\/2013\\\/10\\\/monge.jpg\",\"contentUrl\":\"http:\\\/\\\/www.isletasnoticias.com.ar\\\/%77%70%2d%63%6f%6e%74%65%6e%74\\\/uploads\\\/2013\\\/10\\\/monge.jpg\"},{\"@type\":\"BreadcrumbList\",\"@id\":\"https:\\\/\\\/informelitoral.com.ar\\\/diputados-aprobo-que-se-abran-los-archivos-de-la-triple-a\\\/#breadcrumb\",\"itemListElement\":[{\"@type\":\"ListItem\",\"position\":1,\"name\":\"Portada\",\"item\":\"https:\\\/\\\/informelitoral.com.ar\\\/\"},{\"@type\":\"ListItem\",\"position\":2,\"name\":\"Diputados aprob\u00f3 que se abran los archivos de la Triple A\"}]},{\"@type\":\"WebSite\",\"@id\":\"https:\\\/\\\/informelitoral.com.ar\\\/#website\",\"url\":\"https:\\\/\\\/informelitoral.com.ar\\\/\",\"name\":\"Informe Litoral\",\"description\":\"&quot;Nos informamos&quot; \",\"publisher\":{\"@id\":\"https:\\\/\\\/informelitoral.com.ar\\\/#organization\"},\"potentialAction\":[{\"@type\":\"SearchAction\",\"target\":{\"@type\":\"EntryPoint\",\"urlTemplate\":\"https:\\\/\\\/informelitoral.com.ar\\\/?s={search_term_string}\"},\"query-input\":{\"@type\":\"PropertyValueSpecification\",\"valueRequired\":true,\"valueName\":\"search_term_string\"}}],\"inLanguage\":\"es\"},{\"@type\":\"Organization\",\"@id\":\"https:\\\/\\\/informelitoral.com.ar\\\/#organization\",\"name\":\"Informe Litoral\",\"url\":\"https:\\\/\\\/informelitoral.com.ar\\\/\",\"logo\":{\"@type\":\"ImageObject\",\"inLanguage\":\"es\",\"@id\":\"https:\\\/\\\/informelitoral.com.ar\\\/#\\\/schema\\\/logo\\\/image\\\/\",\"url\":\"https:\\\/\\\/informelitoral.com.ar\\\/%77%70%2d%63%6f%6e%74%65%6e%74\\\/uploads\\\/2021\\\/01\\\/circulo.png\",\"contentUrl\":\"https:\\\/\\\/informelitoral.com.ar\\\/%77%70%2d%63%6f%6e%74%65%6e%74\\\/uploads\\\/2021\\\/01\\\/circulo.png\",\"width\":723,\"height\":731,\"caption\":\"Informe Litoral\"},\"image\":{\"@id\":\"https:\\\/\\\/informelitoral.com.ar\\\/#\\\/schema\\\/logo\\\/image\\\/\"},\"sameAs\":[\"https:\\\/\\\/www.facebook.com\\\/informelitoral\\\/\",\"https:\\\/\\\/x.com\\\/InformeLitoral\",\"https:\\\/\\\/www.instagram.com\\\/informelitoral\\\/\",\"https:\\\/\\\/www.youtube.com\\\/channel\\\/UCua4Qvz8Icb6MYqhoq9xLXw\"]},{\"@type\":\"Person\",\"@id\":\"https:\\\/\\\/informelitoral.com.ar\\\/#\\\/schema\\\/person\\\/b9d00407c836482871ef1d57bf8e3180\",\"name\":\"Gonzalo Schmidt\",\"image\":{\"@type\":\"ImageObject\",\"inLanguage\":\"es\",\"@id\":\"https:\\\/\\\/secure.gravatar.com\\\/avatar\\\/31a1a7b66ff2de83bd0e9fd79d026630d2d99e55e8bfe501287647b4fd9743de?s=96&d=mm&r=g\",\"url\":\"https:\\\/\\\/secure.gravatar.com\\\/avatar\\\/31a1a7b66ff2de83bd0e9fd79d026630d2d99e55e8bfe501287647b4fd9743de?s=96&d=mm&r=g\",\"contentUrl\":\"https:\\\/\\\/secure.gravatar.com\\\/avatar\\\/31a1a7b66ff2de83bd0e9fd79d026630d2d99e55e8bfe501287647b4fd9743de?s=96&d=mm&r=g\",\"caption\":\"Gonzalo Schmidt\"},\"description\":\"Sitio web de noticias de la provincia de Entre R\u00edos, Argentina. Informaci\u00f3n y entretenimiento. Informe Litoral, nos informamos.\",\"sameAs\":[\"http:\\\/\\\/www.isletasnoticias.com.ar\"],\"url\":\"https:\\\/\\\/informelitoral.com.ar\\\/author\\\/gonzalo\\\/\"}]}<\/script>","yoast_head_json":{"title":"Diputados aprob\u00f3 que se abran los archivos de la Triple A - Informe Litoral","robots":{"index":"index","follow":"follow","max-snippet":"max-snippet:-1","max-image-preview":"max-image-preview:large","max-video-preview":"max-video-preview:-1"},"canonical":"https:\/\/informelitoral.com.ar\/diputados-aprobo-que-se-abran-los-archivos-de-la-triple-a\/","og_locale":"es_ES","og_type":"article","og_title":"Diputados aprob\u00f3 que se abran los archivos de la Triple A - Informe Litoral","og_description":"La c&aacute;mara de diputados de Entre R&iacute;os, aprob&oacute; este martes, el proyecto presentado por el diputado Jorge Monge (UCR Diamante) por el cual solicita se abran los archivos de la Triple A, banda terrorista que actu&oacute; en el gobierno justicialista de 1973-76 y dirigida por el ministro L&oacute;pez Rega. Con los votos de todas las [&hellip;]","og_url":"https:\/\/informelitoral.com.ar\/diputados-aprobo-que-se-abran-los-archivos-de-la-triple-a\/","og_site_name":"Informe Litoral","article_publisher":"https:\/\/www.facebook.com\/informelitoral\/","article_published_time":"2013-12-05T01:58:35+00:00","og_image":[{"width":259,"height":194,"url":"https:\/\/informelitoral.com.ar\/%77%70%2d%63%6f%6e%74%65%6e%74\/uploads\/2013\/10\/monge.jpg","type":"image\/jpeg"}],"author":"Gonzalo Schmidt","twitter_card":"summary_large_image","twitter_creator":"@InformeLitoral","twitter_site":"@InformeLitoral","twitter_misc":{"Escrito por":"Gonzalo Schmidt","Tiempo de lectura":"3 minutos"},"schema":{"@context":"https:\/\/schema.org","@graph":[{"@type":"Article","@id":"https:\/\/informelitoral.com.ar\/diputados-aprobo-que-se-abran-los-archivos-de-la-triple-a\/#article","isPartOf":{"@id":"https:\/\/informelitoral.com.ar\/diputados-aprobo-que-se-abran-los-archivos-de-la-triple-a\/"},"author":{"name":"Gonzalo Schmidt","@id":"https:\/\/informelitoral.com.ar\/#\/schema\/person\/b9d00407c836482871ef1d57bf8e3180"},"headline":"Diputados aprob\u00f3 que se abran los archivos de la Triple A","datePublished":"2013-12-05T01:58:35+00:00","mainEntityOfPage":{"@id":"https:\/\/informelitoral.com.ar\/diputados-aprobo-que-se-abran-los-archivos-de-la-triple-a\/"},"wordCount":546,"commentCount":0,"publisher":{"@id":"https:\/\/informelitoral.com.ar\/#organization"},"image":{"@id":"https:\/\/informelitoral.com.ar\/diputados-aprobo-que-se-abran-los-archivos-de-la-triple-a\/#primaryimage"},"thumbnailUrl":"http:\/\/www.isletasnoticias.com.ar\/%77%70%2d%63%6f%6e%74%65%6e%74\/uploads\/2013\/10\/monge.jpg","articleSection":["Entre R\u00edos","Politica"],"inLanguage":"es","potentialAction":[{"@type":"CommentAction","name":"Comment","target":["https:\/\/informelitoral.com.ar\/diputados-aprobo-que-se-abran-los-archivos-de-la-triple-a\/#respond"]}]},{"@type":"WebPage","@id":"https:\/\/informelitoral.com.ar\/diputados-aprobo-que-se-abran-los-archivos-de-la-triple-a\/","url":"https:\/\/informelitoral.com.ar\/diputados-aprobo-que-se-abran-los-archivos-de-la-triple-a\/","name":"Diputados aprob\u00f3 que se abran los archivos de la Triple A - Informe Litoral","isPartOf":{"@id":"https:\/\/informelitoral.com.ar\/#website"},"primaryImageOfPage":{"@id":"https:\/\/informelitoral.com.ar\/diputados-aprobo-que-se-abran-los-archivos-de-la-triple-a\/#primaryimage"},"image":{"@id":"https:\/\/informelitoral.com.ar\/diputados-aprobo-que-se-abran-los-archivos-de-la-triple-a\/#primaryimage"},"thumbnailUrl":"http:\/\/www.isletasnoticias.com.ar\/%77%70%2d%63%6f%6e%74%65%6e%74\/uploads\/2013\/10\/monge.jpg","datePublished":"2013-12-05T01:58:35+00:00","breadcrumb":{"@id":"https:\/\/informelitoral.com.ar\/diputados-aprobo-que-se-abran-los-archivos-de-la-triple-a\/#breadcrumb"},"inLanguage":"es","potentialAction":[{"@type":"ReadAction","target":["https:\/\/informelitoral.com.ar\/diputados-aprobo-que-se-abran-los-archivos-de-la-triple-a\/"]}]},{"@type":"ImageObject","inLanguage":"es","@id":"https:\/\/informelitoral.com.ar\/diputados-aprobo-que-se-abran-los-archivos-de-la-triple-a\/#primaryimage","url":"http:\/\/www.isletasnoticias.com.ar\/%77%70%2d%63%6f%6e%74%65%6e%74\/uploads\/2013\/10\/monge.jpg","contentUrl":"http:\/\/www.isletasnoticias.com.ar\/%77%70%2d%63%6f%6e%74%65%6e%74\/uploads\/2013\/10\/monge.jpg"},{"@type":"BreadcrumbList","@id":"https:\/\/informelitoral.com.ar\/diputados-aprobo-que-se-abran-los-archivos-de-la-triple-a\/#breadcrumb","itemListElement":[{"@type":"ListItem","position":1,"name":"Portada","item":"https:\/\/informelitoral.com.ar\/"},{"@type":"ListItem","position":2,"name":"Diputados aprob\u00f3 que se abran los archivos de la Triple A"}]},{"@type":"WebSite","@id":"https:\/\/informelitoral.com.ar\/#website","url":"https:\/\/informelitoral.com.ar\/","name":"Informe Litoral","description":"&quot;Nos informamos&quot; ","publisher":{"@id":"https:\/\/informelitoral.com.ar\/#organization"},"potentialAction":[{"@type":"SearchAction","target":{"@type":"EntryPoint","urlTemplate":"https:\/\/informelitoral.com.ar\/?s={search_term_string}"},"query-input":{"@type":"PropertyValueSpecification","valueRequired":true,"valueName":"search_term_string"}}],"inLanguage":"es"},{"@type":"Organization","@id":"https:\/\/informelitoral.com.ar\/#organization","name":"Informe Litoral","url":"https:\/\/informelitoral.com.ar\/","logo":{"@type":"ImageObject","inLanguage":"es","@id":"https:\/\/informelitoral.com.ar\/#\/schema\/logo\/image\/","url":"https:\/\/informelitoral.com.ar\/%77%70%2d%63%6f%6e%74%65%6e%74\/uploads\/2021\/01\/circulo.png","contentUrl":"https:\/\/informelitoral.com.ar\/%77%70%2d%63%6f%6e%74%65%6e%74\/uploads\/2021\/01\/circulo.png","width":723,"height":731,"caption":"Informe Litoral"},"image":{"@id":"https:\/\/informelitoral.com.ar\/#\/schema\/logo\/image\/"},"sameAs":["https:\/\/www.facebook.com\/informelitoral\/","https:\/\/x.com\/InformeLitoral","https:\/\/www.instagram.com\/informelitoral\/","https:\/\/www.youtube.com\/channel\/UCua4Qvz8Icb6MYqhoq9xLXw"]},{"@type":"Person","@id":"https:\/\/informelitoral.com.ar\/#\/schema\/person\/b9d00407c836482871ef1d57bf8e3180","name":"Gonzalo Schmidt","image":{"@type":"ImageObject","inLanguage":"es","@id":"https:\/\/secure.gravatar.com\/avatar\/31a1a7b66ff2de83bd0e9fd79d026630d2d99e55e8bfe501287647b4fd9743de?s=96&d=mm&r=g","url":"https:\/\/secure.gravatar.com\/avatar\/31a1a7b66ff2de83bd0e9fd79d026630d2d99e55e8bfe501287647b4fd9743de?s=96&d=mm&r=g","contentUrl":"https:\/\/secure.gravatar.com\/avatar\/31a1a7b66ff2de83bd0e9fd79d026630d2d99e55e8bfe501287647b4fd9743de?s=96&d=mm&r=g","caption":"Gonzalo Schmidt"},"description":"Sitio web de noticias de la provincia de Entre R\u00edos, Argentina. Informaci\u00f3n y entretenimiento. Informe Litoral, nos informamos.","sameAs":["http:\/\/www.isletasnoticias.com.ar"],"url":"https:\/\/informelitoral.com.ar\/author\/gonzalo\/"}]}},"_links":{"self":[{"href":"https:\/\/informelitoral.com.ar\/%77%70%2d%6a%73%6f%6e\/wp\/v2\/posts\/4555","targetHints":{"allow":["GET"]}}],"collection":[{"href":"https:\/\/informelitoral.com.ar\/%77%70%2d%6a%73%6f%6e\/wp\/v2\/posts"}],"about":[{"href":"https:\/\/informelitoral.com.ar\/%77%70%2d%6a%73%6f%6e\/wp\/v2\/types\/post"}],"author":[{"embeddable":true,"href":"https:\/\/informelitoral.com.ar\/%77%70%2d%6a%73%6f%6e\/wp\/v2\/users\/2"}],"replies":[{"embeddable":true,"href":"https:\/\/informelitoral.com.ar\/%77%70%2d%6a%73%6f%6e\/wp\/v2\/comments?post=4555"}],"version-history":[{"count":0,"href":"https:\/\/informelitoral.com.ar\/%77%70%2d%6a%73%6f%6e\/wp\/v2\/posts\/4555\/revisions"}],"wp:attachment":[{"href":"https:\/\/informelitoral.com.ar\/%77%70%2d%6a%73%6f%6e\/wp\/v2\/media?parent=4555"}],"wp:term":[{"taxonomy":"category","embeddable":true,"href":"https:\/\/informelitoral.com.ar\/%77%70%2d%6a%73%6f%6e\/wp\/v2\/categories?post=4555"},{"taxonomy":"post_tag","embeddable":true,"href":"https:\/\/informelitoral.com.ar\/%77%70%2d%6a%73%6f%6e\/wp\/v2\/tags?post=4555"}],"curies":[{"name":"wp","href":"https:\/\/api.w.org\/{rel}","templated":true}]}}