{"id":45548,"date":"2020-07-10T14:46:20","date_gmt":"2020-07-10T17:46:20","guid":{"rendered":"https:\/\/www.isletasnoticias.com.ar\/?p=45548"},"modified":"2020-07-13T13:39:02","modified_gmt":"2020-07-13T16:39:02","slug":"es-bastante-importante-el-movimiento-en-parana-durante-el-feriado","status":"publish","type":"post","link":"https:\/\/informelitoral.com.ar\/es-bastante-importante-el-movimiento-en-parana-durante-el-feriado\/","title":{"rendered":"Es \u00abbastante importante\u00bb el movimiento en Paran\u00e1 durante el feriado"},"content":{"rendered":"<header>\n<section class=\"bajada\">En este feriado extra largo por el D\u00eda de la Independencia, los comercios de la capital entrerriana trabajaron de manera dispar: algunos optaron por cerrar el jueves y abrir hoy, y otros decidieron trabajar los dos d\u00edas puesto que \u00abhay muchos gastos por cubrir\u00bb.<\/section>\n<\/header>\n<p>Sobre la actividad que se registra durante este viernes 10, desde un comercio dedicado al rubro alimentos, afirmaron que \u00abhay un movimiento de gente bastante importante, se han volcado al negocio, a las compras, as\u00ed que gracias a Dios estamos bien\u00bb.<\/p>\n<p>Seg\u00fan cont\u00f3 el joven encargado del supermercado, \u00abadherimos al feriado nacional de ayer, pero hoy trabajamos normal incluso los proveedores. Estamos de 8 a 12 y de 16 a 20\u00bb.<\/p>\n<p>Respecto a las ventas, dio cuenta que \u00abse nota que la gente tiene un poco m\u00e1s de margen con el tema del efectivo y lo hemos notado en estos d\u00edas. Hay mayor fluidez, m\u00e1s que nada por la ma\u00f1ana, por la tarde merma u poco\u00bb.<\/p>\n<p>Paso seguido, se\u00f1al\u00f3 que hay expectativas sobre el aguinaldo, que en el caso de la administraci\u00f3n publica provincial comienza a pagarse este s\u00e1bado; y dio cuenta que en los primeros d\u00edas de cobro del IFE (Ingreso Familiar de Emergencia) \u00abla gente compra todo lo b\u00e1sico y esencial\u00bb para el hogar.<\/p>\n<h5>En el centro, por otra parte, comerciantes de la peatonal San Mart\u00edn se\u00f1alaron que \u00abdespu\u00e9s del D\u00eda del Padre, cayeron mucho las ventas, pero esperamos que se active con el aguinaldo\u00bb, seg\u00fan dijo un trabajador de Beter Deportes y agreg\u00f3 que \u00aba la gente, se le suma la dificultad de no contar con colectivos\u00bb para poder trasladarse, resalt\u00f3.<\/h5>\n<p>En tanto que en una tienda de venta de ropa e indumentaria, se\u00f1alaron que esperan \u00abque la gente venga y que siga el fr\u00edo porque nos sirve para vender los abrigos\u00bb.<\/p>\n<p>Asimismo, expres\u00f3 sus expectativas en que los clientes decidan hacer alguna compra con el aguinaldo. \u00abCreemos que la gente va a salir con estos d\u00edas, pese a que est\u00e1n fr\u00edos\u00bb, dijo y agreg\u00f3 que el s\u00e1bado, \u00ababrimos de 9 a 13\u00bb. (Fuente: Elonce.com)<\/p>\n","protected":false},"excerpt":{"rendered":"<p>En este feriado extra largo por el D&iacute;a de la Independencia, los comercios de la capital entrerriana trabajaron de manera dispar: algunos optaron por cerrar el jueves y abrir hoy, y otros decidieron trabajar los dos d&iacute;as puesto que &laquo;hay muchos gastos por cubrir&raquo;. Sobre la actividad que se registra durante este viernes 10, desde [&hellip;]<\/p>\n","protected":false},"author":8,"featured_media":45549,"comment_status":"open","ping_status":"open","sticky":false,"template":"","format":"standard","meta":{"fifu_image_url":"","fifu_image_alt":"","footnotes":""},"categories":[9],"tags":[],"class_list":{"0":"post-45548","1":"post","2":"type-post","3":"status-publish","4":"format-standard","5":"has-post-thumbnail","7":"category-sociedad"},"yoast_head":"<title>Es &quot;bastante importante&quot; el movimiento en Paran\u00e1 durante el feriado - Informe Litoral<\/title>\n<meta name=\"robots\" content=\"index, follow, max-snippet:-1, max-image-preview:large, max-video-preview:-1\" \/>\n<link rel=\"canonical\" href=\"https:\/\/informelitoral.com.ar\/es-bastante-importante-el-movimiento-en-parana-durante-el-feriado\/\" \/>\n<meta property=\"og:locale\" content=\"es_ES\" \/>\n<meta property=\"og:type\" content=\"article\" \/>\n<meta property=\"og:title\" content=\"Es &quot;bastante importante&quot; el movimiento en Paran\u00e1 durante el feriado - Informe Litoral\" \/>\n<meta property=\"og:description\" content=\"En este feriado extra largo por el D&iacute;a de la Independencia, los comercios de la capital entrerriana trabajaron de manera dispar: algunos optaron por cerrar el jueves y abrir hoy, y otros decidieron trabajar los dos d&iacute;as puesto que &laquo;hay muchos gastos por cubrir&raquo;. Sobre la actividad que se registra durante este viernes 10, desde [&hellip;]\" \/>\n<meta property=\"og:url\" content=\"https:\/\/informelitoral.com.ar\/es-bastante-importante-el-movimiento-en-parana-durante-el-feriado\/\" \/>\n<meta property=\"og:site_name\" content=\"Informe Litoral\" \/>\n<meta property=\"article:publisher\" content=\"https:\/\/www.facebook.com\/informelitoral\/\" \/>\n<meta property=\"article:published_time\" content=\"2020-07-10T17:46:20+00:00\" \/>\n<meta property=\"article:modified_time\" content=\"2020-07-13T16:39:02+00:00\" \/>\n<meta property=\"og:image\" content=\"https:\/\/informelitoral.com.ar\/%77%70%2d%63%6f%6e%74%65%6e%74\/uploads\/2020\/07\/peatonal.jpg\" \/>\n\t<meta property=\"og:image:width\" content=\"1330\" \/>\n\t<meta property=\"og:image:height\" content=\"880\" \/>\n\t<meta property=\"og:image:type\" content=\"image\/jpeg\" \/>\n<meta name=\"author\" content=\"Sebastian\" \/>\n<meta name=\"twitter:card\" content=\"summary_large_image\" \/>\n<meta name=\"twitter:creator\" content=\"@InformeLitoral\" \/>\n<meta name=\"twitter:site\" content=\"@InformeLitoral\" \/>\n<meta name=\"twitter:label1\" content=\"Escrito por\" \/>\n\t<meta name=\"twitter:data1\" content=\"Sebastian\" \/>\n\t<meta name=\"twitter:label2\" content=\"Tiempo de lectura\" \/>\n\t<meta name=\"twitter:data2\" content=\"2 minutos\" \/>\n<script type=\"application\/ld+json\" class=\"yoast-schema-graph\">{\"@context\":\"https:\\\/\\\/schema.org\",\"@graph\":[{\"@type\":\"Article\",\"@id\":\"https:\\\/\\\/informelitoral.com.ar\\\/es-bastante-importante-el-movimiento-en-parana-durante-el-feriado\\\/#article\",\"isPartOf\":{\"@id\":\"https:\\\/\\\/informelitoral.com.ar\\\/es-bastante-importante-el-movimiento-en-parana-durante-el-feriado\\\/\"},\"author\":{\"name\":\"Sebastian\",\"@id\":\"https:\\\/\\\/informelitoral.com.ar\\\/#\\\/schema\\\/person\\\/f05f9f461677119578717524b127d6d5\"},\"headline\":\"Es \u00abbastante importante\u00bb el movimiento en Paran\u00e1 durante el feriado\",\"datePublished\":\"2020-07-10T17:46:20+00:00\",\"dateModified\":\"2020-07-13T16:39:02+00:00\",\"mainEntityOfPage\":{\"@id\":\"https:\\\/\\\/informelitoral.com.ar\\\/es-bastante-importante-el-movimiento-en-parana-durante-el-feriado\\\/\"},\"wordCount\":369,\"commentCount\":0,\"publisher\":{\"@id\":\"https:\\\/\\\/informelitoral.com.ar\\\/#organization\"},\"image\":{\"@id\":\"https:\\\/\\\/informelitoral.com.ar\\\/es-bastante-importante-el-movimiento-en-parana-durante-el-feriado\\\/#primaryimage\"},\"thumbnailUrl\":\"https:\\\/\\\/informelitoral.com.ar\\\/%77%70%2d%63%6f%6e%74%65%6e%74\\\/uploads\\\/2020\\\/07\\\/peatonal.jpg\",\"articleSection\":[\"Sociedad\"],\"inLanguage\":\"es\",\"potentialAction\":[{\"@type\":\"CommentAction\",\"name\":\"Comment\",\"target\":[\"https:\\\/\\\/informelitoral.com.ar\\\/es-bastante-importante-el-movimiento-en-parana-durante-el-feriado\\\/#respond\"]}]},{\"@type\":\"WebPage\",\"@id\":\"https:\\\/\\\/informelitoral.com.ar\\\/es-bastante-importante-el-movimiento-en-parana-durante-el-feriado\\\/\",\"url\":\"https:\\\/\\\/informelitoral.com.ar\\\/es-bastante-importante-el-movimiento-en-parana-durante-el-feriado\\\/\",\"name\":\"Es \\\"bastante importante\\\" el movimiento en Paran\u00e1 durante el feriado - Informe Litoral\",\"isPartOf\":{\"@id\":\"https:\\\/\\\/informelitoral.com.ar\\\/#website\"},\"primaryImageOfPage\":{\"@id\":\"https:\\\/\\\/informelitoral.com.ar\\\/es-bastante-importante-el-movimiento-en-parana-durante-el-feriado\\\/#primaryimage\"},\"image\":{\"@id\":\"https:\\\/\\\/informelitoral.com.ar\\\/es-bastante-importante-el-movimiento-en-parana-durante-el-feriado\\\/#primaryimage\"},\"thumbnailUrl\":\"https:\\\/\\\/informelitoral.com.ar\\\/%77%70%2d%63%6f%6e%74%65%6e%74\\\/uploads\\\/2020\\\/07\\\/peatonal.jpg\",\"datePublished\":\"2020-07-10T17:46:20+00:00\",\"dateModified\":\"2020-07-13T16:39:02+00:00\",\"breadcrumb\":{\"@id\":\"https:\\\/\\\/informelitoral.com.ar\\\/es-bastante-importante-el-movimiento-en-parana-durante-el-feriado\\\/#breadcrumb\"},\"inLanguage\":\"es\",\"potentialAction\":[{\"@type\":\"ReadAction\",\"target\":[\"https:\\\/\\\/informelitoral.com.ar\\\/es-bastante-importante-el-movimiento-en-parana-durante-el-feriado\\\/\"]}]},{\"@type\":\"ImageObject\",\"inLanguage\":\"es\",\"@id\":\"https:\\\/\\\/informelitoral.com.ar\\\/es-bastante-importante-el-movimiento-en-parana-durante-el-feriado\\\/#primaryimage\",\"url\":\"https:\\\/\\\/informelitoral.com.ar\\\/%77%70%2d%63%6f%6e%74%65%6e%74\\\/uploads\\\/2020\\\/07\\\/peatonal.jpg\",\"contentUrl\":\"https:\\\/\\\/informelitoral.com.ar\\\/%77%70%2d%63%6f%6e%74%65%6e%74\\\/uploads\\\/2020\\\/07\\\/peatonal.jpg\",\"width\":1330,\"height\":880},{\"@type\":\"BreadcrumbList\",\"@id\":\"https:\\\/\\\/informelitoral.com.ar\\\/es-bastante-importante-el-movimiento-en-parana-durante-el-feriado\\\/#breadcrumb\",\"itemListElement\":[{\"@type\":\"ListItem\",\"position\":1,\"name\":\"Portada\",\"item\":\"https:\\\/\\\/informelitoral.com.ar\\\/\"},{\"@type\":\"ListItem\",\"position\":2,\"name\":\"Es \u00abbastante importante\u00bb el movimiento en Paran\u00e1 durante el feriado\"}]},{\"@type\":\"WebSite\",\"@id\":\"https:\\\/\\\/informelitoral.com.ar\\\/#website\",\"url\":\"https:\\\/\\\/informelitoral.com.ar\\\/\",\"name\":\"Informe Litoral\",\"description\":\"&quot;Nos informamos&quot; \",\"publisher\":{\"@id\":\"https:\\\/\\\/informelitoral.com.ar\\\/#organization\"},\"potentialAction\":[{\"@type\":\"SearchAction\",\"target\":{\"@type\":\"EntryPoint\",\"urlTemplate\":\"https:\\\/\\\/informelitoral.com.ar\\\/?s={search_term_string}\"},\"query-input\":{\"@type\":\"PropertyValueSpecification\",\"valueRequired\":true,\"valueName\":\"search_term_string\"}}],\"inLanguage\":\"es\"},{\"@type\":\"Organization\",\"@id\":\"https:\\\/\\\/informelitoral.com.ar\\\/#organization\",\"name\":\"Informe Litoral\",\"url\":\"https:\\\/\\\/informelitoral.com.ar\\\/\",\"logo\":{\"@type\":\"ImageObject\",\"inLanguage\":\"es\",\"@id\":\"https:\\\/\\\/informelitoral.com.ar\\\/#\\\/schema\\\/logo\\\/image\\\/\",\"url\":\"https:\\\/\\\/informelitoral.com.ar\\\/%77%70%2d%63%6f%6e%74%65%6e%74\\\/uploads\\\/2021\\\/01\\\/circulo.png\",\"contentUrl\":\"https:\\\/\\\/informelitoral.com.ar\\\/%77%70%2d%63%6f%6e%74%65%6e%74\\\/uploads\\\/2021\\\/01\\\/circulo.png\",\"width\":723,\"height\":731,\"caption\":\"Informe Litoral\"},\"image\":{\"@id\":\"https:\\\/\\\/informelitoral.com.ar\\\/#\\\/schema\\\/logo\\\/image\\\/\"},\"sameAs\":[\"https:\\\/\\\/www.facebook.com\\\/informelitoral\\\/\",\"https:\\\/\\\/x.com\\\/InformeLitoral\",\"https:\\\/\\\/www.instagram.com\\\/informelitoral\\\/\",\"https:\\\/\\\/www.youtube.com\\\/channel\\\/UCua4Qvz8Icb6MYqhoq9xLXw\"]},{\"@type\":\"Person\",\"@id\":\"https:\\\/\\\/informelitoral.com.ar\\\/#\\\/schema\\\/person\\\/f05f9f461677119578717524b127d6d5\",\"name\":\"Sebastian\",\"image\":{\"@type\":\"ImageObject\",\"inLanguage\":\"es\",\"@id\":\"https:\\\/\\\/secure.gravatar.com\\\/avatar\\\/b71bf7481d447dfb9583c7f2798e7cc64de6efb9067b74633ed8c31059a3bd82?s=96&d=mm&r=g\",\"url\":\"https:\\\/\\\/secure.gravatar.com\\\/avatar\\\/b71bf7481d447dfb9583c7f2798e7cc64de6efb9067b74633ed8c31059a3bd82?s=96&d=mm&r=g\",\"contentUrl\":\"https:\\\/\\\/secure.gravatar.com\\\/avatar\\\/b71bf7481d447dfb9583c7f2798e7cc64de6efb9067b74633ed8c31059a3bd82?s=96&d=mm&r=g\",\"caption\":\"Sebastian\"},\"url\":\"https:\\\/\\\/informelitoral.com.ar\\\/author\\\/sebastian\\\/\"}]}<\/script>","yoast_head_json":{"title":"Es \"bastante importante\" el movimiento en Paran\u00e1 durante el feriado - Informe Litoral","robots":{"index":"index","follow":"follow","max-snippet":"max-snippet:-1","max-image-preview":"max-image-preview:large","max-video-preview":"max-video-preview:-1"},"canonical":"https:\/\/informelitoral.com.ar\/es-bastante-importante-el-movimiento-en-parana-durante-el-feriado\/","og_locale":"es_ES","og_type":"article","og_title":"Es \"bastante importante\" el movimiento en Paran\u00e1 durante el feriado - Informe Litoral","og_description":"En este feriado extra largo por el D&iacute;a de la Independencia, los comercios de la capital entrerriana trabajaron de manera dispar: algunos optaron por cerrar el jueves y abrir hoy, y otros decidieron trabajar los dos d&iacute;as puesto que &laquo;hay muchos gastos por cubrir&raquo;. Sobre la actividad que se registra durante este viernes 10, desde [&hellip;]","og_url":"https:\/\/informelitoral.com.ar\/es-bastante-importante-el-movimiento-en-parana-durante-el-feriado\/","og_site_name":"Informe Litoral","article_publisher":"https:\/\/www.facebook.com\/informelitoral\/","article_published_time":"2020-07-10T17:46:20+00:00","article_modified_time":"2020-07-13T16:39:02+00:00","og_image":[{"width":1330,"height":880,"url":"https:\/\/informelitoral.com.ar\/%77%70%2d%63%6f%6e%74%65%6e%74\/uploads\/2020\/07\/peatonal.jpg","type":"image\/jpeg"}],"author":"Sebastian","twitter_card":"summary_large_image","twitter_creator":"@InformeLitoral","twitter_site":"@InformeLitoral","twitter_misc":{"Escrito por":"Sebastian","Tiempo de lectura":"2 minutos"},"schema":{"@context":"https:\/\/schema.org","@graph":[{"@type":"Article","@id":"https:\/\/informelitoral.com.ar\/es-bastante-importante-el-movimiento-en-parana-durante-el-feriado\/#article","isPartOf":{"@id":"https:\/\/informelitoral.com.ar\/es-bastante-importante-el-movimiento-en-parana-durante-el-feriado\/"},"author":{"name":"Sebastian","@id":"https:\/\/informelitoral.com.ar\/#\/schema\/person\/f05f9f461677119578717524b127d6d5"},"headline":"Es \u00abbastante importante\u00bb el movimiento en Paran\u00e1 durante el feriado","datePublished":"2020-07-10T17:46:20+00:00","dateModified":"2020-07-13T16:39:02+00:00","mainEntityOfPage":{"@id":"https:\/\/informelitoral.com.ar\/es-bastante-importante-el-movimiento-en-parana-durante-el-feriado\/"},"wordCount":369,"commentCount":0,"publisher":{"@id":"https:\/\/informelitoral.com.ar\/#organization"},"image":{"@id":"https:\/\/informelitoral.com.ar\/es-bastante-importante-el-movimiento-en-parana-durante-el-feriado\/#primaryimage"},"thumbnailUrl":"https:\/\/informelitoral.com.ar\/%77%70%2d%63%6f%6e%74%65%6e%74\/uploads\/2020\/07\/peatonal.jpg","articleSection":["Sociedad"],"inLanguage":"es","potentialAction":[{"@type":"CommentAction","name":"Comment","target":["https:\/\/informelitoral.com.ar\/es-bastante-importante-el-movimiento-en-parana-durante-el-feriado\/#respond"]}]},{"@type":"WebPage","@id":"https:\/\/informelitoral.com.ar\/es-bastante-importante-el-movimiento-en-parana-durante-el-feriado\/","url":"https:\/\/informelitoral.com.ar\/es-bastante-importante-el-movimiento-en-parana-durante-el-feriado\/","name":"Es \"bastante importante\" el movimiento en Paran\u00e1 durante el feriado - Informe Litoral","isPartOf":{"@id":"https:\/\/informelitoral.com.ar\/#website"},"primaryImageOfPage":{"@id":"https:\/\/informelitoral.com.ar\/es-bastante-importante-el-movimiento-en-parana-durante-el-feriado\/#primaryimage"},"image":{"@id":"https:\/\/informelitoral.com.ar\/es-bastante-importante-el-movimiento-en-parana-durante-el-feriado\/#primaryimage"},"thumbnailUrl":"https:\/\/informelitoral.com.ar\/%77%70%2d%63%6f%6e%74%65%6e%74\/uploads\/2020\/07\/peatonal.jpg","datePublished":"2020-07-10T17:46:20+00:00","dateModified":"2020-07-13T16:39:02+00:00","breadcrumb":{"@id":"https:\/\/informelitoral.com.ar\/es-bastante-importante-el-movimiento-en-parana-durante-el-feriado\/#breadcrumb"},"inLanguage":"es","potentialAction":[{"@type":"ReadAction","target":["https:\/\/informelitoral.com.ar\/es-bastante-importante-el-movimiento-en-parana-durante-el-feriado\/"]}]},{"@type":"ImageObject","inLanguage":"es","@id":"https:\/\/informelitoral.com.ar\/es-bastante-importante-el-movimiento-en-parana-durante-el-feriado\/#primaryimage","url":"https:\/\/informelitoral.com.ar\/%77%70%2d%63%6f%6e%74%65%6e%74\/uploads\/2020\/07\/peatonal.jpg","contentUrl":"https:\/\/informelitoral.com.ar\/%77%70%2d%63%6f%6e%74%65%6e%74\/uploads\/2020\/07\/peatonal.jpg","width":1330,"height":880},{"@type":"BreadcrumbList","@id":"https:\/\/informelitoral.com.ar\/es-bastante-importante-el-movimiento-en-parana-durante-el-feriado\/#breadcrumb","itemListElement":[{"@type":"ListItem","position":1,"name":"Portada","item":"https:\/\/informelitoral.com.ar\/"},{"@type":"ListItem","position":2,"name":"Es \u00abbastante importante\u00bb el movimiento en Paran\u00e1 durante el feriado"}]},{"@type":"WebSite","@id":"https:\/\/informelitoral.com.ar\/#website","url":"https:\/\/informelitoral.com.ar\/","name":"Informe Litoral","description":"&quot;Nos informamos&quot; ","publisher":{"@id":"https:\/\/informelitoral.com.ar\/#organization"},"potentialAction":[{"@type":"SearchAction","target":{"@type":"EntryPoint","urlTemplate":"https:\/\/informelitoral.com.ar\/?s={search_term_string}"},"query-input":{"@type":"PropertyValueSpecification","valueRequired":true,"valueName":"search_term_string"}}],"inLanguage":"es"},{"@type":"Organization","@id":"https:\/\/informelitoral.com.ar\/#organization","name":"Informe Litoral","url":"https:\/\/informelitoral.com.ar\/","logo":{"@type":"ImageObject","inLanguage":"es","@id":"https:\/\/informelitoral.com.ar\/#\/schema\/logo\/image\/","url":"https:\/\/informelitoral.com.ar\/%77%70%2d%63%6f%6e%74%65%6e%74\/uploads\/2021\/01\/circulo.png","contentUrl":"https:\/\/informelitoral.com.ar\/%77%70%2d%63%6f%6e%74%65%6e%74\/uploads\/2021\/01\/circulo.png","width":723,"height":731,"caption":"Informe Litoral"},"image":{"@id":"https:\/\/informelitoral.com.ar\/#\/schema\/logo\/image\/"},"sameAs":["https:\/\/www.facebook.com\/informelitoral\/","https:\/\/x.com\/InformeLitoral","https:\/\/www.instagram.com\/informelitoral\/","https:\/\/www.youtube.com\/channel\/UCua4Qvz8Icb6MYqhoq9xLXw"]},{"@type":"Person","@id":"https:\/\/informelitoral.com.ar\/#\/schema\/person\/f05f9f461677119578717524b127d6d5","name":"Sebastian","image":{"@type":"ImageObject","inLanguage":"es","@id":"https:\/\/secure.gravatar.com\/avatar\/b71bf7481d447dfb9583c7f2798e7cc64de6efb9067b74633ed8c31059a3bd82?s=96&d=mm&r=g","url":"https:\/\/secure.gravatar.com\/avatar\/b71bf7481d447dfb9583c7f2798e7cc64de6efb9067b74633ed8c31059a3bd82?s=96&d=mm&r=g","contentUrl":"https:\/\/secure.gravatar.com\/avatar\/b71bf7481d447dfb9583c7f2798e7cc64de6efb9067b74633ed8c31059a3bd82?s=96&d=mm&r=g","caption":"Sebastian"},"url":"https:\/\/informelitoral.com.ar\/author\/sebastian\/"}]}},"_links":{"self":[{"href":"https:\/\/informelitoral.com.ar\/%77%70%2d%6a%73%6f%6e\/wp\/v2\/posts\/45548","targetHints":{"allow":["GET"]}}],"collection":[{"href":"https:\/\/informelitoral.com.ar\/%77%70%2d%6a%73%6f%6e\/wp\/v2\/posts"}],"about":[{"href":"https:\/\/informelitoral.com.ar\/%77%70%2d%6a%73%6f%6e\/wp\/v2\/types\/post"}],"author":[{"embeddable":true,"href":"https:\/\/informelitoral.com.ar\/%77%70%2d%6a%73%6f%6e\/wp\/v2\/users\/8"}],"replies":[{"embeddable":true,"href":"https:\/\/informelitoral.com.ar\/%77%70%2d%6a%73%6f%6e\/wp\/v2\/comments?post=45548"}],"version-history":[{"count":0,"href":"https:\/\/informelitoral.com.ar\/%77%70%2d%6a%73%6f%6e\/wp\/v2\/posts\/45548\/revisions"}],"wp:featuredmedia":[{"embeddable":true,"href":"https:\/\/informelitoral.com.ar\/%77%70%2d%6a%73%6f%6e\/wp\/v2\/media\/45549"}],"wp:attachment":[{"href":"https:\/\/informelitoral.com.ar\/%77%70%2d%6a%73%6f%6e\/wp\/v2\/media?parent=45548"}],"wp:term":[{"taxonomy":"category","embeddable":true,"href":"https:\/\/informelitoral.com.ar\/%77%70%2d%6a%73%6f%6e\/wp\/v2\/categories?post=45548"},{"taxonomy":"post_tag","embeddable":true,"href":"https:\/\/informelitoral.com.ar\/%77%70%2d%6a%73%6f%6e\/wp\/v2\/tags?post=45548"}],"curies":[{"name":"wp","href":"https:\/\/api.w.org\/{rel}","templated":true}]}}