{"id":4552,"date":"2013-12-04T22:48:44","date_gmt":"2013-12-05T01:48:44","guid":{"rendered":"http:\/\/www.isletasnoticias.com.ar\/?p=4552"},"modified":"2013-12-04T22:48:44","modified_gmt":"2013-12-05T01:48:44","slug":"massa-pisara-suelo-entrerriano-este-jueves","status":"publish","type":"post","link":"https:\/\/informelitoral.com.ar\/massa-pisara-suelo-entrerriano-este-jueves\/","title":{"rendered":"Massa pisar\u00e1 suelo entrerriano este jueves"},"content":{"rendered":"<p><strong>El intendente de Tigre y diputado nacional electo caminar\u00e1 la peatonal, partiendo desde la plaza Alvear. Cerrar\u00e1 su actividad con una conferencia de prensa a las 19,30 en el en un hotel c\u00e9ntrico.<\/strong><\/p>\n<p><img loading=\"lazy\" decoding=\"async\" class=\"size-medium wp-image-4553 aligncenter\" alt=\"massa\" src=\"http:\/\/www.isletasnoticias.com.ar\/%77%70%2d%63%6f%6e%74%65%6e%74\/uploads\/2013\/12\/massa-300x168.jpg\" width=\"300\" height=\"168\" srcset=\"https:\/\/informelitoral.com.ar\/%77%70%2d%63%6f%6e%74%65%6e%74\/uploads\/2013\/12\/massa-300x168.jpg 300w, https:\/\/informelitoral.com.ar\/%77%70%2d%63%6f%6e%74%65%6e%74\/uploads\/2013\/12\/massa.jpg 640w\" sizes=\"auto, (max-width: 300px) 100vw, 300px\" \/><\/p>\n<p style=\"text-align: left;\">El ex gobernador <strong>Jorge Busti<\/strong> fue el encargado de anunciar que el legislador del Frente Renovador recorrer\u00e1 este jueves la peatonal de la capital provincial para saludar a los vecinos, partiendo desde la plaza Alvear a las 17.30. El dato no es menor considerando que hay massistas entrerrianos que no reconocen a Busti como l\u00edder pol\u00edtico y afirman que s\u00f3lo reconocen la conducci\u00f3n del ex Jefe de Gabinete, aunque no descartan subordinarse por disciplina pol\u00edtica si el tigrense as\u00ed lo dispone. Tambi\u00e9n es cierto que Busti niega ser el referente, pero los hechos concretos muestran que fue el encargado de dar la primicia. Otro detalle: el lugar donde se hizo el anuncio es el Sindicato de Petroleros, nacionalmente dirigido por <strong>Jorge Pereyra<\/strong>, alineado con <strong>Hugo Moyano<\/strong>, que tambi\u00e9n ha tejido sus v\u00ednculos con Massa.<\/p>\n<p style=\"text-align: left;\">\u201cQueremos que la llegada de<strong> Sergio Massa<\/strong> sea fruct\u00edfera y pueda tomar contacto con la gente en la que tanta expectativa ha generado\u201d, dijo Busti, en declaraciones enviadas a\u00a0<em>INFORME DIGITAL,<b>\u00a0<\/b><\/em>y aclar\u00f3 no ser el representante de Massa: \u201c\u00e9l habla conmigo porque me tiene respeto, conoce mi trayectoria y sabe la responsabilidad y dedicaci\u00f3n con que tomo la militancia. Mi participaci\u00f3n no ser\u00e1 obst\u00e1culo para que una nueva generaci\u00f3n de dirigentes sea protagonista de lo que viene; por el contrario en mi encontrar\u00e1n un militante decido a acompa\u00f1ar. Gracias a Dios vivo la vida sin odio ni rencores y con el s\u00f3lo af\u00e1n de ver una pa\u00eds y una provincia mejor\u201d.<\/p>\n<p style=\"text-align: left;\">Y agreg\u00f3: \u201cSergio es un dirigentes que colma con esperanzas las expectativas de la mayor\u00eda de las personas y por eso se ha ganado la confianza de 4 millones de bonaerenses por sus ganas de construir un futuro mejor, sin dividir a los argentinos\u201d.<\/p>\n<p>Por este motivo, el ex gobernador advirti\u00f3 que Massa \u201cser\u00e1 blanco de un campa\u00f1a despiadada, a lo que nos tienen acostumbrado el oficialismo, cosa que ya hemos vivido en carne propia\u201d.<\/p>\n<p style=\"text-align: left;\">Por otro lado, se refiri\u00f3 al trabajo que deber\u00e1 realizar en la provincia el Frente Renovador Uni\u00f3n por Entre R\u00edos: \u201cNosotros debemos revalidar este espacio colectivo, no qued\u00e1ndonos con la confianza que nos brindaron los entrerrianos, sino redoblando la apuesta y acercando a los vecinos propuestas concretas\u201d, areng\u00f3 y dijo que esto se logra \u201cno s\u00f3lo rese\u00f1ando problemas, sino tambi\u00e9n diagnosticando y generando equipos t\u00e9cnicos que trabajen en proyectos y propuestas para el bienestar de todos\u201d.<\/p>\n<p>Y puntualiz\u00f3 en que \u201choy no alcanza con decir con que nos gusta Sergio Massa, lo que nos va a distinguir del resto y nos va a fortalecer como alternativa es la planificaci\u00f3n y pensar en resolver los problemas de la gente con ideas y propuestas\u201d, public\u00f3<em> Informe Digital.<\/em><\/p>\n","protected":false},"excerpt":{"rendered":"<p>El intendente de Tigre y diputado nacional electo caminar&aacute; la peatonal, partiendo desde la plaza Alvear. Cerrar&aacute; su actividad con una conferencia de prensa a las 19,30 en el en un hotel c&eacute;ntrico. El ex gobernador Jorge Busti fue el encargado de anunciar que el legislador del Frente Renovador recorrer&aacute; este jueves la peatonal de [&hellip;]<\/p>\n","protected":false},"author":2,"featured_media":0,"comment_status":"open","ping_status":"open","sticky":false,"template":"","format":"standard","meta":{"fifu_image_url":"","fifu_image_alt":"","footnotes":""},"categories":[6,16],"tags":[],"class_list":{"0":"post-4552","1":"post","2":"type-post","3":"status-publish","4":"format-standard","6":"category-entre-rios","7":"category-politi"},"yoast_head":"<title>Massa pisar\u00e1 suelo entrerriano este jueves - Informe Litoral<\/title>\n<meta name=\"robots\" content=\"index, follow, max-snippet:-1, max-image-preview:large, max-video-preview:-1\" \/>\n<link rel=\"canonical\" href=\"https:\/\/informelitoral.com.ar\/massa-pisara-suelo-entrerriano-este-jueves\/\" \/>\n<meta property=\"og:locale\" content=\"es_ES\" \/>\n<meta property=\"og:type\" content=\"article\" \/>\n<meta property=\"og:title\" content=\"Massa pisar\u00e1 suelo entrerriano este jueves - Informe Litoral\" \/>\n<meta property=\"og:description\" content=\"El intendente de Tigre y diputado nacional electo caminar&aacute; la peatonal, partiendo desde la plaza Alvear. Cerrar&aacute; su actividad con una conferencia de prensa a las 19,30 en el en un hotel c&eacute;ntrico. El ex gobernador Jorge Busti fue el encargado de anunciar que el legislador del Frente Renovador recorrer&aacute; este jueves la peatonal de [&hellip;]\" \/>\n<meta property=\"og:url\" content=\"https:\/\/informelitoral.com.ar\/massa-pisara-suelo-entrerriano-este-jueves\/\" \/>\n<meta property=\"og:site_name\" content=\"Informe Litoral\" \/>\n<meta property=\"article:publisher\" content=\"https:\/\/www.facebook.com\/informelitoral\/\" \/>\n<meta property=\"article:published_time\" content=\"2013-12-05T01:48:44+00:00\" \/>\n<meta property=\"og:image\" content=\"https:\/\/informelitoral.com.ar\/%77%70%2d%63%6f%6e%74%65%6e%74\/uploads\/2013\/12\/massa.jpg\" \/>\n\t<meta property=\"og:image:width\" content=\"640\" \/>\n\t<meta property=\"og:image:height\" content=\"360\" \/>\n\t<meta property=\"og:image:type\" content=\"image\/jpeg\" \/>\n<meta name=\"author\" content=\"Gonzalo Schmidt\" \/>\n<meta name=\"twitter:card\" content=\"summary_large_image\" \/>\n<meta name=\"twitter:creator\" content=\"@InformeLitoral\" \/>\n<meta name=\"twitter:site\" content=\"@InformeLitoral\" \/>\n<meta name=\"twitter:label1\" content=\"Escrito por\" \/>\n\t<meta name=\"twitter:data1\" content=\"Gonzalo Schmidt\" \/>\n\t<meta name=\"twitter:label2\" content=\"Tiempo de lectura\" \/>\n\t<meta name=\"twitter:data2\" content=\"3 minutos\" \/>\n<script type=\"application\/ld+json\" class=\"yoast-schema-graph\">{\"@context\":\"https:\\\/\\\/schema.org\",\"@graph\":[{\"@type\":\"Article\",\"@id\":\"https:\\\/\\\/informelitoral.com.ar\\\/massa-pisara-suelo-entrerriano-este-jueves\\\/#article\",\"isPartOf\":{\"@id\":\"https:\\\/\\\/informelitoral.com.ar\\\/massa-pisara-suelo-entrerriano-este-jueves\\\/\"},\"author\":{\"name\":\"Gonzalo Schmidt\",\"@id\":\"https:\\\/\\\/informelitoral.com.ar\\\/#\\\/schema\\\/person\\\/b9d00407c836482871ef1d57bf8e3180\"},\"headline\":\"Massa pisar\u00e1 suelo entrerriano este jueves\",\"datePublished\":\"2013-12-05T01:48:44+00:00\",\"mainEntityOfPage\":{\"@id\":\"https:\\\/\\\/informelitoral.com.ar\\\/massa-pisara-suelo-entrerriano-este-jueves\\\/\"},\"wordCount\":511,\"commentCount\":0,\"publisher\":{\"@id\":\"https:\\\/\\\/informelitoral.com.ar\\\/#organization\"},\"image\":{\"@id\":\"https:\\\/\\\/informelitoral.com.ar\\\/massa-pisara-suelo-entrerriano-este-jueves\\\/#primaryimage\"},\"thumbnailUrl\":\"http:\\\/\\\/www.isletasnoticias.com.ar\\\/%77%70%2d%63%6f%6e%74%65%6e%74\\\/uploads\\\/2013\\\/12\\\/massa-300x168.jpg\",\"articleSection\":[\"Entre R\u00edos\",\"Politica\"],\"inLanguage\":\"es\",\"potentialAction\":[{\"@type\":\"CommentAction\",\"name\":\"Comment\",\"target\":[\"https:\\\/\\\/informelitoral.com.ar\\\/massa-pisara-suelo-entrerriano-este-jueves\\\/#respond\"]}]},{\"@type\":\"WebPage\",\"@id\":\"https:\\\/\\\/informelitoral.com.ar\\\/massa-pisara-suelo-entrerriano-este-jueves\\\/\",\"url\":\"https:\\\/\\\/informelitoral.com.ar\\\/massa-pisara-suelo-entrerriano-este-jueves\\\/\",\"name\":\"Massa pisar\u00e1 suelo entrerriano este jueves - Informe Litoral\",\"isPartOf\":{\"@id\":\"https:\\\/\\\/informelitoral.com.ar\\\/#website\"},\"primaryImageOfPage\":{\"@id\":\"https:\\\/\\\/informelitoral.com.ar\\\/massa-pisara-suelo-entrerriano-este-jueves\\\/#primaryimage\"},\"image\":{\"@id\":\"https:\\\/\\\/informelitoral.com.ar\\\/massa-pisara-suelo-entrerriano-este-jueves\\\/#primaryimage\"},\"thumbnailUrl\":\"http:\\\/\\\/www.isletasnoticias.com.ar\\\/%77%70%2d%63%6f%6e%74%65%6e%74\\\/uploads\\\/2013\\\/12\\\/massa-300x168.jpg\",\"datePublished\":\"2013-12-05T01:48:44+00:00\",\"breadcrumb\":{\"@id\":\"https:\\\/\\\/informelitoral.com.ar\\\/massa-pisara-suelo-entrerriano-este-jueves\\\/#breadcrumb\"},\"inLanguage\":\"es\",\"potentialAction\":[{\"@type\":\"ReadAction\",\"target\":[\"https:\\\/\\\/informelitoral.com.ar\\\/massa-pisara-suelo-entrerriano-este-jueves\\\/\"]}]},{\"@type\":\"ImageObject\",\"inLanguage\":\"es\",\"@id\":\"https:\\\/\\\/informelitoral.com.ar\\\/massa-pisara-suelo-entrerriano-este-jueves\\\/#primaryimage\",\"url\":\"http:\\\/\\\/www.isletasnoticias.com.ar\\\/%77%70%2d%63%6f%6e%74%65%6e%74\\\/uploads\\\/2013\\\/12\\\/massa-300x168.jpg\",\"contentUrl\":\"http:\\\/\\\/www.isletasnoticias.com.ar\\\/%77%70%2d%63%6f%6e%74%65%6e%74\\\/uploads\\\/2013\\\/12\\\/massa-300x168.jpg\"},{\"@type\":\"BreadcrumbList\",\"@id\":\"https:\\\/\\\/informelitoral.com.ar\\\/massa-pisara-suelo-entrerriano-este-jueves\\\/#breadcrumb\",\"itemListElement\":[{\"@type\":\"ListItem\",\"position\":1,\"name\":\"Portada\",\"item\":\"https:\\\/\\\/informelitoral.com.ar\\\/\"},{\"@type\":\"ListItem\",\"position\":2,\"name\":\"Massa pisar\u00e1 suelo entrerriano este jueves\"}]},{\"@type\":\"WebSite\",\"@id\":\"https:\\\/\\\/informelitoral.com.ar\\\/#website\",\"url\":\"https:\\\/\\\/informelitoral.com.ar\\\/\",\"name\":\"Informe Litoral\",\"description\":\"&quot;Nos informamos&quot; \",\"publisher\":{\"@id\":\"https:\\\/\\\/informelitoral.com.ar\\\/#organization\"},\"potentialAction\":[{\"@type\":\"SearchAction\",\"target\":{\"@type\":\"EntryPoint\",\"urlTemplate\":\"https:\\\/\\\/informelitoral.com.ar\\\/?s={search_term_string}\"},\"query-input\":{\"@type\":\"PropertyValueSpecification\",\"valueRequired\":true,\"valueName\":\"search_term_string\"}}],\"inLanguage\":\"es\"},{\"@type\":\"Organization\",\"@id\":\"https:\\\/\\\/informelitoral.com.ar\\\/#organization\",\"name\":\"Informe Litoral\",\"url\":\"https:\\\/\\\/informelitoral.com.ar\\\/\",\"logo\":{\"@type\":\"ImageObject\",\"inLanguage\":\"es\",\"@id\":\"https:\\\/\\\/informelitoral.com.ar\\\/#\\\/schema\\\/logo\\\/image\\\/\",\"url\":\"https:\\\/\\\/informelitoral.com.ar\\\/%77%70%2d%63%6f%6e%74%65%6e%74\\\/uploads\\\/2021\\\/01\\\/circulo.png\",\"contentUrl\":\"https:\\\/\\\/informelitoral.com.ar\\\/%77%70%2d%63%6f%6e%74%65%6e%74\\\/uploads\\\/2021\\\/01\\\/circulo.png\",\"width\":723,\"height\":731,\"caption\":\"Informe Litoral\"},\"image\":{\"@id\":\"https:\\\/\\\/informelitoral.com.ar\\\/#\\\/schema\\\/logo\\\/image\\\/\"},\"sameAs\":[\"https:\\\/\\\/www.facebook.com\\\/informelitoral\\\/\",\"https:\\\/\\\/x.com\\\/InformeLitoral\",\"https:\\\/\\\/www.instagram.com\\\/informelitoral\\\/\",\"https:\\\/\\\/www.youtube.com\\\/channel\\\/UCua4Qvz8Icb6MYqhoq9xLXw\"]},{\"@type\":\"Person\",\"@id\":\"https:\\\/\\\/informelitoral.com.ar\\\/#\\\/schema\\\/person\\\/b9d00407c836482871ef1d57bf8e3180\",\"name\":\"Gonzalo Schmidt\",\"image\":{\"@type\":\"ImageObject\",\"inLanguage\":\"es\",\"@id\":\"https:\\\/\\\/secure.gravatar.com\\\/avatar\\\/31a1a7b66ff2de83bd0e9fd79d026630d2d99e55e8bfe501287647b4fd9743de?s=96&d=mm&r=g\",\"url\":\"https:\\\/\\\/secure.gravatar.com\\\/avatar\\\/31a1a7b66ff2de83bd0e9fd79d026630d2d99e55e8bfe501287647b4fd9743de?s=96&d=mm&r=g\",\"contentUrl\":\"https:\\\/\\\/secure.gravatar.com\\\/avatar\\\/31a1a7b66ff2de83bd0e9fd79d026630d2d99e55e8bfe501287647b4fd9743de?s=96&d=mm&r=g\",\"caption\":\"Gonzalo Schmidt\"},\"description\":\"Sitio web de noticias de la provincia de Entre R\u00edos, Argentina. Informaci\u00f3n y entretenimiento. Informe Litoral, nos informamos.\",\"sameAs\":[\"http:\\\/\\\/www.isletasnoticias.com.ar\"],\"url\":\"https:\\\/\\\/informelitoral.com.ar\\\/author\\\/gonzalo\\\/\"}]}<\/script>","yoast_head_json":{"title":"Massa pisar\u00e1 suelo entrerriano este jueves - Informe Litoral","robots":{"index":"index","follow":"follow","max-snippet":"max-snippet:-1","max-image-preview":"max-image-preview:large","max-video-preview":"max-video-preview:-1"},"canonical":"https:\/\/informelitoral.com.ar\/massa-pisara-suelo-entrerriano-este-jueves\/","og_locale":"es_ES","og_type":"article","og_title":"Massa pisar\u00e1 suelo entrerriano este jueves - Informe Litoral","og_description":"El intendente de Tigre y diputado nacional electo caminar&aacute; la peatonal, partiendo desde la plaza Alvear. Cerrar&aacute; su actividad con una conferencia de prensa a las 19,30 en el en un hotel c&eacute;ntrico. El ex gobernador Jorge Busti fue el encargado de anunciar que el legislador del Frente Renovador recorrer&aacute; este jueves la peatonal de [&hellip;]","og_url":"https:\/\/informelitoral.com.ar\/massa-pisara-suelo-entrerriano-este-jueves\/","og_site_name":"Informe Litoral","article_publisher":"https:\/\/www.facebook.com\/informelitoral\/","article_published_time":"2013-12-05T01:48:44+00:00","og_image":[{"width":640,"height":360,"url":"https:\/\/informelitoral.com.ar\/%77%70%2d%63%6f%6e%74%65%6e%74\/uploads\/2013\/12\/massa.jpg","type":"image\/jpeg"}],"author":"Gonzalo Schmidt","twitter_card":"summary_large_image","twitter_creator":"@InformeLitoral","twitter_site":"@InformeLitoral","twitter_misc":{"Escrito por":"Gonzalo Schmidt","Tiempo de lectura":"3 minutos"},"schema":{"@context":"https:\/\/schema.org","@graph":[{"@type":"Article","@id":"https:\/\/informelitoral.com.ar\/massa-pisara-suelo-entrerriano-este-jueves\/#article","isPartOf":{"@id":"https:\/\/informelitoral.com.ar\/massa-pisara-suelo-entrerriano-este-jueves\/"},"author":{"name":"Gonzalo Schmidt","@id":"https:\/\/informelitoral.com.ar\/#\/schema\/person\/b9d00407c836482871ef1d57bf8e3180"},"headline":"Massa pisar\u00e1 suelo entrerriano este jueves","datePublished":"2013-12-05T01:48:44+00:00","mainEntityOfPage":{"@id":"https:\/\/informelitoral.com.ar\/massa-pisara-suelo-entrerriano-este-jueves\/"},"wordCount":511,"commentCount":0,"publisher":{"@id":"https:\/\/informelitoral.com.ar\/#organization"},"image":{"@id":"https:\/\/informelitoral.com.ar\/massa-pisara-suelo-entrerriano-este-jueves\/#primaryimage"},"thumbnailUrl":"http:\/\/www.isletasnoticias.com.ar\/%77%70%2d%63%6f%6e%74%65%6e%74\/uploads\/2013\/12\/massa-300x168.jpg","articleSection":["Entre R\u00edos","Politica"],"inLanguage":"es","potentialAction":[{"@type":"CommentAction","name":"Comment","target":["https:\/\/informelitoral.com.ar\/massa-pisara-suelo-entrerriano-este-jueves\/#respond"]}]},{"@type":"WebPage","@id":"https:\/\/informelitoral.com.ar\/massa-pisara-suelo-entrerriano-este-jueves\/","url":"https:\/\/informelitoral.com.ar\/massa-pisara-suelo-entrerriano-este-jueves\/","name":"Massa pisar\u00e1 suelo entrerriano este jueves - Informe Litoral","isPartOf":{"@id":"https:\/\/informelitoral.com.ar\/#website"},"primaryImageOfPage":{"@id":"https:\/\/informelitoral.com.ar\/massa-pisara-suelo-entrerriano-este-jueves\/#primaryimage"},"image":{"@id":"https:\/\/informelitoral.com.ar\/massa-pisara-suelo-entrerriano-este-jueves\/#primaryimage"},"thumbnailUrl":"http:\/\/www.isletasnoticias.com.ar\/%77%70%2d%63%6f%6e%74%65%6e%74\/uploads\/2013\/12\/massa-300x168.jpg","datePublished":"2013-12-05T01:48:44+00:00","breadcrumb":{"@id":"https:\/\/informelitoral.com.ar\/massa-pisara-suelo-entrerriano-este-jueves\/#breadcrumb"},"inLanguage":"es","potentialAction":[{"@type":"ReadAction","target":["https:\/\/informelitoral.com.ar\/massa-pisara-suelo-entrerriano-este-jueves\/"]}]},{"@type":"ImageObject","inLanguage":"es","@id":"https:\/\/informelitoral.com.ar\/massa-pisara-suelo-entrerriano-este-jueves\/#primaryimage","url":"http:\/\/www.isletasnoticias.com.ar\/%77%70%2d%63%6f%6e%74%65%6e%74\/uploads\/2013\/12\/massa-300x168.jpg","contentUrl":"http:\/\/www.isletasnoticias.com.ar\/%77%70%2d%63%6f%6e%74%65%6e%74\/uploads\/2013\/12\/massa-300x168.jpg"},{"@type":"BreadcrumbList","@id":"https:\/\/informelitoral.com.ar\/massa-pisara-suelo-entrerriano-este-jueves\/#breadcrumb","itemListElement":[{"@type":"ListItem","position":1,"name":"Portada","item":"https:\/\/informelitoral.com.ar\/"},{"@type":"ListItem","position":2,"name":"Massa pisar\u00e1 suelo entrerriano este jueves"}]},{"@type":"WebSite","@id":"https:\/\/informelitoral.com.ar\/#website","url":"https:\/\/informelitoral.com.ar\/","name":"Informe Litoral","description":"&quot;Nos informamos&quot; ","publisher":{"@id":"https:\/\/informelitoral.com.ar\/#organization"},"potentialAction":[{"@type":"SearchAction","target":{"@type":"EntryPoint","urlTemplate":"https:\/\/informelitoral.com.ar\/?s={search_term_string}"},"query-input":{"@type":"PropertyValueSpecification","valueRequired":true,"valueName":"search_term_string"}}],"inLanguage":"es"},{"@type":"Organization","@id":"https:\/\/informelitoral.com.ar\/#organization","name":"Informe Litoral","url":"https:\/\/informelitoral.com.ar\/","logo":{"@type":"ImageObject","inLanguage":"es","@id":"https:\/\/informelitoral.com.ar\/#\/schema\/logo\/image\/","url":"https:\/\/informelitoral.com.ar\/%77%70%2d%63%6f%6e%74%65%6e%74\/uploads\/2021\/01\/circulo.png","contentUrl":"https:\/\/informelitoral.com.ar\/%77%70%2d%63%6f%6e%74%65%6e%74\/uploads\/2021\/01\/circulo.png","width":723,"height":731,"caption":"Informe Litoral"},"image":{"@id":"https:\/\/informelitoral.com.ar\/#\/schema\/logo\/image\/"},"sameAs":["https:\/\/www.facebook.com\/informelitoral\/","https:\/\/x.com\/InformeLitoral","https:\/\/www.instagram.com\/informelitoral\/","https:\/\/www.youtube.com\/channel\/UCua4Qvz8Icb6MYqhoq9xLXw"]},{"@type":"Person","@id":"https:\/\/informelitoral.com.ar\/#\/schema\/person\/b9d00407c836482871ef1d57bf8e3180","name":"Gonzalo Schmidt","image":{"@type":"ImageObject","inLanguage":"es","@id":"https:\/\/secure.gravatar.com\/avatar\/31a1a7b66ff2de83bd0e9fd79d026630d2d99e55e8bfe501287647b4fd9743de?s=96&d=mm&r=g","url":"https:\/\/secure.gravatar.com\/avatar\/31a1a7b66ff2de83bd0e9fd79d026630d2d99e55e8bfe501287647b4fd9743de?s=96&d=mm&r=g","contentUrl":"https:\/\/secure.gravatar.com\/avatar\/31a1a7b66ff2de83bd0e9fd79d026630d2d99e55e8bfe501287647b4fd9743de?s=96&d=mm&r=g","caption":"Gonzalo Schmidt"},"description":"Sitio web de noticias de la provincia de Entre R\u00edos, Argentina. Informaci\u00f3n y entretenimiento. Informe Litoral, nos informamos.","sameAs":["http:\/\/www.isletasnoticias.com.ar"],"url":"https:\/\/informelitoral.com.ar\/author\/gonzalo\/"}]}},"_links":{"self":[{"href":"https:\/\/informelitoral.com.ar\/%77%70%2d%6a%73%6f%6e\/wp\/v2\/posts\/4552","targetHints":{"allow":["GET"]}}],"collection":[{"href":"https:\/\/informelitoral.com.ar\/%77%70%2d%6a%73%6f%6e\/wp\/v2\/posts"}],"about":[{"href":"https:\/\/informelitoral.com.ar\/%77%70%2d%6a%73%6f%6e\/wp\/v2\/types\/post"}],"author":[{"embeddable":true,"href":"https:\/\/informelitoral.com.ar\/%77%70%2d%6a%73%6f%6e\/wp\/v2\/users\/2"}],"replies":[{"embeddable":true,"href":"https:\/\/informelitoral.com.ar\/%77%70%2d%6a%73%6f%6e\/wp\/v2\/comments?post=4552"}],"version-history":[{"count":0,"href":"https:\/\/informelitoral.com.ar\/%77%70%2d%6a%73%6f%6e\/wp\/v2\/posts\/4552\/revisions"}],"wp:attachment":[{"href":"https:\/\/informelitoral.com.ar\/%77%70%2d%6a%73%6f%6e\/wp\/v2\/media?parent=4552"}],"wp:term":[{"taxonomy":"category","embeddable":true,"href":"https:\/\/informelitoral.com.ar\/%77%70%2d%6a%73%6f%6e\/wp\/v2\/categories?post=4552"},{"taxonomy":"post_tag","embeddable":true,"href":"https:\/\/informelitoral.com.ar\/%77%70%2d%6a%73%6f%6e\/wp\/v2\/tags?post=4552"}],"curies":[{"name":"wp","href":"https:\/\/api.w.org\/{rel}","templated":true}]}}