{"id":45440,"date":"2020-07-08T17:31:48","date_gmt":"2020-07-08T20:31:48","guid":{"rendered":"https:\/\/www.isletasnoticias.com.ar\/?p=45440"},"modified":"2020-07-08T22:52:44","modified_gmt":"2020-07-09T01:52:44","slug":"prision-domiciliaria-para-lazaro-baez","status":"publish","type":"post","link":"https:\/\/informelitoral.com.ar\/prision-domiciliaria-para-lazaro-baez\/","title":{"rendered":"Prisi\u00f3n domiciliaria para L\u00e1zaro B\u00e1ez"},"content":{"rendered":"<p>El empresario L\u00e1zaro B\u00e1ez saldr\u00e1 del penal de Ezeiza tras pagar una cauci\u00f3n de 632.500.000 de pesos. As\u00ed lo dispuso el Tribunal Oral Federal N\u00famero 4, que le otorg\u00f3 prisi\u00f3n domiciliaria tras un fallo de la C\u00e1mara de Casaci\u00f3n.<\/p>\n<p>B\u00e1ez, que hab\u00eda obtenido ese beneficio en otra causa de lavado de dinero conocida como la Ruta del Dinero K, fue detenido hace cuatro a\u00f1os con prisi\u00f3n preventiva. En una de las causas por las que ten\u00eda prisi\u00f3n preventiva, se le hab\u00eda denegado la posibilidad de una domiciliaria o excarcelaci\u00f3n. Pero la sala 4 de la C\u00e1mara de Casaci\u00f3n orden\u00f3 al Tribunal Oral que lo juzga a B\u00e1ez a hacer un nuevo dictamen.<\/p>\n<p><a href=\"https:\/\/www.isletasnoticias.com.ar\/%77%70%2d%63%6f%6e%74%65%6e%74\/uploads\/2020\/07\/lazaro-baez-acosado-por-las-dudas-0308-g1.jpg\"><img loading=\"lazy\" decoding=\"async\" class=\"aligncenter wp-image-45443 size-full\" src=\"https:\/\/www.isletasnoticias.com.ar\/%77%70%2d%63%6f%6e%74%65%6e%74\/uploads\/2020\/07\/lazaro-baez-acosado-por-las-dudas-0308-g1.jpg\" alt=\"\" width=\"728\" height=\"500\" srcset=\"https:\/\/informelitoral.com.ar\/%77%70%2d%63%6f%6e%74%65%6e%74\/uploads\/2020\/07\/lazaro-baez-acosado-por-las-dudas-0308-g1.jpg 728w, https:\/\/informelitoral.com.ar\/%77%70%2d%63%6f%6e%74%65%6e%74\/uploads\/2020\/07\/lazaro-baez-acosado-por-las-dudas-0308-g1-300x206.jpg 300w, https:\/\/informelitoral.com.ar\/%77%70%2d%63%6f%6e%74%65%6e%74\/uploads\/2020\/07\/lazaro-baez-acosado-por-las-dudas-0308-g1-218x150.jpg 218w, https:\/\/informelitoral.com.ar\/%77%70%2d%63%6f%6e%74%65%6e%74\/uploads\/2020\/07\/lazaro-baez-acosado-por-las-dudas-0308-g1-696x478.jpg 696w, https:\/\/informelitoral.com.ar\/%77%70%2d%63%6f%6e%74%65%6e%74\/uploads\/2020\/07\/lazaro-baez-acosado-por-las-dudas-0308-g1-612x420.jpg 612w, https:\/\/informelitoral.com.ar\/%77%70%2d%63%6f%6e%74%65%6e%74\/uploads\/2020\/07\/lazaro-baez-acosado-por-las-dudas-0308-g1-100x70.jpg 100w\" sizes=\"auto, (max-width: 728px) 100vw, 728px\" \/><\/a><\/p>\n<p>El Tribunal dispuso la colocaci\u00f3n de una tobillera electr\u00f3nica que le permitir\u00e1 moverse a 100 kil\u00f3metros a la redonda. Seg\u00fan dijeron fuentes judiciales al canal TN, el empresario fij\u00f3 domicilio para cumplir con la preventiva en un country por la zona de Pilar. Deber\u00e1 presentarse cada 15 d\u00edas en el Tribunal Oral.<\/p>\n<p>La defensa del empresario, que fue durante a\u00f1os uno de los m\u00e1s importantes en obra p\u00fablica en Santa Cruz, hab\u00eda dicho que era excesivo negarle la posibilidad de cumplir prisi\u00f3n domiciliaria, porque no tiene una condena firme y lleva cuatro a\u00f1os en prisi\u00f3n preventiva.\u00a0 Seg\u00fan record\u00f3 la agencia T\u00e9lam, B\u00e1ez est\u00e1 detenido desde el 6 de abril de 2016 y los abogados aportaron en su defensa que tiene 64 a\u00f1os, enfermedades coronarias, insuficiencia respiratoria y diabetes tipo 2, lo cual lo pone en situaci\u00f3n de riesgo ante la pandemia de coronavirus. <em>(Fuente: Diario Perfil)<\/em><\/p>\n","protected":false},"excerpt":{"rendered":"<p>El Tribunal Oral N\u00famero 4 resolvi\u00f3 que B\u00e1ez lleve una tobillera electr\u00f3nica que le permitir\u00e1 moverse 100 kil\u00f3metros a la redonda del domicilio que fije. El fallo llego tras una resoluci\u00f3n de la C\u00e1mara de Casaci\u00f3n. <\/p>\n","protected":false},"author":8,"featured_media":45442,"comment_status":"open","ping_status":"open","sticky":false,"template":"","format":"standard","meta":{"fifu_image_url":"","fifu_image_alt":"","footnotes":""},"categories":[16],"tags":[],"class_list":{"0":"post-45440","1":"post","2":"type-post","3":"status-publish","4":"format-standard","5":"has-post-thumbnail","7":"category-politi"},"yoast_head":"<title>Prisi\u00f3n domiciliaria para L\u00e1zaro B\u00e1ez - Informe Litoral<\/title>\n<meta name=\"robots\" content=\"index, follow, max-snippet:-1, max-image-preview:large, max-video-preview:-1\" \/>\n<link rel=\"canonical\" href=\"https:\/\/informelitoral.com.ar\/prision-domiciliaria-para-lazaro-baez\/\" \/>\n<meta property=\"og:locale\" content=\"es_ES\" \/>\n<meta property=\"og:type\" content=\"article\" \/>\n<meta property=\"og:title\" content=\"Prisi\u00f3n domiciliaria para L\u00e1zaro B\u00e1ez - Informe Litoral\" \/>\n<meta property=\"og:description\" content=\"El Tribunal Oral N\u00famero 4 resolvi\u00f3 que B\u00e1ez lleve una tobillera electr\u00f3nica que le permitir\u00e1 moverse 100 kil\u00f3metros a la redonda del domicilio que fije. El fallo llego tras una resoluci\u00f3n de la C\u00e1mara de Casaci\u00f3n.\" \/>\n<meta property=\"og:url\" content=\"https:\/\/informelitoral.com.ar\/prision-domiciliaria-para-lazaro-baez\/\" \/>\n<meta property=\"og:site_name\" content=\"Informe Litoral\" \/>\n<meta property=\"article:publisher\" content=\"https:\/\/www.facebook.com\/informelitoral\/\" \/>\n<meta property=\"article:published_time\" content=\"2020-07-08T20:31:48+00:00\" \/>\n<meta property=\"article:modified_time\" content=\"2020-07-09T01:52:44+00:00\" \/>\n<meta property=\"og:image\" content=\"https:\/\/informelitoral.com.ar\/%77%70%2d%63%6f%6e%74%65%6e%74\/uploads\/2020\/07\/unnamed.jpg\" \/>\n\t<meta property=\"og:image:width\" content=\"512\" \/>\n\t<meta property=\"og:image:height\" content=\"352\" \/>\n\t<meta property=\"og:image:type\" content=\"image\/jpeg\" \/>\n<meta name=\"author\" content=\"Sebastian\" \/>\n<meta name=\"twitter:card\" content=\"summary_large_image\" \/>\n<meta name=\"twitter:creator\" content=\"@InformeLitoral\" \/>\n<meta name=\"twitter:site\" content=\"@InformeLitoral\" \/>\n<meta name=\"twitter:label1\" content=\"Escrito por\" \/>\n\t<meta name=\"twitter:data1\" content=\"Sebastian\" \/>\n\t<meta name=\"twitter:label2\" content=\"Tiempo de lectura\" \/>\n\t<meta name=\"twitter:data2\" content=\"1 minuto\" \/>\n<script type=\"application\/ld+json\" class=\"yoast-schema-graph\">{\"@context\":\"https:\\\/\\\/schema.org\",\"@graph\":[{\"@type\":\"Article\",\"@id\":\"https:\\\/\\\/informelitoral.com.ar\\\/prision-domiciliaria-para-lazaro-baez\\\/#article\",\"isPartOf\":{\"@id\":\"https:\\\/\\\/informelitoral.com.ar\\\/prision-domiciliaria-para-lazaro-baez\\\/\"},\"author\":{\"name\":\"Sebastian\",\"@id\":\"https:\\\/\\\/informelitoral.com.ar\\\/#\\\/schema\\\/person\\\/f05f9f461677119578717524b127d6d5\"},\"headline\":\"Prisi\u00f3n domiciliaria para L\u00e1zaro B\u00e1ez\",\"datePublished\":\"2020-07-08T20:31:48+00:00\",\"dateModified\":\"2020-07-09T01:52:44+00:00\",\"mainEntityOfPage\":{\"@id\":\"https:\\\/\\\/informelitoral.com.ar\\\/prision-domiciliaria-para-lazaro-baez\\\/\"},\"wordCount\":292,\"commentCount\":0,\"publisher\":{\"@id\":\"https:\\\/\\\/informelitoral.com.ar\\\/#organization\"},\"image\":{\"@id\":\"https:\\\/\\\/informelitoral.com.ar\\\/prision-domiciliaria-para-lazaro-baez\\\/#primaryimage\"},\"thumbnailUrl\":\"https:\\\/\\\/informelitoral.com.ar\\\/%77%70%2d%63%6f%6e%74%65%6e%74\\\/uploads\\\/2020\\\/07\\\/unnamed.jpg\",\"articleSection\":[\"Politica\"],\"inLanguage\":\"es\",\"potentialAction\":[{\"@type\":\"CommentAction\",\"name\":\"Comment\",\"target\":[\"https:\\\/\\\/informelitoral.com.ar\\\/prision-domiciliaria-para-lazaro-baez\\\/#respond\"]}]},{\"@type\":\"WebPage\",\"@id\":\"https:\\\/\\\/informelitoral.com.ar\\\/prision-domiciliaria-para-lazaro-baez\\\/\",\"url\":\"https:\\\/\\\/informelitoral.com.ar\\\/prision-domiciliaria-para-lazaro-baez\\\/\",\"name\":\"Prisi\u00f3n domiciliaria para L\u00e1zaro B\u00e1ez - Informe Litoral\",\"isPartOf\":{\"@id\":\"https:\\\/\\\/informelitoral.com.ar\\\/#website\"},\"primaryImageOfPage\":{\"@id\":\"https:\\\/\\\/informelitoral.com.ar\\\/prision-domiciliaria-para-lazaro-baez\\\/#primaryimage\"},\"image\":{\"@id\":\"https:\\\/\\\/informelitoral.com.ar\\\/prision-domiciliaria-para-lazaro-baez\\\/#primaryimage\"},\"thumbnailUrl\":\"https:\\\/\\\/informelitoral.com.ar\\\/%77%70%2d%63%6f%6e%74%65%6e%74\\\/uploads\\\/2020\\\/07\\\/unnamed.jpg\",\"datePublished\":\"2020-07-08T20:31:48+00:00\",\"dateModified\":\"2020-07-09T01:52:44+00:00\",\"breadcrumb\":{\"@id\":\"https:\\\/\\\/informelitoral.com.ar\\\/prision-domiciliaria-para-lazaro-baez\\\/#breadcrumb\"},\"inLanguage\":\"es\",\"potentialAction\":[{\"@type\":\"ReadAction\",\"target\":[\"https:\\\/\\\/informelitoral.com.ar\\\/prision-domiciliaria-para-lazaro-baez\\\/\"]}]},{\"@type\":\"ImageObject\",\"inLanguage\":\"es\",\"@id\":\"https:\\\/\\\/informelitoral.com.ar\\\/prision-domiciliaria-para-lazaro-baez\\\/#primaryimage\",\"url\":\"https:\\\/\\\/informelitoral.com.ar\\\/%77%70%2d%63%6f%6e%74%65%6e%74\\\/uploads\\\/2020\\\/07\\\/unnamed.jpg\",\"contentUrl\":\"https:\\\/\\\/informelitoral.com.ar\\\/%77%70%2d%63%6f%6e%74%65%6e%74\\\/uploads\\\/2020\\\/07\\\/unnamed.jpg\",\"width\":512,\"height\":352},{\"@type\":\"BreadcrumbList\",\"@id\":\"https:\\\/\\\/informelitoral.com.ar\\\/prision-domiciliaria-para-lazaro-baez\\\/#breadcrumb\",\"itemListElement\":[{\"@type\":\"ListItem\",\"position\":1,\"name\":\"Portada\",\"item\":\"https:\\\/\\\/informelitoral.com.ar\\\/\"},{\"@type\":\"ListItem\",\"position\":2,\"name\":\"Prisi\u00f3n domiciliaria para L\u00e1zaro B\u00e1ez\"}]},{\"@type\":\"WebSite\",\"@id\":\"https:\\\/\\\/informelitoral.com.ar\\\/#website\",\"url\":\"https:\\\/\\\/informelitoral.com.ar\\\/\",\"name\":\"Informe Litoral\",\"description\":\"&quot;Nos informamos&quot; \",\"publisher\":{\"@id\":\"https:\\\/\\\/informelitoral.com.ar\\\/#organization\"},\"potentialAction\":[{\"@type\":\"SearchAction\",\"target\":{\"@type\":\"EntryPoint\",\"urlTemplate\":\"https:\\\/\\\/informelitoral.com.ar\\\/?s={search_term_string}\"},\"query-input\":{\"@type\":\"PropertyValueSpecification\",\"valueRequired\":true,\"valueName\":\"search_term_string\"}}],\"inLanguage\":\"es\"},{\"@type\":\"Organization\",\"@id\":\"https:\\\/\\\/informelitoral.com.ar\\\/#organization\",\"name\":\"Informe Litoral\",\"url\":\"https:\\\/\\\/informelitoral.com.ar\\\/\",\"logo\":{\"@type\":\"ImageObject\",\"inLanguage\":\"es\",\"@id\":\"https:\\\/\\\/informelitoral.com.ar\\\/#\\\/schema\\\/logo\\\/image\\\/\",\"url\":\"https:\\\/\\\/informelitoral.com.ar\\\/%77%70%2d%63%6f%6e%74%65%6e%74\\\/uploads\\\/2021\\\/01\\\/circulo.png\",\"contentUrl\":\"https:\\\/\\\/informelitoral.com.ar\\\/%77%70%2d%63%6f%6e%74%65%6e%74\\\/uploads\\\/2021\\\/01\\\/circulo.png\",\"width\":723,\"height\":731,\"caption\":\"Informe Litoral\"},\"image\":{\"@id\":\"https:\\\/\\\/informelitoral.com.ar\\\/#\\\/schema\\\/logo\\\/image\\\/\"},\"sameAs\":[\"https:\\\/\\\/www.facebook.com\\\/informelitoral\\\/\",\"https:\\\/\\\/x.com\\\/InformeLitoral\",\"https:\\\/\\\/www.instagram.com\\\/informelitoral\\\/\",\"https:\\\/\\\/www.youtube.com\\\/channel\\\/UCua4Qvz8Icb6MYqhoq9xLXw\"]},{\"@type\":\"Person\",\"@id\":\"https:\\\/\\\/informelitoral.com.ar\\\/#\\\/schema\\\/person\\\/f05f9f461677119578717524b127d6d5\",\"name\":\"Sebastian\",\"image\":{\"@type\":\"ImageObject\",\"inLanguage\":\"es\",\"@id\":\"https:\\\/\\\/secure.gravatar.com\\\/avatar\\\/b71bf7481d447dfb9583c7f2798e7cc64de6efb9067b74633ed8c31059a3bd82?s=96&d=mm&r=g\",\"url\":\"https:\\\/\\\/secure.gravatar.com\\\/avatar\\\/b71bf7481d447dfb9583c7f2798e7cc64de6efb9067b74633ed8c31059a3bd82?s=96&d=mm&r=g\",\"contentUrl\":\"https:\\\/\\\/secure.gravatar.com\\\/avatar\\\/b71bf7481d447dfb9583c7f2798e7cc64de6efb9067b74633ed8c31059a3bd82?s=96&d=mm&r=g\",\"caption\":\"Sebastian\"},\"url\":\"https:\\\/\\\/informelitoral.com.ar\\\/author\\\/sebastian\\\/\"}]}<\/script>","yoast_head_json":{"title":"Prisi\u00f3n domiciliaria para L\u00e1zaro B\u00e1ez - Informe Litoral","robots":{"index":"index","follow":"follow","max-snippet":"max-snippet:-1","max-image-preview":"max-image-preview:large","max-video-preview":"max-video-preview:-1"},"canonical":"https:\/\/informelitoral.com.ar\/prision-domiciliaria-para-lazaro-baez\/","og_locale":"es_ES","og_type":"article","og_title":"Prisi\u00f3n domiciliaria para L\u00e1zaro B\u00e1ez - Informe Litoral","og_description":"El Tribunal Oral N\u00famero 4 resolvi\u00f3 que B\u00e1ez lleve una tobillera electr\u00f3nica que le permitir\u00e1 moverse 100 kil\u00f3metros a la redonda del domicilio que fije. El fallo llego tras una resoluci\u00f3n de la C\u00e1mara de Casaci\u00f3n.","og_url":"https:\/\/informelitoral.com.ar\/prision-domiciliaria-para-lazaro-baez\/","og_site_name":"Informe Litoral","article_publisher":"https:\/\/www.facebook.com\/informelitoral\/","article_published_time":"2020-07-08T20:31:48+00:00","article_modified_time":"2020-07-09T01:52:44+00:00","og_image":[{"width":512,"height":352,"url":"https:\/\/informelitoral.com.ar\/%77%70%2d%63%6f%6e%74%65%6e%74\/uploads\/2020\/07\/unnamed.jpg","type":"image\/jpeg"}],"author":"Sebastian","twitter_card":"summary_large_image","twitter_creator":"@InformeLitoral","twitter_site":"@InformeLitoral","twitter_misc":{"Escrito por":"Sebastian","Tiempo de lectura":"1 minuto"},"schema":{"@context":"https:\/\/schema.org","@graph":[{"@type":"Article","@id":"https:\/\/informelitoral.com.ar\/prision-domiciliaria-para-lazaro-baez\/#article","isPartOf":{"@id":"https:\/\/informelitoral.com.ar\/prision-domiciliaria-para-lazaro-baez\/"},"author":{"name":"Sebastian","@id":"https:\/\/informelitoral.com.ar\/#\/schema\/person\/f05f9f461677119578717524b127d6d5"},"headline":"Prisi\u00f3n domiciliaria para L\u00e1zaro B\u00e1ez","datePublished":"2020-07-08T20:31:48+00:00","dateModified":"2020-07-09T01:52:44+00:00","mainEntityOfPage":{"@id":"https:\/\/informelitoral.com.ar\/prision-domiciliaria-para-lazaro-baez\/"},"wordCount":292,"commentCount":0,"publisher":{"@id":"https:\/\/informelitoral.com.ar\/#organization"},"image":{"@id":"https:\/\/informelitoral.com.ar\/prision-domiciliaria-para-lazaro-baez\/#primaryimage"},"thumbnailUrl":"https:\/\/informelitoral.com.ar\/%77%70%2d%63%6f%6e%74%65%6e%74\/uploads\/2020\/07\/unnamed.jpg","articleSection":["Politica"],"inLanguage":"es","potentialAction":[{"@type":"CommentAction","name":"Comment","target":["https:\/\/informelitoral.com.ar\/prision-domiciliaria-para-lazaro-baez\/#respond"]}]},{"@type":"WebPage","@id":"https:\/\/informelitoral.com.ar\/prision-domiciliaria-para-lazaro-baez\/","url":"https:\/\/informelitoral.com.ar\/prision-domiciliaria-para-lazaro-baez\/","name":"Prisi\u00f3n domiciliaria para L\u00e1zaro B\u00e1ez - Informe Litoral","isPartOf":{"@id":"https:\/\/informelitoral.com.ar\/#website"},"primaryImageOfPage":{"@id":"https:\/\/informelitoral.com.ar\/prision-domiciliaria-para-lazaro-baez\/#primaryimage"},"image":{"@id":"https:\/\/informelitoral.com.ar\/prision-domiciliaria-para-lazaro-baez\/#primaryimage"},"thumbnailUrl":"https:\/\/informelitoral.com.ar\/%77%70%2d%63%6f%6e%74%65%6e%74\/uploads\/2020\/07\/unnamed.jpg","datePublished":"2020-07-08T20:31:48+00:00","dateModified":"2020-07-09T01:52:44+00:00","breadcrumb":{"@id":"https:\/\/informelitoral.com.ar\/prision-domiciliaria-para-lazaro-baez\/#breadcrumb"},"inLanguage":"es","potentialAction":[{"@type":"ReadAction","target":["https:\/\/informelitoral.com.ar\/prision-domiciliaria-para-lazaro-baez\/"]}]},{"@type":"ImageObject","inLanguage":"es","@id":"https:\/\/informelitoral.com.ar\/prision-domiciliaria-para-lazaro-baez\/#primaryimage","url":"https:\/\/informelitoral.com.ar\/%77%70%2d%63%6f%6e%74%65%6e%74\/uploads\/2020\/07\/unnamed.jpg","contentUrl":"https:\/\/informelitoral.com.ar\/%77%70%2d%63%6f%6e%74%65%6e%74\/uploads\/2020\/07\/unnamed.jpg","width":512,"height":352},{"@type":"BreadcrumbList","@id":"https:\/\/informelitoral.com.ar\/prision-domiciliaria-para-lazaro-baez\/#breadcrumb","itemListElement":[{"@type":"ListItem","position":1,"name":"Portada","item":"https:\/\/informelitoral.com.ar\/"},{"@type":"ListItem","position":2,"name":"Prisi\u00f3n domiciliaria para L\u00e1zaro B\u00e1ez"}]},{"@type":"WebSite","@id":"https:\/\/informelitoral.com.ar\/#website","url":"https:\/\/informelitoral.com.ar\/","name":"Informe Litoral","description":"&quot;Nos informamos&quot; ","publisher":{"@id":"https:\/\/informelitoral.com.ar\/#organization"},"potentialAction":[{"@type":"SearchAction","target":{"@type":"EntryPoint","urlTemplate":"https:\/\/informelitoral.com.ar\/?s={search_term_string}"},"query-input":{"@type":"PropertyValueSpecification","valueRequired":true,"valueName":"search_term_string"}}],"inLanguage":"es"},{"@type":"Organization","@id":"https:\/\/informelitoral.com.ar\/#organization","name":"Informe Litoral","url":"https:\/\/informelitoral.com.ar\/","logo":{"@type":"ImageObject","inLanguage":"es","@id":"https:\/\/informelitoral.com.ar\/#\/schema\/logo\/image\/","url":"https:\/\/informelitoral.com.ar\/%77%70%2d%63%6f%6e%74%65%6e%74\/uploads\/2021\/01\/circulo.png","contentUrl":"https:\/\/informelitoral.com.ar\/%77%70%2d%63%6f%6e%74%65%6e%74\/uploads\/2021\/01\/circulo.png","width":723,"height":731,"caption":"Informe Litoral"},"image":{"@id":"https:\/\/informelitoral.com.ar\/#\/schema\/logo\/image\/"},"sameAs":["https:\/\/www.facebook.com\/informelitoral\/","https:\/\/x.com\/InformeLitoral","https:\/\/www.instagram.com\/informelitoral\/","https:\/\/www.youtube.com\/channel\/UCua4Qvz8Icb6MYqhoq9xLXw"]},{"@type":"Person","@id":"https:\/\/informelitoral.com.ar\/#\/schema\/person\/f05f9f461677119578717524b127d6d5","name":"Sebastian","image":{"@type":"ImageObject","inLanguage":"es","@id":"https:\/\/secure.gravatar.com\/avatar\/b71bf7481d447dfb9583c7f2798e7cc64de6efb9067b74633ed8c31059a3bd82?s=96&d=mm&r=g","url":"https:\/\/secure.gravatar.com\/avatar\/b71bf7481d447dfb9583c7f2798e7cc64de6efb9067b74633ed8c31059a3bd82?s=96&d=mm&r=g","contentUrl":"https:\/\/secure.gravatar.com\/avatar\/b71bf7481d447dfb9583c7f2798e7cc64de6efb9067b74633ed8c31059a3bd82?s=96&d=mm&r=g","caption":"Sebastian"},"url":"https:\/\/informelitoral.com.ar\/author\/sebastian\/"}]}},"_links":{"self":[{"href":"https:\/\/informelitoral.com.ar\/%77%70%2d%6a%73%6f%6e\/wp\/v2\/posts\/45440","targetHints":{"allow":["GET"]}}],"collection":[{"href":"https:\/\/informelitoral.com.ar\/%77%70%2d%6a%73%6f%6e\/wp\/v2\/posts"}],"about":[{"href":"https:\/\/informelitoral.com.ar\/%77%70%2d%6a%73%6f%6e\/wp\/v2\/types\/post"}],"author":[{"embeddable":true,"href":"https:\/\/informelitoral.com.ar\/%77%70%2d%6a%73%6f%6e\/wp\/v2\/users\/8"}],"replies":[{"embeddable":true,"href":"https:\/\/informelitoral.com.ar\/%77%70%2d%6a%73%6f%6e\/wp\/v2\/comments?post=45440"}],"version-history":[{"count":0,"href":"https:\/\/informelitoral.com.ar\/%77%70%2d%6a%73%6f%6e\/wp\/v2\/posts\/45440\/revisions"}],"wp:featuredmedia":[{"embeddable":true,"href":"https:\/\/informelitoral.com.ar\/%77%70%2d%6a%73%6f%6e\/wp\/v2\/media\/45442"}],"wp:attachment":[{"href":"https:\/\/informelitoral.com.ar\/%77%70%2d%6a%73%6f%6e\/wp\/v2\/media?parent=45440"}],"wp:term":[{"taxonomy":"category","embeddable":true,"href":"https:\/\/informelitoral.com.ar\/%77%70%2d%6a%73%6f%6e\/wp\/v2\/categories?post=45440"},{"taxonomy":"post_tag","embeddable":true,"href":"https:\/\/informelitoral.com.ar\/%77%70%2d%6a%73%6f%6e\/wp\/v2\/tags?post=45440"}],"curies":[{"name":"wp","href":"https:\/\/api.w.org\/{rel}","templated":true}]}}