{"id":4536,"date":"2013-12-03T13:48:43","date_gmt":"2013-12-03T16:48:43","guid":{"rendered":"http:\/\/www.isletasnoticias.com.ar\/?p=4536"},"modified":"2013-12-03T13:48:43","modified_gmt":"2013-12-03T16:48:43","slug":"urribarri-invito-a-los-industriales-a-invertir-en-entre-rios","status":"publish","type":"post","link":"https:\/\/informelitoral.com.ar\/urribarri-invito-a-los-industriales-a-invertir-en-entre-rios\/","title":{"rendered":"Urribarri invit\u00f3 a los industriales a invertir en Entre R\u00edos"},"content":{"rendered":"<p><strong>El gobernador <em>Sergio Urribarri<\/em> expuso este lunes ante los empresarios m\u00e1s importantes del pa\u00eds el ADN entrerriano, el crecimiento econ\u00f3mico y social registrado entre 2007 y 2013, y los desaf\u00edos por delante. Tambi\u00e9n destac\u00f3 el apoyo del gobierno nacional para lograr estos avances. Los m\u00e1ximos referentes del pa\u00eds de la industria, de la econom\u00eda y del \u00e1mbito pol\u00edtico expresaron su satisfacci\u00f3n y valoraron la exposici\u00f3n del mandatario.<\/strong><\/p>\n<p><img loading=\"lazy\" decoding=\"async\" class=\"size-medium wp-image-4537 aligncenter\" alt=\"urribarri\" src=\"http:\/\/www.isletasnoticias.com.ar\/%77%70%2d%63%6f%6e%74%65%6e%74\/uploads\/2013\/12\/urribarri1-300x198.jpg\" width=\"300\" height=\"198\" srcset=\"https:\/\/informelitoral.com.ar\/%77%70%2d%63%6f%6e%74%65%6e%74\/uploads\/2013\/12\/urribarri1-300x198.jpg 300w, https:\/\/informelitoral.com.ar\/%77%70%2d%63%6f%6e%74%65%6e%74\/uploads\/2013\/12\/urribarri1.jpg 492w\" sizes=\"auto, (max-width: 300px) 100vw, 300px\" \/><\/p>\n<p style=\"text-align: left;\">Urribarri, en le marco de la 19\u00aa Conferencia\u00a0de la Uni\u00f3n Industrial Argentina, convoc\u00f3 a los empresarios industriales a invertir en la provincia exhibiendo pol\u00edticas de promoci\u00f3n e incentivos. Mostr\u00f3 las acciones p\u00fablicas que lleva adelante para fomentar las cadenas de valor agroalimenticias y c\u00f3mo se puede conjugar positivamente lo p\u00fablico y lo privado.<\/p>\n<p style=\"text-align: left;\">Acompa\u00f1aron al gobernador los ministros de Econom\u00eda, <strong>Diego Valiero<\/strong> y de la Producci\u00f3n, <strong>Roberto Schunk<\/strong> y el secretario de Industria, Comercio y Planificaci\u00f3n del Desarrollo, <strong>Pablo Z\u00e1rate<\/strong>. Adem\u00e1s de integrantes del Consejo Empresario de Entre R\u00edos y la Uni\u00f3n Industrial de Entre R\u00edos (UIER).<\/p>\n<p style=\"text-align: left;\">La disertaci\u00f3n ante los referentes del conglomerado industrial m\u00e1s representativo del pa\u00eds, realizada en el auditorio de Los Cardales, en Buenos Aires, estuvo enmarcada en el cap\u00edtulo Desarrollo regional y PyMEs, una puerta abierta para la integraci\u00f3n territorial y productiva.<\/p>\n<p>\u201cEstas son jornadas de reflexi\u00f3n y de entendimiento sobre el presente y principalmente sobre el futuro de la econom\u00eda productiva argentina\u201d, dijo Urribarri y destac\u00f3 el crecimiento que ha tenido Entre R\u00edos en los \u00faltimos seis a\u00f1os con el apoyo del gobierno nacional \u201ccomo nunca antes sucedi\u00f3 en la historia\u201d. Tambi\u00e9n hizo hincapi\u00e9 en el potencial productivo y en recursos humanos muy calificados que posee la provincia.<\/p>\n<p style=\"text-align: left;\">\u201cDesde el primer d\u00eda pensamos c\u00f3mo desarrollar el potencial de la provincia que por mucho tiempo estuvo aislada. Identificamos objetivos superiores con los industriales y empresarios, y nos dedicamos al desarrollo que es una pol\u00edtica del Estado para este gobierno y para el sector\u201d, remarc\u00f3 el mandatario.<\/p>\n<p>Luego resalt\u00f3: \u201cSolicitamos y logramos como nunca antes hab\u00eda sucedido todo el apoyo del gobierno nacional que sab\u00eda que Entre R\u00edos\u00a0hab\u00eda estado por d\u00e9cadas aisladas por los sucesivos gobiernos anteriores. Fijamos un norte y objetivos conjuntos con el sector privado y fuimos hacia adelante. Y hoy Entre R\u00edos no es tierra de oportunidades por generaci\u00f3n espont\u00e1nea sino por todo lo que hicimos en estos a\u00f1os\u201d, expres\u00f3 Urribarri y expuso en un detallado informe con n\u00fameros y datos de la transformaci\u00f3n lograda en la provincia en los \u00faltimos seis a\u00f1os.<\/p>\n<p style=\"text-align: left;\">Acompa\u00f1aron en el panel al gobernador entrerriano Roberto Bisang, investigador del Instituto Interdisciplinario de Econom\u00eda Pol\u00edtica (IIEP) Facultad de Ciencias Econ\u00f3micas (UBA) y de la Universidad Nacional de Tres de Febrero, especialista en organizaci\u00f3n industrial, tecnolog\u00eda y an\u00e1lisis sectorial y consultor BID, CEPAL y Banco Mundial; y Teddy Karagozian, presidente TN&amp;Platex. El moderador de la exposici\u00f3n fue Jos\u00e9 Urtubey, vicepresidente de la UIA<\/p>\n<p style=\"text-align: left;\">La conferencia de la UAI, denominada #ADN Industrial: Argentina y el Desarrollo Nacional: Nuevos desaf\u00edos productivos para la generaci\u00f3n de valor, se extiende desde este lunes hasta el martes, marco en el que se abordan temas claves para el proceso de crecimiento y desarrollo nacional.<\/p>\n","protected":false},"excerpt":{"rendered":"<p>El gobernador Sergio Urribarri expuso este lunes ante los empresarios m&aacute;s importantes del pa&iacute;s el ADN entrerriano, el crecimiento econ&oacute;mico y social registrado entre 2007 y 2013, y los desaf&iacute;os por delante. Tambi&eacute;n destac&oacute; el apoyo del gobierno nacional para lograr estos avances. Los m&aacute;ximos referentes del pa&iacute;s de la industria, de la econom&iacute;a y [&hellip;]<\/p>\n","protected":false},"author":2,"featured_media":0,"comment_status":"open","ping_status":"open","sticky":false,"template":"","format":"standard","meta":{"fifu_image_url":"","fifu_image_alt":"","footnotes":""},"categories":[6,16],"tags":[],"class_list":{"0":"post-4536","1":"post","2":"type-post","3":"status-publish","4":"format-standard","6":"category-entre-rios","7":"category-politi"},"yoast_head":"<title>Urribarri invit\u00f3 a los industriales a invertir en Entre R\u00edos - Informe Litoral<\/title>\n<meta name=\"robots\" content=\"index, follow, max-snippet:-1, max-image-preview:large, max-video-preview:-1\" \/>\n<link rel=\"canonical\" href=\"https:\/\/informelitoral.com.ar\/urribarri-invito-a-los-industriales-a-invertir-en-entre-rios\/\" \/>\n<meta property=\"og:locale\" content=\"es_ES\" \/>\n<meta property=\"og:type\" content=\"article\" \/>\n<meta property=\"og:title\" content=\"Urribarri invit\u00f3 a los industriales a invertir en Entre R\u00edos - Informe Litoral\" \/>\n<meta property=\"og:description\" content=\"El gobernador Sergio Urribarri expuso este lunes ante los empresarios m&aacute;s importantes del pa&iacute;s el ADN entrerriano, el crecimiento econ&oacute;mico y social registrado entre 2007 y 2013, y los desaf&iacute;os por delante. Tambi&eacute;n destac&oacute; el apoyo del gobierno nacional para lograr estos avances. Los m&aacute;ximos referentes del pa&iacute;s de la industria, de la econom&iacute;a y [&hellip;]\" \/>\n<meta property=\"og:url\" content=\"https:\/\/informelitoral.com.ar\/urribarri-invito-a-los-industriales-a-invertir-en-entre-rios\/\" \/>\n<meta property=\"og:site_name\" content=\"Informe Litoral\" \/>\n<meta property=\"article:publisher\" content=\"https:\/\/www.facebook.com\/informelitoral\/\" \/>\n<meta property=\"article:published_time\" content=\"2013-12-03T16:48:43+00:00\" \/>\n<meta property=\"og:image\" content=\"https:\/\/informelitoral.com.ar\/%77%70%2d%63%6f%6e%74%65%6e%74\/uploads\/2013\/12\/urribarri1.jpg\" \/>\n\t<meta property=\"og:image:width\" content=\"492\" \/>\n\t<meta property=\"og:image:height\" content=\"326\" \/>\n\t<meta property=\"og:image:type\" content=\"image\/jpeg\" \/>\n<meta name=\"author\" content=\"Gonzalo Schmidt\" \/>\n<meta name=\"twitter:card\" content=\"summary_large_image\" \/>\n<meta name=\"twitter:creator\" content=\"@InformeLitoral\" \/>\n<meta name=\"twitter:site\" content=\"@InformeLitoral\" \/>\n<meta name=\"twitter:label1\" content=\"Escrito por\" \/>\n\t<meta name=\"twitter:data1\" content=\"Gonzalo Schmidt\" \/>\n\t<meta name=\"twitter:label2\" content=\"Tiempo de lectura\" \/>\n\t<meta name=\"twitter:data2\" content=\"3 minutos\" \/>\n<script type=\"application\/ld+json\" class=\"yoast-schema-graph\">{\"@context\":\"https:\\\/\\\/schema.org\",\"@graph\":[{\"@type\":\"Article\",\"@id\":\"https:\\\/\\\/informelitoral.com.ar\\\/urribarri-invito-a-los-industriales-a-invertir-en-entre-rios\\\/#article\",\"isPartOf\":{\"@id\":\"https:\\\/\\\/informelitoral.com.ar\\\/urribarri-invito-a-los-industriales-a-invertir-en-entre-rios\\\/\"},\"author\":{\"name\":\"Gonzalo Schmidt\",\"@id\":\"https:\\\/\\\/informelitoral.com.ar\\\/#\\\/schema\\\/person\\\/b9d00407c836482871ef1d57bf8e3180\"},\"headline\":\"Urribarri invit\u00f3 a los industriales a invertir en Entre R\u00edos\",\"datePublished\":\"2013-12-03T16:48:43+00:00\",\"mainEntityOfPage\":{\"@id\":\"https:\\\/\\\/informelitoral.com.ar\\\/urribarri-invito-a-los-industriales-a-invertir-en-entre-rios\\\/\"},\"wordCount\":588,\"commentCount\":0,\"publisher\":{\"@id\":\"https:\\\/\\\/informelitoral.com.ar\\\/#organization\"},\"image\":{\"@id\":\"https:\\\/\\\/informelitoral.com.ar\\\/urribarri-invito-a-los-industriales-a-invertir-en-entre-rios\\\/#primaryimage\"},\"thumbnailUrl\":\"http:\\\/\\\/www.isletasnoticias.com.ar\\\/%77%70%2d%63%6f%6e%74%65%6e%74\\\/uploads\\\/2013\\\/12\\\/urribarri1-300x198.jpg\",\"articleSection\":[\"Entre R\u00edos\",\"Politica\"],\"inLanguage\":\"es\",\"potentialAction\":[{\"@type\":\"CommentAction\",\"name\":\"Comment\",\"target\":[\"https:\\\/\\\/informelitoral.com.ar\\\/urribarri-invito-a-los-industriales-a-invertir-en-entre-rios\\\/#respond\"]}]},{\"@type\":\"WebPage\",\"@id\":\"https:\\\/\\\/informelitoral.com.ar\\\/urribarri-invito-a-los-industriales-a-invertir-en-entre-rios\\\/\",\"url\":\"https:\\\/\\\/informelitoral.com.ar\\\/urribarri-invito-a-los-industriales-a-invertir-en-entre-rios\\\/\",\"name\":\"Urribarri invit\u00f3 a los industriales a invertir en Entre R\u00edos - Informe Litoral\",\"isPartOf\":{\"@id\":\"https:\\\/\\\/informelitoral.com.ar\\\/#website\"},\"primaryImageOfPage\":{\"@id\":\"https:\\\/\\\/informelitoral.com.ar\\\/urribarri-invito-a-los-industriales-a-invertir-en-entre-rios\\\/#primaryimage\"},\"image\":{\"@id\":\"https:\\\/\\\/informelitoral.com.ar\\\/urribarri-invito-a-los-industriales-a-invertir-en-entre-rios\\\/#primaryimage\"},\"thumbnailUrl\":\"http:\\\/\\\/www.isletasnoticias.com.ar\\\/%77%70%2d%63%6f%6e%74%65%6e%74\\\/uploads\\\/2013\\\/12\\\/urribarri1-300x198.jpg\",\"datePublished\":\"2013-12-03T16:48:43+00:00\",\"breadcrumb\":{\"@id\":\"https:\\\/\\\/informelitoral.com.ar\\\/urribarri-invito-a-los-industriales-a-invertir-en-entre-rios\\\/#breadcrumb\"},\"inLanguage\":\"es\",\"potentialAction\":[{\"@type\":\"ReadAction\",\"target\":[\"https:\\\/\\\/informelitoral.com.ar\\\/urribarri-invito-a-los-industriales-a-invertir-en-entre-rios\\\/\"]}]},{\"@type\":\"ImageObject\",\"inLanguage\":\"es\",\"@id\":\"https:\\\/\\\/informelitoral.com.ar\\\/urribarri-invito-a-los-industriales-a-invertir-en-entre-rios\\\/#primaryimage\",\"url\":\"http:\\\/\\\/www.isletasnoticias.com.ar\\\/%77%70%2d%63%6f%6e%74%65%6e%74\\\/uploads\\\/2013\\\/12\\\/urribarri1-300x198.jpg\",\"contentUrl\":\"http:\\\/\\\/www.isletasnoticias.com.ar\\\/%77%70%2d%63%6f%6e%74%65%6e%74\\\/uploads\\\/2013\\\/12\\\/urribarri1-300x198.jpg\"},{\"@type\":\"BreadcrumbList\",\"@id\":\"https:\\\/\\\/informelitoral.com.ar\\\/urribarri-invito-a-los-industriales-a-invertir-en-entre-rios\\\/#breadcrumb\",\"itemListElement\":[{\"@type\":\"ListItem\",\"position\":1,\"name\":\"Portada\",\"item\":\"https:\\\/\\\/informelitoral.com.ar\\\/\"},{\"@type\":\"ListItem\",\"position\":2,\"name\":\"Urribarri invit\u00f3 a los industriales a invertir en Entre R\u00edos\"}]},{\"@type\":\"WebSite\",\"@id\":\"https:\\\/\\\/informelitoral.com.ar\\\/#website\",\"url\":\"https:\\\/\\\/informelitoral.com.ar\\\/\",\"name\":\"Informe Litoral\",\"description\":\"&quot;Nos informamos&quot; \",\"publisher\":{\"@id\":\"https:\\\/\\\/informelitoral.com.ar\\\/#organization\"},\"potentialAction\":[{\"@type\":\"SearchAction\",\"target\":{\"@type\":\"EntryPoint\",\"urlTemplate\":\"https:\\\/\\\/informelitoral.com.ar\\\/?s={search_term_string}\"},\"query-input\":{\"@type\":\"PropertyValueSpecification\",\"valueRequired\":true,\"valueName\":\"search_term_string\"}}],\"inLanguage\":\"es\"},{\"@type\":\"Organization\",\"@id\":\"https:\\\/\\\/informelitoral.com.ar\\\/#organization\",\"name\":\"Informe Litoral\",\"url\":\"https:\\\/\\\/informelitoral.com.ar\\\/\",\"logo\":{\"@type\":\"ImageObject\",\"inLanguage\":\"es\",\"@id\":\"https:\\\/\\\/informelitoral.com.ar\\\/#\\\/schema\\\/logo\\\/image\\\/\",\"url\":\"https:\\\/\\\/informelitoral.com.ar\\\/%77%70%2d%63%6f%6e%74%65%6e%74\\\/uploads\\\/2021\\\/01\\\/circulo.png\",\"contentUrl\":\"https:\\\/\\\/informelitoral.com.ar\\\/%77%70%2d%63%6f%6e%74%65%6e%74\\\/uploads\\\/2021\\\/01\\\/circulo.png\",\"width\":723,\"height\":731,\"caption\":\"Informe Litoral\"},\"image\":{\"@id\":\"https:\\\/\\\/informelitoral.com.ar\\\/#\\\/schema\\\/logo\\\/image\\\/\"},\"sameAs\":[\"https:\\\/\\\/www.facebook.com\\\/informelitoral\\\/\",\"https:\\\/\\\/x.com\\\/InformeLitoral\",\"https:\\\/\\\/www.instagram.com\\\/informelitoral\\\/\",\"https:\\\/\\\/www.youtube.com\\\/channel\\\/UCua4Qvz8Icb6MYqhoq9xLXw\"]},{\"@type\":\"Person\",\"@id\":\"https:\\\/\\\/informelitoral.com.ar\\\/#\\\/schema\\\/person\\\/b9d00407c836482871ef1d57bf8e3180\",\"name\":\"Gonzalo Schmidt\",\"image\":{\"@type\":\"ImageObject\",\"inLanguage\":\"es\",\"@id\":\"https:\\\/\\\/secure.gravatar.com\\\/avatar\\\/31a1a7b66ff2de83bd0e9fd79d026630d2d99e55e8bfe501287647b4fd9743de?s=96&d=mm&r=g\",\"url\":\"https:\\\/\\\/secure.gravatar.com\\\/avatar\\\/31a1a7b66ff2de83bd0e9fd79d026630d2d99e55e8bfe501287647b4fd9743de?s=96&d=mm&r=g\",\"contentUrl\":\"https:\\\/\\\/secure.gravatar.com\\\/avatar\\\/31a1a7b66ff2de83bd0e9fd79d026630d2d99e55e8bfe501287647b4fd9743de?s=96&d=mm&r=g\",\"caption\":\"Gonzalo Schmidt\"},\"description\":\"Sitio web de noticias de la provincia de Entre R\u00edos, Argentina. Informaci\u00f3n y entretenimiento. Informe Litoral, nos informamos.\",\"sameAs\":[\"http:\\\/\\\/www.isletasnoticias.com.ar\"],\"url\":\"https:\\\/\\\/informelitoral.com.ar\\\/author\\\/gonzalo\\\/\"}]}<\/script>","yoast_head_json":{"title":"Urribarri invit\u00f3 a los industriales a invertir en Entre R\u00edos - Informe Litoral","robots":{"index":"index","follow":"follow","max-snippet":"max-snippet:-1","max-image-preview":"max-image-preview:large","max-video-preview":"max-video-preview:-1"},"canonical":"https:\/\/informelitoral.com.ar\/urribarri-invito-a-los-industriales-a-invertir-en-entre-rios\/","og_locale":"es_ES","og_type":"article","og_title":"Urribarri invit\u00f3 a los industriales a invertir en Entre R\u00edos - Informe Litoral","og_description":"El gobernador Sergio Urribarri expuso este lunes ante los empresarios m&aacute;s importantes del pa&iacute;s el ADN entrerriano, el crecimiento econ&oacute;mico y social registrado entre 2007 y 2013, y los desaf&iacute;os por delante. Tambi&eacute;n destac&oacute; el apoyo del gobierno nacional para lograr estos avances. Los m&aacute;ximos referentes del pa&iacute;s de la industria, de la econom&iacute;a y [&hellip;]","og_url":"https:\/\/informelitoral.com.ar\/urribarri-invito-a-los-industriales-a-invertir-en-entre-rios\/","og_site_name":"Informe Litoral","article_publisher":"https:\/\/www.facebook.com\/informelitoral\/","article_published_time":"2013-12-03T16:48:43+00:00","og_image":[{"width":492,"height":326,"url":"https:\/\/informelitoral.com.ar\/%77%70%2d%63%6f%6e%74%65%6e%74\/uploads\/2013\/12\/urribarri1.jpg","type":"image\/jpeg"}],"author":"Gonzalo Schmidt","twitter_card":"summary_large_image","twitter_creator":"@InformeLitoral","twitter_site":"@InformeLitoral","twitter_misc":{"Escrito por":"Gonzalo Schmidt","Tiempo de lectura":"3 minutos"},"schema":{"@context":"https:\/\/schema.org","@graph":[{"@type":"Article","@id":"https:\/\/informelitoral.com.ar\/urribarri-invito-a-los-industriales-a-invertir-en-entre-rios\/#article","isPartOf":{"@id":"https:\/\/informelitoral.com.ar\/urribarri-invito-a-los-industriales-a-invertir-en-entre-rios\/"},"author":{"name":"Gonzalo Schmidt","@id":"https:\/\/informelitoral.com.ar\/#\/schema\/person\/b9d00407c836482871ef1d57bf8e3180"},"headline":"Urribarri invit\u00f3 a los industriales a invertir en Entre R\u00edos","datePublished":"2013-12-03T16:48:43+00:00","mainEntityOfPage":{"@id":"https:\/\/informelitoral.com.ar\/urribarri-invito-a-los-industriales-a-invertir-en-entre-rios\/"},"wordCount":588,"commentCount":0,"publisher":{"@id":"https:\/\/informelitoral.com.ar\/#organization"},"image":{"@id":"https:\/\/informelitoral.com.ar\/urribarri-invito-a-los-industriales-a-invertir-en-entre-rios\/#primaryimage"},"thumbnailUrl":"http:\/\/www.isletasnoticias.com.ar\/%77%70%2d%63%6f%6e%74%65%6e%74\/uploads\/2013\/12\/urribarri1-300x198.jpg","articleSection":["Entre R\u00edos","Politica"],"inLanguage":"es","potentialAction":[{"@type":"CommentAction","name":"Comment","target":["https:\/\/informelitoral.com.ar\/urribarri-invito-a-los-industriales-a-invertir-en-entre-rios\/#respond"]}]},{"@type":"WebPage","@id":"https:\/\/informelitoral.com.ar\/urribarri-invito-a-los-industriales-a-invertir-en-entre-rios\/","url":"https:\/\/informelitoral.com.ar\/urribarri-invito-a-los-industriales-a-invertir-en-entre-rios\/","name":"Urribarri invit\u00f3 a los industriales a invertir en Entre R\u00edos - Informe Litoral","isPartOf":{"@id":"https:\/\/informelitoral.com.ar\/#website"},"primaryImageOfPage":{"@id":"https:\/\/informelitoral.com.ar\/urribarri-invito-a-los-industriales-a-invertir-en-entre-rios\/#primaryimage"},"image":{"@id":"https:\/\/informelitoral.com.ar\/urribarri-invito-a-los-industriales-a-invertir-en-entre-rios\/#primaryimage"},"thumbnailUrl":"http:\/\/www.isletasnoticias.com.ar\/%77%70%2d%63%6f%6e%74%65%6e%74\/uploads\/2013\/12\/urribarri1-300x198.jpg","datePublished":"2013-12-03T16:48:43+00:00","breadcrumb":{"@id":"https:\/\/informelitoral.com.ar\/urribarri-invito-a-los-industriales-a-invertir-en-entre-rios\/#breadcrumb"},"inLanguage":"es","potentialAction":[{"@type":"ReadAction","target":["https:\/\/informelitoral.com.ar\/urribarri-invito-a-los-industriales-a-invertir-en-entre-rios\/"]}]},{"@type":"ImageObject","inLanguage":"es","@id":"https:\/\/informelitoral.com.ar\/urribarri-invito-a-los-industriales-a-invertir-en-entre-rios\/#primaryimage","url":"http:\/\/www.isletasnoticias.com.ar\/%77%70%2d%63%6f%6e%74%65%6e%74\/uploads\/2013\/12\/urribarri1-300x198.jpg","contentUrl":"http:\/\/www.isletasnoticias.com.ar\/%77%70%2d%63%6f%6e%74%65%6e%74\/uploads\/2013\/12\/urribarri1-300x198.jpg"},{"@type":"BreadcrumbList","@id":"https:\/\/informelitoral.com.ar\/urribarri-invito-a-los-industriales-a-invertir-en-entre-rios\/#breadcrumb","itemListElement":[{"@type":"ListItem","position":1,"name":"Portada","item":"https:\/\/informelitoral.com.ar\/"},{"@type":"ListItem","position":2,"name":"Urribarri invit\u00f3 a los industriales a invertir en Entre R\u00edos"}]},{"@type":"WebSite","@id":"https:\/\/informelitoral.com.ar\/#website","url":"https:\/\/informelitoral.com.ar\/","name":"Informe Litoral","description":"&quot;Nos informamos&quot; ","publisher":{"@id":"https:\/\/informelitoral.com.ar\/#organization"},"potentialAction":[{"@type":"SearchAction","target":{"@type":"EntryPoint","urlTemplate":"https:\/\/informelitoral.com.ar\/?s={search_term_string}"},"query-input":{"@type":"PropertyValueSpecification","valueRequired":true,"valueName":"search_term_string"}}],"inLanguage":"es"},{"@type":"Organization","@id":"https:\/\/informelitoral.com.ar\/#organization","name":"Informe Litoral","url":"https:\/\/informelitoral.com.ar\/","logo":{"@type":"ImageObject","inLanguage":"es","@id":"https:\/\/informelitoral.com.ar\/#\/schema\/logo\/image\/","url":"https:\/\/informelitoral.com.ar\/%77%70%2d%63%6f%6e%74%65%6e%74\/uploads\/2021\/01\/circulo.png","contentUrl":"https:\/\/informelitoral.com.ar\/%77%70%2d%63%6f%6e%74%65%6e%74\/uploads\/2021\/01\/circulo.png","width":723,"height":731,"caption":"Informe Litoral"},"image":{"@id":"https:\/\/informelitoral.com.ar\/#\/schema\/logo\/image\/"},"sameAs":["https:\/\/www.facebook.com\/informelitoral\/","https:\/\/x.com\/InformeLitoral","https:\/\/www.instagram.com\/informelitoral\/","https:\/\/www.youtube.com\/channel\/UCua4Qvz8Icb6MYqhoq9xLXw"]},{"@type":"Person","@id":"https:\/\/informelitoral.com.ar\/#\/schema\/person\/b9d00407c836482871ef1d57bf8e3180","name":"Gonzalo Schmidt","image":{"@type":"ImageObject","inLanguage":"es","@id":"https:\/\/secure.gravatar.com\/avatar\/31a1a7b66ff2de83bd0e9fd79d026630d2d99e55e8bfe501287647b4fd9743de?s=96&d=mm&r=g","url":"https:\/\/secure.gravatar.com\/avatar\/31a1a7b66ff2de83bd0e9fd79d026630d2d99e55e8bfe501287647b4fd9743de?s=96&d=mm&r=g","contentUrl":"https:\/\/secure.gravatar.com\/avatar\/31a1a7b66ff2de83bd0e9fd79d026630d2d99e55e8bfe501287647b4fd9743de?s=96&d=mm&r=g","caption":"Gonzalo Schmidt"},"description":"Sitio web de noticias de la provincia de Entre R\u00edos, Argentina. Informaci\u00f3n y entretenimiento. Informe Litoral, nos informamos.","sameAs":["http:\/\/www.isletasnoticias.com.ar"],"url":"https:\/\/informelitoral.com.ar\/author\/gonzalo\/"}]}},"_links":{"self":[{"href":"https:\/\/informelitoral.com.ar\/%77%70%2d%6a%73%6f%6e\/wp\/v2\/posts\/4536","targetHints":{"allow":["GET"]}}],"collection":[{"href":"https:\/\/informelitoral.com.ar\/%77%70%2d%6a%73%6f%6e\/wp\/v2\/posts"}],"about":[{"href":"https:\/\/informelitoral.com.ar\/%77%70%2d%6a%73%6f%6e\/wp\/v2\/types\/post"}],"author":[{"embeddable":true,"href":"https:\/\/informelitoral.com.ar\/%77%70%2d%6a%73%6f%6e\/wp\/v2\/users\/2"}],"replies":[{"embeddable":true,"href":"https:\/\/informelitoral.com.ar\/%77%70%2d%6a%73%6f%6e\/wp\/v2\/comments?post=4536"}],"version-history":[{"count":0,"href":"https:\/\/informelitoral.com.ar\/%77%70%2d%6a%73%6f%6e\/wp\/v2\/posts\/4536\/revisions"}],"wp:attachment":[{"href":"https:\/\/informelitoral.com.ar\/%77%70%2d%6a%73%6f%6e\/wp\/v2\/media?parent=4536"}],"wp:term":[{"taxonomy":"category","embeddable":true,"href":"https:\/\/informelitoral.com.ar\/%77%70%2d%6a%73%6f%6e\/wp\/v2\/categories?post=4536"},{"taxonomy":"post_tag","embeddable":true,"href":"https:\/\/informelitoral.com.ar\/%77%70%2d%6a%73%6f%6e\/wp\/v2\/tags?post=4536"}],"curies":[{"name":"wp","href":"https:\/\/api.w.org\/{rel}","templated":true}]}}