{"id":45340,"date":"2020-07-07T05:48:07","date_gmt":"2020-07-07T08:48:07","guid":{"rendered":"https:\/\/www.isletasnoticias.com.ar\/?p=45340"},"modified":"2020-07-07T05:48:07","modified_gmt":"2020-07-07T08:48:07","slug":"hoy-no-estan-dadas-las-condiciones-para-el-regreso-a-clases-en-parana","status":"publish","type":"post","link":"https:\/\/informelitoral.com.ar\/hoy-no-estan-dadas-las-condiciones-para-el-regreso-a-clases-en-parana\/","title":{"rendered":"\u00abHoy no est\u00e1n dadas las condiciones para el regreso a clases en Paran\u00e1\u201d"},"content":{"rendered":"<p>El director de Epidemiolog\u00eda de la Provincia, <strong>Diego Garcilazo<\/strong> afirm\u00f3 este lunes que si el regreso a las aulas se produjera hoy, Paran\u00e1 no podr\u00eda hacerlo por el estado de situaci\u00f3n del coronavirus en la zona.<\/p>\n<p><strong>\u201cSi las clases presenciales fueran hoy, las condiciones no estar\u00edan dadas\u201d, s<\/strong>ostuvo Garcilazo. Y aclar\u00f3: \u201cIgualmente, la situaci\u00f3n epidemiol\u00f3gica es din\u00e1mica. Ya vimos lo que pas\u00f3 en Col\u00f3n o Islas del Ibicuy donde hubo transmisi\u00f3n comunitaria y, al cabo de un tiempo, se pudo controlar\u00bb.<\/p>\n<p><strong>\u201cNo podemos prever la situaci\u00f3n de agosto.<\/strong> Pero s\u00ed sabemos que hoy no est\u00e1n dadas las condiciones\u201d, reiter\u00f3.<\/p>\n","protected":false},"excerpt":{"rendered":"<p>El director de Epidemiolog\u00eda aclar\u00f3 que, sin embargo, no pueden prever la situaci\u00f3n del mes de agosto, cuando se eval\u00faa el retorno a las aulas.<\/p>\n","protected":false},"author":2,"featured_media":45341,"comment_status":"open","ping_status":"open","sticky":false,"template":"","format":"standard","meta":{"fifu_image_url":"","fifu_image_alt":"","footnotes":""},"categories":[6],"tags":[1545,1426,1481,1585,45,1586],"class_list":{"0":"post-45340","1":"post","2":"type-post","3":"status-publish","4":"format-standard","5":"has-post-thumbnail","7":"category-entre-rios","8":"tag-clases","9":"tag-coronavirus","10":"tag-covid-19","11":"tag-diego-garcilazo","12":"tag-parana","13":"tag-situacion-epidemiologica"},"yoast_head":"<title>\u00abHoy no est\u00e1n dadas las condiciones para el regreso a clases en Paran\u00e1\u201d - Informe Litoral<\/title>\n<meta name=\"robots\" content=\"index, follow, max-snippet:-1, max-image-preview:large, max-video-preview:-1\" \/>\n<link rel=\"canonical\" href=\"https:\/\/informelitoral.com.ar\/hoy-no-estan-dadas-las-condiciones-para-el-regreso-a-clases-en-parana\/\" \/>\n<meta property=\"og:locale\" content=\"es_ES\" \/>\n<meta property=\"og:type\" content=\"article\" \/>\n<meta property=\"og:title\" content=\"\u00abHoy no est\u00e1n dadas las condiciones para el regreso a clases en Paran\u00e1\u201d - Informe Litoral\" \/>\n<meta property=\"og:description\" content=\"El director de Epidemiolog\u00eda aclar\u00f3 que, sin embargo, no pueden prever la situaci\u00f3n del mes de agosto, cuando se eval\u00faa el retorno a las aulas.\" \/>\n<meta property=\"og:url\" content=\"https:\/\/informelitoral.com.ar\/hoy-no-estan-dadas-las-condiciones-para-el-regreso-a-clases-en-parana\/\" \/>\n<meta property=\"og:site_name\" content=\"Informe Litoral\" \/>\n<meta property=\"article:publisher\" content=\"https:\/\/www.facebook.com\/informelitoral\/\" \/>\n<meta property=\"article:published_time\" content=\"2020-07-07T08:48:07+00:00\" \/>\n<meta property=\"og:image\" content=\"https:\/\/informelitoral.com.ar\/%77%70%2d%63%6f%6e%74%65%6e%74\/uploads\/2020\/07\/Captura-de-pantalla-2020-07-06-a-las-13.28.32.png\" \/>\n\t<meta property=\"og:image:width\" content=\"682\" \/>\n\t<meta property=\"og:image:height\" content=\"433\" \/>\n\t<meta property=\"og:image:type\" content=\"image\/png\" \/>\n<meta name=\"author\" content=\"Gonzalo Schmidt\" \/>\n<meta name=\"twitter:card\" content=\"summary_large_image\" \/>\n<meta name=\"twitter:creator\" content=\"@InformeLitoral\" \/>\n<meta name=\"twitter:site\" content=\"@InformeLitoral\" \/>\n<meta name=\"twitter:label1\" content=\"Escrito por\" \/>\n\t<meta name=\"twitter:data1\" content=\"Gonzalo Schmidt\" \/>\n\t<meta name=\"twitter:label2\" content=\"Tiempo de lectura\" \/>\n\t<meta name=\"twitter:data2\" content=\"1 minuto\" \/>\n<script type=\"application\/ld+json\" class=\"yoast-schema-graph\">{\"@context\":\"https:\\\/\\\/schema.org\",\"@graph\":[{\"@type\":\"Article\",\"@id\":\"https:\\\/\\\/informelitoral.com.ar\\\/hoy-no-estan-dadas-las-condiciones-para-el-regreso-a-clases-en-parana\\\/#article\",\"isPartOf\":{\"@id\":\"https:\\\/\\\/informelitoral.com.ar\\\/hoy-no-estan-dadas-las-condiciones-para-el-regreso-a-clases-en-parana\\\/\"},\"author\":{\"name\":\"Gonzalo Schmidt\",\"@id\":\"https:\\\/\\\/informelitoral.com.ar\\\/#\\\/schema\\\/person\\\/b9d00407c836482871ef1d57bf8e3180\"},\"headline\":\"\u00abHoy no est\u00e1n dadas las condiciones para el regreso a clases en Paran\u00e1\u201d\",\"datePublished\":\"2020-07-07T08:48:07+00:00\",\"mainEntityOfPage\":{\"@id\":\"https:\\\/\\\/informelitoral.com.ar\\\/hoy-no-estan-dadas-las-condiciones-para-el-regreso-a-clases-en-parana\\\/\"},\"wordCount\":124,\"commentCount\":0,\"publisher\":{\"@id\":\"https:\\\/\\\/informelitoral.com.ar\\\/#organization\"},\"image\":{\"@id\":\"https:\\\/\\\/informelitoral.com.ar\\\/hoy-no-estan-dadas-las-condiciones-para-el-regreso-a-clases-en-parana\\\/#primaryimage\"},\"thumbnailUrl\":\"https:\\\/\\\/informelitoral.com.ar\\\/%77%70%2d%63%6f%6e%74%65%6e%74\\\/uploads\\\/2020\\\/07\\\/Captura-de-pantalla-2020-07-06-a-las-13.28.32.png\",\"keywords\":[\"Clases\",\"Coronavirus\",\"COVID-19\",\"Diego Garcilazo\",\"Paran\u00e1\",\"Situaci\u00f3n epidemiol\u00f3gica\"],\"articleSection\":[\"Entre R\u00edos\"],\"inLanguage\":\"es\",\"potentialAction\":[{\"@type\":\"CommentAction\",\"name\":\"Comment\",\"target\":[\"https:\\\/\\\/informelitoral.com.ar\\\/hoy-no-estan-dadas-las-condiciones-para-el-regreso-a-clases-en-parana\\\/#respond\"]}]},{\"@type\":\"WebPage\",\"@id\":\"https:\\\/\\\/informelitoral.com.ar\\\/hoy-no-estan-dadas-las-condiciones-para-el-regreso-a-clases-en-parana\\\/\",\"url\":\"https:\\\/\\\/informelitoral.com.ar\\\/hoy-no-estan-dadas-las-condiciones-para-el-regreso-a-clases-en-parana\\\/\",\"name\":\"\u00abHoy no est\u00e1n dadas las condiciones para el regreso a clases en Paran\u00e1\u201d - Informe Litoral\",\"isPartOf\":{\"@id\":\"https:\\\/\\\/informelitoral.com.ar\\\/#website\"},\"primaryImageOfPage\":{\"@id\":\"https:\\\/\\\/informelitoral.com.ar\\\/hoy-no-estan-dadas-las-condiciones-para-el-regreso-a-clases-en-parana\\\/#primaryimage\"},\"image\":{\"@id\":\"https:\\\/\\\/informelitoral.com.ar\\\/hoy-no-estan-dadas-las-condiciones-para-el-regreso-a-clases-en-parana\\\/#primaryimage\"},\"thumbnailUrl\":\"https:\\\/\\\/informelitoral.com.ar\\\/%77%70%2d%63%6f%6e%74%65%6e%74\\\/uploads\\\/2020\\\/07\\\/Captura-de-pantalla-2020-07-06-a-las-13.28.32.png\",\"datePublished\":\"2020-07-07T08:48:07+00:00\",\"breadcrumb\":{\"@id\":\"https:\\\/\\\/informelitoral.com.ar\\\/hoy-no-estan-dadas-las-condiciones-para-el-regreso-a-clases-en-parana\\\/#breadcrumb\"},\"inLanguage\":\"es\",\"potentialAction\":[{\"@type\":\"ReadAction\",\"target\":[\"https:\\\/\\\/informelitoral.com.ar\\\/hoy-no-estan-dadas-las-condiciones-para-el-regreso-a-clases-en-parana\\\/\"]}]},{\"@type\":\"ImageObject\",\"inLanguage\":\"es\",\"@id\":\"https:\\\/\\\/informelitoral.com.ar\\\/hoy-no-estan-dadas-las-condiciones-para-el-regreso-a-clases-en-parana\\\/#primaryimage\",\"url\":\"https:\\\/\\\/informelitoral.com.ar\\\/%77%70%2d%63%6f%6e%74%65%6e%74\\\/uploads\\\/2020\\\/07\\\/Captura-de-pantalla-2020-07-06-a-las-13.28.32.png\",\"contentUrl\":\"https:\\\/\\\/informelitoral.com.ar\\\/%77%70%2d%63%6f%6e%74%65%6e%74\\\/uploads\\\/2020\\\/07\\\/Captura-de-pantalla-2020-07-06-a-las-13.28.32.png\",\"width\":682,\"height\":433},{\"@type\":\"BreadcrumbList\",\"@id\":\"https:\\\/\\\/informelitoral.com.ar\\\/hoy-no-estan-dadas-las-condiciones-para-el-regreso-a-clases-en-parana\\\/#breadcrumb\",\"itemListElement\":[{\"@type\":\"ListItem\",\"position\":1,\"name\":\"Portada\",\"item\":\"https:\\\/\\\/informelitoral.com.ar\\\/\"},{\"@type\":\"ListItem\",\"position\":2,\"name\":\"\u00abHoy no est\u00e1n dadas las condiciones para el regreso a clases en Paran\u00e1\u201d\"}]},{\"@type\":\"WebSite\",\"@id\":\"https:\\\/\\\/informelitoral.com.ar\\\/#website\",\"url\":\"https:\\\/\\\/informelitoral.com.ar\\\/\",\"name\":\"Informe Litoral\",\"description\":\"&quot;Nos informamos&quot; \",\"publisher\":{\"@id\":\"https:\\\/\\\/informelitoral.com.ar\\\/#organization\"},\"potentialAction\":[{\"@type\":\"SearchAction\",\"target\":{\"@type\":\"EntryPoint\",\"urlTemplate\":\"https:\\\/\\\/informelitoral.com.ar\\\/?s={search_term_string}\"},\"query-input\":{\"@type\":\"PropertyValueSpecification\",\"valueRequired\":true,\"valueName\":\"search_term_string\"}}],\"inLanguage\":\"es\"},{\"@type\":\"Organization\",\"@id\":\"https:\\\/\\\/informelitoral.com.ar\\\/#organization\",\"name\":\"Informe Litoral\",\"url\":\"https:\\\/\\\/informelitoral.com.ar\\\/\",\"logo\":{\"@type\":\"ImageObject\",\"inLanguage\":\"es\",\"@id\":\"https:\\\/\\\/informelitoral.com.ar\\\/#\\\/schema\\\/logo\\\/image\\\/\",\"url\":\"https:\\\/\\\/informelitoral.com.ar\\\/%77%70%2d%63%6f%6e%74%65%6e%74\\\/uploads\\\/2021\\\/01\\\/circulo.png\",\"contentUrl\":\"https:\\\/\\\/informelitoral.com.ar\\\/%77%70%2d%63%6f%6e%74%65%6e%74\\\/uploads\\\/2021\\\/01\\\/circulo.png\",\"width\":723,\"height\":731,\"caption\":\"Informe Litoral\"},\"image\":{\"@id\":\"https:\\\/\\\/informelitoral.com.ar\\\/#\\\/schema\\\/logo\\\/image\\\/\"},\"sameAs\":[\"https:\\\/\\\/www.facebook.com\\\/informelitoral\\\/\",\"https:\\\/\\\/x.com\\\/InformeLitoral\",\"https:\\\/\\\/www.instagram.com\\\/informelitoral\\\/\",\"https:\\\/\\\/www.youtube.com\\\/channel\\\/UCua4Qvz8Icb6MYqhoq9xLXw\"]},{\"@type\":\"Person\",\"@id\":\"https:\\\/\\\/informelitoral.com.ar\\\/#\\\/schema\\\/person\\\/b9d00407c836482871ef1d57bf8e3180\",\"name\":\"Gonzalo Schmidt\",\"image\":{\"@type\":\"ImageObject\",\"inLanguage\":\"es\",\"@id\":\"https:\\\/\\\/secure.gravatar.com\\\/avatar\\\/31a1a7b66ff2de83bd0e9fd79d026630d2d99e55e8bfe501287647b4fd9743de?s=96&d=mm&r=g\",\"url\":\"https:\\\/\\\/secure.gravatar.com\\\/avatar\\\/31a1a7b66ff2de83bd0e9fd79d026630d2d99e55e8bfe501287647b4fd9743de?s=96&d=mm&r=g\",\"contentUrl\":\"https:\\\/\\\/secure.gravatar.com\\\/avatar\\\/31a1a7b66ff2de83bd0e9fd79d026630d2d99e55e8bfe501287647b4fd9743de?s=96&d=mm&r=g\",\"caption\":\"Gonzalo Schmidt\"},\"description\":\"Sitio web de noticias de la provincia de Entre R\u00edos, Argentina. Informaci\u00f3n y entretenimiento. Informe Litoral, nos informamos.\",\"sameAs\":[\"http:\\\/\\\/www.isletasnoticias.com.ar\"],\"url\":\"https:\\\/\\\/informelitoral.com.ar\\\/author\\\/gonzalo\\\/\"}]}<\/script>","yoast_head_json":{"title":"\u00abHoy no est\u00e1n dadas las condiciones para el regreso a clases en Paran\u00e1\u201d - Informe Litoral","robots":{"index":"index","follow":"follow","max-snippet":"max-snippet:-1","max-image-preview":"max-image-preview:large","max-video-preview":"max-video-preview:-1"},"canonical":"https:\/\/informelitoral.com.ar\/hoy-no-estan-dadas-las-condiciones-para-el-regreso-a-clases-en-parana\/","og_locale":"es_ES","og_type":"article","og_title":"\u00abHoy no est\u00e1n dadas las condiciones para el regreso a clases en Paran\u00e1\u201d - Informe Litoral","og_description":"El director de Epidemiolog\u00eda aclar\u00f3 que, sin embargo, no pueden prever la situaci\u00f3n del mes de agosto, cuando se eval\u00faa el retorno a las aulas.","og_url":"https:\/\/informelitoral.com.ar\/hoy-no-estan-dadas-las-condiciones-para-el-regreso-a-clases-en-parana\/","og_site_name":"Informe Litoral","article_publisher":"https:\/\/www.facebook.com\/informelitoral\/","article_published_time":"2020-07-07T08:48:07+00:00","og_image":[{"width":682,"height":433,"url":"https:\/\/informelitoral.com.ar\/%77%70%2d%63%6f%6e%74%65%6e%74\/uploads\/2020\/07\/Captura-de-pantalla-2020-07-06-a-las-13.28.32.png","type":"image\/png"}],"author":"Gonzalo Schmidt","twitter_card":"summary_large_image","twitter_creator":"@InformeLitoral","twitter_site":"@InformeLitoral","twitter_misc":{"Escrito por":"Gonzalo Schmidt","Tiempo de lectura":"1 minuto"},"schema":{"@context":"https:\/\/schema.org","@graph":[{"@type":"Article","@id":"https:\/\/informelitoral.com.ar\/hoy-no-estan-dadas-las-condiciones-para-el-regreso-a-clases-en-parana\/#article","isPartOf":{"@id":"https:\/\/informelitoral.com.ar\/hoy-no-estan-dadas-las-condiciones-para-el-regreso-a-clases-en-parana\/"},"author":{"name":"Gonzalo Schmidt","@id":"https:\/\/informelitoral.com.ar\/#\/schema\/person\/b9d00407c836482871ef1d57bf8e3180"},"headline":"\u00abHoy no est\u00e1n dadas las condiciones para el regreso a clases en Paran\u00e1\u201d","datePublished":"2020-07-07T08:48:07+00:00","mainEntityOfPage":{"@id":"https:\/\/informelitoral.com.ar\/hoy-no-estan-dadas-las-condiciones-para-el-regreso-a-clases-en-parana\/"},"wordCount":124,"commentCount":0,"publisher":{"@id":"https:\/\/informelitoral.com.ar\/#organization"},"image":{"@id":"https:\/\/informelitoral.com.ar\/hoy-no-estan-dadas-las-condiciones-para-el-regreso-a-clases-en-parana\/#primaryimage"},"thumbnailUrl":"https:\/\/informelitoral.com.ar\/%77%70%2d%63%6f%6e%74%65%6e%74\/uploads\/2020\/07\/Captura-de-pantalla-2020-07-06-a-las-13.28.32.png","keywords":["Clases","Coronavirus","COVID-19","Diego Garcilazo","Paran\u00e1","Situaci\u00f3n epidemiol\u00f3gica"],"articleSection":["Entre R\u00edos"],"inLanguage":"es","potentialAction":[{"@type":"CommentAction","name":"Comment","target":["https:\/\/informelitoral.com.ar\/hoy-no-estan-dadas-las-condiciones-para-el-regreso-a-clases-en-parana\/#respond"]}]},{"@type":"WebPage","@id":"https:\/\/informelitoral.com.ar\/hoy-no-estan-dadas-las-condiciones-para-el-regreso-a-clases-en-parana\/","url":"https:\/\/informelitoral.com.ar\/hoy-no-estan-dadas-las-condiciones-para-el-regreso-a-clases-en-parana\/","name":"\u00abHoy no est\u00e1n dadas las condiciones para el regreso a clases en Paran\u00e1\u201d - Informe Litoral","isPartOf":{"@id":"https:\/\/informelitoral.com.ar\/#website"},"primaryImageOfPage":{"@id":"https:\/\/informelitoral.com.ar\/hoy-no-estan-dadas-las-condiciones-para-el-regreso-a-clases-en-parana\/#primaryimage"},"image":{"@id":"https:\/\/informelitoral.com.ar\/hoy-no-estan-dadas-las-condiciones-para-el-regreso-a-clases-en-parana\/#primaryimage"},"thumbnailUrl":"https:\/\/informelitoral.com.ar\/%77%70%2d%63%6f%6e%74%65%6e%74\/uploads\/2020\/07\/Captura-de-pantalla-2020-07-06-a-las-13.28.32.png","datePublished":"2020-07-07T08:48:07+00:00","breadcrumb":{"@id":"https:\/\/informelitoral.com.ar\/hoy-no-estan-dadas-las-condiciones-para-el-regreso-a-clases-en-parana\/#breadcrumb"},"inLanguage":"es","potentialAction":[{"@type":"ReadAction","target":["https:\/\/informelitoral.com.ar\/hoy-no-estan-dadas-las-condiciones-para-el-regreso-a-clases-en-parana\/"]}]},{"@type":"ImageObject","inLanguage":"es","@id":"https:\/\/informelitoral.com.ar\/hoy-no-estan-dadas-las-condiciones-para-el-regreso-a-clases-en-parana\/#primaryimage","url":"https:\/\/informelitoral.com.ar\/%77%70%2d%63%6f%6e%74%65%6e%74\/uploads\/2020\/07\/Captura-de-pantalla-2020-07-06-a-las-13.28.32.png","contentUrl":"https:\/\/informelitoral.com.ar\/%77%70%2d%63%6f%6e%74%65%6e%74\/uploads\/2020\/07\/Captura-de-pantalla-2020-07-06-a-las-13.28.32.png","width":682,"height":433},{"@type":"BreadcrumbList","@id":"https:\/\/informelitoral.com.ar\/hoy-no-estan-dadas-las-condiciones-para-el-regreso-a-clases-en-parana\/#breadcrumb","itemListElement":[{"@type":"ListItem","position":1,"name":"Portada","item":"https:\/\/informelitoral.com.ar\/"},{"@type":"ListItem","position":2,"name":"\u00abHoy no est\u00e1n dadas las condiciones para el regreso a clases en Paran\u00e1\u201d"}]},{"@type":"WebSite","@id":"https:\/\/informelitoral.com.ar\/#website","url":"https:\/\/informelitoral.com.ar\/","name":"Informe Litoral","description":"&quot;Nos informamos&quot; ","publisher":{"@id":"https:\/\/informelitoral.com.ar\/#organization"},"potentialAction":[{"@type":"SearchAction","target":{"@type":"EntryPoint","urlTemplate":"https:\/\/informelitoral.com.ar\/?s={search_term_string}"},"query-input":{"@type":"PropertyValueSpecification","valueRequired":true,"valueName":"search_term_string"}}],"inLanguage":"es"},{"@type":"Organization","@id":"https:\/\/informelitoral.com.ar\/#organization","name":"Informe Litoral","url":"https:\/\/informelitoral.com.ar\/","logo":{"@type":"ImageObject","inLanguage":"es","@id":"https:\/\/informelitoral.com.ar\/#\/schema\/logo\/image\/","url":"https:\/\/informelitoral.com.ar\/%77%70%2d%63%6f%6e%74%65%6e%74\/uploads\/2021\/01\/circulo.png","contentUrl":"https:\/\/informelitoral.com.ar\/%77%70%2d%63%6f%6e%74%65%6e%74\/uploads\/2021\/01\/circulo.png","width":723,"height":731,"caption":"Informe Litoral"},"image":{"@id":"https:\/\/informelitoral.com.ar\/#\/schema\/logo\/image\/"},"sameAs":["https:\/\/www.facebook.com\/informelitoral\/","https:\/\/x.com\/InformeLitoral","https:\/\/www.instagram.com\/informelitoral\/","https:\/\/www.youtube.com\/channel\/UCua4Qvz8Icb6MYqhoq9xLXw"]},{"@type":"Person","@id":"https:\/\/informelitoral.com.ar\/#\/schema\/person\/b9d00407c836482871ef1d57bf8e3180","name":"Gonzalo Schmidt","image":{"@type":"ImageObject","inLanguage":"es","@id":"https:\/\/secure.gravatar.com\/avatar\/31a1a7b66ff2de83bd0e9fd79d026630d2d99e55e8bfe501287647b4fd9743de?s=96&d=mm&r=g","url":"https:\/\/secure.gravatar.com\/avatar\/31a1a7b66ff2de83bd0e9fd79d026630d2d99e55e8bfe501287647b4fd9743de?s=96&d=mm&r=g","contentUrl":"https:\/\/secure.gravatar.com\/avatar\/31a1a7b66ff2de83bd0e9fd79d026630d2d99e55e8bfe501287647b4fd9743de?s=96&d=mm&r=g","caption":"Gonzalo Schmidt"},"description":"Sitio web de noticias de la provincia de Entre R\u00edos, Argentina. Informaci\u00f3n y entretenimiento. Informe Litoral, nos informamos.","sameAs":["http:\/\/www.isletasnoticias.com.ar"],"url":"https:\/\/informelitoral.com.ar\/author\/gonzalo\/"}]}},"_links":{"self":[{"href":"https:\/\/informelitoral.com.ar\/%77%70%2d%6a%73%6f%6e\/wp\/v2\/posts\/45340","targetHints":{"allow":["GET"]}}],"collection":[{"href":"https:\/\/informelitoral.com.ar\/%77%70%2d%6a%73%6f%6e\/wp\/v2\/posts"}],"about":[{"href":"https:\/\/informelitoral.com.ar\/%77%70%2d%6a%73%6f%6e\/wp\/v2\/types\/post"}],"author":[{"embeddable":true,"href":"https:\/\/informelitoral.com.ar\/%77%70%2d%6a%73%6f%6e\/wp\/v2\/users\/2"}],"replies":[{"embeddable":true,"href":"https:\/\/informelitoral.com.ar\/%77%70%2d%6a%73%6f%6e\/wp\/v2\/comments?post=45340"}],"version-history":[{"count":0,"href":"https:\/\/informelitoral.com.ar\/%77%70%2d%6a%73%6f%6e\/wp\/v2\/posts\/45340\/revisions"}],"wp:featuredmedia":[{"embeddable":true,"href":"https:\/\/informelitoral.com.ar\/%77%70%2d%6a%73%6f%6e\/wp\/v2\/media\/45341"}],"wp:attachment":[{"href":"https:\/\/informelitoral.com.ar\/%77%70%2d%6a%73%6f%6e\/wp\/v2\/media?parent=45340"}],"wp:term":[{"taxonomy":"category","embeddable":true,"href":"https:\/\/informelitoral.com.ar\/%77%70%2d%6a%73%6f%6e\/wp\/v2\/categories?post=45340"},{"taxonomy":"post_tag","embeddable":true,"href":"https:\/\/informelitoral.com.ar\/%77%70%2d%6a%73%6f%6e\/wp\/v2\/tags?post=45340"}],"curies":[{"name":"wp","href":"https:\/\/api.w.org\/{rel}","templated":true}]}}