{"id":45331,"date":"2020-07-06T16:20:46","date_gmt":"2020-07-06T19:20:46","guid":{"rendered":"https:\/\/www.isletasnoticias.com.ar\/?p=45331"},"modified":"2020-07-06T16:20:46","modified_gmt":"2020-07-06T19:20:46","slug":"covid-19-trasladaran-a-pacientes-de-parana-a-otras-localidades","status":"publish","type":"post","link":"https:\/\/informelitoral.com.ar\/covid-19-trasladaran-a-pacientes-de-parana-a-otras-localidades\/","title":{"rendered":"Covid-19: trasladar\u00e1n a pacientes de Paran\u00e1 a otras localidades"},"content":{"rendered":"<p>En esta ocasi\u00f3n la secretaria de Salud coment\u00f3 que \u00abllegada la instancia en que se vieran superadas las capacidades de los efectores de salud que tiene la provincia en Paran\u00e1,\u00a0<b>habr\u00e1 que tomar cuenta de la red integrada de salud, y trasladar (pacientes) a otros hospitales del departamento<\/b>\u00ab.<\/p>\n<p>A su vez remarc\u00f3 que esta medida ya se tom\u00f3 en otro momento cuando fue \u00abnecesario trasladar pacientes en una ciudad donde se hab\u00eda superado la capacidad a otros hospitales\u00bb.<\/p>\n<p>Cabe destacar que \u00abla capacidad de internaci\u00f3n est\u00e1 definida por todas los efectores que tiene la provincia\u00bb, resalt\u00f3 la funcionaria.<\/p>\n<figure class=\"embed\"><img decoding=\"async\" class=\"aligncenter\" title=\"\" src=\"https:\/\/elonce-media2.elonce.com.ar\/fotos-nuevo\/2020\/06\/03\/o_1591185415.jpg\" alt=\"\" width=\"640\" \/><\/figure>\n<p>En este sentido Re se\u00f1al\u00f3 que \u00bb esta semana comienza nuevamente la redistribuci\u00f3n de los respiradores en la provincia. Se van a entregar 14 respiradores en distintas salas para completar las unidades de cuidados intensivos\u00bb, tanto para espacios p\u00fablicos como privados.<\/p>\n<p>Adem\u00e1s, \u00abse terminaron las obras del hospital Fidanza ,del departamento Diamante, con la adecuaci\u00f3n de la sala de cl\u00ednica\u00bb.<\/p>\n<p>Re tambi\u00e9n inform\u00f3 que \u00abse defini\u00f3 completar y culminar los embarazos de las pacientes, que se definan como<b>\u00a0caso sospechoso o confirmado de covid-19, en el hospital San Mart\u00edn de Paran\u00e1<\/b>\u00a0y no en San Roque, como se hacia habitualmente\u00bb.<\/p>\n<p><b>Situaci\u00f3n de Paran\u00e1<\/b><\/p>\n<p>Sobre la reuni\u00f3n que llevaron a cabo este lunes autoridades del COES, miembros del gabinete provincial e intendentes de Paran\u00e1 y el \u00e1rea metropolitana, Re mencion\u00f3 que \u00abse contin\u00faa trabajando, para tomar definiciones respecto de las decisiones que se van a concluir en funci\u00f3n de c\u00f3mo se va a desarrollar la actividad de aqu\u00ed en adelante\u00bb.<\/p>\n<p>En relaci\u00f3n a que, en la capital provincial, siguen vigentes la restricci\u00f3n a ciertas habilitaciones coment\u00f3 que \u00abes importante resaltar que los contactos estrechos<b>\u00a0van a ir disminuyendo en funci\u00f3n de los comportamientos individuales de cada una de las personas<\/b>. Cada vez que se define un caso sospechoso se determina asilar a cada uno de los contactos de las personas, ya que resulta mucho m\u00e1s dif\u00edcil poder establecer el nexo\u00bb, pero cuanto m\u00e1s circula esta persona es m\u00e1s complejo ir identificando los contactos estrechos.<\/p>\n<p>\u00abPor eso es importante\u00a0<b>reducir al m\u00e1ximo la circulaci\u00f3n<\/b>. En el \u00e1mbito laboral es fundamental que las personas mantengan las distancias, utilicen los barbijos sociales, esto es para disminuir el contacto entre personas\u00bb, sum\u00f3.<\/p>\n<p>Al finalizar, Re hizo referencia a la posibilidad de que la provincia vecina de Santa Fe, restrinja el paso de personas desde Paran\u00e1 y aclar\u00f3 que \u00abes una decisi\u00f3n que ata\u00f1e espec\u00edficamente a esa provincia. Los controles que estamos haciendo en Entre R\u00edos, van a seguir siendo monitoreados\u00bb.<em> (Fuente: Elonce.com)<\/em><\/p>\n","protected":false},"excerpt":{"rendered":"<p>La Secretaria de Salud inform\u00f3 que existe la posibilidad de trasladar pacientes con coronavirus de Paran\u00e1 hacia otros hospitales del departamento, si se llegaran a llenar todas las camas de internaci\u00f3n de los nosocomios.<\/p>\n","protected":false},"author":2,"featured_media":45332,"comment_status":"open","ping_status":"open","sticky":false,"template":"","format":"standard","meta":{"fifu_image_url":"","fifu_image_alt":"","footnotes":""},"categories":[6],"tags":[1426,1481,1494,45,652],"class_list":{"0":"post-45331","1":"post","2":"type-post","3":"status-publish","4":"format-standard","5":"has-post-thumbnail","7":"category-entre-rios","8":"tag-coronavirus","9":"tag-covid-19","10":"tag-pandemia","11":"tag-parana","12":"tag-salud-publica"},"yoast_head":"<title>Covid-19: trasladar\u00e1n a pacientes de Paran\u00e1 a otras localidades - Informe Litoral<\/title>\n<meta name=\"robots\" content=\"index, follow, max-snippet:-1, max-image-preview:large, max-video-preview:-1\" \/>\n<link rel=\"canonical\" href=\"https:\/\/informelitoral.com.ar\/covid-19-trasladaran-a-pacientes-de-parana-a-otras-localidades\/\" \/>\n<meta property=\"og:locale\" content=\"es_ES\" \/>\n<meta property=\"og:type\" content=\"article\" \/>\n<meta property=\"og:title\" content=\"Covid-19: trasladar\u00e1n a pacientes de Paran\u00e1 a otras localidades - Informe Litoral\" \/>\n<meta property=\"og:description\" content=\"La Secretaria de Salud inform\u00f3 que existe la posibilidad de trasladar pacientes con coronavirus de Paran\u00e1 hacia otros hospitales del departamento, si se llegaran a llenar todas las camas de internaci\u00f3n de los nosocomios.\" \/>\n<meta property=\"og:url\" content=\"https:\/\/informelitoral.com.ar\/covid-19-trasladaran-a-pacientes-de-parana-a-otras-localidades\/\" \/>\n<meta property=\"og:site_name\" content=\"Informe Litoral\" \/>\n<meta property=\"article:publisher\" content=\"https:\/\/www.facebook.com\/informelitoral\/\" \/>\n<meta property=\"article:published_time\" content=\"2020-07-06T19:20:46+00:00\" \/>\n<meta property=\"og:image\" content=\"https:\/\/informelitoral.com.ar\/%77%70%2d%63%6f%6e%74%65%6e%74\/uploads\/2020\/07\/camas-covid-19.jpg\" \/>\n\t<meta property=\"og:image:width\" content=\"620\" \/>\n\t<meta property=\"og:image:height\" content=\"350\" \/>\n\t<meta property=\"og:image:type\" content=\"image\/jpeg\" \/>\n<meta name=\"author\" content=\"Gonzalo Schmidt\" \/>\n<meta name=\"twitter:card\" content=\"summary_large_image\" \/>\n<meta name=\"twitter:creator\" content=\"@InformeLitoral\" \/>\n<meta name=\"twitter:site\" content=\"@InformeLitoral\" \/>\n<meta name=\"twitter:label1\" content=\"Escrito por\" \/>\n\t<meta name=\"twitter:data1\" content=\"Gonzalo Schmidt\" \/>\n\t<meta name=\"twitter:label2\" content=\"Tiempo de lectura\" \/>\n\t<meta name=\"twitter:data2\" content=\"2 minutos\" \/>\n<script type=\"application\/ld+json\" class=\"yoast-schema-graph\">{\"@context\":\"https:\\\/\\\/schema.org\",\"@graph\":[{\"@type\":\"Article\",\"@id\":\"https:\\\/\\\/informelitoral.com.ar\\\/covid-19-trasladaran-a-pacientes-de-parana-a-otras-localidades\\\/#article\",\"isPartOf\":{\"@id\":\"https:\\\/\\\/informelitoral.com.ar\\\/covid-19-trasladaran-a-pacientes-de-parana-a-otras-localidades\\\/\"},\"author\":{\"name\":\"Gonzalo Schmidt\",\"@id\":\"https:\\\/\\\/informelitoral.com.ar\\\/#\\\/schema\\\/person\\\/b9d00407c836482871ef1d57bf8e3180\"},\"headline\":\"Covid-19: trasladar\u00e1n a pacientes de Paran\u00e1 a otras localidades\",\"datePublished\":\"2020-07-06T19:20:46+00:00\",\"mainEntityOfPage\":{\"@id\":\"https:\\\/\\\/informelitoral.com.ar\\\/covid-19-trasladaran-a-pacientes-de-parana-a-otras-localidades\\\/\"},\"wordCount\":463,\"commentCount\":0,\"publisher\":{\"@id\":\"https:\\\/\\\/informelitoral.com.ar\\\/#organization\"},\"image\":{\"@id\":\"https:\\\/\\\/informelitoral.com.ar\\\/covid-19-trasladaran-a-pacientes-de-parana-a-otras-localidades\\\/#primaryimage\"},\"thumbnailUrl\":\"https:\\\/\\\/informelitoral.com.ar\\\/%77%70%2d%63%6f%6e%74%65%6e%74\\\/uploads\\\/2020\\\/07\\\/camas-covid-19.jpg\",\"keywords\":[\"Coronavirus\",\"COVID-19\",\"Pandemia\",\"Paran\u00e1\",\"Salud p\u00fablica\"],\"articleSection\":[\"Entre R\u00edos\"],\"inLanguage\":\"es\",\"potentialAction\":[{\"@type\":\"CommentAction\",\"name\":\"Comment\",\"target\":[\"https:\\\/\\\/informelitoral.com.ar\\\/covid-19-trasladaran-a-pacientes-de-parana-a-otras-localidades\\\/#respond\"]}]},{\"@type\":\"WebPage\",\"@id\":\"https:\\\/\\\/informelitoral.com.ar\\\/covid-19-trasladaran-a-pacientes-de-parana-a-otras-localidades\\\/\",\"url\":\"https:\\\/\\\/informelitoral.com.ar\\\/covid-19-trasladaran-a-pacientes-de-parana-a-otras-localidades\\\/\",\"name\":\"Covid-19: trasladar\u00e1n a pacientes de Paran\u00e1 a otras localidades - Informe Litoral\",\"isPartOf\":{\"@id\":\"https:\\\/\\\/informelitoral.com.ar\\\/#website\"},\"primaryImageOfPage\":{\"@id\":\"https:\\\/\\\/informelitoral.com.ar\\\/covid-19-trasladaran-a-pacientes-de-parana-a-otras-localidades\\\/#primaryimage\"},\"image\":{\"@id\":\"https:\\\/\\\/informelitoral.com.ar\\\/covid-19-trasladaran-a-pacientes-de-parana-a-otras-localidades\\\/#primaryimage\"},\"thumbnailUrl\":\"https:\\\/\\\/informelitoral.com.ar\\\/%77%70%2d%63%6f%6e%74%65%6e%74\\\/uploads\\\/2020\\\/07\\\/camas-covid-19.jpg\",\"datePublished\":\"2020-07-06T19:20:46+00:00\",\"breadcrumb\":{\"@id\":\"https:\\\/\\\/informelitoral.com.ar\\\/covid-19-trasladaran-a-pacientes-de-parana-a-otras-localidades\\\/#breadcrumb\"},\"inLanguage\":\"es\",\"potentialAction\":[{\"@type\":\"ReadAction\",\"target\":[\"https:\\\/\\\/informelitoral.com.ar\\\/covid-19-trasladaran-a-pacientes-de-parana-a-otras-localidades\\\/\"]}]},{\"@type\":\"ImageObject\",\"inLanguage\":\"es\",\"@id\":\"https:\\\/\\\/informelitoral.com.ar\\\/covid-19-trasladaran-a-pacientes-de-parana-a-otras-localidades\\\/#primaryimage\",\"url\":\"https:\\\/\\\/informelitoral.com.ar\\\/%77%70%2d%63%6f%6e%74%65%6e%74\\\/uploads\\\/2020\\\/07\\\/camas-covid-19.jpg\",\"contentUrl\":\"https:\\\/\\\/informelitoral.com.ar\\\/%77%70%2d%63%6f%6e%74%65%6e%74\\\/uploads\\\/2020\\\/07\\\/camas-covid-19.jpg\",\"width\":620,\"height\":350},{\"@type\":\"BreadcrumbList\",\"@id\":\"https:\\\/\\\/informelitoral.com.ar\\\/covid-19-trasladaran-a-pacientes-de-parana-a-otras-localidades\\\/#breadcrumb\",\"itemListElement\":[{\"@type\":\"ListItem\",\"position\":1,\"name\":\"Portada\",\"item\":\"https:\\\/\\\/informelitoral.com.ar\\\/\"},{\"@type\":\"ListItem\",\"position\":2,\"name\":\"Covid-19: trasladar\u00e1n a pacientes de Paran\u00e1 a otras localidades\"}]},{\"@type\":\"WebSite\",\"@id\":\"https:\\\/\\\/informelitoral.com.ar\\\/#website\",\"url\":\"https:\\\/\\\/informelitoral.com.ar\\\/\",\"name\":\"Informe Litoral\",\"description\":\"&quot;Nos informamos&quot; \",\"publisher\":{\"@id\":\"https:\\\/\\\/informelitoral.com.ar\\\/#organization\"},\"potentialAction\":[{\"@type\":\"SearchAction\",\"target\":{\"@type\":\"EntryPoint\",\"urlTemplate\":\"https:\\\/\\\/informelitoral.com.ar\\\/?s={search_term_string}\"},\"query-input\":{\"@type\":\"PropertyValueSpecification\",\"valueRequired\":true,\"valueName\":\"search_term_string\"}}],\"inLanguage\":\"es\"},{\"@type\":\"Organization\",\"@id\":\"https:\\\/\\\/informelitoral.com.ar\\\/#organization\",\"name\":\"Informe Litoral\",\"url\":\"https:\\\/\\\/informelitoral.com.ar\\\/\",\"logo\":{\"@type\":\"ImageObject\",\"inLanguage\":\"es\",\"@id\":\"https:\\\/\\\/informelitoral.com.ar\\\/#\\\/schema\\\/logo\\\/image\\\/\",\"url\":\"https:\\\/\\\/informelitoral.com.ar\\\/%77%70%2d%63%6f%6e%74%65%6e%74\\\/uploads\\\/2021\\\/01\\\/circulo.png\",\"contentUrl\":\"https:\\\/\\\/informelitoral.com.ar\\\/%77%70%2d%63%6f%6e%74%65%6e%74\\\/uploads\\\/2021\\\/01\\\/circulo.png\",\"width\":723,\"height\":731,\"caption\":\"Informe Litoral\"},\"image\":{\"@id\":\"https:\\\/\\\/informelitoral.com.ar\\\/#\\\/schema\\\/logo\\\/image\\\/\"},\"sameAs\":[\"https:\\\/\\\/www.facebook.com\\\/informelitoral\\\/\",\"https:\\\/\\\/x.com\\\/InformeLitoral\",\"https:\\\/\\\/www.instagram.com\\\/informelitoral\\\/\",\"https:\\\/\\\/www.youtube.com\\\/channel\\\/UCua4Qvz8Icb6MYqhoq9xLXw\"]},{\"@type\":\"Person\",\"@id\":\"https:\\\/\\\/informelitoral.com.ar\\\/#\\\/schema\\\/person\\\/b9d00407c836482871ef1d57bf8e3180\",\"name\":\"Gonzalo Schmidt\",\"image\":{\"@type\":\"ImageObject\",\"inLanguage\":\"es\",\"@id\":\"https:\\\/\\\/secure.gravatar.com\\\/avatar\\\/31a1a7b66ff2de83bd0e9fd79d026630d2d99e55e8bfe501287647b4fd9743de?s=96&d=mm&r=g\",\"url\":\"https:\\\/\\\/secure.gravatar.com\\\/avatar\\\/31a1a7b66ff2de83bd0e9fd79d026630d2d99e55e8bfe501287647b4fd9743de?s=96&d=mm&r=g\",\"contentUrl\":\"https:\\\/\\\/secure.gravatar.com\\\/avatar\\\/31a1a7b66ff2de83bd0e9fd79d026630d2d99e55e8bfe501287647b4fd9743de?s=96&d=mm&r=g\",\"caption\":\"Gonzalo Schmidt\"},\"description\":\"Sitio web de noticias de la provincia de Entre R\u00edos, Argentina. Informaci\u00f3n y entretenimiento. Informe Litoral, nos informamos.\",\"sameAs\":[\"http:\\\/\\\/www.isletasnoticias.com.ar\"],\"url\":\"https:\\\/\\\/informelitoral.com.ar\\\/author\\\/gonzalo\\\/\"}]}<\/script>","yoast_head_json":{"title":"Covid-19: trasladar\u00e1n a pacientes de Paran\u00e1 a otras localidades - Informe Litoral","robots":{"index":"index","follow":"follow","max-snippet":"max-snippet:-1","max-image-preview":"max-image-preview:large","max-video-preview":"max-video-preview:-1"},"canonical":"https:\/\/informelitoral.com.ar\/covid-19-trasladaran-a-pacientes-de-parana-a-otras-localidades\/","og_locale":"es_ES","og_type":"article","og_title":"Covid-19: trasladar\u00e1n a pacientes de Paran\u00e1 a otras localidades - Informe Litoral","og_description":"La Secretaria de Salud inform\u00f3 que existe la posibilidad de trasladar pacientes con coronavirus de Paran\u00e1 hacia otros hospitales del departamento, si se llegaran a llenar todas las camas de internaci\u00f3n de los nosocomios.","og_url":"https:\/\/informelitoral.com.ar\/covid-19-trasladaran-a-pacientes-de-parana-a-otras-localidades\/","og_site_name":"Informe Litoral","article_publisher":"https:\/\/www.facebook.com\/informelitoral\/","article_published_time":"2020-07-06T19:20:46+00:00","og_image":[{"width":620,"height":350,"url":"https:\/\/informelitoral.com.ar\/%77%70%2d%63%6f%6e%74%65%6e%74\/uploads\/2020\/07\/camas-covid-19.jpg","type":"image\/jpeg"}],"author":"Gonzalo Schmidt","twitter_card":"summary_large_image","twitter_creator":"@InformeLitoral","twitter_site":"@InformeLitoral","twitter_misc":{"Escrito por":"Gonzalo Schmidt","Tiempo de lectura":"2 minutos"},"schema":{"@context":"https:\/\/schema.org","@graph":[{"@type":"Article","@id":"https:\/\/informelitoral.com.ar\/covid-19-trasladaran-a-pacientes-de-parana-a-otras-localidades\/#article","isPartOf":{"@id":"https:\/\/informelitoral.com.ar\/covid-19-trasladaran-a-pacientes-de-parana-a-otras-localidades\/"},"author":{"name":"Gonzalo Schmidt","@id":"https:\/\/informelitoral.com.ar\/#\/schema\/person\/b9d00407c836482871ef1d57bf8e3180"},"headline":"Covid-19: trasladar\u00e1n a pacientes de Paran\u00e1 a otras localidades","datePublished":"2020-07-06T19:20:46+00:00","mainEntityOfPage":{"@id":"https:\/\/informelitoral.com.ar\/covid-19-trasladaran-a-pacientes-de-parana-a-otras-localidades\/"},"wordCount":463,"commentCount":0,"publisher":{"@id":"https:\/\/informelitoral.com.ar\/#organization"},"image":{"@id":"https:\/\/informelitoral.com.ar\/covid-19-trasladaran-a-pacientes-de-parana-a-otras-localidades\/#primaryimage"},"thumbnailUrl":"https:\/\/informelitoral.com.ar\/%77%70%2d%63%6f%6e%74%65%6e%74\/uploads\/2020\/07\/camas-covid-19.jpg","keywords":["Coronavirus","COVID-19","Pandemia","Paran\u00e1","Salud p\u00fablica"],"articleSection":["Entre R\u00edos"],"inLanguage":"es","potentialAction":[{"@type":"CommentAction","name":"Comment","target":["https:\/\/informelitoral.com.ar\/covid-19-trasladaran-a-pacientes-de-parana-a-otras-localidades\/#respond"]}]},{"@type":"WebPage","@id":"https:\/\/informelitoral.com.ar\/covid-19-trasladaran-a-pacientes-de-parana-a-otras-localidades\/","url":"https:\/\/informelitoral.com.ar\/covid-19-trasladaran-a-pacientes-de-parana-a-otras-localidades\/","name":"Covid-19: trasladar\u00e1n a pacientes de Paran\u00e1 a otras localidades - Informe Litoral","isPartOf":{"@id":"https:\/\/informelitoral.com.ar\/#website"},"primaryImageOfPage":{"@id":"https:\/\/informelitoral.com.ar\/covid-19-trasladaran-a-pacientes-de-parana-a-otras-localidades\/#primaryimage"},"image":{"@id":"https:\/\/informelitoral.com.ar\/covid-19-trasladaran-a-pacientes-de-parana-a-otras-localidades\/#primaryimage"},"thumbnailUrl":"https:\/\/informelitoral.com.ar\/%77%70%2d%63%6f%6e%74%65%6e%74\/uploads\/2020\/07\/camas-covid-19.jpg","datePublished":"2020-07-06T19:20:46+00:00","breadcrumb":{"@id":"https:\/\/informelitoral.com.ar\/covid-19-trasladaran-a-pacientes-de-parana-a-otras-localidades\/#breadcrumb"},"inLanguage":"es","potentialAction":[{"@type":"ReadAction","target":["https:\/\/informelitoral.com.ar\/covid-19-trasladaran-a-pacientes-de-parana-a-otras-localidades\/"]}]},{"@type":"ImageObject","inLanguage":"es","@id":"https:\/\/informelitoral.com.ar\/covid-19-trasladaran-a-pacientes-de-parana-a-otras-localidades\/#primaryimage","url":"https:\/\/informelitoral.com.ar\/%77%70%2d%63%6f%6e%74%65%6e%74\/uploads\/2020\/07\/camas-covid-19.jpg","contentUrl":"https:\/\/informelitoral.com.ar\/%77%70%2d%63%6f%6e%74%65%6e%74\/uploads\/2020\/07\/camas-covid-19.jpg","width":620,"height":350},{"@type":"BreadcrumbList","@id":"https:\/\/informelitoral.com.ar\/covid-19-trasladaran-a-pacientes-de-parana-a-otras-localidades\/#breadcrumb","itemListElement":[{"@type":"ListItem","position":1,"name":"Portada","item":"https:\/\/informelitoral.com.ar\/"},{"@type":"ListItem","position":2,"name":"Covid-19: trasladar\u00e1n a pacientes de Paran\u00e1 a otras localidades"}]},{"@type":"WebSite","@id":"https:\/\/informelitoral.com.ar\/#website","url":"https:\/\/informelitoral.com.ar\/","name":"Informe Litoral","description":"&quot;Nos informamos&quot; ","publisher":{"@id":"https:\/\/informelitoral.com.ar\/#organization"},"potentialAction":[{"@type":"SearchAction","target":{"@type":"EntryPoint","urlTemplate":"https:\/\/informelitoral.com.ar\/?s={search_term_string}"},"query-input":{"@type":"PropertyValueSpecification","valueRequired":true,"valueName":"search_term_string"}}],"inLanguage":"es"},{"@type":"Organization","@id":"https:\/\/informelitoral.com.ar\/#organization","name":"Informe Litoral","url":"https:\/\/informelitoral.com.ar\/","logo":{"@type":"ImageObject","inLanguage":"es","@id":"https:\/\/informelitoral.com.ar\/#\/schema\/logo\/image\/","url":"https:\/\/informelitoral.com.ar\/%77%70%2d%63%6f%6e%74%65%6e%74\/uploads\/2021\/01\/circulo.png","contentUrl":"https:\/\/informelitoral.com.ar\/%77%70%2d%63%6f%6e%74%65%6e%74\/uploads\/2021\/01\/circulo.png","width":723,"height":731,"caption":"Informe Litoral"},"image":{"@id":"https:\/\/informelitoral.com.ar\/#\/schema\/logo\/image\/"},"sameAs":["https:\/\/www.facebook.com\/informelitoral\/","https:\/\/x.com\/InformeLitoral","https:\/\/www.instagram.com\/informelitoral\/","https:\/\/www.youtube.com\/channel\/UCua4Qvz8Icb6MYqhoq9xLXw"]},{"@type":"Person","@id":"https:\/\/informelitoral.com.ar\/#\/schema\/person\/b9d00407c836482871ef1d57bf8e3180","name":"Gonzalo Schmidt","image":{"@type":"ImageObject","inLanguage":"es","@id":"https:\/\/secure.gravatar.com\/avatar\/31a1a7b66ff2de83bd0e9fd79d026630d2d99e55e8bfe501287647b4fd9743de?s=96&d=mm&r=g","url":"https:\/\/secure.gravatar.com\/avatar\/31a1a7b66ff2de83bd0e9fd79d026630d2d99e55e8bfe501287647b4fd9743de?s=96&d=mm&r=g","contentUrl":"https:\/\/secure.gravatar.com\/avatar\/31a1a7b66ff2de83bd0e9fd79d026630d2d99e55e8bfe501287647b4fd9743de?s=96&d=mm&r=g","caption":"Gonzalo Schmidt"},"description":"Sitio web de noticias de la provincia de Entre R\u00edos, Argentina. Informaci\u00f3n y entretenimiento. Informe Litoral, nos informamos.","sameAs":["http:\/\/www.isletasnoticias.com.ar"],"url":"https:\/\/informelitoral.com.ar\/author\/gonzalo\/"}]}},"_links":{"self":[{"href":"https:\/\/informelitoral.com.ar\/%77%70%2d%6a%73%6f%6e\/wp\/v2\/posts\/45331","targetHints":{"allow":["GET"]}}],"collection":[{"href":"https:\/\/informelitoral.com.ar\/%77%70%2d%6a%73%6f%6e\/wp\/v2\/posts"}],"about":[{"href":"https:\/\/informelitoral.com.ar\/%77%70%2d%6a%73%6f%6e\/wp\/v2\/types\/post"}],"author":[{"embeddable":true,"href":"https:\/\/informelitoral.com.ar\/%77%70%2d%6a%73%6f%6e\/wp\/v2\/users\/2"}],"replies":[{"embeddable":true,"href":"https:\/\/informelitoral.com.ar\/%77%70%2d%6a%73%6f%6e\/wp\/v2\/comments?post=45331"}],"version-history":[{"count":0,"href":"https:\/\/informelitoral.com.ar\/%77%70%2d%6a%73%6f%6e\/wp\/v2\/posts\/45331\/revisions"}],"wp:featuredmedia":[{"embeddable":true,"href":"https:\/\/informelitoral.com.ar\/%77%70%2d%6a%73%6f%6e\/wp\/v2\/media\/45332"}],"wp:attachment":[{"href":"https:\/\/informelitoral.com.ar\/%77%70%2d%6a%73%6f%6e\/wp\/v2\/media?parent=45331"}],"wp:term":[{"taxonomy":"category","embeddable":true,"href":"https:\/\/informelitoral.com.ar\/%77%70%2d%6a%73%6f%6e\/wp\/v2\/categories?post=45331"},{"taxonomy":"post_tag","embeddable":true,"href":"https:\/\/informelitoral.com.ar\/%77%70%2d%6a%73%6f%6e\/wp\/v2\/tags?post=45331"}],"curies":[{"name":"wp","href":"https:\/\/api.w.org\/{rel}","templated":true}]}}