{"id":45270,"date":"2020-07-05T05:17:22","date_gmt":"2020-07-05T08:17:22","guid":{"rendered":"https:\/\/www.isletasnoticias.com.ar\/?p=45270"},"modified":"2020-07-05T11:19:28","modified_gmt":"2020-07-05T14:19:28","slug":"la-familia-de-fabian-gutierrez-pidio-dejar-actuar-a-la-justicia-y-no-hacer-especulaciones-dolorosas","status":"publish","type":"post","link":"https:\/\/informelitoral.com.ar\/la-familia-de-fabian-gutierrez-pidio-dejar-actuar-a-la-justicia-y-no-hacer-especulaciones-dolorosas\/","title":{"rendered":"La familia de Fabi\u00e1n Guti\u00e9rrez pidi\u00f3 \u00abdejar actuar a la Justicia\u00bb y no hacer \u00abespeculaciones dolorosas\u00bb"},"content":{"rendered":"<div class=\"detail-body\">\n<article id=\"note-body\" class=\"note-body first\" data-twitter-link=\"https:\/\/twitter.com\/intent\/tweet?url=https:\/\/www.minutouno.com\/c5114871&amp;v\u00eda=minutounocom&amp;related=MinutoUno&amp;text=\">\n<div class=\"row\">\n<div class=\"inside-note col-xs-12\">\n<p>Familiares y amigos\u00a0de<strong>Fabi\u00e1n Guti\u00e9rrez<\/strong>, el ex secretario de la vicepresidenta Cristina Kirchner, enviaron un\u00a0comunicado\u00a0a \u201cmedios, periodistas y dirigentes de todo el arco pol\u00edtico\u201d solicitando \u201c<strong>respeto, empat\u00eda y paz<\/strong>\u201d a ra\u00edz del hallazgo de su cuerpo sin vida en la localidad de El Calafate, en\u00a0Santa Cruz.<\/p>\n<p>En el escrito, calificaron al crimen como \u201c<strong>brutal<\/strong>\u201d y pidieron \u201c<strong>dejar actuar a la Justicia<\/strong>\u201d en referencia al m\u00f3vil del asesinato del empresario.<\/p>\n<\/div>\n<\/div>\n<\/article>\n<\/div>\n<div class=\"detail-body \">\n<article id=\"note-body\" class=\"note-body\" data-twitter-link=\"https:\/\/twitter.com\/intent\/tweet?url=https:\/\/www.minutouno.com\/c5114871&amp;v\u00eda=minutounocom&amp;related=MinutoUno&amp;text=\">\n<div class=\"row\">\n<div class=\"inside-note col-xs-12\">\n<p>Adem\u00e1s, solicitaron \u201c<strong>apartarse de hacer especulaciones dolorosas, interesadas, de todo tipo y color<\/strong>\u201d a ra\u00edz del impacto que tuvo el hallazgo de su cuerpo sin vida de Guti\u00e9rrez en la ma\u00f1ana de este s\u00e1bado.<\/p>\n<p>\u00abAnte el brutal crimen de Fabi\u00e1n, amigos familiares y gente que lo quiere rogamos a los medios, periodistas y dirigentes de todo el arco pol\u00edtico respeto, empat\u00eda y paz, pero sobre todo calma, dejando actuar a la Justicia\u00bb, indica el comunicado difundido por el periodista Juan Cruz Sanz en Twitter.<\/p>\n<p>\u00abFabi\u00e1n era ante todo una persona. Due\u00f1o de un coraz\u00f3n inmenso y una calidad humana extraordinaria. Para nosotros no se fue, porque siempre estar\u00e1. Le pedimos a Dios que nos ayude en este dif\u00edcil momento y en la imperiosa b\u00fasqueda de Justicia\u00bb, concluyeron.<\/p>\n<blockquote class=\"twitter-tweet\" data-width=\"550\" data-dnt=\"true\">\n<p lang=\"es\" dir=\"ltr\">Comunicado de familiares y amigos de Fabi\u00e1n Guti\u00e9rrez <a href=\"https:\/\/t.co\/NweR9GXThf\">pic.twitter.com\/NweR9GXThf<\/a><\/p>\n<p>&mdash; Juan Cruz Sanz (@juancruzsanz) <a href=\"https:\/\/twitter.com\/juancruzsanz\/status\/1279481230145224704?ref_src=twsrc%5Etfw\">July 4, 2020<\/a><\/p><\/blockquote>\n<p><script async src=\"https:\/\/platform.twitter.com\/widgets.js\" charset=\"utf-8\"><\/script><\/p>\n<p>Fabi\u00e1n Guti\u00e9rrez, ex secretario de N\u00e9stor y Cristina Kirchner, fue encontrado asesinado y enterrado hoy en una casa de la localidad de El Calafate, Santa Cruz y por el crimen\u00a0<strong>fueron detenidos cuatro sospechosos<\/strong>.<\/p>\n<p>El hallazgo se concret\u00f3 esta ma\u00f1ana en los fondos de una casa de la calle Ca\u00f1ad\u00f3n Seco, del barrio Aeropuerto Viejo, de esa localidad tur\u00edstica ubicada a unos 250 kil\u00f3metros de R\u00edo Gallegos, y de acuerdo a los primeros resultados de los peritajes forenses,\u00a0<strong>Guti\u00e9rrez presentaba golpes principalmente en la cabeza y un corte en el cuello.<\/strong><\/p>\n<p>El juez de instrucci\u00f3n Penal de El Calafate, Carlos Narvarte, asegur\u00f3 a la prensa que el cuerpo fue hallado envuelto en una s\u00e1bana, que estaba vestido y que la principal hip\u00f3tesis apunta a un homicidio vinculado a un robo, con lo cual descart\u00f3 el m\u00f3vil de un crimen pol\u00edtico.<\/p>\n<p>El empresario hab\u00eda sido procesado por el juez federal Claudio Bonadio en noviembre de 2019, sin prisi\u00f3n preventiva, como supuesto coautor del delito de lavado de dinero en el marco de un expediente vinculado con la causa de los Cuadernos.<\/p>\n<\/div>\n<\/div>\n<\/article>\n<\/div>\n","protected":false},"excerpt":{"rendered":"<p>En un comunicado, calificaron de \u00abbrutal\u00bb el crimen del empresario Fabi\u00e1n Guti\u00e9rrez, cuyo cuerpo sin vida fue hallado este s\u00e1bado en El Calafate.<\/p>\n","protected":false},"author":2,"featured_media":45271,"comment_status":"open","ping_status":"open","sticky":false,"template":"","format":"standard","meta":{"fifu_image_url":"","fifu_image_alt":"","footnotes":""},"categories":[14],"tags":[1582],"class_list":{"0":"post-45270","1":"post","2":"type-post","3":"status-publish","4":"format-standard","5":"has-post-thumbnail","7":"category-policiales","8":"tag-santa-cruz"},"yoast_head":"<title>La familia de Fabi\u00e1n Guti\u00e9rrez pidi\u00f3 &quot;dejar actuar a la Justicia&quot; y no hacer &quot;especulaciones dolorosas&quot; - Informe Litoral<\/title>\n<meta name=\"robots\" content=\"index, follow, max-snippet:-1, max-image-preview:large, max-video-preview:-1\" \/>\n<link rel=\"canonical\" href=\"https:\/\/informelitoral.com.ar\/la-familia-de-fabian-gutierrez-pidio-dejar-actuar-a-la-justicia-y-no-hacer-especulaciones-dolorosas\/\" \/>\n<meta property=\"og:locale\" content=\"es_ES\" \/>\n<meta property=\"og:type\" content=\"article\" \/>\n<meta property=\"og:title\" content=\"La familia de Fabi\u00e1n Guti\u00e9rrez pidi\u00f3 &quot;dejar actuar a la Justicia&quot; y no hacer &quot;especulaciones dolorosas&quot; - Informe Litoral\" \/>\n<meta property=\"og:description\" content=\"En un comunicado, calificaron de &quot;brutal&quot; el crimen del empresario Fabi\u00e1n Guti\u00e9rrez, cuyo cuerpo sin vida fue hallado este s\u00e1bado en El Calafate.\" \/>\n<meta property=\"og:url\" content=\"https:\/\/informelitoral.com.ar\/la-familia-de-fabian-gutierrez-pidio-dejar-actuar-a-la-justicia-y-no-hacer-especulaciones-dolorosas\/\" \/>\n<meta property=\"og:site_name\" content=\"Informe Litoral\" \/>\n<meta property=\"article:publisher\" content=\"https:\/\/www.facebook.com\/informelitoral\/\" \/>\n<meta property=\"article:published_time\" content=\"2020-07-05T08:17:22+00:00\" \/>\n<meta property=\"article:modified_time\" content=\"2020-07-05T14:19:28+00:00\" \/>\n<meta property=\"og:image\" content=\"https:\/\/informelitoral.com.ar\/%77%70%2d%63%6f%6e%74%65%6e%74\/uploads\/2020\/07\/fabi\u00e1n-gutierrez.jpg\" \/>\n\t<meta property=\"og:image:width\" content=\"1140\" \/>\n\t<meta property=\"og:image:height\" content=\"640\" \/>\n\t<meta property=\"og:image:type\" content=\"image\/jpeg\" \/>\n<meta name=\"author\" content=\"Gonzalo Schmidt\" \/>\n<meta name=\"twitter:card\" content=\"summary_large_image\" \/>\n<meta name=\"twitter:creator\" content=\"@InformeLitoral\" \/>\n<meta name=\"twitter:site\" content=\"@InformeLitoral\" \/>\n<meta name=\"twitter:label1\" content=\"Escrito por\" \/>\n\t<meta name=\"twitter:data1\" content=\"Gonzalo Schmidt\" \/>\n\t<meta name=\"twitter:label2\" content=\"Tiempo de lectura\" \/>\n\t<meta name=\"twitter:data2\" content=\"2 minutos\" \/>\n<script type=\"application\/ld+json\" class=\"yoast-schema-graph\">{\"@context\":\"https:\\\/\\\/schema.org\",\"@graph\":[{\"@type\":\"Article\",\"@id\":\"https:\\\/\\\/informelitoral.com.ar\\\/la-familia-de-fabian-gutierrez-pidio-dejar-actuar-a-la-justicia-y-no-hacer-especulaciones-dolorosas\\\/#article\",\"isPartOf\":{\"@id\":\"https:\\\/\\\/informelitoral.com.ar\\\/la-familia-de-fabian-gutierrez-pidio-dejar-actuar-a-la-justicia-y-no-hacer-especulaciones-dolorosas\\\/\"},\"author\":{\"name\":\"Gonzalo Schmidt\",\"@id\":\"https:\\\/\\\/informelitoral.com.ar\\\/#\\\/schema\\\/person\\\/b9d00407c836482871ef1d57bf8e3180\"},\"headline\":\"La familia de Fabi\u00e1n Guti\u00e9rrez pidi\u00f3 \u00abdejar actuar a la Justicia\u00bb y no hacer \u00abespeculaciones dolorosas\u00bb\",\"datePublished\":\"2020-07-05T08:17:22+00:00\",\"dateModified\":\"2020-07-05T14:19:28+00:00\",\"mainEntityOfPage\":{\"@id\":\"https:\\\/\\\/informelitoral.com.ar\\\/la-familia-de-fabian-gutierrez-pidio-dejar-actuar-a-la-justicia-y-no-hacer-especulaciones-dolorosas\\\/\"},\"wordCount\":458,\"commentCount\":0,\"publisher\":{\"@id\":\"https:\\\/\\\/informelitoral.com.ar\\\/#organization\"},\"image\":{\"@id\":\"https:\\\/\\\/informelitoral.com.ar\\\/la-familia-de-fabian-gutierrez-pidio-dejar-actuar-a-la-justicia-y-no-hacer-especulaciones-dolorosas\\\/#primaryimage\"},\"thumbnailUrl\":\"https:\\\/\\\/informelitoral.com.ar\\\/%77%70%2d%63%6f%6e%74%65%6e%74\\\/uploads\\\/2020\\\/07\\\/fabi\u00e1n-gutierrez.jpg\",\"keywords\":[\"Santa Cruz\"],\"articleSection\":[\"Policiales\"],\"inLanguage\":\"es\",\"potentialAction\":[{\"@type\":\"CommentAction\",\"name\":\"Comment\",\"target\":[\"https:\\\/\\\/informelitoral.com.ar\\\/la-familia-de-fabian-gutierrez-pidio-dejar-actuar-a-la-justicia-y-no-hacer-especulaciones-dolorosas\\\/#respond\"]}]},{\"@type\":\"WebPage\",\"@id\":\"https:\\\/\\\/informelitoral.com.ar\\\/la-familia-de-fabian-gutierrez-pidio-dejar-actuar-a-la-justicia-y-no-hacer-especulaciones-dolorosas\\\/\",\"url\":\"https:\\\/\\\/informelitoral.com.ar\\\/la-familia-de-fabian-gutierrez-pidio-dejar-actuar-a-la-justicia-y-no-hacer-especulaciones-dolorosas\\\/\",\"name\":\"La familia de Fabi\u00e1n Guti\u00e9rrez pidi\u00f3 \\\"dejar actuar a la Justicia\\\" y no hacer \\\"especulaciones dolorosas\\\" - Informe Litoral\",\"isPartOf\":{\"@id\":\"https:\\\/\\\/informelitoral.com.ar\\\/#website\"},\"primaryImageOfPage\":{\"@id\":\"https:\\\/\\\/informelitoral.com.ar\\\/la-familia-de-fabian-gutierrez-pidio-dejar-actuar-a-la-justicia-y-no-hacer-especulaciones-dolorosas\\\/#primaryimage\"},\"image\":{\"@id\":\"https:\\\/\\\/informelitoral.com.ar\\\/la-familia-de-fabian-gutierrez-pidio-dejar-actuar-a-la-justicia-y-no-hacer-especulaciones-dolorosas\\\/#primaryimage\"},\"thumbnailUrl\":\"https:\\\/\\\/informelitoral.com.ar\\\/%77%70%2d%63%6f%6e%74%65%6e%74\\\/uploads\\\/2020\\\/07\\\/fabi\u00e1n-gutierrez.jpg\",\"datePublished\":\"2020-07-05T08:17:22+00:00\",\"dateModified\":\"2020-07-05T14:19:28+00:00\",\"breadcrumb\":{\"@id\":\"https:\\\/\\\/informelitoral.com.ar\\\/la-familia-de-fabian-gutierrez-pidio-dejar-actuar-a-la-justicia-y-no-hacer-especulaciones-dolorosas\\\/#breadcrumb\"},\"inLanguage\":\"es\",\"potentialAction\":[{\"@type\":\"ReadAction\",\"target\":[\"https:\\\/\\\/informelitoral.com.ar\\\/la-familia-de-fabian-gutierrez-pidio-dejar-actuar-a-la-justicia-y-no-hacer-especulaciones-dolorosas\\\/\"]}]},{\"@type\":\"ImageObject\",\"inLanguage\":\"es\",\"@id\":\"https:\\\/\\\/informelitoral.com.ar\\\/la-familia-de-fabian-gutierrez-pidio-dejar-actuar-a-la-justicia-y-no-hacer-especulaciones-dolorosas\\\/#primaryimage\",\"url\":\"https:\\\/\\\/informelitoral.com.ar\\\/%77%70%2d%63%6f%6e%74%65%6e%74\\\/uploads\\\/2020\\\/07\\\/fabi\u00e1n-gutierrez.jpg\",\"contentUrl\":\"https:\\\/\\\/informelitoral.com.ar\\\/%77%70%2d%63%6f%6e%74%65%6e%74\\\/uploads\\\/2020\\\/07\\\/fabi\u00e1n-gutierrez.jpg\",\"width\":1140,\"height\":640},{\"@type\":\"BreadcrumbList\",\"@id\":\"https:\\\/\\\/informelitoral.com.ar\\\/la-familia-de-fabian-gutierrez-pidio-dejar-actuar-a-la-justicia-y-no-hacer-especulaciones-dolorosas\\\/#breadcrumb\",\"itemListElement\":[{\"@type\":\"ListItem\",\"position\":1,\"name\":\"Portada\",\"item\":\"https:\\\/\\\/informelitoral.com.ar\\\/\"},{\"@type\":\"ListItem\",\"position\":2,\"name\":\"La familia de Fabi\u00e1n Guti\u00e9rrez pidi\u00f3 \u00abdejar actuar a la Justicia\u00bb y no hacer \u00abespeculaciones dolorosas\u00bb\"}]},{\"@type\":\"WebSite\",\"@id\":\"https:\\\/\\\/informelitoral.com.ar\\\/#website\",\"url\":\"https:\\\/\\\/informelitoral.com.ar\\\/\",\"name\":\"Informe Litoral\",\"description\":\"&quot;Nos informamos&quot; \",\"publisher\":{\"@id\":\"https:\\\/\\\/informelitoral.com.ar\\\/#organization\"},\"potentialAction\":[{\"@type\":\"SearchAction\",\"target\":{\"@type\":\"EntryPoint\",\"urlTemplate\":\"https:\\\/\\\/informelitoral.com.ar\\\/?s={search_term_string}\"},\"query-input\":{\"@type\":\"PropertyValueSpecification\",\"valueRequired\":true,\"valueName\":\"search_term_string\"}}],\"inLanguage\":\"es\"},{\"@type\":\"Organization\",\"@id\":\"https:\\\/\\\/informelitoral.com.ar\\\/#organization\",\"name\":\"Informe Litoral\",\"url\":\"https:\\\/\\\/informelitoral.com.ar\\\/\",\"logo\":{\"@type\":\"ImageObject\",\"inLanguage\":\"es\",\"@id\":\"https:\\\/\\\/informelitoral.com.ar\\\/#\\\/schema\\\/logo\\\/image\\\/\",\"url\":\"https:\\\/\\\/informelitoral.com.ar\\\/%77%70%2d%63%6f%6e%74%65%6e%74\\\/uploads\\\/2021\\\/01\\\/circulo.png\",\"contentUrl\":\"https:\\\/\\\/informelitoral.com.ar\\\/%77%70%2d%63%6f%6e%74%65%6e%74\\\/uploads\\\/2021\\\/01\\\/circulo.png\",\"width\":723,\"height\":731,\"caption\":\"Informe Litoral\"},\"image\":{\"@id\":\"https:\\\/\\\/informelitoral.com.ar\\\/#\\\/schema\\\/logo\\\/image\\\/\"},\"sameAs\":[\"https:\\\/\\\/www.facebook.com\\\/informelitoral\\\/\",\"https:\\\/\\\/x.com\\\/InformeLitoral\",\"https:\\\/\\\/www.instagram.com\\\/informelitoral\\\/\",\"https:\\\/\\\/www.youtube.com\\\/channel\\\/UCua4Qvz8Icb6MYqhoq9xLXw\"]},{\"@type\":\"Person\",\"@id\":\"https:\\\/\\\/informelitoral.com.ar\\\/#\\\/schema\\\/person\\\/b9d00407c836482871ef1d57bf8e3180\",\"name\":\"Gonzalo Schmidt\",\"image\":{\"@type\":\"ImageObject\",\"inLanguage\":\"es\",\"@id\":\"https:\\\/\\\/secure.gravatar.com\\\/avatar\\\/31a1a7b66ff2de83bd0e9fd79d026630d2d99e55e8bfe501287647b4fd9743de?s=96&d=mm&r=g\",\"url\":\"https:\\\/\\\/secure.gravatar.com\\\/avatar\\\/31a1a7b66ff2de83bd0e9fd79d026630d2d99e55e8bfe501287647b4fd9743de?s=96&d=mm&r=g\",\"contentUrl\":\"https:\\\/\\\/secure.gravatar.com\\\/avatar\\\/31a1a7b66ff2de83bd0e9fd79d026630d2d99e55e8bfe501287647b4fd9743de?s=96&d=mm&r=g\",\"caption\":\"Gonzalo Schmidt\"},\"description\":\"Sitio web de noticias de la provincia de Entre R\u00edos, Argentina. Informaci\u00f3n y entretenimiento. Informe Litoral, nos informamos.\",\"sameAs\":[\"http:\\\/\\\/www.isletasnoticias.com.ar\"],\"url\":\"https:\\\/\\\/informelitoral.com.ar\\\/author\\\/gonzalo\\\/\"}]}<\/script>","yoast_head_json":{"title":"La familia de Fabi\u00e1n Guti\u00e9rrez pidi\u00f3 \"dejar actuar a la Justicia\" y no hacer \"especulaciones dolorosas\" - Informe Litoral","robots":{"index":"index","follow":"follow","max-snippet":"max-snippet:-1","max-image-preview":"max-image-preview:large","max-video-preview":"max-video-preview:-1"},"canonical":"https:\/\/informelitoral.com.ar\/la-familia-de-fabian-gutierrez-pidio-dejar-actuar-a-la-justicia-y-no-hacer-especulaciones-dolorosas\/","og_locale":"es_ES","og_type":"article","og_title":"La familia de Fabi\u00e1n Guti\u00e9rrez pidi\u00f3 \"dejar actuar a la Justicia\" y no hacer \"especulaciones dolorosas\" - Informe Litoral","og_description":"En un comunicado, calificaron de \"brutal\" el crimen del empresario Fabi\u00e1n Guti\u00e9rrez, cuyo cuerpo sin vida fue hallado este s\u00e1bado en El Calafate.","og_url":"https:\/\/informelitoral.com.ar\/la-familia-de-fabian-gutierrez-pidio-dejar-actuar-a-la-justicia-y-no-hacer-especulaciones-dolorosas\/","og_site_name":"Informe Litoral","article_publisher":"https:\/\/www.facebook.com\/informelitoral\/","article_published_time":"2020-07-05T08:17:22+00:00","article_modified_time":"2020-07-05T14:19:28+00:00","og_image":[{"width":1140,"height":640,"url":"https:\/\/informelitoral.com.ar\/%77%70%2d%63%6f%6e%74%65%6e%74\/uploads\/2020\/07\/fabi\u00e1n-gutierrez.jpg","type":"image\/jpeg"}],"author":"Gonzalo Schmidt","twitter_card":"summary_large_image","twitter_creator":"@InformeLitoral","twitter_site":"@InformeLitoral","twitter_misc":{"Escrito por":"Gonzalo Schmidt","Tiempo de lectura":"2 minutos"},"schema":{"@context":"https:\/\/schema.org","@graph":[{"@type":"Article","@id":"https:\/\/informelitoral.com.ar\/la-familia-de-fabian-gutierrez-pidio-dejar-actuar-a-la-justicia-y-no-hacer-especulaciones-dolorosas\/#article","isPartOf":{"@id":"https:\/\/informelitoral.com.ar\/la-familia-de-fabian-gutierrez-pidio-dejar-actuar-a-la-justicia-y-no-hacer-especulaciones-dolorosas\/"},"author":{"name":"Gonzalo Schmidt","@id":"https:\/\/informelitoral.com.ar\/#\/schema\/person\/b9d00407c836482871ef1d57bf8e3180"},"headline":"La familia de Fabi\u00e1n Guti\u00e9rrez pidi\u00f3 \u00abdejar actuar a la Justicia\u00bb y no hacer \u00abespeculaciones dolorosas\u00bb","datePublished":"2020-07-05T08:17:22+00:00","dateModified":"2020-07-05T14:19:28+00:00","mainEntityOfPage":{"@id":"https:\/\/informelitoral.com.ar\/la-familia-de-fabian-gutierrez-pidio-dejar-actuar-a-la-justicia-y-no-hacer-especulaciones-dolorosas\/"},"wordCount":458,"commentCount":0,"publisher":{"@id":"https:\/\/informelitoral.com.ar\/#organization"},"image":{"@id":"https:\/\/informelitoral.com.ar\/la-familia-de-fabian-gutierrez-pidio-dejar-actuar-a-la-justicia-y-no-hacer-especulaciones-dolorosas\/#primaryimage"},"thumbnailUrl":"https:\/\/informelitoral.com.ar\/%77%70%2d%63%6f%6e%74%65%6e%74\/uploads\/2020\/07\/fabi\u00e1n-gutierrez.jpg","keywords":["Santa Cruz"],"articleSection":["Policiales"],"inLanguage":"es","potentialAction":[{"@type":"CommentAction","name":"Comment","target":["https:\/\/informelitoral.com.ar\/la-familia-de-fabian-gutierrez-pidio-dejar-actuar-a-la-justicia-y-no-hacer-especulaciones-dolorosas\/#respond"]}]},{"@type":"WebPage","@id":"https:\/\/informelitoral.com.ar\/la-familia-de-fabian-gutierrez-pidio-dejar-actuar-a-la-justicia-y-no-hacer-especulaciones-dolorosas\/","url":"https:\/\/informelitoral.com.ar\/la-familia-de-fabian-gutierrez-pidio-dejar-actuar-a-la-justicia-y-no-hacer-especulaciones-dolorosas\/","name":"La familia de Fabi\u00e1n Guti\u00e9rrez pidi\u00f3 \"dejar actuar a la Justicia\" y no hacer \"especulaciones dolorosas\" - Informe Litoral","isPartOf":{"@id":"https:\/\/informelitoral.com.ar\/#website"},"primaryImageOfPage":{"@id":"https:\/\/informelitoral.com.ar\/la-familia-de-fabian-gutierrez-pidio-dejar-actuar-a-la-justicia-y-no-hacer-especulaciones-dolorosas\/#primaryimage"},"image":{"@id":"https:\/\/informelitoral.com.ar\/la-familia-de-fabian-gutierrez-pidio-dejar-actuar-a-la-justicia-y-no-hacer-especulaciones-dolorosas\/#primaryimage"},"thumbnailUrl":"https:\/\/informelitoral.com.ar\/%77%70%2d%63%6f%6e%74%65%6e%74\/uploads\/2020\/07\/fabi\u00e1n-gutierrez.jpg","datePublished":"2020-07-05T08:17:22+00:00","dateModified":"2020-07-05T14:19:28+00:00","breadcrumb":{"@id":"https:\/\/informelitoral.com.ar\/la-familia-de-fabian-gutierrez-pidio-dejar-actuar-a-la-justicia-y-no-hacer-especulaciones-dolorosas\/#breadcrumb"},"inLanguage":"es","potentialAction":[{"@type":"ReadAction","target":["https:\/\/informelitoral.com.ar\/la-familia-de-fabian-gutierrez-pidio-dejar-actuar-a-la-justicia-y-no-hacer-especulaciones-dolorosas\/"]}]},{"@type":"ImageObject","inLanguage":"es","@id":"https:\/\/informelitoral.com.ar\/la-familia-de-fabian-gutierrez-pidio-dejar-actuar-a-la-justicia-y-no-hacer-especulaciones-dolorosas\/#primaryimage","url":"https:\/\/informelitoral.com.ar\/%77%70%2d%63%6f%6e%74%65%6e%74\/uploads\/2020\/07\/fabi\u00e1n-gutierrez.jpg","contentUrl":"https:\/\/informelitoral.com.ar\/%77%70%2d%63%6f%6e%74%65%6e%74\/uploads\/2020\/07\/fabi\u00e1n-gutierrez.jpg","width":1140,"height":640},{"@type":"BreadcrumbList","@id":"https:\/\/informelitoral.com.ar\/la-familia-de-fabian-gutierrez-pidio-dejar-actuar-a-la-justicia-y-no-hacer-especulaciones-dolorosas\/#breadcrumb","itemListElement":[{"@type":"ListItem","position":1,"name":"Portada","item":"https:\/\/informelitoral.com.ar\/"},{"@type":"ListItem","position":2,"name":"La familia de Fabi\u00e1n Guti\u00e9rrez pidi\u00f3 \u00abdejar actuar a la Justicia\u00bb y no hacer \u00abespeculaciones dolorosas\u00bb"}]},{"@type":"WebSite","@id":"https:\/\/informelitoral.com.ar\/#website","url":"https:\/\/informelitoral.com.ar\/","name":"Informe Litoral","description":"&quot;Nos informamos&quot; ","publisher":{"@id":"https:\/\/informelitoral.com.ar\/#organization"},"potentialAction":[{"@type":"SearchAction","target":{"@type":"EntryPoint","urlTemplate":"https:\/\/informelitoral.com.ar\/?s={search_term_string}"},"query-input":{"@type":"PropertyValueSpecification","valueRequired":true,"valueName":"search_term_string"}}],"inLanguage":"es"},{"@type":"Organization","@id":"https:\/\/informelitoral.com.ar\/#organization","name":"Informe Litoral","url":"https:\/\/informelitoral.com.ar\/","logo":{"@type":"ImageObject","inLanguage":"es","@id":"https:\/\/informelitoral.com.ar\/#\/schema\/logo\/image\/","url":"https:\/\/informelitoral.com.ar\/%77%70%2d%63%6f%6e%74%65%6e%74\/uploads\/2021\/01\/circulo.png","contentUrl":"https:\/\/informelitoral.com.ar\/%77%70%2d%63%6f%6e%74%65%6e%74\/uploads\/2021\/01\/circulo.png","width":723,"height":731,"caption":"Informe Litoral"},"image":{"@id":"https:\/\/informelitoral.com.ar\/#\/schema\/logo\/image\/"},"sameAs":["https:\/\/www.facebook.com\/informelitoral\/","https:\/\/x.com\/InformeLitoral","https:\/\/www.instagram.com\/informelitoral\/","https:\/\/www.youtube.com\/channel\/UCua4Qvz8Icb6MYqhoq9xLXw"]},{"@type":"Person","@id":"https:\/\/informelitoral.com.ar\/#\/schema\/person\/b9d00407c836482871ef1d57bf8e3180","name":"Gonzalo Schmidt","image":{"@type":"ImageObject","inLanguage":"es","@id":"https:\/\/secure.gravatar.com\/avatar\/31a1a7b66ff2de83bd0e9fd79d026630d2d99e55e8bfe501287647b4fd9743de?s=96&d=mm&r=g","url":"https:\/\/secure.gravatar.com\/avatar\/31a1a7b66ff2de83bd0e9fd79d026630d2d99e55e8bfe501287647b4fd9743de?s=96&d=mm&r=g","contentUrl":"https:\/\/secure.gravatar.com\/avatar\/31a1a7b66ff2de83bd0e9fd79d026630d2d99e55e8bfe501287647b4fd9743de?s=96&d=mm&r=g","caption":"Gonzalo Schmidt"},"description":"Sitio web de noticias de la provincia de Entre R\u00edos, Argentina. Informaci\u00f3n y entretenimiento. Informe Litoral, nos informamos.","sameAs":["http:\/\/www.isletasnoticias.com.ar"],"url":"https:\/\/informelitoral.com.ar\/author\/gonzalo\/"}]}},"_links":{"self":[{"href":"https:\/\/informelitoral.com.ar\/%77%70%2d%6a%73%6f%6e\/wp\/v2\/posts\/45270","targetHints":{"allow":["GET"]}}],"collection":[{"href":"https:\/\/informelitoral.com.ar\/%77%70%2d%6a%73%6f%6e\/wp\/v2\/posts"}],"about":[{"href":"https:\/\/informelitoral.com.ar\/%77%70%2d%6a%73%6f%6e\/wp\/v2\/types\/post"}],"author":[{"embeddable":true,"href":"https:\/\/informelitoral.com.ar\/%77%70%2d%6a%73%6f%6e\/wp\/v2\/users\/2"}],"replies":[{"embeddable":true,"href":"https:\/\/informelitoral.com.ar\/%77%70%2d%6a%73%6f%6e\/wp\/v2\/comments?post=45270"}],"version-history":[{"count":0,"href":"https:\/\/informelitoral.com.ar\/%77%70%2d%6a%73%6f%6e\/wp\/v2\/posts\/45270\/revisions"}],"wp:featuredmedia":[{"embeddable":true,"href":"https:\/\/informelitoral.com.ar\/%77%70%2d%6a%73%6f%6e\/wp\/v2\/media\/45271"}],"wp:attachment":[{"href":"https:\/\/informelitoral.com.ar\/%77%70%2d%6a%73%6f%6e\/wp\/v2\/media?parent=45270"}],"wp:term":[{"taxonomy":"category","embeddable":true,"href":"https:\/\/informelitoral.com.ar\/%77%70%2d%6a%73%6f%6e\/wp\/v2\/categories?post=45270"},{"taxonomy":"post_tag","embeddable":true,"href":"https:\/\/informelitoral.com.ar\/%77%70%2d%6a%73%6f%6e\/wp\/v2\/tags?post=45270"}],"curies":[{"name":"wp","href":"https:\/\/api.w.org\/{rel}","templated":true}]}}