{"id":4527,"date":"2013-12-02T15:03:34","date_gmt":"2013-12-02T18:03:34","guid":{"rendered":"http:\/\/www.isletasnoticias.com.ar\/?p=4527"},"modified":"2013-12-02T15:03:34","modified_gmt":"2013-12-02T18:03:34","slug":"villa-paranacito-la-faa-denuncia-fumigaciones-ilegales-y-demanda-medidas","status":"publish","type":"post","link":"https:\/\/informelitoral.com.ar\/villa-paranacito-la-faa-denuncia-fumigaciones-ilegales-y-demanda-medidas\/","title":{"rendered":"Villa Paranacito: la FAA denuncia fumigaciones ilegales y demanda medidas"},"content":{"rendered":"<p><strong>El titular de la filial Delta de la entidad, <em>Jorge Temporetti,<\/em> advirti\u00f3 sobre diferentes acciones que vienen afectando a pobladores y peque\u00f1os productores de la zona. Brego por una ley de presupuestos m\u00edn<strong>imos de los humedales.<\/strong><\/strong><\/p>\n<p><img loading=\"lazy\" decoding=\"async\" class=\"size-medium wp-image-4528 aligncenter\" alt=\"delta\" src=\"http:\/\/www.isletasnoticias.com.ar\/%77%70%2d%63%6f%6e%74%65%6e%74\/uploads\/2013\/12\/delta-300x168.jpg\" width=\"300\" height=\"168\" srcset=\"https:\/\/informelitoral.com.ar\/%77%70%2d%63%6f%6e%74%65%6e%74\/uploads\/2013\/12\/delta-300x168.jpg 300w, https:\/\/informelitoral.com.ar\/%77%70%2d%63%6f%6e%74%65%6e%74\/uploads\/2013\/12\/delta.jpg 640w\" sizes=\"auto, (max-width: 300px) 100vw, 300px\" \/><\/p>\n<p>Pese a un decreto municipal que lo proh\u00edbe, fumigaciones vienen afectando en los \u00faltimos tiempos a habitantes de Villa Paranacito como tambi\u00e9n a la actividad de peque\u00f1os y medianos productores, particularmente ap\u00edcolas, generando una gran mortandad de abejas.<\/p>\n<p style=\"text-align: left;\">En di\u00e1logo con\u00a0<a href=\"http:\/\/www.laf5.com\/\" target=\"_blank\"><b>Radio F5,<\/b><\/a>\u00a0el titular de la filial Delta de la Federaci\u00f3n agraria argentina (FAA), manifest\u00f3 que expres\u00f3 la necesidad de adaptar e integrar las t\u00e9cnicas de producci\u00f3n y las actividades econ\u00f3micas al ecosistema de la zona: \u201cdesde hace ya varios a\u00f1os trabajamos con un concepto desde la filial en relaci\u00f3n a c\u00f3mo producir\u201d, explic\u00f3 y a\u00f1adi\u00f3: \u201ctiene que ser estudiado y tratado de una forma \u00fanica. No puede ser que se hagan las cosas sin ning\u00fan tipo de respeto a las formas de trabajo que tradicionalmente ha habido\u201d.<\/p>\n<p>Temporetti advirti\u00f3 que en el Delta se hacen diques gigantescos que cierran cauces cuando hay leyes que lo impiden. Como ejemplo mencion\u00f3 que \u201cuna empresa que ha hecho un dique cierra 500 metros aguas abajo tres puentes que representan tres cruces con todos los efectos que cuando hay lluvia, sudestadas y ni hablar cuando hay inundaciones, tienen para los vecinos\u201d.<\/p>\n<p>En relaci\u00f3n con la problem\u00e1tica vinculada a las fumigaciones el dirigente federado sostuvo que sus consecuencias negativas no tienen s\u00f3lo que ver con el glifosato sino integralmente con el llamado paquete tecnol\u00f3gico comercializado por la firma norteamericana Monsanto: \u201cla fumigaci\u00f3n no es la panacea de nada. Por ah\u00ed en este momento le est\u00e1 dando plata a algunos, genera una tremenda dependencia pero viene con un paquete tecnol\u00f3gico y en una zona con tanta humedad como la del Delta, todos los problemas de hongos, microbios y todo ese tipo de cosas se multiplica varias veces\u201d.<\/p>\n<p>\u201cEstas formas de trabajo a la legalidad la respetan muy poco. Monsanto te va a imponer sus condiciones de semillas y no va a hacer una cosa donde pueda quedar incluido un peque\u00f1o o mediano productor\u201d, asegur\u00f3 Temporetti que advirti\u00f3 que poder revertir esta situaci\u00f3n tiene su complejidad porque \u201chay intereses muy poderosos\u201d. En ese marco resalt\u00f3 la necesidad de que Entre R\u00edos cuente con una ley de regularizaci\u00f3n dominial \u201cque respete a los verdaderos ocupantes y que tenga otro tipo de pautas\u201d.<\/p>\n<p>Con esto, de alguna manera, se intentar\u00eda poner en vereda o al menos frenar la permanente influencia de intereses ajenos a la comunidad. \u201cAc\u00e1 en el Delta tenemos propiedades gigantescas que no hay en la zona de la Pampa H\u00fameda: el se\u00f1or Pedro Pou tiene alrededor de 50.000 hect\u00e1reas lindantes con el r\u00edo Paraguay. Son grandes propietarios, gente que siempre ha estado ligada al capital financiero Escasany, Roque Fern\u00e1ndez y algunos m\u00e1s. El \u00faltimo que se ha apropiado de una superficie muy grande ha sido Gualtieri que estuvo ligado a esa ley de Arroz del Delta Entrerriano (finalmente retirada por el Ejecutivo de la legislatura producto de fuertes protestas)\u201d.<\/p>\n<p>Al mencionar algunas de las consecuencias Temporetti record\u00f3 que el a\u00f1o pasado hubo una enorme mortandad de peces y tambi\u00e9n hizo particular referencia a lo que ocurre con la producci\u00f3n ap\u00edcola, \u201cse hizo una fumigaci\u00f3n en una propiedad que est\u00e1 usurpando 7 hect\u00e1reas de un vecino y le masacraron las abejas\u201d. El ruralista relat\u00f3 que en aquel momento hubo compromisos de que se iban a aplicar sanciones pero \u201cencontraron que la norma que tiene el Municipio de Villa Paranacito proh\u00edbe la fumigaci\u00f3n y no la pulverizaci\u00f3n y dijeron que lo que hab\u00edan hecho no era fumigar sino pulverizar\u201d. Frente a las denuncias y demandas de regulaci\u00f3n planteadas, el titular de la FAA sostiuene que \u201calgunos atacan diciendo que con ello est\u00e1s en contra de la producci\u00f3n y eso es una mentira\u201d.<\/p>\n<p>El dirigente reflexion\u00f3 sobre las causas y la realidad que se vive en la regi\u00f3n: \u201choy en el delta del Paran\u00e1 lo que rige es la ley de la selva y como sabemos en la selva el poder no tiene el m\u00e1s fuerte y no somos los peque\u00f1os y medianos productores\u201d. (Fuente:<em> Informe Digital<\/em>)<\/p>\n","protected":false},"excerpt":{"rendered":"<p>El titular de la filial Delta de la entidad, Jorge Temporetti, advirti&oacute; sobre diferentes acciones que vienen afectando a pobladores y peque&ntilde;os productores de la zona. Brego por una ley de presupuestos m&iacute;nimos de los humedales. Pese a un decreto municipal que lo proh&iacute;be, fumigaciones vienen afectando en los &uacute;ltimos tiempos a habitantes de Villa [&hellip;]<\/p>\n","protected":false},"author":2,"featured_media":0,"comment_status":"open","ping_status":"open","sticky":false,"template":"","format":"standard","meta":{"fifu_image_url":"","fifu_image_alt":"","footnotes":""},"categories":[10,6],"tags":[],"class_list":{"0":"post-4527","1":"post","2":"type-post","3":"status-publish","4":"format-standard","6":"category-campo","7":"category-entre-rios"},"yoast_head":"<title>Villa Paranacito: la FAA denuncia fumigaciones ilegales y demanda medidas - Informe Litoral<\/title>\n<meta name=\"robots\" content=\"index, follow, max-snippet:-1, max-image-preview:large, max-video-preview:-1\" \/>\n<link rel=\"canonical\" href=\"https:\/\/informelitoral.com.ar\/villa-paranacito-la-faa-denuncia-fumigaciones-ilegales-y-demanda-medidas\/\" \/>\n<meta property=\"og:locale\" content=\"es_ES\" \/>\n<meta property=\"og:type\" content=\"article\" \/>\n<meta property=\"og:title\" content=\"Villa Paranacito: la FAA denuncia fumigaciones ilegales y demanda medidas - Informe Litoral\" \/>\n<meta property=\"og:description\" content=\"El titular de la filial Delta de la entidad, Jorge Temporetti, advirti&oacute; sobre diferentes acciones que vienen afectando a pobladores y peque&ntilde;os productores de la zona. Brego por una ley de presupuestos m&iacute;nimos de los humedales. Pese a un decreto municipal que lo proh&iacute;be, fumigaciones vienen afectando en los &uacute;ltimos tiempos a habitantes de Villa [&hellip;]\" \/>\n<meta property=\"og:url\" content=\"https:\/\/informelitoral.com.ar\/villa-paranacito-la-faa-denuncia-fumigaciones-ilegales-y-demanda-medidas\/\" \/>\n<meta property=\"og:site_name\" content=\"Informe Litoral\" \/>\n<meta property=\"article:publisher\" content=\"https:\/\/www.facebook.com\/informelitoral\/\" \/>\n<meta property=\"article:published_time\" content=\"2013-12-02T18:03:34+00:00\" \/>\n<meta property=\"og:image\" content=\"https:\/\/informelitoral.com.ar\/%77%70%2d%63%6f%6e%74%65%6e%74\/uploads\/2013\/12\/delta.jpg\" \/>\n\t<meta property=\"og:image:width\" content=\"640\" \/>\n\t<meta property=\"og:image:height\" content=\"360\" \/>\n\t<meta property=\"og:image:type\" content=\"image\/jpeg\" \/>\n<meta name=\"author\" content=\"Gonzalo Schmidt\" \/>\n<meta name=\"twitter:card\" content=\"summary_large_image\" \/>\n<meta name=\"twitter:creator\" content=\"@InformeLitoral\" \/>\n<meta name=\"twitter:site\" content=\"@InformeLitoral\" \/>\n<meta name=\"twitter:label1\" content=\"Escrito por\" \/>\n\t<meta name=\"twitter:data1\" content=\"Gonzalo Schmidt\" \/>\n\t<meta name=\"twitter:label2\" content=\"Tiempo de lectura\" \/>\n\t<meta name=\"twitter:data2\" content=\"4 minutos\" \/>\n<script type=\"application\/ld+json\" class=\"yoast-schema-graph\">{\"@context\":\"https:\\\/\\\/schema.org\",\"@graph\":[{\"@type\":\"Article\",\"@id\":\"https:\\\/\\\/informelitoral.com.ar\\\/villa-paranacito-la-faa-denuncia-fumigaciones-ilegales-y-demanda-medidas\\\/#article\",\"isPartOf\":{\"@id\":\"https:\\\/\\\/informelitoral.com.ar\\\/villa-paranacito-la-faa-denuncia-fumigaciones-ilegales-y-demanda-medidas\\\/\"},\"author\":{\"name\":\"Gonzalo Schmidt\",\"@id\":\"https:\\\/\\\/informelitoral.com.ar\\\/#\\\/schema\\\/person\\\/b9d00407c836482871ef1d57bf8e3180\"},\"headline\":\"Villa Paranacito: la FAA denuncia fumigaciones ilegales y demanda medidas\",\"datePublished\":\"2013-12-02T18:03:34+00:00\",\"mainEntityOfPage\":{\"@id\":\"https:\\\/\\\/informelitoral.com.ar\\\/villa-paranacito-la-faa-denuncia-fumigaciones-ilegales-y-demanda-medidas\\\/\"},\"wordCount\":752,\"commentCount\":0,\"publisher\":{\"@id\":\"https:\\\/\\\/informelitoral.com.ar\\\/#organization\"},\"image\":{\"@id\":\"https:\\\/\\\/informelitoral.com.ar\\\/villa-paranacito-la-faa-denuncia-fumigaciones-ilegales-y-demanda-medidas\\\/#primaryimage\"},\"thumbnailUrl\":\"http:\\\/\\\/www.isletasnoticias.com.ar\\\/%77%70%2d%63%6f%6e%74%65%6e%74\\\/uploads\\\/2013\\\/12\\\/delta-300x168.jpg\",\"articleSection\":[\"Campo\",\"Entre R\u00edos\"],\"inLanguage\":\"es\",\"potentialAction\":[{\"@type\":\"CommentAction\",\"name\":\"Comment\",\"target\":[\"https:\\\/\\\/informelitoral.com.ar\\\/villa-paranacito-la-faa-denuncia-fumigaciones-ilegales-y-demanda-medidas\\\/#respond\"]}]},{\"@type\":\"WebPage\",\"@id\":\"https:\\\/\\\/informelitoral.com.ar\\\/villa-paranacito-la-faa-denuncia-fumigaciones-ilegales-y-demanda-medidas\\\/\",\"url\":\"https:\\\/\\\/informelitoral.com.ar\\\/villa-paranacito-la-faa-denuncia-fumigaciones-ilegales-y-demanda-medidas\\\/\",\"name\":\"Villa Paranacito: la FAA denuncia fumigaciones ilegales y demanda medidas - Informe Litoral\",\"isPartOf\":{\"@id\":\"https:\\\/\\\/informelitoral.com.ar\\\/#website\"},\"primaryImageOfPage\":{\"@id\":\"https:\\\/\\\/informelitoral.com.ar\\\/villa-paranacito-la-faa-denuncia-fumigaciones-ilegales-y-demanda-medidas\\\/#primaryimage\"},\"image\":{\"@id\":\"https:\\\/\\\/informelitoral.com.ar\\\/villa-paranacito-la-faa-denuncia-fumigaciones-ilegales-y-demanda-medidas\\\/#primaryimage\"},\"thumbnailUrl\":\"http:\\\/\\\/www.isletasnoticias.com.ar\\\/%77%70%2d%63%6f%6e%74%65%6e%74\\\/uploads\\\/2013\\\/12\\\/delta-300x168.jpg\",\"datePublished\":\"2013-12-02T18:03:34+00:00\",\"breadcrumb\":{\"@id\":\"https:\\\/\\\/informelitoral.com.ar\\\/villa-paranacito-la-faa-denuncia-fumigaciones-ilegales-y-demanda-medidas\\\/#breadcrumb\"},\"inLanguage\":\"es\",\"potentialAction\":[{\"@type\":\"ReadAction\",\"target\":[\"https:\\\/\\\/informelitoral.com.ar\\\/villa-paranacito-la-faa-denuncia-fumigaciones-ilegales-y-demanda-medidas\\\/\"]}]},{\"@type\":\"ImageObject\",\"inLanguage\":\"es\",\"@id\":\"https:\\\/\\\/informelitoral.com.ar\\\/villa-paranacito-la-faa-denuncia-fumigaciones-ilegales-y-demanda-medidas\\\/#primaryimage\",\"url\":\"http:\\\/\\\/www.isletasnoticias.com.ar\\\/%77%70%2d%63%6f%6e%74%65%6e%74\\\/uploads\\\/2013\\\/12\\\/delta-300x168.jpg\",\"contentUrl\":\"http:\\\/\\\/www.isletasnoticias.com.ar\\\/%77%70%2d%63%6f%6e%74%65%6e%74\\\/uploads\\\/2013\\\/12\\\/delta-300x168.jpg\"},{\"@type\":\"BreadcrumbList\",\"@id\":\"https:\\\/\\\/informelitoral.com.ar\\\/villa-paranacito-la-faa-denuncia-fumigaciones-ilegales-y-demanda-medidas\\\/#breadcrumb\",\"itemListElement\":[{\"@type\":\"ListItem\",\"position\":1,\"name\":\"Portada\",\"item\":\"https:\\\/\\\/informelitoral.com.ar\\\/\"},{\"@type\":\"ListItem\",\"position\":2,\"name\":\"Villa Paranacito: la FAA denuncia fumigaciones ilegales y demanda medidas\"}]},{\"@type\":\"WebSite\",\"@id\":\"https:\\\/\\\/informelitoral.com.ar\\\/#website\",\"url\":\"https:\\\/\\\/informelitoral.com.ar\\\/\",\"name\":\"Informe Litoral\",\"description\":\"&quot;Nos informamos&quot; \",\"publisher\":{\"@id\":\"https:\\\/\\\/informelitoral.com.ar\\\/#organization\"},\"potentialAction\":[{\"@type\":\"SearchAction\",\"target\":{\"@type\":\"EntryPoint\",\"urlTemplate\":\"https:\\\/\\\/informelitoral.com.ar\\\/?s={search_term_string}\"},\"query-input\":{\"@type\":\"PropertyValueSpecification\",\"valueRequired\":true,\"valueName\":\"search_term_string\"}}],\"inLanguage\":\"es\"},{\"@type\":\"Organization\",\"@id\":\"https:\\\/\\\/informelitoral.com.ar\\\/#organization\",\"name\":\"Informe Litoral\",\"url\":\"https:\\\/\\\/informelitoral.com.ar\\\/\",\"logo\":{\"@type\":\"ImageObject\",\"inLanguage\":\"es\",\"@id\":\"https:\\\/\\\/informelitoral.com.ar\\\/#\\\/schema\\\/logo\\\/image\\\/\",\"url\":\"https:\\\/\\\/informelitoral.com.ar\\\/%77%70%2d%63%6f%6e%74%65%6e%74\\\/uploads\\\/2021\\\/01\\\/circulo.png\",\"contentUrl\":\"https:\\\/\\\/informelitoral.com.ar\\\/%77%70%2d%63%6f%6e%74%65%6e%74\\\/uploads\\\/2021\\\/01\\\/circulo.png\",\"width\":723,\"height\":731,\"caption\":\"Informe Litoral\"},\"image\":{\"@id\":\"https:\\\/\\\/informelitoral.com.ar\\\/#\\\/schema\\\/logo\\\/image\\\/\"},\"sameAs\":[\"https:\\\/\\\/www.facebook.com\\\/informelitoral\\\/\",\"https:\\\/\\\/x.com\\\/InformeLitoral\",\"https:\\\/\\\/www.instagram.com\\\/informelitoral\\\/\",\"https:\\\/\\\/www.youtube.com\\\/channel\\\/UCua4Qvz8Icb6MYqhoq9xLXw\"]},{\"@type\":\"Person\",\"@id\":\"https:\\\/\\\/informelitoral.com.ar\\\/#\\\/schema\\\/person\\\/b9d00407c836482871ef1d57bf8e3180\",\"name\":\"Gonzalo Schmidt\",\"image\":{\"@type\":\"ImageObject\",\"inLanguage\":\"es\",\"@id\":\"https:\\\/\\\/secure.gravatar.com\\\/avatar\\\/31a1a7b66ff2de83bd0e9fd79d026630d2d99e55e8bfe501287647b4fd9743de?s=96&d=mm&r=g\",\"url\":\"https:\\\/\\\/secure.gravatar.com\\\/avatar\\\/31a1a7b66ff2de83bd0e9fd79d026630d2d99e55e8bfe501287647b4fd9743de?s=96&d=mm&r=g\",\"contentUrl\":\"https:\\\/\\\/secure.gravatar.com\\\/avatar\\\/31a1a7b66ff2de83bd0e9fd79d026630d2d99e55e8bfe501287647b4fd9743de?s=96&d=mm&r=g\",\"caption\":\"Gonzalo Schmidt\"},\"description\":\"Sitio web de noticias de la provincia de Entre R\u00edos, Argentina. Informaci\u00f3n y entretenimiento. Informe Litoral, nos informamos.\",\"sameAs\":[\"http:\\\/\\\/www.isletasnoticias.com.ar\"],\"url\":\"https:\\\/\\\/informelitoral.com.ar\\\/author\\\/gonzalo\\\/\"}]}<\/script>","yoast_head_json":{"title":"Villa Paranacito: la FAA denuncia fumigaciones ilegales y demanda medidas - Informe Litoral","robots":{"index":"index","follow":"follow","max-snippet":"max-snippet:-1","max-image-preview":"max-image-preview:large","max-video-preview":"max-video-preview:-1"},"canonical":"https:\/\/informelitoral.com.ar\/villa-paranacito-la-faa-denuncia-fumigaciones-ilegales-y-demanda-medidas\/","og_locale":"es_ES","og_type":"article","og_title":"Villa Paranacito: la FAA denuncia fumigaciones ilegales y demanda medidas - Informe Litoral","og_description":"El titular de la filial Delta de la entidad, Jorge Temporetti, advirti&oacute; sobre diferentes acciones que vienen afectando a pobladores y peque&ntilde;os productores de la zona. Brego por una ley de presupuestos m&iacute;nimos de los humedales. Pese a un decreto municipal que lo proh&iacute;be, fumigaciones vienen afectando en los &uacute;ltimos tiempos a habitantes de Villa [&hellip;]","og_url":"https:\/\/informelitoral.com.ar\/villa-paranacito-la-faa-denuncia-fumigaciones-ilegales-y-demanda-medidas\/","og_site_name":"Informe Litoral","article_publisher":"https:\/\/www.facebook.com\/informelitoral\/","article_published_time":"2013-12-02T18:03:34+00:00","og_image":[{"width":640,"height":360,"url":"https:\/\/informelitoral.com.ar\/%77%70%2d%63%6f%6e%74%65%6e%74\/uploads\/2013\/12\/delta.jpg","type":"image\/jpeg"}],"author":"Gonzalo Schmidt","twitter_card":"summary_large_image","twitter_creator":"@InformeLitoral","twitter_site":"@InformeLitoral","twitter_misc":{"Escrito por":"Gonzalo Schmidt","Tiempo de lectura":"4 minutos"},"schema":{"@context":"https:\/\/schema.org","@graph":[{"@type":"Article","@id":"https:\/\/informelitoral.com.ar\/villa-paranacito-la-faa-denuncia-fumigaciones-ilegales-y-demanda-medidas\/#article","isPartOf":{"@id":"https:\/\/informelitoral.com.ar\/villa-paranacito-la-faa-denuncia-fumigaciones-ilegales-y-demanda-medidas\/"},"author":{"name":"Gonzalo Schmidt","@id":"https:\/\/informelitoral.com.ar\/#\/schema\/person\/b9d00407c836482871ef1d57bf8e3180"},"headline":"Villa Paranacito: la FAA denuncia fumigaciones ilegales y demanda medidas","datePublished":"2013-12-02T18:03:34+00:00","mainEntityOfPage":{"@id":"https:\/\/informelitoral.com.ar\/villa-paranacito-la-faa-denuncia-fumigaciones-ilegales-y-demanda-medidas\/"},"wordCount":752,"commentCount":0,"publisher":{"@id":"https:\/\/informelitoral.com.ar\/#organization"},"image":{"@id":"https:\/\/informelitoral.com.ar\/villa-paranacito-la-faa-denuncia-fumigaciones-ilegales-y-demanda-medidas\/#primaryimage"},"thumbnailUrl":"http:\/\/www.isletasnoticias.com.ar\/%77%70%2d%63%6f%6e%74%65%6e%74\/uploads\/2013\/12\/delta-300x168.jpg","articleSection":["Campo","Entre R\u00edos"],"inLanguage":"es","potentialAction":[{"@type":"CommentAction","name":"Comment","target":["https:\/\/informelitoral.com.ar\/villa-paranacito-la-faa-denuncia-fumigaciones-ilegales-y-demanda-medidas\/#respond"]}]},{"@type":"WebPage","@id":"https:\/\/informelitoral.com.ar\/villa-paranacito-la-faa-denuncia-fumigaciones-ilegales-y-demanda-medidas\/","url":"https:\/\/informelitoral.com.ar\/villa-paranacito-la-faa-denuncia-fumigaciones-ilegales-y-demanda-medidas\/","name":"Villa Paranacito: la FAA denuncia fumigaciones ilegales y demanda medidas - Informe Litoral","isPartOf":{"@id":"https:\/\/informelitoral.com.ar\/#website"},"primaryImageOfPage":{"@id":"https:\/\/informelitoral.com.ar\/villa-paranacito-la-faa-denuncia-fumigaciones-ilegales-y-demanda-medidas\/#primaryimage"},"image":{"@id":"https:\/\/informelitoral.com.ar\/villa-paranacito-la-faa-denuncia-fumigaciones-ilegales-y-demanda-medidas\/#primaryimage"},"thumbnailUrl":"http:\/\/www.isletasnoticias.com.ar\/%77%70%2d%63%6f%6e%74%65%6e%74\/uploads\/2013\/12\/delta-300x168.jpg","datePublished":"2013-12-02T18:03:34+00:00","breadcrumb":{"@id":"https:\/\/informelitoral.com.ar\/villa-paranacito-la-faa-denuncia-fumigaciones-ilegales-y-demanda-medidas\/#breadcrumb"},"inLanguage":"es","potentialAction":[{"@type":"ReadAction","target":["https:\/\/informelitoral.com.ar\/villa-paranacito-la-faa-denuncia-fumigaciones-ilegales-y-demanda-medidas\/"]}]},{"@type":"ImageObject","inLanguage":"es","@id":"https:\/\/informelitoral.com.ar\/villa-paranacito-la-faa-denuncia-fumigaciones-ilegales-y-demanda-medidas\/#primaryimage","url":"http:\/\/www.isletasnoticias.com.ar\/%77%70%2d%63%6f%6e%74%65%6e%74\/uploads\/2013\/12\/delta-300x168.jpg","contentUrl":"http:\/\/www.isletasnoticias.com.ar\/%77%70%2d%63%6f%6e%74%65%6e%74\/uploads\/2013\/12\/delta-300x168.jpg"},{"@type":"BreadcrumbList","@id":"https:\/\/informelitoral.com.ar\/villa-paranacito-la-faa-denuncia-fumigaciones-ilegales-y-demanda-medidas\/#breadcrumb","itemListElement":[{"@type":"ListItem","position":1,"name":"Portada","item":"https:\/\/informelitoral.com.ar\/"},{"@type":"ListItem","position":2,"name":"Villa Paranacito: la FAA denuncia fumigaciones ilegales y demanda medidas"}]},{"@type":"WebSite","@id":"https:\/\/informelitoral.com.ar\/#website","url":"https:\/\/informelitoral.com.ar\/","name":"Informe Litoral","description":"&quot;Nos informamos&quot; ","publisher":{"@id":"https:\/\/informelitoral.com.ar\/#organization"},"potentialAction":[{"@type":"SearchAction","target":{"@type":"EntryPoint","urlTemplate":"https:\/\/informelitoral.com.ar\/?s={search_term_string}"},"query-input":{"@type":"PropertyValueSpecification","valueRequired":true,"valueName":"search_term_string"}}],"inLanguage":"es"},{"@type":"Organization","@id":"https:\/\/informelitoral.com.ar\/#organization","name":"Informe Litoral","url":"https:\/\/informelitoral.com.ar\/","logo":{"@type":"ImageObject","inLanguage":"es","@id":"https:\/\/informelitoral.com.ar\/#\/schema\/logo\/image\/","url":"https:\/\/informelitoral.com.ar\/%77%70%2d%63%6f%6e%74%65%6e%74\/uploads\/2021\/01\/circulo.png","contentUrl":"https:\/\/informelitoral.com.ar\/%77%70%2d%63%6f%6e%74%65%6e%74\/uploads\/2021\/01\/circulo.png","width":723,"height":731,"caption":"Informe Litoral"},"image":{"@id":"https:\/\/informelitoral.com.ar\/#\/schema\/logo\/image\/"},"sameAs":["https:\/\/www.facebook.com\/informelitoral\/","https:\/\/x.com\/InformeLitoral","https:\/\/www.instagram.com\/informelitoral\/","https:\/\/www.youtube.com\/channel\/UCua4Qvz8Icb6MYqhoq9xLXw"]},{"@type":"Person","@id":"https:\/\/informelitoral.com.ar\/#\/schema\/person\/b9d00407c836482871ef1d57bf8e3180","name":"Gonzalo Schmidt","image":{"@type":"ImageObject","inLanguage":"es","@id":"https:\/\/secure.gravatar.com\/avatar\/31a1a7b66ff2de83bd0e9fd79d026630d2d99e55e8bfe501287647b4fd9743de?s=96&d=mm&r=g","url":"https:\/\/secure.gravatar.com\/avatar\/31a1a7b66ff2de83bd0e9fd79d026630d2d99e55e8bfe501287647b4fd9743de?s=96&d=mm&r=g","contentUrl":"https:\/\/secure.gravatar.com\/avatar\/31a1a7b66ff2de83bd0e9fd79d026630d2d99e55e8bfe501287647b4fd9743de?s=96&d=mm&r=g","caption":"Gonzalo Schmidt"},"description":"Sitio web de noticias de la provincia de Entre R\u00edos, Argentina. Informaci\u00f3n y entretenimiento. Informe Litoral, nos informamos.","sameAs":["http:\/\/www.isletasnoticias.com.ar"],"url":"https:\/\/informelitoral.com.ar\/author\/gonzalo\/"}]}},"_links":{"self":[{"href":"https:\/\/informelitoral.com.ar\/%77%70%2d%6a%73%6f%6e\/wp\/v2\/posts\/4527","targetHints":{"allow":["GET"]}}],"collection":[{"href":"https:\/\/informelitoral.com.ar\/%77%70%2d%6a%73%6f%6e\/wp\/v2\/posts"}],"about":[{"href":"https:\/\/informelitoral.com.ar\/%77%70%2d%6a%73%6f%6e\/wp\/v2\/types\/post"}],"author":[{"embeddable":true,"href":"https:\/\/informelitoral.com.ar\/%77%70%2d%6a%73%6f%6e\/wp\/v2\/users\/2"}],"replies":[{"embeddable":true,"href":"https:\/\/informelitoral.com.ar\/%77%70%2d%6a%73%6f%6e\/wp\/v2\/comments?post=4527"}],"version-history":[{"count":0,"href":"https:\/\/informelitoral.com.ar\/%77%70%2d%6a%73%6f%6e\/wp\/v2\/posts\/4527\/revisions"}],"wp:attachment":[{"href":"https:\/\/informelitoral.com.ar\/%77%70%2d%6a%73%6f%6e\/wp\/v2\/media?parent=4527"}],"wp:term":[{"taxonomy":"category","embeddable":true,"href":"https:\/\/informelitoral.com.ar\/%77%70%2d%6a%73%6f%6e\/wp\/v2\/categories?post=4527"},{"taxonomy":"post_tag","embeddable":true,"href":"https:\/\/informelitoral.com.ar\/%77%70%2d%6a%73%6f%6e\/wp\/v2\/tags?post=4527"}],"curies":[{"name":"wp","href":"https:\/\/api.w.org\/{rel}","templated":true}]}}