{"id":45260,"date":"2020-07-04T21:53:09","date_gmt":"2020-07-05T00:53:09","guid":{"rendered":"https:\/\/www.isletasnoticias.com.ar\/?p=45260"},"modified":"2020-07-04T21:53:09","modified_gmt":"2020-07-05T00:53:09","slug":"investigaran-la-venta-de-una-barranca-del-parque-urquiza-de-parana-a-una-inmobiliaria","status":"publish","type":"post","link":"https:\/\/informelitoral.com.ar\/investigaran-la-venta-de-una-barranca-del-parque-urquiza-de-parana-a-una-inmobiliaria\/","title":{"rendered":"Investigar\u00e1n la venta de una barranca del Parque Urquiza de Paran\u00e1 a una inmobiliaria"},"content":{"rendered":"<div id=\"nota_izquierda\">\n<div class=\"texto_noticia\">\n<p>Concejales del bloque Creer Entre R\u00edos se reunieron este viernes con la viceintendenta Andrea Zoff para analizar el marco de situaci\u00f3n de los terrenos lindantes al parque infantil Patito Sirir\u00ed, que son privados aunque de uso p\u00fablico y que fueron puestos a la venta por una inmobiliaria de la ciudad. Son dos lotes: uno frente al Patito Sirir\u00ed; otro m\u00e1s abajo, a la vera de la Avenida Costanera.<\/p>\n<p>La inmobiliaria que puso a la venta los terrenos es Armandola. Cuando se conoci\u00f3 la noticia, hubo una fuerte reacci\u00f3n en contra del negocio.<\/p>\n<p>\u201cSe trata un tema de preocupaci\u00f3n para los paranaenses y como fuerza pol\u00edtica nos hemos hecho eco de esta situaci\u00f3n, entendiendo oportuna la elaboraci\u00f3n de una propuesta de ordenanza que atienda tres aspectos centrales: dilucidar la titularidad y dominio del terreno frente al Patito Sirir\u00ed y toda el \u00e1rea en su conjunto; la suspensi\u00f3n por un plazo m\u00ednimo de 180 d\u00edas de todo tr\u00e1mite administrativo relacionado con la explotaci\u00f3n del espacio en cuesti\u00f3n; y la conformaci\u00f3n de una comisi\u00f3n evaluadora de car\u00e1cter amplio de la cual participen todas las fuerzas pol\u00edticas con representaci\u00f3n en el Concejo Deliberante, junto con especialistas de \u00e1reas t\u00e9cnicas de la Municipalidad y organismos intervinientes en la tem\u00e1tica. Esto con el fin de estudiar las alternativas en cuanto al destino y uso de ese espacio tan significativo para la vida social y recreativa de los paranaenses, como tambi\u00e9n para la historia urban\u00edstica y ambiental de la ciudad\u201d, destacaron desde el bloque Creer Entre R\u00edos.<\/p>\n<div id=\"imagen_texto_completo_69443\"><a href=\"https:\/\/www.isletasnoticias.com.ar\/%77%70%2d%63%6f%6e%74%65%6e%74\/uploads\/2020\/07\/e8cd70e2eba29300fb60c3a0fbb7a06a.jpeg\"><img loading=\"lazy\" decoding=\"async\" class=\"aligncenter wp-image-45261 size-full\" src=\"https:\/\/www.isletasnoticias.com.ar\/%77%70%2d%63%6f%6e%74%65%6e%74\/uploads\/2020\/07\/e8cd70e2eba29300fb60c3a0fbb7a06a.jpeg\" alt=\"\" width=\"960\" height=\"640\" srcset=\"https:\/\/informelitoral.com.ar\/%77%70%2d%63%6f%6e%74%65%6e%74\/uploads\/2020\/07\/e8cd70e2eba29300fb60c3a0fbb7a06a.jpeg 960w, https:\/\/informelitoral.com.ar\/%77%70%2d%63%6f%6e%74%65%6e%74\/uploads\/2020\/07\/e8cd70e2eba29300fb60c3a0fbb7a06a-300x200.jpeg 300w, https:\/\/informelitoral.com.ar\/%77%70%2d%63%6f%6e%74%65%6e%74\/uploads\/2020\/07\/e8cd70e2eba29300fb60c3a0fbb7a06a-768x512.jpeg 768w, https:\/\/informelitoral.com.ar\/%77%70%2d%63%6f%6e%74%65%6e%74\/uploads\/2020\/07\/e8cd70e2eba29300fb60c3a0fbb7a06a-696x464.jpeg 696w, https:\/\/informelitoral.com.ar\/%77%70%2d%63%6f%6e%74%65%6e%74\/uploads\/2020\/07\/e8cd70e2eba29300fb60c3a0fbb7a06a-630x420.jpeg 630w\" sizes=\"auto, (max-width: 960px) 100vw, 960px\" \/><\/a><\/div>\n<p>En este plano, los ediles manifestaron que \u00abla presentaci\u00f3n del proyecto de ordenanza responde a \u00abactivar una r\u00e1pida respuesta a la demanda comunitaria generada sobre un tema que nos preocupa a todos como vecinos e integrantes del Poder Legislativo local\u00bb. <em>(Fuente: Informe Digital)<\/em><\/p>\n<\/div>\n<\/div>\n","protected":false},"excerpt":{"rendered":"<p>Concejales del oficialismo presentaron un proyecto para analizar la venta de terrenos en el parque infantil Patito Sirir\u00ed y a la vera de la Avenida Costanera. Quieren evaluar si todo est\u00e1 en regla.<\/p>\n","protected":false},"author":2,"featured_media":45262,"comment_status":"open","ping_status":"open","sticky":false,"template":"","format":"standard","meta":{"fifu_image_url":"","fifu_image_alt":"","footnotes":""},"categories":[6],"tags":[45],"class_list":{"0":"post-45260","1":"post","2":"type-post","3":"status-publish","4":"format-standard","5":"has-post-thumbnail","7":"category-entre-rios","8":"tag-parana"},"yoast_head":"<title>Investigar\u00e1n la venta de una barranca del Parque Urquiza de Paran\u00e1 a una inmobiliaria - Informe Litoral<\/title>\n<meta name=\"robots\" content=\"index, follow, max-snippet:-1, max-image-preview:large, max-video-preview:-1\" \/>\n<link rel=\"canonical\" href=\"https:\/\/informelitoral.com.ar\/investigaran-la-venta-de-una-barranca-del-parque-urquiza-de-parana-a-una-inmobiliaria\/\" \/>\n<meta property=\"og:locale\" content=\"es_ES\" \/>\n<meta property=\"og:type\" content=\"article\" \/>\n<meta property=\"og:title\" content=\"Investigar\u00e1n la venta de una barranca del Parque Urquiza de Paran\u00e1 a una inmobiliaria - Informe Litoral\" \/>\n<meta property=\"og:description\" content=\"Concejales del oficialismo presentaron un proyecto para analizar la venta de terrenos en el parque infantil Patito Sirir\u00ed y a la vera de la Avenida Costanera. Quieren evaluar si todo est\u00e1 en regla.\" \/>\n<meta property=\"og:url\" content=\"https:\/\/informelitoral.com.ar\/investigaran-la-venta-de-una-barranca-del-parque-urquiza-de-parana-a-una-inmobiliaria\/\" \/>\n<meta property=\"og:site_name\" content=\"Informe Litoral\" \/>\n<meta property=\"article:publisher\" content=\"https:\/\/www.facebook.com\/informelitoral\/\" \/>\n<meta property=\"article:published_time\" content=\"2020-07-05T00:53:09+00:00\" \/>\n<meta property=\"og:image\" content=\"https:\/\/informelitoral.com.ar\/%77%70%2d%63%6f%6e%74%65%6e%74\/uploads\/2020\/07\/62e3fa7a3bba7b35a0c14e50ecf02e6d.jpeg\" \/>\n\t<meta property=\"og:image:width\" content=\"960\" \/>\n\t<meta property=\"og:image:height\" content=\"640\" \/>\n\t<meta property=\"og:image:type\" content=\"image\/jpeg\" \/>\n<meta name=\"author\" content=\"Gonzalo Schmidt\" \/>\n<meta name=\"twitter:card\" content=\"summary_large_image\" \/>\n<meta name=\"twitter:creator\" content=\"@InformeLitoral\" \/>\n<meta name=\"twitter:site\" content=\"@InformeLitoral\" \/>\n<meta name=\"twitter:label1\" content=\"Escrito por\" \/>\n\t<meta name=\"twitter:data1\" content=\"Gonzalo Schmidt\" \/>\n\t<meta name=\"twitter:label2\" content=\"Tiempo de lectura\" \/>\n\t<meta name=\"twitter:data2\" content=\"2 minutos\" \/>\n<script type=\"application\/ld+json\" class=\"yoast-schema-graph\">{\"@context\":\"https:\\\/\\\/schema.org\",\"@graph\":[{\"@type\":\"Article\",\"@id\":\"https:\\\/\\\/informelitoral.com.ar\\\/investigaran-la-venta-de-una-barranca-del-parque-urquiza-de-parana-a-una-inmobiliaria\\\/#article\",\"isPartOf\":{\"@id\":\"https:\\\/\\\/informelitoral.com.ar\\\/investigaran-la-venta-de-una-barranca-del-parque-urquiza-de-parana-a-una-inmobiliaria\\\/\"},\"author\":{\"name\":\"Gonzalo Schmidt\",\"@id\":\"https:\\\/\\\/informelitoral.com.ar\\\/#\\\/schema\\\/person\\\/b9d00407c836482871ef1d57bf8e3180\"},\"headline\":\"Investigar\u00e1n la venta de una barranca del Parque Urquiza de Paran\u00e1 a una inmobiliaria\",\"datePublished\":\"2020-07-05T00:53:09+00:00\",\"mainEntityOfPage\":{\"@id\":\"https:\\\/\\\/informelitoral.com.ar\\\/investigaran-la-venta-de-una-barranca-del-parque-urquiza-de-parana-a-una-inmobiliaria\\\/\"},\"wordCount\":334,\"commentCount\":0,\"publisher\":{\"@id\":\"https:\\\/\\\/informelitoral.com.ar\\\/#organization\"},\"image\":{\"@id\":\"https:\\\/\\\/informelitoral.com.ar\\\/investigaran-la-venta-de-una-barranca-del-parque-urquiza-de-parana-a-una-inmobiliaria\\\/#primaryimage\"},\"thumbnailUrl\":\"https:\\\/\\\/informelitoral.com.ar\\\/%77%70%2d%63%6f%6e%74%65%6e%74\\\/uploads\\\/2020\\\/07\\\/62e3fa7a3bba7b35a0c14e50ecf02e6d.jpeg\",\"keywords\":[\"Paran\u00e1\"],\"articleSection\":[\"Entre R\u00edos\"],\"inLanguage\":\"es\",\"potentialAction\":[{\"@type\":\"CommentAction\",\"name\":\"Comment\",\"target\":[\"https:\\\/\\\/informelitoral.com.ar\\\/investigaran-la-venta-de-una-barranca-del-parque-urquiza-de-parana-a-una-inmobiliaria\\\/#respond\"]}]},{\"@type\":\"WebPage\",\"@id\":\"https:\\\/\\\/informelitoral.com.ar\\\/investigaran-la-venta-de-una-barranca-del-parque-urquiza-de-parana-a-una-inmobiliaria\\\/\",\"url\":\"https:\\\/\\\/informelitoral.com.ar\\\/investigaran-la-venta-de-una-barranca-del-parque-urquiza-de-parana-a-una-inmobiliaria\\\/\",\"name\":\"Investigar\u00e1n la venta de una barranca del Parque Urquiza de Paran\u00e1 a una inmobiliaria - Informe Litoral\",\"isPartOf\":{\"@id\":\"https:\\\/\\\/informelitoral.com.ar\\\/#website\"},\"primaryImageOfPage\":{\"@id\":\"https:\\\/\\\/informelitoral.com.ar\\\/investigaran-la-venta-de-una-barranca-del-parque-urquiza-de-parana-a-una-inmobiliaria\\\/#primaryimage\"},\"image\":{\"@id\":\"https:\\\/\\\/informelitoral.com.ar\\\/investigaran-la-venta-de-una-barranca-del-parque-urquiza-de-parana-a-una-inmobiliaria\\\/#primaryimage\"},\"thumbnailUrl\":\"https:\\\/\\\/informelitoral.com.ar\\\/%77%70%2d%63%6f%6e%74%65%6e%74\\\/uploads\\\/2020\\\/07\\\/62e3fa7a3bba7b35a0c14e50ecf02e6d.jpeg\",\"datePublished\":\"2020-07-05T00:53:09+00:00\",\"breadcrumb\":{\"@id\":\"https:\\\/\\\/informelitoral.com.ar\\\/investigaran-la-venta-de-una-barranca-del-parque-urquiza-de-parana-a-una-inmobiliaria\\\/#breadcrumb\"},\"inLanguage\":\"es\",\"potentialAction\":[{\"@type\":\"ReadAction\",\"target\":[\"https:\\\/\\\/informelitoral.com.ar\\\/investigaran-la-venta-de-una-barranca-del-parque-urquiza-de-parana-a-una-inmobiliaria\\\/\"]}]},{\"@type\":\"ImageObject\",\"inLanguage\":\"es\",\"@id\":\"https:\\\/\\\/informelitoral.com.ar\\\/investigaran-la-venta-de-una-barranca-del-parque-urquiza-de-parana-a-una-inmobiliaria\\\/#primaryimage\",\"url\":\"https:\\\/\\\/informelitoral.com.ar\\\/%77%70%2d%63%6f%6e%74%65%6e%74\\\/uploads\\\/2020\\\/07\\\/62e3fa7a3bba7b35a0c14e50ecf02e6d.jpeg\",\"contentUrl\":\"https:\\\/\\\/informelitoral.com.ar\\\/%77%70%2d%63%6f%6e%74%65%6e%74\\\/uploads\\\/2020\\\/07\\\/62e3fa7a3bba7b35a0c14e50ecf02e6d.jpeg\",\"width\":960,\"height\":640},{\"@type\":\"BreadcrumbList\",\"@id\":\"https:\\\/\\\/informelitoral.com.ar\\\/investigaran-la-venta-de-una-barranca-del-parque-urquiza-de-parana-a-una-inmobiliaria\\\/#breadcrumb\",\"itemListElement\":[{\"@type\":\"ListItem\",\"position\":1,\"name\":\"Portada\",\"item\":\"https:\\\/\\\/informelitoral.com.ar\\\/\"},{\"@type\":\"ListItem\",\"position\":2,\"name\":\"Investigar\u00e1n la venta de una barranca del Parque Urquiza de Paran\u00e1 a una inmobiliaria\"}]},{\"@type\":\"WebSite\",\"@id\":\"https:\\\/\\\/informelitoral.com.ar\\\/#website\",\"url\":\"https:\\\/\\\/informelitoral.com.ar\\\/\",\"name\":\"Informe Litoral\",\"description\":\"&quot;Nos informamos&quot; \",\"publisher\":{\"@id\":\"https:\\\/\\\/informelitoral.com.ar\\\/#organization\"},\"potentialAction\":[{\"@type\":\"SearchAction\",\"target\":{\"@type\":\"EntryPoint\",\"urlTemplate\":\"https:\\\/\\\/informelitoral.com.ar\\\/?s={search_term_string}\"},\"query-input\":{\"@type\":\"PropertyValueSpecification\",\"valueRequired\":true,\"valueName\":\"search_term_string\"}}],\"inLanguage\":\"es\"},{\"@type\":\"Organization\",\"@id\":\"https:\\\/\\\/informelitoral.com.ar\\\/#organization\",\"name\":\"Informe Litoral\",\"url\":\"https:\\\/\\\/informelitoral.com.ar\\\/\",\"logo\":{\"@type\":\"ImageObject\",\"inLanguage\":\"es\",\"@id\":\"https:\\\/\\\/informelitoral.com.ar\\\/#\\\/schema\\\/logo\\\/image\\\/\",\"url\":\"https:\\\/\\\/informelitoral.com.ar\\\/%77%70%2d%63%6f%6e%74%65%6e%74\\\/uploads\\\/2021\\\/01\\\/circulo.png\",\"contentUrl\":\"https:\\\/\\\/informelitoral.com.ar\\\/%77%70%2d%63%6f%6e%74%65%6e%74\\\/uploads\\\/2021\\\/01\\\/circulo.png\",\"width\":723,\"height\":731,\"caption\":\"Informe Litoral\"},\"image\":{\"@id\":\"https:\\\/\\\/informelitoral.com.ar\\\/#\\\/schema\\\/logo\\\/image\\\/\"},\"sameAs\":[\"https:\\\/\\\/www.facebook.com\\\/informelitoral\\\/\",\"https:\\\/\\\/x.com\\\/InformeLitoral\",\"https:\\\/\\\/www.instagram.com\\\/informelitoral\\\/\",\"https:\\\/\\\/www.youtube.com\\\/channel\\\/UCua4Qvz8Icb6MYqhoq9xLXw\"]},{\"@type\":\"Person\",\"@id\":\"https:\\\/\\\/informelitoral.com.ar\\\/#\\\/schema\\\/person\\\/b9d00407c836482871ef1d57bf8e3180\",\"name\":\"Gonzalo Schmidt\",\"image\":{\"@type\":\"ImageObject\",\"inLanguage\":\"es\",\"@id\":\"https:\\\/\\\/secure.gravatar.com\\\/avatar\\\/31a1a7b66ff2de83bd0e9fd79d026630d2d99e55e8bfe501287647b4fd9743de?s=96&d=mm&r=g\",\"url\":\"https:\\\/\\\/secure.gravatar.com\\\/avatar\\\/31a1a7b66ff2de83bd0e9fd79d026630d2d99e55e8bfe501287647b4fd9743de?s=96&d=mm&r=g\",\"contentUrl\":\"https:\\\/\\\/secure.gravatar.com\\\/avatar\\\/31a1a7b66ff2de83bd0e9fd79d026630d2d99e55e8bfe501287647b4fd9743de?s=96&d=mm&r=g\",\"caption\":\"Gonzalo Schmidt\"},\"description\":\"Sitio web de noticias de la provincia de Entre R\u00edos, Argentina. Informaci\u00f3n y entretenimiento. Informe Litoral, nos informamos.\",\"sameAs\":[\"http:\\\/\\\/www.isletasnoticias.com.ar\"],\"url\":\"https:\\\/\\\/informelitoral.com.ar\\\/author\\\/gonzalo\\\/\"}]}<\/script>","yoast_head_json":{"title":"Investigar\u00e1n la venta de una barranca del Parque Urquiza de Paran\u00e1 a una inmobiliaria - Informe Litoral","robots":{"index":"index","follow":"follow","max-snippet":"max-snippet:-1","max-image-preview":"max-image-preview:large","max-video-preview":"max-video-preview:-1"},"canonical":"https:\/\/informelitoral.com.ar\/investigaran-la-venta-de-una-barranca-del-parque-urquiza-de-parana-a-una-inmobiliaria\/","og_locale":"es_ES","og_type":"article","og_title":"Investigar\u00e1n la venta de una barranca del Parque Urquiza de Paran\u00e1 a una inmobiliaria - Informe Litoral","og_description":"Concejales del oficialismo presentaron un proyecto para analizar la venta de terrenos en el parque infantil Patito Sirir\u00ed y a la vera de la Avenida Costanera. Quieren evaluar si todo est\u00e1 en regla.","og_url":"https:\/\/informelitoral.com.ar\/investigaran-la-venta-de-una-barranca-del-parque-urquiza-de-parana-a-una-inmobiliaria\/","og_site_name":"Informe Litoral","article_publisher":"https:\/\/www.facebook.com\/informelitoral\/","article_published_time":"2020-07-05T00:53:09+00:00","og_image":[{"width":960,"height":640,"url":"https:\/\/informelitoral.com.ar\/%77%70%2d%63%6f%6e%74%65%6e%74\/uploads\/2020\/07\/62e3fa7a3bba7b35a0c14e50ecf02e6d.jpeg","type":"image\/jpeg"}],"author":"Gonzalo Schmidt","twitter_card":"summary_large_image","twitter_creator":"@InformeLitoral","twitter_site":"@InformeLitoral","twitter_misc":{"Escrito por":"Gonzalo Schmidt","Tiempo de lectura":"2 minutos"},"schema":{"@context":"https:\/\/schema.org","@graph":[{"@type":"Article","@id":"https:\/\/informelitoral.com.ar\/investigaran-la-venta-de-una-barranca-del-parque-urquiza-de-parana-a-una-inmobiliaria\/#article","isPartOf":{"@id":"https:\/\/informelitoral.com.ar\/investigaran-la-venta-de-una-barranca-del-parque-urquiza-de-parana-a-una-inmobiliaria\/"},"author":{"name":"Gonzalo Schmidt","@id":"https:\/\/informelitoral.com.ar\/#\/schema\/person\/b9d00407c836482871ef1d57bf8e3180"},"headline":"Investigar\u00e1n la venta de una barranca del Parque Urquiza de Paran\u00e1 a una inmobiliaria","datePublished":"2020-07-05T00:53:09+00:00","mainEntityOfPage":{"@id":"https:\/\/informelitoral.com.ar\/investigaran-la-venta-de-una-barranca-del-parque-urquiza-de-parana-a-una-inmobiliaria\/"},"wordCount":334,"commentCount":0,"publisher":{"@id":"https:\/\/informelitoral.com.ar\/#organization"},"image":{"@id":"https:\/\/informelitoral.com.ar\/investigaran-la-venta-de-una-barranca-del-parque-urquiza-de-parana-a-una-inmobiliaria\/#primaryimage"},"thumbnailUrl":"https:\/\/informelitoral.com.ar\/%77%70%2d%63%6f%6e%74%65%6e%74\/uploads\/2020\/07\/62e3fa7a3bba7b35a0c14e50ecf02e6d.jpeg","keywords":["Paran\u00e1"],"articleSection":["Entre R\u00edos"],"inLanguage":"es","potentialAction":[{"@type":"CommentAction","name":"Comment","target":["https:\/\/informelitoral.com.ar\/investigaran-la-venta-de-una-barranca-del-parque-urquiza-de-parana-a-una-inmobiliaria\/#respond"]}]},{"@type":"WebPage","@id":"https:\/\/informelitoral.com.ar\/investigaran-la-venta-de-una-barranca-del-parque-urquiza-de-parana-a-una-inmobiliaria\/","url":"https:\/\/informelitoral.com.ar\/investigaran-la-venta-de-una-barranca-del-parque-urquiza-de-parana-a-una-inmobiliaria\/","name":"Investigar\u00e1n la venta de una barranca del Parque Urquiza de Paran\u00e1 a una inmobiliaria - Informe Litoral","isPartOf":{"@id":"https:\/\/informelitoral.com.ar\/#website"},"primaryImageOfPage":{"@id":"https:\/\/informelitoral.com.ar\/investigaran-la-venta-de-una-barranca-del-parque-urquiza-de-parana-a-una-inmobiliaria\/#primaryimage"},"image":{"@id":"https:\/\/informelitoral.com.ar\/investigaran-la-venta-de-una-barranca-del-parque-urquiza-de-parana-a-una-inmobiliaria\/#primaryimage"},"thumbnailUrl":"https:\/\/informelitoral.com.ar\/%77%70%2d%63%6f%6e%74%65%6e%74\/uploads\/2020\/07\/62e3fa7a3bba7b35a0c14e50ecf02e6d.jpeg","datePublished":"2020-07-05T00:53:09+00:00","breadcrumb":{"@id":"https:\/\/informelitoral.com.ar\/investigaran-la-venta-de-una-barranca-del-parque-urquiza-de-parana-a-una-inmobiliaria\/#breadcrumb"},"inLanguage":"es","potentialAction":[{"@type":"ReadAction","target":["https:\/\/informelitoral.com.ar\/investigaran-la-venta-de-una-barranca-del-parque-urquiza-de-parana-a-una-inmobiliaria\/"]}]},{"@type":"ImageObject","inLanguage":"es","@id":"https:\/\/informelitoral.com.ar\/investigaran-la-venta-de-una-barranca-del-parque-urquiza-de-parana-a-una-inmobiliaria\/#primaryimage","url":"https:\/\/informelitoral.com.ar\/%77%70%2d%63%6f%6e%74%65%6e%74\/uploads\/2020\/07\/62e3fa7a3bba7b35a0c14e50ecf02e6d.jpeg","contentUrl":"https:\/\/informelitoral.com.ar\/%77%70%2d%63%6f%6e%74%65%6e%74\/uploads\/2020\/07\/62e3fa7a3bba7b35a0c14e50ecf02e6d.jpeg","width":960,"height":640},{"@type":"BreadcrumbList","@id":"https:\/\/informelitoral.com.ar\/investigaran-la-venta-de-una-barranca-del-parque-urquiza-de-parana-a-una-inmobiliaria\/#breadcrumb","itemListElement":[{"@type":"ListItem","position":1,"name":"Portada","item":"https:\/\/informelitoral.com.ar\/"},{"@type":"ListItem","position":2,"name":"Investigar\u00e1n la venta de una barranca del Parque Urquiza de Paran\u00e1 a una inmobiliaria"}]},{"@type":"WebSite","@id":"https:\/\/informelitoral.com.ar\/#website","url":"https:\/\/informelitoral.com.ar\/","name":"Informe Litoral","description":"&quot;Nos informamos&quot; ","publisher":{"@id":"https:\/\/informelitoral.com.ar\/#organization"},"potentialAction":[{"@type":"SearchAction","target":{"@type":"EntryPoint","urlTemplate":"https:\/\/informelitoral.com.ar\/?s={search_term_string}"},"query-input":{"@type":"PropertyValueSpecification","valueRequired":true,"valueName":"search_term_string"}}],"inLanguage":"es"},{"@type":"Organization","@id":"https:\/\/informelitoral.com.ar\/#organization","name":"Informe Litoral","url":"https:\/\/informelitoral.com.ar\/","logo":{"@type":"ImageObject","inLanguage":"es","@id":"https:\/\/informelitoral.com.ar\/#\/schema\/logo\/image\/","url":"https:\/\/informelitoral.com.ar\/%77%70%2d%63%6f%6e%74%65%6e%74\/uploads\/2021\/01\/circulo.png","contentUrl":"https:\/\/informelitoral.com.ar\/%77%70%2d%63%6f%6e%74%65%6e%74\/uploads\/2021\/01\/circulo.png","width":723,"height":731,"caption":"Informe Litoral"},"image":{"@id":"https:\/\/informelitoral.com.ar\/#\/schema\/logo\/image\/"},"sameAs":["https:\/\/www.facebook.com\/informelitoral\/","https:\/\/x.com\/InformeLitoral","https:\/\/www.instagram.com\/informelitoral\/","https:\/\/www.youtube.com\/channel\/UCua4Qvz8Icb6MYqhoq9xLXw"]},{"@type":"Person","@id":"https:\/\/informelitoral.com.ar\/#\/schema\/person\/b9d00407c836482871ef1d57bf8e3180","name":"Gonzalo Schmidt","image":{"@type":"ImageObject","inLanguage":"es","@id":"https:\/\/secure.gravatar.com\/avatar\/31a1a7b66ff2de83bd0e9fd79d026630d2d99e55e8bfe501287647b4fd9743de?s=96&d=mm&r=g","url":"https:\/\/secure.gravatar.com\/avatar\/31a1a7b66ff2de83bd0e9fd79d026630d2d99e55e8bfe501287647b4fd9743de?s=96&d=mm&r=g","contentUrl":"https:\/\/secure.gravatar.com\/avatar\/31a1a7b66ff2de83bd0e9fd79d026630d2d99e55e8bfe501287647b4fd9743de?s=96&d=mm&r=g","caption":"Gonzalo Schmidt"},"description":"Sitio web de noticias de la provincia de Entre R\u00edos, Argentina. Informaci\u00f3n y entretenimiento. Informe Litoral, nos informamos.","sameAs":["http:\/\/www.isletasnoticias.com.ar"],"url":"https:\/\/informelitoral.com.ar\/author\/gonzalo\/"}]}},"_links":{"self":[{"href":"https:\/\/informelitoral.com.ar\/%77%70%2d%6a%73%6f%6e\/wp\/v2\/posts\/45260","targetHints":{"allow":["GET"]}}],"collection":[{"href":"https:\/\/informelitoral.com.ar\/%77%70%2d%6a%73%6f%6e\/wp\/v2\/posts"}],"about":[{"href":"https:\/\/informelitoral.com.ar\/%77%70%2d%6a%73%6f%6e\/wp\/v2\/types\/post"}],"author":[{"embeddable":true,"href":"https:\/\/informelitoral.com.ar\/%77%70%2d%6a%73%6f%6e\/wp\/v2\/users\/2"}],"replies":[{"embeddable":true,"href":"https:\/\/informelitoral.com.ar\/%77%70%2d%6a%73%6f%6e\/wp\/v2\/comments?post=45260"}],"version-history":[{"count":0,"href":"https:\/\/informelitoral.com.ar\/%77%70%2d%6a%73%6f%6e\/wp\/v2\/posts\/45260\/revisions"}],"wp:featuredmedia":[{"embeddable":true,"href":"https:\/\/informelitoral.com.ar\/%77%70%2d%6a%73%6f%6e\/wp\/v2\/media\/45262"}],"wp:attachment":[{"href":"https:\/\/informelitoral.com.ar\/%77%70%2d%6a%73%6f%6e\/wp\/v2\/media?parent=45260"}],"wp:term":[{"taxonomy":"category","embeddable":true,"href":"https:\/\/informelitoral.com.ar\/%77%70%2d%6a%73%6f%6e\/wp\/v2\/categories?post=45260"},{"taxonomy":"post_tag","embeddable":true,"href":"https:\/\/informelitoral.com.ar\/%77%70%2d%6a%73%6f%6e\/wp\/v2\/tags?post=45260"}],"curies":[{"name":"wp","href":"https:\/\/api.w.org\/{rel}","templated":true}]}}