{"id":45232,"date":"2020-07-04T06:24:18","date_gmt":"2020-07-04T09:24:18","guid":{"rendered":"https:\/\/www.isletasnoticias.com.ar\/?p=45232"},"modified":"2020-07-04T10:29:12","modified_gmt":"2020-07-04T13:29:12","slug":"algunos-bares-y-restaurantes-de-parana-aseguran-que-abriran-pese-a-la-prohibicion","status":"publish","type":"post","link":"https:\/\/informelitoral.com.ar\/algunos-bares-y-restaurantes-de-parana-aseguran-que-abriran-pese-a-la-prohibicion\/","title":{"rendered":"Algunos bares y restaurantes de Paran\u00e1 aseguran que abrir\u00e1n pese a la prohibici\u00f3n"},"content":{"rendered":"<p>\u00abO trabajamos o no abrimos nunca m\u00e1s y no vamos a tener ni para comer nosotros\u00bb. Esa es la frase que lanz\u00f3 un empresario gastron\u00f3mico de Paran\u00e1 para informar que abrir\u00e1 pese a que la Municipalidad prohibi\u00f3 la actividad gastron\u00f3mica por el brote de coronavirus en la ciudad. Esta medida la tomar\u00e1n varios due\u00f1os de bares y restaurantes de la ciudad que aseguran que \u00abno aguantan m\u00e1s\u00bb la situaci\u00f3n y que con los deliverys no alcanzan a cubrir el 5% de los costos de los negocios.<\/p>\n<p>As\u00ed lo confirm\u00f3 a\u00a0<em>Entremediosweb<\/em>\u00a0<strong>Marcelo Barsuglia<\/strong>, vicepresidente de la Asociaci\u00f3n Hotelera Gastron\u00f3mica de Paran\u00e1 (AEHG) y secretario de la Federaci\u00f3n Hotelera Gastron\u00f3mica de la Rep\u00fablica Argentina (Fehgra). \u00abHay muchos due\u00f1os de restaurantes y bares que piensan abrir porque no pueden m\u00e1s, ya no tienen para pagar el alquiler, la luz, el gas y a los empleados. Sabemos que lo van a hacer\u00bb, remarc\u00f3 el dirigente al tiempo que sostuvo que tambi\u00e9n son los empleados que quieren volver a trabajar cuanto antes.<\/p>\n<p>Asimismo, sostuvo que desde la entidad no han tomado ninguna decisi\u00f3n pero aclar\u00f3 que \u00abla gente es aut\u00f3noma y saben a los que se exponen, se preparar\u00e1n recursos de amparo si es necesario\u00bb , se\u00f1al\u00f3. \u00abNosotros somos representantes y los vamos a apoyar en todo sentido\u00bb, remarc\u00f3 Barsuglia sobre la posibilidad de que deban enfrentar sanciones o denuncias penales.<\/p>\n<figure class=\"wp-block-image size-large\"><img decoding=\"async\" class=\"wp-image-51743\" src=\"https:\/\/www.entremediosweb.com\/v2\/%77%70%2d%63%6f%6e%74%65%6e%74\/uploads\/2020\/07\/gastron%C3%B3micos-1024x635.jpeg\" sizes=\"(max-width: 1024px) 100vw, 1024px\" srcset=\"https:\/\/www.entremediosweb.com\/v2\/%77%70%2d%63%6f%6e%74%65%6e%74\/uploads\/2020\/07\/gastron\u00f3micos-1024x635.jpeg 1024w, https:\/\/www.entremediosweb.com\/v2\/%77%70%2d%63%6f%6e%74%65%6e%74\/uploads\/2020\/07\/gastron\u00f3micos-300x186.jpeg 300w, https:\/\/www.entremediosweb.com\/v2\/%77%70%2d%63%6f%6e%74%65%6e%74\/uploads\/2020\/07\/gastron\u00f3micos-768x477.jpeg 768w, https:\/\/www.entremediosweb.com\/v2\/%77%70%2d%63%6f%6e%74%65%6e%74\/uploads\/2020\/07\/gastron\u00f3micos.jpeg 1265w\" alt=\"\" data-attachment-id=\"51743\" data-permalink=\"https:\/\/www.entremediosweb.com\/v2\/la-protesta-de-hoteleros-y-gastronomicos-se-hace-sentir-en-parana\/gastronomicos-2\/\" data-orig-file=\"https:\/\/www.entremediosweb.com\/v2\/%77%70%2d%63%6f%6e%74%65%6e%74\/uploads\/2020\/07\/gastron\u00f3micos.jpeg\" data-orig-size=\"1265,785\" data-comments-opened=\"0\" data-image-meta=\"{&quot;aperture&quot;:&quot;0&quot;,&quot;credit&quot;:&quot;&quot;,&quot;camera&quot;:&quot;&quot;,&quot;caption&quot;:&quot;&quot;,&quot;created_timestamp&quot;:&quot;1593686153&quot;,&quot;copyright&quot;:&quot;&quot;,&quot;focal_length&quot;:&quot;0&quot;,&quot;iso&quot;:&quot;0&quot;,&quot;shutter_speed&quot;:&quot;0&quot;,&quot;title&quot;:&quot;&quot;,&quot;orientation&quot;:&quot;1&quot;}\" data-image-title=\"gastron\u00f3micos\" data-image-description=\"\" data-medium-file=\"https:\/\/www.entremediosweb.com\/v2\/%77%70%2d%63%6f%6e%74%65%6e%74\/uploads\/2020\/07\/gastron\u00f3micos-300x186.jpeg\" data-large-file=\"https:\/\/www.entremediosweb.com\/v2\/%77%70%2d%63%6f%6e%74%65%6e%74\/uploads\/2020\/07\/gastron\u00f3micos-1024x635.jpeg\" \/><figcaption><em>Reclamo de gastron\u00f3micos en Paran\u00e1.<\/em><\/figcaption><\/figure>\n<p>Por otra parte, se\u00f1al\u00f3 que desde la Asociaci\u00f3n Hotelera Gastron\u00f3mica de Paran\u00e1 le elevaron un petitorio a la ministra de Salud, Sonia Velazquez, para que los autoricen a abrir nuevamente los bares y restaurantes. \u00abPedimos volver a como estabamos trabajando con un 50% de la ocupaci\u00f3n del los locales o incluso menos con un 30% pero al menos abrir\u00bb. Si esto sigue as\u00ed cuando se nos habilite la mitad o m\u00e1s ya no van a volver a trabajar\u00bb, pronostic\u00f3.<\/p>\n<p>\u00abVemos a Mendoza, Rosario y Santa Fe que pueden trabajar pero en Paran\u00e1 no\u00bb. \u00abVamos a tener que aprender a convivir con el virus hasta que aparezca una vacuna. Como en otros lugares del mundo que hay rebrote y est\u00e1n aprendiendo a convivir pero si seguimos as\u00ed nos van a terminar matando de hambre\u00bb, concluy\u00f3 el dirigente.<\/p>\n<p><strong><span style=\"color: #111111; font-family: Roboto, sans-serif; font-size: 19px; text-align: center;\">La nota completa a la ministra de Salud<\/span><\/strong><\/p>\n<p><em>La Asociaci\u00f3n Empresaria Hotelera Gastron\u00f3mica de Paran\u00e1, Entidad que cuenta con 93 a\u00f1os de trayectoria representando formalmente al Sector, tiene el agrado de dirigirse a Ud. y por su intermedio a los Profesionales Integrantes del COES, en relaci\u00f3n a la terrible crisis generada por la pandemia COVID 19, que afecta a nuestra actividad la actividad en la regi\u00f3n.<\/em><\/p>\n<p><em>Por tal motivo, y sin desvalorizar los argumentos sanitarios, los empresarios hoteleros gastron\u00f3micos, solicitamos urgente audiencia con Ud. y su equipo, para considerar la pronta reapertura de los establecimientos gastron\u00f3micos, poni\u00e9ndonos a disposici\u00f3n para la revisi\u00f3n y ajuste de los protocolos que fueran necesarios. Vale se\u00f1alar que, nuestra Entidad madre, la Federaci\u00f3n Empresaria Gastron\u00f3mica de la Republica Argentina (FEHGRA) junto a la Fundaci\u00f3n del Centro de Estudios Infectol\u00f3gicos (FUNCEI), Entidad que asesora al Presiente de la Naci\u00f3n, Dr. Alberto Fern\u00e1ndez ha generado un protocolo espec\u00edfico para la actividad, el cual ha sido tenido en cuenta por diversos destinos de nuestro pa\u00eds,<br \/>\nel cual ponemos a disposici\u00f3n.<\/em><\/p>\n<p><em>Como hemos sostenido desde la declaraci\u00f3n de la cuarentena, la prioridad es la salud de nuestros ciudadanos, y as\u00ed seguir\u00e1 siendo, pero es menester encontrar el justo equilibrio que permita tambi\u00e9n la supervivencia de las empresas y sus trabajadores. Solo en nuestra ciudad generamos m\u00e1s de 1000 puestos de trabajo cuyo futuro es incierto en este escenario.<\/em><\/p>\n<p><em>La situaci\u00f3n econ\u00f3mica y financiera de nuestras empresas es de gravedad. Con m\u00e1s de 100 d\u00edas sin actividad, consideramos la medida de cierre debe reconsiderarse, mas aun teniendo en cuenta que hasta la fecha no se ha registrado contagios en relaci\u00f3n a nuestro sector.<\/em><\/p>\n<p><em>Somos consientes que a partir del \u00faltimo 20 de marzo, nuestras vidas cambiaron radicalmente y por ende nuestros h\u00e1bitos deber\u00e1n adaptarse a una nueva modalidad, pero debemos buscar la forma de trabajar y convivir con el virus hasta la aparici\u00f3n de una vacuna.<br \/>\n<\/em><\/p>\n<p><em>Sin m\u00e1s, a la espera una pronta respuesta, nos despedimos cordialmente.<\/em><\/p>\n<p><em>Santiago Mele Osvaldo Cabrera<br \/>\nSecretario AEHGP Presidente AEHGP<\/em><\/p>\n<p><em>Fuente: Entremediosweb<\/em><\/p>\n","protected":false},"excerpt":{"rendered":"<p>As\u00ed lo confirmaron desde el sector que los nuclea. Advierten que m\u00e1s de la mitad de los negocios quebrar\u00e1n si no se revierte la situaci\u00f3n.<\/p>\n","protected":false},"author":2,"featured_media":43544,"comment_status":"open","ping_status":"open","sticky":false,"template":"","format":"standard","meta":{"fifu_image_url":"","fifu_image_alt":"","footnotes":""},"categories":[6],"tags":[1426,1481,1288,1494,45],"class_list":{"0":"post-45232","1":"post","2":"type-post","3":"status-publish","4":"format-standard","5":"has-post-thumbnail","7":"category-entre-rios","8":"tag-coronavirus","9":"tag-covid-19","10":"tag-crisis-economica","11":"tag-pandemia","12":"tag-parana"},"yoast_head":"<title>Algunos bares y restaurantes de Paran\u00e1 aseguran que abrir\u00e1n pese a la prohibici\u00f3n - Informe Litoral<\/title>\n<meta name=\"robots\" content=\"index, follow, max-snippet:-1, max-image-preview:large, max-video-preview:-1\" \/>\n<link rel=\"canonical\" href=\"https:\/\/informelitoral.com.ar\/algunos-bares-y-restaurantes-de-parana-aseguran-que-abriran-pese-a-la-prohibicion\/\" \/>\n<meta property=\"og:locale\" content=\"es_ES\" \/>\n<meta property=\"og:type\" content=\"article\" \/>\n<meta property=\"og:title\" content=\"Algunos bares y restaurantes de Paran\u00e1 aseguran que abrir\u00e1n pese a la prohibici\u00f3n - Informe Litoral\" \/>\n<meta property=\"og:description\" content=\"As\u00ed lo confirmaron desde el sector que los nuclea. Advierten que m\u00e1s de la mitad de los negocios quebrar\u00e1n si no se revierte la situaci\u00f3n.\" \/>\n<meta property=\"og:url\" content=\"https:\/\/informelitoral.com.ar\/algunos-bares-y-restaurantes-de-parana-aseguran-que-abriran-pese-a-la-prohibicion\/\" \/>\n<meta property=\"og:site_name\" content=\"Informe Litoral\" \/>\n<meta property=\"article:publisher\" content=\"https:\/\/www.facebook.com\/informelitoral\/\" \/>\n<meta property=\"article:published_time\" content=\"2020-07-04T09:24:18+00:00\" \/>\n<meta property=\"article:modified_time\" content=\"2020-07-04T13:29:12+00:00\" \/>\n<meta property=\"og:image\" content=\"https:\/\/informelitoral.com.ar\/%77%70%2d%63%6f%6e%74%65%6e%74\/uploads\/2020\/05\/bares-restaurantes.jpg\" \/>\n\t<meta property=\"og:image:width\" content=\"880\" \/>\n\t<meta property=\"og:image:height\" content=\"493\" \/>\n\t<meta property=\"og:image:type\" content=\"image\/jpeg\" \/>\n<meta name=\"author\" content=\"Gonzalo Schmidt\" \/>\n<meta name=\"twitter:card\" content=\"summary_large_image\" \/>\n<meta name=\"twitter:creator\" content=\"@InformeLitoral\" \/>\n<meta name=\"twitter:site\" content=\"@InformeLitoral\" \/>\n<meta name=\"twitter:label1\" content=\"Escrito por\" \/>\n\t<meta name=\"twitter:data1\" content=\"Gonzalo Schmidt\" \/>\n\t<meta name=\"twitter:label2\" content=\"Tiempo de lectura\" \/>\n\t<meta name=\"twitter:data2\" content=\"4 minutos\" \/>\n<script type=\"application\/ld+json\" class=\"yoast-schema-graph\">{\"@context\":\"https:\\\/\\\/schema.org\",\"@graph\":[{\"@type\":\"Article\",\"@id\":\"https:\\\/\\\/informelitoral.com.ar\\\/algunos-bares-y-restaurantes-de-parana-aseguran-que-abriran-pese-a-la-prohibicion\\\/#article\",\"isPartOf\":{\"@id\":\"https:\\\/\\\/informelitoral.com.ar\\\/algunos-bares-y-restaurantes-de-parana-aseguran-que-abriran-pese-a-la-prohibicion\\\/\"},\"author\":{\"name\":\"Gonzalo Schmidt\",\"@id\":\"https:\\\/\\\/informelitoral.com.ar\\\/#\\\/schema\\\/person\\\/b9d00407c836482871ef1d57bf8e3180\"},\"headline\":\"Algunos bares y restaurantes de Paran\u00e1 aseguran que abrir\u00e1n pese a la prohibici\u00f3n\",\"datePublished\":\"2020-07-04T09:24:18+00:00\",\"dateModified\":\"2020-07-04T13:29:12+00:00\",\"mainEntityOfPage\":{\"@id\":\"https:\\\/\\\/informelitoral.com.ar\\\/algunos-bares-y-restaurantes-de-parana-aseguran-que-abriran-pese-a-la-prohibicion\\\/\"},\"wordCount\":769,\"commentCount\":0,\"publisher\":{\"@id\":\"https:\\\/\\\/informelitoral.com.ar\\\/#organization\"},\"image\":{\"@id\":\"https:\\\/\\\/informelitoral.com.ar\\\/algunos-bares-y-restaurantes-de-parana-aseguran-que-abriran-pese-a-la-prohibicion\\\/#primaryimage\"},\"thumbnailUrl\":\"https:\\\/\\\/informelitoral.com.ar\\\/%77%70%2d%63%6f%6e%74%65%6e%74\\\/uploads\\\/2020\\\/05\\\/bares-restaurantes.jpg\",\"keywords\":[\"Coronavirus\",\"COVID-19\",\"Crisis econ\u00f3mica\",\"Pandemia\",\"Paran\u00e1\"],\"articleSection\":[\"Entre R\u00edos\"],\"inLanguage\":\"es\",\"potentialAction\":[{\"@type\":\"CommentAction\",\"name\":\"Comment\",\"target\":[\"https:\\\/\\\/informelitoral.com.ar\\\/algunos-bares-y-restaurantes-de-parana-aseguran-que-abriran-pese-a-la-prohibicion\\\/#respond\"]}]},{\"@type\":\"WebPage\",\"@id\":\"https:\\\/\\\/informelitoral.com.ar\\\/algunos-bares-y-restaurantes-de-parana-aseguran-que-abriran-pese-a-la-prohibicion\\\/\",\"url\":\"https:\\\/\\\/informelitoral.com.ar\\\/algunos-bares-y-restaurantes-de-parana-aseguran-que-abriran-pese-a-la-prohibicion\\\/\",\"name\":\"Algunos bares y restaurantes de Paran\u00e1 aseguran que abrir\u00e1n pese a la prohibici\u00f3n - Informe Litoral\",\"isPartOf\":{\"@id\":\"https:\\\/\\\/informelitoral.com.ar\\\/#website\"},\"primaryImageOfPage\":{\"@id\":\"https:\\\/\\\/informelitoral.com.ar\\\/algunos-bares-y-restaurantes-de-parana-aseguran-que-abriran-pese-a-la-prohibicion\\\/#primaryimage\"},\"image\":{\"@id\":\"https:\\\/\\\/informelitoral.com.ar\\\/algunos-bares-y-restaurantes-de-parana-aseguran-que-abriran-pese-a-la-prohibicion\\\/#primaryimage\"},\"thumbnailUrl\":\"https:\\\/\\\/informelitoral.com.ar\\\/%77%70%2d%63%6f%6e%74%65%6e%74\\\/uploads\\\/2020\\\/05\\\/bares-restaurantes.jpg\",\"datePublished\":\"2020-07-04T09:24:18+00:00\",\"dateModified\":\"2020-07-04T13:29:12+00:00\",\"breadcrumb\":{\"@id\":\"https:\\\/\\\/informelitoral.com.ar\\\/algunos-bares-y-restaurantes-de-parana-aseguran-que-abriran-pese-a-la-prohibicion\\\/#breadcrumb\"},\"inLanguage\":\"es\",\"potentialAction\":[{\"@type\":\"ReadAction\",\"target\":[\"https:\\\/\\\/informelitoral.com.ar\\\/algunos-bares-y-restaurantes-de-parana-aseguran-que-abriran-pese-a-la-prohibicion\\\/\"]}]},{\"@type\":\"ImageObject\",\"inLanguage\":\"es\",\"@id\":\"https:\\\/\\\/informelitoral.com.ar\\\/algunos-bares-y-restaurantes-de-parana-aseguran-que-abriran-pese-a-la-prohibicion\\\/#primaryimage\",\"url\":\"https:\\\/\\\/informelitoral.com.ar\\\/%77%70%2d%63%6f%6e%74%65%6e%74\\\/uploads\\\/2020\\\/05\\\/bares-restaurantes.jpg\",\"contentUrl\":\"https:\\\/\\\/informelitoral.com.ar\\\/%77%70%2d%63%6f%6e%74%65%6e%74\\\/uploads\\\/2020\\\/05\\\/bares-restaurantes.jpg\",\"width\":880,\"height\":493},{\"@type\":\"BreadcrumbList\",\"@id\":\"https:\\\/\\\/informelitoral.com.ar\\\/algunos-bares-y-restaurantes-de-parana-aseguran-que-abriran-pese-a-la-prohibicion\\\/#breadcrumb\",\"itemListElement\":[{\"@type\":\"ListItem\",\"position\":1,\"name\":\"Portada\",\"item\":\"https:\\\/\\\/informelitoral.com.ar\\\/\"},{\"@type\":\"ListItem\",\"position\":2,\"name\":\"Algunos bares y restaurantes de Paran\u00e1 aseguran que abrir\u00e1n pese a la prohibici\u00f3n\"}]},{\"@type\":\"WebSite\",\"@id\":\"https:\\\/\\\/informelitoral.com.ar\\\/#website\",\"url\":\"https:\\\/\\\/informelitoral.com.ar\\\/\",\"name\":\"Informe Litoral\",\"description\":\"&quot;Nos informamos&quot; \",\"publisher\":{\"@id\":\"https:\\\/\\\/informelitoral.com.ar\\\/#organization\"},\"potentialAction\":[{\"@type\":\"SearchAction\",\"target\":{\"@type\":\"EntryPoint\",\"urlTemplate\":\"https:\\\/\\\/informelitoral.com.ar\\\/?s={search_term_string}\"},\"query-input\":{\"@type\":\"PropertyValueSpecification\",\"valueRequired\":true,\"valueName\":\"search_term_string\"}}],\"inLanguage\":\"es\"},{\"@type\":\"Organization\",\"@id\":\"https:\\\/\\\/informelitoral.com.ar\\\/#organization\",\"name\":\"Informe Litoral\",\"url\":\"https:\\\/\\\/informelitoral.com.ar\\\/\",\"logo\":{\"@type\":\"ImageObject\",\"inLanguage\":\"es\",\"@id\":\"https:\\\/\\\/informelitoral.com.ar\\\/#\\\/schema\\\/logo\\\/image\\\/\",\"url\":\"https:\\\/\\\/informelitoral.com.ar\\\/%77%70%2d%63%6f%6e%74%65%6e%74\\\/uploads\\\/2021\\\/01\\\/circulo.png\",\"contentUrl\":\"https:\\\/\\\/informelitoral.com.ar\\\/%77%70%2d%63%6f%6e%74%65%6e%74\\\/uploads\\\/2021\\\/01\\\/circulo.png\",\"width\":723,\"height\":731,\"caption\":\"Informe Litoral\"},\"image\":{\"@id\":\"https:\\\/\\\/informelitoral.com.ar\\\/#\\\/schema\\\/logo\\\/image\\\/\"},\"sameAs\":[\"https:\\\/\\\/www.facebook.com\\\/informelitoral\\\/\",\"https:\\\/\\\/x.com\\\/InformeLitoral\",\"https:\\\/\\\/www.instagram.com\\\/informelitoral\\\/\",\"https:\\\/\\\/www.youtube.com\\\/channel\\\/UCua4Qvz8Icb6MYqhoq9xLXw\"]},{\"@type\":\"Person\",\"@id\":\"https:\\\/\\\/informelitoral.com.ar\\\/#\\\/schema\\\/person\\\/b9d00407c836482871ef1d57bf8e3180\",\"name\":\"Gonzalo Schmidt\",\"image\":{\"@type\":\"ImageObject\",\"inLanguage\":\"es\",\"@id\":\"https:\\\/\\\/secure.gravatar.com\\\/avatar\\\/31a1a7b66ff2de83bd0e9fd79d026630d2d99e55e8bfe501287647b4fd9743de?s=96&d=mm&r=g\",\"url\":\"https:\\\/\\\/secure.gravatar.com\\\/avatar\\\/31a1a7b66ff2de83bd0e9fd79d026630d2d99e55e8bfe501287647b4fd9743de?s=96&d=mm&r=g\",\"contentUrl\":\"https:\\\/\\\/secure.gravatar.com\\\/avatar\\\/31a1a7b66ff2de83bd0e9fd79d026630d2d99e55e8bfe501287647b4fd9743de?s=96&d=mm&r=g\",\"caption\":\"Gonzalo Schmidt\"},\"description\":\"Sitio web de noticias de la provincia de Entre R\u00edos, Argentina. Informaci\u00f3n y entretenimiento. Informe Litoral, nos informamos.\",\"sameAs\":[\"http:\\\/\\\/www.isletasnoticias.com.ar\"],\"url\":\"https:\\\/\\\/informelitoral.com.ar\\\/author\\\/gonzalo\\\/\"}]}<\/script>","yoast_head_json":{"title":"Algunos bares y restaurantes de Paran\u00e1 aseguran que abrir\u00e1n pese a la prohibici\u00f3n - Informe Litoral","robots":{"index":"index","follow":"follow","max-snippet":"max-snippet:-1","max-image-preview":"max-image-preview:large","max-video-preview":"max-video-preview:-1"},"canonical":"https:\/\/informelitoral.com.ar\/algunos-bares-y-restaurantes-de-parana-aseguran-que-abriran-pese-a-la-prohibicion\/","og_locale":"es_ES","og_type":"article","og_title":"Algunos bares y restaurantes de Paran\u00e1 aseguran que abrir\u00e1n pese a la prohibici\u00f3n - Informe Litoral","og_description":"As\u00ed lo confirmaron desde el sector que los nuclea. Advierten que m\u00e1s de la mitad de los negocios quebrar\u00e1n si no se revierte la situaci\u00f3n.","og_url":"https:\/\/informelitoral.com.ar\/algunos-bares-y-restaurantes-de-parana-aseguran-que-abriran-pese-a-la-prohibicion\/","og_site_name":"Informe Litoral","article_publisher":"https:\/\/www.facebook.com\/informelitoral\/","article_published_time":"2020-07-04T09:24:18+00:00","article_modified_time":"2020-07-04T13:29:12+00:00","og_image":[{"width":880,"height":493,"url":"https:\/\/informelitoral.com.ar\/%77%70%2d%63%6f%6e%74%65%6e%74\/uploads\/2020\/05\/bares-restaurantes.jpg","type":"image\/jpeg"}],"author":"Gonzalo Schmidt","twitter_card":"summary_large_image","twitter_creator":"@InformeLitoral","twitter_site":"@InformeLitoral","twitter_misc":{"Escrito por":"Gonzalo Schmidt","Tiempo de lectura":"4 minutos"},"schema":{"@context":"https:\/\/schema.org","@graph":[{"@type":"Article","@id":"https:\/\/informelitoral.com.ar\/algunos-bares-y-restaurantes-de-parana-aseguran-que-abriran-pese-a-la-prohibicion\/#article","isPartOf":{"@id":"https:\/\/informelitoral.com.ar\/algunos-bares-y-restaurantes-de-parana-aseguran-que-abriran-pese-a-la-prohibicion\/"},"author":{"name":"Gonzalo Schmidt","@id":"https:\/\/informelitoral.com.ar\/#\/schema\/person\/b9d00407c836482871ef1d57bf8e3180"},"headline":"Algunos bares y restaurantes de Paran\u00e1 aseguran que abrir\u00e1n pese a la prohibici\u00f3n","datePublished":"2020-07-04T09:24:18+00:00","dateModified":"2020-07-04T13:29:12+00:00","mainEntityOfPage":{"@id":"https:\/\/informelitoral.com.ar\/algunos-bares-y-restaurantes-de-parana-aseguran-que-abriran-pese-a-la-prohibicion\/"},"wordCount":769,"commentCount":0,"publisher":{"@id":"https:\/\/informelitoral.com.ar\/#organization"},"image":{"@id":"https:\/\/informelitoral.com.ar\/algunos-bares-y-restaurantes-de-parana-aseguran-que-abriran-pese-a-la-prohibicion\/#primaryimage"},"thumbnailUrl":"https:\/\/informelitoral.com.ar\/%77%70%2d%63%6f%6e%74%65%6e%74\/uploads\/2020\/05\/bares-restaurantes.jpg","keywords":["Coronavirus","COVID-19","Crisis econ\u00f3mica","Pandemia","Paran\u00e1"],"articleSection":["Entre R\u00edos"],"inLanguage":"es","potentialAction":[{"@type":"CommentAction","name":"Comment","target":["https:\/\/informelitoral.com.ar\/algunos-bares-y-restaurantes-de-parana-aseguran-que-abriran-pese-a-la-prohibicion\/#respond"]}]},{"@type":"WebPage","@id":"https:\/\/informelitoral.com.ar\/algunos-bares-y-restaurantes-de-parana-aseguran-que-abriran-pese-a-la-prohibicion\/","url":"https:\/\/informelitoral.com.ar\/algunos-bares-y-restaurantes-de-parana-aseguran-que-abriran-pese-a-la-prohibicion\/","name":"Algunos bares y restaurantes de Paran\u00e1 aseguran que abrir\u00e1n pese a la prohibici\u00f3n - Informe Litoral","isPartOf":{"@id":"https:\/\/informelitoral.com.ar\/#website"},"primaryImageOfPage":{"@id":"https:\/\/informelitoral.com.ar\/algunos-bares-y-restaurantes-de-parana-aseguran-que-abriran-pese-a-la-prohibicion\/#primaryimage"},"image":{"@id":"https:\/\/informelitoral.com.ar\/algunos-bares-y-restaurantes-de-parana-aseguran-que-abriran-pese-a-la-prohibicion\/#primaryimage"},"thumbnailUrl":"https:\/\/informelitoral.com.ar\/%77%70%2d%63%6f%6e%74%65%6e%74\/uploads\/2020\/05\/bares-restaurantes.jpg","datePublished":"2020-07-04T09:24:18+00:00","dateModified":"2020-07-04T13:29:12+00:00","breadcrumb":{"@id":"https:\/\/informelitoral.com.ar\/algunos-bares-y-restaurantes-de-parana-aseguran-que-abriran-pese-a-la-prohibicion\/#breadcrumb"},"inLanguage":"es","potentialAction":[{"@type":"ReadAction","target":["https:\/\/informelitoral.com.ar\/algunos-bares-y-restaurantes-de-parana-aseguran-que-abriran-pese-a-la-prohibicion\/"]}]},{"@type":"ImageObject","inLanguage":"es","@id":"https:\/\/informelitoral.com.ar\/algunos-bares-y-restaurantes-de-parana-aseguran-que-abriran-pese-a-la-prohibicion\/#primaryimage","url":"https:\/\/informelitoral.com.ar\/%77%70%2d%63%6f%6e%74%65%6e%74\/uploads\/2020\/05\/bares-restaurantes.jpg","contentUrl":"https:\/\/informelitoral.com.ar\/%77%70%2d%63%6f%6e%74%65%6e%74\/uploads\/2020\/05\/bares-restaurantes.jpg","width":880,"height":493},{"@type":"BreadcrumbList","@id":"https:\/\/informelitoral.com.ar\/algunos-bares-y-restaurantes-de-parana-aseguran-que-abriran-pese-a-la-prohibicion\/#breadcrumb","itemListElement":[{"@type":"ListItem","position":1,"name":"Portada","item":"https:\/\/informelitoral.com.ar\/"},{"@type":"ListItem","position":2,"name":"Algunos bares y restaurantes de Paran\u00e1 aseguran que abrir\u00e1n pese a la prohibici\u00f3n"}]},{"@type":"WebSite","@id":"https:\/\/informelitoral.com.ar\/#website","url":"https:\/\/informelitoral.com.ar\/","name":"Informe Litoral","description":"&quot;Nos informamos&quot; ","publisher":{"@id":"https:\/\/informelitoral.com.ar\/#organization"},"potentialAction":[{"@type":"SearchAction","target":{"@type":"EntryPoint","urlTemplate":"https:\/\/informelitoral.com.ar\/?s={search_term_string}"},"query-input":{"@type":"PropertyValueSpecification","valueRequired":true,"valueName":"search_term_string"}}],"inLanguage":"es"},{"@type":"Organization","@id":"https:\/\/informelitoral.com.ar\/#organization","name":"Informe Litoral","url":"https:\/\/informelitoral.com.ar\/","logo":{"@type":"ImageObject","inLanguage":"es","@id":"https:\/\/informelitoral.com.ar\/#\/schema\/logo\/image\/","url":"https:\/\/informelitoral.com.ar\/%77%70%2d%63%6f%6e%74%65%6e%74\/uploads\/2021\/01\/circulo.png","contentUrl":"https:\/\/informelitoral.com.ar\/%77%70%2d%63%6f%6e%74%65%6e%74\/uploads\/2021\/01\/circulo.png","width":723,"height":731,"caption":"Informe Litoral"},"image":{"@id":"https:\/\/informelitoral.com.ar\/#\/schema\/logo\/image\/"},"sameAs":["https:\/\/www.facebook.com\/informelitoral\/","https:\/\/x.com\/InformeLitoral","https:\/\/www.instagram.com\/informelitoral\/","https:\/\/www.youtube.com\/channel\/UCua4Qvz8Icb6MYqhoq9xLXw"]},{"@type":"Person","@id":"https:\/\/informelitoral.com.ar\/#\/schema\/person\/b9d00407c836482871ef1d57bf8e3180","name":"Gonzalo Schmidt","image":{"@type":"ImageObject","inLanguage":"es","@id":"https:\/\/secure.gravatar.com\/avatar\/31a1a7b66ff2de83bd0e9fd79d026630d2d99e55e8bfe501287647b4fd9743de?s=96&d=mm&r=g","url":"https:\/\/secure.gravatar.com\/avatar\/31a1a7b66ff2de83bd0e9fd79d026630d2d99e55e8bfe501287647b4fd9743de?s=96&d=mm&r=g","contentUrl":"https:\/\/secure.gravatar.com\/avatar\/31a1a7b66ff2de83bd0e9fd79d026630d2d99e55e8bfe501287647b4fd9743de?s=96&d=mm&r=g","caption":"Gonzalo Schmidt"},"description":"Sitio web de noticias de la provincia de Entre R\u00edos, Argentina. Informaci\u00f3n y entretenimiento. Informe Litoral, nos informamos.","sameAs":["http:\/\/www.isletasnoticias.com.ar"],"url":"https:\/\/informelitoral.com.ar\/author\/gonzalo\/"}]}},"_links":{"self":[{"href":"https:\/\/informelitoral.com.ar\/%77%70%2d%6a%73%6f%6e\/wp\/v2\/posts\/45232","targetHints":{"allow":["GET"]}}],"collection":[{"href":"https:\/\/informelitoral.com.ar\/%77%70%2d%6a%73%6f%6e\/wp\/v2\/posts"}],"about":[{"href":"https:\/\/informelitoral.com.ar\/%77%70%2d%6a%73%6f%6e\/wp\/v2\/types\/post"}],"author":[{"embeddable":true,"href":"https:\/\/informelitoral.com.ar\/%77%70%2d%6a%73%6f%6e\/wp\/v2\/users\/2"}],"replies":[{"embeddable":true,"href":"https:\/\/informelitoral.com.ar\/%77%70%2d%6a%73%6f%6e\/wp\/v2\/comments?post=45232"}],"version-history":[{"count":0,"href":"https:\/\/informelitoral.com.ar\/%77%70%2d%6a%73%6f%6e\/wp\/v2\/posts\/45232\/revisions"}],"wp:featuredmedia":[{"embeddable":true,"href":"https:\/\/informelitoral.com.ar\/%77%70%2d%6a%73%6f%6e\/wp\/v2\/media\/43544"}],"wp:attachment":[{"href":"https:\/\/informelitoral.com.ar\/%77%70%2d%6a%73%6f%6e\/wp\/v2\/media?parent=45232"}],"wp:term":[{"taxonomy":"category","embeddable":true,"href":"https:\/\/informelitoral.com.ar\/%77%70%2d%6a%73%6f%6e\/wp\/v2\/categories?post=45232"},{"taxonomy":"post_tag","embeddable":true,"href":"https:\/\/informelitoral.com.ar\/%77%70%2d%6a%73%6f%6e\/wp\/v2\/tags?post=45232"}],"curies":[{"name":"wp","href":"https:\/\/api.w.org\/{rel}","templated":true}]}}