{"id":4521,"date":"2013-12-02T07:20:59","date_gmt":"2013-12-02T10:20:59","guid":{"rendered":"http:\/\/www.isletasnoticias.com.ar\/?p=4521"},"modified":"2013-12-02T07:22:10","modified_gmt":"2013-12-02T10:22:10","slug":"4521","status":"publish","type":"post","link":"https:\/\/informelitoral.com.ar\/4521\/","title":{"rendered":"Urribarri expondr\u00e1 ante empresarios de todo el pa\u00eds"},"content":{"rendered":"<p><strong>\u201cEl pasaje de una provincia pastoril a una provincia industrial, llama bastante la atenci\u00f3n en toda la regi\u00f3n y es por eso que nos invitan de los foros empresarios y de negocios m\u00e1s importantes. Para que contemos nuestra historia. Y es lo que vamos a hacer el lunes en Buenos Aires frente al conglomerado industrial m\u00e1s representativo del pa\u00eds\u00bb, expres\u00f3 este s\u00e1bado el gobernador <em>Sergio Urribarri.<\/em><\/strong><\/p>\n<p><img loading=\"lazy\" decoding=\"async\" class=\"size-medium wp-image-4522 alignright\" alt=\"urribarri\" src=\"http:\/\/www.isletasnoticias.com.ar\/%77%70%2d%63%6f%6e%74%65%6e%74\/uploads\/2013\/12\/urribarri-265x300.jpg\" width=\"265\" height=\"300\" srcset=\"https:\/\/informelitoral.com.ar\/%77%70%2d%63%6f%6e%74%65%6e%74\/uploads\/2013\/12\/urribarri-265x300.jpg 265w, https:\/\/informelitoral.com.ar\/%77%70%2d%63%6f%6e%74%65%6e%74\/uploads\/2013\/12\/urribarri.jpg 327w\" sizes=\"auto, (max-width: 265px) 100vw, 265px\" \/><\/p>\n<p>La exposici\u00f3n del mandatario entrerriano ser\u00e1 en el marco de la 19\u00aa Conferencia Industrial de la UIA en el cap\u00edtulo Desarrollo regional y PyMEs, una puerta abierta para la integraci\u00f3n territorial y productiva, que se ralizar\u00e1 en Los Cardales. Urribarri disertar\u00e1 ante empresarios de todo el pa\u00eds, en un encuentro que re\u00fane a amplios sectores de la industria y econom\u00eda y a las m\u00e1ximas autoridades pol\u00edticas.<\/p>\n<p>Acompa\u00f1ar\u00e1n al gobernador entrerriano en el panel <strong>Roberto Bisang,<\/strong> investigador del Instituto Interdisciplinario de Econom\u00eda Pol\u00edtica (IIEP) Facultad de Ciencias Econ\u00f3micas, UBA y de la Universidad Nacional de Tres de Febrero; especialista en organizaci\u00f3n industrial, tecnolog\u00eda y an\u00e1lisis sectorial y consultor BID, CEPAL y Banco Mundial; y <strong>Teddy Karagozian<\/strong>, presidente TN&amp;Platex. Ser\u00e1 moderador . Vicepresidente UIA<\/p>\n<p>La conferencia denominada #ADN_Industrial: Argentina y el Desarrollo Nacional: Nuevos desaf\u00edos productivos para la generaci\u00f3n de valor, se desarrollar\u00e1 los d\u00edas 2 y 3 de diciembre pr\u00f3ximo, marco en el que se abordar\u00e1n temas claves para el proceso de crecimiento y desarrollo nacional.<\/p>\n<p>\u00abAgregar valor, agregando trabajo y tecnolog\u00eda es algo muy relevante. Nosotros lo que hicimos fue generar un ambiente para que la industria pueda desarrollarse, para que los que ya estaban pudieran seguir creciendo. Le dimos tambi\u00e9n empuje pol\u00edtico, entidad pol\u00edtica al desarrollo industrial. Y asumimos un compromiso pol\u00edtico fuerte con el sector. Los empresarios entrerrianos, al ver ese acompa\u00f1amiento, se entusiasmaron m\u00e1s todav\u00eda y expandieron sus empresas, encararon nuevos negocios, ampliaron sus mercados\u00bb, dijo Urribarri.<\/p>\n<p>\u00abY todo eso fue generando un c\u00edrculo virtuoso que ha convertido a Entre R\u00edos en una provincia industrializadora de alimentos a escala, pero m\u00e1s que nada en una plataforma de agro-negocios y de log\u00edstica de un potencial enorme que est\u00e1 lista para ser aprovechada por emprendimientos locales , nacionales y extranjeros que se vean atra\u00eddos por este perfil\u00bb, a\u00f1adi\u00f3.<\/p>\n<p>\u00abPero adem\u00e1s Entre R\u00edos tiene dos elementos centrales que uno que recorre el pa\u00eds y la regi\u00f3n ve que tiene un peso cada vez m\u00e1s creciente: la calidad del capital humano y la seguridad. Por eso es que hemos puesto tanto \u00e9nfasis en la educaci\u00f3n t\u00e9cnica y por eso es el esfuerzo que hacemos en materia de seguridad, y particularmente de seguridad en rutas en donde Entre R\u00edos ha conseguido ser una provincia pr\u00e1cticamente libre de pirater\u00eda del asfalto. Y eso es algo muy importante para los empresarios\u00bb, precis\u00f3 el mandatario.<\/p>\n<p>\u00abNunca estoy satisfecho, soy de los que creen que siempre se puede hacer m\u00e1s, aunque es cierto que hayamos avanzado mucho comparativamente. Entre R\u00edos es un entramado de campo, industria, educaci\u00f3n, seguridad, capital humano, de agua dulce, de historia y de cultura que nos habilita y nos da credenciales y oportunidades. Esta exposici\u00f3n en Los Cardales frente a los empresarios de la Uni\u00f3n Industrial Argentina, es la m\u00e1s importante en mucho tiempo y vamos a aprovecharla\u00bb, remarc\u00f3.<\/p>\n","protected":false},"excerpt":{"rendered":"<p>&ldquo;El pasaje de una provincia pastoril a una provincia industrial, llama bastante la atenci&oacute;n en toda la regi&oacute;n y es por eso que nos invitan de los foros empresarios y de negocios m&aacute;s importantes. Para que contemos nuestra historia. Y es lo que vamos a hacer el lunes en Buenos Aires frente al conglomerado industrial [&hellip;]<\/p>\n","protected":false},"author":2,"featured_media":0,"comment_status":"open","ping_status":"open","sticky":false,"template":"","format":"standard","meta":{"fifu_image_url":"","fifu_image_alt":"","footnotes":""},"categories":[6,16],"tags":[],"class_list":{"0":"post-4521","1":"post","2":"type-post","3":"status-publish","4":"format-standard","6":"category-entre-rios","7":"category-politi"},"yoast_head":"<title>Urribarri expondr\u00e1 ante empresarios de todo el pa\u00eds  - Informe Litoral<\/title>\n<meta name=\"robots\" content=\"index, follow, max-snippet:-1, max-image-preview:large, max-video-preview:-1\" \/>\n<link rel=\"canonical\" href=\"https:\/\/informelitoral.com.ar\/4521\/\" \/>\n<meta property=\"og:locale\" content=\"es_ES\" \/>\n<meta property=\"og:type\" content=\"article\" \/>\n<meta property=\"og:title\" content=\"Urribarri expondr\u00e1 ante empresarios de todo el pa\u00eds  - Informe Litoral\" \/>\n<meta property=\"og:description\" content=\"&ldquo;El pasaje de una provincia pastoril a una provincia industrial, llama bastante la atenci&oacute;n en toda la regi&oacute;n y es por eso que nos invitan de los foros empresarios y de negocios m&aacute;s importantes. Para que contemos nuestra historia. Y es lo que vamos a hacer el lunes en Buenos Aires frente al conglomerado industrial [&hellip;]\" \/>\n<meta property=\"og:url\" content=\"https:\/\/informelitoral.com.ar\/4521\/\" \/>\n<meta property=\"og:site_name\" content=\"Informe Litoral\" \/>\n<meta property=\"article:publisher\" content=\"https:\/\/www.facebook.com\/informelitoral\/\" \/>\n<meta property=\"article:published_time\" content=\"2013-12-02T10:20:59+00:00\" \/>\n<meta property=\"article:modified_time\" content=\"2013-12-02T10:22:10+00:00\" \/>\n<meta property=\"og:image\" content=\"https:\/\/informelitoral.com.ar\/%77%70%2d%63%6f%6e%74%65%6e%74\/uploads\/2013\/12\/urribarri.jpg\" \/>\n\t<meta property=\"og:image:width\" content=\"327\" \/>\n\t<meta property=\"og:image:height\" content=\"369\" \/>\n\t<meta property=\"og:image:type\" content=\"image\/jpeg\" \/>\n<meta name=\"author\" content=\"Gonzalo Schmidt\" \/>\n<meta name=\"twitter:card\" content=\"summary_large_image\" \/>\n<meta name=\"twitter:creator\" content=\"@InformeLitoral\" \/>\n<meta name=\"twitter:site\" content=\"@InformeLitoral\" \/>\n<meta name=\"twitter:label1\" content=\"Escrito por\" \/>\n\t<meta name=\"twitter:data1\" content=\"Gonzalo Schmidt\" \/>\n\t<meta name=\"twitter:label2\" content=\"Tiempo de lectura\" \/>\n\t<meta name=\"twitter:data2\" content=\"3 minutos\" \/>\n<script type=\"application\/ld+json\" class=\"yoast-schema-graph\">{\"@context\":\"https:\\\/\\\/schema.org\",\"@graph\":[{\"@type\":\"Article\",\"@id\":\"https:\\\/\\\/informelitoral.com.ar\\\/4521\\\/#article\",\"isPartOf\":{\"@id\":\"https:\\\/\\\/informelitoral.com.ar\\\/4521\\\/\"},\"author\":{\"name\":\"Gonzalo Schmidt\",\"@id\":\"https:\\\/\\\/informelitoral.com.ar\\\/#\\\/schema\\\/person\\\/b9d00407c836482871ef1d57bf8e3180\"},\"headline\":\"Urribarri expondr\u00e1 ante empresarios de todo el pa\u00eds\",\"datePublished\":\"2013-12-02T10:20:59+00:00\",\"dateModified\":\"2013-12-02T10:22:10+00:00\",\"mainEntityOfPage\":{\"@id\":\"https:\\\/\\\/informelitoral.com.ar\\\/4521\\\/\"},\"wordCount\":597,\"commentCount\":0,\"publisher\":{\"@id\":\"https:\\\/\\\/informelitoral.com.ar\\\/#organization\"},\"image\":{\"@id\":\"https:\\\/\\\/informelitoral.com.ar\\\/4521\\\/#primaryimage\"},\"thumbnailUrl\":\"http:\\\/\\\/www.isletasnoticias.com.ar\\\/%77%70%2d%63%6f%6e%74%65%6e%74\\\/uploads\\\/2013\\\/12\\\/urribarri-265x300.jpg\",\"articleSection\":[\"Entre R\u00edos\",\"Politica\"],\"inLanguage\":\"es\",\"potentialAction\":[{\"@type\":\"CommentAction\",\"name\":\"Comment\",\"target\":[\"https:\\\/\\\/informelitoral.com.ar\\\/4521\\\/#respond\"]}]},{\"@type\":\"WebPage\",\"@id\":\"https:\\\/\\\/informelitoral.com.ar\\\/4521\\\/\",\"url\":\"https:\\\/\\\/informelitoral.com.ar\\\/4521\\\/\",\"name\":\"Urribarri expondr\u00e1 ante empresarios de todo el pa\u00eds - Informe Litoral\",\"isPartOf\":{\"@id\":\"https:\\\/\\\/informelitoral.com.ar\\\/#website\"},\"primaryImageOfPage\":{\"@id\":\"https:\\\/\\\/informelitoral.com.ar\\\/4521\\\/#primaryimage\"},\"image\":{\"@id\":\"https:\\\/\\\/informelitoral.com.ar\\\/4521\\\/#primaryimage\"},\"thumbnailUrl\":\"http:\\\/\\\/www.isletasnoticias.com.ar\\\/%77%70%2d%63%6f%6e%74%65%6e%74\\\/uploads\\\/2013\\\/12\\\/urribarri-265x300.jpg\",\"datePublished\":\"2013-12-02T10:20:59+00:00\",\"dateModified\":\"2013-12-02T10:22:10+00:00\",\"breadcrumb\":{\"@id\":\"https:\\\/\\\/informelitoral.com.ar\\\/4521\\\/#breadcrumb\"},\"inLanguage\":\"es\",\"potentialAction\":[{\"@type\":\"ReadAction\",\"target\":[\"https:\\\/\\\/informelitoral.com.ar\\\/4521\\\/\"]}]},{\"@type\":\"ImageObject\",\"inLanguage\":\"es\",\"@id\":\"https:\\\/\\\/informelitoral.com.ar\\\/4521\\\/#primaryimage\",\"url\":\"http:\\\/\\\/www.isletasnoticias.com.ar\\\/%77%70%2d%63%6f%6e%74%65%6e%74\\\/uploads\\\/2013\\\/12\\\/urribarri-265x300.jpg\",\"contentUrl\":\"http:\\\/\\\/www.isletasnoticias.com.ar\\\/%77%70%2d%63%6f%6e%74%65%6e%74\\\/uploads\\\/2013\\\/12\\\/urribarri-265x300.jpg\"},{\"@type\":\"BreadcrumbList\",\"@id\":\"https:\\\/\\\/informelitoral.com.ar\\\/4521\\\/#breadcrumb\",\"itemListElement\":[{\"@type\":\"ListItem\",\"position\":1,\"name\":\"Portada\",\"item\":\"https:\\\/\\\/informelitoral.com.ar\\\/\"},{\"@type\":\"ListItem\",\"position\":2,\"name\":\"Urribarri expondr\u00e1 ante empresarios de todo el pa\u00eds\"}]},{\"@type\":\"WebSite\",\"@id\":\"https:\\\/\\\/informelitoral.com.ar\\\/#website\",\"url\":\"https:\\\/\\\/informelitoral.com.ar\\\/\",\"name\":\"Informe Litoral\",\"description\":\"&quot;Nos informamos&quot; \",\"publisher\":{\"@id\":\"https:\\\/\\\/informelitoral.com.ar\\\/#organization\"},\"potentialAction\":[{\"@type\":\"SearchAction\",\"target\":{\"@type\":\"EntryPoint\",\"urlTemplate\":\"https:\\\/\\\/informelitoral.com.ar\\\/?s={search_term_string}\"},\"query-input\":{\"@type\":\"PropertyValueSpecification\",\"valueRequired\":true,\"valueName\":\"search_term_string\"}}],\"inLanguage\":\"es\"},{\"@type\":\"Organization\",\"@id\":\"https:\\\/\\\/informelitoral.com.ar\\\/#organization\",\"name\":\"Informe Litoral\",\"url\":\"https:\\\/\\\/informelitoral.com.ar\\\/\",\"logo\":{\"@type\":\"ImageObject\",\"inLanguage\":\"es\",\"@id\":\"https:\\\/\\\/informelitoral.com.ar\\\/#\\\/schema\\\/logo\\\/image\\\/\",\"url\":\"https:\\\/\\\/informelitoral.com.ar\\\/%77%70%2d%63%6f%6e%74%65%6e%74\\\/uploads\\\/2021\\\/01\\\/circulo.png\",\"contentUrl\":\"https:\\\/\\\/informelitoral.com.ar\\\/%77%70%2d%63%6f%6e%74%65%6e%74\\\/uploads\\\/2021\\\/01\\\/circulo.png\",\"width\":723,\"height\":731,\"caption\":\"Informe Litoral\"},\"image\":{\"@id\":\"https:\\\/\\\/informelitoral.com.ar\\\/#\\\/schema\\\/logo\\\/image\\\/\"},\"sameAs\":[\"https:\\\/\\\/www.facebook.com\\\/informelitoral\\\/\",\"https:\\\/\\\/x.com\\\/InformeLitoral\",\"https:\\\/\\\/www.instagram.com\\\/informelitoral\\\/\",\"https:\\\/\\\/www.youtube.com\\\/channel\\\/UCua4Qvz8Icb6MYqhoq9xLXw\"]},{\"@type\":\"Person\",\"@id\":\"https:\\\/\\\/informelitoral.com.ar\\\/#\\\/schema\\\/person\\\/b9d00407c836482871ef1d57bf8e3180\",\"name\":\"Gonzalo Schmidt\",\"image\":{\"@type\":\"ImageObject\",\"inLanguage\":\"es\",\"@id\":\"https:\\\/\\\/secure.gravatar.com\\\/avatar\\\/31a1a7b66ff2de83bd0e9fd79d026630d2d99e55e8bfe501287647b4fd9743de?s=96&d=mm&r=g\",\"url\":\"https:\\\/\\\/secure.gravatar.com\\\/avatar\\\/31a1a7b66ff2de83bd0e9fd79d026630d2d99e55e8bfe501287647b4fd9743de?s=96&d=mm&r=g\",\"contentUrl\":\"https:\\\/\\\/secure.gravatar.com\\\/avatar\\\/31a1a7b66ff2de83bd0e9fd79d026630d2d99e55e8bfe501287647b4fd9743de?s=96&d=mm&r=g\",\"caption\":\"Gonzalo Schmidt\"},\"description\":\"Sitio web de noticias de la provincia de Entre R\u00edos, Argentina. Informaci\u00f3n y entretenimiento. Informe Litoral, nos informamos.\",\"sameAs\":[\"http:\\\/\\\/www.isletasnoticias.com.ar\"],\"url\":\"https:\\\/\\\/informelitoral.com.ar\\\/author\\\/gonzalo\\\/\"}]}<\/script>","yoast_head_json":{"title":"Urribarri expondr\u00e1 ante empresarios de todo el pa\u00eds  - Informe Litoral","robots":{"index":"index","follow":"follow","max-snippet":"max-snippet:-1","max-image-preview":"max-image-preview:large","max-video-preview":"max-video-preview:-1"},"canonical":"https:\/\/informelitoral.com.ar\/4521\/","og_locale":"es_ES","og_type":"article","og_title":"Urribarri expondr\u00e1 ante empresarios de todo el pa\u00eds  - Informe Litoral","og_description":"&ldquo;El pasaje de una provincia pastoril a una provincia industrial, llama bastante la atenci&oacute;n en toda la regi&oacute;n y es por eso que nos invitan de los foros empresarios y de negocios m&aacute;s importantes. Para que contemos nuestra historia. Y es lo que vamos a hacer el lunes en Buenos Aires frente al conglomerado industrial [&hellip;]","og_url":"https:\/\/informelitoral.com.ar\/4521\/","og_site_name":"Informe Litoral","article_publisher":"https:\/\/www.facebook.com\/informelitoral\/","article_published_time":"2013-12-02T10:20:59+00:00","article_modified_time":"2013-12-02T10:22:10+00:00","og_image":[{"width":327,"height":369,"url":"https:\/\/informelitoral.com.ar\/%77%70%2d%63%6f%6e%74%65%6e%74\/uploads\/2013\/12\/urribarri.jpg","type":"image\/jpeg"}],"author":"Gonzalo Schmidt","twitter_card":"summary_large_image","twitter_creator":"@InformeLitoral","twitter_site":"@InformeLitoral","twitter_misc":{"Escrito por":"Gonzalo Schmidt","Tiempo de lectura":"3 minutos"},"schema":{"@context":"https:\/\/schema.org","@graph":[{"@type":"Article","@id":"https:\/\/informelitoral.com.ar\/4521\/#article","isPartOf":{"@id":"https:\/\/informelitoral.com.ar\/4521\/"},"author":{"name":"Gonzalo Schmidt","@id":"https:\/\/informelitoral.com.ar\/#\/schema\/person\/b9d00407c836482871ef1d57bf8e3180"},"headline":"Urribarri expondr\u00e1 ante empresarios de todo el pa\u00eds","datePublished":"2013-12-02T10:20:59+00:00","dateModified":"2013-12-02T10:22:10+00:00","mainEntityOfPage":{"@id":"https:\/\/informelitoral.com.ar\/4521\/"},"wordCount":597,"commentCount":0,"publisher":{"@id":"https:\/\/informelitoral.com.ar\/#organization"},"image":{"@id":"https:\/\/informelitoral.com.ar\/4521\/#primaryimage"},"thumbnailUrl":"http:\/\/www.isletasnoticias.com.ar\/%77%70%2d%63%6f%6e%74%65%6e%74\/uploads\/2013\/12\/urribarri-265x300.jpg","articleSection":["Entre R\u00edos","Politica"],"inLanguage":"es","potentialAction":[{"@type":"CommentAction","name":"Comment","target":["https:\/\/informelitoral.com.ar\/4521\/#respond"]}]},{"@type":"WebPage","@id":"https:\/\/informelitoral.com.ar\/4521\/","url":"https:\/\/informelitoral.com.ar\/4521\/","name":"Urribarri expondr\u00e1 ante empresarios de todo el pa\u00eds - Informe Litoral","isPartOf":{"@id":"https:\/\/informelitoral.com.ar\/#website"},"primaryImageOfPage":{"@id":"https:\/\/informelitoral.com.ar\/4521\/#primaryimage"},"image":{"@id":"https:\/\/informelitoral.com.ar\/4521\/#primaryimage"},"thumbnailUrl":"http:\/\/www.isletasnoticias.com.ar\/%77%70%2d%63%6f%6e%74%65%6e%74\/uploads\/2013\/12\/urribarri-265x300.jpg","datePublished":"2013-12-02T10:20:59+00:00","dateModified":"2013-12-02T10:22:10+00:00","breadcrumb":{"@id":"https:\/\/informelitoral.com.ar\/4521\/#breadcrumb"},"inLanguage":"es","potentialAction":[{"@type":"ReadAction","target":["https:\/\/informelitoral.com.ar\/4521\/"]}]},{"@type":"ImageObject","inLanguage":"es","@id":"https:\/\/informelitoral.com.ar\/4521\/#primaryimage","url":"http:\/\/www.isletasnoticias.com.ar\/%77%70%2d%63%6f%6e%74%65%6e%74\/uploads\/2013\/12\/urribarri-265x300.jpg","contentUrl":"http:\/\/www.isletasnoticias.com.ar\/%77%70%2d%63%6f%6e%74%65%6e%74\/uploads\/2013\/12\/urribarri-265x300.jpg"},{"@type":"BreadcrumbList","@id":"https:\/\/informelitoral.com.ar\/4521\/#breadcrumb","itemListElement":[{"@type":"ListItem","position":1,"name":"Portada","item":"https:\/\/informelitoral.com.ar\/"},{"@type":"ListItem","position":2,"name":"Urribarri expondr\u00e1 ante empresarios de todo el pa\u00eds"}]},{"@type":"WebSite","@id":"https:\/\/informelitoral.com.ar\/#website","url":"https:\/\/informelitoral.com.ar\/","name":"Informe Litoral","description":"&quot;Nos informamos&quot; ","publisher":{"@id":"https:\/\/informelitoral.com.ar\/#organization"},"potentialAction":[{"@type":"SearchAction","target":{"@type":"EntryPoint","urlTemplate":"https:\/\/informelitoral.com.ar\/?s={search_term_string}"},"query-input":{"@type":"PropertyValueSpecification","valueRequired":true,"valueName":"search_term_string"}}],"inLanguage":"es"},{"@type":"Organization","@id":"https:\/\/informelitoral.com.ar\/#organization","name":"Informe Litoral","url":"https:\/\/informelitoral.com.ar\/","logo":{"@type":"ImageObject","inLanguage":"es","@id":"https:\/\/informelitoral.com.ar\/#\/schema\/logo\/image\/","url":"https:\/\/informelitoral.com.ar\/%77%70%2d%63%6f%6e%74%65%6e%74\/uploads\/2021\/01\/circulo.png","contentUrl":"https:\/\/informelitoral.com.ar\/%77%70%2d%63%6f%6e%74%65%6e%74\/uploads\/2021\/01\/circulo.png","width":723,"height":731,"caption":"Informe Litoral"},"image":{"@id":"https:\/\/informelitoral.com.ar\/#\/schema\/logo\/image\/"},"sameAs":["https:\/\/www.facebook.com\/informelitoral\/","https:\/\/x.com\/InformeLitoral","https:\/\/www.instagram.com\/informelitoral\/","https:\/\/www.youtube.com\/channel\/UCua4Qvz8Icb6MYqhoq9xLXw"]},{"@type":"Person","@id":"https:\/\/informelitoral.com.ar\/#\/schema\/person\/b9d00407c836482871ef1d57bf8e3180","name":"Gonzalo Schmidt","image":{"@type":"ImageObject","inLanguage":"es","@id":"https:\/\/secure.gravatar.com\/avatar\/31a1a7b66ff2de83bd0e9fd79d026630d2d99e55e8bfe501287647b4fd9743de?s=96&d=mm&r=g","url":"https:\/\/secure.gravatar.com\/avatar\/31a1a7b66ff2de83bd0e9fd79d026630d2d99e55e8bfe501287647b4fd9743de?s=96&d=mm&r=g","contentUrl":"https:\/\/secure.gravatar.com\/avatar\/31a1a7b66ff2de83bd0e9fd79d026630d2d99e55e8bfe501287647b4fd9743de?s=96&d=mm&r=g","caption":"Gonzalo Schmidt"},"description":"Sitio web de noticias de la provincia de Entre R\u00edos, Argentina. Informaci\u00f3n y entretenimiento. Informe Litoral, nos informamos.","sameAs":["http:\/\/www.isletasnoticias.com.ar"],"url":"https:\/\/informelitoral.com.ar\/author\/gonzalo\/"}]}},"_links":{"self":[{"href":"https:\/\/informelitoral.com.ar\/%77%70%2d%6a%73%6f%6e\/wp\/v2\/posts\/4521","targetHints":{"allow":["GET"]}}],"collection":[{"href":"https:\/\/informelitoral.com.ar\/%77%70%2d%6a%73%6f%6e\/wp\/v2\/posts"}],"about":[{"href":"https:\/\/informelitoral.com.ar\/%77%70%2d%6a%73%6f%6e\/wp\/v2\/types\/post"}],"author":[{"embeddable":true,"href":"https:\/\/informelitoral.com.ar\/%77%70%2d%6a%73%6f%6e\/wp\/v2\/users\/2"}],"replies":[{"embeddable":true,"href":"https:\/\/informelitoral.com.ar\/%77%70%2d%6a%73%6f%6e\/wp\/v2\/comments?post=4521"}],"version-history":[{"count":0,"href":"https:\/\/informelitoral.com.ar\/%77%70%2d%6a%73%6f%6e\/wp\/v2\/posts\/4521\/revisions"}],"wp:attachment":[{"href":"https:\/\/informelitoral.com.ar\/%77%70%2d%6a%73%6f%6e\/wp\/v2\/media?parent=4521"}],"wp:term":[{"taxonomy":"category","embeddable":true,"href":"https:\/\/informelitoral.com.ar\/%77%70%2d%6a%73%6f%6e\/wp\/v2\/categories?post=4521"},{"taxonomy":"post_tag","embeddable":true,"href":"https:\/\/informelitoral.com.ar\/%77%70%2d%6a%73%6f%6e\/wp\/v2\/tags?post=4521"}],"curies":[{"name":"wp","href":"https:\/\/api.w.org\/{rel}","templated":true}]}}