{"id":45091,"date":"2020-07-01T14:32:55","date_gmt":"2020-07-01T17:32:55","guid":{"rendered":"https:\/\/www.isletasnoticias.com.ar\/?p=45091"},"modified":"2020-07-01T15:43:14","modified_gmt":"2020-07-01T18:43:14","slug":"parana-podria-ingresar-a-la-fase-de-transmision-comunitaria-del-coronavirus","status":"publish","type":"post","link":"https:\/\/informelitoral.com.ar\/parana-podria-ingresar-a-la-fase-de-transmision-comunitaria-del-coronavirus\/","title":{"rendered":"Paran\u00e1 podr\u00eda ingresar a la fase de transmisi\u00f3n comunitaria del coronavirus"},"content":{"rendered":"<p>El director de Epidemiolog\u00eda <strong>C\u00e9sar Garcilazo<\/strong> dijo que, este mi\u00e9rcoles por la tarde, habr\u00e1 una reuni\u00f3n del Comit\u00e9 de Emergencia Sanitaria (COES) para evaluar la situaci\u00f3n de\u00a0<strong>Paran\u00e1<\/strong>\u00a0con respecto a la pandemia del\u00a0Coronavirus Covid-19, en el d\u00eda en que la ciudad sum\u00f3 un <strong>total de 106 casos positivos.<\/strong><\/p>\n<p><strong>En esa reuni\u00f3n se evaluar\u00e1 si Paran\u00e1 cambia de fase de transmisi\u00f3n local por conglomerado a transmisi\u00f3n comunitaria. Una posible redefinici\u00f3n se expondr\u00e1 a la Direcci\u00f3n Nacional de Epidemiolog\u00eda,<\/strong> para tomar una decisi\u00f3n.<\/p>\n<p>Respecto a la evoluci\u00f3n de la curva epidemiol\u00f3gica en la capital provincial, el funcionario se\u00f1al\u00f3 que depender\u00e1 de c\u00f3mo circule la gente y los contactos que tenga. \u201cNo es f\u00e1cil de prever pero hay que tener en cuenta las estad\u00edsticas. La semana pasada diagnosticamos entre 10 y 15 casos diarios. Esta semana ya tuvimos entre 5 y 10 casos diarios, y el 95% de esos casos est\u00e1 relacionado a un conglomerado y <strong>hay cuatro casos que todav\u00eda est\u00e1n en investigaci\u00f3n<\/strong>\u201d, se\u00f1al\u00f3.<\/p>\n<p>\u201c<strong>Lo importante es c\u00f3mo se comporta la poblaci\u00f3n. Las personas que est\u00e1n con s\u00edntomas o aquellos que han sido contacto de pacientes diagnosticados positivos deben consultar<\/strong>\u201d, acot\u00f3.<\/p>\n<p>\u201cSi bien hay casos en los que no se ha podido establecer el nexo epidemiol\u00f3gico del contagio en Paran\u00e1, no es el \u00fanico par\u00e1metro para decidir si la ciudad pasa a ser considerada una poblaci\u00f3n con\u00a0circulaci\u00f3n\u00a0comunitaria. Pero se est\u00e1 evaluando\u201d, recalc\u00f3.<\/p>\n<p>Para tomar esta medida se hace hincapi\u00e9 en la investigaci\u00f3n de los casos que no tienen un nexo epidemiol\u00f3gico claro. Hasta el momento hay dos pacientes en esa situaci\u00f3n y estiman que el caso de Crespo podr\u00eda estar vinculado al conglomerado de Paran\u00e1.<\/p>\n<p>\u201c<strong>Uno de los puntos de la circulaci\u00f3n comunitaria est\u00e1 relacionado a aquellos casos que se confirman y que durante el per\u00edodo de investigaci\u00f3n no se puede encontrar el nexo.<\/strong> Hasta el momento de esas caracter\u00edsticas tenemos dos casos, los otros dos est\u00e1n todav\u00eda en una fase de investigaci\u00f3n, pero tenemos que tener en cuenta que no es el \u00fanico indicador, pr\u00e1cticamente el 95% de los casos estar\u00eda relacionado con un caso confirmado\u201d, precis\u00f3.<\/p>\n<p>Como ejemplo cit\u00f3 lo ocurrido en Col\u00f3n, donde tambi\u00e9n se dieron casos en que no se pudo establecer el nexo. \u201cSin embargo Col\u00f3n lleva 18 d\u00edas sin casos confirmados. Si bien es un indicador importante, no es el \u00fanico que se eval\u00faa para determinar si existe o no circulaci\u00f3n comunitaria\u201d, explic\u00f3.<\/p>\n","protected":false},"excerpt":{"rendered":"<p>El Comit\u00e9 de Emergencia Sanitaria (COES) se re\u00fane para evaluar la situaci\u00f3n de la capital provincial que suma 106 casos de Coronavirus Covid-19. Estudian dos casos sin nexo.<\/p>\n","protected":false},"author":2,"featured_media":2223,"comment_status":"open","ping_status":"open","sticky":false,"template":"","format":"standard","meta":{"fifu_image_url":"","fifu_image_alt":"","footnotes":""},"categories":[6],"tags":[1481,45],"class_list":{"0":"post-45091","1":"post","2":"type-post","3":"status-publish","4":"format-standard","5":"has-post-thumbnail","7":"category-entre-rios","8":"tag-covid-19","9":"tag-parana"},"yoast_head":"<title>Paran\u00e1 podr\u00eda ingresar a la fase de transmisi\u00f3n comunitaria del coronavirus - Informe Litoral<\/title>\n<meta name=\"robots\" content=\"index, follow, max-snippet:-1, max-image-preview:large, max-video-preview:-1\" \/>\n<link rel=\"canonical\" href=\"https:\/\/informelitoral.com.ar\/parana-podria-ingresar-a-la-fase-de-transmision-comunitaria-del-coronavirus\/\" \/>\n<meta property=\"og:locale\" content=\"es_ES\" \/>\n<meta property=\"og:type\" content=\"article\" \/>\n<meta property=\"og:title\" content=\"Paran\u00e1 podr\u00eda ingresar a la fase de transmisi\u00f3n comunitaria del coronavirus - Informe Litoral\" \/>\n<meta property=\"og:description\" content=\"El Comit\u00e9 de Emergencia Sanitaria (COES) se re\u00fane para evaluar la situaci\u00f3n de la capital provincial que suma 106 casos de Coronavirus Covid-19. Estudian dos casos sin nexo.\" \/>\n<meta property=\"og:url\" content=\"https:\/\/informelitoral.com.ar\/parana-podria-ingresar-a-la-fase-de-transmision-comunitaria-del-coronavirus\/\" \/>\n<meta property=\"og:site_name\" content=\"Informe Litoral\" \/>\n<meta property=\"article:publisher\" content=\"https:\/\/www.facebook.com\/informelitoral\/\" \/>\n<meta property=\"article:published_time\" content=\"2020-07-01T17:32:55+00:00\" \/>\n<meta property=\"article:modified_time\" content=\"2020-07-01T18:43:14+00:00\" \/>\n<meta property=\"og:image\" content=\"https:\/\/informelitoral.com.ar\/%77%70%2d%63%6f%6e%74%65%6e%74\/uploads\/2013\/06\/parana.jpg\" \/>\n\t<meta property=\"og:image:width\" content=\"300\" \/>\n\t<meta property=\"og:image:height\" content=\"276\" \/>\n\t<meta property=\"og:image:type\" content=\"image\/jpeg\" \/>\n<meta name=\"author\" content=\"Gonzalo Schmidt\" \/>\n<meta name=\"twitter:card\" content=\"summary_large_image\" \/>\n<meta name=\"twitter:creator\" content=\"@InformeLitoral\" \/>\n<meta name=\"twitter:site\" content=\"@InformeLitoral\" \/>\n<meta name=\"twitter:label1\" content=\"Escrito por\" \/>\n\t<meta name=\"twitter:data1\" content=\"Gonzalo Schmidt\" \/>\n\t<meta name=\"twitter:label2\" content=\"Tiempo de lectura\" \/>\n\t<meta name=\"twitter:data2\" content=\"2 minutos\" \/>\n<script type=\"application\/ld+json\" class=\"yoast-schema-graph\">{\"@context\":\"https:\\\/\\\/schema.org\",\"@graph\":[{\"@type\":\"Article\",\"@id\":\"https:\\\/\\\/informelitoral.com.ar\\\/parana-podria-ingresar-a-la-fase-de-transmision-comunitaria-del-coronavirus\\\/#article\",\"isPartOf\":{\"@id\":\"https:\\\/\\\/informelitoral.com.ar\\\/parana-podria-ingresar-a-la-fase-de-transmision-comunitaria-del-coronavirus\\\/\"},\"author\":{\"name\":\"Gonzalo Schmidt\",\"@id\":\"https:\\\/\\\/informelitoral.com.ar\\\/#\\\/schema\\\/person\\\/b9d00407c836482871ef1d57bf8e3180\"},\"headline\":\"Paran\u00e1 podr\u00eda ingresar a la fase de transmisi\u00f3n comunitaria del coronavirus\",\"datePublished\":\"2020-07-01T17:32:55+00:00\",\"dateModified\":\"2020-07-01T18:43:14+00:00\",\"mainEntityOfPage\":{\"@id\":\"https:\\\/\\\/informelitoral.com.ar\\\/parana-podria-ingresar-a-la-fase-de-transmision-comunitaria-del-coronavirus\\\/\"},\"wordCount\":456,\"commentCount\":0,\"publisher\":{\"@id\":\"https:\\\/\\\/informelitoral.com.ar\\\/#organization\"},\"image\":{\"@id\":\"https:\\\/\\\/informelitoral.com.ar\\\/parana-podria-ingresar-a-la-fase-de-transmision-comunitaria-del-coronavirus\\\/#primaryimage\"},\"thumbnailUrl\":\"https:\\\/\\\/informelitoral.com.ar\\\/%77%70%2d%63%6f%6e%74%65%6e%74\\\/uploads\\\/2013\\\/06\\\/parana.jpg\",\"keywords\":[\"COVID-19\",\"Paran\u00e1\"],\"articleSection\":[\"Entre R\u00edos\"],\"inLanguage\":\"es\",\"potentialAction\":[{\"@type\":\"CommentAction\",\"name\":\"Comment\",\"target\":[\"https:\\\/\\\/informelitoral.com.ar\\\/parana-podria-ingresar-a-la-fase-de-transmision-comunitaria-del-coronavirus\\\/#respond\"]}]},{\"@type\":\"WebPage\",\"@id\":\"https:\\\/\\\/informelitoral.com.ar\\\/parana-podria-ingresar-a-la-fase-de-transmision-comunitaria-del-coronavirus\\\/\",\"url\":\"https:\\\/\\\/informelitoral.com.ar\\\/parana-podria-ingresar-a-la-fase-de-transmision-comunitaria-del-coronavirus\\\/\",\"name\":\"Paran\u00e1 podr\u00eda ingresar a la fase de transmisi\u00f3n comunitaria del coronavirus - Informe Litoral\",\"isPartOf\":{\"@id\":\"https:\\\/\\\/informelitoral.com.ar\\\/#website\"},\"primaryImageOfPage\":{\"@id\":\"https:\\\/\\\/informelitoral.com.ar\\\/parana-podria-ingresar-a-la-fase-de-transmision-comunitaria-del-coronavirus\\\/#primaryimage\"},\"image\":{\"@id\":\"https:\\\/\\\/informelitoral.com.ar\\\/parana-podria-ingresar-a-la-fase-de-transmision-comunitaria-del-coronavirus\\\/#primaryimage\"},\"thumbnailUrl\":\"https:\\\/\\\/informelitoral.com.ar\\\/%77%70%2d%63%6f%6e%74%65%6e%74\\\/uploads\\\/2013\\\/06\\\/parana.jpg\",\"datePublished\":\"2020-07-01T17:32:55+00:00\",\"dateModified\":\"2020-07-01T18:43:14+00:00\",\"breadcrumb\":{\"@id\":\"https:\\\/\\\/informelitoral.com.ar\\\/parana-podria-ingresar-a-la-fase-de-transmision-comunitaria-del-coronavirus\\\/#breadcrumb\"},\"inLanguage\":\"es\",\"potentialAction\":[{\"@type\":\"ReadAction\",\"target\":[\"https:\\\/\\\/informelitoral.com.ar\\\/parana-podria-ingresar-a-la-fase-de-transmision-comunitaria-del-coronavirus\\\/\"]}]},{\"@type\":\"ImageObject\",\"inLanguage\":\"es\",\"@id\":\"https:\\\/\\\/informelitoral.com.ar\\\/parana-podria-ingresar-a-la-fase-de-transmision-comunitaria-del-coronavirus\\\/#primaryimage\",\"url\":\"https:\\\/\\\/informelitoral.com.ar\\\/%77%70%2d%63%6f%6e%74%65%6e%74\\\/uploads\\\/2013\\\/06\\\/parana.jpg\",\"contentUrl\":\"https:\\\/\\\/informelitoral.com.ar\\\/%77%70%2d%63%6f%6e%74%65%6e%74\\\/uploads\\\/2013\\\/06\\\/parana.jpg\",\"width\":300,\"height\":276},{\"@type\":\"BreadcrumbList\",\"@id\":\"https:\\\/\\\/informelitoral.com.ar\\\/parana-podria-ingresar-a-la-fase-de-transmision-comunitaria-del-coronavirus\\\/#breadcrumb\",\"itemListElement\":[{\"@type\":\"ListItem\",\"position\":1,\"name\":\"Portada\",\"item\":\"https:\\\/\\\/informelitoral.com.ar\\\/\"},{\"@type\":\"ListItem\",\"position\":2,\"name\":\"Paran\u00e1 podr\u00eda ingresar a la fase de transmisi\u00f3n comunitaria del coronavirus\"}]},{\"@type\":\"WebSite\",\"@id\":\"https:\\\/\\\/informelitoral.com.ar\\\/#website\",\"url\":\"https:\\\/\\\/informelitoral.com.ar\\\/\",\"name\":\"Informe Litoral\",\"description\":\"&quot;Nos informamos&quot; \",\"publisher\":{\"@id\":\"https:\\\/\\\/informelitoral.com.ar\\\/#organization\"},\"potentialAction\":[{\"@type\":\"SearchAction\",\"target\":{\"@type\":\"EntryPoint\",\"urlTemplate\":\"https:\\\/\\\/informelitoral.com.ar\\\/?s={search_term_string}\"},\"query-input\":{\"@type\":\"PropertyValueSpecification\",\"valueRequired\":true,\"valueName\":\"search_term_string\"}}],\"inLanguage\":\"es\"},{\"@type\":\"Organization\",\"@id\":\"https:\\\/\\\/informelitoral.com.ar\\\/#organization\",\"name\":\"Informe Litoral\",\"url\":\"https:\\\/\\\/informelitoral.com.ar\\\/\",\"logo\":{\"@type\":\"ImageObject\",\"inLanguage\":\"es\",\"@id\":\"https:\\\/\\\/informelitoral.com.ar\\\/#\\\/schema\\\/logo\\\/image\\\/\",\"url\":\"https:\\\/\\\/informelitoral.com.ar\\\/%77%70%2d%63%6f%6e%74%65%6e%74\\\/uploads\\\/2021\\\/01\\\/circulo.png\",\"contentUrl\":\"https:\\\/\\\/informelitoral.com.ar\\\/%77%70%2d%63%6f%6e%74%65%6e%74\\\/uploads\\\/2021\\\/01\\\/circulo.png\",\"width\":723,\"height\":731,\"caption\":\"Informe Litoral\"},\"image\":{\"@id\":\"https:\\\/\\\/informelitoral.com.ar\\\/#\\\/schema\\\/logo\\\/image\\\/\"},\"sameAs\":[\"https:\\\/\\\/www.facebook.com\\\/informelitoral\\\/\",\"https:\\\/\\\/x.com\\\/InformeLitoral\",\"https:\\\/\\\/www.instagram.com\\\/informelitoral\\\/\",\"https:\\\/\\\/www.youtube.com\\\/channel\\\/UCua4Qvz8Icb6MYqhoq9xLXw\"]},{\"@type\":\"Person\",\"@id\":\"https:\\\/\\\/informelitoral.com.ar\\\/#\\\/schema\\\/person\\\/b9d00407c836482871ef1d57bf8e3180\",\"name\":\"Gonzalo Schmidt\",\"image\":{\"@type\":\"ImageObject\",\"inLanguage\":\"es\",\"@id\":\"https:\\\/\\\/secure.gravatar.com\\\/avatar\\\/31a1a7b66ff2de83bd0e9fd79d026630d2d99e55e8bfe501287647b4fd9743de?s=96&d=mm&r=g\",\"url\":\"https:\\\/\\\/secure.gravatar.com\\\/avatar\\\/31a1a7b66ff2de83bd0e9fd79d026630d2d99e55e8bfe501287647b4fd9743de?s=96&d=mm&r=g\",\"contentUrl\":\"https:\\\/\\\/secure.gravatar.com\\\/avatar\\\/31a1a7b66ff2de83bd0e9fd79d026630d2d99e55e8bfe501287647b4fd9743de?s=96&d=mm&r=g\",\"caption\":\"Gonzalo Schmidt\"},\"description\":\"Sitio web de noticias de la provincia de Entre R\u00edos, Argentina. Informaci\u00f3n y entretenimiento. Informe Litoral, nos informamos.\",\"sameAs\":[\"http:\\\/\\\/www.isletasnoticias.com.ar\"],\"url\":\"https:\\\/\\\/informelitoral.com.ar\\\/author\\\/gonzalo\\\/\"}]}<\/script>","yoast_head_json":{"title":"Paran\u00e1 podr\u00eda ingresar a la fase de transmisi\u00f3n comunitaria del coronavirus - Informe Litoral","robots":{"index":"index","follow":"follow","max-snippet":"max-snippet:-1","max-image-preview":"max-image-preview:large","max-video-preview":"max-video-preview:-1"},"canonical":"https:\/\/informelitoral.com.ar\/parana-podria-ingresar-a-la-fase-de-transmision-comunitaria-del-coronavirus\/","og_locale":"es_ES","og_type":"article","og_title":"Paran\u00e1 podr\u00eda ingresar a la fase de transmisi\u00f3n comunitaria del coronavirus - Informe Litoral","og_description":"El Comit\u00e9 de Emergencia Sanitaria (COES) se re\u00fane para evaluar la situaci\u00f3n de la capital provincial que suma 106 casos de Coronavirus Covid-19. Estudian dos casos sin nexo.","og_url":"https:\/\/informelitoral.com.ar\/parana-podria-ingresar-a-la-fase-de-transmision-comunitaria-del-coronavirus\/","og_site_name":"Informe Litoral","article_publisher":"https:\/\/www.facebook.com\/informelitoral\/","article_published_time":"2020-07-01T17:32:55+00:00","article_modified_time":"2020-07-01T18:43:14+00:00","og_image":[{"width":300,"height":276,"url":"https:\/\/informelitoral.com.ar\/%77%70%2d%63%6f%6e%74%65%6e%74\/uploads\/2013\/06\/parana.jpg","type":"image\/jpeg"}],"author":"Gonzalo Schmidt","twitter_card":"summary_large_image","twitter_creator":"@InformeLitoral","twitter_site":"@InformeLitoral","twitter_misc":{"Escrito por":"Gonzalo Schmidt","Tiempo de lectura":"2 minutos"},"schema":{"@context":"https:\/\/schema.org","@graph":[{"@type":"Article","@id":"https:\/\/informelitoral.com.ar\/parana-podria-ingresar-a-la-fase-de-transmision-comunitaria-del-coronavirus\/#article","isPartOf":{"@id":"https:\/\/informelitoral.com.ar\/parana-podria-ingresar-a-la-fase-de-transmision-comunitaria-del-coronavirus\/"},"author":{"name":"Gonzalo Schmidt","@id":"https:\/\/informelitoral.com.ar\/#\/schema\/person\/b9d00407c836482871ef1d57bf8e3180"},"headline":"Paran\u00e1 podr\u00eda ingresar a la fase de transmisi\u00f3n comunitaria del coronavirus","datePublished":"2020-07-01T17:32:55+00:00","dateModified":"2020-07-01T18:43:14+00:00","mainEntityOfPage":{"@id":"https:\/\/informelitoral.com.ar\/parana-podria-ingresar-a-la-fase-de-transmision-comunitaria-del-coronavirus\/"},"wordCount":456,"commentCount":0,"publisher":{"@id":"https:\/\/informelitoral.com.ar\/#organization"},"image":{"@id":"https:\/\/informelitoral.com.ar\/parana-podria-ingresar-a-la-fase-de-transmision-comunitaria-del-coronavirus\/#primaryimage"},"thumbnailUrl":"https:\/\/informelitoral.com.ar\/%77%70%2d%63%6f%6e%74%65%6e%74\/uploads\/2013\/06\/parana.jpg","keywords":["COVID-19","Paran\u00e1"],"articleSection":["Entre R\u00edos"],"inLanguage":"es","potentialAction":[{"@type":"CommentAction","name":"Comment","target":["https:\/\/informelitoral.com.ar\/parana-podria-ingresar-a-la-fase-de-transmision-comunitaria-del-coronavirus\/#respond"]}]},{"@type":"WebPage","@id":"https:\/\/informelitoral.com.ar\/parana-podria-ingresar-a-la-fase-de-transmision-comunitaria-del-coronavirus\/","url":"https:\/\/informelitoral.com.ar\/parana-podria-ingresar-a-la-fase-de-transmision-comunitaria-del-coronavirus\/","name":"Paran\u00e1 podr\u00eda ingresar a la fase de transmisi\u00f3n comunitaria del coronavirus - Informe Litoral","isPartOf":{"@id":"https:\/\/informelitoral.com.ar\/#website"},"primaryImageOfPage":{"@id":"https:\/\/informelitoral.com.ar\/parana-podria-ingresar-a-la-fase-de-transmision-comunitaria-del-coronavirus\/#primaryimage"},"image":{"@id":"https:\/\/informelitoral.com.ar\/parana-podria-ingresar-a-la-fase-de-transmision-comunitaria-del-coronavirus\/#primaryimage"},"thumbnailUrl":"https:\/\/informelitoral.com.ar\/%77%70%2d%63%6f%6e%74%65%6e%74\/uploads\/2013\/06\/parana.jpg","datePublished":"2020-07-01T17:32:55+00:00","dateModified":"2020-07-01T18:43:14+00:00","breadcrumb":{"@id":"https:\/\/informelitoral.com.ar\/parana-podria-ingresar-a-la-fase-de-transmision-comunitaria-del-coronavirus\/#breadcrumb"},"inLanguage":"es","potentialAction":[{"@type":"ReadAction","target":["https:\/\/informelitoral.com.ar\/parana-podria-ingresar-a-la-fase-de-transmision-comunitaria-del-coronavirus\/"]}]},{"@type":"ImageObject","inLanguage":"es","@id":"https:\/\/informelitoral.com.ar\/parana-podria-ingresar-a-la-fase-de-transmision-comunitaria-del-coronavirus\/#primaryimage","url":"https:\/\/informelitoral.com.ar\/%77%70%2d%63%6f%6e%74%65%6e%74\/uploads\/2013\/06\/parana.jpg","contentUrl":"https:\/\/informelitoral.com.ar\/%77%70%2d%63%6f%6e%74%65%6e%74\/uploads\/2013\/06\/parana.jpg","width":300,"height":276},{"@type":"BreadcrumbList","@id":"https:\/\/informelitoral.com.ar\/parana-podria-ingresar-a-la-fase-de-transmision-comunitaria-del-coronavirus\/#breadcrumb","itemListElement":[{"@type":"ListItem","position":1,"name":"Portada","item":"https:\/\/informelitoral.com.ar\/"},{"@type":"ListItem","position":2,"name":"Paran\u00e1 podr\u00eda ingresar a la fase de transmisi\u00f3n comunitaria del coronavirus"}]},{"@type":"WebSite","@id":"https:\/\/informelitoral.com.ar\/#website","url":"https:\/\/informelitoral.com.ar\/","name":"Informe Litoral","description":"&quot;Nos informamos&quot; ","publisher":{"@id":"https:\/\/informelitoral.com.ar\/#organization"},"potentialAction":[{"@type":"SearchAction","target":{"@type":"EntryPoint","urlTemplate":"https:\/\/informelitoral.com.ar\/?s={search_term_string}"},"query-input":{"@type":"PropertyValueSpecification","valueRequired":true,"valueName":"search_term_string"}}],"inLanguage":"es"},{"@type":"Organization","@id":"https:\/\/informelitoral.com.ar\/#organization","name":"Informe Litoral","url":"https:\/\/informelitoral.com.ar\/","logo":{"@type":"ImageObject","inLanguage":"es","@id":"https:\/\/informelitoral.com.ar\/#\/schema\/logo\/image\/","url":"https:\/\/informelitoral.com.ar\/%77%70%2d%63%6f%6e%74%65%6e%74\/uploads\/2021\/01\/circulo.png","contentUrl":"https:\/\/informelitoral.com.ar\/%77%70%2d%63%6f%6e%74%65%6e%74\/uploads\/2021\/01\/circulo.png","width":723,"height":731,"caption":"Informe Litoral"},"image":{"@id":"https:\/\/informelitoral.com.ar\/#\/schema\/logo\/image\/"},"sameAs":["https:\/\/www.facebook.com\/informelitoral\/","https:\/\/x.com\/InformeLitoral","https:\/\/www.instagram.com\/informelitoral\/","https:\/\/www.youtube.com\/channel\/UCua4Qvz8Icb6MYqhoq9xLXw"]},{"@type":"Person","@id":"https:\/\/informelitoral.com.ar\/#\/schema\/person\/b9d00407c836482871ef1d57bf8e3180","name":"Gonzalo Schmidt","image":{"@type":"ImageObject","inLanguage":"es","@id":"https:\/\/secure.gravatar.com\/avatar\/31a1a7b66ff2de83bd0e9fd79d026630d2d99e55e8bfe501287647b4fd9743de?s=96&d=mm&r=g","url":"https:\/\/secure.gravatar.com\/avatar\/31a1a7b66ff2de83bd0e9fd79d026630d2d99e55e8bfe501287647b4fd9743de?s=96&d=mm&r=g","contentUrl":"https:\/\/secure.gravatar.com\/avatar\/31a1a7b66ff2de83bd0e9fd79d026630d2d99e55e8bfe501287647b4fd9743de?s=96&d=mm&r=g","caption":"Gonzalo Schmidt"},"description":"Sitio web de noticias de la provincia de Entre R\u00edos, Argentina. Informaci\u00f3n y entretenimiento. Informe Litoral, nos informamos.","sameAs":["http:\/\/www.isletasnoticias.com.ar"],"url":"https:\/\/informelitoral.com.ar\/author\/gonzalo\/"}]}},"_links":{"self":[{"href":"https:\/\/informelitoral.com.ar\/%77%70%2d%6a%73%6f%6e\/wp\/v2\/posts\/45091","targetHints":{"allow":["GET"]}}],"collection":[{"href":"https:\/\/informelitoral.com.ar\/%77%70%2d%6a%73%6f%6e\/wp\/v2\/posts"}],"about":[{"href":"https:\/\/informelitoral.com.ar\/%77%70%2d%6a%73%6f%6e\/wp\/v2\/types\/post"}],"author":[{"embeddable":true,"href":"https:\/\/informelitoral.com.ar\/%77%70%2d%6a%73%6f%6e\/wp\/v2\/users\/2"}],"replies":[{"embeddable":true,"href":"https:\/\/informelitoral.com.ar\/%77%70%2d%6a%73%6f%6e\/wp\/v2\/comments?post=45091"}],"version-history":[{"count":0,"href":"https:\/\/informelitoral.com.ar\/%77%70%2d%6a%73%6f%6e\/wp\/v2\/posts\/45091\/revisions"}],"wp:featuredmedia":[{"embeddable":true,"href":"https:\/\/informelitoral.com.ar\/%77%70%2d%6a%73%6f%6e\/wp\/v2\/media\/2223"}],"wp:attachment":[{"href":"https:\/\/informelitoral.com.ar\/%77%70%2d%6a%73%6f%6e\/wp\/v2\/media?parent=45091"}],"wp:term":[{"taxonomy":"category","embeddable":true,"href":"https:\/\/informelitoral.com.ar\/%77%70%2d%6a%73%6f%6e\/wp\/v2\/categories?post=45091"},{"taxonomy":"post_tag","embeddable":true,"href":"https:\/\/informelitoral.com.ar\/%77%70%2d%6a%73%6f%6e\/wp\/v2\/tags?post=45091"}],"curies":[{"name":"wp","href":"https:\/\/api.w.org\/{rel}","templated":true}]}}