{"id":45089,"date":"2020-07-01T15:30:45","date_gmt":"2020-07-01T18:30:45","guid":{"rendered":"https:\/\/www.isletasnoticias.com.ar\/?p=45089"},"modified":"2020-07-01T15:30:45","modified_gmt":"2020-07-01T18:30:45","slug":"feriados-la-semana-proxima-solo-tres-dias-seran-laborables","status":"publish","type":"post","link":"https:\/\/informelitoral.com.ar\/feriados-la-semana-proxima-solo-tres-dias-seran-laborables\/","title":{"rendered":"Feriados: la semana pr\u00f3xima s\u00f3lo tres d\u00edas ser\u00e1n laborables"},"content":{"rendered":"<p>El calendario de este a\u00f1o incluy\u00f3 19 feriados nacionales junto a ocho fines de semana largos. Varios de ellos cayeron lunes o viernes, con lo cual extendieron los d\u00edas de descanso.<\/p>\n<p>En julio confluir\u00e1n en el calendario un feriado inamovible y un feriado con fines tur\u00edsticos.\u00a0<b>Ser\u00e1 la semana venidera, dado que el 9 de Julio cae jueves y se agrega el viernes 10 como \u00abpuente\u00bb<\/b>.<\/p>\n<p>La medida fue estipulada a fin del a\u00f1o pasado y sigue vigente, pese a que por estos d\u00edas el turismo est\u00e1 prohibido en el pa\u00eds por el decreto que establece el \u00abdistanciamiento\u00bb o \u00abaislamiento\u00bb social en el pa\u00eds.<\/p>\n<p>Durante los feriados nacionales como los dos de la semana venidera, los empleados no est\u00e1n obligados trabajar. Si trabajan, se les debe abonar el doble (un 100% m\u00e1s que un d\u00eda normal).<\/p>\n","protected":false},"excerpt":{"rendered":"<p>En julio confluir\u00e1n en el calendario un feriado inamovible y un feriado con fines tur\u00edsticos. Pese a que el turismo est\u00e1 prohibido en todo el pa\u00eds por la cuarentena, la fecha ya hab\u00eda sido establecida a fines del a\u00f1o pasado y sigue vigente.<\/p>\n","protected":false},"author":2,"featured_media":4235,"comment_status":"open","ping_status":"open","sticky":false,"template":"","format":"standard","meta":{"fifu_image_url":"","fifu_image_alt":"","footnotes":""},"categories":[9],"tags":[491,887],"class_list":{"0":"post-45089","1":"post","2":"type-post","3":"status-publish","4":"format-standard","5":"has-post-thumbnail","7":"category-sociedad","8":"tag-feriado","9":"tag-julio"},"yoast_head":"<title>Feriados: la semana pr\u00f3xima s\u00f3lo tres d\u00edas ser\u00e1n laborables - Informe Litoral<\/title>\n<meta name=\"robots\" content=\"index, follow, max-snippet:-1, max-image-preview:large, max-video-preview:-1\" \/>\n<link rel=\"canonical\" href=\"https:\/\/informelitoral.com.ar\/feriados-la-semana-proxima-solo-tres-dias-seran-laborables\/\" \/>\n<meta property=\"og:locale\" content=\"es_ES\" \/>\n<meta property=\"og:type\" content=\"article\" \/>\n<meta property=\"og:title\" content=\"Feriados: la semana pr\u00f3xima s\u00f3lo tres d\u00edas ser\u00e1n laborables - Informe Litoral\" \/>\n<meta property=\"og:description\" content=\"En julio confluir\u00e1n en el calendario un feriado inamovible y un feriado con fines tur\u00edsticos. Pese a que el turismo est\u00e1 prohibido en todo el pa\u00eds por la cuarentena, la fecha ya hab\u00eda sido establecida a fines del a\u00f1o pasado y sigue vigente.\" \/>\n<meta property=\"og:url\" content=\"https:\/\/informelitoral.com.ar\/feriados-la-semana-proxima-solo-tres-dias-seran-laborables\/\" \/>\n<meta property=\"og:site_name\" content=\"Informe Litoral\" \/>\n<meta property=\"article:publisher\" content=\"https:\/\/www.facebook.com\/informelitoral\/\" \/>\n<meta property=\"article:published_time\" content=\"2020-07-01T18:30:45+00:00\" \/>\n<meta property=\"og:image\" content=\"https:\/\/informelitoral.com.ar\/%77%70%2d%63%6f%6e%74%65%6e%74\/uploads\/2013\/11\/feriados.jpg\" \/>\n\t<meta property=\"og:image:width\" content=\"306\" \/>\n\t<meta property=\"og:image:height\" content=\"165\" \/>\n\t<meta property=\"og:image:type\" content=\"image\/jpeg\" \/>\n<meta name=\"author\" content=\"Gonzalo Schmidt\" \/>\n<meta name=\"twitter:card\" content=\"summary_large_image\" \/>\n<meta name=\"twitter:creator\" content=\"@InformeLitoral\" \/>\n<meta name=\"twitter:site\" content=\"@InformeLitoral\" \/>\n<meta name=\"twitter:label1\" content=\"Escrito por\" \/>\n\t<meta name=\"twitter:data1\" content=\"Gonzalo Schmidt\" \/>\n\t<meta name=\"twitter:label2\" content=\"Tiempo de lectura\" \/>\n\t<meta name=\"twitter:data2\" content=\"1 minuto\" \/>\n<script type=\"application\/ld+json\" class=\"yoast-schema-graph\">{\"@context\":\"https:\\\/\\\/schema.org\",\"@graph\":[{\"@type\":\"Article\",\"@id\":\"https:\\\/\\\/informelitoral.com.ar\\\/feriados-la-semana-proxima-solo-tres-dias-seran-laborables\\\/#article\",\"isPartOf\":{\"@id\":\"https:\\\/\\\/informelitoral.com.ar\\\/feriados-la-semana-proxima-solo-tres-dias-seran-laborables\\\/\"},\"author\":{\"name\":\"Gonzalo Schmidt\",\"@id\":\"https:\\\/\\\/informelitoral.com.ar\\\/#\\\/schema\\\/person\\\/b9d00407c836482871ef1d57bf8e3180\"},\"headline\":\"Feriados: la semana pr\u00f3xima s\u00f3lo tres d\u00edas ser\u00e1n laborables\",\"datePublished\":\"2020-07-01T18:30:45+00:00\",\"mainEntityOfPage\":{\"@id\":\"https:\\\/\\\/informelitoral.com.ar\\\/feriados-la-semana-proxima-solo-tres-dias-seran-laborables\\\/\"},\"wordCount\":156,\"commentCount\":0,\"publisher\":{\"@id\":\"https:\\\/\\\/informelitoral.com.ar\\\/#organization\"},\"image\":{\"@id\":\"https:\\\/\\\/informelitoral.com.ar\\\/feriados-la-semana-proxima-solo-tres-dias-seran-laborables\\\/#primaryimage\"},\"thumbnailUrl\":\"https:\\\/\\\/informelitoral.com.ar\\\/%77%70%2d%63%6f%6e%74%65%6e%74\\\/uploads\\\/2013\\\/11\\\/feriados.jpg\",\"keywords\":[\"Feriado\",\"Julio\"],\"articleSection\":[\"Sociedad\"],\"inLanguage\":\"es\",\"potentialAction\":[{\"@type\":\"CommentAction\",\"name\":\"Comment\",\"target\":[\"https:\\\/\\\/informelitoral.com.ar\\\/feriados-la-semana-proxima-solo-tres-dias-seran-laborables\\\/#respond\"]}]},{\"@type\":\"WebPage\",\"@id\":\"https:\\\/\\\/informelitoral.com.ar\\\/feriados-la-semana-proxima-solo-tres-dias-seran-laborables\\\/\",\"url\":\"https:\\\/\\\/informelitoral.com.ar\\\/feriados-la-semana-proxima-solo-tres-dias-seran-laborables\\\/\",\"name\":\"Feriados: la semana pr\u00f3xima s\u00f3lo tres d\u00edas ser\u00e1n laborables - Informe Litoral\",\"isPartOf\":{\"@id\":\"https:\\\/\\\/informelitoral.com.ar\\\/#website\"},\"primaryImageOfPage\":{\"@id\":\"https:\\\/\\\/informelitoral.com.ar\\\/feriados-la-semana-proxima-solo-tres-dias-seran-laborables\\\/#primaryimage\"},\"image\":{\"@id\":\"https:\\\/\\\/informelitoral.com.ar\\\/feriados-la-semana-proxima-solo-tres-dias-seran-laborables\\\/#primaryimage\"},\"thumbnailUrl\":\"https:\\\/\\\/informelitoral.com.ar\\\/%77%70%2d%63%6f%6e%74%65%6e%74\\\/uploads\\\/2013\\\/11\\\/feriados.jpg\",\"datePublished\":\"2020-07-01T18:30:45+00:00\",\"breadcrumb\":{\"@id\":\"https:\\\/\\\/informelitoral.com.ar\\\/feriados-la-semana-proxima-solo-tres-dias-seran-laborables\\\/#breadcrumb\"},\"inLanguage\":\"es\",\"potentialAction\":[{\"@type\":\"ReadAction\",\"target\":[\"https:\\\/\\\/informelitoral.com.ar\\\/feriados-la-semana-proxima-solo-tres-dias-seran-laborables\\\/\"]}]},{\"@type\":\"ImageObject\",\"inLanguage\":\"es\",\"@id\":\"https:\\\/\\\/informelitoral.com.ar\\\/feriados-la-semana-proxima-solo-tres-dias-seran-laborables\\\/#primaryimage\",\"url\":\"https:\\\/\\\/informelitoral.com.ar\\\/%77%70%2d%63%6f%6e%74%65%6e%74\\\/uploads\\\/2013\\\/11\\\/feriados.jpg\",\"contentUrl\":\"https:\\\/\\\/informelitoral.com.ar\\\/%77%70%2d%63%6f%6e%74%65%6e%74\\\/uploads\\\/2013\\\/11\\\/feriados.jpg\",\"width\":306,\"height\":165},{\"@type\":\"BreadcrumbList\",\"@id\":\"https:\\\/\\\/informelitoral.com.ar\\\/feriados-la-semana-proxima-solo-tres-dias-seran-laborables\\\/#breadcrumb\",\"itemListElement\":[{\"@type\":\"ListItem\",\"position\":1,\"name\":\"Portada\",\"item\":\"https:\\\/\\\/informelitoral.com.ar\\\/\"},{\"@type\":\"ListItem\",\"position\":2,\"name\":\"Feriados: la semana pr\u00f3xima s\u00f3lo tres d\u00edas ser\u00e1n laborables\"}]},{\"@type\":\"WebSite\",\"@id\":\"https:\\\/\\\/informelitoral.com.ar\\\/#website\",\"url\":\"https:\\\/\\\/informelitoral.com.ar\\\/\",\"name\":\"Informe Litoral\",\"description\":\"&quot;Nos informamos&quot; \",\"publisher\":{\"@id\":\"https:\\\/\\\/informelitoral.com.ar\\\/#organization\"},\"potentialAction\":[{\"@type\":\"SearchAction\",\"target\":{\"@type\":\"EntryPoint\",\"urlTemplate\":\"https:\\\/\\\/informelitoral.com.ar\\\/?s={search_term_string}\"},\"query-input\":{\"@type\":\"PropertyValueSpecification\",\"valueRequired\":true,\"valueName\":\"search_term_string\"}}],\"inLanguage\":\"es\"},{\"@type\":\"Organization\",\"@id\":\"https:\\\/\\\/informelitoral.com.ar\\\/#organization\",\"name\":\"Informe Litoral\",\"url\":\"https:\\\/\\\/informelitoral.com.ar\\\/\",\"logo\":{\"@type\":\"ImageObject\",\"inLanguage\":\"es\",\"@id\":\"https:\\\/\\\/informelitoral.com.ar\\\/#\\\/schema\\\/logo\\\/image\\\/\",\"url\":\"https:\\\/\\\/informelitoral.com.ar\\\/%77%70%2d%63%6f%6e%74%65%6e%74\\\/uploads\\\/2021\\\/01\\\/circulo.png\",\"contentUrl\":\"https:\\\/\\\/informelitoral.com.ar\\\/%77%70%2d%63%6f%6e%74%65%6e%74\\\/uploads\\\/2021\\\/01\\\/circulo.png\",\"width\":723,\"height\":731,\"caption\":\"Informe Litoral\"},\"image\":{\"@id\":\"https:\\\/\\\/informelitoral.com.ar\\\/#\\\/schema\\\/logo\\\/image\\\/\"},\"sameAs\":[\"https:\\\/\\\/www.facebook.com\\\/informelitoral\\\/\",\"https:\\\/\\\/x.com\\\/InformeLitoral\",\"https:\\\/\\\/www.instagram.com\\\/informelitoral\\\/\",\"https:\\\/\\\/www.youtube.com\\\/channel\\\/UCua4Qvz8Icb6MYqhoq9xLXw\"]},{\"@type\":\"Person\",\"@id\":\"https:\\\/\\\/informelitoral.com.ar\\\/#\\\/schema\\\/person\\\/b9d00407c836482871ef1d57bf8e3180\",\"name\":\"Gonzalo Schmidt\",\"image\":{\"@type\":\"ImageObject\",\"inLanguage\":\"es\",\"@id\":\"https:\\\/\\\/secure.gravatar.com\\\/avatar\\\/31a1a7b66ff2de83bd0e9fd79d026630d2d99e55e8bfe501287647b4fd9743de?s=96&d=mm&r=g\",\"url\":\"https:\\\/\\\/secure.gravatar.com\\\/avatar\\\/31a1a7b66ff2de83bd0e9fd79d026630d2d99e55e8bfe501287647b4fd9743de?s=96&d=mm&r=g\",\"contentUrl\":\"https:\\\/\\\/secure.gravatar.com\\\/avatar\\\/31a1a7b66ff2de83bd0e9fd79d026630d2d99e55e8bfe501287647b4fd9743de?s=96&d=mm&r=g\",\"caption\":\"Gonzalo Schmidt\"},\"description\":\"Sitio web de noticias de la provincia de Entre R\u00edos, Argentina. Informaci\u00f3n y entretenimiento. Informe Litoral, nos informamos.\",\"sameAs\":[\"http:\\\/\\\/www.isletasnoticias.com.ar\"],\"url\":\"https:\\\/\\\/informelitoral.com.ar\\\/author\\\/gonzalo\\\/\"}]}<\/script>","yoast_head_json":{"title":"Feriados: la semana pr\u00f3xima s\u00f3lo tres d\u00edas ser\u00e1n laborables - Informe Litoral","robots":{"index":"index","follow":"follow","max-snippet":"max-snippet:-1","max-image-preview":"max-image-preview:large","max-video-preview":"max-video-preview:-1"},"canonical":"https:\/\/informelitoral.com.ar\/feriados-la-semana-proxima-solo-tres-dias-seran-laborables\/","og_locale":"es_ES","og_type":"article","og_title":"Feriados: la semana pr\u00f3xima s\u00f3lo tres d\u00edas ser\u00e1n laborables - Informe Litoral","og_description":"En julio confluir\u00e1n en el calendario un feriado inamovible y un feriado con fines tur\u00edsticos. Pese a que el turismo est\u00e1 prohibido en todo el pa\u00eds por la cuarentena, la fecha ya hab\u00eda sido establecida a fines del a\u00f1o pasado y sigue vigente.","og_url":"https:\/\/informelitoral.com.ar\/feriados-la-semana-proxima-solo-tres-dias-seran-laborables\/","og_site_name":"Informe Litoral","article_publisher":"https:\/\/www.facebook.com\/informelitoral\/","article_published_time":"2020-07-01T18:30:45+00:00","og_image":[{"width":306,"height":165,"url":"https:\/\/informelitoral.com.ar\/%77%70%2d%63%6f%6e%74%65%6e%74\/uploads\/2013\/11\/feriados.jpg","type":"image\/jpeg"}],"author":"Gonzalo Schmidt","twitter_card":"summary_large_image","twitter_creator":"@InformeLitoral","twitter_site":"@InformeLitoral","twitter_misc":{"Escrito por":"Gonzalo Schmidt","Tiempo de lectura":"1 minuto"},"schema":{"@context":"https:\/\/schema.org","@graph":[{"@type":"Article","@id":"https:\/\/informelitoral.com.ar\/feriados-la-semana-proxima-solo-tres-dias-seran-laborables\/#article","isPartOf":{"@id":"https:\/\/informelitoral.com.ar\/feriados-la-semana-proxima-solo-tres-dias-seran-laborables\/"},"author":{"name":"Gonzalo Schmidt","@id":"https:\/\/informelitoral.com.ar\/#\/schema\/person\/b9d00407c836482871ef1d57bf8e3180"},"headline":"Feriados: la semana pr\u00f3xima s\u00f3lo tres d\u00edas ser\u00e1n laborables","datePublished":"2020-07-01T18:30:45+00:00","mainEntityOfPage":{"@id":"https:\/\/informelitoral.com.ar\/feriados-la-semana-proxima-solo-tres-dias-seran-laborables\/"},"wordCount":156,"commentCount":0,"publisher":{"@id":"https:\/\/informelitoral.com.ar\/#organization"},"image":{"@id":"https:\/\/informelitoral.com.ar\/feriados-la-semana-proxima-solo-tres-dias-seran-laborables\/#primaryimage"},"thumbnailUrl":"https:\/\/informelitoral.com.ar\/%77%70%2d%63%6f%6e%74%65%6e%74\/uploads\/2013\/11\/feriados.jpg","keywords":["Feriado","Julio"],"articleSection":["Sociedad"],"inLanguage":"es","potentialAction":[{"@type":"CommentAction","name":"Comment","target":["https:\/\/informelitoral.com.ar\/feriados-la-semana-proxima-solo-tres-dias-seran-laborables\/#respond"]}]},{"@type":"WebPage","@id":"https:\/\/informelitoral.com.ar\/feriados-la-semana-proxima-solo-tres-dias-seran-laborables\/","url":"https:\/\/informelitoral.com.ar\/feriados-la-semana-proxima-solo-tres-dias-seran-laborables\/","name":"Feriados: la semana pr\u00f3xima s\u00f3lo tres d\u00edas ser\u00e1n laborables - Informe Litoral","isPartOf":{"@id":"https:\/\/informelitoral.com.ar\/#website"},"primaryImageOfPage":{"@id":"https:\/\/informelitoral.com.ar\/feriados-la-semana-proxima-solo-tres-dias-seran-laborables\/#primaryimage"},"image":{"@id":"https:\/\/informelitoral.com.ar\/feriados-la-semana-proxima-solo-tres-dias-seran-laborables\/#primaryimage"},"thumbnailUrl":"https:\/\/informelitoral.com.ar\/%77%70%2d%63%6f%6e%74%65%6e%74\/uploads\/2013\/11\/feriados.jpg","datePublished":"2020-07-01T18:30:45+00:00","breadcrumb":{"@id":"https:\/\/informelitoral.com.ar\/feriados-la-semana-proxima-solo-tres-dias-seran-laborables\/#breadcrumb"},"inLanguage":"es","potentialAction":[{"@type":"ReadAction","target":["https:\/\/informelitoral.com.ar\/feriados-la-semana-proxima-solo-tres-dias-seran-laborables\/"]}]},{"@type":"ImageObject","inLanguage":"es","@id":"https:\/\/informelitoral.com.ar\/feriados-la-semana-proxima-solo-tres-dias-seran-laborables\/#primaryimage","url":"https:\/\/informelitoral.com.ar\/%77%70%2d%63%6f%6e%74%65%6e%74\/uploads\/2013\/11\/feriados.jpg","contentUrl":"https:\/\/informelitoral.com.ar\/%77%70%2d%63%6f%6e%74%65%6e%74\/uploads\/2013\/11\/feriados.jpg","width":306,"height":165},{"@type":"BreadcrumbList","@id":"https:\/\/informelitoral.com.ar\/feriados-la-semana-proxima-solo-tres-dias-seran-laborables\/#breadcrumb","itemListElement":[{"@type":"ListItem","position":1,"name":"Portada","item":"https:\/\/informelitoral.com.ar\/"},{"@type":"ListItem","position":2,"name":"Feriados: la semana pr\u00f3xima s\u00f3lo tres d\u00edas ser\u00e1n laborables"}]},{"@type":"WebSite","@id":"https:\/\/informelitoral.com.ar\/#website","url":"https:\/\/informelitoral.com.ar\/","name":"Informe Litoral","description":"&quot;Nos informamos&quot; ","publisher":{"@id":"https:\/\/informelitoral.com.ar\/#organization"},"potentialAction":[{"@type":"SearchAction","target":{"@type":"EntryPoint","urlTemplate":"https:\/\/informelitoral.com.ar\/?s={search_term_string}"},"query-input":{"@type":"PropertyValueSpecification","valueRequired":true,"valueName":"search_term_string"}}],"inLanguage":"es"},{"@type":"Organization","@id":"https:\/\/informelitoral.com.ar\/#organization","name":"Informe Litoral","url":"https:\/\/informelitoral.com.ar\/","logo":{"@type":"ImageObject","inLanguage":"es","@id":"https:\/\/informelitoral.com.ar\/#\/schema\/logo\/image\/","url":"https:\/\/informelitoral.com.ar\/%77%70%2d%63%6f%6e%74%65%6e%74\/uploads\/2021\/01\/circulo.png","contentUrl":"https:\/\/informelitoral.com.ar\/%77%70%2d%63%6f%6e%74%65%6e%74\/uploads\/2021\/01\/circulo.png","width":723,"height":731,"caption":"Informe Litoral"},"image":{"@id":"https:\/\/informelitoral.com.ar\/#\/schema\/logo\/image\/"},"sameAs":["https:\/\/www.facebook.com\/informelitoral\/","https:\/\/x.com\/InformeLitoral","https:\/\/www.instagram.com\/informelitoral\/","https:\/\/www.youtube.com\/channel\/UCua4Qvz8Icb6MYqhoq9xLXw"]},{"@type":"Person","@id":"https:\/\/informelitoral.com.ar\/#\/schema\/person\/b9d00407c836482871ef1d57bf8e3180","name":"Gonzalo Schmidt","image":{"@type":"ImageObject","inLanguage":"es","@id":"https:\/\/secure.gravatar.com\/avatar\/31a1a7b66ff2de83bd0e9fd79d026630d2d99e55e8bfe501287647b4fd9743de?s=96&d=mm&r=g","url":"https:\/\/secure.gravatar.com\/avatar\/31a1a7b66ff2de83bd0e9fd79d026630d2d99e55e8bfe501287647b4fd9743de?s=96&d=mm&r=g","contentUrl":"https:\/\/secure.gravatar.com\/avatar\/31a1a7b66ff2de83bd0e9fd79d026630d2d99e55e8bfe501287647b4fd9743de?s=96&d=mm&r=g","caption":"Gonzalo Schmidt"},"description":"Sitio web de noticias de la provincia de Entre R\u00edos, Argentina. Informaci\u00f3n y entretenimiento. Informe Litoral, nos informamos.","sameAs":["http:\/\/www.isletasnoticias.com.ar"],"url":"https:\/\/informelitoral.com.ar\/author\/gonzalo\/"}]}},"_links":{"self":[{"href":"https:\/\/informelitoral.com.ar\/%77%70%2d%6a%73%6f%6e\/wp\/v2\/posts\/45089","targetHints":{"allow":["GET"]}}],"collection":[{"href":"https:\/\/informelitoral.com.ar\/%77%70%2d%6a%73%6f%6e\/wp\/v2\/posts"}],"about":[{"href":"https:\/\/informelitoral.com.ar\/%77%70%2d%6a%73%6f%6e\/wp\/v2\/types\/post"}],"author":[{"embeddable":true,"href":"https:\/\/informelitoral.com.ar\/%77%70%2d%6a%73%6f%6e\/wp\/v2\/users\/2"}],"replies":[{"embeddable":true,"href":"https:\/\/informelitoral.com.ar\/%77%70%2d%6a%73%6f%6e\/wp\/v2\/comments?post=45089"}],"version-history":[{"count":0,"href":"https:\/\/informelitoral.com.ar\/%77%70%2d%6a%73%6f%6e\/wp\/v2\/posts\/45089\/revisions"}],"wp:featuredmedia":[{"embeddable":true,"href":"https:\/\/informelitoral.com.ar\/%77%70%2d%6a%73%6f%6e\/wp\/v2\/media\/4235"}],"wp:attachment":[{"href":"https:\/\/informelitoral.com.ar\/%77%70%2d%6a%73%6f%6e\/wp\/v2\/media?parent=45089"}],"wp:term":[{"taxonomy":"category","embeddable":true,"href":"https:\/\/informelitoral.com.ar\/%77%70%2d%6a%73%6f%6e\/wp\/v2\/categories?post=45089"},{"taxonomy":"post_tag","embeddable":true,"href":"https:\/\/informelitoral.com.ar\/%77%70%2d%6a%73%6f%6e\/wp\/v2\/tags?post=45089"}],"curies":[{"name":"wp","href":"https:\/\/api.w.org\/{rel}","templated":true}]}}