{"id":45083,"date":"2020-07-01T15:11:44","date_gmt":"2020-07-01T18:11:44","guid":{"rendered":"https:\/\/www.isletasnoticias.com.ar\/?p=45083"},"modified":"2020-07-01T15:11:44","modified_gmt":"2020-07-01T18:11:44","slug":"podran-abrir-los-gimnasios-en-ciudades-entrerrianas-sin-casos-activos-de-covid-19","status":"publish","type":"post","link":"https:\/\/informelitoral.com.ar\/podran-abrir-los-gimnasios-en-ciudades-entrerrianas-sin-casos-activos-de-covid-19\/","title":{"rendered":"Podr\u00e1n abrir los gimnasios en ciudades entrerrianas sin casos activos de Covid-19"},"content":{"rendered":"<p>\u201cRealizamos un an\u00e1lisis pormenorizado de la realidad epidemiol\u00f3gica de las distintas localidades y el trabajo de los COES locales. Lo hacemos con el fin de seguir habilitando responsablemente actividades econ\u00f3micas, deportivas, culturales y recreativas\u201d, dijo el gobernador <strong>Gustavo Bordet.<\/strong><\/p>\n<p>Tras la reuni\u00f3n que mantuvo este mi\u00e9rcoles con los ministros de Salud,<strong> Sonia Vel\u00e1zquez<\/strong>, y de Producci\u00f3n<strong>, Juan Jos\u00e9 Bahillo,<\/strong> el mandatario afirm\u00f3 adem\u00e1s que \u201ccon la recomendaci\u00f3n del equipo de salud,<strong> definimos autorizar a los municipios sin casos activos de Covid 19 y que puedan garantizar el cumplimiento del protocolo sanitario, a que habiliten gimnasios a partir del pr\u00f3ximo lunes\u201d<\/strong>.<\/p>\n<p>\u201c<strong>Vamos a fijar estrategias diferenciales para las ciudades de acuerdo a su estatus sanitario<\/strong>\u201d, continu\u00f3 diciendo el gobernador, quien finalmente indic\u00f3: \u201cDe esta forma queremos llevar claridad y tranquilidad a las familias entrerrianas. No obstante, siempre debemos tener presente en la responsabilidad de todos y la importancia del autocuidado porque la salud es nuestra prioridad\u201d.<\/p>\n","protected":false},"excerpt":{"rendered":"<p>La apertura se podr\u00e1 realizar desde el pr\u00f3ximo lunes 6 de julio de acuerdo a lo que defina cada municipio. La decisi\u00f3n fue anunciada por el gobernador, Gustavo Bordet. <\/p>\n","protected":false},"author":2,"featured_media":45084,"comment_status":"open","ping_status":"open","sticky":false,"template":"","format":"standard","meta":{"fifu_image_url":"","fifu_image_alt":"","footnotes":""},"categories":[6],"tags":[1426,1481,81,1576,167,1494,652],"class_list":{"0":"post-45083","1":"post","2":"type-post","3":"status-publish","4":"format-standard","5":"has-post-thumbnail","7":"category-entre-rios","8":"tag-coronavirus","9":"tag-covid-19","10":"tag-entre-rios","11":"tag-gimnasios","12":"tag-gustavo-bordet","13":"tag-pandemia","14":"tag-salud-publica"},"yoast_head":"<title>Podr\u00e1n abrir los gimnasios en ciudades entrerrianas sin casos activos de Covid-19 - Informe Litoral<\/title>\n<meta name=\"robots\" content=\"index, follow, max-snippet:-1, max-image-preview:large, max-video-preview:-1\" \/>\n<link rel=\"canonical\" href=\"https:\/\/informelitoral.com.ar\/podran-abrir-los-gimnasios-en-ciudades-entrerrianas-sin-casos-activos-de-covid-19\/\" \/>\n<meta property=\"og:locale\" content=\"es_ES\" \/>\n<meta property=\"og:type\" content=\"article\" \/>\n<meta property=\"og:title\" content=\"Podr\u00e1n abrir los gimnasios en ciudades entrerrianas sin casos activos de Covid-19 - Informe Litoral\" \/>\n<meta property=\"og:description\" content=\"La apertura se podr\u00e1 realizar desde el pr\u00f3ximo lunes 6 de julio de acuerdo a lo que defina cada municipio. La decisi\u00f3n fue anunciada por el gobernador, Gustavo Bordet.\" \/>\n<meta property=\"og:url\" content=\"https:\/\/informelitoral.com.ar\/podran-abrir-los-gimnasios-en-ciudades-entrerrianas-sin-casos-activos-de-covid-19\/\" \/>\n<meta property=\"og:site_name\" content=\"Informe Litoral\" \/>\n<meta property=\"article:publisher\" content=\"https:\/\/www.facebook.com\/informelitoral\/\" \/>\n<meta property=\"article:published_time\" content=\"2020-07-01T18:11:44+00:00\" \/>\n<meta property=\"og:image\" content=\"https:\/\/informelitoral.com.ar\/%77%70%2d%63%6f%6e%74%65%6e%74\/uploads\/2020\/07\/gimnasios.jpg\" \/>\n\t<meta property=\"og:image:width\" content=\"800\" \/>\n\t<meta property=\"og:image:height\" content=\"454\" \/>\n\t<meta property=\"og:image:type\" content=\"image\/jpeg\" \/>\n<meta name=\"author\" content=\"Gonzalo Schmidt\" \/>\n<meta name=\"twitter:card\" content=\"summary_large_image\" \/>\n<meta name=\"twitter:creator\" content=\"@InformeLitoral\" \/>\n<meta name=\"twitter:site\" content=\"@InformeLitoral\" \/>\n<meta name=\"twitter:label1\" content=\"Escrito por\" \/>\n\t<meta name=\"twitter:data1\" content=\"Gonzalo Schmidt\" \/>\n\t<meta name=\"twitter:label2\" content=\"Tiempo de lectura\" \/>\n\t<meta name=\"twitter:data2\" content=\"1 minuto\" \/>\n<script type=\"application\/ld+json\" class=\"yoast-schema-graph\">{\"@context\":\"https:\\\/\\\/schema.org\",\"@graph\":[{\"@type\":\"Article\",\"@id\":\"https:\\\/\\\/informelitoral.com.ar\\\/podran-abrir-los-gimnasios-en-ciudades-entrerrianas-sin-casos-activos-de-covid-19\\\/#article\",\"isPartOf\":{\"@id\":\"https:\\\/\\\/informelitoral.com.ar\\\/podran-abrir-los-gimnasios-en-ciudades-entrerrianas-sin-casos-activos-de-covid-19\\\/\"},\"author\":{\"name\":\"Gonzalo Schmidt\",\"@id\":\"https:\\\/\\\/informelitoral.com.ar\\\/#\\\/schema\\\/person\\\/b9d00407c836482871ef1d57bf8e3180\"},\"headline\":\"Podr\u00e1n abrir los gimnasios en ciudades entrerrianas sin casos activos de Covid-19\",\"datePublished\":\"2020-07-01T18:11:44+00:00\",\"mainEntityOfPage\":{\"@id\":\"https:\\\/\\\/informelitoral.com.ar\\\/podran-abrir-los-gimnasios-en-ciudades-entrerrianas-sin-casos-activos-de-covid-19\\\/\"},\"wordCount\":177,\"commentCount\":0,\"publisher\":{\"@id\":\"https:\\\/\\\/informelitoral.com.ar\\\/#organization\"},\"image\":{\"@id\":\"https:\\\/\\\/informelitoral.com.ar\\\/podran-abrir-los-gimnasios-en-ciudades-entrerrianas-sin-casos-activos-de-covid-19\\\/#primaryimage\"},\"thumbnailUrl\":\"https:\\\/\\\/informelitoral.com.ar\\\/%77%70%2d%63%6f%6e%74%65%6e%74\\\/uploads\\\/2020\\\/07\\\/gimnasios.jpg\",\"keywords\":[\"Coronavirus\",\"COVID-19\",\"Entre R\u00edos\",\"Gimnasios\",\"Gustavo Bordet\",\"Pandemia\",\"Salud p\u00fablica\"],\"articleSection\":[\"Entre R\u00edos\"],\"inLanguage\":\"es\",\"potentialAction\":[{\"@type\":\"CommentAction\",\"name\":\"Comment\",\"target\":[\"https:\\\/\\\/informelitoral.com.ar\\\/podran-abrir-los-gimnasios-en-ciudades-entrerrianas-sin-casos-activos-de-covid-19\\\/#respond\"]}]},{\"@type\":\"WebPage\",\"@id\":\"https:\\\/\\\/informelitoral.com.ar\\\/podran-abrir-los-gimnasios-en-ciudades-entrerrianas-sin-casos-activos-de-covid-19\\\/\",\"url\":\"https:\\\/\\\/informelitoral.com.ar\\\/podran-abrir-los-gimnasios-en-ciudades-entrerrianas-sin-casos-activos-de-covid-19\\\/\",\"name\":\"Podr\u00e1n abrir los gimnasios en ciudades entrerrianas sin casos activos de Covid-19 - Informe Litoral\",\"isPartOf\":{\"@id\":\"https:\\\/\\\/informelitoral.com.ar\\\/#website\"},\"primaryImageOfPage\":{\"@id\":\"https:\\\/\\\/informelitoral.com.ar\\\/podran-abrir-los-gimnasios-en-ciudades-entrerrianas-sin-casos-activos-de-covid-19\\\/#primaryimage\"},\"image\":{\"@id\":\"https:\\\/\\\/informelitoral.com.ar\\\/podran-abrir-los-gimnasios-en-ciudades-entrerrianas-sin-casos-activos-de-covid-19\\\/#primaryimage\"},\"thumbnailUrl\":\"https:\\\/\\\/informelitoral.com.ar\\\/%77%70%2d%63%6f%6e%74%65%6e%74\\\/uploads\\\/2020\\\/07\\\/gimnasios.jpg\",\"datePublished\":\"2020-07-01T18:11:44+00:00\",\"breadcrumb\":{\"@id\":\"https:\\\/\\\/informelitoral.com.ar\\\/podran-abrir-los-gimnasios-en-ciudades-entrerrianas-sin-casos-activos-de-covid-19\\\/#breadcrumb\"},\"inLanguage\":\"es\",\"potentialAction\":[{\"@type\":\"ReadAction\",\"target\":[\"https:\\\/\\\/informelitoral.com.ar\\\/podran-abrir-los-gimnasios-en-ciudades-entrerrianas-sin-casos-activos-de-covid-19\\\/\"]}]},{\"@type\":\"ImageObject\",\"inLanguage\":\"es\",\"@id\":\"https:\\\/\\\/informelitoral.com.ar\\\/podran-abrir-los-gimnasios-en-ciudades-entrerrianas-sin-casos-activos-de-covid-19\\\/#primaryimage\",\"url\":\"https:\\\/\\\/informelitoral.com.ar\\\/%77%70%2d%63%6f%6e%74%65%6e%74\\\/uploads\\\/2020\\\/07\\\/gimnasios.jpg\",\"contentUrl\":\"https:\\\/\\\/informelitoral.com.ar\\\/%77%70%2d%63%6f%6e%74%65%6e%74\\\/uploads\\\/2020\\\/07\\\/gimnasios.jpg\",\"width\":800,\"height\":454},{\"@type\":\"BreadcrumbList\",\"@id\":\"https:\\\/\\\/informelitoral.com.ar\\\/podran-abrir-los-gimnasios-en-ciudades-entrerrianas-sin-casos-activos-de-covid-19\\\/#breadcrumb\",\"itemListElement\":[{\"@type\":\"ListItem\",\"position\":1,\"name\":\"Portada\",\"item\":\"https:\\\/\\\/informelitoral.com.ar\\\/\"},{\"@type\":\"ListItem\",\"position\":2,\"name\":\"Podr\u00e1n abrir los gimnasios en ciudades entrerrianas sin casos activos de Covid-19\"}]},{\"@type\":\"WebSite\",\"@id\":\"https:\\\/\\\/informelitoral.com.ar\\\/#website\",\"url\":\"https:\\\/\\\/informelitoral.com.ar\\\/\",\"name\":\"Informe Litoral\",\"description\":\"&quot;Nos informamos&quot; \",\"publisher\":{\"@id\":\"https:\\\/\\\/informelitoral.com.ar\\\/#organization\"},\"potentialAction\":[{\"@type\":\"SearchAction\",\"target\":{\"@type\":\"EntryPoint\",\"urlTemplate\":\"https:\\\/\\\/informelitoral.com.ar\\\/?s={search_term_string}\"},\"query-input\":{\"@type\":\"PropertyValueSpecification\",\"valueRequired\":true,\"valueName\":\"search_term_string\"}}],\"inLanguage\":\"es\"},{\"@type\":\"Organization\",\"@id\":\"https:\\\/\\\/informelitoral.com.ar\\\/#organization\",\"name\":\"Informe Litoral\",\"url\":\"https:\\\/\\\/informelitoral.com.ar\\\/\",\"logo\":{\"@type\":\"ImageObject\",\"inLanguage\":\"es\",\"@id\":\"https:\\\/\\\/informelitoral.com.ar\\\/#\\\/schema\\\/logo\\\/image\\\/\",\"url\":\"https:\\\/\\\/informelitoral.com.ar\\\/%77%70%2d%63%6f%6e%74%65%6e%74\\\/uploads\\\/2021\\\/01\\\/circulo.png\",\"contentUrl\":\"https:\\\/\\\/informelitoral.com.ar\\\/%77%70%2d%63%6f%6e%74%65%6e%74\\\/uploads\\\/2021\\\/01\\\/circulo.png\",\"width\":723,\"height\":731,\"caption\":\"Informe Litoral\"},\"image\":{\"@id\":\"https:\\\/\\\/informelitoral.com.ar\\\/#\\\/schema\\\/logo\\\/image\\\/\"},\"sameAs\":[\"https:\\\/\\\/www.facebook.com\\\/informelitoral\\\/\",\"https:\\\/\\\/x.com\\\/InformeLitoral\",\"https:\\\/\\\/www.instagram.com\\\/informelitoral\\\/\",\"https:\\\/\\\/www.youtube.com\\\/channel\\\/UCua4Qvz8Icb6MYqhoq9xLXw\"]},{\"@type\":\"Person\",\"@id\":\"https:\\\/\\\/informelitoral.com.ar\\\/#\\\/schema\\\/person\\\/b9d00407c836482871ef1d57bf8e3180\",\"name\":\"Gonzalo Schmidt\",\"image\":{\"@type\":\"ImageObject\",\"inLanguage\":\"es\",\"@id\":\"https:\\\/\\\/secure.gravatar.com\\\/avatar\\\/31a1a7b66ff2de83bd0e9fd79d026630d2d99e55e8bfe501287647b4fd9743de?s=96&d=mm&r=g\",\"url\":\"https:\\\/\\\/secure.gravatar.com\\\/avatar\\\/31a1a7b66ff2de83bd0e9fd79d026630d2d99e55e8bfe501287647b4fd9743de?s=96&d=mm&r=g\",\"contentUrl\":\"https:\\\/\\\/secure.gravatar.com\\\/avatar\\\/31a1a7b66ff2de83bd0e9fd79d026630d2d99e55e8bfe501287647b4fd9743de?s=96&d=mm&r=g\",\"caption\":\"Gonzalo Schmidt\"},\"description\":\"Sitio web de noticias de la provincia de Entre R\u00edos, Argentina. Informaci\u00f3n y entretenimiento. Informe Litoral, nos informamos.\",\"sameAs\":[\"http:\\\/\\\/www.isletasnoticias.com.ar\"],\"url\":\"https:\\\/\\\/informelitoral.com.ar\\\/author\\\/gonzalo\\\/\"}]}<\/script>","yoast_head_json":{"title":"Podr\u00e1n abrir los gimnasios en ciudades entrerrianas sin casos activos de Covid-19 - Informe Litoral","robots":{"index":"index","follow":"follow","max-snippet":"max-snippet:-1","max-image-preview":"max-image-preview:large","max-video-preview":"max-video-preview:-1"},"canonical":"https:\/\/informelitoral.com.ar\/podran-abrir-los-gimnasios-en-ciudades-entrerrianas-sin-casos-activos-de-covid-19\/","og_locale":"es_ES","og_type":"article","og_title":"Podr\u00e1n abrir los gimnasios en ciudades entrerrianas sin casos activos de Covid-19 - Informe Litoral","og_description":"La apertura se podr\u00e1 realizar desde el pr\u00f3ximo lunes 6 de julio de acuerdo a lo que defina cada municipio. La decisi\u00f3n fue anunciada por el gobernador, Gustavo Bordet.","og_url":"https:\/\/informelitoral.com.ar\/podran-abrir-los-gimnasios-en-ciudades-entrerrianas-sin-casos-activos-de-covid-19\/","og_site_name":"Informe Litoral","article_publisher":"https:\/\/www.facebook.com\/informelitoral\/","article_published_time":"2020-07-01T18:11:44+00:00","og_image":[{"width":800,"height":454,"url":"https:\/\/informelitoral.com.ar\/%77%70%2d%63%6f%6e%74%65%6e%74\/uploads\/2020\/07\/gimnasios.jpg","type":"image\/jpeg"}],"author":"Gonzalo Schmidt","twitter_card":"summary_large_image","twitter_creator":"@InformeLitoral","twitter_site":"@InformeLitoral","twitter_misc":{"Escrito por":"Gonzalo Schmidt","Tiempo de lectura":"1 minuto"},"schema":{"@context":"https:\/\/schema.org","@graph":[{"@type":"Article","@id":"https:\/\/informelitoral.com.ar\/podran-abrir-los-gimnasios-en-ciudades-entrerrianas-sin-casos-activos-de-covid-19\/#article","isPartOf":{"@id":"https:\/\/informelitoral.com.ar\/podran-abrir-los-gimnasios-en-ciudades-entrerrianas-sin-casos-activos-de-covid-19\/"},"author":{"name":"Gonzalo Schmidt","@id":"https:\/\/informelitoral.com.ar\/#\/schema\/person\/b9d00407c836482871ef1d57bf8e3180"},"headline":"Podr\u00e1n abrir los gimnasios en ciudades entrerrianas sin casos activos de Covid-19","datePublished":"2020-07-01T18:11:44+00:00","mainEntityOfPage":{"@id":"https:\/\/informelitoral.com.ar\/podran-abrir-los-gimnasios-en-ciudades-entrerrianas-sin-casos-activos-de-covid-19\/"},"wordCount":177,"commentCount":0,"publisher":{"@id":"https:\/\/informelitoral.com.ar\/#organization"},"image":{"@id":"https:\/\/informelitoral.com.ar\/podran-abrir-los-gimnasios-en-ciudades-entrerrianas-sin-casos-activos-de-covid-19\/#primaryimage"},"thumbnailUrl":"https:\/\/informelitoral.com.ar\/%77%70%2d%63%6f%6e%74%65%6e%74\/uploads\/2020\/07\/gimnasios.jpg","keywords":["Coronavirus","COVID-19","Entre R\u00edos","Gimnasios","Gustavo Bordet","Pandemia","Salud p\u00fablica"],"articleSection":["Entre R\u00edos"],"inLanguage":"es","potentialAction":[{"@type":"CommentAction","name":"Comment","target":["https:\/\/informelitoral.com.ar\/podran-abrir-los-gimnasios-en-ciudades-entrerrianas-sin-casos-activos-de-covid-19\/#respond"]}]},{"@type":"WebPage","@id":"https:\/\/informelitoral.com.ar\/podran-abrir-los-gimnasios-en-ciudades-entrerrianas-sin-casos-activos-de-covid-19\/","url":"https:\/\/informelitoral.com.ar\/podran-abrir-los-gimnasios-en-ciudades-entrerrianas-sin-casos-activos-de-covid-19\/","name":"Podr\u00e1n abrir los gimnasios en ciudades entrerrianas sin casos activos de Covid-19 - Informe Litoral","isPartOf":{"@id":"https:\/\/informelitoral.com.ar\/#website"},"primaryImageOfPage":{"@id":"https:\/\/informelitoral.com.ar\/podran-abrir-los-gimnasios-en-ciudades-entrerrianas-sin-casos-activos-de-covid-19\/#primaryimage"},"image":{"@id":"https:\/\/informelitoral.com.ar\/podran-abrir-los-gimnasios-en-ciudades-entrerrianas-sin-casos-activos-de-covid-19\/#primaryimage"},"thumbnailUrl":"https:\/\/informelitoral.com.ar\/%77%70%2d%63%6f%6e%74%65%6e%74\/uploads\/2020\/07\/gimnasios.jpg","datePublished":"2020-07-01T18:11:44+00:00","breadcrumb":{"@id":"https:\/\/informelitoral.com.ar\/podran-abrir-los-gimnasios-en-ciudades-entrerrianas-sin-casos-activos-de-covid-19\/#breadcrumb"},"inLanguage":"es","potentialAction":[{"@type":"ReadAction","target":["https:\/\/informelitoral.com.ar\/podran-abrir-los-gimnasios-en-ciudades-entrerrianas-sin-casos-activos-de-covid-19\/"]}]},{"@type":"ImageObject","inLanguage":"es","@id":"https:\/\/informelitoral.com.ar\/podran-abrir-los-gimnasios-en-ciudades-entrerrianas-sin-casos-activos-de-covid-19\/#primaryimage","url":"https:\/\/informelitoral.com.ar\/%77%70%2d%63%6f%6e%74%65%6e%74\/uploads\/2020\/07\/gimnasios.jpg","contentUrl":"https:\/\/informelitoral.com.ar\/%77%70%2d%63%6f%6e%74%65%6e%74\/uploads\/2020\/07\/gimnasios.jpg","width":800,"height":454},{"@type":"BreadcrumbList","@id":"https:\/\/informelitoral.com.ar\/podran-abrir-los-gimnasios-en-ciudades-entrerrianas-sin-casos-activos-de-covid-19\/#breadcrumb","itemListElement":[{"@type":"ListItem","position":1,"name":"Portada","item":"https:\/\/informelitoral.com.ar\/"},{"@type":"ListItem","position":2,"name":"Podr\u00e1n abrir los gimnasios en ciudades entrerrianas sin casos activos de Covid-19"}]},{"@type":"WebSite","@id":"https:\/\/informelitoral.com.ar\/#website","url":"https:\/\/informelitoral.com.ar\/","name":"Informe Litoral","description":"&quot;Nos informamos&quot; ","publisher":{"@id":"https:\/\/informelitoral.com.ar\/#organization"},"potentialAction":[{"@type":"SearchAction","target":{"@type":"EntryPoint","urlTemplate":"https:\/\/informelitoral.com.ar\/?s={search_term_string}"},"query-input":{"@type":"PropertyValueSpecification","valueRequired":true,"valueName":"search_term_string"}}],"inLanguage":"es"},{"@type":"Organization","@id":"https:\/\/informelitoral.com.ar\/#organization","name":"Informe Litoral","url":"https:\/\/informelitoral.com.ar\/","logo":{"@type":"ImageObject","inLanguage":"es","@id":"https:\/\/informelitoral.com.ar\/#\/schema\/logo\/image\/","url":"https:\/\/informelitoral.com.ar\/%77%70%2d%63%6f%6e%74%65%6e%74\/uploads\/2021\/01\/circulo.png","contentUrl":"https:\/\/informelitoral.com.ar\/%77%70%2d%63%6f%6e%74%65%6e%74\/uploads\/2021\/01\/circulo.png","width":723,"height":731,"caption":"Informe Litoral"},"image":{"@id":"https:\/\/informelitoral.com.ar\/#\/schema\/logo\/image\/"},"sameAs":["https:\/\/www.facebook.com\/informelitoral\/","https:\/\/x.com\/InformeLitoral","https:\/\/www.instagram.com\/informelitoral\/","https:\/\/www.youtube.com\/channel\/UCua4Qvz8Icb6MYqhoq9xLXw"]},{"@type":"Person","@id":"https:\/\/informelitoral.com.ar\/#\/schema\/person\/b9d00407c836482871ef1d57bf8e3180","name":"Gonzalo Schmidt","image":{"@type":"ImageObject","inLanguage":"es","@id":"https:\/\/secure.gravatar.com\/avatar\/31a1a7b66ff2de83bd0e9fd79d026630d2d99e55e8bfe501287647b4fd9743de?s=96&d=mm&r=g","url":"https:\/\/secure.gravatar.com\/avatar\/31a1a7b66ff2de83bd0e9fd79d026630d2d99e55e8bfe501287647b4fd9743de?s=96&d=mm&r=g","contentUrl":"https:\/\/secure.gravatar.com\/avatar\/31a1a7b66ff2de83bd0e9fd79d026630d2d99e55e8bfe501287647b4fd9743de?s=96&d=mm&r=g","caption":"Gonzalo Schmidt"},"description":"Sitio web de noticias de la provincia de Entre R\u00edos, Argentina. Informaci\u00f3n y entretenimiento. Informe Litoral, nos informamos.","sameAs":["http:\/\/www.isletasnoticias.com.ar"],"url":"https:\/\/informelitoral.com.ar\/author\/gonzalo\/"}]}},"_links":{"self":[{"href":"https:\/\/informelitoral.com.ar\/%77%70%2d%6a%73%6f%6e\/wp\/v2\/posts\/45083","targetHints":{"allow":["GET"]}}],"collection":[{"href":"https:\/\/informelitoral.com.ar\/%77%70%2d%6a%73%6f%6e\/wp\/v2\/posts"}],"about":[{"href":"https:\/\/informelitoral.com.ar\/%77%70%2d%6a%73%6f%6e\/wp\/v2\/types\/post"}],"author":[{"embeddable":true,"href":"https:\/\/informelitoral.com.ar\/%77%70%2d%6a%73%6f%6e\/wp\/v2\/users\/2"}],"replies":[{"embeddable":true,"href":"https:\/\/informelitoral.com.ar\/%77%70%2d%6a%73%6f%6e\/wp\/v2\/comments?post=45083"}],"version-history":[{"count":0,"href":"https:\/\/informelitoral.com.ar\/%77%70%2d%6a%73%6f%6e\/wp\/v2\/posts\/45083\/revisions"}],"wp:featuredmedia":[{"embeddable":true,"href":"https:\/\/informelitoral.com.ar\/%77%70%2d%6a%73%6f%6e\/wp\/v2\/media\/45084"}],"wp:attachment":[{"href":"https:\/\/informelitoral.com.ar\/%77%70%2d%6a%73%6f%6e\/wp\/v2\/media?parent=45083"}],"wp:term":[{"taxonomy":"category","embeddable":true,"href":"https:\/\/informelitoral.com.ar\/%77%70%2d%6a%73%6f%6e\/wp\/v2\/categories?post=45083"},{"taxonomy":"post_tag","embeddable":true,"href":"https:\/\/informelitoral.com.ar\/%77%70%2d%6a%73%6f%6e\/wp\/v2\/tags?post=45083"}],"curies":[{"name":"wp","href":"https:\/\/api.w.org\/{rel}","templated":true}]}}