{"id":45076,"date":"2020-07-01T11:51:59","date_gmt":"2020-07-01T14:51:59","guid":{"rendered":"https:\/\/www.isletasnoticias.com.ar\/?p=45076"},"modified":"2020-07-01T12:00:41","modified_gmt":"2020-07-01T15:00:41","slug":"radicales-del-departamento-diamante-repudiaron-ataques-a-los-productores","status":"publish","type":"post","link":"https:\/\/informelitoral.com.ar\/radicales-del-departamento-diamante-repudiaron-ataques-a-los-productores\/","title":{"rendered":"Radicales del departamento Diamante repudiaron \u00abataques a los productores\u00bb"},"content":{"rendered":"<p>El radicalismo del departamento Diamante sali\u00f3 en apoyo a los productores luego de los hechos de vandalismo que se registraron en diferentes puntos del pa\u00eds y la provincia.<\/p>\n<p>Mediante un comunicado, en donde califican a los autores de los da\u00f1os de tener <strong>\u00abconnotaciones fascistas\u00bb<\/strong>, desde el <strong>Comit\u00e9 Departamental de la Uni\u00f3n C\u00edvica Radical<\/strong> -UCR- hacen referencia a \u00ab<a href=\"https:\/\/www.isletasnoticias.com.ar\/productor-de-la-zona-de-valle-maria-denuncio-la-quema-de-11-rollos\/\">un nuevo hecho de vandalismo, esta vez en la zona de aldeas del Departamento de Diamante<\/a>\u00ab, al que consideran una pr\u00e1ctica que \u00ab<strong>genera odio y entroniza violencias<\/strong>\u00ab.<\/p>\n<p>En el texto envido a<em><strong> IN<\/strong><\/em>, manifiestan: \u00abDesde un tiempo a esta parte observamos el paulatino incremento del accionar vand\u00e1lico dirigido contra productores agropecuarios en todo el pa\u00eds. Realmente <strong>cuesta escindir estos hechos devastadores de las expresiones violentas e incitadoras de rencor y odio hacia los productores rurales por parte de dirigentes pol\u00edticos vinculados al oficialismo y algunos periodistas militantes, incluyendo adem\u00e1s en esas destempladas voces cargadas de fascismo, las que rotundamente llamaban a quemar los campos de los productores. Dif\u00edcil resulta encontrar desvinculaci\u00f3n en estos hechos de pillaje de connotaciones ideol\u00f3gicas<\/strong>\u00ab, analizan.<\/p>\n<p>En ese marco, lamentan que \u00abparece mentira que en la actualidad sigan perpetr\u00e1ndose este tipo de acciones que atacan y quitan el incentivo a la actividad del sector econ\u00f3mico m\u00e1s importante y din\u00e1mico del pa\u00eds, generador de divisas para el pa\u00eds, como lo es el campo\u00bb.<\/p>\n<p>Por otra parte desde la UCR aseguran que las autoridades no tuvieron una posici\u00f3n clara al respecto. \u00ab<strong>Lamentablemente no hemos observado ninguna condena de estas acciones,<\/strong> solidaridad hacia los afectados como tampoco el compromiso de investigar y castigar penalmente a los autores materiales e intelectuales por parte del gobierno y la dirigencia oficialista,<a href=\"https:\/\/www.isletasnoticias.com.ar\/condeno-y-repudio-energicamente-los-hechos-de-vandalismo-sucedidos-en-campos-entrerrianos-dijo-bahillo\/\"> salvo la solitaria expresi\u00f3n de alg\u00fan ministro provincial<\/a>\u00ab, reconocieron.<\/p>\n<p>\u00abCon este da\u00f1o material y econ\u00f3mico importante en el caso de peque\u00f1os y medianos productores, \u00bfCu\u00e1l es el objetivo de este accionar, qu\u00e9 se busca con ello? <strong>No resultar\u00eda impropio que lo sea generar el miedo en el sector, tender a la desmovilizaci\u00f3n contra medidas del gobierno, y ser en definitiva, un eslab\u00f3n m\u00e1s en el camino que pretende regimentar a la sociedad toda<\/strong>\u00ab, concluye el escrito.<\/p>\n","protected":false},"excerpt":{"rendered":"<p>Es ante la rotura de silobolsas y da\u00f1os a productores de la zona. Desde el Comit\u00e9 Departamental de la UCR calificaron al accionar como \u00abfascista\u00bb y aseguraron que \u00abno hemos observado ninguna condena\u00bb. <\/p>\n","protected":false},"author":2,"featured_media":44916,"comment_status":"open","ping_status":"open","sticky":false,"template":"","format":"standard","meta":{"fifu_image_url":"","fifu_image_alt":"","footnotes":""},"categories":[5,16],"tags":[1385,818,1147,519,169],"class_list":{"0":"post-45076","1":"post","2":"type-post","3":"status-publish","4":"format-standard","5":"has-post-thumbnail","7":"category-zonales","8":"category-politi","9":"tag-departamento-diamante","10":"tag-productores","11":"tag-radicalismo","12":"tag-silobolsa","13":"tag-ucr"},"yoast_head":"<title>Radicales del departamento Diamante repudiaron &quot;ataques a los productores&quot; - Informe Litoral<\/title>\n<meta name=\"robots\" content=\"index, follow, max-snippet:-1, max-image-preview:large, max-video-preview:-1\" \/>\n<link rel=\"canonical\" href=\"https:\/\/informelitoral.com.ar\/radicales-del-departamento-diamante-repudiaron-ataques-a-los-productores\/\" \/>\n<meta property=\"og:locale\" content=\"es_ES\" \/>\n<meta property=\"og:type\" content=\"article\" \/>\n<meta property=\"og:title\" content=\"Radicales del departamento Diamante repudiaron &quot;ataques a los productores&quot; - Informe Litoral\" \/>\n<meta property=\"og:description\" content=\"Es ante la rotura de silobolsas y da\u00f1os a productores de la zona. Desde el Comit\u00e9 Departamental de la UCR calificaron al accionar como &quot;fascista&quot; y aseguraron que &quot;no hemos observado ninguna condena&quot;.\" \/>\n<meta property=\"og:url\" content=\"https:\/\/informelitoral.com.ar\/radicales-del-departamento-diamante-repudiaron-ataques-a-los-productores\/\" \/>\n<meta property=\"og:site_name\" content=\"Informe Litoral\" \/>\n<meta property=\"article:publisher\" content=\"https:\/\/www.facebook.com\/informelitoral\/\" \/>\n<meta property=\"article:published_time\" content=\"2020-07-01T14:51:59+00:00\" \/>\n<meta property=\"article:modified_time\" content=\"2020-07-01T15:00:41+00:00\" \/>\n<meta property=\"og:image\" content=\"https:\/\/informelitoral.com.ar\/%77%70%2d%63%6f%6e%74%65%6e%74\/uploads\/2020\/06\/rotura-silobolsa-entre-rios.jpeg\" \/>\n\t<meta property=\"og:image:width\" content=\"624\" \/>\n\t<meta property=\"og:image:height\" content=\"351\" \/>\n\t<meta property=\"og:image:type\" content=\"image\/jpeg\" \/>\n<meta name=\"author\" content=\"Gonzalo Schmidt\" \/>\n<meta name=\"twitter:card\" content=\"summary_large_image\" \/>\n<meta name=\"twitter:creator\" content=\"@InformeLitoral\" \/>\n<meta name=\"twitter:site\" content=\"@InformeLitoral\" \/>\n<meta name=\"twitter:label1\" content=\"Escrito por\" \/>\n\t<meta name=\"twitter:data1\" content=\"Gonzalo Schmidt\" \/>\n\t<meta name=\"twitter:label2\" content=\"Tiempo de lectura\" \/>\n\t<meta name=\"twitter:data2\" content=\"2 minutos\" \/>\n<script type=\"application\/ld+json\" class=\"yoast-schema-graph\">{\"@context\":\"https:\\\/\\\/schema.org\",\"@graph\":[{\"@type\":\"Article\",\"@id\":\"https:\\\/\\\/informelitoral.com.ar\\\/radicales-del-departamento-diamante-repudiaron-ataques-a-los-productores\\\/#article\",\"isPartOf\":{\"@id\":\"https:\\\/\\\/informelitoral.com.ar\\\/radicales-del-departamento-diamante-repudiaron-ataques-a-los-productores\\\/\"},\"author\":{\"name\":\"Gonzalo Schmidt\",\"@id\":\"https:\\\/\\\/informelitoral.com.ar\\\/#\\\/schema\\\/person\\\/b9d00407c836482871ef1d57bf8e3180\"},\"headline\":\"Radicales del departamento Diamante repudiaron \u00abataques a los productores\u00bb\",\"datePublished\":\"2020-07-01T14:51:59+00:00\",\"dateModified\":\"2020-07-01T15:00:41+00:00\",\"mainEntityOfPage\":{\"@id\":\"https:\\\/\\\/informelitoral.com.ar\\\/radicales-del-departamento-diamante-repudiaron-ataques-a-los-productores\\\/\"},\"wordCount\":390,\"commentCount\":0,\"publisher\":{\"@id\":\"https:\\\/\\\/informelitoral.com.ar\\\/#organization\"},\"image\":{\"@id\":\"https:\\\/\\\/informelitoral.com.ar\\\/radicales-del-departamento-diamante-repudiaron-ataques-a-los-productores\\\/#primaryimage\"},\"thumbnailUrl\":\"https:\\\/\\\/informelitoral.com.ar\\\/%77%70%2d%63%6f%6e%74%65%6e%74\\\/uploads\\\/2020\\\/06\\\/rotura-silobolsa-entre-rios.jpeg\",\"keywords\":[\"Departamento Diamante\",\"Productores\",\"Radicalismo\",\"Silobolsa\",\"UCR\"],\"articleSection\":[\"Departamento Diamante\",\"Politica\"],\"inLanguage\":\"es\",\"potentialAction\":[{\"@type\":\"CommentAction\",\"name\":\"Comment\",\"target\":[\"https:\\\/\\\/informelitoral.com.ar\\\/radicales-del-departamento-diamante-repudiaron-ataques-a-los-productores\\\/#respond\"]}]},{\"@type\":\"WebPage\",\"@id\":\"https:\\\/\\\/informelitoral.com.ar\\\/radicales-del-departamento-diamante-repudiaron-ataques-a-los-productores\\\/\",\"url\":\"https:\\\/\\\/informelitoral.com.ar\\\/radicales-del-departamento-diamante-repudiaron-ataques-a-los-productores\\\/\",\"name\":\"Radicales del departamento Diamante repudiaron \\\"ataques a los productores\\\" - Informe Litoral\",\"isPartOf\":{\"@id\":\"https:\\\/\\\/informelitoral.com.ar\\\/#website\"},\"primaryImageOfPage\":{\"@id\":\"https:\\\/\\\/informelitoral.com.ar\\\/radicales-del-departamento-diamante-repudiaron-ataques-a-los-productores\\\/#primaryimage\"},\"image\":{\"@id\":\"https:\\\/\\\/informelitoral.com.ar\\\/radicales-del-departamento-diamante-repudiaron-ataques-a-los-productores\\\/#primaryimage\"},\"thumbnailUrl\":\"https:\\\/\\\/informelitoral.com.ar\\\/%77%70%2d%63%6f%6e%74%65%6e%74\\\/uploads\\\/2020\\\/06\\\/rotura-silobolsa-entre-rios.jpeg\",\"datePublished\":\"2020-07-01T14:51:59+00:00\",\"dateModified\":\"2020-07-01T15:00:41+00:00\",\"breadcrumb\":{\"@id\":\"https:\\\/\\\/informelitoral.com.ar\\\/radicales-del-departamento-diamante-repudiaron-ataques-a-los-productores\\\/#breadcrumb\"},\"inLanguage\":\"es\",\"potentialAction\":[{\"@type\":\"ReadAction\",\"target\":[\"https:\\\/\\\/informelitoral.com.ar\\\/radicales-del-departamento-diamante-repudiaron-ataques-a-los-productores\\\/\"]}]},{\"@type\":\"ImageObject\",\"inLanguage\":\"es\",\"@id\":\"https:\\\/\\\/informelitoral.com.ar\\\/radicales-del-departamento-diamante-repudiaron-ataques-a-los-productores\\\/#primaryimage\",\"url\":\"https:\\\/\\\/informelitoral.com.ar\\\/%77%70%2d%63%6f%6e%74%65%6e%74\\\/uploads\\\/2020\\\/06\\\/rotura-silobolsa-entre-rios.jpeg\",\"contentUrl\":\"https:\\\/\\\/informelitoral.com.ar\\\/%77%70%2d%63%6f%6e%74%65%6e%74\\\/uploads\\\/2020\\\/06\\\/rotura-silobolsa-entre-rios.jpeg\",\"width\":624,\"height\":351},{\"@type\":\"BreadcrumbList\",\"@id\":\"https:\\\/\\\/informelitoral.com.ar\\\/radicales-del-departamento-diamante-repudiaron-ataques-a-los-productores\\\/#breadcrumb\",\"itemListElement\":[{\"@type\":\"ListItem\",\"position\":1,\"name\":\"Portada\",\"item\":\"https:\\\/\\\/informelitoral.com.ar\\\/\"},{\"@type\":\"ListItem\",\"position\":2,\"name\":\"Radicales del departamento Diamante repudiaron \u00abataques a los productores\u00bb\"}]},{\"@type\":\"WebSite\",\"@id\":\"https:\\\/\\\/informelitoral.com.ar\\\/#website\",\"url\":\"https:\\\/\\\/informelitoral.com.ar\\\/\",\"name\":\"Informe Litoral\",\"description\":\"&quot;Nos informamos&quot; \",\"publisher\":{\"@id\":\"https:\\\/\\\/informelitoral.com.ar\\\/#organization\"},\"potentialAction\":[{\"@type\":\"SearchAction\",\"target\":{\"@type\":\"EntryPoint\",\"urlTemplate\":\"https:\\\/\\\/informelitoral.com.ar\\\/?s={search_term_string}\"},\"query-input\":{\"@type\":\"PropertyValueSpecification\",\"valueRequired\":true,\"valueName\":\"search_term_string\"}}],\"inLanguage\":\"es\"},{\"@type\":\"Organization\",\"@id\":\"https:\\\/\\\/informelitoral.com.ar\\\/#organization\",\"name\":\"Informe Litoral\",\"url\":\"https:\\\/\\\/informelitoral.com.ar\\\/\",\"logo\":{\"@type\":\"ImageObject\",\"inLanguage\":\"es\",\"@id\":\"https:\\\/\\\/informelitoral.com.ar\\\/#\\\/schema\\\/logo\\\/image\\\/\",\"url\":\"https:\\\/\\\/informelitoral.com.ar\\\/%77%70%2d%63%6f%6e%74%65%6e%74\\\/uploads\\\/2021\\\/01\\\/circulo.png\",\"contentUrl\":\"https:\\\/\\\/informelitoral.com.ar\\\/%77%70%2d%63%6f%6e%74%65%6e%74\\\/uploads\\\/2021\\\/01\\\/circulo.png\",\"width\":723,\"height\":731,\"caption\":\"Informe Litoral\"},\"image\":{\"@id\":\"https:\\\/\\\/informelitoral.com.ar\\\/#\\\/schema\\\/logo\\\/image\\\/\"},\"sameAs\":[\"https:\\\/\\\/www.facebook.com\\\/informelitoral\\\/\",\"https:\\\/\\\/x.com\\\/InformeLitoral\",\"https:\\\/\\\/www.instagram.com\\\/informelitoral\\\/\",\"https:\\\/\\\/www.youtube.com\\\/channel\\\/UCua4Qvz8Icb6MYqhoq9xLXw\"]},{\"@type\":\"Person\",\"@id\":\"https:\\\/\\\/informelitoral.com.ar\\\/#\\\/schema\\\/person\\\/b9d00407c836482871ef1d57bf8e3180\",\"name\":\"Gonzalo Schmidt\",\"image\":{\"@type\":\"ImageObject\",\"inLanguage\":\"es\",\"@id\":\"https:\\\/\\\/secure.gravatar.com\\\/avatar\\\/31a1a7b66ff2de83bd0e9fd79d026630d2d99e55e8bfe501287647b4fd9743de?s=96&d=mm&r=g\",\"url\":\"https:\\\/\\\/secure.gravatar.com\\\/avatar\\\/31a1a7b66ff2de83bd0e9fd79d026630d2d99e55e8bfe501287647b4fd9743de?s=96&d=mm&r=g\",\"contentUrl\":\"https:\\\/\\\/secure.gravatar.com\\\/avatar\\\/31a1a7b66ff2de83bd0e9fd79d026630d2d99e55e8bfe501287647b4fd9743de?s=96&d=mm&r=g\",\"caption\":\"Gonzalo Schmidt\"},\"description\":\"Sitio web de noticias de la provincia de Entre R\u00edos, Argentina. Informaci\u00f3n y entretenimiento. Informe Litoral, nos informamos.\",\"sameAs\":[\"http:\\\/\\\/www.isletasnoticias.com.ar\"],\"url\":\"https:\\\/\\\/informelitoral.com.ar\\\/author\\\/gonzalo\\\/\"}]}<\/script>","yoast_head_json":{"title":"Radicales del departamento Diamante repudiaron \"ataques a los productores\" - Informe Litoral","robots":{"index":"index","follow":"follow","max-snippet":"max-snippet:-1","max-image-preview":"max-image-preview:large","max-video-preview":"max-video-preview:-1"},"canonical":"https:\/\/informelitoral.com.ar\/radicales-del-departamento-diamante-repudiaron-ataques-a-los-productores\/","og_locale":"es_ES","og_type":"article","og_title":"Radicales del departamento Diamante repudiaron \"ataques a los productores\" - Informe Litoral","og_description":"Es ante la rotura de silobolsas y da\u00f1os a productores de la zona. Desde el Comit\u00e9 Departamental de la UCR calificaron al accionar como \"fascista\" y aseguraron que \"no hemos observado ninguna condena\".","og_url":"https:\/\/informelitoral.com.ar\/radicales-del-departamento-diamante-repudiaron-ataques-a-los-productores\/","og_site_name":"Informe Litoral","article_publisher":"https:\/\/www.facebook.com\/informelitoral\/","article_published_time":"2020-07-01T14:51:59+00:00","article_modified_time":"2020-07-01T15:00:41+00:00","og_image":[{"width":624,"height":351,"url":"https:\/\/informelitoral.com.ar\/%77%70%2d%63%6f%6e%74%65%6e%74\/uploads\/2020\/06\/rotura-silobolsa-entre-rios.jpeg","type":"image\/jpeg"}],"author":"Gonzalo Schmidt","twitter_card":"summary_large_image","twitter_creator":"@InformeLitoral","twitter_site":"@InformeLitoral","twitter_misc":{"Escrito por":"Gonzalo Schmidt","Tiempo de lectura":"2 minutos"},"schema":{"@context":"https:\/\/schema.org","@graph":[{"@type":"Article","@id":"https:\/\/informelitoral.com.ar\/radicales-del-departamento-diamante-repudiaron-ataques-a-los-productores\/#article","isPartOf":{"@id":"https:\/\/informelitoral.com.ar\/radicales-del-departamento-diamante-repudiaron-ataques-a-los-productores\/"},"author":{"name":"Gonzalo Schmidt","@id":"https:\/\/informelitoral.com.ar\/#\/schema\/person\/b9d00407c836482871ef1d57bf8e3180"},"headline":"Radicales del departamento Diamante repudiaron \u00abataques a los productores\u00bb","datePublished":"2020-07-01T14:51:59+00:00","dateModified":"2020-07-01T15:00:41+00:00","mainEntityOfPage":{"@id":"https:\/\/informelitoral.com.ar\/radicales-del-departamento-diamante-repudiaron-ataques-a-los-productores\/"},"wordCount":390,"commentCount":0,"publisher":{"@id":"https:\/\/informelitoral.com.ar\/#organization"},"image":{"@id":"https:\/\/informelitoral.com.ar\/radicales-del-departamento-diamante-repudiaron-ataques-a-los-productores\/#primaryimage"},"thumbnailUrl":"https:\/\/informelitoral.com.ar\/%77%70%2d%63%6f%6e%74%65%6e%74\/uploads\/2020\/06\/rotura-silobolsa-entre-rios.jpeg","keywords":["Departamento Diamante","Productores","Radicalismo","Silobolsa","UCR"],"articleSection":["Departamento Diamante","Politica"],"inLanguage":"es","potentialAction":[{"@type":"CommentAction","name":"Comment","target":["https:\/\/informelitoral.com.ar\/radicales-del-departamento-diamante-repudiaron-ataques-a-los-productores\/#respond"]}]},{"@type":"WebPage","@id":"https:\/\/informelitoral.com.ar\/radicales-del-departamento-diamante-repudiaron-ataques-a-los-productores\/","url":"https:\/\/informelitoral.com.ar\/radicales-del-departamento-diamante-repudiaron-ataques-a-los-productores\/","name":"Radicales del departamento Diamante repudiaron \"ataques a los productores\" - Informe Litoral","isPartOf":{"@id":"https:\/\/informelitoral.com.ar\/#website"},"primaryImageOfPage":{"@id":"https:\/\/informelitoral.com.ar\/radicales-del-departamento-diamante-repudiaron-ataques-a-los-productores\/#primaryimage"},"image":{"@id":"https:\/\/informelitoral.com.ar\/radicales-del-departamento-diamante-repudiaron-ataques-a-los-productores\/#primaryimage"},"thumbnailUrl":"https:\/\/informelitoral.com.ar\/%77%70%2d%63%6f%6e%74%65%6e%74\/uploads\/2020\/06\/rotura-silobolsa-entre-rios.jpeg","datePublished":"2020-07-01T14:51:59+00:00","dateModified":"2020-07-01T15:00:41+00:00","breadcrumb":{"@id":"https:\/\/informelitoral.com.ar\/radicales-del-departamento-diamante-repudiaron-ataques-a-los-productores\/#breadcrumb"},"inLanguage":"es","potentialAction":[{"@type":"ReadAction","target":["https:\/\/informelitoral.com.ar\/radicales-del-departamento-diamante-repudiaron-ataques-a-los-productores\/"]}]},{"@type":"ImageObject","inLanguage":"es","@id":"https:\/\/informelitoral.com.ar\/radicales-del-departamento-diamante-repudiaron-ataques-a-los-productores\/#primaryimage","url":"https:\/\/informelitoral.com.ar\/%77%70%2d%63%6f%6e%74%65%6e%74\/uploads\/2020\/06\/rotura-silobolsa-entre-rios.jpeg","contentUrl":"https:\/\/informelitoral.com.ar\/%77%70%2d%63%6f%6e%74%65%6e%74\/uploads\/2020\/06\/rotura-silobolsa-entre-rios.jpeg","width":624,"height":351},{"@type":"BreadcrumbList","@id":"https:\/\/informelitoral.com.ar\/radicales-del-departamento-diamante-repudiaron-ataques-a-los-productores\/#breadcrumb","itemListElement":[{"@type":"ListItem","position":1,"name":"Portada","item":"https:\/\/informelitoral.com.ar\/"},{"@type":"ListItem","position":2,"name":"Radicales del departamento Diamante repudiaron \u00abataques a los productores\u00bb"}]},{"@type":"WebSite","@id":"https:\/\/informelitoral.com.ar\/#website","url":"https:\/\/informelitoral.com.ar\/","name":"Informe Litoral","description":"&quot;Nos informamos&quot; ","publisher":{"@id":"https:\/\/informelitoral.com.ar\/#organization"},"potentialAction":[{"@type":"SearchAction","target":{"@type":"EntryPoint","urlTemplate":"https:\/\/informelitoral.com.ar\/?s={search_term_string}"},"query-input":{"@type":"PropertyValueSpecification","valueRequired":true,"valueName":"search_term_string"}}],"inLanguage":"es"},{"@type":"Organization","@id":"https:\/\/informelitoral.com.ar\/#organization","name":"Informe Litoral","url":"https:\/\/informelitoral.com.ar\/","logo":{"@type":"ImageObject","inLanguage":"es","@id":"https:\/\/informelitoral.com.ar\/#\/schema\/logo\/image\/","url":"https:\/\/informelitoral.com.ar\/%77%70%2d%63%6f%6e%74%65%6e%74\/uploads\/2021\/01\/circulo.png","contentUrl":"https:\/\/informelitoral.com.ar\/%77%70%2d%63%6f%6e%74%65%6e%74\/uploads\/2021\/01\/circulo.png","width":723,"height":731,"caption":"Informe Litoral"},"image":{"@id":"https:\/\/informelitoral.com.ar\/#\/schema\/logo\/image\/"},"sameAs":["https:\/\/www.facebook.com\/informelitoral\/","https:\/\/x.com\/InformeLitoral","https:\/\/www.instagram.com\/informelitoral\/","https:\/\/www.youtube.com\/channel\/UCua4Qvz8Icb6MYqhoq9xLXw"]},{"@type":"Person","@id":"https:\/\/informelitoral.com.ar\/#\/schema\/person\/b9d00407c836482871ef1d57bf8e3180","name":"Gonzalo Schmidt","image":{"@type":"ImageObject","inLanguage":"es","@id":"https:\/\/secure.gravatar.com\/avatar\/31a1a7b66ff2de83bd0e9fd79d026630d2d99e55e8bfe501287647b4fd9743de?s=96&d=mm&r=g","url":"https:\/\/secure.gravatar.com\/avatar\/31a1a7b66ff2de83bd0e9fd79d026630d2d99e55e8bfe501287647b4fd9743de?s=96&d=mm&r=g","contentUrl":"https:\/\/secure.gravatar.com\/avatar\/31a1a7b66ff2de83bd0e9fd79d026630d2d99e55e8bfe501287647b4fd9743de?s=96&d=mm&r=g","caption":"Gonzalo Schmidt"},"description":"Sitio web de noticias de la provincia de Entre R\u00edos, Argentina. Informaci\u00f3n y entretenimiento. Informe Litoral, nos informamos.","sameAs":["http:\/\/www.isletasnoticias.com.ar"],"url":"https:\/\/informelitoral.com.ar\/author\/gonzalo\/"}]}},"_links":{"self":[{"href":"https:\/\/informelitoral.com.ar\/%77%70%2d%6a%73%6f%6e\/wp\/v2\/posts\/45076","targetHints":{"allow":["GET"]}}],"collection":[{"href":"https:\/\/informelitoral.com.ar\/%77%70%2d%6a%73%6f%6e\/wp\/v2\/posts"}],"about":[{"href":"https:\/\/informelitoral.com.ar\/%77%70%2d%6a%73%6f%6e\/wp\/v2\/types\/post"}],"author":[{"embeddable":true,"href":"https:\/\/informelitoral.com.ar\/%77%70%2d%6a%73%6f%6e\/wp\/v2\/users\/2"}],"replies":[{"embeddable":true,"href":"https:\/\/informelitoral.com.ar\/%77%70%2d%6a%73%6f%6e\/wp\/v2\/comments?post=45076"}],"version-history":[{"count":0,"href":"https:\/\/informelitoral.com.ar\/%77%70%2d%6a%73%6f%6e\/wp\/v2\/posts\/45076\/revisions"}],"wp:featuredmedia":[{"embeddable":true,"href":"https:\/\/informelitoral.com.ar\/%77%70%2d%6a%73%6f%6e\/wp\/v2\/media\/44916"}],"wp:attachment":[{"href":"https:\/\/informelitoral.com.ar\/%77%70%2d%6a%73%6f%6e\/wp\/v2\/media?parent=45076"}],"wp:term":[{"taxonomy":"category","embeddable":true,"href":"https:\/\/informelitoral.com.ar\/%77%70%2d%6a%73%6f%6e\/wp\/v2\/categories?post=45076"},{"taxonomy":"post_tag","embeddable":true,"href":"https:\/\/informelitoral.com.ar\/%77%70%2d%6a%73%6f%6e\/wp\/v2\/tags?post=45076"}],"curies":[{"name":"wp","href":"https:\/\/api.w.org\/{rel}","templated":true}]}}