{"id":4507,"date":"2013-12-01T13:57:12","date_gmt":"2013-12-01T16:57:12","guid":{"rendered":"http:\/\/www.isletasnoticias.com.ar\/?p=4507"},"modified":"2013-12-01T13:57:12","modified_gmt":"2013-12-01T16:57:12","slug":"murio-paul-walker-el-actor-de-rapido-y-furioso","status":"publish","type":"post","link":"https:\/\/informelitoral.com.ar\/murio-paul-walker-el-actor-de-rapido-y-furioso\/","title":{"rendered":"Muri\u00f3 Paul Walker, el actor de R\u00e1pido y Furioso"},"content":{"rendered":"<p style=\"text-align: left;\"><strong>La estrella de Hollywood se accident\u00f3 en u<strong>n Porsche en California.<a href=\"http:\/\/www.isletasnoticias.com.ar\/%77%70%2d%63%6f%6e%74%65%6e%74\/uploads\/2013\/12\/RAPIDO.jpg\"><img loading=\"lazy\" decoding=\"async\" class=\"size-medium wp-image-4509 aligncenter\" alt=\"RAPIDO\" src=\"http:\/\/www.isletasnoticias.com.ar\/%77%70%2d%63%6f%6e%74%65%6e%74\/uploads\/2013\/12\/RAPIDO-300x168.jpg\" width=\"300\" height=\"168\" srcset=\"https:\/\/informelitoral.com.ar\/%77%70%2d%63%6f%6e%74%65%6e%74\/uploads\/2013\/12\/RAPIDO-300x168.jpg 300w, https:\/\/informelitoral.com.ar\/%77%70%2d%63%6f%6e%74%65%6e%74\/uploads\/2013\/12\/RAPIDO.jpg 770w\" sizes=\"auto, (max-width: 300px) 100vw, 300px\" \/><\/a><\/strong><\/strong><\/p>\n<p><img loading=\"lazy\" decoding=\"async\" class=\"size-medium wp-image-4508 alignright\" alt=\"RAPIDO Y FUERIOS\" src=\"http:\/\/www.isletasnoticias.com.ar\/%77%70%2d%63%6f%6e%74%65%6e%74\/uploads\/2013\/12\/RAPIDO-Y-FUERIOS-300x168.jpeg\" width=\"300\" height=\"168\" srcset=\"https:\/\/informelitoral.com.ar\/%77%70%2d%63%6f%6e%74%65%6e%74\/uploads\/2013\/12\/RAPIDO-Y-FUERIOS-300x168.jpeg 300w, https:\/\/informelitoral.com.ar\/%77%70%2d%63%6f%6e%74%65%6e%74\/uploads\/2013\/12\/RAPIDO-Y-FUERIOS.jpeg 770w\" sizes=\"auto, (max-width: 300px) 100vw, 300px\" \/><\/p>\n<p>El actor<b>\u00a0<a href=\"http:\/\/www.infobae.com\/paul-walker-a3770\" rel=\"3770\">Paul Walker<\/a><\/b>, popular por su protag\u00f3nico en la saga\u00a0<b><i>R\u00e1pido y Furioso<\/i><\/b>, falleci\u00f3 luego de que un amigo que manejaba perdiera el control el veh\u00edculo. El fatal episodio sucedi\u00f3 en la localidad de Santa Clarita, al norte de Los \u00c1ngeles, California<\/p>\n<div>Seg\u00fan inform\u00f3 el portal\u00a0<b>TMZ.com<\/b>, la estrella de Hollywood, de 40 a\u00f1os, se trasladaba en un Porsche junto a un acompa\u00f1ante cuando se sali\u00f3 del camino e impact\u00f3 contra un poste. Como consecuencia del choque, el auto explot\u00f3 dejando sin vida a ambos.<\/div>\n<div><\/div>\n<div>El hecho ocurri\u00f3 en horas de la tarde del oeste de Estados Unidos luego de que Walker participara de un show a beneficio de las v\u00edctimas del reciente tif\u00f3n ocurrido en Filipinas, por lo que quedaron registradas im\u00e1genes del momento del accidente.<\/div>\n<div><\/div>\n<div>\n<div id=\"1678872-Grande-1987960757_wrap\">\n<div id=\"1678872-Grande-1987960757_content\"><img decoding=\"async\" id=\"1678872-Grande-1987960757_embed\" alt=\"\" src=\"http:\/\/cdn01.ts.infobae.com\/adjuntos\/164\/imagenes\/010\/425\/0010425230.jpg?0000-00-00-00-00-00\" \/><\/div>\n<div id=\"1678872-Grande-1987960757_epigrafe\"><\/div>\n<\/div>\n<\/div>\n<div>De inmediato, llegaron hasta el lugar agentes de la polic\u00eda forense del condado de\u00a0<i>Los \u00c1ngeles,<\/i>\u00a0que realizaron las primeras investigaciones para determinar las causas de lo ocurrido, public\u00f3 <em>Teleshow.<\/em><\/div>\n<div><\/div>\n<div><strong>\u00a0El comunicado de sus allegados<\/strong><\/div>\n<div>\n<div><em>\u00abCon un verdadero peso en el coraz\u00f3n, debemos confirmar que\u00a0<a href=\"http:\/\/www.infobae.com\/personajes\/paul-walker-a3770\" rel=\"3770\">Paul Walker<\/a>\u00a0falleci\u00f3 este s\u00e1bado en un tr\u00e1gico accidente automovil\u00edstico mientras asist\u00eda a un evento de caridad de su organizaci\u00f3n Reach Out Worldwide\u00bb<\/em><b>,<\/b>\u00a0asegur\u00f3 el comunicado, que se dio a conocer, tras publicaci\u00f3n de la tr\u00e1gica noticia en los medios.<\/div>\n<div><\/div>\n<div>\n<div id=\"1679026-Grande-408542801_wrap\">\n<div id=\"1679026-Grande-408542801_content\"><img decoding=\"async\" id=\"1679026-Grande-408542801_embed\" alt=\"\" src=\"http:\/\/cdn01.ts.infobae.com\/adjuntos\/164\/imagenes\/010\/425\/0010425983.jpg?0000-00-00-00-00-00\" \/><\/div>\n<div id=\"1679026-Grande-408542801_epigrafe\"><\/div>\n<\/div>\n<\/div>\n<div><\/div>\n<div><em>\u00abIba de pasajero en el auto de un amigo, en el que ambos perdieron sus vidas. Apreciamos su paciencia, ya que nosotros tambi\u00e9n estamos pasmados y tristes m\u00e1s all\u00e1 de lo imaginable con esta noticia. Gracias por tener a sus familiares y amigos en sus oraciones durante estos tiempos dif\u00edciles. Haremos todo lo posible para mantenerlos informados sobre d\u00f3nde enviar las condolencias\u00bb,<\/em> finaliza el mensaje que fue escrito por el equipo de Paul Walker.<\/div>\n<\/div>\n","protected":false},"excerpt":{"rendered":"<p>La estrella de Hollywood se accident&oacute; en un Porsche en California. El actor&nbsp;Paul Walker, popular por su protag&oacute;nico en la saga&nbsp;R&aacute;pido y Furioso, falleci&oacute; luego de que un amigo que manejaba perdiera el control el veh&iacute;culo. El fatal episodio sucedi&oacute; en la localidad de Santa Clarita, al norte de Los &Aacute;ngeles, California Seg&uacute;n inform&oacute; el [&hellip;]<\/p>\n","protected":false},"author":2,"featured_media":0,"comment_status":"open","ping_status":"open","sticky":false,"template":"","format":"standard","meta":{"fifu_image_url":"","fifu_image_alt":"","footnotes":""},"categories":[12,8],"tags":[],"class_list":{"0":"post-4507","1":"post","2":"type-post","3":"status-publish","4":"format-standard","6":"category-espectaculos","7":"category-internacionales"},"yoast_head":"<title>Muri\u00f3 Paul Walker, el actor de R\u00e1pido y Furioso - Informe Litoral<\/title>\n<meta name=\"robots\" content=\"index, follow, max-snippet:-1, max-image-preview:large, max-video-preview:-1\" \/>\n<link rel=\"canonical\" href=\"https:\/\/informelitoral.com.ar\/murio-paul-walker-el-actor-de-rapido-y-furioso\/\" \/>\n<meta property=\"og:locale\" content=\"es_ES\" \/>\n<meta property=\"og:type\" content=\"article\" \/>\n<meta property=\"og:title\" content=\"Muri\u00f3 Paul Walker, el actor de R\u00e1pido y Furioso - Informe Litoral\" \/>\n<meta property=\"og:description\" content=\"La estrella de Hollywood se accident&oacute; en un Porsche en California. El actor&nbsp;Paul Walker, popular por su protag&oacute;nico en la saga&nbsp;R&aacute;pido y Furioso, falleci&oacute; luego de que un amigo que manejaba perdiera el control el veh&iacute;culo. El fatal episodio sucedi&oacute; en la localidad de Santa Clarita, al norte de Los &Aacute;ngeles, California Seg&uacute;n inform&oacute; el [&hellip;]\" \/>\n<meta property=\"og:url\" content=\"https:\/\/informelitoral.com.ar\/murio-paul-walker-el-actor-de-rapido-y-furioso\/\" \/>\n<meta property=\"og:site_name\" content=\"Informe Litoral\" \/>\n<meta property=\"article:publisher\" content=\"https:\/\/www.facebook.com\/informelitoral\/\" \/>\n<meta property=\"article:published_time\" content=\"2013-12-01T16:57:12+00:00\" \/>\n<meta property=\"og:image\" content=\"https:\/\/informelitoral.com.ar\/%77%70%2d%63%6f%6e%74%65%6e%74\/uploads\/2013\/12\/RAPIDO.jpg\" \/>\n\t<meta property=\"og:image:width\" content=\"770\" \/>\n\t<meta property=\"og:image:height\" content=\"433\" \/>\n\t<meta property=\"og:image:type\" content=\"image\/jpeg\" \/>\n<meta name=\"author\" content=\"Gonzalo Schmidt\" \/>\n<meta name=\"twitter:card\" content=\"summary_large_image\" \/>\n<meta name=\"twitter:creator\" content=\"@InformeLitoral\" \/>\n<meta name=\"twitter:site\" content=\"@InformeLitoral\" \/>\n<meta name=\"twitter:label1\" content=\"Escrito por\" \/>\n\t<meta name=\"twitter:data1\" content=\"Gonzalo Schmidt\" \/>\n\t<meta name=\"twitter:label2\" content=\"Tiempo de lectura\" \/>\n\t<meta name=\"twitter:data2\" content=\"2 minutos\" \/>\n<script type=\"application\/ld+json\" class=\"yoast-schema-graph\">{\"@context\":\"https:\\\/\\\/schema.org\",\"@graph\":[{\"@type\":\"Article\",\"@id\":\"https:\\\/\\\/informelitoral.com.ar\\\/murio-paul-walker-el-actor-de-rapido-y-furioso\\\/#article\",\"isPartOf\":{\"@id\":\"https:\\\/\\\/informelitoral.com.ar\\\/murio-paul-walker-el-actor-de-rapido-y-furioso\\\/\"},\"author\":{\"name\":\"Gonzalo Schmidt\",\"@id\":\"https:\\\/\\\/informelitoral.com.ar\\\/#\\\/schema\\\/person\\\/b9d00407c836482871ef1d57bf8e3180\"},\"headline\":\"Muri\u00f3 Paul Walker, el actor de R\u00e1pido y Furioso\",\"datePublished\":\"2013-12-01T16:57:12+00:00\",\"mainEntityOfPage\":{\"@id\":\"https:\\\/\\\/informelitoral.com.ar\\\/murio-paul-walker-el-actor-de-rapido-y-furioso\\\/\"},\"wordCount\":330,\"commentCount\":0,\"publisher\":{\"@id\":\"https:\\\/\\\/informelitoral.com.ar\\\/#organization\"},\"image\":{\"@id\":\"https:\\\/\\\/informelitoral.com.ar\\\/murio-paul-walker-el-actor-de-rapido-y-furioso\\\/#primaryimage\"},\"thumbnailUrl\":\"http:\\\/\\\/www.isletasnoticias.com.ar\\\/%77%70%2d%63%6f%6e%74%65%6e%74\\\/uploads\\\/2013\\\/12\\\/RAPIDO-300x168.jpg\",\"articleSection\":[\"Espect\u00e1culos\",\"Internacionales\"],\"inLanguage\":\"es\",\"potentialAction\":[{\"@type\":\"CommentAction\",\"name\":\"Comment\",\"target\":[\"https:\\\/\\\/informelitoral.com.ar\\\/murio-paul-walker-el-actor-de-rapido-y-furioso\\\/#respond\"]}]},{\"@type\":\"WebPage\",\"@id\":\"https:\\\/\\\/informelitoral.com.ar\\\/murio-paul-walker-el-actor-de-rapido-y-furioso\\\/\",\"url\":\"https:\\\/\\\/informelitoral.com.ar\\\/murio-paul-walker-el-actor-de-rapido-y-furioso\\\/\",\"name\":\"Muri\u00f3 Paul Walker, el actor de R\u00e1pido y Furioso - Informe Litoral\",\"isPartOf\":{\"@id\":\"https:\\\/\\\/informelitoral.com.ar\\\/#website\"},\"primaryImageOfPage\":{\"@id\":\"https:\\\/\\\/informelitoral.com.ar\\\/murio-paul-walker-el-actor-de-rapido-y-furioso\\\/#primaryimage\"},\"image\":{\"@id\":\"https:\\\/\\\/informelitoral.com.ar\\\/murio-paul-walker-el-actor-de-rapido-y-furioso\\\/#primaryimage\"},\"thumbnailUrl\":\"http:\\\/\\\/www.isletasnoticias.com.ar\\\/%77%70%2d%63%6f%6e%74%65%6e%74\\\/uploads\\\/2013\\\/12\\\/RAPIDO-300x168.jpg\",\"datePublished\":\"2013-12-01T16:57:12+00:00\",\"breadcrumb\":{\"@id\":\"https:\\\/\\\/informelitoral.com.ar\\\/murio-paul-walker-el-actor-de-rapido-y-furioso\\\/#breadcrumb\"},\"inLanguage\":\"es\",\"potentialAction\":[{\"@type\":\"ReadAction\",\"target\":[\"https:\\\/\\\/informelitoral.com.ar\\\/murio-paul-walker-el-actor-de-rapido-y-furioso\\\/\"]}]},{\"@type\":\"ImageObject\",\"inLanguage\":\"es\",\"@id\":\"https:\\\/\\\/informelitoral.com.ar\\\/murio-paul-walker-el-actor-de-rapido-y-furioso\\\/#primaryimage\",\"url\":\"http:\\\/\\\/www.isletasnoticias.com.ar\\\/%77%70%2d%63%6f%6e%74%65%6e%74\\\/uploads\\\/2013\\\/12\\\/RAPIDO-300x168.jpg\",\"contentUrl\":\"http:\\\/\\\/www.isletasnoticias.com.ar\\\/%77%70%2d%63%6f%6e%74%65%6e%74\\\/uploads\\\/2013\\\/12\\\/RAPIDO-300x168.jpg\"},{\"@type\":\"BreadcrumbList\",\"@id\":\"https:\\\/\\\/informelitoral.com.ar\\\/murio-paul-walker-el-actor-de-rapido-y-furioso\\\/#breadcrumb\",\"itemListElement\":[{\"@type\":\"ListItem\",\"position\":1,\"name\":\"Portada\",\"item\":\"https:\\\/\\\/informelitoral.com.ar\\\/\"},{\"@type\":\"ListItem\",\"position\":2,\"name\":\"Muri\u00f3 Paul Walker, el actor de R\u00e1pido y Furioso\"}]},{\"@type\":\"WebSite\",\"@id\":\"https:\\\/\\\/informelitoral.com.ar\\\/#website\",\"url\":\"https:\\\/\\\/informelitoral.com.ar\\\/\",\"name\":\"Informe Litoral\",\"description\":\"&quot;Nos informamos&quot; \",\"publisher\":{\"@id\":\"https:\\\/\\\/informelitoral.com.ar\\\/#organization\"},\"potentialAction\":[{\"@type\":\"SearchAction\",\"target\":{\"@type\":\"EntryPoint\",\"urlTemplate\":\"https:\\\/\\\/informelitoral.com.ar\\\/?s={search_term_string}\"},\"query-input\":{\"@type\":\"PropertyValueSpecification\",\"valueRequired\":true,\"valueName\":\"search_term_string\"}}],\"inLanguage\":\"es\"},{\"@type\":\"Organization\",\"@id\":\"https:\\\/\\\/informelitoral.com.ar\\\/#organization\",\"name\":\"Informe Litoral\",\"url\":\"https:\\\/\\\/informelitoral.com.ar\\\/\",\"logo\":{\"@type\":\"ImageObject\",\"inLanguage\":\"es\",\"@id\":\"https:\\\/\\\/informelitoral.com.ar\\\/#\\\/schema\\\/logo\\\/image\\\/\",\"url\":\"https:\\\/\\\/informelitoral.com.ar\\\/%77%70%2d%63%6f%6e%74%65%6e%74\\\/uploads\\\/2021\\\/01\\\/circulo.png\",\"contentUrl\":\"https:\\\/\\\/informelitoral.com.ar\\\/%77%70%2d%63%6f%6e%74%65%6e%74\\\/uploads\\\/2021\\\/01\\\/circulo.png\",\"width\":723,\"height\":731,\"caption\":\"Informe Litoral\"},\"image\":{\"@id\":\"https:\\\/\\\/informelitoral.com.ar\\\/#\\\/schema\\\/logo\\\/image\\\/\"},\"sameAs\":[\"https:\\\/\\\/www.facebook.com\\\/informelitoral\\\/\",\"https:\\\/\\\/x.com\\\/InformeLitoral\",\"https:\\\/\\\/www.instagram.com\\\/informelitoral\\\/\",\"https:\\\/\\\/www.youtube.com\\\/channel\\\/UCua4Qvz8Icb6MYqhoq9xLXw\"]},{\"@type\":\"Person\",\"@id\":\"https:\\\/\\\/informelitoral.com.ar\\\/#\\\/schema\\\/person\\\/b9d00407c836482871ef1d57bf8e3180\",\"name\":\"Gonzalo Schmidt\",\"image\":{\"@type\":\"ImageObject\",\"inLanguage\":\"es\",\"@id\":\"https:\\\/\\\/secure.gravatar.com\\\/avatar\\\/31a1a7b66ff2de83bd0e9fd79d026630d2d99e55e8bfe501287647b4fd9743de?s=96&d=mm&r=g\",\"url\":\"https:\\\/\\\/secure.gravatar.com\\\/avatar\\\/31a1a7b66ff2de83bd0e9fd79d026630d2d99e55e8bfe501287647b4fd9743de?s=96&d=mm&r=g\",\"contentUrl\":\"https:\\\/\\\/secure.gravatar.com\\\/avatar\\\/31a1a7b66ff2de83bd0e9fd79d026630d2d99e55e8bfe501287647b4fd9743de?s=96&d=mm&r=g\",\"caption\":\"Gonzalo Schmidt\"},\"description\":\"Sitio web de noticias de la provincia de Entre R\u00edos, Argentina. Informaci\u00f3n y entretenimiento. Informe Litoral, nos informamos.\",\"sameAs\":[\"http:\\\/\\\/www.isletasnoticias.com.ar\"],\"url\":\"https:\\\/\\\/informelitoral.com.ar\\\/author\\\/gonzalo\\\/\"}]}<\/script>","yoast_head_json":{"title":"Muri\u00f3 Paul Walker, el actor de R\u00e1pido y Furioso - Informe Litoral","robots":{"index":"index","follow":"follow","max-snippet":"max-snippet:-1","max-image-preview":"max-image-preview:large","max-video-preview":"max-video-preview:-1"},"canonical":"https:\/\/informelitoral.com.ar\/murio-paul-walker-el-actor-de-rapido-y-furioso\/","og_locale":"es_ES","og_type":"article","og_title":"Muri\u00f3 Paul Walker, el actor de R\u00e1pido y Furioso - Informe Litoral","og_description":"La estrella de Hollywood se accident&oacute; en un Porsche en California. El actor&nbsp;Paul Walker, popular por su protag&oacute;nico en la saga&nbsp;R&aacute;pido y Furioso, falleci&oacute; luego de que un amigo que manejaba perdiera el control el veh&iacute;culo. El fatal episodio sucedi&oacute; en la localidad de Santa Clarita, al norte de Los &Aacute;ngeles, California Seg&uacute;n inform&oacute; el [&hellip;]","og_url":"https:\/\/informelitoral.com.ar\/murio-paul-walker-el-actor-de-rapido-y-furioso\/","og_site_name":"Informe Litoral","article_publisher":"https:\/\/www.facebook.com\/informelitoral\/","article_published_time":"2013-12-01T16:57:12+00:00","og_image":[{"width":770,"height":433,"url":"https:\/\/informelitoral.com.ar\/%77%70%2d%63%6f%6e%74%65%6e%74\/uploads\/2013\/12\/RAPIDO.jpg","type":"image\/jpeg"}],"author":"Gonzalo Schmidt","twitter_card":"summary_large_image","twitter_creator":"@InformeLitoral","twitter_site":"@InformeLitoral","twitter_misc":{"Escrito por":"Gonzalo Schmidt","Tiempo de lectura":"2 minutos"},"schema":{"@context":"https:\/\/schema.org","@graph":[{"@type":"Article","@id":"https:\/\/informelitoral.com.ar\/murio-paul-walker-el-actor-de-rapido-y-furioso\/#article","isPartOf":{"@id":"https:\/\/informelitoral.com.ar\/murio-paul-walker-el-actor-de-rapido-y-furioso\/"},"author":{"name":"Gonzalo Schmidt","@id":"https:\/\/informelitoral.com.ar\/#\/schema\/person\/b9d00407c836482871ef1d57bf8e3180"},"headline":"Muri\u00f3 Paul Walker, el actor de R\u00e1pido y Furioso","datePublished":"2013-12-01T16:57:12+00:00","mainEntityOfPage":{"@id":"https:\/\/informelitoral.com.ar\/murio-paul-walker-el-actor-de-rapido-y-furioso\/"},"wordCount":330,"commentCount":0,"publisher":{"@id":"https:\/\/informelitoral.com.ar\/#organization"},"image":{"@id":"https:\/\/informelitoral.com.ar\/murio-paul-walker-el-actor-de-rapido-y-furioso\/#primaryimage"},"thumbnailUrl":"http:\/\/www.isletasnoticias.com.ar\/%77%70%2d%63%6f%6e%74%65%6e%74\/uploads\/2013\/12\/RAPIDO-300x168.jpg","articleSection":["Espect\u00e1culos","Internacionales"],"inLanguage":"es","potentialAction":[{"@type":"CommentAction","name":"Comment","target":["https:\/\/informelitoral.com.ar\/murio-paul-walker-el-actor-de-rapido-y-furioso\/#respond"]}]},{"@type":"WebPage","@id":"https:\/\/informelitoral.com.ar\/murio-paul-walker-el-actor-de-rapido-y-furioso\/","url":"https:\/\/informelitoral.com.ar\/murio-paul-walker-el-actor-de-rapido-y-furioso\/","name":"Muri\u00f3 Paul Walker, el actor de R\u00e1pido y Furioso - Informe Litoral","isPartOf":{"@id":"https:\/\/informelitoral.com.ar\/#website"},"primaryImageOfPage":{"@id":"https:\/\/informelitoral.com.ar\/murio-paul-walker-el-actor-de-rapido-y-furioso\/#primaryimage"},"image":{"@id":"https:\/\/informelitoral.com.ar\/murio-paul-walker-el-actor-de-rapido-y-furioso\/#primaryimage"},"thumbnailUrl":"http:\/\/www.isletasnoticias.com.ar\/%77%70%2d%63%6f%6e%74%65%6e%74\/uploads\/2013\/12\/RAPIDO-300x168.jpg","datePublished":"2013-12-01T16:57:12+00:00","breadcrumb":{"@id":"https:\/\/informelitoral.com.ar\/murio-paul-walker-el-actor-de-rapido-y-furioso\/#breadcrumb"},"inLanguage":"es","potentialAction":[{"@type":"ReadAction","target":["https:\/\/informelitoral.com.ar\/murio-paul-walker-el-actor-de-rapido-y-furioso\/"]}]},{"@type":"ImageObject","inLanguage":"es","@id":"https:\/\/informelitoral.com.ar\/murio-paul-walker-el-actor-de-rapido-y-furioso\/#primaryimage","url":"http:\/\/www.isletasnoticias.com.ar\/%77%70%2d%63%6f%6e%74%65%6e%74\/uploads\/2013\/12\/RAPIDO-300x168.jpg","contentUrl":"http:\/\/www.isletasnoticias.com.ar\/%77%70%2d%63%6f%6e%74%65%6e%74\/uploads\/2013\/12\/RAPIDO-300x168.jpg"},{"@type":"BreadcrumbList","@id":"https:\/\/informelitoral.com.ar\/murio-paul-walker-el-actor-de-rapido-y-furioso\/#breadcrumb","itemListElement":[{"@type":"ListItem","position":1,"name":"Portada","item":"https:\/\/informelitoral.com.ar\/"},{"@type":"ListItem","position":2,"name":"Muri\u00f3 Paul Walker, el actor de R\u00e1pido y Furioso"}]},{"@type":"WebSite","@id":"https:\/\/informelitoral.com.ar\/#website","url":"https:\/\/informelitoral.com.ar\/","name":"Informe Litoral","description":"&quot;Nos informamos&quot; ","publisher":{"@id":"https:\/\/informelitoral.com.ar\/#organization"},"potentialAction":[{"@type":"SearchAction","target":{"@type":"EntryPoint","urlTemplate":"https:\/\/informelitoral.com.ar\/?s={search_term_string}"},"query-input":{"@type":"PropertyValueSpecification","valueRequired":true,"valueName":"search_term_string"}}],"inLanguage":"es"},{"@type":"Organization","@id":"https:\/\/informelitoral.com.ar\/#organization","name":"Informe Litoral","url":"https:\/\/informelitoral.com.ar\/","logo":{"@type":"ImageObject","inLanguage":"es","@id":"https:\/\/informelitoral.com.ar\/#\/schema\/logo\/image\/","url":"https:\/\/informelitoral.com.ar\/%77%70%2d%63%6f%6e%74%65%6e%74\/uploads\/2021\/01\/circulo.png","contentUrl":"https:\/\/informelitoral.com.ar\/%77%70%2d%63%6f%6e%74%65%6e%74\/uploads\/2021\/01\/circulo.png","width":723,"height":731,"caption":"Informe Litoral"},"image":{"@id":"https:\/\/informelitoral.com.ar\/#\/schema\/logo\/image\/"},"sameAs":["https:\/\/www.facebook.com\/informelitoral\/","https:\/\/x.com\/InformeLitoral","https:\/\/www.instagram.com\/informelitoral\/","https:\/\/www.youtube.com\/channel\/UCua4Qvz8Icb6MYqhoq9xLXw"]},{"@type":"Person","@id":"https:\/\/informelitoral.com.ar\/#\/schema\/person\/b9d00407c836482871ef1d57bf8e3180","name":"Gonzalo Schmidt","image":{"@type":"ImageObject","inLanguage":"es","@id":"https:\/\/secure.gravatar.com\/avatar\/31a1a7b66ff2de83bd0e9fd79d026630d2d99e55e8bfe501287647b4fd9743de?s=96&d=mm&r=g","url":"https:\/\/secure.gravatar.com\/avatar\/31a1a7b66ff2de83bd0e9fd79d026630d2d99e55e8bfe501287647b4fd9743de?s=96&d=mm&r=g","contentUrl":"https:\/\/secure.gravatar.com\/avatar\/31a1a7b66ff2de83bd0e9fd79d026630d2d99e55e8bfe501287647b4fd9743de?s=96&d=mm&r=g","caption":"Gonzalo Schmidt"},"description":"Sitio web de noticias de la provincia de Entre R\u00edos, Argentina. Informaci\u00f3n y entretenimiento. Informe Litoral, nos informamos.","sameAs":["http:\/\/www.isletasnoticias.com.ar"],"url":"https:\/\/informelitoral.com.ar\/author\/gonzalo\/"}]}},"_links":{"self":[{"href":"https:\/\/informelitoral.com.ar\/%77%70%2d%6a%73%6f%6e\/wp\/v2\/posts\/4507","targetHints":{"allow":["GET"]}}],"collection":[{"href":"https:\/\/informelitoral.com.ar\/%77%70%2d%6a%73%6f%6e\/wp\/v2\/posts"}],"about":[{"href":"https:\/\/informelitoral.com.ar\/%77%70%2d%6a%73%6f%6e\/wp\/v2\/types\/post"}],"author":[{"embeddable":true,"href":"https:\/\/informelitoral.com.ar\/%77%70%2d%6a%73%6f%6e\/wp\/v2\/users\/2"}],"replies":[{"embeddable":true,"href":"https:\/\/informelitoral.com.ar\/%77%70%2d%6a%73%6f%6e\/wp\/v2\/comments?post=4507"}],"version-history":[{"count":0,"href":"https:\/\/informelitoral.com.ar\/%77%70%2d%6a%73%6f%6e\/wp\/v2\/posts\/4507\/revisions"}],"wp:attachment":[{"href":"https:\/\/informelitoral.com.ar\/%77%70%2d%6a%73%6f%6e\/wp\/v2\/media?parent=4507"}],"wp:term":[{"taxonomy":"category","embeddable":true,"href":"https:\/\/informelitoral.com.ar\/%77%70%2d%6a%73%6f%6e\/wp\/v2\/categories?post=4507"},{"taxonomy":"post_tag","embeddable":true,"href":"https:\/\/informelitoral.com.ar\/%77%70%2d%6a%73%6f%6e\/wp\/v2\/tags?post=4507"}],"curies":[{"name":"wp","href":"https:\/\/api.w.org\/{rel}","templated":true}]}}