{"id":45043,"date":"2020-06-30T09:41:31","date_gmt":"2020-06-30T12:41:31","guid":{"rendered":"https:\/\/www.isletasnoticias.com.ar\/?p=45043"},"modified":"2020-06-30T09:41:31","modified_gmt":"2020-06-30T12:41:31","slug":"finaliza-el-plazo-para-gestionar-una-beca-de-nivel-superior","status":"publish","type":"post","link":"https:\/\/informelitoral.com.ar\/finaliza-el-plazo-para-gestionar-una-beca-de-nivel-superior\/","title":{"rendered":"Finaliza el plazo para gestionar una beca de nivel superior"},"content":{"rendered":"<p>La inscripci\u00f3n para la gesti\u00f3n de becas de los estudiantes entrerrianos terciarios y universitarios comenz\u00f3 el 1 de abril y la solicitud se realiza ingresando a la plataforma disponible en el portal web del Instituto Becario:<strong> www.institutobecario.gov.ar.<\/strong><\/p>\n<p>Los estudiantes que a\u00fan no iniciaron su tr\u00e1mite, para solicitar una beca nueva o realizar la renovaci\u00f3n del beneficio, <strong>tienen tiempo hasta hoy martes 30 de junio para concretarlo.<\/strong> <strong>Tras ello se iniciar\u00e1 la etapa de evaluaci\u00f3n.<\/strong> Luego de generar su usuario, los estudiantes deben cargar en el sistema toda la documentaci\u00f3n solicitada. Los que no puedan acceder a la informaci\u00f3n por cuestiones relacionadas a la pandemia podr\u00e1n subirla posteriormente, siempre que hayan iniciado la gesti\u00f3n en los plazos establecidos. Vale destacar que la solicitud no se evaluar\u00e1 hasta que el tr\u00e1mite no est\u00e9 finalizado correctamente.<\/p>\n<p>La documentaci\u00f3n requerida es la misma que se pide habitualmente, con la diferencia que deber\u00e1 estar digitalizada previamente para poder cargarla en la web. Con una tablet o tel\u00e9fono, los solicitantes deber\u00e1n escanear o sacar fotograf\u00edas de su documento de identidad y constancia de CUIL y los tres \u00faltimos comprobantes de ingresos familiares para remitirlos como documentaci\u00f3n requerida.<\/p>\n<p>Adem\u00e1s, la situaci\u00f3n acad\u00e9mica es un requisito indispensable para los estudiantes del nivel superior, a quienes se les exige aprobar el 70% de las materias en el caso de los terciarios y el 50% para universitarios. Tambi\u00e9n deber\u00e1n presentar su constancia de alumno regular o la inscripci\u00f3n al ciclo lectivo 2020, bolet\u00edn de calificaciones de ambos lados firmado por la autoridad educativa en el caso de ser ingresante, anal\u00edtico actualizado de materias aprobadas y plan de estudio de la carrera. Por \u00faltimo, si el estudiante es menor de 18 a\u00f1os debe consignar un titular responsable para el cobro de la beca.<\/p>\n<p><strong>Atenci\u00f3n virtual<\/strong><br \/>\nEn otro orden, B\u00e9rtoli record\u00f3 que la atenci\u00f3n del Becario se realiza mediante el chat online que est\u00e1 disponible en la web del organismo, www.institutobecario.gov.ar. El mismo cuenta con una franja horaria extendida, atendiendo de 8 a 20, de lunes a viernes. All\u00ed el equipo del \u00c1rea Becas del Instituto responder\u00e1 dudas y consultas acerca del tr\u00e1mite online para la solicitud de becas.<\/p>\n<p>Tambi\u00e9n se reciben mails a la direcci\u00f3n de correo electr\u00f3nico atpublico@institutobecario.gov.ar<\/p>\n","protected":false},"excerpt":{"rendered":"<p>Desde el mi\u00e9rcoles comenzar\u00e1 la etapa de evaluaci\u00f3n de las solicitudes. <\/p>\n","protected":false},"author":2,"featured_media":45044,"comment_status":"open","ping_status":"open","sticky":false,"template":"","format":"standard","meta":{"fifu_image_url":"","fifu_image_alt":"","footnotes":""},"categories":[6],"tags":[381,81,382],"class_list":{"0":"post-45043","1":"post","2":"type-post","3":"status-publish","4":"format-standard","5":"has-post-thumbnail","7":"category-entre-rios","8":"tag-becas","9":"tag-entre-rios","10":"tag-inaubepro"},"yoast_head":"<title>Finaliza el plazo para gestionar una beca de nivel superior - Informe Litoral<\/title>\n<meta name=\"robots\" content=\"index, follow, max-snippet:-1, max-image-preview:large, max-video-preview:-1\" \/>\n<link rel=\"canonical\" href=\"https:\/\/informelitoral.com.ar\/finaliza-el-plazo-para-gestionar-una-beca-de-nivel-superior\/\" \/>\n<meta property=\"og:locale\" content=\"es_ES\" \/>\n<meta property=\"og:type\" content=\"article\" \/>\n<meta property=\"og:title\" content=\"Finaliza el plazo para gestionar una beca de nivel superior - Informe Litoral\" \/>\n<meta property=\"og:description\" content=\"Desde el mi\u00e9rcoles comenzar\u00e1 la etapa de evaluaci\u00f3n de las solicitudes.\" \/>\n<meta property=\"og:url\" content=\"https:\/\/informelitoral.com.ar\/finaliza-el-plazo-para-gestionar-una-beca-de-nivel-superior\/\" \/>\n<meta property=\"og:site_name\" content=\"Informe Litoral\" \/>\n<meta property=\"article:publisher\" content=\"https:\/\/www.facebook.com\/informelitoral\/\" \/>\n<meta property=\"article:published_time\" content=\"2020-06-30T12:41:31+00:00\" \/>\n<meta property=\"og:image\" content=\"https:\/\/informelitoral.com.ar\/%77%70%2d%63%6f%6e%74%65%6e%74\/uploads\/2020\/06\/Becario-3.jpg\" \/>\n\t<meta property=\"og:image:width\" content=\"1920\" \/>\n\t<meta property=\"og:image:height\" content=\"1280\" \/>\n\t<meta property=\"og:image:type\" content=\"image\/jpeg\" \/>\n<meta name=\"author\" content=\"Gonzalo Schmidt\" \/>\n<meta name=\"twitter:card\" content=\"summary_large_image\" \/>\n<meta name=\"twitter:creator\" content=\"@InformeLitoral\" \/>\n<meta name=\"twitter:site\" content=\"@InformeLitoral\" \/>\n<meta name=\"twitter:label1\" content=\"Escrito por\" \/>\n\t<meta name=\"twitter:data1\" content=\"Gonzalo Schmidt\" \/>\n\t<meta name=\"twitter:label2\" content=\"Tiempo de lectura\" \/>\n\t<meta name=\"twitter:data2\" content=\"2 minutos\" \/>\n<script type=\"application\/ld+json\" class=\"yoast-schema-graph\">{\"@context\":\"https:\\\/\\\/schema.org\",\"@graph\":[{\"@type\":\"Article\",\"@id\":\"https:\\\/\\\/informelitoral.com.ar\\\/finaliza-el-plazo-para-gestionar-una-beca-de-nivel-superior\\\/#article\",\"isPartOf\":{\"@id\":\"https:\\\/\\\/informelitoral.com.ar\\\/finaliza-el-plazo-para-gestionar-una-beca-de-nivel-superior\\\/\"},\"author\":{\"name\":\"Gonzalo Schmidt\",\"@id\":\"https:\\\/\\\/informelitoral.com.ar\\\/#\\\/schema\\\/person\\\/b9d00407c836482871ef1d57bf8e3180\"},\"headline\":\"Finaliza el plazo para gestionar una beca de nivel superior\",\"datePublished\":\"2020-06-30T12:41:31+00:00\",\"mainEntityOfPage\":{\"@id\":\"https:\\\/\\\/informelitoral.com.ar\\\/finaliza-el-plazo-para-gestionar-una-beca-de-nivel-superior\\\/\"},\"wordCount\":411,\"commentCount\":0,\"publisher\":{\"@id\":\"https:\\\/\\\/informelitoral.com.ar\\\/#organization\"},\"image\":{\"@id\":\"https:\\\/\\\/informelitoral.com.ar\\\/finaliza-el-plazo-para-gestionar-una-beca-de-nivel-superior\\\/#primaryimage\"},\"thumbnailUrl\":\"https:\\\/\\\/informelitoral.com.ar\\\/%77%70%2d%63%6f%6e%74%65%6e%74\\\/uploads\\\/2020\\\/06\\\/Becario-3.jpg\",\"keywords\":[\"Becas\",\"Entre R\u00edos\",\"InAuBePro\"],\"articleSection\":[\"Entre R\u00edos\"],\"inLanguage\":\"es\",\"potentialAction\":[{\"@type\":\"CommentAction\",\"name\":\"Comment\",\"target\":[\"https:\\\/\\\/informelitoral.com.ar\\\/finaliza-el-plazo-para-gestionar-una-beca-de-nivel-superior\\\/#respond\"]}]},{\"@type\":\"WebPage\",\"@id\":\"https:\\\/\\\/informelitoral.com.ar\\\/finaliza-el-plazo-para-gestionar-una-beca-de-nivel-superior\\\/\",\"url\":\"https:\\\/\\\/informelitoral.com.ar\\\/finaliza-el-plazo-para-gestionar-una-beca-de-nivel-superior\\\/\",\"name\":\"Finaliza el plazo para gestionar una beca de nivel superior - Informe Litoral\",\"isPartOf\":{\"@id\":\"https:\\\/\\\/informelitoral.com.ar\\\/#website\"},\"primaryImageOfPage\":{\"@id\":\"https:\\\/\\\/informelitoral.com.ar\\\/finaliza-el-plazo-para-gestionar-una-beca-de-nivel-superior\\\/#primaryimage\"},\"image\":{\"@id\":\"https:\\\/\\\/informelitoral.com.ar\\\/finaliza-el-plazo-para-gestionar-una-beca-de-nivel-superior\\\/#primaryimage\"},\"thumbnailUrl\":\"https:\\\/\\\/informelitoral.com.ar\\\/%77%70%2d%63%6f%6e%74%65%6e%74\\\/uploads\\\/2020\\\/06\\\/Becario-3.jpg\",\"datePublished\":\"2020-06-30T12:41:31+00:00\",\"breadcrumb\":{\"@id\":\"https:\\\/\\\/informelitoral.com.ar\\\/finaliza-el-plazo-para-gestionar-una-beca-de-nivel-superior\\\/#breadcrumb\"},\"inLanguage\":\"es\",\"potentialAction\":[{\"@type\":\"ReadAction\",\"target\":[\"https:\\\/\\\/informelitoral.com.ar\\\/finaliza-el-plazo-para-gestionar-una-beca-de-nivel-superior\\\/\"]}]},{\"@type\":\"ImageObject\",\"inLanguage\":\"es\",\"@id\":\"https:\\\/\\\/informelitoral.com.ar\\\/finaliza-el-plazo-para-gestionar-una-beca-de-nivel-superior\\\/#primaryimage\",\"url\":\"https:\\\/\\\/informelitoral.com.ar\\\/%77%70%2d%63%6f%6e%74%65%6e%74\\\/uploads\\\/2020\\\/06\\\/Becario-3.jpg\",\"contentUrl\":\"https:\\\/\\\/informelitoral.com.ar\\\/%77%70%2d%63%6f%6e%74%65%6e%74\\\/uploads\\\/2020\\\/06\\\/Becario-3.jpg\",\"width\":1920,\"height\":1280},{\"@type\":\"BreadcrumbList\",\"@id\":\"https:\\\/\\\/informelitoral.com.ar\\\/finaliza-el-plazo-para-gestionar-una-beca-de-nivel-superior\\\/#breadcrumb\",\"itemListElement\":[{\"@type\":\"ListItem\",\"position\":1,\"name\":\"Portada\",\"item\":\"https:\\\/\\\/informelitoral.com.ar\\\/\"},{\"@type\":\"ListItem\",\"position\":2,\"name\":\"Finaliza el plazo para gestionar una beca de nivel superior\"}]},{\"@type\":\"WebSite\",\"@id\":\"https:\\\/\\\/informelitoral.com.ar\\\/#website\",\"url\":\"https:\\\/\\\/informelitoral.com.ar\\\/\",\"name\":\"Informe Litoral\",\"description\":\"&quot;Nos informamos&quot; \",\"publisher\":{\"@id\":\"https:\\\/\\\/informelitoral.com.ar\\\/#organization\"},\"potentialAction\":[{\"@type\":\"SearchAction\",\"target\":{\"@type\":\"EntryPoint\",\"urlTemplate\":\"https:\\\/\\\/informelitoral.com.ar\\\/?s={search_term_string}\"},\"query-input\":{\"@type\":\"PropertyValueSpecification\",\"valueRequired\":true,\"valueName\":\"search_term_string\"}}],\"inLanguage\":\"es\"},{\"@type\":\"Organization\",\"@id\":\"https:\\\/\\\/informelitoral.com.ar\\\/#organization\",\"name\":\"Informe Litoral\",\"url\":\"https:\\\/\\\/informelitoral.com.ar\\\/\",\"logo\":{\"@type\":\"ImageObject\",\"inLanguage\":\"es\",\"@id\":\"https:\\\/\\\/informelitoral.com.ar\\\/#\\\/schema\\\/logo\\\/image\\\/\",\"url\":\"https:\\\/\\\/informelitoral.com.ar\\\/%77%70%2d%63%6f%6e%74%65%6e%74\\\/uploads\\\/2021\\\/01\\\/circulo.png\",\"contentUrl\":\"https:\\\/\\\/informelitoral.com.ar\\\/%77%70%2d%63%6f%6e%74%65%6e%74\\\/uploads\\\/2021\\\/01\\\/circulo.png\",\"width\":723,\"height\":731,\"caption\":\"Informe Litoral\"},\"image\":{\"@id\":\"https:\\\/\\\/informelitoral.com.ar\\\/#\\\/schema\\\/logo\\\/image\\\/\"},\"sameAs\":[\"https:\\\/\\\/www.facebook.com\\\/informelitoral\\\/\",\"https:\\\/\\\/x.com\\\/InformeLitoral\",\"https:\\\/\\\/www.instagram.com\\\/informelitoral\\\/\",\"https:\\\/\\\/www.youtube.com\\\/channel\\\/UCua4Qvz8Icb6MYqhoq9xLXw\"]},{\"@type\":\"Person\",\"@id\":\"https:\\\/\\\/informelitoral.com.ar\\\/#\\\/schema\\\/person\\\/b9d00407c836482871ef1d57bf8e3180\",\"name\":\"Gonzalo Schmidt\",\"image\":{\"@type\":\"ImageObject\",\"inLanguage\":\"es\",\"@id\":\"https:\\\/\\\/secure.gravatar.com\\\/avatar\\\/31a1a7b66ff2de83bd0e9fd79d026630d2d99e55e8bfe501287647b4fd9743de?s=96&d=mm&r=g\",\"url\":\"https:\\\/\\\/secure.gravatar.com\\\/avatar\\\/31a1a7b66ff2de83bd0e9fd79d026630d2d99e55e8bfe501287647b4fd9743de?s=96&d=mm&r=g\",\"contentUrl\":\"https:\\\/\\\/secure.gravatar.com\\\/avatar\\\/31a1a7b66ff2de83bd0e9fd79d026630d2d99e55e8bfe501287647b4fd9743de?s=96&d=mm&r=g\",\"caption\":\"Gonzalo Schmidt\"},\"description\":\"Sitio web de noticias de la provincia de Entre R\u00edos, Argentina. Informaci\u00f3n y entretenimiento. Informe Litoral, nos informamos.\",\"sameAs\":[\"http:\\\/\\\/www.isletasnoticias.com.ar\"],\"url\":\"https:\\\/\\\/informelitoral.com.ar\\\/author\\\/gonzalo\\\/\"}]}<\/script>","yoast_head_json":{"title":"Finaliza el plazo para gestionar una beca de nivel superior - Informe Litoral","robots":{"index":"index","follow":"follow","max-snippet":"max-snippet:-1","max-image-preview":"max-image-preview:large","max-video-preview":"max-video-preview:-1"},"canonical":"https:\/\/informelitoral.com.ar\/finaliza-el-plazo-para-gestionar-una-beca-de-nivel-superior\/","og_locale":"es_ES","og_type":"article","og_title":"Finaliza el plazo para gestionar una beca de nivel superior - Informe Litoral","og_description":"Desde el mi\u00e9rcoles comenzar\u00e1 la etapa de evaluaci\u00f3n de las solicitudes.","og_url":"https:\/\/informelitoral.com.ar\/finaliza-el-plazo-para-gestionar-una-beca-de-nivel-superior\/","og_site_name":"Informe Litoral","article_publisher":"https:\/\/www.facebook.com\/informelitoral\/","article_published_time":"2020-06-30T12:41:31+00:00","og_image":[{"width":1920,"height":1280,"url":"https:\/\/informelitoral.com.ar\/%77%70%2d%63%6f%6e%74%65%6e%74\/uploads\/2020\/06\/Becario-3.jpg","type":"image\/jpeg"}],"author":"Gonzalo Schmidt","twitter_card":"summary_large_image","twitter_creator":"@InformeLitoral","twitter_site":"@InformeLitoral","twitter_misc":{"Escrito por":"Gonzalo Schmidt","Tiempo de lectura":"2 minutos"},"schema":{"@context":"https:\/\/schema.org","@graph":[{"@type":"Article","@id":"https:\/\/informelitoral.com.ar\/finaliza-el-plazo-para-gestionar-una-beca-de-nivel-superior\/#article","isPartOf":{"@id":"https:\/\/informelitoral.com.ar\/finaliza-el-plazo-para-gestionar-una-beca-de-nivel-superior\/"},"author":{"name":"Gonzalo Schmidt","@id":"https:\/\/informelitoral.com.ar\/#\/schema\/person\/b9d00407c836482871ef1d57bf8e3180"},"headline":"Finaliza el plazo para gestionar una beca de nivel superior","datePublished":"2020-06-30T12:41:31+00:00","mainEntityOfPage":{"@id":"https:\/\/informelitoral.com.ar\/finaliza-el-plazo-para-gestionar-una-beca-de-nivel-superior\/"},"wordCount":411,"commentCount":0,"publisher":{"@id":"https:\/\/informelitoral.com.ar\/#organization"},"image":{"@id":"https:\/\/informelitoral.com.ar\/finaliza-el-plazo-para-gestionar-una-beca-de-nivel-superior\/#primaryimage"},"thumbnailUrl":"https:\/\/informelitoral.com.ar\/%77%70%2d%63%6f%6e%74%65%6e%74\/uploads\/2020\/06\/Becario-3.jpg","keywords":["Becas","Entre R\u00edos","InAuBePro"],"articleSection":["Entre R\u00edos"],"inLanguage":"es","potentialAction":[{"@type":"CommentAction","name":"Comment","target":["https:\/\/informelitoral.com.ar\/finaliza-el-plazo-para-gestionar-una-beca-de-nivel-superior\/#respond"]}]},{"@type":"WebPage","@id":"https:\/\/informelitoral.com.ar\/finaliza-el-plazo-para-gestionar-una-beca-de-nivel-superior\/","url":"https:\/\/informelitoral.com.ar\/finaliza-el-plazo-para-gestionar-una-beca-de-nivel-superior\/","name":"Finaliza el plazo para gestionar una beca de nivel superior - Informe Litoral","isPartOf":{"@id":"https:\/\/informelitoral.com.ar\/#website"},"primaryImageOfPage":{"@id":"https:\/\/informelitoral.com.ar\/finaliza-el-plazo-para-gestionar-una-beca-de-nivel-superior\/#primaryimage"},"image":{"@id":"https:\/\/informelitoral.com.ar\/finaliza-el-plazo-para-gestionar-una-beca-de-nivel-superior\/#primaryimage"},"thumbnailUrl":"https:\/\/informelitoral.com.ar\/%77%70%2d%63%6f%6e%74%65%6e%74\/uploads\/2020\/06\/Becario-3.jpg","datePublished":"2020-06-30T12:41:31+00:00","breadcrumb":{"@id":"https:\/\/informelitoral.com.ar\/finaliza-el-plazo-para-gestionar-una-beca-de-nivel-superior\/#breadcrumb"},"inLanguage":"es","potentialAction":[{"@type":"ReadAction","target":["https:\/\/informelitoral.com.ar\/finaliza-el-plazo-para-gestionar-una-beca-de-nivel-superior\/"]}]},{"@type":"ImageObject","inLanguage":"es","@id":"https:\/\/informelitoral.com.ar\/finaliza-el-plazo-para-gestionar-una-beca-de-nivel-superior\/#primaryimage","url":"https:\/\/informelitoral.com.ar\/%77%70%2d%63%6f%6e%74%65%6e%74\/uploads\/2020\/06\/Becario-3.jpg","contentUrl":"https:\/\/informelitoral.com.ar\/%77%70%2d%63%6f%6e%74%65%6e%74\/uploads\/2020\/06\/Becario-3.jpg","width":1920,"height":1280},{"@type":"BreadcrumbList","@id":"https:\/\/informelitoral.com.ar\/finaliza-el-plazo-para-gestionar-una-beca-de-nivel-superior\/#breadcrumb","itemListElement":[{"@type":"ListItem","position":1,"name":"Portada","item":"https:\/\/informelitoral.com.ar\/"},{"@type":"ListItem","position":2,"name":"Finaliza el plazo para gestionar una beca de nivel superior"}]},{"@type":"WebSite","@id":"https:\/\/informelitoral.com.ar\/#website","url":"https:\/\/informelitoral.com.ar\/","name":"Informe Litoral","description":"&quot;Nos informamos&quot; ","publisher":{"@id":"https:\/\/informelitoral.com.ar\/#organization"},"potentialAction":[{"@type":"SearchAction","target":{"@type":"EntryPoint","urlTemplate":"https:\/\/informelitoral.com.ar\/?s={search_term_string}"},"query-input":{"@type":"PropertyValueSpecification","valueRequired":true,"valueName":"search_term_string"}}],"inLanguage":"es"},{"@type":"Organization","@id":"https:\/\/informelitoral.com.ar\/#organization","name":"Informe Litoral","url":"https:\/\/informelitoral.com.ar\/","logo":{"@type":"ImageObject","inLanguage":"es","@id":"https:\/\/informelitoral.com.ar\/#\/schema\/logo\/image\/","url":"https:\/\/informelitoral.com.ar\/%77%70%2d%63%6f%6e%74%65%6e%74\/uploads\/2021\/01\/circulo.png","contentUrl":"https:\/\/informelitoral.com.ar\/%77%70%2d%63%6f%6e%74%65%6e%74\/uploads\/2021\/01\/circulo.png","width":723,"height":731,"caption":"Informe Litoral"},"image":{"@id":"https:\/\/informelitoral.com.ar\/#\/schema\/logo\/image\/"},"sameAs":["https:\/\/www.facebook.com\/informelitoral\/","https:\/\/x.com\/InformeLitoral","https:\/\/www.instagram.com\/informelitoral\/","https:\/\/www.youtube.com\/channel\/UCua4Qvz8Icb6MYqhoq9xLXw"]},{"@type":"Person","@id":"https:\/\/informelitoral.com.ar\/#\/schema\/person\/b9d00407c836482871ef1d57bf8e3180","name":"Gonzalo Schmidt","image":{"@type":"ImageObject","inLanguage":"es","@id":"https:\/\/secure.gravatar.com\/avatar\/31a1a7b66ff2de83bd0e9fd79d026630d2d99e55e8bfe501287647b4fd9743de?s=96&d=mm&r=g","url":"https:\/\/secure.gravatar.com\/avatar\/31a1a7b66ff2de83bd0e9fd79d026630d2d99e55e8bfe501287647b4fd9743de?s=96&d=mm&r=g","contentUrl":"https:\/\/secure.gravatar.com\/avatar\/31a1a7b66ff2de83bd0e9fd79d026630d2d99e55e8bfe501287647b4fd9743de?s=96&d=mm&r=g","caption":"Gonzalo Schmidt"},"description":"Sitio web de noticias de la provincia de Entre R\u00edos, Argentina. Informaci\u00f3n y entretenimiento. Informe Litoral, nos informamos.","sameAs":["http:\/\/www.isletasnoticias.com.ar"],"url":"https:\/\/informelitoral.com.ar\/author\/gonzalo\/"}]}},"_links":{"self":[{"href":"https:\/\/informelitoral.com.ar\/%77%70%2d%6a%73%6f%6e\/wp\/v2\/posts\/45043","targetHints":{"allow":["GET"]}}],"collection":[{"href":"https:\/\/informelitoral.com.ar\/%77%70%2d%6a%73%6f%6e\/wp\/v2\/posts"}],"about":[{"href":"https:\/\/informelitoral.com.ar\/%77%70%2d%6a%73%6f%6e\/wp\/v2\/types\/post"}],"author":[{"embeddable":true,"href":"https:\/\/informelitoral.com.ar\/%77%70%2d%6a%73%6f%6e\/wp\/v2\/users\/2"}],"replies":[{"embeddable":true,"href":"https:\/\/informelitoral.com.ar\/%77%70%2d%6a%73%6f%6e\/wp\/v2\/comments?post=45043"}],"version-history":[{"count":0,"href":"https:\/\/informelitoral.com.ar\/%77%70%2d%6a%73%6f%6e\/wp\/v2\/posts\/45043\/revisions"}],"wp:featuredmedia":[{"embeddable":true,"href":"https:\/\/informelitoral.com.ar\/%77%70%2d%6a%73%6f%6e\/wp\/v2\/media\/45044"}],"wp:attachment":[{"href":"https:\/\/informelitoral.com.ar\/%77%70%2d%6a%73%6f%6e\/wp\/v2\/media?parent=45043"}],"wp:term":[{"taxonomy":"category","embeddable":true,"href":"https:\/\/informelitoral.com.ar\/%77%70%2d%6a%73%6f%6e\/wp\/v2\/categories?post=45043"},{"taxonomy":"post_tag","embeddable":true,"href":"https:\/\/informelitoral.com.ar\/%77%70%2d%6a%73%6f%6e\/wp\/v2\/tags?post=45043"}],"curies":[{"name":"wp","href":"https:\/\/api.w.org\/{rel}","templated":true}]}}