{"id":45039,"date":"2020-06-30T05:15:17","date_gmt":"2020-06-30T08:15:17","guid":{"rendered":"https:\/\/www.isletasnoticias.com.ar\/?p=45039"},"modified":"2020-06-30T09:19:26","modified_gmt":"2020-06-30T12:19:26","slug":"productor-de-la-zona-de-valle-maria-denuncio-la-quema-de-11-rollos","status":"publish","type":"post","link":"https:\/\/informelitoral.com.ar\/productor-de-la-zona-de-valle-maria-denuncio-la-quema-de-11-rollos\/","title":{"rendered":"Productor de la zona de Valle Mar\u00eda denunci\u00f3 la quema de 11 rollos"},"content":{"rendered":"<p>Bruno Unrein amaneci\u00f3 este domingo con una desagradable sorpresa: Varios rollos de pasto que era de su propiedad y que se hallaban sobre la banquina de un camino en la zona de Valle Mar\u00eda, en el departamento Diamante, se estaban quemando.<\/p>\n<p>\u00abNo s\u00e9 a qui\u00e9n le han molestado, pero hoy desayun\u00e9 con esta desgracia de 11 rollos que se quemaron totalmente\u00bb, cont\u00f3.<\/p>\n<p>Inmediatamente, allegados al mismo se solidarizaron y expresaron su \u00abbronca e impotencia. Tanto trabajo, tiempo y esfuerzo para que vengan y te lo quemen\u00bb, le expresaron en uno de los tantos mensajes.<\/p>\n<p><img decoding=\"async\" class=\"aligncenter\" title=\"\" src=\"https:\/\/elonce-media2.elonce.com.ar\/fotos-nuevo\/2020\/06\/28\/o_1593354544.jpg\" alt=\"\" width=\"640\" \/>Seg\u00fan supo\u00a0<em>Elonce<\/em>, Unrein admiti\u00f3 que no se hallaban dentro de su campo, pero aclar\u00f3 que \u00abno por estar en la calle uno puede hacer da\u00f1o a todo lo que est\u00e1 all\u00ed y tiene due\u00f1o\u00bb.<\/p>\n<p>Tras recalcar que \u00abhay que respetar\u00bb, se consol\u00f3 diciendo: \u00abson cosas que pasan\u00bb.<\/p>\n<p>Asimismo, acot\u00f3 que \u00abno culpo a nadie porque no tengo pruebas. Hace muchos a\u00f1os que est\u00e1n ah\u00ed y jam\u00e1s tuve alguna queja de alg\u00fan vecino ni nada. De lo contrario los hubiera sacado\u00bb.<\/p>\n<p>Y complet\u00f3: \u00abNo s\u00e9 qu\u00e9 habr\u00e1 pasado. Si fue alguien que pas\u00f3 por ah\u00ed o qu\u00e9. Se quemaron, pero gracias a Dios no afect\u00f3 a nadie y no pas\u00f3 a mayores\u00bb. <em>(Fuente: Elonce.com)<\/em><\/p>\n","protected":false},"excerpt":{"rendered":"<p>\u00abHoy desayun\u00e9 con esta desgracia de 11 rollos que se quemaron totalmente\u00bb, cont\u00f3 el productor. Se\u00f1al\u00f3 que no tiene pruebas para culpar a nadie y que \u00abgracias a Dios no pas\u00f3 a mayores\u00bb. <\/p>\n","protected":false},"author":2,"featured_media":45040,"comment_status":"open","ping_status":"open","sticky":false,"template":"","format":"standard","meta":{"fifu_image_url":"","fifu_image_alt":"","footnotes":""},"categories":[10],"tags":[],"class_list":{"0":"post-45039","1":"post","2":"type-post","3":"status-publish","4":"format-standard","5":"has-post-thumbnail","7":"category-campo"},"yoast_head":"<title>Productor de la zona de Valle Mar\u00eda denunci\u00f3 la quema de 11 rollos - Informe Litoral<\/title>\n<meta name=\"robots\" content=\"index, follow, max-snippet:-1, max-image-preview:large, max-video-preview:-1\" \/>\n<link rel=\"canonical\" href=\"https:\/\/informelitoral.com.ar\/productor-de-la-zona-de-valle-maria-denuncio-la-quema-de-11-rollos\/\" \/>\n<meta property=\"og:locale\" content=\"es_ES\" \/>\n<meta property=\"og:type\" content=\"article\" \/>\n<meta property=\"og:title\" content=\"Productor de la zona de Valle Mar\u00eda denunci\u00f3 la quema de 11 rollos - Informe Litoral\" \/>\n<meta property=\"og:description\" content=\"&quot;Hoy desayun\u00e9 con esta desgracia de 11 rollos que se quemaron totalmente&quot;, cont\u00f3 el productor. Se\u00f1al\u00f3 que no tiene pruebas para culpar a nadie y que &quot;gracias a Dios no pas\u00f3 a mayores&quot;.\" \/>\n<meta property=\"og:url\" content=\"https:\/\/informelitoral.com.ar\/productor-de-la-zona-de-valle-maria-denuncio-la-quema-de-11-rollos\/\" \/>\n<meta property=\"og:site_name\" content=\"Informe Litoral\" \/>\n<meta property=\"article:publisher\" content=\"https:\/\/www.facebook.com\/informelitoral\/\" \/>\n<meta property=\"article:published_time\" content=\"2020-06-30T08:15:17+00:00\" \/>\n<meta property=\"article:modified_time\" content=\"2020-06-30T12:19:26+00:00\" \/>\n<meta property=\"og:image\" content=\"https:\/\/informelitoral.com.ar\/%77%70%2d%63%6f%6e%74%65%6e%74\/uploads\/2020\/06\/5efaa28b1869a_g.jpg\" \/>\n\t<meta property=\"og:image:width\" content=\"620\" \/>\n\t<meta property=\"og:image:height\" content=\"240\" \/>\n\t<meta property=\"og:image:type\" content=\"image\/jpeg\" \/>\n<meta name=\"author\" content=\"Gonzalo Schmidt\" \/>\n<meta name=\"twitter:card\" content=\"summary_large_image\" \/>\n<meta name=\"twitter:creator\" content=\"@InformeLitoral\" \/>\n<meta name=\"twitter:site\" content=\"@InformeLitoral\" \/>\n<meta name=\"twitter:label1\" content=\"Escrito por\" \/>\n\t<meta name=\"twitter:data1\" content=\"Gonzalo Schmidt\" \/>\n\t<meta name=\"twitter:label2\" content=\"Tiempo de lectura\" \/>\n\t<meta name=\"twitter:data2\" content=\"1 minuto\" \/>\n<script type=\"application\/ld+json\" class=\"yoast-schema-graph\">{\"@context\":\"https:\\\/\\\/schema.org\",\"@graph\":[{\"@type\":\"Article\",\"@id\":\"https:\\\/\\\/informelitoral.com.ar\\\/productor-de-la-zona-de-valle-maria-denuncio-la-quema-de-11-rollos\\\/#article\",\"isPartOf\":{\"@id\":\"https:\\\/\\\/informelitoral.com.ar\\\/productor-de-la-zona-de-valle-maria-denuncio-la-quema-de-11-rollos\\\/\"},\"author\":{\"name\":\"Gonzalo Schmidt\",\"@id\":\"https:\\\/\\\/informelitoral.com.ar\\\/#\\\/schema\\\/person\\\/b9d00407c836482871ef1d57bf8e3180\"},\"headline\":\"Productor de la zona de Valle Mar\u00eda denunci\u00f3 la quema de 11 rollos\",\"datePublished\":\"2020-06-30T08:15:17+00:00\",\"dateModified\":\"2020-06-30T12:19:26+00:00\",\"mainEntityOfPage\":{\"@id\":\"https:\\\/\\\/informelitoral.com.ar\\\/productor-de-la-zona-de-valle-maria-denuncio-la-quema-de-11-rollos\\\/\"},\"wordCount\":230,\"commentCount\":0,\"publisher\":{\"@id\":\"https:\\\/\\\/informelitoral.com.ar\\\/#organization\"},\"image\":{\"@id\":\"https:\\\/\\\/informelitoral.com.ar\\\/productor-de-la-zona-de-valle-maria-denuncio-la-quema-de-11-rollos\\\/#primaryimage\"},\"thumbnailUrl\":\"https:\\\/\\\/informelitoral.com.ar\\\/%77%70%2d%63%6f%6e%74%65%6e%74\\\/uploads\\\/2020\\\/06\\\/5efaa28b1869a_g.jpg\",\"articleSection\":[\"Campo\"],\"inLanguage\":\"es\",\"potentialAction\":[{\"@type\":\"CommentAction\",\"name\":\"Comment\",\"target\":[\"https:\\\/\\\/informelitoral.com.ar\\\/productor-de-la-zona-de-valle-maria-denuncio-la-quema-de-11-rollos\\\/#respond\"]}]},{\"@type\":\"WebPage\",\"@id\":\"https:\\\/\\\/informelitoral.com.ar\\\/productor-de-la-zona-de-valle-maria-denuncio-la-quema-de-11-rollos\\\/\",\"url\":\"https:\\\/\\\/informelitoral.com.ar\\\/productor-de-la-zona-de-valle-maria-denuncio-la-quema-de-11-rollos\\\/\",\"name\":\"Productor de la zona de Valle Mar\u00eda denunci\u00f3 la quema de 11 rollos - Informe Litoral\",\"isPartOf\":{\"@id\":\"https:\\\/\\\/informelitoral.com.ar\\\/#website\"},\"primaryImageOfPage\":{\"@id\":\"https:\\\/\\\/informelitoral.com.ar\\\/productor-de-la-zona-de-valle-maria-denuncio-la-quema-de-11-rollos\\\/#primaryimage\"},\"image\":{\"@id\":\"https:\\\/\\\/informelitoral.com.ar\\\/productor-de-la-zona-de-valle-maria-denuncio-la-quema-de-11-rollos\\\/#primaryimage\"},\"thumbnailUrl\":\"https:\\\/\\\/informelitoral.com.ar\\\/%77%70%2d%63%6f%6e%74%65%6e%74\\\/uploads\\\/2020\\\/06\\\/5efaa28b1869a_g.jpg\",\"datePublished\":\"2020-06-30T08:15:17+00:00\",\"dateModified\":\"2020-06-30T12:19:26+00:00\",\"breadcrumb\":{\"@id\":\"https:\\\/\\\/informelitoral.com.ar\\\/productor-de-la-zona-de-valle-maria-denuncio-la-quema-de-11-rollos\\\/#breadcrumb\"},\"inLanguage\":\"es\",\"potentialAction\":[{\"@type\":\"ReadAction\",\"target\":[\"https:\\\/\\\/informelitoral.com.ar\\\/productor-de-la-zona-de-valle-maria-denuncio-la-quema-de-11-rollos\\\/\"]}]},{\"@type\":\"ImageObject\",\"inLanguage\":\"es\",\"@id\":\"https:\\\/\\\/informelitoral.com.ar\\\/productor-de-la-zona-de-valle-maria-denuncio-la-quema-de-11-rollos\\\/#primaryimage\",\"url\":\"https:\\\/\\\/informelitoral.com.ar\\\/%77%70%2d%63%6f%6e%74%65%6e%74\\\/uploads\\\/2020\\\/06\\\/5efaa28b1869a_g.jpg\",\"contentUrl\":\"https:\\\/\\\/informelitoral.com.ar\\\/%77%70%2d%63%6f%6e%74%65%6e%74\\\/uploads\\\/2020\\\/06\\\/5efaa28b1869a_g.jpg\",\"width\":620,\"height\":240},{\"@type\":\"BreadcrumbList\",\"@id\":\"https:\\\/\\\/informelitoral.com.ar\\\/productor-de-la-zona-de-valle-maria-denuncio-la-quema-de-11-rollos\\\/#breadcrumb\",\"itemListElement\":[{\"@type\":\"ListItem\",\"position\":1,\"name\":\"Portada\",\"item\":\"https:\\\/\\\/informelitoral.com.ar\\\/\"},{\"@type\":\"ListItem\",\"position\":2,\"name\":\"Productor de la zona de Valle Mar\u00eda denunci\u00f3 la quema de 11 rollos\"}]},{\"@type\":\"WebSite\",\"@id\":\"https:\\\/\\\/informelitoral.com.ar\\\/#website\",\"url\":\"https:\\\/\\\/informelitoral.com.ar\\\/\",\"name\":\"Informe Litoral\",\"description\":\"&quot;Nos informamos&quot; \",\"publisher\":{\"@id\":\"https:\\\/\\\/informelitoral.com.ar\\\/#organization\"},\"potentialAction\":[{\"@type\":\"SearchAction\",\"target\":{\"@type\":\"EntryPoint\",\"urlTemplate\":\"https:\\\/\\\/informelitoral.com.ar\\\/?s={search_term_string}\"},\"query-input\":{\"@type\":\"PropertyValueSpecification\",\"valueRequired\":true,\"valueName\":\"search_term_string\"}}],\"inLanguage\":\"es\"},{\"@type\":\"Organization\",\"@id\":\"https:\\\/\\\/informelitoral.com.ar\\\/#organization\",\"name\":\"Informe Litoral\",\"url\":\"https:\\\/\\\/informelitoral.com.ar\\\/\",\"logo\":{\"@type\":\"ImageObject\",\"inLanguage\":\"es\",\"@id\":\"https:\\\/\\\/informelitoral.com.ar\\\/#\\\/schema\\\/logo\\\/image\\\/\",\"url\":\"https:\\\/\\\/informelitoral.com.ar\\\/%77%70%2d%63%6f%6e%74%65%6e%74\\\/uploads\\\/2021\\\/01\\\/circulo.png\",\"contentUrl\":\"https:\\\/\\\/informelitoral.com.ar\\\/%77%70%2d%63%6f%6e%74%65%6e%74\\\/uploads\\\/2021\\\/01\\\/circulo.png\",\"width\":723,\"height\":731,\"caption\":\"Informe Litoral\"},\"image\":{\"@id\":\"https:\\\/\\\/informelitoral.com.ar\\\/#\\\/schema\\\/logo\\\/image\\\/\"},\"sameAs\":[\"https:\\\/\\\/www.facebook.com\\\/informelitoral\\\/\",\"https:\\\/\\\/x.com\\\/InformeLitoral\",\"https:\\\/\\\/www.instagram.com\\\/informelitoral\\\/\",\"https:\\\/\\\/www.youtube.com\\\/channel\\\/UCua4Qvz8Icb6MYqhoq9xLXw\"]},{\"@type\":\"Person\",\"@id\":\"https:\\\/\\\/informelitoral.com.ar\\\/#\\\/schema\\\/person\\\/b9d00407c836482871ef1d57bf8e3180\",\"name\":\"Gonzalo Schmidt\",\"image\":{\"@type\":\"ImageObject\",\"inLanguage\":\"es\",\"@id\":\"https:\\\/\\\/secure.gravatar.com\\\/avatar\\\/31a1a7b66ff2de83bd0e9fd79d026630d2d99e55e8bfe501287647b4fd9743de?s=96&d=mm&r=g\",\"url\":\"https:\\\/\\\/secure.gravatar.com\\\/avatar\\\/31a1a7b66ff2de83bd0e9fd79d026630d2d99e55e8bfe501287647b4fd9743de?s=96&d=mm&r=g\",\"contentUrl\":\"https:\\\/\\\/secure.gravatar.com\\\/avatar\\\/31a1a7b66ff2de83bd0e9fd79d026630d2d99e55e8bfe501287647b4fd9743de?s=96&d=mm&r=g\",\"caption\":\"Gonzalo Schmidt\"},\"description\":\"Sitio web de noticias de la provincia de Entre R\u00edos, Argentina. Informaci\u00f3n y entretenimiento. Informe Litoral, nos informamos.\",\"sameAs\":[\"http:\\\/\\\/www.isletasnoticias.com.ar\"],\"url\":\"https:\\\/\\\/informelitoral.com.ar\\\/author\\\/gonzalo\\\/\"}]}<\/script>","yoast_head_json":{"title":"Productor de la zona de Valle Mar\u00eda denunci\u00f3 la quema de 11 rollos - Informe Litoral","robots":{"index":"index","follow":"follow","max-snippet":"max-snippet:-1","max-image-preview":"max-image-preview:large","max-video-preview":"max-video-preview:-1"},"canonical":"https:\/\/informelitoral.com.ar\/productor-de-la-zona-de-valle-maria-denuncio-la-quema-de-11-rollos\/","og_locale":"es_ES","og_type":"article","og_title":"Productor de la zona de Valle Mar\u00eda denunci\u00f3 la quema de 11 rollos - Informe Litoral","og_description":"\"Hoy desayun\u00e9 con esta desgracia de 11 rollos que se quemaron totalmente\", cont\u00f3 el productor. Se\u00f1al\u00f3 que no tiene pruebas para culpar a nadie y que \"gracias a Dios no pas\u00f3 a mayores\".","og_url":"https:\/\/informelitoral.com.ar\/productor-de-la-zona-de-valle-maria-denuncio-la-quema-de-11-rollos\/","og_site_name":"Informe Litoral","article_publisher":"https:\/\/www.facebook.com\/informelitoral\/","article_published_time":"2020-06-30T08:15:17+00:00","article_modified_time":"2020-06-30T12:19:26+00:00","og_image":[{"width":620,"height":240,"url":"https:\/\/informelitoral.com.ar\/%77%70%2d%63%6f%6e%74%65%6e%74\/uploads\/2020\/06\/5efaa28b1869a_g.jpg","type":"image\/jpeg"}],"author":"Gonzalo Schmidt","twitter_card":"summary_large_image","twitter_creator":"@InformeLitoral","twitter_site":"@InformeLitoral","twitter_misc":{"Escrito por":"Gonzalo Schmidt","Tiempo de lectura":"1 minuto"},"schema":{"@context":"https:\/\/schema.org","@graph":[{"@type":"Article","@id":"https:\/\/informelitoral.com.ar\/productor-de-la-zona-de-valle-maria-denuncio-la-quema-de-11-rollos\/#article","isPartOf":{"@id":"https:\/\/informelitoral.com.ar\/productor-de-la-zona-de-valle-maria-denuncio-la-quema-de-11-rollos\/"},"author":{"name":"Gonzalo Schmidt","@id":"https:\/\/informelitoral.com.ar\/#\/schema\/person\/b9d00407c836482871ef1d57bf8e3180"},"headline":"Productor de la zona de Valle Mar\u00eda denunci\u00f3 la quema de 11 rollos","datePublished":"2020-06-30T08:15:17+00:00","dateModified":"2020-06-30T12:19:26+00:00","mainEntityOfPage":{"@id":"https:\/\/informelitoral.com.ar\/productor-de-la-zona-de-valle-maria-denuncio-la-quema-de-11-rollos\/"},"wordCount":230,"commentCount":0,"publisher":{"@id":"https:\/\/informelitoral.com.ar\/#organization"},"image":{"@id":"https:\/\/informelitoral.com.ar\/productor-de-la-zona-de-valle-maria-denuncio-la-quema-de-11-rollos\/#primaryimage"},"thumbnailUrl":"https:\/\/informelitoral.com.ar\/%77%70%2d%63%6f%6e%74%65%6e%74\/uploads\/2020\/06\/5efaa28b1869a_g.jpg","articleSection":["Campo"],"inLanguage":"es","potentialAction":[{"@type":"CommentAction","name":"Comment","target":["https:\/\/informelitoral.com.ar\/productor-de-la-zona-de-valle-maria-denuncio-la-quema-de-11-rollos\/#respond"]}]},{"@type":"WebPage","@id":"https:\/\/informelitoral.com.ar\/productor-de-la-zona-de-valle-maria-denuncio-la-quema-de-11-rollos\/","url":"https:\/\/informelitoral.com.ar\/productor-de-la-zona-de-valle-maria-denuncio-la-quema-de-11-rollos\/","name":"Productor de la zona de Valle Mar\u00eda denunci\u00f3 la quema de 11 rollos - Informe Litoral","isPartOf":{"@id":"https:\/\/informelitoral.com.ar\/#website"},"primaryImageOfPage":{"@id":"https:\/\/informelitoral.com.ar\/productor-de-la-zona-de-valle-maria-denuncio-la-quema-de-11-rollos\/#primaryimage"},"image":{"@id":"https:\/\/informelitoral.com.ar\/productor-de-la-zona-de-valle-maria-denuncio-la-quema-de-11-rollos\/#primaryimage"},"thumbnailUrl":"https:\/\/informelitoral.com.ar\/%77%70%2d%63%6f%6e%74%65%6e%74\/uploads\/2020\/06\/5efaa28b1869a_g.jpg","datePublished":"2020-06-30T08:15:17+00:00","dateModified":"2020-06-30T12:19:26+00:00","breadcrumb":{"@id":"https:\/\/informelitoral.com.ar\/productor-de-la-zona-de-valle-maria-denuncio-la-quema-de-11-rollos\/#breadcrumb"},"inLanguage":"es","potentialAction":[{"@type":"ReadAction","target":["https:\/\/informelitoral.com.ar\/productor-de-la-zona-de-valle-maria-denuncio-la-quema-de-11-rollos\/"]}]},{"@type":"ImageObject","inLanguage":"es","@id":"https:\/\/informelitoral.com.ar\/productor-de-la-zona-de-valle-maria-denuncio-la-quema-de-11-rollos\/#primaryimage","url":"https:\/\/informelitoral.com.ar\/%77%70%2d%63%6f%6e%74%65%6e%74\/uploads\/2020\/06\/5efaa28b1869a_g.jpg","contentUrl":"https:\/\/informelitoral.com.ar\/%77%70%2d%63%6f%6e%74%65%6e%74\/uploads\/2020\/06\/5efaa28b1869a_g.jpg","width":620,"height":240},{"@type":"BreadcrumbList","@id":"https:\/\/informelitoral.com.ar\/productor-de-la-zona-de-valle-maria-denuncio-la-quema-de-11-rollos\/#breadcrumb","itemListElement":[{"@type":"ListItem","position":1,"name":"Portada","item":"https:\/\/informelitoral.com.ar\/"},{"@type":"ListItem","position":2,"name":"Productor de la zona de Valle Mar\u00eda denunci\u00f3 la quema de 11 rollos"}]},{"@type":"WebSite","@id":"https:\/\/informelitoral.com.ar\/#website","url":"https:\/\/informelitoral.com.ar\/","name":"Informe Litoral","description":"&quot;Nos informamos&quot; ","publisher":{"@id":"https:\/\/informelitoral.com.ar\/#organization"},"potentialAction":[{"@type":"SearchAction","target":{"@type":"EntryPoint","urlTemplate":"https:\/\/informelitoral.com.ar\/?s={search_term_string}"},"query-input":{"@type":"PropertyValueSpecification","valueRequired":true,"valueName":"search_term_string"}}],"inLanguage":"es"},{"@type":"Organization","@id":"https:\/\/informelitoral.com.ar\/#organization","name":"Informe Litoral","url":"https:\/\/informelitoral.com.ar\/","logo":{"@type":"ImageObject","inLanguage":"es","@id":"https:\/\/informelitoral.com.ar\/#\/schema\/logo\/image\/","url":"https:\/\/informelitoral.com.ar\/%77%70%2d%63%6f%6e%74%65%6e%74\/uploads\/2021\/01\/circulo.png","contentUrl":"https:\/\/informelitoral.com.ar\/%77%70%2d%63%6f%6e%74%65%6e%74\/uploads\/2021\/01\/circulo.png","width":723,"height":731,"caption":"Informe Litoral"},"image":{"@id":"https:\/\/informelitoral.com.ar\/#\/schema\/logo\/image\/"},"sameAs":["https:\/\/www.facebook.com\/informelitoral\/","https:\/\/x.com\/InformeLitoral","https:\/\/www.instagram.com\/informelitoral\/","https:\/\/www.youtube.com\/channel\/UCua4Qvz8Icb6MYqhoq9xLXw"]},{"@type":"Person","@id":"https:\/\/informelitoral.com.ar\/#\/schema\/person\/b9d00407c836482871ef1d57bf8e3180","name":"Gonzalo Schmidt","image":{"@type":"ImageObject","inLanguage":"es","@id":"https:\/\/secure.gravatar.com\/avatar\/31a1a7b66ff2de83bd0e9fd79d026630d2d99e55e8bfe501287647b4fd9743de?s=96&d=mm&r=g","url":"https:\/\/secure.gravatar.com\/avatar\/31a1a7b66ff2de83bd0e9fd79d026630d2d99e55e8bfe501287647b4fd9743de?s=96&d=mm&r=g","contentUrl":"https:\/\/secure.gravatar.com\/avatar\/31a1a7b66ff2de83bd0e9fd79d026630d2d99e55e8bfe501287647b4fd9743de?s=96&d=mm&r=g","caption":"Gonzalo Schmidt"},"description":"Sitio web de noticias de la provincia de Entre R\u00edos, Argentina. Informaci\u00f3n y entretenimiento. Informe Litoral, nos informamos.","sameAs":["http:\/\/www.isletasnoticias.com.ar"],"url":"https:\/\/informelitoral.com.ar\/author\/gonzalo\/"}]}},"_links":{"self":[{"href":"https:\/\/informelitoral.com.ar\/%77%70%2d%6a%73%6f%6e\/wp\/v2\/posts\/45039","targetHints":{"allow":["GET"]}}],"collection":[{"href":"https:\/\/informelitoral.com.ar\/%77%70%2d%6a%73%6f%6e\/wp\/v2\/posts"}],"about":[{"href":"https:\/\/informelitoral.com.ar\/%77%70%2d%6a%73%6f%6e\/wp\/v2\/types\/post"}],"author":[{"embeddable":true,"href":"https:\/\/informelitoral.com.ar\/%77%70%2d%6a%73%6f%6e\/wp\/v2\/users\/2"}],"replies":[{"embeddable":true,"href":"https:\/\/informelitoral.com.ar\/%77%70%2d%6a%73%6f%6e\/wp\/v2\/comments?post=45039"}],"version-history":[{"count":0,"href":"https:\/\/informelitoral.com.ar\/%77%70%2d%6a%73%6f%6e\/wp\/v2\/posts\/45039\/revisions"}],"wp:featuredmedia":[{"embeddable":true,"href":"https:\/\/informelitoral.com.ar\/%77%70%2d%6a%73%6f%6e\/wp\/v2\/media\/45040"}],"wp:attachment":[{"href":"https:\/\/informelitoral.com.ar\/%77%70%2d%6a%73%6f%6e\/wp\/v2\/media?parent=45039"}],"wp:term":[{"taxonomy":"category","embeddable":true,"href":"https:\/\/informelitoral.com.ar\/%77%70%2d%6a%73%6f%6e\/wp\/v2\/categories?post=45039"},{"taxonomy":"post_tag","embeddable":true,"href":"https:\/\/informelitoral.com.ar\/%77%70%2d%6a%73%6f%6e\/wp\/v2\/tags?post=45039"}],"curies":[{"name":"wp","href":"https:\/\/api.w.org\/{rel}","templated":true}]}}