{"id":45028,"date":"2020-06-30T07:50:22","date_gmt":"2020-06-30T10:50:22","guid":{"rendered":"https:\/\/www.isletasnoticias.com.ar\/?p=45028"},"modified":"2020-06-30T07:55:12","modified_gmt":"2020-06-30T10:55:12","slug":"stratta-la-emergencia-solidaria-coincide-con-la-posicion-del-gobierno-nacional","status":"publish","type":"post","link":"https:\/\/informelitoral.com.ar\/stratta-la-emergencia-solidaria-coincide-con-la-posicion-del-gobierno-nacional\/","title":{"rendered":"Stratta: \u201cLa emergencia solidaria coincide con la posici\u00f3n del gobierno nacional\u201d"},"content":{"rendered":"<p>\u201cNo nos olvidemos que hay un sector privado que est\u00e1 tambi\u00e9n atravesando situaciones muy cr\u00edticas a ra\u00edz de la pandemia\u201d, a\u00f1adi\u00f3.<\/p>\n<p>La situaci\u00f3n epidemiol\u00f3gica en la provincia y el proyecto de ley de Emergencia Solidaria que el Poder Ejecutivo envi\u00f3 a la Legislatura para su tratamiento, fueron abordados por el gobernador Gustavo Bordet junto a los ministros, el fiscal de Estado, Julio Rodr\u00edguez Signes, y el presidente de la C\u00e1mara de Diputados, Angel Giano.<\/p>\n<p>Tras el encuentro, la vicegobernadora Laura Stratta destac\u00f3 que se dialog\u00f3 \u201csobre el proyecto de ley de Emergencia Solidaria que el Poder Ejecutivo envi\u00f3 el viernes a la Legislatura y que esta semana las c\u00e1maras de Diputados y de Senadores vamos a tratar, en un contexto de crisis como el que estamos atravesando, donde necesitamos hacer un esfuerzo quienes m\u00e1s chances tenemos, para poder afrontar estos momentos dif\u00edciles que nos tocan atravesar\u00bb.<\/p>\n<p>Afirm\u00f3 que \u00abdesde el momento en que ingres\u00f3 el proyecto en la C\u00e1mara de Diputados se han establecido los di\u00e1logos pertinentes, porque a nosotros siempre nos interesa poder escuchar a cada uno de los sectores; pero es muy clara y contundente la situaci\u00f3n que estamos pasando. Estamos en crisis, esto no sucede \u00fanicamente en la provincia de Entre R\u00edos, sino en la Argentina y el mundo. Necesitamos en este contexto una ley de Emergencia Solidaria; es decir que los sectores que siguen ganando puedan aportar; y los sectores que en la administraci\u00f3n p\u00fablica cobramos m\u00e1s, podamos tambi\u00e9n hacer el aporte pertinente, porque de otra manera no hay forma de seguir adelante\u201d.<\/p>\n<p>El proyecto de ley de emergencia solidaria va en sinton\u00eda con lo que viene planteando el gobierno nacional, de los esfuerzos que debemos hacer y de la solidaridad que debemos poner en juego. No nos olvidemos que hay un sector privado que est\u00e1 tambi\u00e9n atravesando situaciones muy cr\u00edticas, y que ve con buenos ojos que la administraci\u00f3n p\u00fablica pueda abordar este tema y aquellos con mayores ingresos hagan un esfuerzo para afrontar esta etapa dif\u00edcil\u00bb, agreg\u00f3.<\/p>\n<p>Respecto a la duraci\u00f3n de la norma, precis\u00f3 que \u00abcomo toda emergencia esta ley prev\u00e9 un a\u00f1o, hasta el 30 de junio de 2021, con la posibilidad de prorrogarse seis meses por decreto; es decir que en el caso de que se apruebe ser\u00e1 por un a\u00f1o, prorrogable a un a\u00f1o y medio, a diciembre de 2021\u00bb.<\/p>\n<p>En cuanto a los alcances del proyecto, la vicegobernadora precis\u00f3 que abarca \u00aba los activos y los pasivos que perciben m\u00e1s de 75.000 pesos, que -en una forma progresiva- van a hacer un aporte a la Caja de Jubilaciones; a la venta mayorista de medicamentos, es decir las droguer\u00edas; a las entidades financieras, que ser\u00edan los bancos y las financieras, y aquellas extensiones del Inmobiliario Rural de 1.000 hect\u00e1reas en adelante\u00bb.<\/p>\n<p>\u00abTambi\u00e9n marca el proyecto que los tres poderes del Estado, entes descentralizados y sociedades del Estado que tienen reg\u00edmenes especiales no otorguen aumentos sino los que el Estado provincial, en el marco de las paritarias que convoque, fije\u00bb, acot\u00f3.<\/p>\n<p>Luego Stratta coment\u00f3 que el aporte de los pasivos para la Caja de Jubilaciones, establecido en el proyecto de ley, conformar\u00e1 \u00abun fondo especial que se hace en el marco de esta coyuntura y esta crisis, pero tambi\u00e9n es importante que podamos decirlo en n\u00fameros reales y es que el 85 por ciento de los pasivos no se van a ver alcanzados por esta ley. Por eso hablamos de gradualidad, porque no puede ser que todos, independientemente de lo que cobramos, aportemos lo mismo. Esto fija una gradualidad\u201d.<\/p>\n<p><strong>Situaci\u00f3n epidemiol\u00f3gica<\/strong><\/p>\n<p>En ese marco, precis\u00f3 que \u201cla ministra de Salud hizo un balance y un informe pormenorizado de acuerdo a las localidades que tienen m\u00e1s casos positivos de Covid y del trabajo que se est\u00e1 haciendo en articulaci\u00f3n con los municipios para poder hacer los aislamientos en el marco de la estrategia sanitaria\u00bb.<\/p>\n","protected":false},"excerpt":{"rendered":"<p>\u201cEl proyecto de ley de emergencia solidaria va en sinton\u00eda con lo que viene planteando el gobierno nacional, de los esfuerzos que debemos hacer y de la solidaridad que debemos poner en juego\u201d, dijo la vicegobernadora Laura Stratta tras la reuni\u00f3n de gabinete de este lunes.<\/p>\n","protected":false},"author":2,"featured_media":45029,"comment_status":"open","ping_status":"open","sticky":false,"template":"","format":"standard","meta":{"fifu_image_url":"","fifu_image_alt":"","footnotes":""},"categories":[16],"tags":[1426,1481,1288,249,680],"class_list":{"0":"post-45028","1":"post","2":"type-post","3":"status-publish","4":"format-standard","5":"has-post-thumbnail","7":"category-politi","8":"tag-coronavirus","9":"tag-covid-19","10":"tag-crisis-economica","11":"tag-gobierno-provincial","12":"tag-laura-stratta"},"yoast_head":"<title>Stratta: \u201cLa emergencia solidaria coincide con la posici\u00f3n del gobierno nacional\u201d - Informe Litoral<\/title>\n<meta name=\"robots\" content=\"index, follow, max-snippet:-1, max-image-preview:large, max-video-preview:-1\" \/>\n<link rel=\"canonical\" href=\"https:\/\/informelitoral.com.ar\/stratta-la-emergencia-solidaria-coincide-con-la-posicion-del-gobierno-nacional\/\" \/>\n<meta property=\"og:locale\" content=\"es_ES\" \/>\n<meta property=\"og:type\" content=\"article\" \/>\n<meta property=\"og:title\" content=\"Stratta: \u201cLa emergencia solidaria coincide con la posici\u00f3n del gobierno nacional\u201d - Informe Litoral\" \/>\n<meta property=\"og:description\" content=\"\u201cEl proyecto de ley de emergencia solidaria va en sinton\u00eda con lo que viene planteando el gobierno nacional, de los esfuerzos que debemos hacer y de la solidaridad que debemos poner en juego\u201d, dijo la vicegobernadora Laura Stratta tras la reuni\u00f3n de gabinete de este lunes.\" \/>\n<meta property=\"og:url\" content=\"https:\/\/informelitoral.com.ar\/stratta-la-emergencia-solidaria-coincide-con-la-posicion-del-gobierno-nacional\/\" \/>\n<meta property=\"og:site_name\" content=\"Informe Litoral\" \/>\n<meta property=\"article:publisher\" content=\"https:\/\/www.facebook.com\/informelitoral\/\" \/>\n<meta property=\"article:published_time\" content=\"2020-06-30T10:50:22+00:00\" \/>\n<meta property=\"article:modified_time\" content=\"2020-06-30T10:55:12+00:00\" \/>\n<meta property=\"og:image\" content=\"https:\/\/informelitoral.com.ar\/%77%70%2d%63%6f%6e%74%65%6e%74\/uploads\/2020\/06\/1593444795jpg-scaled.jpg\" \/>\n\t<meta property=\"og:image:width\" content=\"2560\" \/>\n\t<meta property=\"og:image:height\" content=\"1696\" \/>\n\t<meta property=\"og:image:type\" content=\"image\/jpeg\" \/>\n<meta name=\"author\" content=\"Gonzalo Schmidt\" \/>\n<meta name=\"twitter:card\" content=\"summary_large_image\" \/>\n<meta name=\"twitter:creator\" content=\"@InformeLitoral\" \/>\n<meta name=\"twitter:site\" content=\"@InformeLitoral\" \/>\n<meta name=\"twitter:label1\" content=\"Escrito por\" \/>\n\t<meta name=\"twitter:data1\" content=\"Gonzalo Schmidt\" \/>\n\t<meta name=\"twitter:label2\" content=\"Tiempo de lectura\" \/>\n\t<meta name=\"twitter:data2\" content=\"3 minutos\" \/>\n<script type=\"application\/ld+json\" class=\"yoast-schema-graph\">{\"@context\":\"https:\\\/\\\/schema.org\",\"@graph\":[{\"@type\":\"Article\",\"@id\":\"https:\\\/\\\/informelitoral.com.ar\\\/stratta-la-emergencia-solidaria-coincide-con-la-posicion-del-gobierno-nacional\\\/#article\",\"isPartOf\":{\"@id\":\"https:\\\/\\\/informelitoral.com.ar\\\/stratta-la-emergencia-solidaria-coincide-con-la-posicion-del-gobierno-nacional\\\/\"},\"author\":{\"name\":\"Gonzalo Schmidt\",\"@id\":\"https:\\\/\\\/informelitoral.com.ar\\\/#\\\/schema\\\/person\\\/b9d00407c836482871ef1d57bf8e3180\"},\"headline\":\"Stratta: \u201cLa emergencia solidaria coincide con la posici\u00f3n del gobierno nacional\u201d\",\"datePublished\":\"2020-06-30T10:50:22+00:00\",\"dateModified\":\"2020-06-30T10:55:12+00:00\",\"mainEntityOfPage\":{\"@id\":\"https:\\\/\\\/informelitoral.com.ar\\\/stratta-la-emergencia-solidaria-coincide-con-la-posicion-del-gobierno-nacional\\\/\"},\"wordCount\":689,\"commentCount\":0,\"publisher\":{\"@id\":\"https:\\\/\\\/informelitoral.com.ar\\\/#organization\"},\"image\":{\"@id\":\"https:\\\/\\\/informelitoral.com.ar\\\/stratta-la-emergencia-solidaria-coincide-con-la-posicion-del-gobierno-nacional\\\/#primaryimage\"},\"thumbnailUrl\":\"https:\\\/\\\/informelitoral.com.ar\\\/%77%70%2d%63%6f%6e%74%65%6e%74\\\/uploads\\\/2020\\\/06\\\/1593444795jpg-scaled.jpg\",\"keywords\":[\"Coronavirus\",\"COVID-19\",\"Crisis econ\u00f3mica\",\"Gobierno provincial\",\"Laura Stratta\"],\"articleSection\":[\"Politica\"],\"inLanguage\":\"es\",\"potentialAction\":[{\"@type\":\"CommentAction\",\"name\":\"Comment\",\"target\":[\"https:\\\/\\\/informelitoral.com.ar\\\/stratta-la-emergencia-solidaria-coincide-con-la-posicion-del-gobierno-nacional\\\/#respond\"]}]},{\"@type\":\"WebPage\",\"@id\":\"https:\\\/\\\/informelitoral.com.ar\\\/stratta-la-emergencia-solidaria-coincide-con-la-posicion-del-gobierno-nacional\\\/\",\"url\":\"https:\\\/\\\/informelitoral.com.ar\\\/stratta-la-emergencia-solidaria-coincide-con-la-posicion-del-gobierno-nacional\\\/\",\"name\":\"Stratta: \u201cLa emergencia solidaria coincide con la posici\u00f3n del gobierno nacional\u201d - Informe Litoral\",\"isPartOf\":{\"@id\":\"https:\\\/\\\/informelitoral.com.ar\\\/#website\"},\"primaryImageOfPage\":{\"@id\":\"https:\\\/\\\/informelitoral.com.ar\\\/stratta-la-emergencia-solidaria-coincide-con-la-posicion-del-gobierno-nacional\\\/#primaryimage\"},\"image\":{\"@id\":\"https:\\\/\\\/informelitoral.com.ar\\\/stratta-la-emergencia-solidaria-coincide-con-la-posicion-del-gobierno-nacional\\\/#primaryimage\"},\"thumbnailUrl\":\"https:\\\/\\\/informelitoral.com.ar\\\/%77%70%2d%63%6f%6e%74%65%6e%74\\\/uploads\\\/2020\\\/06\\\/1593444795jpg-scaled.jpg\",\"datePublished\":\"2020-06-30T10:50:22+00:00\",\"dateModified\":\"2020-06-30T10:55:12+00:00\",\"breadcrumb\":{\"@id\":\"https:\\\/\\\/informelitoral.com.ar\\\/stratta-la-emergencia-solidaria-coincide-con-la-posicion-del-gobierno-nacional\\\/#breadcrumb\"},\"inLanguage\":\"es\",\"potentialAction\":[{\"@type\":\"ReadAction\",\"target\":[\"https:\\\/\\\/informelitoral.com.ar\\\/stratta-la-emergencia-solidaria-coincide-con-la-posicion-del-gobierno-nacional\\\/\"]}]},{\"@type\":\"ImageObject\",\"inLanguage\":\"es\",\"@id\":\"https:\\\/\\\/informelitoral.com.ar\\\/stratta-la-emergencia-solidaria-coincide-con-la-posicion-del-gobierno-nacional\\\/#primaryimage\",\"url\":\"https:\\\/\\\/informelitoral.com.ar\\\/%77%70%2d%63%6f%6e%74%65%6e%74\\\/uploads\\\/2020\\\/06\\\/1593444795jpg-scaled.jpg\",\"contentUrl\":\"https:\\\/\\\/informelitoral.com.ar\\\/%77%70%2d%63%6f%6e%74%65%6e%74\\\/uploads\\\/2020\\\/06\\\/1593444795jpg-scaled.jpg\",\"width\":2560,\"height\":1696},{\"@type\":\"BreadcrumbList\",\"@id\":\"https:\\\/\\\/informelitoral.com.ar\\\/stratta-la-emergencia-solidaria-coincide-con-la-posicion-del-gobierno-nacional\\\/#breadcrumb\",\"itemListElement\":[{\"@type\":\"ListItem\",\"position\":1,\"name\":\"Portada\",\"item\":\"https:\\\/\\\/informelitoral.com.ar\\\/\"},{\"@type\":\"ListItem\",\"position\":2,\"name\":\"Stratta: \u201cLa emergencia solidaria coincide con la posici\u00f3n del gobierno nacional\u201d\"}]},{\"@type\":\"WebSite\",\"@id\":\"https:\\\/\\\/informelitoral.com.ar\\\/#website\",\"url\":\"https:\\\/\\\/informelitoral.com.ar\\\/\",\"name\":\"Informe Litoral\",\"description\":\"&quot;Nos informamos&quot; \",\"publisher\":{\"@id\":\"https:\\\/\\\/informelitoral.com.ar\\\/#organization\"},\"potentialAction\":[{\"@type\":\"SearchAction\",\"target\":{\"@type\":\"EntryPoint\",\"urlTemplate\":\"https:\\\/\\\/informelitoral.com.ar\\\/?s={search_term_string}\"},\"query-input\":{\"@type\":\"PropertyValueSpecification\",\"valueRequired\":true,\"valueName\":\"search_term_string\"}}],\"inLanguage\":\"es\"},{\"@type\":\"Organization\",\"@id\":\"https:\\\/\\\/informelitoral.com.ar\\\/#organization\",\"name\":\"Informe Litoral\",\"url\":\"https:\\\/\\\/informelitoral.com.ar\\\/\",\"logo\":{\"@type\":\"ImageObject\",\"inLanguage\":\"es\",\"@id\":\"https:\\\/\\\/informelitoral.com.ar\\\/#\\\/schema\\\/logo\\\/image\\\/\",\"url\":\"https:\\\/\\\/informelitoral.com.ar\\\/%77%70%2d%63%6f%6e%74%65%6e%74\\\/uploads\\\/2021\\\/01\\\/circulo.png\",\"contentUrl\":\"https:\\\/\\\/informelitoral.com.ar\\\/%77%70%2d%63%6f%6e%74%65%6e%74\\\/uploads\\\/2021\\\/01\\\/circulo.png\",\"width\":723,\"height\":731,\"caption\":\"Informe Litoral\"},\"image\":{\"@id\":\"https:\\\/\\\/informelitoral.com.ar\\\/#\\\/schema\\\/logo\\\/image\\\/\"},\"sameAs\":[\"https:\\\/\\\/www.facebook.com\\\/informelitoral\\\/\",\"https:\\\/\\\/x.com\\\/InformeLitoral\",\"https:\\\/\\\/www.instagram.com\\\/informelitoral\\\/\",\"https:\\\/\\\/www.youtube.com\\\/channel\\\/UCua4Qvz8Icb6MYqhoq9xLXw\"]},{\"@type\":\"Person\",\"@id\":\"https:\\\/\\\/informelitoral.com.ar\\\/#\\\/schema\\\/person\\\/b9d00407c836482871ef1d57bf8e3180\",\"name\":\"Gonzalo Schmidt\",\"image\":{\"@type\":\"ImageObject\",\"inLanguage\":\"es\",\"@id\":\"https:\\\/\\\/secure.gravatar.com\\\/avatar\\\/31a1a7b66ff2de83bd0e9fd79d026630d2d99e55e8bfe501287647b4fd9743de?s=96&d=mm&r=g\",\"url\":\"https:\\\/\\\/secure.gravatar.com\\\/avatar\\\/31a1a7b66ff2de83bd0e9fd79d026630d2d99e55e8bfe501287647b4fd9743de?s=96&d=mm&r=g\",\"contentUrl\":\"https:\\\/\\\/secure.gravatar.com\\\/avatar\\\/31a1a7b66ff2de83bd0e9fd79d026630d2d99e55e8bfe501287647b4fd9743de?s=96&d=mm&r=g\",\"caption\":\"Gonzalo Schmidt\"},\"description\":\"Sitio web de noticias de la provincia de Entre R\u00edos, Argentina. Informaci\u00f3n y entretenimiento. Informe Litoral, nos informamos.\",\"sameAs\":[\"http:\\\/\\\/www.isletasnoticias.com.ar\"],\"url\":\"https:\\\/\\\/informelitoral.com.ar\\\/author\\\/gonzalo\\\/\"}]}<\/script>","yoast_head_json":{"title":"Stratta: \u201cLa emergencia solidaria coincide con la posici\u00f3n del gobierno nacional\u201d - Informe Litoral","robots":{"index":"index","follow":"follow","max-snippet":"max-snippet:-1","max-image-preview":"max-image-preview:large","max-video-preview":"max-video-preview:-1"},"canonical":"https:\/\/informelitoral.com.ar\/stratta-la-emergencia-solidaria-coincide-con-la-posicion-del-gobierno-nacional\/","og_locale":"es_ES","og_type":"article","og_title":"Stratta: \u201cLa emergencia solidaria coincide con la posici\u00f3n del gobierno nacional\u201d - Informe Litoral","og_description":"\u201cEl proyecto de ley de emergencia solidaria va en sinton\u00eda con lo que viene planteando el gobierno nacional, de los esfuerzos que debemos hacer y de la solidaridad que debemos poner en juego\u201d, dijo la vicegobernadora Laura Stratta tras la reuni\u00f3n de gabinete de este lunes.","og_url":"https:\/\/informelitoral.com.ar\/stratta-la-emergencia-solidaria-coincide-con-la-posicion-del-gobierno-nacional\/","og_site_name":"Informe Litoral","article_publisher":"https:\/\/www.facebook.com\/informelitoral\/","article_published_time":"2020-06-30T10:50:22+00:00","article_modified_time":"2020-06-30T10:55:12+00:00","og_image":[{"width":2560,"height":1696,"url":"https:\/\/informelitoral.com.ar\/%77%70%2d%63%6f%6e%74%65%6e%74\/uploads\/2020\/06\/1593444795jpg-scaled.jpg","type":"image\/jpeg"}],"author":"Gonzalo Schmidt","twitter_card":"summary_large_image","twitter_creator":"@InformeLitoral","twitter_site":"@InformeLitoral","twitter_misc":{"Escrito por":"Gonzalo Schmidt","Tiempo de lectura":"3 minutos"},"schema":{"@context":"https:\/\/schema.org","@graph":[{"@type":"Article","@id":"https:\/\/informelitoral.com.ar\/stratta-la-emergencia-solidaria-coincide-con-la-posicion-del-gobierno-nacional\/#article","isPartOf":{"@id":"https:\/\/informelitoral.com.ar\/stratta-la-emergencia-solidaria-coincide-con-la-posicion-del-gobierno-nacional\/"},"author":{"name":"Gonzalo Schmidt","@id":"https:\/\/informelitoral.com.ar\/#\/schema\/person\/b9d00407c836482871ef1d57bf8e3180"},"headline":"Stratta: \u201cLa emergencia solidaria coincide con la posici\u00f3n del gobierno nacional\u201d","datePublished":"2020-06-30T10:50:22+00:00","dateModified":"2020-06-30T10:55:12+00:00","mainEntityOfPage":{"@id":"https:\/\/informelitoral.com.ar\/stratta-la-emergencia-solidaria-coincide-con-la-posicion-del-gobierno-nacional\/"},"wordCount":689,"commentCount":0,"publisher":{"@id":"https:\/\/informelitoral.com.ar\/#organization"},"image":{"@id":"https:\/\/informelitoral.com.ar\/stratta-la-emergencia-solidaria-coincide-con-la-posicion-del-gobierno-nacional\/#primaryimage"},"thumbnailUrl":"https:\/\/informelitoral.com.ar\/%77%70%2d%63%6f%6e%74%65%6e%74\/uploads\/2020\/06\/1593444795jpg-scaled.jpg","keywords":["Coronavirus","COVID-19","Crisis econ\u00f3mica","Gobierno provincial","Laura Stratta"],"articleSection":["Politica"],"inLanguage":"es","potentialAction":[{"@type":"CommentAction","name":"Comment","target":["https:\/\/informelitoral.com.ar\/stratta-la-emergencia-solidaria-coincide-con-la-posicion-del-gobierno-nacional\/#respond"]}]},{"@type":"WebPage","@id":"https:\/\/informelitoral.com.ar\/stratta-la-emergencia-solidaria-coincide-con-la-posicion-del-gobierno-nacional\/","url":"https:\/\/informelitoral.com.ar\/stratta-la-emergencia-solidaria-coincide-con-la-posicion-del-gobierno-nacional\/","name":"Stratta: \u201cLa emergencia solidaria coincide con la posici\u00f3n del gobierno nacional\u201d - Informe Litoral","isPartOf":{"@id":"https:\/\/informelitoral.com.ar\/#website"},"primaryImageOfPage":{"@id":"https:\/\/informelitoral.com.ar\/stratta-la-emergencia-solidaria-coincide-con-la-posicion-del-gobierno-nacional\/#primaryimage"},"image":{"@id":"https:\/\/informelitoral.com.ar\/stratta-la-emergencia-solidaria-coincide-con-la-posicion-del-gobierno-nacional\/#primaryimage"},"thumbnailUrl":"https:\/\/informelitoral.com.ar\/%77%70%2d%63%6f%6e%74%65%6e%74\/uploads\/2020\/06\/1593444795jpg-scaled.jpg","datePublished":"2020-06-30T10:50:22+00:00","dateModified":"2020-06-30T10:55:12+00:00","breadcrumb":{"@id":"https:\/\/informelitoral.com.ar\/stratta-la-emergencia-solidaria-coincide-con-la-posicion-del-gobierno-nacional\/#breadcrumb"},"inLanguage":"es","potentialAction":[{"@type":"ReadAction","target":["https:\/\/informelitoral.com.ar\/stratta-la-emergencia-solidaria-coincide-con-la-posicion-del-gobierno-nacional\/"]}]},{"@type":"ImageObject","inLanguage":"es","@id":"https:\/\/informelitoral.com.ar\/stratta-la-emergencia-solidaria-coincide-con-la-posicion-del-gobierno-nacional\/#primaryimage","url":"https:\/\/informelitoral.com.ar\/%77%70%2d%63%6f%6e%74%65%6e%74\/uploads\/2020\/06\/1593444795jpg-scaled.jpg","contentUrl":"https:\/\/informelitoral.com.ar\/%77%70%2d%63%6f%6e%74%65%6e%74\/uploads\/2020\/06\/1593444795jpg-scaled.jpg","width":2560,"height":1696},{"@type":"BreadcrumbList","@id":"https:\/\/informelitoral.com.ar\/stratta-la-emergencia-solidaria-coincide-con-la-posicion-del-gobierno-nacional\/#breadcrumb","itemListElement":[{"@type":"ListItem","position":1,"name":"Portada","item":"https:\/\/informelitoral.com.ar\/"},{"@type":"ListItem","position":2,"name":"Stratta: \u201cLa emergencia solidaria coincide con la posici\u00f3n del gobierno nacional\u201d"}]},{"@type":"WebSite","@id":"https:\/\/informelitoral.com.ar\/#website","url":"https:\/\/informelitoral.com.ar\/","name":"Informe Litoral","description":"&quot;Nos informamos&quot; ","publisher":{"@id":"https:\/\/informelitoral.com.ar\/#organization"},"potentialAction":[{"@type":"SearchAction","target":{"@type":"EntryPoint","urlTemplate":"https:\/\/informelitoral.com.ar\/?s={search_term_string}"},"query-input":{"@type":"PropertyValueSpecification","valueRequired":true,"valueName":"search_term_string"}}],"inLanguage":"es"},{"@type":"Organization","@id":"https:\/\/informelitoral.com.ar\/#organization","name":"Informe Litoral","url":"https:\/\/informelitoral.com.ar\/","logo":{"@type":"ImageObject","inLanguage":"es","@id":"https:\/\/informelitoral.com.ar\/#\/schema\/logo\/image\/","url":"https:\/\/informelitoral.com.ar\/%77%70%2d%63%6f%6e%74%65%6e%74\/uploads\/2021\/01\/circulo.png","contentUrl":"https:\/\/informelitoral.com.ar\/%77%70%2d%63%6f%6e%74%65%6e%74\/uploads\/2021\/01\/circulo.png","width":723,"height":731,"caption":"Informe Litoral"},"image":{"@id":"https:\/\/informelitoral.com.ar\/#\/schema\/logo\/image\/"},"sameAs":["https:\/\/www.facebook.com\/informelitoral\/","https:\/\/x.com\/InformeLitoral","https:\/\/www.instagram.com\/informelitoral\/","https:\/\/www.youtube.com\/channel\/UCua4Qvz8Icb6MYqhoq9xLXw"]},{"@type":"Person","@id":"https:\/\/informelitoral.com.ar\/#\/schema\/person\/b9d00407c836482871ef1d57bf8e3180","name":"Gonzalo Schmidt","image":{"@type":"ImageObject","inLanguage":"es","@id":"https:\/\/secure.gravatar.com\/avatar\/31a1a7b66ff2de83bd0e9fd79d026630d2d99e55e8bfe501287647b4fd9743de?s=96&d=mm&r=g","url":"https:\/\/secure.gravatar.com\/avatar\/31a1a7b66ff2de83bd0e9fd79d026630d2d99e55e8bfe501287647b4fd9743de?s=96&d=mm&r=g","contentUrl":"https:\/\/secure.gravatar.com\/avatar\/31a1a7b66ff2de83bd0e9fd79d026630d2d99e55e8bfe501287647b4fd9743de?s=96&d=mm&r=g","caption":"Gonzalo Schmidt"},"description":"Sitio web de noticias de la provincia de Entre R\u00edos, Argentina. Informaci\u00f3n y entretenimiento. Informe Litoral, nos informamos.","sameAs":["http:\/\/www.isletasnoticias.com.ar"],"url":"https:\/\/informelitoral.com.ar\/author\/gonzalo\/"}]}},"_links":{"self":[{"href":"https:\/\/informelitoral.com.ar\/%77%70%2d%6a%73%6f%6e\/wp\/v2\/posts\/45028","targetHints":{"allow":["GET"]}}],"collection":[{"href":"https:\/\/informelitoral.com.ar\/%77%70%2d%6a%73%6f%6e\/wp\/v2\/posts"}],"about":[{"href":"https:\/\/informelitoral.com.ar\/%77%70%2d%6a%73%6f%6e\/wp\/v2\/types\/post"}],"author":[{"embeddable":true,"href":"https:\/\/informelitoral.com.ar\/%77%70%2d%6a%73%6f%6e\/wp\/v2\/users\/2"}],"replies":[{"embeddable":true,"href":"https:\/\/informelitoral.com.ar\/%77%70%2d%6a%73%6f%6e\/wp\/v2\/comments?post=45028"}],"version-history":[{"count":0,"href":"https:\/\/informelitoral.com.ar\/%77%70%2d%6a%73%6f%6e\/wp\/v2\/posts\/45028\/revisions"}],"wp:featuredmedia":[{"embeddable":true,"href":"https:\/\/informelitoral.com.ar\/%77%70%2d%6a%73%6f%6e\/wp\/v2\/media\/45029"}],"wp:attachment":[{"href":"https:\/\/informelitoral.com.ar\/%77%70%2d%6a%73%6f%6e\/wp\/v2\/media?parent=45028"}],"wp:term":[{"taxonomy":"category","embeddable":true,"href":"https:\/\/informelitoral.com.ar\/%77%70%2d%6a%73%6f%6e\/wp\/v2\/categories?post=45028"},{"taxonomy":"post_tag","embeddable":true,"href":"https:\/\/informelitoral.com.ar\/%77%70%2d%6a%73%6f%6e\/wp\/v2\/tags?post=45028"}],"curies":[{"name":"wp","href":"https:\/\/api.w.org\/{rel}","templated":true}]}}