{"id":45023,"date":"2020-06-30T07:05:36","date_gmt":"2020-06-30T10:05:36","guid":{"rendered":"https:\/\/www.isletasnoticias.com.ar\/?p=45023"},"modified":"2020-06-30T07:07:20","modified_gmt":"2020-06-30T10:07:20","slug":"entre-rios-continua-en-fase-de-distanciamiento-social-hasta-el-17-de-julio","status":"publish","type":"post","link":"https:\/\/informelitoral.com.ar\/entre-rios-continua-en-fase-de-distanciamiento-social-hasta-el-17-de-julio\/","title":{"rendered":"Entre R\u00edos contin\u00faa en fase de distanciamiento social hasta el 17 de julio"},"content":{"rendered":"<section class=\"texto\">El gobernador Gustavo Bordet dispuso la continuidad de la fase de distanciamiento social, preventivo y obligatorio hasta el 17 de julio.<\/p>\n<p>En ese marco, se prorrog\u00f3 el aumento del 50 por ciento del Adicional por Riesgo para todos los escalafones de los agentes del Ministerio de Salud quienes se encuentren al frente de la atenci\u00f3n sanitaria.<\/p>\n<p>Adem\u00e1s, se incrementaron las becas de residentes en salud en un 20 por ciento, a fin de conceder una compensaci\u00f3n compatible con el esfuerzo que el personal realiza en virtud de la especificidad de sus tareas.<\/p>\n<p>Se prorrog\u00f3 el otorgamiento de una bonificaci\u00f3n para el personal de la Direcci\u00f3n de Comedores del Ministerio de Desarrollo Social, con prestaci\u00f3n de servicios en los establecimientos escolares y\/o comunitarios, en las coordinaciones activas, a los encargados de coordinar, ejecutar y supervisar la aplicaci\u00f3n de los programas de pol\u00edticas alimentarias.<\/p>\n<p>La medida alcanza a los trabajadores del Consejo Provincial del Ni\u00f1o, el Adolescente y la Familia (Copnaf) con desempe\u00f1o de funciones en las residencias de su dependencia y guardias de Coordinaciones Departamentales con prestaci\u00f3n de servicios presencial e ininterrumpida. Y el personal de hogares dependientes de esa cartera ministerial dedicados al cuidado y protecci\u00f3n de mujeres en situaci\u00f3n de violencia y de adultos mayores.<\/p>\n<p>Estas medidas est\u00e1n contenidas en el decreto 988 del 29 de junio, que ratifica la vigencia del Decreto N\u00ba 944 para la ciudad de Paran\u00e1, con personal presencial reducido hasta el viernes 3 de julio.<\/p>\n<p>Tambi\u00e9n la norma dispone la dispensa en el territorio provincial de la asistencia a sus lugares de trabajo en la administraci\u00f3n p\u00fablica central a las personas de 60 a\u00f1os o mayores y a las que posean algunos de los factores de riesgo.<\/p>\n<p>Esta medida se emiti\u00f3 en concordancia con el nuevo Decreto de Necesidad y Urgencia N\u00ba 576\/20 del Poder Ejecutivo Nacional de este 29 de junio, y dispone que la provincia de Entre R\u00edos seguir\u00e1 en la fase \u00abDistanciamiento Social, Preventivo y Obligatorio\u00bb hasta el 17 de julio.<\/p>\n<p>La norma provincial except\u00faa de la dispensa al personal declarado esencial o las que est\u00e9n afectadas a actividades cr\u00edticas o de prestaci\u00f3n de servicios indispensables conforme lo determine el ministro secretario de Estado de la jurisdicci\u00f3n, o el secretario General de la Gobernaci\u00f3n en el \u00e1mbito de la Gobernaci\u00f3n.<\/p>\n<p>Se deja establecido que la dispensa concedida se computar\u00e1 a todos los efectos como tiempo de servicio, sin que ello afecte la percepci\u00f3n \u00edntegra de haberes, debiendo los responsables de cada jurisdicci\u00f3n determinar las condiciones y pautas para la realizaci\u00f3n de tareas habituales o an\u00e1logas que los agentes puedan desarrollar en forma remota.<\/p>\n<p>Faculta adem\u00e1s, a los ministros a establecer las medidas necesarias a fin de garantizar el funcionamiento de sus dependencias en el per\u00edodo referido, pudiendo disponer en sus \u00e1mbitos las modalidades bajo las cuales se prestar\u00e1n los servicios los agentes responsables, as\u00ed como los lineamientos a seguir para la atenci\u00f3n de situaciones extraordinarias y\/o de urgencia que se susciten, debiendo garantizarse la prestaci\u00f3n de servicios en las \u00e1reas a su cargo, en observancia del Documento COES ID 039.<\/p>\n<h5><strong>Adicionales especiales<\/strong><\/h5>\n<p>En detalles, el mandatario prorrog\u00f3 el aumento del 50 por ciento del Adicional por Riesgo para todos los escalafones de los agentes dependientes del Ministerio de Salud quienes se encuentren al frente de la atenci\u00f3n sanitaria, y se increment\u00f3 las Becas de Residentes en Salud en un 20%, ello a fin de conceder una compensaci\u00f3n compatible con el esfuerzo que el personal realiza en virtud de la especificidad de sus tareas.<\/p>\n<p>Tambi\u00e9n se renueva el bono para el personal activo de la Polic\u00eda de la Provincia afectado a atender tareas de campo relacionadas con la etapa de Distanciamiento, incluyendo al personal de la Direcci\u00f3n General del Servicio Penitenciario con desempe\u00f1o de funciones en los establecimientos carcelarios de la provincia, una bonificaci\u00f3n de car\u00e1cter excepcional, en consideraci\u00f3n a la exposici\u00f3n al riesgo de contagio.<\/section>\n<div class=\"publi-top publi-listado\">\n<div class=\"publi-728\">\n<div id=\"banner-interior-b\" class=\"banner-zone-found banner-step-1 banner-loop-1 banner-is-adsense banner-is-c banner-step-2\"><\/div>\n<\/div>\n<\/div>\n","protected":false},"excerpt":{"rendered":"<p>El gobernador Gustavo Bordet dispuso la continuidad de la fase de distanciamiento social, preventivo y obligatorio hasta el 17 de julio. Tambi\u00e9n ratific\u00f3 los aportes especiales a los trabajadores p\u00fablicos que est\u00e1n al frente de la pandemia.<\/p>\n","protected":false},"author":2,"featured_media":43086,"comment_status":"open","ping_status":"open","sticky":false,"template":"","format":"standard","meta":{"fifu_image_url":"","fifu_image_alt":"","footnotes":""},"categories":[6],"tags":[1426,1481,81,167,1494],"class_list":{"0":"post-45023","1":"post","2":"type-post","3":"status-publish","4":"format-standard","5":"has-post-thumbnail","7":"category-entre-rios","8":"tag-coronavirus","9":"tag-covid-19","10":"tag-entre-rios","11":"tag-gustavo-bordet","12":"tag-pandemia"},"yoast_head":"<title>Entre R\u00edos contin\u00faa en fase de distanciamiento social hasta el 17 de julio - Informe Litoral<\/title>\n<meta name=\"robots\" content=\"index, follow, max-snippet:-1, max-image-preview:large, max-video-preview:-1\" \/>\n<link rel=\"canonical\" href=\"https:\/\/informelitoral.com.ar\/entre-rios-continua-en-fase-de-distanciamiento-social-hasta-el-17-de-julio\/\" \/>\n<meta property=\"og:locale\" content=\"es_ES\" \/>\n<meta property=\"og:type\" content=\"article\" \/>\n<meta property=\"og:title\" content=\"Entre R\u00edos contin\u00faa en fase de distanciamiento social hasta el 17 de julio - Informe Litoral\" \/>\n<meta property=\"og:description\" content=\"El gobernador Gustavo Bordet dispuso la continuidad de la fase de distanciamiento social, preventivo y obligatorio hasta el 17 de julio. Tambi\u00e9n ratific\u00f3 los aportes especiales a los trabajadores p\u00fablicos que est\u00e1n al frente de la pandemia.\" \/>\n<meta property=\"og:url\" content=\"https:\/\/informelitoral.com.ar\/entre-rios-continua-en-fase-de-distanciamiento-social-hasta-el-17-de-julio\/\" \/>\n<meta property=\"og:site_name\" content=\"Informe Litoral\" \/>\n<meta property=\"article:publisher\" content=\"https:\/\/www.facebook.com\/informelitoral\/\" \/>\n<meta property=\"article:published_time\" content=\"2020-06-30T10:05:36+00:00\" \/>\n<meta property=\"article:modified_time\" content=\"2020-06-30T10:07:20+00:00\" \/>\n<meta property=\"og:image\" content=\"https:\/\/informelitoral.com.ar\/%77%70%2d%63%6f%6e%74%65%6e%74\/uploads\/2020\/05\/salidas-recreativas-1.jpg\" \/>\n\t<meta property=\"og:image:width\" content=\"960\" \/>\n\t<meta property=\"og:image:height\" content=\"698\" \/>\n\t<meta property=\"og:image:type\" content=\"image\/jpeg\" \/>\n<meta name=\"author\" content=\"Gonzalo Schmidt\" \/>\n<meta name=\"twitter:card\" content=\"summary_large_image\" \/>\n<meta name=\"twitter:creator\" content=\"@InformeLitoral\" \/>\n<meta name=\"twitter:site\" content=\"@InformeLitoral\" \/>\n<meta name=\"twitter:label1\" content=\"Escrito por\" \/>\n\t<meta name=\"twitter:data1\" content=\"Gonzalo Schmidt\" \/>\n\t<meta name=\"twitter:label2\" content=\"Tiempo de lectura\" \/>\n\t<meta name=\"twitter:data2\" content=\"3 minutos\" \/>\n<script type=\"application\/ld+json\" class=\"yoast-schema-graph\">{\"@context\":\"https:\\\/\\\/schema.org\",\"@graph\":[{\"@type\":\"Article\",\"@id\":\"https:\\\/\\\/informelitoral.com.ar\\\/entre-rios-continua-en-fase-de-distanciamiento-social-hasta-el-17-de-julio\\\/#article\",\"isPartOf\":{\"@id\":\"https:\\\/\\\/informelitoral.com.ar\\\/entre-rios-continua-en-fase-de-distanciamiento-social-hasta-el-17-de-julio\\\/\"},\"author\":{\"name\":\"Gonzalo Schmidt\",\"@id\":\"https:\\\/\\\/informelitoral.com.ar\\\/#\\\/schema\\\/person\\\/b9d00407c836482871ef1d57bf8e3180\"},\"headline\":\"Entre R\u00edos contin\u00faa en fase de distanciamiento social hasta el 17 de julio\",\"datePublished\":\"2020-06-30T10:05:36+00:00\",\"dateModified\":\"2020-06-30T10:07:20+00:00\",\"mainEntityOfPage\":{\"@id\":\"https:\\\/\\\/informelitoral.com.ar\\\/entre-rios-continua-en-fase-de-distanciamiento-social-hasta-el-17-de-julio\\\/\"},\"wordCount\":691,\"commentCount\":0,\"publisher\":{\"@id\":\"https:\\\/\\\/informelitoral.com.ar\\\/#organization\"},\"image\":{\"@id\":\"https:\\\/\\\/informelitoral.com.ar\\\/entre-rios-continua-en-fase-de-distanciamiento-social-hasta-el-17-de-julio\\\/#primaryimage\"},\"thumbnailUrl\":\"https:\\\/\\\/informelitoral.com.ar\\\/%77%70%2d%63%6f%6e%74%65%6e%74\\\/uploads\\\/2020\\\/05\\\/salidas-recreativas-1.jpg\",\"keywords\":[\"Coronavirus\",\"COVID-19\",\"Entre R\u00edos\",\"Gustavo Bordet\",\"Pandemia\"],\"articleSection\":[\"Entre R\u00edos\"],\"inLanguage\":\"es\",\"potentialAction\":[{\"@type\":\"CommentAction\",\"name\":\"Comment\",\"target\":[\"https:\\\/\\\/informelitoral.com.ar\\\/entre-rios-continua-en-fase-de-distanciamiento-social-hasta-el-17-de-julio\\\/#respond\"]}]},{\"@type\":\"WebPage\",\"@id\":\"https:\\\/\\\/informelitoral.com.ar\\\/entre-rios-continua-en-fase-de-distanciamiento-social-hasta-el-17-de-julio\\\/\",\"url\":\"https:\\\/\\\/informelitoral.com.ar\\\/entre-rios-continua-en-fase-de-distanciamiento-social-hasta-el-17-de-julio\\\/\",\"name\":\"Entre R\u00edos contin\u00faa en fase de distanciamiento social hasta el 17 de julio - Informe Litoral\",\"isPartOf\":{\"@id\":\"https:\\\/\\\/informelitoral.com.ar\\\/#website\"},\"primaryImageOfPage\":{\"@id\":\"https:\\\/\\\/informelitoral.com.ar\\\/entre-rios-continua-en-fase-de-distanciamiento-social-hasta-el-17-de-julio\\\/#primaryimage\"},\"image\":{\"@id\":\"https:\\\/\\\/informelitoral.com.ar\\\/entre-rios-continua-en-fase-de-distanciamiento-social-hasta-el-17-de-julio\\\/#primaryimage\"},\"thumbnailUrl\":\"https:\\\/\\\/informelitoral.com.ar\\\/%77%70%2d%63%6f%6e%74%65%6e%74\\\/uploads\\\/2020\\\/05\\\/salidas-recreativas-1.jpg\",\"datePublished\":\"2020-06-30T10:05:36+00:00\",\"dateModified\":\"2020-06-30T10:07:20+00:00\",\"breadcrumb\":{\"@id\":\"https:\\\/\\\/informelitoral.com.ar\\\/entre-rios-continua-en-fase-de-distanciamiento-social-hasta-el-17-de-julio\\\/#breadcrumb\"},\"inLanguage\":\"es\",\"potentialAction\":[{\"@type\":\"ReadAction\",\"target\":[\"https:\\\/\\\/informelitoral.com.ar\\\/entre-rios-continua-en-fase-de-distanciamiento-social-hasta-el-17-de-julio\\\/\"]}]},{\"@type\":\"ImageObject\",\"inLanguage\":\"es\",\"@id\":\"https:\\\/\\\/informelitoral.com.ar\\\/entre-rios-continua-en-fase-de-distanciamiento-social-hasta-el-17-de-julio\\\/#primaryimage\",\"url\":\"https:\\\/\\\/informelitoral.com.ar\\\/%77%70%2d%63%6f%6e%74%65%6e%74\\\/uploads\\\/2020\\\/05\\\/salidas-recreativas-1.jpg\",\"contentUrl\":\"https:\\\/\\\/informelitoral.com.ar\\\/%77%70%2d%63%6f%6e%74%65%6e%74\\\/uploads\\\/2020\\\/05\\\/salidas-recreativas-1.jpg\",\"width\":960,\"height\":698},{\"@type\":\"BreadcrumbList\",\"@id\":\"https:\\\/\\\/informelitoral.com.ar\\\/entre-rios-continua-en-fase-de-distanciamiento-social-hasta-el-17-de-julio\\\/#breadcrumb\",\"itemListElement\":[{\"@type\":\"ListItem\",\"position\":1,\"name\":\"Portada\",\"item\":\"https:\\\/\\\/informelitoral.com.ar\\\/\"},{\"@type\":\"ListItem\",\"position\":2,\"name\":\"Entre R\u00edos contin\u00faa en fase de distanciamiento social hasta el 17 de julio\"}]},{\"@type\":\"WebSite\",\"@id\":\"https:\\\/\\\/informelitoral.com.ar\\\/#website\",\"url\":\"https:\\\/\\\/informelitoral.com.ar\\\/\",\"name\":\"Informe Litoral\",\"description\":\"&quot;Nos informamos&quot; \",\"publisher\":{\"@id\":\"https:\\\/\\\/informelitoral.com.ar\\\/#organization\"},\"potentialAction\":[{\"@type\":\"SearchAction\",\"target\":{\"@type\":\"EntryPoint\",\"urlTemplate\":\"https:\\\/\\\/informelitoral.com.ar\\\/?s={search_term_string}\"},\"query-input\":{\"@type\":\"PropertyValueSpecification\",\"valueRequired\":true,\"valueName\":\"search_term_string\"}}],\"inLanguage\":\"es\"},{\"@type\":\"Organization\",\"@id\":\"https:\\\/\\\/informelitoral.com.ar\\\/#organization\",\"name\":\"Informe Litoral\",\"url\":\"https:\\\/\\\/informelitoral.com.ar\\\/\",\"logo\":{\"@type\":\"ImageObject\",\"inLanguage\":\"es\",\"@id\":\"https:\\\/\\\/informelitoral.com.ar\\\/#\\\/schema\\\/logo\\\/image\\\/\",\"url\":\"https:\\\/\\\/informelitoral.com.ar\\\/%77%70%2d%63%6f%6e%74%65%6e%74\\\/uploads\\\/2021\\\/01\\\/circulo.png\",\"contentUrl\":\"https:\\\/\\\/informelitoral.com.ar\\\/%77%70%2d%63%6f%6e%74%65%6e%74\\\/uploads\\\/2021\\\/01\\\/circulo.png\",\"width\":723,\"height\":731,\"caption\":\"Informe Litoral\"},\"image\":{\"@id\":\"https:\\\/\\\/informelitoral.com.ar\\\/#\\\/schema\\\/logo\\\/image\\\/\"},\"sameAs\":[\"https:\\\/\\\/www.facebook.com\\\/informelitoral\\\/\",\"https:\\\/\\\/x.com\\\/InformeLitoral\",\"https:\\\/\\\/www.instagram.com\\\/informelitoral\\\/\",\"https:\\\/\\\/www.youtube.com\\\/channel\\\/UCua4Qvz8Icb6MYqhoq9xLXw\"]},{\"@type\":\"Person\",\"@id\":\"https:\\\/\\\/informelitoral.com.ar\\\/#\\\/schema\\\/person\\\/b9d00407c836482871ef1d57bf8e3180\",\"name\":\"Gonzalo Schmidt\",\"image\":{\"@type\":\"ImageObject\",\"inLanguage\":\"es\",\"@id\":\"https:\\\/\\\/secure.gravatar.com\\\/avatar\\\/31a1a7b66ff2de83bd0e9fd79d026630d2d99e55e8bfe501287647b4fd9743de?s=96&d=mm&r=g\",\"url\":\"https:\\\/\\\/secure.gravatar.com\\\/avatar\\\/31a1a7b66ff2de83bd0e9fd79d026630d2d99e55e8bfe501287647b4fd9743de?s=96&d=mm&r=g\",\"contentUrl\":\"https:\\\/\\\/secure.gravatar.com\\\/avatar\\\/31a1a7b66ff2de83bd0e9fd79d026630d2d99e55e8bfe501287647b4fd9743de?s=96&d=mm&r=g\",\"caption\":\"Gonzalo Schmidt\"},\"description\":\"Sitio web de noticias de la provincia de Entre R\u00edos, Argentina. Informaci\u00f3n y entretenimiento. Informe Litoral, nos informamos.\",\"sameAs\":[\"http:\\\/\\\/www.isletasnoticias.com.ar\"],\"url\":\"https:\\\/\\\/informelitoral.com.ar\\\/author\\\/gonzalo\\\/\"}]}<\/script>","yoast_head_json":{"title":"Entre R\u00edos contin\u00faa en fase de distanciamiento social hasta el 17 de julio - Informe Litoral","robots":{"index":"index","follow":"follow","max-snippet":"max-snippet:-1","max-image-preview":"max-image-preview:large","max-video-preview":"max-video-preview:-1"},"canonical":"https:\/\/informelitoral.com.ar\/entre-rios-continua-en-fase-de-distanciamiento-social-hasta-el-17-de-julio\/","og_locale":"es_ES","og_type":"article","og_title":"Entre R\u00edos contin\u00faa en fase de distanciamiento social hasta el 17 de julio - Informe Litoral","og_description":"El gobernador Gustavo Bordet dispuso la continuidad de la fase de distanciamiento social, preventivo y obligatorio hasta el 17 de julio. Tambi\u00e9n ratific\u00f3 los aportes especiales a los trabajadores p\u00fablicos que est\u00e1n al frente de la pandemia.","og_url":"https:\/\/informelitoral.com.ar\/entre-rios-continua-en-fase-de-distanciamiento-social-hasta-el-17-de-julio\/","og_site_name":"Informe Litoral","article_publisher":"https:\/\/www.facebook.com\/informelitoral\/","article_published_time":"2020-06-30T10:05:36+00:00","article_modified_time":"2020-06-30T10:07:20+00:00","og_image":[{"width":960,"height":698,"url":"https:\/\/informelitoral.com.ar\/%77%70%2d%63%6f%6e%74%65%6e%74\/uploads\/2020\/05\/salidas-recreativas-1.jpg","type":"image\/jpeg"}],"author":"Gonzalo Schmidt","twitter_card":"summary_large_image","twitter_creator":"@InformeLitoral","twitter_site":"@InformeLitoral","twitter_misc":{"Escrito por":"Gonzalo Schmidt","Tiempo de lectura":"3 minutos"},"schema":{"@context":"https:\/\/schema.org","@graph":[{"@type":"Article","@id":"https:\/\/informelitoral.com.ar\/entre-rios-continua-en-fase-de-distanciamiento-social-hasta-el-17-de-julio\/#article","isPartOf":{"@id":"https:\/\/informelitoral.com.ar\/entre-rios-continua-en-fase-de-distanciamiento-social-hasta-el-17-de-julio\/"},"author":{"name":"Gonzalo Schmidt","@id":"https:\/\/informelitoral.com.ar\/#\/schema\/person\/b9d00407c836482871ef1d57bf8e3180"},"headline":"Entre R\u00edos contin\u00faa en fase de distanciamiento social hasta el 17 de julio","datePublished":"2020-06-30T10:05:36+00:00","dateModified":"2020-06-30T10:07:20+00:00","mainEntityOfPage":{"@id":"https:\/\/informelitoral.com.ar\/entre-rios-continua-en-fase-de-distanciamiento-social-hasta-el-17-de-julio\/"},"wordCount":691,"commentCount":0,"publisher":{"@id":"https:\/\/informelitoral.com.ar\/#organization"},"image":{"@id":"https:\/\/informelitoral.com.ar\/entre-rios-continua-en-fase-de-distanciamiento-social-hasta-el-17-de-julio\/#primaryimage"},"thumbnailUrl":"https:\/\/informelitoral.com.ar\/%77%70%2d%63%6f%6e%74%65%6e%74\/uploads\/2020\/05\/salidas-recreativas-1.jpg","keywords":["Coronavirus","COVID-19","Entre R\u00edos","Gustavo Bordet","Pandemia"],"articleSection":["Entre R\u00edos"],"inLanguage":"es","potentialAction":[{"@type":"CommentAction","name":"Comment","target":["https:\/\/informelitoral.com.ar\/entre-rios-continua-en-fase-de-distanciamiento-social-hasta-el-17-de-julio\/#respond"]}]},{"@type":"WebPage","@id":"https:\/\/informelitoral.com.ar\/entre-rios-continua-en-fase-de-distanciamiento-social-hasta-el-17-de-julio\/","url":"https:\/\/informelitoral.com.ar\/entre-rios-continua-en-fase-de-distanciamiento-social-hasta-el-17-de-julio\/","name":"Entre R\u00edos contin\u00faa en fase de distanciamiento social hasta el 17 de julio - Informe Litoral","isPartOf":{"@id":"https:\/\/informelitoral.com.ar\/#website"},"primaryImageOfPage":{"@id":"https:\/\/informelitoral.com.ar\/entre-rios-continua-en-fase-de-distanciamiento-social-hasta-el-17-de-julio\/#primaryimage"},"image":{"@id":"https:\/\/informelitoral.com.ar\/entre-rios-continua-en-fase-de-distanciamiento-social-hasta-el-17-de-julio\/#primaryimage"},"thumbnailUrl":"https:\/\/informelitoral.com.ar\/%77%70%2d%63%6f%6e%74%65%6e%74\/uploads\/2020\/05\/salidas-recreativas-1.jpg","datePublished":"2020-06-30T10:05:36+00:00","dateModified":"2020-06-30T10:07:20+00:00","breadcrumb":{"@id":"https:\/\/informelitoral.com.ar\/entre-rios-continua-en-fase-de-distanciamiento-social-hasta-el-17-de-julio\/#breadcrumb"},"inLanguage":"es","potentialAction":[{"@type":"ReadAction","target":["https:\/\/informelitoral.com.ar\/entre-rios-continua-en-fase-de-distanciamiento-social-hasta-el-17-de-julio\/"]}]},{"@type":"ImageObject","inLanguage":"es","@id":"https:\/\/informelitoral.com.ar\/entre-rios-continua-en-fase-de-distanciamiento-social-hasta-el-17-de-julio\/#primaryimage","url":"https:\/\/informelitoral.com.ar\/%77%70%2d%63%6f%6e%74%65%6e%74\/uploads\/2020\/05\/salidas-recreativas-1.jpg","contentUrl":"https:\/\/informelitoral.com.ar\/%77%70%2d%63%6f%6e%74%65%6e%74\/uploads\/2020\/05\/salidas-recreativas-1.jpg","width":960,"height":698},{"@type":"BreadcrumbList","@id":"https:\/\/informelitoral.com.ar\/entre-rios-continua-en-fase-de-distanciamiento-social-hasta-el-17-de-julio\/#breadcrumb","itemListElement":[{"@type":"ListItem","position":1,"name":"Portada","item":"https:\/\/informelitoral.com.ar\/"},{"@type":"ListItem","position":2,"name":"Entre R\u00edos contin\u00faa en fase de distanciamiento social hasta el 17 de julio"}]},{"@type":"WebSite","@id":"https:\/\/informelitoral.com.ar\/#website","url":"https:\/\/informelitoral.com.ar\/","name":"Informe Litoral","description":"&quot;Nos informamos&quot; ","publisher":{"@id":"https:\/\/informelitoral.com.ar\/#organization"},"potentialAction":[{"@type":"SearchAction","target":{"@type":"EntryPoint","urlTemplate":"https:\/\/informelitoral.com.ar\/?s={search_term_string}"},"query-input":{"@type":"PropertyValueSpecification","valueRequired":true,"valueName":"search_term_string"}}],"inLanguage":"es"},{"@type":"Organization","@id":"https:\/\/informelitoral.com.ar\/#organization","name":"Informe Litoral","url":"https:\/\/informelitoral.com.ar\/","logo":{"@type":"ImageObject","inLanguage":"es","@id":"https:\/\/informelitoral.com.ar\/#\/schema\/logo\/image\/","url":"https:\/\/informelitoral.com.ar\/%77%70%2d%63%6f%6e%74%65%6e%74\/uploads\/2021\/01\/circulo.png","contentUrl":"https:\/\/informelitoral.com.ar\/%77%70%2d%63%6f%6e%74%65%6e%74\/uploads\/2021\/01\/circulo.png","width":723,"height":731,"caption":"Informe Litoral"},"image":{"@id":"https:\/\/informelitoral.com.ar\/#\/schema\/logo\/image\/"},"sameAs":["https:\/\/www.facebook.com\/informelitoral\/","https:\/\/x.com\/InformeLitoral","https:\/\/www.instagram.com\/informelitoral\/","https:\/\/www.youtube.com\/channel\/UCua4Qvz8Icb6MYqhoq9xLXw"]},{"@type":"Person","@id":"https:\/\/informelitoral.com.ar\/#\/schema\/person\/b9d00407c836482871ef1d57bf8e3180","name":"Gonzalo Schmidt","image":{"@type":"ImageObject","inLanguage":"es","@id":"https:\/\/secure.gravatar.com\/avatar\/31a1a7b66ff2de83bd0e9fd79d026630d2d99e55e8bfe501287647b4fd9743de?s=96&d=mm&r=g","url":"https:\/\/secure.gravatar.com\/avatar\/31a1a7b66ff2de83bd0e9fd79d026630d2d99e55e8bfe501287647b4fd9743de?s=96&d=mm&r=g","contentUrl":"https:\/\/secure.gravatar.com\/avatar\/31a1a7b66ff2de83bd0e9fd79d026630d2d99e55e8bfe501287647b4fd9743de?s=96&d=mm&r=g","caption":"Gonzalo Schmidt"},"description":"Sitio web de noticias de la provincia de Entre R\u00edos, Argentina. Informaci\u00f3n y entretenimiento. Informe Litoral, nos informamos.","sameAs":["http:\/\/www.isletasnoticias.com.ar"],"url":"https:\/\/informelitoral.com.ar\/author\/gonzalo\/"}]}},"_links":{"self":[{"href":"https:\/\/informelitoral.com.ar\/%77%70%2d%6a%73%6f%6e\/wp\/v2\/posts\/45023","targetHints":{"allow":["GET"]}}],"collection":[{"href":"https:\/\/informelitoral.com.ar\/%77%70%2d%6a%73%6f%6e\/wp\/v2\/posts"}],"about":[{"href":"https:\/\/informelitoral.com.ar\/%77%70%2d%6a%73%6f%6e\/wp\/v2\/types\/post"}],"author":[{"embeddable":true,"href":"https:\/\/informelitoral.com.ar\/%77%70%2d%6a%73%6f%6e\/wp\/v2\/users\/2"}],"replies":[{"embeddable":true,"href":"https:\/\/informelitoral.com.ar\/%77%70%2d%6a%73%6f%6e\/wp\/v2\/comments?post=45023"}],"version-history":[{"count":0,"href":"https:\/\/informelitoral.com.ar\/%77%70%2d%6a%73%6f%6e\/wp\/v2\/posts\/45023\/revisions"}],"wp:featuredmedia":[{"embeddable":true,"href":"https:\/\/informelitoral.com.ar\/%77%70%2d%6a%73%6f%6e\/wp\/v2\/media\/43086"}],"wp:attachment":[{"href":"https:\/\/informelitoral.com.ar\/%77%70%2d%6a%73%6f%6e\/wp\/v2\/media?parent=45023"}],"wp:term":[{"taxonomy":"category","embeddable":true,"href":"https:\/\/informelitoral.com.ar\/%77%70%2d%6a%73%6f%6e\/wp\/v2\/categories?post=45023"},{"taxonomy":"post_tag","embeddable":true,"href":"https:\/\/informelitoral.com.ar\/%77%70%2d%6a%73%6f%6e\/wp\/v2\/tags?post=45023"}],"curies":[{"name":"wp","href":"https:\/\/api.w.org\/{rel}","templated":true}]}}