{"id":45016,"date":"2020-06-30T06:52:39","date_gmt":"2020-06-30T09:52:39","guid":{"rendered":"https:\/\/www.isletasnoticias.com.ar\/?p=45016"},"modified":"2020-06-30T06:52:39","modified_gmt":"2020-06-30T09:52:39","slug":"docentes-entrerrianos-realizaran-un-paro-virtual","status":"publish","type":"post","link":"https:\/\/informelitoral.com.ar\/docentes-entrerrianos-realizaran-un-paro-virtual\/","title":{"rendered":"Docentes entrerrianos realizar\u00e1n un paro virtual"},"content":{"rendered":"<p>Los maestros estatales nucleados en\u00a0<strong>AGMER<\/strong>\u00a0realizar\u00e1n un apag\u00f3n virtual -que consiste en la interrupci\u00f3n del dictado de clases v\u00eda internet o cualquier otra metodolog\u00eda- los d\u00edas mi\u00e9rcoles, jueves y viernes de esta semana.<\/p>\n<p>La medida fue resuelta en protesta por\u00a0<strong>el proyecto de ley de Emergencia que tratar\u00e1 la Legislatura el mi\u00e9rcoles.\u00a0<\/strong>Exigieron al gobierno provincial que grave a los sectores concentrados y redefina el rol del Agente Financiero.<\/p>\n<p>El plenario de secretarios generales de la Asociaci\u00f3n Gremial del Magisterio de Entre R\u00edos (AGMER), que sesion\u00f3 este lunes en forma virtual, manifest\u00f3\u00a0<strong>\u201csu total y absoluto rechazo\u201d al proyecto de Ley de Emergencia Solidaria anunciado por el gobernador Gustavo Bordet<\/strong>\u00a0el viernes, al que calific\u00f3 de \u201cregresivo y confiscatorio\u201d.<\/p>\n<p>El gremio de docentes estatales se declar\u00f3 en \u201calerta permanente\u201d, y demand\u00f3 a la Legislatura que \u201cse abstengan de aprobar este proyecto de ley que atenta contra derechos hist\u00f3ricos conquistados por la clase trabajadora\u201d.<\/p>\n<figure class=\"wp-block-image size-large\">\n<p><figure id=\"attachment_51368\" aria-describedby=\"caption-attachment-51368\" style=\"width: 845px\" class=\"wp-caption aligncenter\"><img loading=\"lazy\" decoding=\"async\" class=\"wp-image-51368\" src=\"https:\/\/www.entremediosweb.com\/v2\/%77%70%2d%63%6f%6e%74%65%6e%74\/uploads\/2020\/06\/agmer-zoom.jpeg\" sizes=\"auto, (max-width: 1024px) 100vw, 1024px\" srcset=\"https:\/\/www.entremediosweb.com\/v2\/%77%70%2d%63%6f%6e%74%65%6e%74\/uploads\/2020\/06\/agmer-zoom.jpeg 1024w, https:\/\/www.entremediosweb.com\/v2\/%77%70%2d%63%6f%6e%74%65%6e%74\/uploads\/2020\/06\/agmer-zoom-300x225.jpeg 300w, https:\/\/www.entremediosweb.com\/v2\/%77%70%2d%63%6f%6e%74%65%6e%74\/uploads\/2020\/06\/agmer-zoom-768x576.jpeg 768w\" alt=\"\" width=\"845\" height=\"633\" data-attachment-id=\"51368\" data-permalink=\"https:\/\/www.entremediosweb.com\/v2\/docentes-entrerrianos-realizaran-un-paro-virtual\/agmer-zoom\/\" data-orig-file=\"https:\/\/www.entremediosweb.com\/v2\/%77%70%2d%63%6f%6e%74%65%6e%74\/uploads\/2020\/06\/agmer-zoom.jpeg\" data-orig-size=\"1024,768\" data-comments-opened=\"0\" data-image-meta=\"{&quot;aperture&quot;:&quot;0&quot;,&quot;credit&quot;:&quot;&quot;,&quot;camera&quot;:&quot;&quot;,&quot;caption&quot;:&quot;&quot;,&quot;created_timestamp&quot;:&quot;0&quot;,&quot;copyright&quot;:&quot;&quot;,&quot;focal_length&quot;:&quot;0&quot;,&quot;iso&quot;:&quot;0&quot;,&quot;shutter_speed&quot;:&quot;0&quot;,&quot;title&quot;:&quot;&quot;,&quot;orientation&quot;:&quot;0&quot;}\" data-image-title=\"agmer-zoom\" data-image-description=\"\" data-medium-file=\"https:\/\/www.entremediosweb.com\/v2\/%77%70%2d%63%6f%6e%74%65%6e%74\/uploads\/2020\/06\/agmer-zoom-300x225.jpeg\" data-large-file=\"https:\/\/www.entremediosweb.com\/v2\/%77%70%2d%63%6f%6e%74%65%6e%74\/uploads\/2020\/06\/agmer-zoom.jpeg\" \/><figcaption id=\"caption-attachment-51368\" class=\"wp-caption-text\">Sesi\u00f3n virtual de Agmer<\/figcaption><\/figure><figcaption><\/figcaption><\/figure>\n<p>Puntualmente, rechazaron \u201clos art\u00edculos 4, 5 y 6\u201d de la iniciativa y pidieron su derogaci\u00f3n \u201cpor dos motivos centrales: el primero porque significa llanamente un saqueo al bolsillo de los trabajadores activos y jubilados. El segundo es que observamos la existencia de sectores econ\u00f3micos que no est\u00e1n dispuestos a hacer ning\u00fan esfuerzo, mucho menos \u201csolidario\u201d. Y eso no es, en absoluto, justicia social; es mezquindad\u201d, cuestionaron.<\/p>\n<p><span style=\"text-align: center;\">Consideraron que \u201cla definici\u00f3n de \u2018aporte solidario\u2019 planteado en el proyecto del Ejecutivo conducido por el gobernador Bordet es absolutamente falaz\u201d, ya que \u201clas y los trabajadores de esta provincia ya hemos puesto lo suficiente en esta crisis\u201d.<\/span><\/p>\n<p>De este modo, los docentes estatales rechazaron \u201cel aumento de los aportes previsionales personales\u201d y \u201cla actitud velada de modificar el 82% m\u00f3vil\u201d, a la par que remarcaron que tal como est\u00e1 planteado, el proyecto de ley \u201ccarece de cualquier pretensi\u00f3n \u2018progresista\u2019\u201d.<\/p>\n<p>\u201cPara las y los trabajadores el aumento de los aportes personales es una medida regresiva. Ya lo hemos manifestado reiteradamente: es salario, no es ganancia\u201d, insistieron.<\/p>\n<p>En otro p\u00e1rrafo del documento que firman todas las seccionales del gremio, alertaron que \u201cestos aportes que nos quieren imponer no ir\u00edan a financiar nuestra Caja de Jubilaciones\u201d. Por el contrario, entendieron que \u201cteniendo en cuenta las declaraciones que ha hecho p\u00fablicas el gobierno provincial, ese dinero se destinar\u00e1 a aportes coparticipables con los municipios de la provincia, o sea que los descuentos que recibir\u00edamos los trabajadores, pasar\u00e1n a engrosar las Rentas Generales de la provincia, en vez de ir a su lugar leg\u00edtimo que es nuestra Caja previsional, a la vez que declaramos que el supuesto d\u00e9ficit de la Caja no los generamos los trabajadores y tampoco lo debemos pagar nosotros; mucho menos los compa\u00f1eros jubilados. Esto se suma al atropello y manoseo por parte del gobierno cuando se nos instal\u00f3 por fuerza de Ley el impuesto a las ganancias a la clase trabajadora\u201d, lanzaron.<\/p>\n<figure class=\"wp-block-image size-large\"><img decoding=\"async\" class=\"wp-image-51369\" src=\"https:\/\/www.entremediosweb.com\/v2\/%77%70%2d%63%6f%6e%74%65%6e%74\/uploads\/2020\/06\/WhatsApp-Image-2020-06-29-at-19.29.06-1024x922.jpeg\" sizes=\"(max-width: 1024px) 100vw, 1024px\" srcset=\"https:\/\/www.entremediosweb.com\/v2\/%77%70%2d%63%6f%6e%74%65%6e%74\/uploads\/2020\/06\/WhatsApp-Image-2020-06-29-at-19.29.06-1024x922.jpeg 1024w, https:\/\/www.entremediosweb.com\/v2\/%77%70%2d%63%6f%6e%74%65%6e%74\/uploads\/2020\/06\/WhatsApp-Image-2020-06-29-at-19.29.06-300x270.jpeg 300w, https:\/\/www.entremediosweb.com\/v2\/%77%70%2d%63%6f%6e%74%65%6e%74\/uploads\/2020\/06\/WhatsApp-Image-2020-06-29-at-19.29.06-768x691.jpeg 768w, https:\/\/www.entremediosweb.com\/v2\/%77%70%2d%63%6f%6e%74%65%6e%74\/uploads\/2020\/06\/WhatsApp-Image-2020-06-29-at-19.29.06.jpeg 1280w\" alt=\"\" data-attachment-id=\"51369\" data-permalink=\"https:\/\/www.entremediosweb.com\/v2\/docentes-entrerrianos-realizaran-un-paro-virtual\/whatsapp-image-2020-06-29-at-19-29-06\/\" data-orig-file=\"https:\/\/www.entremediosweb.com\/v2\/%77%70%2d%63%6f%6e%74%65%6e%74\/uploads\/2020\/06\/WhatsApp-Image-2020-06-29-at-19.29.06.jpeg\" data-orig-size=\"1280,1152\" data-comments-opened=\"0\" data-image-meta=\"{&quot;aperture&quot;:&quot;0&quot;,&quot;credit&quot;:&quot;&quot;,&quot;camera&quot;:&quot;&quot;,&quot;caption&quot;:&quot;&quot;,&quot;created_timestamp&quot;:&quot;0&quot;,&quot;copyright&quot;:&quot;&quot;,&quot;focal_length&quot;:&quot;0&quot;,&quot;iso&quot;:&quot;0&quot;,&quot;shutter_speed&quot;:&quot;0&quot;,&quot;title&quot;:&quot;&quot;,&quot;orientation&quot;:&quot;0&quot;}\" data-image-title=\"WhatsApp-Image-2020-06-29-at-19.29.06\" data-image-description=\"\" data-medium-file=\"https:\/\/www.entremediosweb.com\/v2\/%77%70%2d%63%6f%6e%74%65%6e%74\/uploads\/2020\/06\/WhatsApp-Image-2020-06-29-at-19.29.06-300x270.jpeg\" data-large-file=\"https:\/\/www.entremediosweb.com\/v2\/%77%70%2d%63%6f%6e%74%65%6e%74\/uploads\/2020\/06\/WhatsApp-Image-2020-06-29-at-19.29.06-1024x922.jpeg\" \/><\/figure>\n<p>Tras enumerar las acciones realizadas por los docentes en el actual contexto de aislamiento, y recordar que \u201cesta organizaci\u00f3n sindical ha venido acompa\u00f1ando y ayudando de distintas formas frente al avance de la pandemia, en los comedores y merenderos, brindando nuestras instalaciones como lugar de resguardo y aislamiento, en la provisi\u00f3n de insumos para elementos de prevenci\u00f3n\u201d, afirmaron que \u201ces hora de que el esfuerzo solidario lo hagan los sectores concentrados de la econom\u00eda que sistem\u00e1ticamente vienen escap\u00e1ndose del esfuerzo contributivo\u201d.<\/p>\n<p>En esa l\u00ednea sostuvieron que el proyecto \u201cdebe profundizar la direcci\u00f3n que apenas ensaya en los art\u00edculos 7, 8 y 9 donde incrementa los grav\u00e1menes de las entidades financieras, el comercio mayorista de medicamentos para uso humano, y el impuesto inmobiliario anual a las superficies iguales o superiores a 1000 hect\u00e1reas\u201d.<\/p>\n<p>\u201cConsideramos que estos son los sectores, entre otros, que hoy deben ser solidarios frente a la crisis provocada por la pandemia\u201d, dijeron, y exigieron que \u201cadem\u00e1s de avanzar decididamente con el impuesto a las grandes fortunas, redefinir el rol del agente financiero de la Provincia, en funci\u00f3n de asistir y promover las actividades econ\u00f3micas de inter\u00e9s para el desarrollo productivo regional, del incremento en las al\u00edcuotas del impuesto a los ingresos brutos a las entidades financieras impidiendo el encarecimiento del cr\u00e9dito, y rever el esquema tributario en cuanto al Impuesto Inmobiliario Rural, desalentando la especulaci\u00f3n y la existencia de latifundios, se\u00f1alamos que otro de los sectores econ\u00f3micos a revisar con acuerdo de los intereses provinciales son las actividades de la miner\u00eda, cuyos mecanismos de asignaci\u00f3n de concesiones, permisos de extracci\u00f3n, control de la actividad y su tributaci\u00f3n, debe ser observada teniendo en cuenta la irreversibilidad del proceso extractivo y sus consecuencias\u201d.<\/p>\n<p>Por otra parte, recordaron que \u201cen Entre R\u00edos el avance de la pandemia nos encontr\u00f3 con una discusi\u00f3n salarial no resuelta y una paritaria abierta\u201d, y agregaron que \u201cgran parte de nuestro salario se encuentra por debajo de la l\u00ednea de pobreza, mientras que el encarecimiento del costo de vida se hace cada vez m\u00e1s dif\u00edcil de afrontar\u201d.<\/p>\n<p>Finalmente, resolvieron constituirse en \u201calerta permanente\u201d, y advirtieron \u201ces hora de que los costos de esta crisis la paguen los capitales concentrados de la econom\u00eda, verdaderos responsables de las angustias del pueblo\u201d.<\/p>\n<figure class=\"wp-block-image size-large\"><img decoding=\"async\" class=\"wp-image-51370\" src=\"https:\/\/www.entremediosweb.com\/v2\/%77%70%2d%63%6f%6e%74%65%6e%74\/uploads\/2020\/06\/WhatsApp-Image-2020-06-29-at-19.29.11-1024x1020.jpeg\" sizes=\"(max-width: 1024px) 100vw, 1024px\" srcset=\"https:\/\/www.entremediosweb.com\/v2\/%77%70%2d%63%6f%6e%74%65%6e%74\/uploads\/2020\/06\/WhatsApp-Image-2020-06-29-at-19.29.11-1024x1020.jpeg 1024w, https:\/\/www.entremediosweb.com\/v2\/%77%70%2d%63%6f%6e%74%65%6e%74\/uploads\/2020\/06\/WhatsApp-Image-2020-06-29-at-19.29.11-300x300.jpeg 300w, https:\/\/www.entremediosweb.com\/v2\/%77%70%2d%63%6f%6e%74%65%6e%74\/uploads\/2020\/06\/WhatsApp-Image-2020-06-29-at-19.29.11-150x150.jpeg 150w, https:\/\/www.entremediosweb.com\/v2\/%77%70%2d%63%6f%6e%74%65%6e%74\/uploads\/2020\/06\/WhatsApp-Image-2020-06-29-at-19.29.11-768x765.jpeg 768w, https:\/\/www.entremediosweb.com\/v2\/%77%70%2d%63%6f%6e%74%65%6e%74\/uploads\/2020\/06\/WhatsApp-Image-2020-06-29-at-19.29.11.jpeg 1093w\" alt=\"\" data-attachment-id=\"51370\" data-permalink=\"https:\/\/www.entremediosweb.com\/v2\/docentes-entrerrianos-realizaran-un-paro-virtual\/whatsapp-image-2020-06-29-at-19-29-11\/\" data-orig-file=\"https:\/\/www.entremediosweb.com\/v2\/%77%70%2d%63%6f%6e%74%65%6e%74\/uploads\/2020\/06\/WhatsApp-Image-2020-06-29-at-19.29.11.jpeg\" data-orig-size=\"1093,1089\" data-comments-opened=\"0\" data-image-meta=\"{&quot;aperture&quot;:&quot;0&quot;,&quot;credit&quot;:&quot;&quot;,&quot;camera&quot;:&quot;&quot;,&quot;caption&quot;:&quot;&quot;,&quot;created_timestamp&quot;:&quot;0&quot;,&quot;copyright&quot;:&quot;&quot;,&quot;focal_length&quot;:&quot;0&quot;,&quot;iso&quot;:&quot;0&quot;,&quot;shutter_speed&quot;:&quot;0&quot;,&quot;title&quot;:&quot;&quot;,&quot;orientation&quot;:&quot;0&quot;}\" data-image-title=\"WhatsApp-Image-2020-06-29-at-19.29.11\" data-image-description=\"\" data-medium-file=\"https:\/\/www.entremediosweb.com\/v2\/%77%70%2d%63%6f%6e%74%65%6e%74\/uploads\/2020\/06\/WhatsApp-Image-2020-06-29-at-19.29.11-300x300.jpeg\" data-large-file=\"https:\/\/www.entremediosweb.com\/v2\/%77%70%2d%63%6f%6e%74%65%6e%74\/uploads\/2020\/06\/WhatsApp-Image-2020-06-29-at-19.29.11-1024x1020.jpeg\" \/><\/figure>\n","protected":false},"excerpt":{"rendered":"<p>El \u00abApag\u00f3n docente\u00bb interrumpir\u00e1 el dictado de clases durante esta semana contra la Ley de Emergencia Solidaria.<\/p>\n","protected":false},"author":2,"featured_media":45017,"comment_status":"open","ping_status":"open","sticky":false,"template":"","format":"standard","meta":{"fifu_image_url":"","fifu_image_alt":"","footnotes":""},"categories":[6],"tags":[64,49,65],"class_list":{"0":"post-45016","1":"post","2":"type-post","3":"status-publish","4":"format-standard","5":"has-post-thumbnail","7":"category-entre-rios","8":"tag-agmer","9":"tag-docentes","10":"tag-paro"},"yoast_head":"<title>Docentes entrerrianos realizar\u00e1n un paro virtual - Informe Litoral<\/title>\n<meta name=\"robots\" content=\"index, follow, max-snippet:-1, max-image-preview:large, max-video-preview:-1\" \/>\n<link rel=\"canonical\" href=\"https:\/\/informelitoral.com.ar\/docentes-entrerrianos-realizaran-un-paro-virtual\/\" \/>\n<meta property=\"og:locale\" content=\"es_ES\" \/>\n<meta property=\"og:type\" content=\"article\" \/>\n<meta property=\"og:title\" content=\"Docentes entrerrianos realizar\u00e1n un paro virtual - Informe Litoral\" \/>\n<meta property=\"og:description\" content=\"El &quot;Apag\u00f3n docente&quot; interrumpir\u00e1 el dictado de clases durante esta semana contra la Ley de Emergencia Solidaria.\" \/>\n<meta property=\"og:url\" content=\"https:\/\/informelitoral.com.ar\/docentes-entrerrianos-realizaran-un-paro-virtual\/\" \/>\n<meta property=\"og:site_name\" content=\"Informe Litoral\" \/>\n<meta property=\"article:publisher\" content=\"https:\/\/www.facebook.com\/informelitoral\/\" \/>\n<meta property=\"article:published_time\" content=\"2020-06-30T09:52:39+00:00\" \/>\n<meta property=\"og:image\" content=\"https:\/\/informelitoral.com.ar\/%77%70%2d%63%6f%6e%74%65%6e%74\/uploads\/2020\/06\/paro-virtual.jpeg\" \/>\n\t<meta property=\"og:image:width\" content=\"741\" \/>\n\t<meta property=\"og:image:height\" content=\"486\" \/>\n\t<meta property=\"og:image:type\" content=\"image\/jpeg\" \/>\n<meta name=\"author\" content=\"Gonzalo Schmidt\" \/>\n<meta name=\"twitter:card\" content=\"summary_large_image\" \/>\n<meta name=\"twitter:creator\" content=\"@InformeLitoral\" \/>\n<meta name=\"twitter:site\" content=\"@InformeLitoral\" \/>\n<meta name=\"twitter:label1\" content=\"Escrito por\" \/>\n\t<meta name=\"twitter:data1\" content=\"Gonzalo Schmidt\" \/>\n\t<meta name=\"twitter:label2\" content=\"Tiempo de lectura\" \/>\n\t<meta name=\"twitter:data2\" content=\"5 minutos\" \/>\n<script type=\"application\/ld+json\" class=\"yoast-schema-graph\">{\"@context\":\"https:\\\/\\\/schema.org\",\"@graph\":[{\"@type\":\"Article\",\"@id\":\"https:\\\/\\\/informelitoral.com.ar\\\/docentes-entrerrianos-realizaran-un-paro-virtual\\\/#article\",\"isPartOf\":{\"@id\":\"https:\\\/\\\/informelitoral.com.ar\\\/docentes-entrerrianos-realizaran-un-paro-virtual\\\/\"},\"author\":{\"name\":\"Gonzalo Schmidt\",\"@id\":\"https:\\\/\\\/informelitoral.com.ar\\\/#\\\/schema\\\/person\\\/b9d00407c836482871ef1d57bf8e3180\"},\"headline\":\"Docentes entrerrianos realizar\u00e1n un paro virtual\",\"datePublished\":\"2020-06-30T09:52:39+00:00\",\"mainEntityOfPage\":{\"@id\":\"https:\\\/\\\/informelitoral.com.ar\\\/docentes-entrerrianos-realizaran-un-paro-virtual\\\/\"},\"wordCount\":914,\"commentCount\":0,\"publisher\":{\"@id\":\"https:\\\/\\\/informelitoral.com.ar\\\/#organization\"},\"image\":{\"@id\":\"https:\\\/\\\/informelitoral.com.ar\\\/docentes-entrerrianos-realizaran-un-paro-virtual\\\/#primaryimage\"},\"thumbnailUrl\":\"https:\\\/\\\/informelitoral.com.ar\\\/%77%70%2d%63%6f%6e%74%65%6e%74\\\/uploads\\\/2020\\\/06\\\/paro-virtual.jpeg\",\"keywords\":[\"Agmer\",\"Docentes\",\"Paro\"],\"articleSection\":[\"Entre R\u00edos\"],\"inLanguage\":\"es\",\"potentialAction\":[{\"@type\":\"CommentAction\",\"name\":\"Comment\",\"target\":[\"https:\\\/\\\/informelitoral.com.ar\\\/docentes-entrerrianos-realizaran-un-paro-virtual\\\/#respond\"]}]},{\"@type\":\"WebPage\",\"@id\":\"https:\\\/\\\/informelitoral.com.ar\\\/docentes-entrerrianos-realizaran-un-paro-virtual\\\/\",\"url\":\"https:\\\/\\\/informelitoral.com.ar\\\/docentes-entrerrianos-realizaran-un-paro-virtual\\\/\",\"name\":\"Docentes entrerrianos realizar\u00e1n un paro virtual - Informe Litoral\",\"isPartOf\":{\"@id\":\"https:\\\/\\\/informelitoral.com.ar\\\/#website\"},\"primaryImageOfPage\":{\"@id\":\"https:\\\/\\\/informelitoral.com.ar\\\/docentes-entrerrianos-realizaran-un-paro-virtual\\\/#primaryimage\"},\"image\":{\"@id\":\"https:\\\/\\\/informelitoral.com.ar\\\/docentes-entrerrianos-realizaran-un-paro-virtual\\\/#primaryimage\"},\"thumbnailUrl\":\"https:\\\/\\\/informelitoral.com.ar\\\/%77%70%2d%63%6f%6e%74%65%6e%74\\\/uploads\\\/2020\\\/06\\\/paro-virtual.jpeg\",\"datePublished\":\"2020-06-30T09:52:39+00:00\",\"breadcrumb\":{\"@id\":\"https:\\\/\\\/informelitoral.com.ar\\\/docentes-entrerrianos-realizaran-un-paro-virtual\\\/#breadcrumb\"},\"inLanguage\":\"es\",\"potentialAction\":[{\"@type\":\"ReadAction\",\"target\":[\"https:\\\/\\\/informelitoral.com.ar\\\/docentes-entrerrianos-realizaran-un-paro-virtual\\\/\"]}]},{\"@type\":\"ImageObject\",\"inLanguage\":\"es\",\"@id\":\"https:\\\/\\\/informelitoral.com.ar\\\/docentes-entrerrianos-realizaran-un-paro-virtual\\\/#primaryimage\",\"url\":\"https:\\\/\\\/informelitoral.com.ar\\\/%77%70%2d%63%6f%6e%74%65%6e%74\\\/uploads\\\/2020\\\/06\\\/paro-virtual.jpeg\",\"contentUrl\":\"https:\\\/\\\/informelitoral.com.ar\\\/%77%70%2d%63%6f%6e%74%65%6e%74\\\/uploads\\\/2020\\\/06\\\/paro-virtual.jpeg\",\"width\":741,\"height\":486},{\"@type\":\"BreadcrumbList\",\"@id\":\"https:\\\/\\\/informelitoral.com.ar\\\/docentes-entrerrianos-realizaran-un-paro-virtual\\\/#breadcrumb\",\"itemListElement\":[{\"@type\":\"ListItem\",\"position\":1,\"name\":\"Portada\",\"item\":\"https:\\\/\\\/informelitoral.com.ar\\\/\"},{\"@type\":\"ListItem\",\"position\":2,\"name\":\"Docentes entrerrianos realizar\u00e1n un paro virtual\"}]},{\"@type\":\"WebSite\",\"@id\":\"https:\\\/\\\/informelitoral.com.ar\\\/#website\",\"url\":\"https:\\\/\\\/informelitoral.com.ar\\\/\",\"name\":\"Informe Litoral\",\"description\":\"&quot;Nos informamos&quot; \",\"publisher\":{\"@id\":\"https:\\\/\\\/informelitoral.com.ar\\\/#organization\"},\"potentialAction\":[{\"@type\":\"SearchAction\",\"target\":{\"@type\":\"EntryPoint\",\"urlTemplate\":\"https:\\\/\\\/informelitoral.com.ar\\\/?s={search_term_string}\"},\"query-input\":{\"@type\":\"PropertyValueSpecification\",\"valueRequired\":true,\"valueName\":\"search_term_string\"}}],\"inLanguage\":\"es\"},{\"@type\":\"Organization\",\"@id\":\"https:\\\/\\\/informelitoral.com.ar\\\/#organization\",\"name\":\"Informe Litoral\",\"url\":\"https:\\\/\\\/informelitoral.com.ar\\\/\",\"logo\":{\"@type\":\"ImageObject\",\"inLanguage\":\"es\",\"@id\":\"https:\\\/\\\/informelitoral.com.ar\\\/#\\\/schema\\\/logo\\\/image\\\/\",\"url\":\"https:\\\/\\\/informelitoral.com.ar\\\/%77%70%2d%63%6f%6e%74%65%6e%74\\\/uploads\\\/2021\\\/01\\\/circulo.png\",\"contentUrl\":\"https:\\\/\\\/informelitoral.com.ar\\\/%77%70%2d%63%6f%6e%74%65%6e%74\\\/uploads\\\/2021\\\/01\\\/circulo.png\",\"width\":723,\"height\":731,\"caption\":\"Informe Litoral\"},\"image\":{\"@id\":\"https:\\\/\\\/informelitoral.com.ar\\\/#\\\/schema\\\/logo\\\/image\\\/\"},\"sameAs\":[\"https:\\\/\\\/www.facebook.com\\\/informelitoral\\\/\",\"https:\\\/\\\/x.com\\\/InformeLitoral\",\"https:\\\/\\\/www.instagram.com\\\/informelitoral\\\/\",\"https:\\\/\\\/www.youtube.com\\\/channel\\\/UCua4Qvz8Icb6MYqhoq9xLXw\"]},{\"@type\":\"Person\",\"@id\":\"https:\\\/\\\/informelitoral.com.ar\\\/#\\\/schema\\\/person\\\/b9d00407c836482871ef1d57bf8e3180\",\"name\":\"Gonzalo Schmidt\",\"image\":{\"@type\":\"ImageObject\",\"inLanguage\":\"es\",\"@id\":\"https:\\\/\\\/secure.gravatar.com\\\/avatar\\\/31a1a7b66ff2de83bd0e9fd79d026630d2d99e55e8bfe501287647b4fd9743de?s=96&d=mm&r=g\",\"url\":\"https:\\\/\\\/secure.gravatar.com\\\/avatar\\\/31a1a7b66ff2de83bd0e9fd79d026630d2d99e55e8bfe501287647b4fd9743de?s=96&d=mm&r=g\",\"contentUrl\":\"https:\\\/\\\/secure.gravatar.com\\\/avatar\\\/31a1a7b66ff2de83bd0e9fd79d026630d2d99e55e8bfe501287647b4fd9743de?s=96&d=mm&r=g\",\"caption\":\"Gonzalo Schmidt\"},\"description\":\"Sitio web de noticias de la provincia de Entre R\u00edos, Argentina. Informaci\u00f3n y entretenimiento. Informe Litoral, nos informamos.\",\"sameAs\":[\"http:\\\/\\\/www.isletasnoticias.com.ar\"],\"url\":\"https:\\\/\\\/informelitoral.com.ar\\\/author\\\/gonzalo\\\/\"}]}<\/script>","yoast_head_json":{"title":"Docentes entrerrianos realizar\u00e1n un paro virtual - Informe Litoral","robots":{"index":"index","follow":"follow","max-snippet":"max-snippet:-1","max-image-preview":"max-image-preview:large","max-video-preview":"max-video-preview:-1"},"canonical":"https:\/\/informelitoral.com.ar\/docentes-entrerrianos-realizaran-un-paro-virtual\/","og_locale":"es_ES","og_type":"article","og_title":"Docentes entrerrianos realizar\u00e1n un paro virtual - Informe Litoral","og_description":"El \"Apag\u00f3n docente\" interrumpir\u00e1 el dictado de clases durante esta semana contra la Ley de Emergencia Solidaria.","og_url":"https:\/\/informelitoral.com.ar\/docentes-entrerrianos-realizaran-un-paro-virtual\/","og_site_name":"Informe Litoral","article_publisher":"https:\/\/www.facebook.com\/informelitoral\/","article_published_time":"2020-06-30T09:52:39+00:00","og_image":[{"width":741,"height":486,"url":"https:\/\/informelitoral.com.ar\/%77%70%2d%63%6f%6e%74%65%6e%74\/uploads\/2020\/06\/paro-virtual.jpeg","type":"image\/jpeg"}],"author":"Gonzalo Schmidt","twitter_card":"summary_large_image","twitter_creator":"@InformeLitoral","twitter_site":"@InformeLitoral","twitter_misc":{"Escrito por":"Gonzalo Schmidt","Tiempo de lectura":"5 minutos"},"schema":{"@context":"https:\/\/schema.org","@graph":[{"@type":"Article","@id":"https:\/\/informelitoral.com.ar\/docentes-entrerrianos-realizaran-un-paro-virtual\/#article","isPartOf":{"@id":"https:\/\/informelitoral.com.ar\/docentes-entrerrianos-realizaran-un-paro-virtual\/"},"author":{"name":"Gonzalo Schmidt","@id":"https:\/\/informelitoral.com.ar\/#\/schema\/person\/b9d00407c836482871ef1d57bf8e3180"},"headline":"Docentes entrerrianos realizar\u00e1n un paro virtual","datePublished":"2020-06-30T09:52:39+00:00","mainEntityOfPage":{"@id":"https:\/\/informelitoral.com.ar\/docentes-entrerrianos-realizaran-un-paro-virtual\/"},"wordCount":914,"commentCount":0,"publisher":{"@id":"https:\/\/informelitoral.com.ar\/#organization"},"image":{"@id":"https:\/\/informelitoral.com.ar\/docentes-entrerrianos-realizaran-un-paro-virtual\/#primaryimage"},"thumbnailUrl":"https:\/\/informelitoral.com.ar\/%77%70%2d%63%6f%6e%74%65%6e%74\/uploads\/2020\/06\/paro-virtual.jpeg","keywords":["Agmer","Docentes","Paro"],"articleSection":["Entre R\u00edos"],"inLanguage":"es","potentialAction":[{"@type":"CommentAction","name":"Comment","target":["https:\/\/informelitoral.com.ar\/docentes-entrerrianos-realizaran-un-paro-virtual\/#respond"]}]},{"@type":"WebPage","@id":"https:\/\/informelitoral.com.ar\/docentes-entrerrianos-realizaran-un-paro-virtual\/","url":"https:\/\/informelitoral.com.ar\/docentes-entrerrianos-realizaran-un-paro-virtual\/","name":"Docentes entrerrianos realizar\u00e1n un paro virtual - Informe Litoral","isPartOf":{"@id":"https:\/\/informelitoral.com.ar\/#website"},"primaryImageOfPage":{"@id":"https:\/\/informelitoral.com.ar\/docentes-entrerrianos-realizaran-un-paro-virtual\/#primaryimage"},"image":{"@id":"https:\/\/informelitoral.com.ar\/docentes-entrerrianos-realizaran-un-paro-virtual\/#primaryimage"},"thumbnailUrl":"https:\/\/informelitoral.com.ar\/%77%70%2d%63%6f%6e%74%65%6e%74\/uploads\/2020\/06\/paro-virtual.jpeg","datePublished":"2020-06-30T09:52:39+00:00","breadcrumb":{"@id":"https:\/\/informelitoral.com.ar\/docentes-entrerrianos-realizaran-un-paro-virtual\/#breadcrumb"},"inLanguage":"es","potentialAction":[{"@type":"ReadAction","target":["https:\/\/informelitoral.com.ar\/docentes-entrerrianos-realizaran-un-paro-virtual\/"]}]},{"@type":"ImageObject","inLanguage":"es","@id":"https:\/\/informelitoral.com.ar\/docentes-entrerrianos-realizaran-un-paro-virtual\/#primaryimage","url":"https:\/\/informelitoral.com.ar\/%77%70%2d%63%6f%6e%74%65%6e%74\/uploads\/2020\/06\/paro-virtual.jpeg","contentUrl":"https:\/\/informelitoral.com.ar\/%77%70%2d%63%6f%6e%74%65%6e%74\/uploads\/2020\/06\/paro-virtual.jpeg","width":741,"height":486},{"@type":"BreadcrumbList","@id":"https:\/\/informelitoral.com.ar\/docentes-entrerrianos-realizaran-un-paro-virtual\/#breadcrumb","itemListElement":[{"@type":"ListItem","position":1,"name":"Portada","item":"https:\/\/informelitoral.com.ar\/"},{"@type":"ListItem","position":2,"name":"Docentes entrerrianos realizar\u00e1n un paro virtual"}]},{"@type":"WebSite","@id":"https:\/\/informelitoral.com.ar\/#website","url":"https:\/\/informelitoral.com.ar\/","name":"Informe Litoral","description":"&quot;Nos informamos&quot; ","publisher":{"@id":"https:\/\/informelitoral.com.ar\/#organization"},"potentialAction":[{"@type":"SearchAction","target":{"@type":"EntryPoint","urlTemplate":"https:\/\/informelitoral.com.ar\/?s={search_term_string}"},"query-input":{"@type":"PropertyValueSpecification","valueRequired":true,"valueName":"search_term_string"}}],"inLanguage":"es"},{"@type":"Organization","@id":"https:\/\/informelitoral.com.ar\/#organization","name":"Informe Litoral","url":"https:\/\/informelitoral.com.ar\/","logo":{"@type":"ImageObject","inLanguage":"es","@id":"https:\/\/informelitoral.com.ar\/#\/schema\/logo\/image\/","url":"https:\/\/informelitoral.com.ar\/%77%70%2d%63%6f%6e%74%65%6e%74\/uploads\/2021\/01\/circulo.png","contentUrl":"https:\/\/informelitoral.com.ar\/%77%70%2d%63%6f%6e%74%65%6e%74\/uploads\/2021\/01\/circulo.png","width":723,"height":731,"caption":"Informe Litoral"},"image":{"@id":"https:\/\/informelitoral.com.ar\/#\/schema\/logo\/image\/"},"sameAs":["https:\/\/www.facebook.com\/informelitoral\/","https:\/\/x.com\/InformeLitoral","https:\/\/www.instagram.com\/informelitoral\/","https:\/\/www.youtube.com\/channel\/UCua4Qvz8Icb6MYqhoq9xLXw"]},{"@type":"Person","@id":"https:\/\/informelitoral.com.ar\/#\/schema\/person\/b9d00407c836482871ef1d57bf8e3180","name":"Gonzalo Schmidt","image":{"@type":"ImageObject","inLanguage":"es","@id":"https:\/\/secure.gravatar.com\/avatar\/31a1a7b66ff2de83bd0e9fd79d026630d2d99e55e8bfe501287647b4fd9743de?s=96&d=mm&r=g","url":"https:\/\/secure.gravatar.com\/avatar\/31a1a7b66ff2de83bd0e9fd79d026630d2d99e55e8bfe501287647b4fd9743de?s=96&d=mm&r=g","contentUrl":"https:\/\/secure.gravatar.com\/avatar\/31a1a7b66ff2de83bd0e9fd79d026630d2d99e55e8bfe501287647b4fd9743de?s=96&d=mm&r=g","caption":"Gonzalo Schmidt"},"description":"Sitio web de noticias de la provincia de Entre R\u00edos, Argentina. Informaci\u00f3n y entretenimiento. Informe Litoral, nos informamos.","sameAs":["http:\/\/www.isletasnoticias.com.ar"],"url":"https:\/\/informelitoral.com.ar\/author\/gonzalo\/"}]}},"_links":{"self":[{"href":"https:\/\/informelitoral.com.ar\/%77%70%2d%6a%73%6f%6e\/wp\/v2\/posts\/45016","targetHints":{"allow":["GET"]}}],"collection":[{"href":"https:\/\/informelitoral.com.ar\/%77%70%2d%6a%73%6f%6e\/wp\/v2\/posts"}],"about":[{"href":"https:\/\/informelitoral.com.ar\/%77%70%2d%6a%73%6f%6e\/wp\/v2\/types\/post"}],"author":[{"embeddable":true,"href":"https:\/\/informelitoral.com.ar\/%77%70%2d%6a%73%6f%6e\/wp\/v2\/users\/2"}],"replies":[{"embeddable":true,"href":"https:\/\/informelitoral.com.ar\/%77%70%2d%6a%73%6f%6e\/wp\/v2\/comments?post=45016"}],"version-history":[{"count":0,"href":"https:\/\/informelitoral.com.ar\/%77%70%2d%6a%73%6f%6e\/wp\/v2\/posts\/45016\/revisions"}],"wp:featuredmedia":[{"embeddable":true,"href":"https:\/\/informelitoral.com.ar\/%77%70%2d%6a%73%6f%6e\/wp\/v2\/media\/45017"}],"wp:attachment":[{"href":"https:\/\/informelitoral.com.ar\/%77%70%2d%6a%73%6f%6e\/wp\/v2\/media?parent=45016"}],"wp:term":[{"taxonomy":"category","embeddable":true,"href":"https:\/\/informelitoral.com.ar\/%77%70%2d%6a%73%6f%6e\/wp\/v2\/categories?post=45016"},{"taxonomy":"post_tag","embeddable":true,"href":"https:\/\/informelitoral.com.ar\/%77%70%2d%6a%73%6f%6e\/wp\/v2\/tags?post=45016"}],"curies":[{"name":"wp","href":"https:\/\/api.w.org\/{rel}","templated":true}]}}