{"id":44839,"date":"2020-06-25T14:25:50","date_gmt":"2020-06-25T17:25:50","guid":{"rendered":"https:\/\/www.isletasnoticias.com.ar\/?p=44839"},"modified":"2020-06-25T14:25:50","modified_gmt":"2020-06-25T17:25:50","slug":"proponen-que-los-entrerrianos-recuperados-de-covid-19-donen-plasma-para-otros-pacientes","status":"publish","type":"post","link":"https:\/\/informelitoral.com.ar\/proponen-que-los-entrerrianos-recuperados-de-covid-19-donen-plasma-para-otros-pacientes\/","title":{"rendered":"Proponen que los entrerrianos recuperados de Covid-19 donen plasma para otros pacientes"},"content":{"rendered":"<p>La autora de la<a href=\"file:\/\/\/C:\/Users\/paola\/Downloads\/PROYECTO%20DE%20LEY%20-%20DONACION%20PLASMA%20COVID%2019%20-%20Toller.pdf\"> iniciativa<\/a> es <strong>Carmen Toller<\/strong>, y figuran como coautores<strong> Reynaldo C\u00e1ceres<\/strong> y <strong>Sergio Castrill\u00f3n<\/strong>.<\/p>\n<p><strong>Propone declarar de inter\u00e9s provincial la donaci\u00f3n de plasma por parte de pacientes recuperados de Covid-19<\/strong> y establece que \u201cel Poder Ejecutivo, a trav\u00e9s del Ministerio de Salud, podr\u00e1 invitar a los pacientes recuperados de Covid-19 a acercarse a los Servicios de Hemoterapia y Bancos de Sangre habilitados en la provincia para realizar la captaci\u00f3n y recolecci\u00f3n de plasma de los pacientes recuperados de Covid-19, a los efectos de constituirse en donantes\u201d.<\/p>\n<p>Tal invitaci\u00f3n \u201c<strong>no implica obligatoriedad alguna para los pacientes recuperados de Covid-19<\/strong>\u201d, ya que \u201cla decisi\u00f3n de donar plasma ser\u00e1 siempre un acto de disposici\u00f3n voluntaria, conforme lo establecido en la Ley Nacional 22.990\u201d.<\/p>\n<p>El proyecto dispone que \u201c<strong>el Comit\u00e9 de \u00c9tica del Ministerio de Salud dictar\u00e1 un protocolo de actuaci\u00f3n<\/strong> para permitir el uso de plasma de personas recuperadas para valorar la factibilidad\u00a0 y la potencial eficacia en pacientes con formas graves o potencialmente graves de la infecci\u00f3n\u201d.<\/p>\n<p>Tambi\u00e9n establece que \u201cel Poder Ejecutivo impulsar\u00e1, durante la vigencia de la emergencia sanitaria declarada mediante Decreto N\u00ba 132\/2020, c<strong>ampa\u00f1as de difusi\u00f3n y concientizaci\u00f3n sobre la importancia de la donaci\u00f3n de plasma<\/strong> por parte de pacientes recuperados de Covid-19 como m\u00e9todo de tratamiento para pacientes infectados.<\/p>\n<p>En declaraciones enviadas a<em><strong> IN,<\/strong><\/em> Toller dijo que \u201chasta ayer hab\u00eda 13.816 pacientes recuperados en el pa\u00eds y hasta el domingo pasado tan solo 170 personas se hab\u00edan acercado para hacer donantes\u201d.<\/p>\n<p>Luego se\u00f1al\u00f3 que \u201ccada extracci\u00f3n se puede aplicar a tres pacientes y un donante puede donar hasta tres veces\u201d, al tiempo que aclar\u00f3 que \u201cno todos tienen los requisitos para poder donar\u201d.<\/p>\n<p>\u201cLo que pretendo con este proyecto es que el Poder Ejecutivo tenga las herramientas legales para convocar a los entrerrianos recuperados a donar plasma\u201d, sostuvo la legisladora provincial.<\/p>\n<p>Para Toller hay \u201ccuatro aspectos que son centrales a la hora de pensar en donar plasma: solidaridad, grandeza, el gesto de cuidar al otro y de mirarlo como un hermano\u201d y concluy\u00f3: \u201cLa aplicaci\u00f3n de plasma en pacientes cr\u00edticos ha permitido una mejora sustancial de su salud\u201d.<\/p>\n<h3><strong>Descargue el proyecto de Ley aqu\u00ed:<\/strong><\/h3>\n<p><a href=\"file:\/\/\/C:\/Users\/paola\/Downloads\/PROYECTO%20DE%20LEY%20-%20DONACION%20PLASMA%20COVID%2019%20-%20Toller.pdf\">file:\/\/\/C:\/Users\/paola\/Downloads\/PROYECTO%20DE%20LEY%20-%20DONACION%20PLASMA%20COVID%2019%20-%20Toller.pdf<\/a><\/p>\n","protected":false},"excerpt":{"rendered":"<p>La iniciativa, que ingres\u00f3 a la C\u00e1mara de Diputados, apunta  a brindar \u201clas herramientas legales necesarias\u201d para que el Estado pueda convocar a los pacientes recuperados de Covid-19 a donar plasma para ser utilizado en aquellos que todav\u00eda est\u00e1n cursando la enfermedad.<\/p>\n","protected":false},"author":2,"featured_media":44840,"comment_status":"open","ping_status":"open","sticky":false,"template":"","format":"standard","meta":{"fifu_image_url":"","fifu_image_alt":"","footnotes":""},"categories":[16],"tags":[1481,196,81,492],"class_list":{"0":"post-44839","1":"post","2":"type-post","3":"status-publish","4":"format-standard","5":"has-post-thumbnail","7":"category-politi","8":"tag-covid-19","9":"tag-diputados","10":"tag-entre-rios","11":"tag-proyecto-de-ley"},"yoast_head":"<title>Proponen que los entrerrianos recuperados de Covid-19 donen plasma para otros pacientes - Informe Litoral<\/title>\n<meta name=\"robots\" content=\"index, follow, max-snippet:-1, max-image-preview:large, max-video-preview:-1\" \/>\n<link rel=\"canonical\" href=\"https:\/\/informelitoral.com.ar\/proponen-que-los-entrerrianos-recuperados-de-covid-19-donen-plasma-para-otros-pacientes\/\" \/>\n<meta property=\"og:locale\" content=\"es_ES\" \/>\n<meta property=\"og:type\" content=\"article\" \/>\n<meta property=\"og:title\" content=\"Proponen que los entrerrianos recuperados de Covid-19 donen plasma para otros pacientes - Informe Litoral\" \/>\n<meta property=\"og:description\" content=\"La iniciativa, que ingres\u00f3 a la C\u00e1mara de Diputados, apunta a brindar \u201clas herramientas legales necesarias\u201d para que el Estado pueda convocar a los pacientes recuperados de Covid-19 a donar plasma para ser utilizado en aquellos que todav\u00eda est\u00e1n cursando la enfermedad.\" \/>\n<meta property=\"og:url\" content=\"https:\/\/informelitoral.com.ar\/proponen-que-los-entrerrianos-recuperados-de-covid-19-donen-plasma-para-otros-pacientes\/\" \/>\n<meta property=\"og:site_name\" content=\"Informe Litoral\" \/>\n<meta property=\"article:publisher\" content=\"https:\/\/www.facebook.com\/informelitoral\/\" \/>\n<meta property=\"article:published_time\" content=\"2020-06-25T17:25:50+00:00\" \/>\n<meta property=\"og:image\" content=\"https:\/\/informelitoral.com.ar\/%77%70%2d%63%6f%6e%74%65%6e%74\/uploads\/2020\/06\/proyecto-de-ley.jpg\" \/>\n\t<meta property=\"og:image:width\" content=\"960\" \/>\n\t<meta property=\"og:image:height\" content=\"960\" \/>\n\t<meta property=\"og:image:type\" content=\"image\/jpeg\" \/>\n<meta name=\"author\" content=\"Gonzalo Schmidt\" \/>\n<meta name=\"twitter:card\" content=\"summary_large_image\" \/>\n<meta name=\"twitter:creator\" content=\"@InformeLitoral\" \/>\n<meta name=\"twitter:site\" content=\"@InformeLitoral\" \/>\n<meta name=\"twitter:label1\" content=\"Escrito por\" \/>\n\t<meta name=\"twitter:data1\" content=\"Gonzalo Schmidt\" \/>\n\t<meta name=\"twitter:label2\" content=\"Tiempo de lectura\" \/>\n\t<meta name=\"twitter:data2\" content=\"2 minutos\" \/>\n<script type=\"application\/ld+json\" class=\"yoast-schema-graph\">{\"@context\":\"https:\\\/\\\/schema.org\",\"@graph\":[{\"@type\":\"Article\",\"@id\":\"https:\\\/\\\/informelitoral.com.ar\\\/proponen-que-los-entrerrianos-recuperados-de-covid-19-donen-plasma-para-otros-pacientes\\\/#article\",\"isPartOf\":{\"@id\":\"https:\\\/\\\/informelitoral.com.ar\\\/proponen-que-los-entrerrianos-recuperados-de-covid-19-donen-plasma-para-otros-pacientes\\\/\"},\"author\":{\"name\":\"Gonzalo Schmidt\",\"@id\":\"https:\\\/\\\/informelitoral.com.ar\\\/#\\\/schema\\\/person\\\/b9d00407c836482871ef1d57bf8e3180\"},\"headline\":\"Proponen que los entrerrianos recuperados de Covid-19 donen plasma para otros pacientes\",\"datePublished\":\"2020-06-25T17:25:50+00:00\",\"mainEntityOfPage\":{\"@id\":\"https:\\\/\\\/informelitoral.com.ar\\\/proponen-que-los-entrerrianos-recuperados-de-covid-19-donen-plasma-para-otros-pacientes\\\/\"},\"wordCount\":407,\"commentCount\":0,\"publisher\":{\"@id\":\"https:\\\/\\\/informelitoral.com.ar\\\/#organization\"},\"image\":{\"@id\":\"https:\\\/\\\/informelitoral.com.ar\\\/proponen-que-los-entrerrianos-recuperados-de-covid-19-donen-plasma-para-otros-pacientes\\\/#primaryimage\"},\"thumbnailUrl\":\"https:\\\/\\\/informelitoral.com.ar\\\/%77%70%2d%63%6f%6e%74%65%6e%74\\\/uploads\\\/2020\\\/06\\\/proyecto-de-ley.jpg\",\"keywords\":[\"COVID-19\",\"Diputados\",\"Entre R\u00edos\",\"Proyecto de Ley\"],\"articleSection\":[\"Politica\"],\"inLanguage\":\"es\",\"potentialAction\":[{\"@type\":\"CommentAction\",\"name\":\"Comment\",\"target\":[\"https:\\\/\\\/informelitoral.com.ar\\\/proponen-que-los-entrerrianos-recuperados-de-covid-19-donen-plasma-para-otros-pacientes\\\/#respond\"]}]},{\"@type\":\"WebPage\",\"@id\":\"https:\\\/\\\/informelitoral.com.ar\\\/proponen-que-los-entrerrianos-recuperados-de-covid-19-donen-plasma-para-otros-pacientes\\\/\",\"url\":\"https:\\\/\\\/informelitoral.com.ar\\\/proponen-que-los-entrerrianos-recuperados-de-covid-19-donen-plasma-para-otros-pacientes\\\/\",\"name\":\"Proponen que los entrerrianos recuperados de Covid-19 donen plasma para otros pacientes - Informe Litoral\",\"isPartOf\":{\"@id\":\"https:\\\/\\\/informelitoral.com.ar\\\/#website\"},\"primaryImageOfPage\":{\"@id\":\"https:\\\/\\\/informelitoral.com.ar\\\/proponen-que-los-entrerrianos-recuperados-de-covid-19-donen-plasma-para-otros-pacientes\\\/#primaryimage\"},\"image\":{\"@id\":\"https:\\\/\\\/informelitoral.com.ar\\\/proponen-que-los-entrerrianos-recuperados-de-covid-19-donen-plasma-para-otros-pacientes\\\/#primaryimage\"},\"thumbnailUrl\":\"https:\\\/\\\/informelitoral.com.ar\\\/%77%70%2d%63%6f%6e%74%65%6e%74\\\/uploads\\\/2020\\\/06\\\/proyecto-de-ley.jpg\",\"datePublished\":\"2020-06-25T17:25:50+00:00\",\"breadcrumb\":{\"@id\":\"https:\\\/\\\/informelitoral.com.ar\\\/proponen-que-los-entrerrianos-recuperados-de-covid-19-donen-plasma-para-otros-pacientes\\\/#breadcrumb\"},\"inLanguage\":\"es\",\"potentialAction\":[{\"@type\":\"ReadAction\",\"target\":[\"https:\\\/\\\/informelitoral.com.ar\\\/proponen-que-los-entrerrianos-recuperados-de-covid-19-donen-plasma-para-otros-pacientes\\\/\"]}]},{\"@type\":\"ImageObject\",\"inLanguage\":\"es\",\"@id\":\"https:\\\/\\\/informelitoral.com.ar\\\/proponen-que-los-entrerrianos-recuperados-de-covid-19-donen-plasma-para-otros-pacientes\\\/#primaryimage\",\"url\":\"https:\\\/\\\/informelitoral.com.ar\\\/%77%70%2d%63%6f%6e%74%65%6e%74\\\/uploads\\\/2020\\\/06\\\/proyecto-de-ley.jpg\",\"contentUrl\":\"https:\\\/\\\/informelitoral.com.ar\\\/%77%70%2d%63%6f%6e%74%65%6e%74\\\/uploads\\\/2020\\\/06\\\/proyecto-de-ley.jpg\",\"width\":960,\"height\":960},{\"@type\":\"BreadcrumbList\",\"@id\":\"https:\\\/\\\/informelitoral.com.ar\\\/proponen-que-los-entrerrianos-recuperados-de-covid-19-donen-plasma-para-otros-pacientes\\\/#breadcrumb\",\"itemListElement\":[{\"@type\":\"ListItem\",\"position\":1,\"name\":\"Portada\",\"item\":\"https:\\\/\\\/informelitoral.com.ar\\\/\"},{\"@type\":\"ListItem\",\"position\":2,\"name\":\"Proponen que los entrerrianos recuperados de Covid-19 donen plasma para otros pacientes\"}]},{\"@type\":\"WebSite\",\"@id\":\"https:\\\/\\\/informelitoral.com.ar\\\/#website\",\"url\":\"https:\\\/\\\/informelitoral.com.ar\\\/\",\"name\":\"Informe Litoral\",\"description\":\"&quot;Nos informamos&quot; \",\"publisher\":{\"@id\":\"https:\\\/\\\/informelitoral.com.ar\\\/#organization\"},\"potentialAction\":[{\"@type\":\"SearchAction\",\"target\":{\"@type\":\"EntryPoint\",\"urlTemplate\":\"https:\\\/\\\/informelitoral.com.ar\\\/?s={search_term_string}\"},\"query-input\":{\"@type\":\"PropertyValueSpecification\",\"valueRequired\":true,\"valueName\":\"search_term_string\"}}],\"inLanguage\":\"es\"},{\"@type\":\"Organization\",\"@id\":\"https:\\\/\\\/informelitoral.com.ar\\\/#organization\",\"name\":\"Informe Litoral\",\"url\":\"https:\\\/\\\/informelitoral.com.ar\\\/\",\"logo\":{\"@type\":\"ImageObject\",\"inLanguage\":\"es\",\"@id\":\"https:\\\/\\\/informelitoral.com.ar\\\/#\\\/schema\\\/logo\\\/image\\\/\",\"url\":\"https:\\\/\\\/informelitoral.com.ar\\\/%77%70%2d%63%6f%6e%74%65%6e%74\\\/uploads\\\/2021\\\/01\\\/circulo.png\",\"contentUrl\":\"https:\\\/\\\/informelitoral.com.ar\\\/%77%70%2d%63%6f%6e%74%65%6e%74\\\/uploads\\\/2021\\\/01\\\/circulo.png\",\"width\":723,\"height\":731,\"caption\":\"Informe Litoral\"},\"image\":{\"@id\":\"https:\\\/\\\/informelitoral.com.ar\\\/#\\\/schema\\\/logo\\\/image\\\/\"},\"sameAs\":[\"https:\\\/\\\/www.facebook.com\\\/informelitoral\\\/\",\"https:\\\/\\\/x.com\\\/InformeLitoral\",\"https:\\\/\\\/www.instagram.com\\\/informelitoral\\\/\",\"https:\\\/\\\/www.youtube.com\\\/channel\\\/UCua4Qvz8Icb6MYqhoq9xLXw\"]},{\"@type\":\"Person\",\"@id\":\"https:\\\/\\\/informelitoral.com.ar\\\/#\\\/schema\\\/person\\\/b9d00407c836482871ef1d57bf8e3180\",\"name\":\"Gonzalo Schmidt\",\"image\":{\"@type\":\"ImageObject\",\"inLanguage\":\"es\",\"@id\":\"https:\\\/\\\/secure.gravatar.com\\\/avatar\\\/31a1a7b66ff2de83bd0e9fd79d026630d2d99e55e8bfe501287647b4fd9743de?s=96&d=mm&r=g\",\"url\":\"https:\\\/\\\/secure.gravatar.com\\\/avatar\\\/31a1a7b66ff2de83bd0e9fd79d026630d2d99e55e8bfe501287647b4fd9743de?s=96&d=mm&r=g\",\"contentUrl\":\"https:\\\/\\\/secure.gravatar.com\\\/avatar\\\/31a1a7b66ff2de83bd0e9fd79d026630d2d99e55e8bfe501287647b4fd9743de?s=96&d=mm&r=g\",\"caption\":\"Gonzalo Schmidt\"},\"description\":\"Sitio web de noticias de la provincia de Entre R\u00edos, Argentina. Informaci\u00f3n y entretenimiento. Informe Litoral, nos informamos.\",\"sameAs\":[\"http:\\\/\\\/www.isletasnoticias.com.ar\"],\"url\":\"https:\\\/\\\/informelitoral.com.ar\\\/author\\\/gonzalo\\\/\"}]}<\/script>","yoast_head_json":{"title":"Proponen que los entrerrianos recuperados de Covid-19 donen plasma para otros pacientes - Informe Litoral","robots":{"index":"index","follow":"follow","max-snippet":"max-snippet:-1","max-image-preview":"max-image-preview:large","max-video-preview":"max-video-preview:-1"},"canonical":"https:\/\/informelitoral.com.ar\/proponen-que-los-entrerrianos-recuperados-de-covid-19-donen-plasma-para-otros-pacientes\/","og_locale":"es_ES","og_type":"article","og_title":"Proponen que los entrerrianos recuperados de Covid-19 donen plasma para otros pacientes - Informe Litoral","og_description":"La iniciativa, que ingres\u00f3 a la C\u00e1mara de Diputados, apunta a brindar \u201clas herramientas legales necesarias\u201d para que el Estado pueda convocar a los pacientes recuperados de Covid-19 a donar plasma para ser utilizado en aquellos que todav\u00eda est\u00e1n cursando la enfermedad.","og_url":"https:\/\/informelitoral.com.ar\/proponen-que-los-entrerrianos-recuperados-de-covid-19-donen-plasma-para-otros-pacientes\/","og_site_name":"Informe Litoral","article_publisher":"https:\/\/www.facebook.com\/informelitoral\/","article_published_time":"2020-06-25T17:25:50+00:00","og_image":[{"width":960,"height":960,"url":"https:\/\/informelitoral.com.ar\/%77%70%2d%63%6f%6e%74%65%6e%74\/uploads\/2020\/06\/proyecto-de-ley.jpg","type":"image\/jpeg"}],"author":"Gonzalo Schmidt","twitter_card":"summary_large_image","twitter_creator":"@InformeLitoral","twitter_site":"@InformeLitoral","twitter_misc":{"Escrito por":"Gonzalo Schmidt","Tiempo de lectura":"2 minutos"},"schema":{"@context":"https:\/\/schema.org","@graph":[{"@type":"Article","@id":"https:\/\/informelitoral.com.ar\/proponen-que-los-entrerrianos-recuperados-de-covid-19-donen-plasma-para-otros-pacientes\/#article","isPartOf":{"@id":"https:\/\/informelitoral.com.ar\/proponen-que-los-entrerrianos-recuperados-de-covid-19-donen-plasma-para-otros-pacientes\/"},"author":{"name":"Gonzalo Schmidt","@id":"https:\/\/informelitoral.com.ar\/#\/schema\/person\/b9d00407c836482871ef1d57bf8e3180"},"headline":"Proponen que los entrerrianos recuperados de Covid-19 donen plasma para otros pacientes","datePublished":"2020-06-25T17:25:50+00:00","mainEntityOfPage":{"@id":"https:\/\/informelitoral.com.ar\/proponen-que-los-entrerrianos-recuperados-de-covid-19-donen-plasma-para-otros-pacientes\/"},"wordCount":407,"commentCount":0,"publisher":{"@id":"https:\/\/informelitoral.com.ar\/#organization"},"image":{"@id":"https:\/\/informelitoral.com.ar\/proponen-que-los-entrerrianos-recuperados-de-covid-19-donen-plasma-para-otros-pacientes\/#primaryimage"},"thumbnailUrl":"https:\/\/informelitoral.com.ar\/%77%70%2d%63%6f%6e%74%65%6e%74\/uploads\/2020\/06\/proyecto-de-ley.jpg","keywords":["COVID-19","Diputados","Entre R\u00edos","Proyecto de Ley"],"articleSection":["Politica"],"inLanguage":"es","potentialAction":[{"@type":"CommentAction","name":"Comment","target":["https:\/\/informelitoral.com.ar\/proponen-que-los-entrerrianos-recuperados-de-covid-19-donen-plasma-para-otros-pacientes\/#respond"]}]},{"@type":"WebPage","@id":"https:\/\/informelitoral.com.ar\/proponen-que-los-entrerrianos-recuperados-de-covid-19-donen-plasma-para-otros-pacientes\/","url":"https:\/\/informelitoral.com.ar\/proponen-que-los-entrerrianos-recuperados-de-covid-19-donen-plasma-para-otros-pacientes\/","name":"Proponen que los entrerrianos recuperados de Covid-19 donen plasma para otros pacientes - Informe Litoral","isPartOf":{"@id":"https:\/\/informelitoral.com.ar\/#website"},"primaryImageOfPage":{"@id":"https:\/\/informelitoral.com.ar\/proponen-que-los-entrerrianos-recuperados-de-covid-19-donen-plasma-para-otros-pacientes\/#primaryimage"},"image":{"@id":"https:\/\/informelitoral.com.ar\/proponen-que-los-entrerrianos-recuperados-de-covid-19-donen-plasma-para-otros-pacientes\/#primaryimage"},"thumbnailUrl":"https:\/\/informelitoral.com.ar\/%77%70%2d%63%6f%6e%74%65%6e%74\/uploads\/2020\/06\/proyecto-de-ley.jpg","datePublished":"2020-06-25T17:25:50+00:00","breadcrumb":{"@id":"https:\/\/informelitoral.com.ar\/proponen-que-los-entrerrianos-recuperados-de-covid-19-donen-plasma-para-otros-pacientes\/#breadcrumb"},"inLanguage":"es","potentialAction":[{"@type":"ReadAction","target":["https:\/\/informelitoral.com.ar\/proponen-que-los-entrerrianos-recuperados-de-covid-19-donen-plasma-para-otros-pacientes\/"]}]},{"@type":"ImageObject","inLanguage":"es","@id":"https:\/\/informelitoral.com.ar\/proponen-que-los-entrerrianos-recuperados-de-covid-19-donen-plasma-para-otros-pacientes\/#primaryimage","url":"https:\/\/informelitoral.com.ar\/%77%70%2d%63%6f%6e%74%65%6e%74\/uploads\/2020\/06\/proyecto-de-ley.jpg","contentUrl":"https:\/\/informelitoral.com.ar\/%77%70%2d%63%6f%6e%74%65%6e%74\/uploads\/2020\/06\/proyecto-de-ley.jpg","width":960,"height":960},{"@type":"BreadcrumbList","@id":"https:\/\/informelitoral.com.ar\/proponen-que-los-entrerrianos-recuperados-de-covid-19-donen-plasma-para-otros-pacientes\/#breadcrumb","itemListElement":[{"@type":"ListItem","position":1,"name":"Portada","item":"https:\/\/informelitoral.com.ar\/"},{"@type":"ListItem","position":2,"name":"Proponen que los entrerrianos recuperados de Covid-19 donen plasma para otros pacientes"}]},{"@type":"WebSite","@id":"https:\/\/informelitoral.com.ar\/#website","url":"https:\/\/informelitoral.com.ar\/","name":"Informe Litoral","description":"&quot;Nos informamos&quot; ","publisher":{"@id":"https:\/\/informelitoral.com.ar\/#organization"},"potentialAction":[{"@type":"SearchAction","target":{"@type":"EntryPoint","urlTemplate":"https:\/\/informelitoral.com.ar\/?s={search_term_string}"},"query-input":{"@type":"PropertyValueSpecification","valueRequired":true,"valueName":"search_term_string"}}],"inLanguage":"es"},{"@type":"Organization","@id":"https:\/\/informelitoral.com.ar\/#organization","name":"Informe Litoral","url":"https:\/\/informelitoral.com.ar\/","logo":{"@type":"ImageObject","inLanguage":"es","@id":"https:\/\/informelitoral.com.ar\/#\/schema\/logo\/image\/","url":"https:\/\/informelitoral.com.ar\/%77%70%2d%63%6f%6e%74%65%6e%74\/uploads\/2021\/01\/circulo.png","contentUrl":"https:\/\/informelitoral.com.ar\/%77%70%2d%63%6f%6e%74%65%6e%74\/uploads\/2021\/01\/circulo.png","width":723,"height":731,"caption":"Informe Litoral"},"image":{"@id":"https:\/\/informelitoral.com.ar\/#\/schema\/logo\/image\/"},"sameAs":["https:\/\/www.facebook.com\/informelitoral\/","https:\/\/x.com\/InformeLitoral","https:\/\/www.instagram.com\/informelitoral\/","https:\/\/www.youtube.com\/channel\/UCua4Qvz8Icb6MYqhoq9xLXw"]},{"@type":"Person","@id":"https:\/\/informelitoral.com.ar\/#\/schema\/person\/b9d00407c836482871ef1d57bf8e3180","name":"Gonzalo Schmidt","image":{"@type":"ImageObject","inLanguage":"es","@id":"https:\/\/secure.gravatar.com\/avatar\/31a1a7b66ff2de83bd0e9fd79d026630d2d99e55e8bfe501287647b4fd9743de?s=96&d=mm&r=g","url":"https:\/\/secure.gravatar.com\/avatar\/31a1a7b66ff2de83bd0e9fd79d026630d2d99e55e8bfe501287647b4fd9743de?s=96&d=mm&r=g","contentUrl":"https:\/\/secure.gravatar.com\/avatar\/31a1a7b66ff2de83bd0e9fd79d026630d2d99e55e8bfe501287647b4fd9743de?s=96&d=mm&r=g","caption":"Gonzalo Schmidt"},"description":"Sitio web de noticias de la provincia de Entre R\u00edos, Argentina. Informaci\u00f3n y entretenimiento. Informe Litoral, nos informamos.","sameAs":["http:\/\/www.isletasnoticias.com.ar"],"url":"https:\/\/informelitoral.com.ar\/author\/gonzalo\/"}]}},"_links":{"self":[{"href":"https:\/\/informelitoral.com.ar\/%77%70%2d%6a%73%6f%6e\/wp\/v2\/posts\/44839","targetHints":{"allow":["GET"]}}],"collection":[{"href":"https:\/\/informelitoral.com.ar\/%77%70%2d%6a%73%6f%6e\/wp\/v2\/posts"}],"about":[{"href":"https:\/\/informelitoral.com.ar\/%77%70%2d%6a%73%6f%6e\/wp\/v2\/types\/post"}],"author":[{"embeddable":true,"href":"https:\/\/informelitoral.com.ar\/%77%70%2d%6a%73%6f%6e\/wp\/v2\/users\/2"}],"replies":[{"embeddable":true,"href":"https:\/\/informelitoral.com.ar\/%77%70%2d%6a%73%6f%6e\/wp\/v2\/comments?post=44839"}],"version-history":[{"count":0,"href":"https:\/\/informelitoral.com.ar\/%77%70%2d%6a%73%6f%6e\/wp\/v2\/posts\/44839\/revisions"}],"wp:featuredmedia":[{"embeddable":true,"href":"https:\/\/informelitoral.com.ar\/%77%70%2d%6a%73%6f%6e\/wp\/v2\/media\/44840"}],"wp:attachment":[{"href":"https:\/\/informelitoral.com.ar\/%77%70%2d%6a%73%6f%6e\/wp\/v2\/media?parent=44839"}],"wp:term":[{"taxonomy":"category","embeddable":true,"href":"https:\/\/informelitoral.com.ar\/%77%70%2d%6a%73%6f%6e\/wp\/v2\/categories?post=44839"},{"taxonomy":"post_tag","embeddable":true,"href":"https:\/\/informelitoral.com.ar\/%77%70%2d%6a%73%6f%6e\/wp\/v2\/tags?post=44839"}],"curies":[{"name":"wp","href":"https:\/\/api.w.org\/{rel}","templated":true}]}}