{"id":44834,"date":"2020-06-25T13:45:42","date_gmt":"2020-06-25T16:45:42","guid":{"rendered":"https:\/\/www.isletasnoticias.com.ar\/?p=44834"},"modified":"2020-06-25T13:51:51","modified_gmt":"2020-06-25T16:51:51","slug":"sigue-abierta-la-inscripcion-al-programa-jovenes-emprendedores-2020","status":"publish","type":"post","link":"https:\/\/informelitoral.com.ar\/sigue-abierta-la-inscripcion-al-programa-jovenes-emprendedores-2020\/","title":{"rendered":"Sigue abierta la inscripci\u00f3n al Programa J\u00f3venes Emprendedores 2020"},"content":{"rendered":"<p class=\"rtejustify\">El<strong> Programa J\u00f3venes Emprendedores<\/strong> asesora, capacita y financia a emprendimientos en marcha de j\u00f3venes residentes en Entre R\u00edos, con ideas de emprendimientos innovadores, sustentables y con potencial para crecer. Es una de las herramientas integrales que constituyen el R\u00e9gimen de Promoci\u00f3n para el Emprendedorismo Joven Entrerriano, creado por la ley provincial 10.394.<\/p>\n<p class=\"rtejustify\"><span style=\"background-color: #ffff00;\"><strong>Requisitos 2020<\/strong><\/span><\/p>\n<p class=\"rtejustify\">* Tener entre 18 y 40 a\u00f1os de edad.<\/p>\n<p class=\"rtejustify\">* Detentar domicilio real en la provincia de Entre R\u00edos.<\/p>\n<p class=\"rtejustify\">* Realizar actividades vinculadas a la producci\u00f3n industrial y TICs, agropecuarios o de servicios asociados a estos sectores<\/p>\n<p class=\"rtejustify\">* Presentar un proyecto en funcionamiento con antig\u00fcedad demostrable m\u00ednima de tres meses.<\/p>\n<p class=\"rtejustify\"><span style=\"background-color: #ffff00;\"><strong>ASESORAMIENTO, CAPACITACI\u00d3N, EVALUACI\u00d3N<\/strong><\/span><\/p>\n<p class=\"rtejustify\">El programa brinda asesoramiento respecto de sus lineamientos, sus requisitos y para la formulaci\u00f3n de planes de negocios a partir de las ideas presentadas. Para eso se llevan adelante capacitaciones que fortalecen las aptitudes de las y los emprendedores en materia de ciclos productivos, comercializaci\u00f3n, costos, entre otras.<\/p>\n<p class=\"rtejustify\">La evaluaci\u00f3n de los proyectos est\u00e1 a cargo de una Comisi\u00f3n Evaluadora conformada por el equipo t\u00e9cnico de la Secretar\u00eda de Desarrollo Econ\u00f3mico y Emprendedor. Entre los criterios de evaluaci\u00f3n se destacan el car\u00e1cter asociativo de los proyectos, la viabilidad de la propuesta econ\u00f3mica, experiencia en la actividad objeto del proyecto, la inversi\u00f3n propia, la generaci\u00f3n de empleo, el car\u00e1cter innovador de la iniciativa.<\/p>\n<p class=\"rtejustify\">El proceso de evaluaci\u00f3n constituye una etapa m\u00e1s de aprendizaje en el proceso de armado de un plan de negocios, y se articula de manera decisiva con las instancias de capacitaci\u00f3n y asesoramiento t\u00e9cnico.<\/p>\n<p class=\"rtejustify\"><span style=\"background-color: #ffff00;\"><strong>FINANCIAMIENTO<\/strong><\/span><\/p>\n<p class=\"rtejustify\">El cr\u00e9dito de J\u00f3venes Emprendedores no tiene tasa de inter\u00e9s ni necesidad de garant\u00eda y otorga un a\u00f1o de gracia para comenzar con la devoluci\u00f3n del mismo a partir de su entrega. A partir del segundo a\u00f1o se plantea un esquema de devoluci\u00f3n consistente en 24 cuotas mensuales consecutivas, con la posibilidad de dar una pr\u00f3rroga en caso de que el emprendimiento no de los resultados esperados.<\/p>\n<p class=\"rtejustify\"><span style=\"background-color: #ffff00;\"><strong>CONTROL Y SEGUIMIENTO<\/strong><\/span><\/p>\n<p class=\"rtejustify\">Los emprendimientos financiados deben presentar copia de toda la facturaci\u00f3n que indique que el aporte recibido fue invertido en tiempo y forma dentro de los cuatro meses de su recepci\u00f3n. Asimismo, representantes de la Secretar\u00eda asistir\u00e1n al lugar de desarrollo del emprendimiento tanto para observar su efectiva realizaci\u00f3n como para relevar necesidades de asesoramiento, acompa\u00f1amiento y capacitaci\u00f3n.<\/p>\n<p class=\"rtejustify\">Si tu proyecto encuadra en las bases y condiciones de este programa, tendr\u00e1s que rellenar un formulario con informaci\u00f3n sobre tu plan de negocios hasta las 23:59 del d\u00eda 05 julio 2020.<\/p>\n<p class=\"rtejustify\"><span style=\"background-color: #ffff00;\"><strong>M\u00e1s informaci\u00f3n:<\/strong><\/span><\/p>\n<p class=\"rtejustify\"><a href=\"https:\/\/www.entrerios.gov.ar\/desarrolloemprendedor\/frontend\/programa_jovenes.php\">https:\/\/www.entrerios.gov.ar\/desarrolloemprendedor\/frontend\/programa_jovenes.php<\/a><\/p>\n<p class=\"rtejustify\">En este sitio web se puede descargar el reglamento y el formulario de inscripci\u00f3n<\/p>\n<p class=\"rtejustify\"><span style=\"background-color: #ffff00;\"><strong>CONTACTO:<\/strong><\/span><\/p>\n<p class=\"rtejustify\">Secretar\u00eda de Desarrollo Econ\u00f3mico y Emprendedor<\/p>\n<p class=\"rtejustify\">Secretar\u00eda (343)4840356 \/ J\u00f3venes Emprendedores (343)4840964<\/p>\n<p class=\"rtejustify\">Cervantes 69 &#8211; Paran\u00e1 (3100) \/ Entre R\u00edos<\/p>\n<p class=\"rtejustify\"><a href=\"mailto:desarrolloemprendedor@entrerios.gov.ar\">desarrolloemprendedor@entrerios.gov.ar<\/a><\/p>\n","protected":false},"excerpt":{"rendered":"<p>Quienes se registren pueden acceder a los distintos programas vigentes, noticias, instancias de capacitaci\u00f3n y contacto con el equipo t\u00e9cnico de J\u00f3venes Emprendedores.<\/p>\n","protected":false},"author":2,"featured_media":44835,"comment_status":"open","ping_status":"open","sticky":false,"template":"","format":"standard","meta":{"fifu_image_url":"","fifu_image_alt":"","footnotes":""},"categories":[6],"tags":[552,81,551],"class_list":{"0":"post-44834","1":"post","2":"type-post","3":"status-publish","4":"format-standard","5":"has-post-thumbnail","7":"category-entre-rios","8":"tag-emprendedores","9":"tag-entre-rios","10":"tag-jovenes"},"yoast_head":"<title>Sigue abierta la inscripci\u00f3n al Programa J\u00f3venes Emprendedores 2020 - Informe Litoral<\/title>\n<meta name=\"robots\" content=\"index, follow, max-snippet:-1, max-image-preview:large, max-video-preview:-1\" \/>\n<link rel=\"canonical\" href=\"https:\/\/informelitoral.com.ar\/sigue-abierta-la-inscripcion-al-programa-jovenes-emprendedores-2020\/\" \/>\n<meta property=\"og:locale\" content=\"es_ES\" \/>\n<meta property=\"og:type\" content=\"article\" \/>\n<meta property=\"og:title\" content=\"Sigue abierta la inscripci\u00f3n al Programa J\u00f3venes Emprendedores 2020 - Informe Litoral\" \/>\n<meta property=\"og:description\" content=\"Quienes se registren pueden acceder a los distintos programas vigentes, noticias, instancias de capacitaci\u00f3n y contacto con el equipo t\u00e9cnico de J\u00f3venes Emprendedores.\" \/>\n<meta property=\"og:url\" content=\"https:\/\/informelitoral.com.ar\/sigue-abierta-la-inscripcion-al-programa-jovenes-emprendedores-2020\/\" \/>\n<meta property=\"og:site_name\" content=\"Informe Litoral\" \/>\n<meta property=\"article:publisher\" content=\"https:\/\/www.facebook.com\/informelitoral\/\" \/>\n<meta property=\"article:published_time\" content=\"2020-06-25T16:45:42+00:00\" \/>\n<meta property=\"article:modified_time\" content=\"2020-06-25T16:51:51+00:00\" \/>\n<meta property=\"og:image\" content=\"https:\/\/informelitoral.com.ar\/%77%70%2d%63%6f%6e%74%65%6e%74\/uploads\/2020\/06\/jovenes-emprendedores01.png\" \/>\n\t<meta property=\"og:image:width\" content=\"848\" \/>\n\t<meta property=\"og:image:height\" content=\"477\" \/>\n\t<meta property=\"og:image:type\" content=\"image\/png\" \/>\n<meta name=\"author\" content=\"Gonzalo Schmidt\" \/>\n<meta name=\"twitter:card\" content=\"summary_large_image\" \/>\n<meta name=\"twitter:creator\" content=\"@InformeLitoral\" \/>\n<meta name=\"twitter:site\" content=\"@InformeLitoral\" \/>\n<meta name=\"twitter:label1\" content=\"Escrito por\" \/>\n\t<meta name=\"twitter:data1\" content=\"Gonzalo Schmidt\" \/>\n\t<meta name=\"twitter:label2\" content=\"Tiempo de lectura\" \/>\n\t<meta name=\"twitter:data2\" content=\"3 minutos\" \/>\n<script type=\"application\/ld+json\" class=\"yoast-schema-graph\">{\"@context\":\"https:\\\/\\\/schema.org\",\"@graph\":[{\"@type\":\"Article\",\"@id\":\"https:\\\/\\\/informelitoral.com.ar\\\/sigue-abierta-la-inscripcion-al-programa-jovenes-emprendedores-2020\\\/#article\",\"isPartOf\":{\"@id\":\"https:\\\/\\\/informelitoral.com.ar\\\/sigue-abierta-la-inscripcion-al-programa-jovenes-emprendedores-2020\\\/\"},\"author\":{\"name\":\"Gonzalo Schmidt\",\"@id\":\"https:\\\/\\\/informelitoral.com.ar\\\/#\\\/schema\\\/person\\\/b9d00407c836482871ef1d57bf8e3180\"},\"headline\":\"Sigue abierta la inscripci\u00f3n al Programa J\u00f3venes Emprendedores 2020\",\"datePublished\":\"2020-06-25T16:45:42+00:00\",\"dateModified\":\"2020-06-25T16:51:51+00:00\",\"mainEntityOfPage\":{\"@id\":\"https:\\\/\\\/informelitoral.com.ar\\\/sigue-abierta-la-inscripcion-al-programa-jovenes-emprendedores-2020\\\/\"},\"wordCount\":512,\"commentCount\":0,\"publisher\":{\"@id\":\"https:\\\/\\\/informelitoral.com.ar\\\/#organization\"},\"image\":{\"@id\":\"https:\\\/\\\/informelitoral.com.ar\\\/sigue-abierta-la-inscripcion-al-programa-jovenes-emprendedores-2020\\\/#primaryimage\"},\"thumbnailUrl\":\"https:\\\/\\\/informelitoral.com.ar\\\/%77%70%2d%63%6f%6e%74%65%6e%74\\\/uploads\\\/2020\\\/06\\\/jovenes-emprendedores01.png\",\"keywords\":[\"Emprendedores\",\"Entre R\u00edos\",\"J\u00f3venes\"],\"articleSection\":[\"Entre R\u00edos\"],\"inLanguage\":\"es\",\"potentialAction\":[{\"@type\":\"CommentAction\",\"name\":\"Comment\",\"target\":[\"https:\\\/\\\/informelitoral.com.ar\\\/sigue-abierta-la-inscripcion-al-programa-jovenes-emprendedores-2020\\\/#respond\"]}]},{\"@type\":\"WebPage\",\"@id\":\"https:\\\/\\\/informelitoral.com.ar\\\/sigue-abierta-la-inscripcion-al-programa-jovenes-emprendedores-2020\\\/\",\"url\":\"https:\\\/\\\/informelitoral.com.ar\\\/sigue-abierta-la-inscripcion-al-programa-jovenes-emprendedores-2020\\\/\",\"name\":\"Sigue abierta la inscripci\u00f3n al Programa J\u00f3venes Emprendedores 2020 - Informe Litoral\",\"isPartOf\":{\"@id\":\"https:\\\/\\\/informelitoral.com.ar\\\/#website\"},\"primaryImageOfPage\":{\"@id\":\"https:\\\/\\\/informelitoral.com.ar\\\/sigue-abierta-la-inscripcion-al-programa-jovenes-emprendedores-2020\\\/#primaryimage\"},\"image\":{\"@id\":\"https:\\\/\\\/informelitoral.com.ar\\\/sigue-abierta-la-inscripcion-al-programa-jovenes-emprendedores-2020\\\/#primaryimage\"},\"thumbnailUrl\":\"https:\\\/\\\/informelitoral.com.ar\\\/%77%70%2d%63%6f%6e%74%65%6e%74\\\/uploads\\\/2020\\\/06\\\/jovenes-emprendedores01.png\",\"datePublished\":\"2020-06-25T16:45:42+00:00\",\"dateModified\":\"2020-06-25T16:51:51+00:00\",\"breadcrumb\":{\"@id\":\"https:\\\/\\\/informelitoral.com.ar\\\/sigue-abierta-la-inscripcion-al-programa-jovenes-emprendedores-2020\\\/#breadcrumb\"},\"inLanguage\":\"es\",\"potentialAction\":[{\"@type\":\"ReadAction\",\"target\":[\"https:\\\/\\\/informelitoral.com.ar\\\/sigue-abierta-la-inscripcion-al-programa-jovenes-emprendedores-2020\\\/\"]}]},{\"@type\":\"ImageObject\",\"inLanguage\":\"es\",\"@id\":\"https:\\\/\\\/informelitoral.com.ar\\\/sigue-abierta-la-inscripcion-al-programa-jovenes-emprendedores-2020\\\/#primaryimage\",\"url\":\"https:\\\/\\\/informelitoral.com.ar\\\/%77%70%2d%63%6f%6e%74%65%6e%74\\\/uploads\\\/2020\\\/06\\\/jovenes-emprendedores01.png\",\"contentUrl\":\"https:\\\/\\\/informelitoral.com.ar\\\/%77%70%2d%63%6f%6e%74%65%6e%74\\\/uploads\\\/2020\\\/06\\\/jovenes-emprendedores01.png\",\"width\":848,\"height\":477},{\"@type\":\"BreadcrumbList\",\"@id\":\"https:\\\/\\\/informelitoral.com.ar\\\/sigue-abierta-la-inscripcion-al-programa-jovenes-emprendedores-2020\\\/#breadcrumb\",\"itemListElement\":[{\"@type\":\"ListItem\",\"position\":1,\"name\":\"Portada\",\"item\":\"https:\\\/\\\/informelitoral.com.ar\\\/\"},{\"@type\":\"ListItem\",\"position\":2,\"name\":\"Sigue abierta la inscripci\u00f3n al Programa J\u00f3venes Emprendedores 2020\"}]},{\"@type\":\"WebSite\",\"@id\":\"https:\\\/\\\/informelitoral.com.ar\\\/#website\",\"url\":\"https:\\\/\\\/informelitoral.com.ar\\\/\",\"name\":\"Informe Litoral\",\"description\":\"&quot;Nos informamos&quot; \",\"publisher\":{\"@id\":\"https:\\\/\\\/informelitoral.com.ar\\\/#organization\"},\"potentialAction\":[{\"@type\":\"SearchAction\",\"target\":{\"@type\":\"EntryPoint\",\"urlTemplate\":\"https:\\\/\\\/informelitoral.com.ar\\\/?s={search_term_string}\"},\"query-input\":{\"@type\":\"PropertyValueSpecification\",\"valueRequired\":true,\"valueName\":\"search_term_string\"}}],\"inLanguage\":\"es\"},{\"@type\":\"Organization\",\"@id\":\"https:\\\/\\\/informelitoral.com.ar\\\/#organization\",\"name\":\"Informe Litoral\",\"url\":\"https:\\\/\\\/informelitoral.com.ar\\\/\",\"logo\":{\"@type\":\"ImageObject\",\"inLanguage\":\"es\",\"@id\":\"https:\\\/\\\/informelitoral.com.ar\\\/#\\\/schema\\\/logo\\\/image\\\/\",\"url\":\"https:\\\/\\\/informelitoral.com.ar\\\/%77%70%2d%63%6f%6e%74%65%6e%74\\\/uploads\\\/2021\\\/01\\\/circulo.png\",\"contentUrl\":\"https:\\\/\\\/informelitoral.com.ar\\\/%77%70%2d%63%6f%6e%74%65%6e%74\\\/uploads\\\/2021\\\/01\\\/circulo.png\",\"width\":723,\"height\":731,\"caption\":\"Informe Litoral\"},\"image\":{\"@id\":\"https:\\\/\\\/informelitoral.com.ar\\\/#\\\/schema\\\/logo\\\/image\\\/\"},\"sameAs\":[\"https:\\\/\\\/www.facebook.com\\\/informelitoral\\\/\",\"https:\\\/\\\/x.com\\\/InformeLitoral\",\"https:\\\/\\\/www.instagram.com\\\/informelitoral\\\/\",\"https:\\\/\\\/www.youtube.com\\\/channel\\\/UCua4Qvz8Icb6MYqhoq9xLXw\"]},{\"@type\":\"Person\",\"@id\":\"https:\\\/\\\/informelitoral.com.ar\\\/#\\\/schema\\\/person\\\/b9d00407c836482871ef1d57bf8e3180\",\"name\":\"Gonzalo Schmidt\",\"image\":{\"@type\":\"ImageObject\",\"inLanguage\":\"es\",\"@id\":\"https:\\\/\\\/secure.gravatar.com\\\/avatar\\\/31a1a7b66ff2de83bd0e9fd79d026630d2d99e55e8bfe501287647b4fd9743de?s=96&d=mm&r=g\",\"url\":\"https:\\\/\\\/secure.gravatar.com\\\/avatar\\\/31a1a7b66ff2de83bd0e9fd79d026630d2d99e55e8bfe501287647b4fd9743de?s=96&d=mm&r=g\",\"contentUrl\":\"https:\\\/\\\/secure.gravatar.com\\\/avatar\\\/31a1a7b66ff2de83bd0e9fd79d026630d2d99e55e8bfe501287647b4fd9743de?s=96&d=mm&r=g\",\"caption\":\"Gonzalo Schmidt\"},\"description\":\"Sitio web de noticias de la provincia de Entre R\u00edos, Argentina. Informaci\u00f3n y entretenimiento. Informe Litoral, nos informamos.\",\"sameAs\":[\"http:\\\/\\\/www.isletasnoticias.com.ar\"],\"url\":\"https:\\\/\\\/informelitoral.com.ar\\\/author\\\/gonzalo\\\/\"}]}<\/script>","yoast_head_json":{"title":"Sigue abierta la inscripci\u00f3n al Programa J\u00f3venes Emprendedores 2020 - Informe Litoral","robots":{"index":"index","follow":"follow","max-snippet":"max-snippet:-1","max-image-preview":"max-image-preview:large","max-video-preview":"max-video-preview:-1"},"canonical":"https:\/\/informelitoral.com.ar\/sigue-abierta-la-inscripcion-al-programa-jovenes-emprendedores-2020\/","og_locale":"es_ES","og_type":"article","og_title":"Sigue abierta la inscripci\u00f3n al Programa J\u00f3venes Emprendedores 2020 - Informe Litoral","og_description":"Quienes se registren pueden acceder a los distintos programas vigentes, noticias, instancias de capacitaci\u00f3n y contacto con el equipo t\u00e9cnico de J\u00f3venes Emprendedores.","og_url":"https:\/\/informelitoral.com.ar\/sigue-abierta-la-inscripcion-al-programa-jovenes-emprendedores-2020\/","og_site_name":"Informe Litoral","article_publisher":"https:\/\/www.facebook.com\/informelitoral\/","article_published_time":"2020-06-25T16:45:42+00:00","article_modified_time":"2020-06-25T16:51:51+00:00","og_image":[{"width":848,"height":477,"url":"https:\/\/informelitoral.com.ar\/%77%70%2d%63%6f%6e%74%65%6e%74\/uploads\/2020\/06\/jovenes-emprendedores01.png","type":"image\/png"}],"author":"Gonzalo Schmidt","twitter_card":"summary_large_image","twitter_creator":"@InformeLitoral","twitter_site":"@InformeLitoral","twitter_misc":{"Escrito por":"Gonzalo Schmidt","Tiempo de lectura":"3 minutos"},"schema":{"@context":"https:\/\/schema.org","@graph":[{"@type":"Article","@id":"https:\/\/informelitoral.com.ar\/sigue-abierta-la-inscripcion-al-programa-jovenes-emprendedores-2020\/#article","isPartOf":{"@id":"https:\/\/informelitoral.com.ar\/sigue-abierta-la-inscripcion-al-programa-jovenes-emprendedores-2020\/"},"author":{"name":"Gonzalo Schmidt","@id":"https:\/\/informelitoral.com.ar\/#\/schema\/person\/b9d00407c836482871ef1d57bf8e3180"},"headline":"Sigue abierta la inscripci\u00f3n al Programa J\u00f3venes Emprendedores 2020","datePublished":"2020-06-25T16:45:42+00:00","dateModified":"2020-06-25T16:51:51+00:00","mainEntityOfPage":{"@id":"https:\/\/informelitoral.com.ar\/sigue-abierta-la-inscripcion-al-programa-jovenes-emprendedores-2020\/"},"wordCount":512,"commentCount":0,"publisher":{"@id":"https:\/\/informelitoral.com.ar\/#organization"},"image":{"@id":"https:\/\/informelitoral.com.ar\/sigue-abierta-la-inscripcion-al-programa-jovenes-emprendedores-2020\/#primaryimage"},"thumbnailUrl":"https:\/\/informelitoral.com.ar\/%77%70%2d%63%6f%6e%74%65%6e%74\/uploads\/2020\/06\/jovenes-emprendedores01.png","keywords":["Emprendedores","Entre R\u00edos","J\u00f3venes"],"articleSection":["Entre R\u00edos"],"inLanguage":"es","potentialAction":[{"@type":"CommentAction","name":"Comment","target":["https:\/\/informelitoral.com.ar\/sigue-abierta-la-inscripcion-al-programa-jovenes-emprendedores-2020\/#respond"]}]},{"@type":"WebPage","@id":"https:\/\/informelitoral.com.ar\/sigue-abierta-la-inscripcion-al-programa-jovenes-emprendedores-2020\/","url":"https:\/\/informelitoral.com.ar\/sigue-abierta-la-inscripcion-al-programa-jovenes-emprendedores-2020\/","name":"Sigue abierta la inscripci\u00f3n al Programa J\u00f3venes Emprendedores 2020 - Informe Litoral","isPartOf":{"@id":"https:\/\/informelitoral.com.ar\/#website"},"primaryImageOfPage":{"@id":"https:\/\/informelitoral.com.ar\/sigue-abierta-la-inscripcion-al-programa-jovenes-emprendedores-2020\/#primaryimage"},"image":{"@id":"https:\/\/informelitoral.com.ar\/sigue-abierta-la-inscripcion-al-programa-jovenes-emprendedores-2020\/#primaryimage"},"thumbnailUrl":"https:\/\/informelitoral.com.ar\/%77%70%2d%63%6f%6e%74%65%6e%74\/uploads\/2020\/06\/jovenes-emprendedores01.png","datePublished":"2020-06-25T16:45:42+00:00","dateModified":"2020-06-25T16:51:51+00:00","breadcrumb":{"@id":"https:\/\/informelitoral.com.ar\/sigue-abierta-la-inscripcion-al-programa-jovenes-emprendedores-2020\/#breadcrumb"},"inLanguage":"es","potentialAction":[{"@type":"ReadAction","target":["https:\/\/informelitoral.com.ar\/sigue-abierta-la-inscripcion-al-programa-jovenes-emprendedores-2020\/"]}]},{"@type":"ImageObject","inLanguage":"es","@id":"https:\/\/informelitoral.com.ar\/sigue-abierta-la-inscripcion-al-programa-jovenes-emprendedores-2020\/#primaryimage","url":"https:\/\/informelitoral.com.ar\/%77%70%2d%63%6f%6e%74%65%6e%74\/uploads\/2020\/06\/jovenes-emprendedores01.png","contentUrl":"https:\/\/informelitoral.com.ar\/%77%70%2d%63%6f%6e%74%65%6e%74\/uploads\/2020\/06\/jovenes-emprendedores01.png","width":848,"height":477},{"@type":"BreadcrumbList","@id":"https:\/\/informelitoral.com.ar\/sigue-abierta-la-inscripcion-al-programa-jovenes-emprendedores-2020\/#breadcrumb","itemListElement":[{"@type":"ListItem","position":1,"name":"Portada","item":"https:\/\/informelitoral.com.ar\/"},{"@type":"ListItem","position":2,"name":"Sigue abierta la inscripci\u00f3n al Programa J\u00f3venes Emprendedores 2020"}]},{"@type":"WebSite","@id":"https:\/\/informelitoral.com.ar\/#website","url":"https:\/\/informelitoral.com.ar\/","name":"Informe Litoral","description":"&quot;Nos informamos&quot; ","publisher":{"@id":"https:\/\/informelitoral.com.ar\/#organization"},"potentialAction":[{"@type":"SearchAction","target":{"@type":"EntryPoint","urlTemplate":"https:\/\/informelitoral.com.ar\/?s={search_term_string}"},"query-input":{"@type":"PropertyValueSpecification","valueRequired":true,"valueName":"search_term_string"}}],"inLanguage":"es"},{"@type":"Organization","@id":"https:\/\/informelitoral.com.ar\/#organization","name":"Informe Litoral","url":"https:\/\/informelitoral.com.ar\/","logo":{"@type":"ImageObject","inLanguage":"es","@id":"https:\/\/informelitoral.com.ar\/#\/schema\/logo\/image\/","url":"https:\/\/informelitoral.com.ar\/%77%70%2d%63%6f%6e%74%65%6e%74\/uploads\/2021\/01\/circulo.png","contentUrl":"https:\/\/informelitoral.com.ar\/%77%70%2d%63%6f%6e%74%65%6e%74\/uploads\/2021\/01\/circulo.png","width":723,"height":731,"caption":"Informe Litoral"},"image":{"@id":"https:\/\/informelitoral.com.ar\/#\/schema\/logo\/image\/"},"sameAs":["https:\/\/www.facebook.com\/informelitoral\/","https:\/\/x.com\/InformeLitoral","https:\/\/www.instagram.com\/informelitoral\/","https:\/\/www.youtube.com\/channel\/UCua4Qvz8Icb6MYqhoq9xLXw"]},{"@type":"Person","@id":"https:\/\/informelitoral.com.ar\/#\/schema\/person\/b9d00407c836482871ef1d57bf8e3180","name":"Gonzalo Schmidt","image":{"@type":"ImageObject","inLanguage":"es","@id":"https:\/\/secure.gravatar.com\/avatar\/31a1a7b66ff2de83bd0e9fd79d026630d2d99e55e8bfe501287647b4fd9743de?s=96&d=mm&r=g","url":"https:\/\/secure.gravatar.com\/avatar\/31a1a7b66ff2de83bd0e9fd79d026630d2d99e55e8bfe501287647b4fd9743de?s=96&d=mm&r=g","contentUrl":"https:\/\/secure.gravatar.com\/avatar\/31a1a7b66ff2de83bd0e9fd79d026630d2d99e55e8bfe501287647b4fd9743de?s=96&d=mm&r=g","caption":"Gonzalo Schmidt"},"description":"Sitio web de noticias de la provincia de Entre R\u00edos, Argentina. Informaci\u00f3n y entretenimiento. Informe Litoral, nos informamos.","sameAs":["http:\/\/www.isletasnoticias.com.ar"],"url":"https:\/\/informelitoral.com.ar\/author\/gonzalo\/"}]}},"_links":{"self":[{"href":"https:\/\/informelitoral.com.ar\/%77%70%2d%6a%73%6f%6e\/wp\/v2\/posts\/44834","targetHints":{"allow":["GET"]}}],"collection":[{"href":"https:\/\/informelitoral.com.ar\/%77%70%2d%6a%73%6f%6e\/wp\/v2\/posts"}],"about":[{"href":"https:\/\/informelitoral.com.ar\/%77%70%2d%6a%73%6f%6e\/wp\/v2\/types\/post"}],"author":[{"embeddable":true,"href":"https:\/\/informelitoral.com.ar\/%77%70%2d%6a%73%6f%6e\/wp\/v2\/users\/2"}],"replies":[{"embeddable":true,"href":"https:\/\/informelitoral.com.ar\/%77%70%2d%6a%73%6f%6e\/wp\/v2\/comments?post=44834"}],"version-history":[{"count":0,"href":"https:\/\/informelitoral.com.ar\/%77%70%2d%6a%73%6f%6e\/wp\/v2\/posts\/44834\/revisions"}],"wp:featuredmedia":[{"embeddable":true,"href":"https:\/\/informelitoral.com.ar\/%77%70%2d%6a%73%6f%6e\/wp\/v2\/media\/44835"}],"wp:attachment":[{"href":"https:\/\/informelitoral.com.ar\/%77%70%2d%6a%73%6f%6e\/wp\/v2\/media?parent=44834"}],"wp:term":[{"taxonomy":"category","embeddable":true,"href":"https:\/\/informelitoral.com.ar\/%77%70%2d%6a%73%6f%6e\/wp\/v2\/categories?post=44834"},{"taxonomy":"post_tag","embeddable":true,"href":"https:\/\/informelitoral.com.ar\/%77%70%2d%6a%73%6f%6e\/wp\/v2\/tags?post=44834"}],"curies":[{"name":"wp","href":"https:\/\/api.w.org\/{rel}","templated":true}]}}