{"id":44724,"date":"2020-06-22T22:56:39","date_gmt":"2020-06-23T01:56:39","guid":{"rendered":"https:\/\/www.isletasnoticias.com.ar\/?p=44724"},"modified":"2020-06-23T07:07:46","modified_gmt":"2020-06-23T10:07:46","slug":"avanza-la-primera-vacuna-argentina-contra-el-covid-19","status":"publish","type":"post","link":"https:\/\/informelitoral.com.ar\/avanza-la-primera-vacuna-argentina-contra-el-covid-19\/","title":{"rendered":"Avanza la primera vacuna argentina contra el COVID-19"},"content":{"rendered":"<p>Mientras los n\u00fameros de los casos avanzan en Argentina, principalmente en las zonas de la Ciudad y Provincia de Buenos Aires, en la Universidad de San Mart\u00edn\u00a0contin\u00faan las investigaciones sobre\u00a0<strong>la primera vacuna contra el coronavirus<\/strong>\u00a0y esta vez se conoci\u00f3 la noticia de que la misma ingres\u00f3 en la etapa de precl\u00ednica.<\/p>\n<p>En una entrevista con la Agencia CyTA, de ciencia y tecnolog\u00eda, la jefa de laboratorio en el Instituto de Investigaciones Biotecnol\u00f3gicas Dr. Rodolfo Ugalde (IIB),\u00a0<strong>Juliana Cassataro<\/strong>, quien lidera el equipo de cient\u00edficos y cient\u00edficas se expres\u00f3 sobre este avance en la lucha contra la pandemia.<\/p>\n<p>\u00abPara independizarse y tener soberan\u00eda, la mayor\u00eda de los pa\u00edses desarrollados y medianamente desarrollados se han lanzado al desarrollo de su propia vacuna contra SARS-CoV-2. Nosotros tambi\u00e9n nos hemos sumado\u00bb, remarc\u00f3 y agreg\u00f3 que se trata de un proyecto basado\u00a0en la\u00a0<strong>producci\u00f3n de prote\u00ednas o regiones de prote\u00ednas presentes en la superficie de SARS-CoV-2.<\/strong><\/p>\n<p><a href=\"https:\/\/www.isletasnoticias.com.ar\/%77%70%2d%63%6f%6e%74%65%6e%74\/uploads\/2020\/06\/vacunax_testx_coronavirus.jpg_674994428.jpg\"><img loading=\"lazy\" decoding=\"async\" class=\"wp-image-44725 aligncenter\" src=\"https:\/\/www.isletasnoticias.com.ar\/%77%70%2d%63%6f%6e%74%65%6e%74\/uploads\/2020\/06\/vacunax_testx_coronavirus.jpg_674994428-300x169.jpg\" alt=\"\" width=\"444\" height=\"250\" srcset=\"https:\/\/informelitoral.com.ar\/%77%70%2d%63%6f%6e%74%65%6e%74\/uploads\/2020\/06\/vacunax_testx_coronavirus.jpg_674994428-300x169.jpg 300w, https:\/\/informelitoral.com.ar\/%77%70%2d%63%6f%6e%74%65%6e%74\/uploads\/2020\/06\/vacunax_testx_coronavirus.jpg_674994428-768x432.jpg 768w, https:\/\/informelitoral.com.ar\/%77%70%2d%63%6f%6e%74%65%6e%74\/uploads\/2020\/06\/vacunax_testx_coronavirus.jpg_674994428-696x392.jpg 696w, https:\/\/informelitoral.com.ar\/%77%70%2d%63%6f%6e%74%65%6e%74\/uploads\/2020\/06\/vacunax_testx_coronavirus.jpg_674994428-747x420.jpg 747w, https:\/\/informelitoral.com.ar\/%77%70%2d%63%6f%6e%74%65%6e%74\/uploads\/2020\/06\/vacunax_testx_coronavirus.jpg_674994428.jpg 800w\" sizes=\"auto, (max-width: 444px) 100vw, 444px\" \/><\/a><\/p>\n<p>Con el apoyo de la UNSAM y el Conicet, Cassataro lleva adelante la investigaci\u00f3n junto a Karina <strong>Pasquevich<\/strong>, Lorena\u00a0<strong>Coria<\/strong>, Diego\u00a0<strong>\u00c1lvarez<\/strong>, Claudia\u00a0<strong>Filomatori<\/strong>, Eliana\u00a0<strong>Castro\u00a0<\/strong>y Luc\u00eda\u00a0<strong>Chemes<\/strong>. En esta oportunidad, su proyecto de vacuna est\u00e1\u00a0basadas en la producci\u00f3n de prote\u00ednas o regiones de prote\u00ednas presentes en la superficie de SARS-CoV-2.<\/p>\n<p>La explicaci\u00f3n sobre la misma tiene que ver con prote\u00ednas puras del nuevo coronavirus\u00a0(COVID-19) que, al ingresar al organismo, no infecten las c\u00e9lulas, pero s\u00ed puedan ser\u00a0reconocidas por el sistema inmunol\u00f3gico para que\u00a0<strong>genere anticuerpos y proteger as\u00ed a la persona.<\/strong><\/p>\n<p>\u00abUtilizaremos tecnolog\u00eda innovadora para aplicar distintas formulaciones no solo inyectables sino tambi\u00e9n por v\u00eda oral, ya que, al no requerir personal adiestrado para su aplicaci\u00f3n, en el caso de una pandemia como esta ser\u00eda de gran utilidad\u00bb, afirm\u00f3 Cassataro. Ahora, la misma ingres\u00f3 en el proceso de precl\u00ednica donde demandar\u00e1 entre\u00a0<strong>6 y 9 meses de investigaci\u00f3n<\/strong>, para determinar la efectividad y producci\u00f3n masiva de la misma.<\/p>\n","protected":false},"excerpt":{"rendered":"<p>El proyecto llevado adelante por la Universidad Nacional de San Mart\u00edn y el Conicet ingres\u00f3 en la etapa de precl\u00ednica, el primer paso hacia el mercado.<\/p>\n","protected":false},"author":8,"featured_media":44726,"comment_status":"open","ping_status":"open","sticky":false,"template":"","format":"standard","meta":{"fifu_image_url":"","fifu_image_alt":"","footnotes":""},"categories":[7,3],"tags":[246,1426,1494,1566],"class_list":{"0":"post-44724","1":"post","2":"type-post","3":"status-publish","4":"format-standard","5":"has-post-thumbnail","7":"category-nacionales","8":"category-noticias","9":"tag-argentina","10":"tag-coronavirus","11":"tag-pandemia","12":"tag-vacuna"},"yoast_head":"<title>Avanza la primera vacuna argentina contra el COVID-19 - Informe Litoral<\/title>\n<meta name=\"robots\" content=\"index, follow, max-snippet:-1, max-image-preview:large, max-video-preview:-1\" \/>\n<link rel=\"canonical\" href=\"https:\/\/informelitoral.com.ar\/avanza-la-primera-vacuna-argentina-contra-el-covid-19\/\" \/>\n<meta property=\"og:locale\" content=\"es_ES\" \/>\n<meta property=\"og:type\" content=\"article\" \/>\n<meta property=\"og:title\" content=\"Avanza la primera vacuna argentina contra el COVID-19 - Informe Litoral\" \/>\n<meta property=\"og:description\" content=\"El proyecto llevado adelante por la Universidad Nacional de San Mart\u00edn y el Conicet ingres\u00f3 en la etapa de precl\u00ednica, el primer paso hacia el mercado.\" \/>\n<meta property=\"og:url\" content=\"https:\/\/informelitoral.com.ar\/avanza-la-primera-vacuna-argentina-contra-el-covid-19\/\" \/>\n<meta property=\"og:site_name\" content=\"Informe Litoral\" \/>\n<meta property=\"article:publisher\" content=\"https:\/\/www.facebook.com\/informelitoral\/\" \/>\n<meta property=\"article:published_time\" content=\"2020-06-23T01:56:39+00:00\" \/>\n<meta property=\"article:modified_time\" content=\"2020-06-23T10:07:46+00:00\" \/>\n<meta property=\"og:image\" content=\"https:\/\/informelitoral.com.ar\/%77%70%2d%63%6f%6e%74%65%6e%74\/uploads\/2020\/06\/cyta_portada.jpg_1956802537.jpg\" \/>\n\t<meta property=\"og:image:width\" content=\"810\" \/>\n\t<meta property=\"og:image:height\" content=\"450\" \/>\n\t<meta property=\"og:image:type\" content=\"image\/jpeg\" \/>\n<meta name=\"author\" content=\"Sebastian\" \/>\n<meta name=\"twitter:card\" content=\"summary_large_image\" \/>\n<meta name=\"twitter:creator\" content=\"@InformeLitoral\" \/>\n<meta name=\"twitter:site\" content=\"@InformeLitoral\" \/>\n<meta name=\"twitter:label1\" content=\"Escrito por\" \/>\n\t<meta name=\"twitter:data1\" content=\"Sebastian\" \/>\n\t<meta name=\"twitter:label2\" content=\"Tiempo de lectura\" \/>\n\t<meta name=\"twitter:data2\" content=\"2 minutos\" \/>\n<script type=\"application\/ld+json\" class=\"yoast-schema-graph\">{\"@context\":\"https:\\\/\\\/schema.org\",\"@graph\":[{\"@type\":\"Article\",\"@id\":\"https:\\\/\\\/informelitoral.com.ar\\\/avanza-la-primera-vacuna-argentina-contra-el-covid-19\\\/#article\",\"isPartOf\":{\"@id\":\"https:\\\/\\\/informelitoral.com.ar\\\/avanza-la-primera-vacuna-argentina-contra-el-covid-19\\\/\"},\"author\":{\"name\":\"Sebastian\",\"@id\":\"https:\\\/\\\/informelitoral.com.ar\\\/#\\\/schema\\\/person\\\/f05f9f461677119578717524b127d6d5\"},\"headline\":\"Avanza la primera vacuna argentina contra el COVID-19\",\"datePublished\":\"2020-06-23T01:56:39+00:00\",\"dateModified\":\"2020-06-23T10:07:46+00:00\",\"mainEntityOfPage\":{\"@id\":\"https:\\\/\\\/informelitoral.com.ar\\\/avanza-la-primera-vacuna-argentina-contra-el-covid-19\\\/\"},\"wordCount\":356,\"commentCount\":0,\"publisher\":{\"@id\":\"https:\\\/\\\/informelitoral.com.ar\\\/#organization\"},\"image\":{\"@id\":\"https:\\\/\\\/informelitoral.com.ar\\\/avanza-la-primera-vacuna-argentina-contra-el-covid-19\\\/#primaryimage\"},\"thumbnailUrl\":\"https:\\\/\\\/informelitoral.com.ar\\\/%77%70%2d%63%6f%6e%74%65%6e%74\\\/uploads\\\/2020\\\/06\\\/cyta_portada.jpg_1956802537.jpg\",\"keywords\":[\"Argentina\",\"Coronavirus\",\"Pandemia\",\"vacuna\"],\"articleSection\":[\"Nacionales\",\"Noticias\"],\"inLanguage\":\"es\",\"potentialAction\":[{\"@type\":\"CommentAction\",\"name\":\"Comment\",\"target\":[\"https:\\\/\\\/informelitoral.com.ar\\\/avanza-la-primera-vacuna-argentina-contra-el-covid-19\\\/#respond\"]}]},{\"@type\":\"WebPage\",\"@id\":\"https:\\\/\\\/informelitoral.com.ar\\\/avanza-la-primera-vacuna-argentina-contra-el-covid-19\\\/\",\"url\":\"https:\\\/\\\/informelitoral.com.ar\\\/avanza-la-primera-vacuna-argentina-contra-el-covid-19\\\/\",\"name\":\"Avanza la primera vacuna argentina contra el COVID-19 - Informe Litoral\",\"isPartOf\":{\"@id\":\"https:\\\/\\\/informelitoral.com.ar\\\/#website\"},\"primaryImageOfPage\":{\"@id\":\"https:\\\/\\\/informelitoral.com.ar\\\/avanza-la-primera-vacuna-argentina-contra-el-covid-19\\\/#primaryimage\"},\"image\":{\"@id\":\"https:\\\/\\\/informelitoral.com.ar\\\/avanza-la-primera-vacuna-argentina-contra-el-covid-19\\\/#primaryimage\"},\"thumbnailUrl\":\"https:\\\/\\\/informelitoral.com.ar\\\/%77%70%2d%63%6f%6e%74%65%6e%74\\\/uploads\\\/2020\\\/06\\\/cyta_portada.jpg_1956802537.jpg\",\"datePublished\":\"2020-06-23T01:56:39+00:00\",\"dateModified\":\"2020-06-23T10:07:46+00:00\",\"breadcrumb\":{\"@id\":\"https:\\\/\\\/informelitoral.com.ar\\\/avanza-la-primera-vacuna-argentina-contra-el-covid-19\\\/#breadcrumb\"},\"inLanguage\":\"es\",\"potentialAction\":[{\"@type\":\"ReadAction\",\"target\":[\"https:\\\/\\\/informelitoral.com.ar\\\/avanza-la-primera-vacuna-argentina-contra-el-covid-19\\\/\"]}]},{\"@type\":\"ImageObject\",\"inLanguage\":\"es\",\"@id\":\"https:\\\/\\\/informelitoral.com.ar\\\/avanza-la-primera-vacuna-argentina-contra-el-covid-19\\\/#primaryimage\",\"url\":\"https:\\\/\\\/informelitoral.com.ar\\\/%77%70%2d%63%6f%6e%74%65%6e%74\\\/uploads\\\/2020\\\/06\\\/cyta_portada.jpg_1956802537.jpg\",\"contentUrl\":\"https:\\\/\\\/informelitoral.com.ar\\\/%77%70%2d%63%6f%6e%74%65%6e%74\\\/uploads\\\/2020\\\/06\\\/cyta_portada.jpg_1956802537.jpg\",\"width\":810,\"height\":450},{\"@type\":\"BreadcrumbList\",\"@id\":\"https:\\\/\\\/informelitoral.com.ar\\\/avanza-la-primera-vacuna-argentina-contra-el-covid-19\\\/#breadcrumb\",\"itemListElement\":[{\"@type\":\"ListItem\",\"position\":1,\"name\":\"Portada\",\"item\":\"https:\\\/\\\/informelitoral.com.ar\\\/\"},{\"@type\":\"ListItem\",\"position\":2,\"name\":\"Avanza la primera vacuna argentina contra el COVID-19\"}]},{\"@type\":\"WebSite\",\"@id\":\"https:\\\/\\\/informelitoral.com.ar\\\/#website\",\"url\":\"https:\\\/\\\/informelitoral.com.ar\\\/\",\"name\":\"Informe Litoral\",\"description\":\"&quot;Nos informamos&quot; \",\"publisher\":{\"@id\":\"https:\\\/\\\/informelitoral.com.ar\\\/#organization\"},\"potentialAction\":[{\"@type\":\"SearchAction\",\"target\":{\"@type\":\"EntryPoint\",\"urlTemplate\":\"https:\\\/\\\/informelitoral.com.ar\\\/?s={search_term_string}\"},\"query-input\":{\"@type\":\"PropertyValueSpecification\",\"valueRequired\":true,\"valueName\":\"search_term_string\"}}],\"inLanguage\":\"es\"},{\"@type\":\"Organization\",\"@id\":\"https:\\\/\\\/informelitoral.com.ar\\\/#organization\",\"name\":\"Informe Litoral\",\"url\":\"https:\\\/\\\/informelitoral.com.ar\\\/\",\"logo\":{\"@type\":\"ImageObject\",\"inLanguage\":\"es\",\"@id\":\"https:\\\/\\\/informelitoral.com.ar\\\/#\\\/schema\\\/logo\\\/image\\\/\",\"url\":\"https:\\\/\\\/informelitoral.com.ar\\\/%77%70%2d%63%6f%6e%74%65%6e%74\\\/uploads\\\/2021\\\/01\\\/circulo.png\",\"contentUrl\":\"https:\\\/\\\/informelitoral.com.ar\\\/%77%70%2d%63%6f%6e%74%65%6e%74\\\/uploads\\\/2021\\\/01\\\/circulo.png\",\"width\":723,\"height\":731,\"caption\":\"Informe Litoral\"},\"image\":{\"@id\":\"https:\\\/\\\/informelitoral.com.ar\\\/#\\\/schema\\\/logo\\\/image\\\/\"},\"sameAs\":[\"https:\\\/\\\/www.facebook.com\\\/informelitoral\\\/\",\"https:\\\/\\\/x.com\\\/InformeLitoral\",\"https:\\\/\\\/www.instagram.com\\\/informelitoral\\\/\",\"https:\\\/\\\/www.youtube.com\\\/channel\\\/UCua4Qvz8Icb6MYqhoq9xLXw\"]},{\"@type\":\"Person\",\"@id\":\"https:\\\/\\\/informelitoral.com.ar\\\/#\\\/schema\\\/person\\\/f05f9f461677119578717524b127d6d5\",\"name\":\"Sebastian\",\"image\":{\"@type\":\"ImageObject\",\"inLanguage\":\"es\",\"@id\":\"https:\\\/\\\/secure.gravatar.com\\\/avatar\\\/b71bf7481d447dfb9583c7f2798e7cc64de6efb9067b74633ed8c31059a3bd82?s=96&d=mm&r=g\",\"url\":\"https:\\\/\\\/secure.gravatar.com\\\/avatar\\\/b71bf7481d447dfb9583c7f2798e7cc64de6efb9067b74633ed8c31059a3bd82?s=96&d=mm&r=g\",\"contentUrl\":\"https:\\\/\\\/secure.gravatar.com\\\/avatar\\\/b71bf7481d447dfb9583c7f2798e7cc64de6efb9067b74633ed8c31059a3bd82?s=96&d=mm&r=g\",\"caption\":\"Sebastian\"},\"url\":\"https:\\\/\\\/informelitoral.com.ar\\\/author\\\/sebastian\\\/\"}]}<\/script>","yoast_head_json":{"title":"Avanza la primera vacuna argentina contra el COVID-19 - Informe Litoral","robots":{"index":"index","follow":"follow","max-snippet":"max-snippet:-1","max-image-preview":"max-image-preview:large","max-video-preview":"max-video-preview:-1"},"canonical":"https:\/\/informelitoral.com.ar\/avanza-la-primera-vacuna-argentina-contra-el-covid-19\/","og_locale":"es_ES","og_type":"article","og_title":"Avanza la primera vacuna argentina contra el COVID-19 - Informe Litoral","og_description":"El proyecto llevado adelante por la Universidad Nacional de San Mart\u00edn y el Conicet ingres\u00f3 en la etapa de precl\u00ednica, el primer paso hacia el mercado.","og_url":"https:\/\/informelitoral.com.ar\/avanza-la-primera-vacuna-argentina-contra-el-covid-19\/","og_site_name":"Informe Litoral","article_publisher":"https:\/\/www.facebook.com\/informelitoral\/","article_published_time":"2020-06-23T01:56:39+00:00","article_modified_time":"2020-06-23T10:07:46+00:00","og_image":[{"width":810,"height":450,"url":"https:\/\/informelitoral.com.ar\/%77%70%2d%63%6f%6e%74%65%6e%74\/uploads\/2020\/06\/cyta_portada.jpg_1956802537.jpg","type":"image\/jpeg"}],"author":"Sebastian","twitter_card":"summary_large_image","twitter_creator":"@InformeLitoral","twitter_site":"@InformeLitoral","twitter_misc":{"Escrito por":"Sebastian","Tiempo de lectura":"2 minutos"},"schema":{"@context":"https:\/\/schema.org","@graph":[{"@type":"Article","@id":"https:\/\/informelitoral.com.ar\/avanza-la-primera-vacuna-argentina-contra-el-covid-19\/#article","isPartOf":{"@id":"https:\/\/informelitoral.com.ar\/avanza-la-primera-vacuna-argentina-contra-el-covid-19\/"},"author":{"name":"Sebastian","@id":"https:\/\/informelitoral.com.ar\/#\/schema\/person\/f05f9f461677119578717524b127d6d5"},"headline":"Avanza la primera vacuna argentina contra el COVID-19","datePublished":"2020-06-23T01:56:39+00:00","dateModified":"2020-06-23T10:07:46+00:00","mainEntityOfPage":{"@id":"https:\/\/informelitoral.com.ar\/avanza-la-primera-vacuna-argentina-contra-el-covid-19\/"},"wordCount":356,"commentCount":0,"publisher":{"@id":"https:\/\/informelitoral.com.ar\/#organization"},"image":{"@id":"https:\/\/informelitoral.com.ar\/avanza-la-primera-vacuna-argentina-contra-el-covid-19\/#primaryimage"},"thumbnailUrl":"https:\/\/informelitoral.com.ar\/%77%70%2d%63%6f%6e%74%65%6e%74\/uploads\/2020\/06\/cyta_portada.jpg_1956802537.jpg","keywords":["Argentina","Coronavirus","Pandemia","vacuna"],"articleSection":["Nacionales","Noticias"],"inLanguage":"es","potentialAction":[{"@type":"CommentAction","name":"Comment","target":["https:\/\/informelitoral.com.ar\/avanza-la-primera-vacuna-argentina-contra-el-covid-19\/#respond"]}]},{"@type":"WebPage","@id":"https:\/\/informelitoral.com.ar\/avanza-la-primera-vacuna-argentina-contra-el-covid-19\/","url":"https:\/\/informelitoral.com.ar\/avanza-la-primera-vacuna-argentina-contra-el-covid-19\/","name":"Avanza la primera vacuna argentina contra el COVID-19 - Informe Litoral","isPartOf":{"@id":"https:\/\/informelitoral.com.ar\/#website"},"primaryImageOfPage":{"@id":"https:\/\/informelitoral.com.ar\/avanza-la-primera-vacuna-argentina-contra-el-covid-19\/#primaryimage"},"image":{"@id":"https:\/\/informelitoral.com.ar\/avanza-la-primera-vacuna-argentina-contra-el-covid-19\/#primaryimage"},"thumbnailUrl":"https:\/\/informelitoral.com.ar\/%77%70%2d%63%6f%6e%74%65%6e%74\/uploads\/2020\/06\/cyta_portada.jpg_1956802537.jpg","datePublished":"2020-06-23T01:56:39+00:00","dateModified":"2020-06-23T10:07:46+00:00","breadcrumb":{"@id":"https:\/\/informelitoral.com.ar\/avanza-la-primera-vacuna-argentina-contra-el-covid-19\/#breadcrumb"},"inLanguage":"es","potentialAction":[{"@type":"ReadAction","target":["https:\/\/informelitoral.com.ar\/avanza-la-primera-vacuna-argentina-contra-el-covid-19\/"]}]},{"@type":"ImageObject","inLanguage":"es","@id":"https:\/\/informelitoral.com.ar\/avanza-la-primera-vacuna-argentina-contra-el-covid-19\/#primaryimage","url":"https:\/\/informelitoral.com.ar\/%77%70%2d%63%6f%6e%74%65%6e%74\/uploads\/2020\/06\/cyta_portada.jpg_1956802537.jpg","contentUrl":"https:\/\/informelitoral.com.ar\/%77%70%2d%63%6f%6e%74%65%6e%74\/uploads\/2020\/06\/cyta_portada.jpg_1956802537.jpg","width":810,"height":450},{"@type":"BreadcrumbList","@id":"https:\/\/informelitoral.com.ar\/avanza-la-primera-vacuna-argentina-contra-el-covid-19\/#breadcrumb","itemListElement":[{"@type":"ListItem","position":1,"name":"Portada","item":"https:\/\/informelitoral.com.ar\/"},{"@type":"ListItem","position":2,"name":"Avanza la primera vacuna argentina contra el COVID-19"}]},{"@type":"WebSite","@id":"https:\/\/informelitoral.com.ar\/#website","url":"https:\/\/informelitoral.com.ar\/","name":"Informe Litoral","description":"&quot;Nos informamos&quot; ","publisher":{"@id":"https:\/\/informelitoral.com.ar\/#organization"},"potentialAction":[{"@type":"SearchAction","target":{"@type":"EntryPoint","urlTemplate":"https:\/\/informelitoral.com.ar\/?s={search_term_string}"},"query-input":{"@type":"PropertyValueSpecification","valueRequired":true,"valueName":"search_term_string"}}],"inLanguage":"es"},{"@type":"Organization","@id":"https:\/\/informelitoral.com.ar\/#organization","name":"Informe Litoral","url":"https:\/\/informelitoral.com.ar\/","logo":{"@type":"ImageObject","inLanguage":"es","@id":"https:\/\/informelitoral.com.ar\/#\/schema\/logo\/image\/","url":"https:\/\/informelitoral.com.ar\/%77%70%2d%63%6f%6e%74%65%6e%74\/uploads\/2021\/01\/circulo.png","contentUrl":"https:\/\/informelitoral.com.ar\/%77%70%2d%63%6f%6e%74%65%6e%74\/uploads\/2021\/01\/circulo.png","width":723,"height":731,"caption":"Informe Litoral"},"image":{"@id":"https:\/\/informelitoral.com.ar\/#\/schema\/logo\/image\/"},"sameAs":["https:\/\/www.facebook.com\/informelitoral\/","https:\/\/x.com\/InformeLitoral","https:\/\/www.instagram.com\/informelitoral\/","https:\/\/www.youtube.com\/channel\/UCua4Qvz8Icb6MYqhoq9xLXw"]},{"@type":"Person","@id":"https:\/\/informelitoral.com.ar\/#\/schema\/person\/f05f9f461677119578717524b127d6d5","name":"Sebastian","image":{"@type":"ImageObject","inLanguage":"es","@id":"https:\/\/secure.gravatar.com\/avatar\/b71bf7481d447dfb9583c7f2798e7cc64de6efb9067b74633ed8c31059a3bd82?s=96&d=mm&r=g","url":"https:\/\/secure.gravatar.com\/avatar\/b71bf7481d447dfb9583c7f2798e7cc64de6efb9067b74633ed8c31059a3bd82?s=96&d=mm&r=g","contentUrl":"https:\/\/secure.gravatar.com\/avatar\/b71bf7481d447dfb9583c7f2798e7cc64de6efb9067b74633ed8c31059a3bd82?s=96&d=mm&r=g","caption":"Sebastian"},"url":"https:\/\/informelitoral.com.ar\/author\/sebastian\/"}]}},"_links":{"self":[{"href":"https:\/\/informelitoral.com.ar\/%77%70%2d%6a%73%6f%6e\/wp\/v2\/posts\/44724","targetHints":{"allow":["GET"]}}],"collection":[{"href":"https:\/\/informelitoral.com.ar\/%77%70%2d%6a%73%6f%6e\/wp\/v2\/posts"}],"about":[{"href":"https:\/\/informelitoral.com.ar\/%77%70%2d%6a%73%6f%6e\/wp\/v2\/types\/post"}],"author":[{"embeddable":true,"href":"https:\/\/informelitoral.com.ar\/%77%70%2d%6a%73%6f%6e\/wp\/v2\/users\/8"}],"replies":[{"embeddable":true,"href":"https:\/\/informelitoral.com.ar\/%77%70%2d%6a%73%6f%6e\/wp\/v2\/comments?post=44724"}],"version-history":[{"count":0,"href":"https:\/\/informelitoral.com.ar\/%77%70%2d%6a%73%6f%6e\/wp\/v2\/posts\/44724\/revisions"}],"wp:featuredmedia":[{"embeddable":true,"href":"https:\/\/informelitoral.com.ar\/%77%70%2d%6a%73%6f%6e\/wp\/v2\/media\/44726"}],"wp:attachment":[{"href":"https:\/\/informelitoral.com.ar\/%77%70%2d%6a%73%6f%6e\/wp\/v2\/media?parent=44724"}],"wp:term":[{"taxonomy":"category","embeddable":true,"href":"https:\/\/informelitoral.com.ar\/%77%70%2d%6a%73%6f%6e\/wp\/v2\/categories?post=44724"},{"taxonomy":"post_tag","embeddable":true,"href":"https:\/\/informelitoral.com.ar\/%77%70%2d%6a%73%6f%6e\/wp\/v2\/tags?post=44724"}],"curies":[{"name":"wp","href":"https:\/\/api.w.org\/{rel}","templated":true}]}}