{"id":4462,"date":"2013-11-27T10:14:22","date_gmt":"2013-11-27T13:14:22","guid":{"rendered":"http:\/\/www.isletasnoticias.com.ar\/?p=4462"},"modified":"2013-11-27T10:14:22","modified_gmt":"2013-11-27T13:14:22","slug":"la-alianza-ramirense-despidio-el-ano-con-una-cena-y-baile","status":"publish","type":"post","link":"https:\/\/informelitoral.com.ar\/la-alianza-ramirense-despidio-el-ano-con-una-cena-y-baile\/","title":{"rendered":"La Alianza Ramirense despidi\u00f3 el a\u00f1o con una cena y baile"},"content":{"rendered":"<p style=\"text-align: left;\"><strong>El evento se realiz\u00f3 en el CPM y participaron unas 700 personas. Adem\u00e1s de los dirigentes locales, estuvieron presentes la diputada nacional <em>Hilma Re<\/em> y su par provincial <em>Jorge Monge<\/em>. En la oportunidad dejaron en claro que \u00absomos el equipo que quiere transformar Ram\u00edrez\u00bb.\u00a0La\u00a0noche<strong>\u00a0culmin\u00f3 con un baile con el Grupo Contramano.<\/strong><\/strong><\/p>\n<p><strong style=\"text-align: center;\"><a href=\"http:\/\/www.isletasnoticias.com.ar\/%77%70%2d%63%6f%6e%74%65%6e%74\/uploads\/2013\/11\/Foto-2.jpg\"><img loading=\"lazy\" decoding=\"async\" class=\"size-medium wp-image-4463 aligncenter\" title=\"Seg\u00fan los organizadores, habr\u00edan participado unas 700 personas.\" alt=\"Foto 2\" src=\"http:\/\/www.isletasnoticias.com.ar\/%77%70%2d%63%6f%6e%74%65%6e%74\/uploads\/2013\/11\/Foto-2-300x168.jpg\" width=\"300\" height=\"168\" srcset=\"https:\/\/informelitoral.com.ar\/%77%70%2d%63%6f%6e%74%65%6e%74\/uploads\/2013\/11\/Foto-2-300x168.jpg 300w, https:\/\/informelitoral.com.ar\/%77%70%2d%63%6f%6e%74%65%6e%74\/uploads\/2013\/11\/Foto-2.jpg 960w\" sizes=\"auto, (max-width: 300px) 100vw, 300px\" \/><\/a><\/strong><\/p>\n<p style=\"text-align: left;\">El domingo 24 de noviembre por la noche, la Alianza Ramirense realiz\u00f3 la tradicional Cena de Fin de A\u00f1o en el Gimnasio del Centro Polideportivo Municipal.<\/p>\n<p>Seg\u00fan informaron los organizadores a <em><strong>ISLETAS NOTICIAS<\/strong><\/em>, \u201cel evento convoc\u00f3 aproximadamente a 700 personas y durante la velada disertaron referentes pol\u00edticos como <b>Jorge Monge<\/b> e <b>Hilma Re<\/b> (ambos diputados a nivel provincial y nacional respectivamente) y luego hicieron lo suyo representantes locales como <b>Pablo Omarini<\/b>, presidente de la comisi\u00f3n de la Alianza Ramirense; <b>Jos\u00e9 Elizalde<\/b>, vicepresidente y <b>Roberto Riffel<\/b>, presidente del Bloque de Concejales.<\/p>\n<p>La fiesta continu\u00f3 con la entrega de los \u201cPremios Ruli\u201d que consistieron en distinciones graciosas a aquellas personas que acompa\u00f1aron durante el a\u00f1o a la Alianza Ramirense, mientras los invitados disfrutaron del men\u00fa compuesto por chorizos, ensalada de repollo, papas, carne al horno y tortas como postre. Adem\u00e1s se sortearon cuatro canastas navide\u00f1as y como broche de oro actu\u00f3 el grupo musical Contramano.<\/p>\n<p>La Alianza Ramirense agradece a todos los que colaboraron para que el festejo sea posible, a los conductores <b>Leandro Brumatti<\/b> y <b>Juan Carlos Erbes<\/b> y en especial a los asistentes.\u00a0 El dirigente <b>Pablo Omarini<\/b>, expres\u00f3: \u201cA base de trabajo consciente, constante y planificado hemos perforado el \u201cmiedo a la libertad\u201d sembrado durante tantos a\u00f1os. Hoy compartir, hablar de pol\u00edtica y divertirnos se ha vuelto una sana costumbre para nosotros. Somos el equipo que quiere transformar Ram\u00edrez, y sue\u00f1a con una ciudad diferente\u201d, coment\u00f3.<\/p>\n<p><strong>La queja de un fot\u00f3grafo<\/strong><\/p>\n<p>Si bien<strong> Miguel &#8216;Polako&#8217; Cobalski,<\/strong> no es fot\u00f3grafo profesional, es reconocido en Ram\u00edrez por cubrir la mayor\u00eda de los eventos sociales con su c\u00e1mara y luego subir las im\u00e1genes registradas a su cuenta en Facebook. Adem\u00e1s se atribuye ser un informante de medios provinciales.<\/p>\n<p>Sin embargo, en el evento de la Alianza Ramirense, no le habr\u00edan permitido tomar fotos, por lo que se quej\u00f3 en la mencionada red social, al publicar: \u00absi ustedes no ven fotos de la popular cena realizada el domingo 24 en el Polideportivo, es simplemente porque no me dejaron sacar fotos para no herir a nadie. Aclaro esto porque me preguntaron por mis fotos y no las ten\u00eda. Tambi\u00e9n aclaro que hab\u00eda m\u00e1s de 100 c\u00e1maras y alguna filmadora, s\u00f3lo a mi c\u00e1mara no se le permiti\u00f3 tomar escenas de lo ocurrido\u00bb, escribi\u00f3 \u00b4Polako\u00b4, quien asegur\u00f3 que es la primera vez que le pas\u00f3.<\/p>\n","protected":false},"excerpt":{"rendered":"<p>El evento se realiz&oacute; en el CPM y participaron unas 700 personas. Adem&aacute;s de los dirigentes locales, estuvieron presentes la diputada nacional Hilma Re y su par provincial Jorge Monge. En la oportunidad dejaron en claro que &laquo;somos el equipo que quiere transformar Ram&iacute;rez&raquo;.&nbsp;La&nbsp;noche&nbsp;culmin&oacute; con un baile con el Grupo Contramano. El domingo 24 de [&hellip;]<\/p>\n","protected":false},"author":2,"featured_media":0,"comment_status":"open","ping_status":"open","sticky":false,"template":"","format":"standard","meta":{"fifu_image_url":"","fifu_image_alt":"","footnotes":""},"categories":[5,16],"tags":[],"class_list":{"0":"post-4462","1":"post","2":"type-post","3":"status-publish","4":"format-standard","6":"category-zonales","7":"category-politi"},"yoast_head":"<title>La Alianza Ramirense despidi\u00f3 el a\u00f1o con una cena y baile - Informe Litoral<\/title>\n<meta name=\"robots\" content=\"index, follow, max-snippet:-1, max-image-preview:large, max-video-preview:-1\" \/>\n<link rel=\"canonical\" href=\"https:\/\/informelitoral.com.ar\/la-alianza-ramirense-despidio-el-ano-con-una-cena-y-baile\/\" \/>\n<meta property=\"og:locale\" content=\"es_ES\" \/>\n<meta property=\"og:type\" content=\"article\" \/>\n<meta property=\"og:title\" content=\"La Alianza Ramirense despidi\u00f3 el a\u00f1o con una cena y baile - Informe Litoral\" \/>\n<meta property=\"og:description\" content=\"El evento se realiz&oacute; en el CPM y participaron unas 700 personas. Adem&aacute;s de los dirigentes locales, estuvieron presentes la diputada nacional Hilma Re y su par provincial Jorge Monge. En la oportunidad dejaron en claro que &laquo;somos el equipo que quiere transformar Ram&iacute;rez&raquo;.&nbsp;La&nbsp;noche&nbsp;culmin&oacute; con un baile con el Grupo Contramano. El domingo 24 de [&hellip;]\" \/>\n<meta property=\"og:url\" content=\"https:\/\/informelitoral.com.ar\/la-alianza-ramirense-despidio-el-ano-con-una-cena-y-baile\/\" \/>\n<meta property=\"og:site_name\" content=\"Informe Litoral\" \/>\n<meta property=\"article:publisher\" content=\"https:\/\/www.facebook.com\/informelitoral\/\" \/>\n<meta property=\"article:published_time\" content=\"2013-11-27T13:14:22+00:00\" \/>\n<meta property=\"og:image\" content=\"https:\/\/informelitoral.com.ar\/%77%70%2d%63%6f%6e%74%65%6e%74\/uploads\/2013\/11\/Foto-2.jpg\" \/>\n\t<meta property=\"og:image:width\" content=\"960\" \/>\n\t<meta property=\"og:image:height\" content=\"540\" \/>\n\t<meta property=\"og:image:type\" content=\"image\/jpeg\" \/>\n<meta name=\"author\" content=\"Gonzalo Schmidt\" \/>\n<meta name=\"twitter:card\" content=\"summary_large_image\" \/>\n<meta name=\"twitter:creator\" content=\"@InformeLitoral\" \/>\n<meta name=\"twitter:site\" content=\"@InformeLitoral\" \/>\n<meta name=\"twitter:label1\" content=\"Escrito por\" \/>\n\t<meta name=\"twitter:data1\" content=\"Gonzalo Schmidt\" \/>\n\t<meta name=\"twitter:label2\" content=\"Tiempo de lectura\" \/>\n\t<meta name=\"twitter:data2\" content=\"2 minutos\" \/>\n<script type=\"application\/ld+json\" class=\"yoast-schema-graph\">{\"@context\":\"https:\\\/\\\/schema.org\",\"@graph\":[{\"@type\":\"Article\",\"@id\":\"https:\\\/\\\/informelitoral.com.ar\\\/la-alianza-ramirense-despidio-el-ano-con-una-cena-y-baile\\\/#article\",\"isPartOf\":{\"@id\":\"https:\\\/\\\/informelitoral.com.ar\\\/la-alianza-ramirense-despidio-el-ano-con-una-cena-y-baile\\\/\"},\"author\":{\"name\":\"Gonzalo Schmidt\",\"@id\":\"https:\\\/\\\/informelitoral.com.ar\\\/#\\\/schema\\\/person\\\/b9d00407c836482871ef1d57bf8e3180\"},\"headline\":\"La Alianza Ramirense despidi\u00f3 el a\u00f1o con una cena y baile\",\"datePublished\":\"2013-11-27T13:14:22+00:00\",\"mainEntityOfPage\":{\"@id\":\"https:\\\/\\\/informelitoral.com.ar\\\/la-alianza-ramirense-despidio-el-ano-con-una-cena-y-baile\\\/\"},\"wordCount\":479,\"commentCount\":0,\"publisher\":{\"@id\":\"https:\\\/\\\/informelitoral.com.ar\\\/#organization\"},\"image\":{\"@id\":\"https:\\\/\\\/informelitoral.com.ar\\\/la-alianza-ramirense-despidio-el-ano-con-una-cena-y-baile\\\/#primaryimage\"},\"thumbnailUrl\":\"http:\\\/\\\/www.isletasnoticias.com.ar\\\/%77%70%2d%63%6f%6e%74%65%6e%74\\\/uploads\\\/2013\\\/11\\\/Foto-2-300x168.jpg\",\"articleSection\":[\"Departamento Diamante\",\"Politica\"],\"inLanguage\":\"es\",\"potentialAction\":[{\"@type\":\"CommentAction\",\"name\":\"Comment\",\"target\":[\"https:\\\/\\\/informelitoral.com.ar\\\/la-alianza-ramirense-despidio-el-ano-con-una-cena-y-baile\\\/#respond\"]}]},{\"@type\":\"WebPage\",\"@id\":\"https:\\\/\\\/informelitoral.com.ar\\\/la-alianza-ramirense-despidio-el-ano-con-una-cena-y-baile\\\/\",\"url\":\"https:\\\/\\\/informelitoral.com.ar\\\/la-alianza-ramirense-despidio-el-ano-con-una-cena-y-baile\\\/\",\"name\":\"La Alianza Ramirense despidi\u00f3 el a\u00f1o con una cena y baile - Informe Litoral\",\"isPartOf\":{\"@id\":\"https:\\\/\\\/informelitoral.com.ar\\\/#website\"},\"primaryImageOfPage\":{\"@id\":\"https:\\\/\\\/informelitoral.com.ar\\\/la-alianza-ramirense-despidio-el-ano-con-una-cena-y-baile\\\/#primaryimage\"},\"image\":{\"@id\":\"https:\\\/\\\/informelitoral.com.ar\\\/la-alianza-ramirense-despidio-el-ano-con-una-cena-y-baile\\\/#primaryimage\"},\"thumbnailUrl\":\"http:\\\/\\\/www.isletasnoticias.com.ar\\\/%77%70%2d%63%6f%6e%74%65%6e%74\\\/uploads\\\/2013\\\/11\\\/Foto-2-300x168.jpg\",\"datePublished\":\"2013-11-27T13:14:22+00:00\",\"breadcrumb\":{\"@id\":\"https:\\\/\\\/informelitoral.com.ar\\\/la-alianza-ramirense-despidio-el-ano-con-una-cena-y-baile\\\/#breadcrumb\"},\"inLanguage\":\"es\",\"potentialAction\":[{\"@type\":\"ReadAction\",\"target\":[\"https:\\\/\\\/informelitoral.com.ar\\\/la-alianza-ramirense-despidio-el-ano-con-una-cena-y-baile\\\/\"]}]},{\"@type\":\"ImageObject\",\"inLanguage\":\"es\",\"@id\":\"https:\\\/\\\/informelitoral.com.ar\\\/la-alianza-ramirense-despidio-el-ano-con-una-cena-y-baile\\\/#primaryimage\",\"url\":\"http:\\\/\\\/www.isletasnoticias.com.ar\\\/%77%70%2d%63%6f%6e%74%65%6e%74\\\/uploads\\\/2013\\\/11\\\/Foto-2-300x168.jpg\",\"contentUrl\":\"http:\\\/\\\/www.isletasnoticias.com.ar\\\/%77%70%2d%63%6f%6e%74%65%6e%74\\\/uploads\\\/2013\\\/11\\\/Foto-2-300x168.jpg\"},{\"@type\":\"BreadcrumbList\",\"@id\":\"https:\\\/\\\/informelitoral.com.ar\\\/la-alianza-ramirense-despidio-el-ano-con-una-cena-y-baile\\\/#breadcrumb\",\"itemListElement\":[{\"@type\":\"ListItem\",\"position\":1,\"name\":\"Portada\",\"item\":\"https:\\\/\\\/informelitoral.com.ar\\\/\"},{\"@type\":\"ListItem\",\"position\":2,\"name\":\"La Alianza Ramirense despidi\u00f3 el a\u00f1o con una cena y baile\"}]},{\"@type\":\"WebSite\",\"@id\":\"https:\\\/\\\/informelitoral.com.ar\\\/#website\",\"url\":\"https:\\\/\\\/informelitoral.com.ar\\\/\",\"name\":\"Informe Litoral\",\"description\":\"&quot;Nos informamos&quot; \",\"publisher\":{\"@id\":\"https:\\\/\\\/informelitoral.com.ar\\\/#organization\"},\"potentialAction\":[{\"@type\":\"SearchAction\",\"target\":{\"@type\":\"EntryPoint\",\"urlTemplate\":\"https:\\\/\\\/informelitoral.com.ar\\\/?s={search_term_string}\"},\"query-input\":{\"@type\":\"PropertyValueSpecification\",\"valueRequired\":true,\"valueName\":\"search_term_string\"}}],\"inLanguage\":\"es\"},{\"@type\":\"Organization\",\"@id\":\"https:\\\/\\\/informelitoral.com.ar\\\/#organization\",\"name\":\"Informe Litoral\",\"url\":\"https:\\\/\\\/informelitoral.com.ar\\\/\",\"logo\":{\"@type\":\"ImageObject\",\"inLanguage\":\"es\",\"@id\":\"https:\\\/\\\/informelitoral.com.ar\\\/#\\\/schema\\\/logo\\\/image\\\/\",\"url\":\"https:\\\/\\\/informelitoral.com.ar\\\/%77%70%2d%63%6f%6e%74%65%6e%74\\\/uploads\\\/2021\\\/01\\\/circulo.png\",\"contentUrl\":\"https:\\\/\\\/informelitoral.com.ar\\\/%77%70%2d%63%6f%6e%74%65%6e%74\\\/uploads\\\/2021\\\/01\\\/circulo.png\",\"width\":723,\"height\":731,\"caption\":\"Informe Litoral\"},\"image\":{\"@id\":\"https:\\\/\\\/informelitoral.com.ar\\\/#\\\/schema\\\/logo\\\/image\\\/\"},\"sameAs\":[\"https:\\\/\\\/www.facebook.com\\\/informelitoral\\\/\",\"https:\\\/\\\/x.com\\\/InformeLitoral\",\"https:\\\/\\\/www.instagram.com\\\/informelitoral\\\/\",\"https:\\\/\\\/www.youtube.com\\\/channel\\\/UCua4Qvz8Icb6MYqhoq9xLXw\"]},{\"@type\":\"Person\",\"@id\":\"https:\\\/\\\/informelitoral.com.ar\\\/#\\\/schema\\\/person\\\/b9d00407c836482871ef1d57bf8e3180\",\"name\":\"Gonzalo Schmidt\",\"image\":{\"@type\":\"ImageObject\",\"inLanguage\":\"es\",\"@id\":\"https:\\\/\\\/secure.gravatar.com\\\/avatar\\\/31a1a7b66ff2de83bd0e9fd79d026630d2d99e55e8bfe501287647b4fd9743de?s=96&d=mm&r=g\",\"url\":\"https:\\\/\\\/secure.gravatar.com\\\/avatar\\\/31a1a7b66ff2de83bd0e9fd79d026630d2d99e55e8bfe501287647b4fd9743de?s=96&d=mm&r=g\",\"contentUrl\":\"https:\\\/\\\/secure.gravatar.com\\\/avatar\\\/31a1a7b66ff2de83bd0e9fd79d026630d2d99e55e8bfe501287647b4fd9743de?s=96&d=mm&r=g\",\"caption\":\"Gonzalo Schmidt\"},\"description\":\"Sitio web de noticias de la provincia de Entre R\u00edos, Argentina. Informaci\u00f3n y entretenimiento. Informe Litoral, nos informamos.\",\"sameAs\":[\"http:\\\/\\\/www.isletasnoticias.com.ar\"],\"url\":\"https:\\\/\\\/informelitoral.com.ar\\\/author\\\/gonzalo\\\/\"}]}<\/script>","yoast_head_json":{"title":"La Alianza Ramirense despidi\u00f3 el a\u00f1o con una cena y baile - Informe Litoral","robots":{"index":"index","follow":"follow","max-snippet":"max-snippet:-1","max-image-preview":"max-image-preview:large","max-video-preview":"max-video-preview:-1"},"canonical":"https:\/\/informelitoral.com.ar\/la-alianza-ramirense-despidio-el-ano-con-una-cena-y-baile\/","og_locale":"es_ES","og_type":"article","og_title":"La Alianza Ramirense despidi\u00f3 el a\u00f1o con una cena y baile - Informe Litoral","og_description":"El evento se realiz&oacute; en el CPM y participaron unas 700 personas. Adem&aacute;s de los dirigentes locales, estuvieron presentes la diputada nacional Hilma Re y su par provincial Jorge Monge. En la oportunidad dejaron en claro que &laquo;somos el equipo que quiere transformar Ram&iacute;rez&raquo;.&nbsp;La&nbsp;noche&nbsp;culmin&oacute; con un baile con el Grupo Contramano. El domingo 24 de [&hellip;]","og_url":"https:\/\/informelitoral.com.ar\/la-alianza-ramirense-despidio-el-ano-con-una-cena-y-baile\/","og_site_name":"Informe Litoral","article_publisher":"https:\/\/www.facebook.com\/informelitoral\/","article_published_time":"2013-11-27T13:14:22+00:00","og_image":[{"width":960,"height":540,"url":"https:\/\/informelitoral.com.ar\/%77%70%2d%63%6f%6e%74%65%6e%74\/uploads\/2013\/11\/Foto-2.jpg","type":"image\/jpeg"}],"author":"Gonzalo Schmidt","twitter_card":"summary_large_image","twitter_creator":"@InformeLitoral","twitter_site":"@InformeLitoral","twitter_misc":{"Escrito por":"Gonzalo Schmidt","Tiempo de lectura":"2 minutos"},"schema":{"@context":"https:\/\/schema.org","@graph":[{"@type":"Article","@id":"https:\/\/informelitoral.com.ar\/la-alianza-ramirense-despidio-el-ano-con-una-cena-y-baile\/#article","isPartOf":{"@id":"https:\/\/informelitoral.com.ar\/la-alianza-ramirense-despidio-el-ano-con-una-cena-y-baile\/"},"author":{"name":"Gonzalo Schmidt","@id":"https:\/\/informelitoral.com.ar\/#\/schema\/person\/b9d00407c836482871ef1d57bf8e3180"},"headline":"La Alianza Ramirense despidi\u00f3 el a\u00f1o con una cena y baile","datePublished":"2013-11-27T13:14:22+00:00","mainEntityOfPage":{"@id":"https:\/\/informelitoral.com.ar\/la-alianza-ramirense-despidio-el-ano-con-una-cena-y-baile\/"},"wordCount":479,"commentCount":0,"publisher":{"@id":"https:\/\/informelitoral.com.ar\/#organization"},"image":{"@id":"https:\/\/informelitoral.com.ar\/la-alianza-ramirense-despidio-el-ano-con-una-cena-y-baile\/#primaryimage"},"thumbnailUrl":"http:\/\/www.isletasnoticias.com.ar\/%77%70%2d%63%6f%6e%74%65%6e%74\/uploads\/2013\/11\/Foto-2-300x168.jpg","articleSection":["Departamento Diamante","Politica"],"inLanguage":"es","potentialAction":[{"@type":"CommentAction","name":"Comment","target":["https:\/\/informelitoral.com.ar\/la-alianza-ramirense-despidio-el-ano-con-una-cena-y-baile\/#respond"]}]},{"@type":"WebPage","@id":"https:\/\/informelitoral.com.ar\/la-alianza-ramirense-despidio-el-ano-con-una-cena-y-baile\/","url":"https:\/\/informelitoral.com.ar\/la-alianza-ramirense-despidio-el-ano-con-una-cena-y-baile\/","name":"La Alianza Ramirense despidi\u00f3 el a\u00f1o con una cena y baile - Informe Litoral","isPartOf":{"@id":"https:\/\/informelitoral.com.ar\/#website"},"primaryImageOfPage":{"@id":"https:\/\/informelitoral.com.ar\/la-alianza-ramirense-despidio-el-ano-con-una-cena-y-baile\/#primaryimage"},"image":{"@id":"https:\/\/informelitoral.com.ar\/la-alianza-ramirense-despidio-el-ano-con-una-cena-y-baile\/#primaryimage"},"thumbnailUrl":"http:\/\/www.isletasnoticias.com.ar\/%77%70%2d%63%6f%6e%74%65%6e%74\/uploads\/2013\/11\/Foto-2-300x168.jpg","datePublished":"2013-11-27T13:14:22+00:00","breadcrumb":{"@id":"https:\/\/informelitoral.com.ar\/la-alianza-ramirense-despidio-el-ano-con-una-cena-y-baile\/#breadcrumb"},"inLanguage":"es","potentialAction":[{"@type":"ReadAction","target":["https:\/\/informelitoral.com.ar\/la-alianza-ramirense-despidio-el-ano-con-una-cena-y-baile\/"]}]},{"@type":"ImageObject","inLanguage":"es","@id":"https:\/\/informelitoral.com.ar\/la-alianza-ramirense-despidio-el-ano-con-una-cena-y-baile\/#primaryimage","url":"http:\/\/www.isletasnoticias.com.ar\/%77%70%2d%63%6f%6e%74%65%6e%74\/uploads\/2013\/11\/Foto-2-300x168.jpg","contentUrl":"http:\/\/www.isletasnoticias.com.ar\/%77%70%2d%63%6f%6e%74%65%6e%74\/uploads\/2013\/11\/Foto-2-300x168.jpg"},{"@type":"BreadcrumbList","@id":"https:\/\/informelitoral.com.ar\/la-alianza-ramirense-despidio-el-ano-con-una-cena-y-baile\/#breadcrumb","itemListElement":[{"@type":"ListItem","position":1,"name":"Portada","item":"https:\/\/informelitoral.com.ar\/"},{"@type":"ListItem","position":2,"name":"La Alianza Ramirense despidi\u00f3 el a\u00f1o con una cena y baile"}]},{"@type":"WebSite","@id":"https:\/\/informelitoral.com.ar\/#website","url":"https:\/\/informelitoral.com.ar\/","name":"Informe Litoral","description":"&quot;Nos informamos&quot; ","publisher":{"@id":"https:\/\/informelitoral.com.ar\/#organization"},"potentialAction":[{"@type":"SearchAction","target":{"@type":"EntryPoint","urlTemplate":"https:\/\/informelitoral.com.ar\/?s={search_term_string}"},"query-input":{"@type":"PropertyValueSpecification","valueRequired":true,"valueName":"search_term_string"}}],"inLanguage":"es"},{"@type":"Organization","@id":"https:\/\/informelitoral.com.ar\/#organization","name":"Informe Litoral","url":"https:\/\/informelitoral.com.ar\/","logo":{"@type":"ImageObject","inLanguage":"es","@id":"https:\/\/informelitoral.com.ar\/#\/schema\/logo\/image\/","url":"https:\/\/informelitoral.com.ar\/%77%70%2d%63%6f%6e%74%65%6e%74\/uploads\/2021\/01\/circulo.png","contentUrl":"https:\/\/informelitoral.com.ar\/%77%70%2d%63%6f%6e%74%65%6e%74\/uploads\/2021\/01\/circulo.png","width":723,"height":731,"caption":"Informe Litoral"},"image":{"@id":"https:\/\/informelitoral.com.ar\/#\/schema\/logo\/image\/"},"sameAs":["https:\/\/www.facebook.com\/informelitoral\/","https:\/\/x.com\/InformeLitoral","https:\/\/www.instagram.com\/informelitoral\/","https:\/\/www.youtube.com\/channel\/UCua4Qvz8Icb6MYqhoq9xLXw"]},{"@type":"Person","@id":"https:\/\/informelitoral.com.ar\/#\/schema\/person\/b9d00407c836482871ef1d57bf8e3180","name":"Gonzalo Schmidt","image":{"@type":"ImageObject","inLanguage":"es","@id":"https:\/\/secure.gravatar.com\/avatar\/31a1a7b66ff2de83bd0e9fd79d026630d2d99e55e8bfe501287647b4fd9743de?s=96&d=mm&r=g","url":"https:\/\/secure.gravatar.com\/avatar\/31a1a7b66ff2de83bd0e9fd79d026630d2d99e55e8bfe501287647b4fd9743de?s=96&d=mm&r=g","contentUrl":"https:\/\/secure.gravatar.com\/avatar\/31a1a7b66ff2de83bd0e9fd79d026630d2d99e55e8bfe501287647b4fd9743de?s=96&d=mm&r=g","caption":"Gonzalo Schmidt"},"description":"Sitio web de noticias de la provincia de Entre R\u00edos, Argentina. Informaci\u00f3n y entretenimiento. Informe Litoral, nos informamos.","sameAs":["http:\/\/www.isletasnoticias.com.ar"],"url":"https:\/\/informelitoral.com.ar\/author\/gonzalo\/"}]}},"_links":{"self":[{"href":"https:\/\/informelitoral.com.ar\/%77%70%2d%6a%73%6f%6e\/wp\/v2\/posts\/4462","targetHints":{"allow":["GET"]}}],"collection":[{"href":"https:\/\/informelitoral.com.ar\/%77%70%2d%6a%73%6f%6e\/wp\/v2\/posts"}],"about":[{"href":"https:\/\/informelitoral.com.ar\/%77%70%2d%6a%73%6f%6e\/wp\/v2\/types\/post"}],"author":[{"embeddable":true,"href":"https:\/\/informelitoral.com.ar\/%77%70%2d%6a%73%6f%6e\/wp\/v2\/users\/2"}],"replies":[{"embeddable":true,"href":"https:\/\/informelitoral.com.ar\/%77%70%2d%6a%73%6f%6e\/wp\/v2\/comments?post=4462"}],"version-history":[{"count":0,"href":"https:\/\/informelitoral.com.ar\/%77%70%2d%6a%73%6f%6e\/wp\/v2\/posts\/4462\/revisions"}],"wp:attachment":[{"href":"https:\/\/informelitoral.com.ar\/%77%70%2d%6a%73%6f%6e\/wp\/v2\/media?parent=4462"}],"wp:term":[{"taxonomy":"category","embeddable":true,"href":"https:\/\/informelitoral.com.ar\/%77%70%2d%6a%73%6f%6e\/wp\/v2\/categories?post=4462"},{"taxonomy":"post_tag","embeddable":true,"href":"https:\/\/informelitoral.com.ar\/%77%70%2d%6a%73%6f%6e\/wp\/v2\/tags?post=4462"}],"curies":[{"name":"wp","href":"https:\/\/api.w.org\/{rel}","templated":true}]}}