{"id":44437,"date":"2020-06-16T12:54:57","date_gmt":"2020-06-16T15:54:57","guid":{"rendered":"https:\/\/www.isletasnoticias.com.ar\/?p=44437"},"modified":"2020-06-16T12:54:57","modified_gmt":"2020-06-16T15:54:57","slug":"bordet-realizara-una-denuncia-penal-por-los-incendios-del-delta","status":"publish","type":"post","link":"https:\/\/informelitoral.com.ar\/bordet-realizara-una-denuncia-penal-por-los-incendios-del-delta\/","title":{"rendered":"Bordet realizar\u00e1 una denuncia penal por los incendios del Delta"},"content":{"rendered":"<p>\u201cEstaremos presentando por estas horas una denuncia ante el juez federal con competencia penal, contra los autores o responsables de los incendios que se est\u00e1n produciendo en la zona de islas del departamento Victoria y que est\u00e1n produciendo da\u00f1o ambiental\u00bb, afirm\u00f3 el gobernador Bordet antes de agregar que la acci\u00f3n penal se suma a las acciones de prevenci\u00f3n que realiza la Polic\u00eda de Entre R\u00edos, y administrativas y log\u00edsticas, comprobando las infracciones a la Ley de Manejo del Fuego de la provincia, que lleva adelante la Secretar\u00eda de Ambiente.<\/p>\n<p><a href=\"https:\/\/www.isletasnoticias.com.ar\/%77%70%2d%63%6f%6e%74%65%6e%74\/uploads\/2020\/06\/x_1592249438.jpg\"><img loading=\"lazy\" decoding=\"async\" class=\"aligncenter wp-image-44439 size-large\" src=\"https:\/\/www.isletasnoticias.com.ar\/%77%70%2d%63%6f%6e%74%65%6e%74\/uploads\/2020\/06\/x_1592249438-1024x683.jpg\" alt=\"\" width=\"696\" height=\"464\" srcset=\"https:\/\/informelitoral.com.ar\/%77%70%2d%63%6f%6e%74%65%6e%74\/uploads\/2020\/06\/x_1592249438-1024x683.jpg 1024w, https:\/\/informelitoral.com.ar\/%77%70%2d%63%6f%6e%74%65%6e%74\/uploads\/2020\/06\/x_1592249438-300x200.jpg 300w, https:\/\/informelitoral.com.ar\/%77%70%2d%63%6f%6e%74%65%6e%74\/uploads\/2020\/06\/x_1592249438-768x512.jpg 768w, https:\/\/informelitoral.com.ar\/%77%70%2d%63%6f%6e%74%65%6e%74\/uploads\/2020\/06\/x_1592249438-1536x1024.jpg 1536w, https:\/\/informelitoral.com.ar\/%77%70%2d%63%6f%6e%74%65%6e%74\/uploads\/2020\/06\/x_1592249438-696x464.jpg 696w, https:\/\/informelitoral.com.ar\/%77%70%2d%63%6f%6e%74%65%6e%74\/uploads\/2020\/06\/x_1592249438-1068x712.jpg 1068w, https:\/\/informelitoral.com.ar\/%77%70%2d%63%6f%6e%74%65%6e%74\/uploads\/2020\/06\/x_1592249438-630x420.jpg 630w, https:\/\/informelitoral.com.ar\/%77%70%2d%63%6f%6e%74%65%6e%74\/uploads\/2020\/06\/x_1592249438.jpg 1920w\" sizes=\"auto, (max-width: 696px) 100vw, 696px\" \/><\/a>Al mismo tiempo, el gobernador Bordet est\u00e1 en contacto permanente con su par santafesino, Omar Perotti, con quien se vienen articulando medidas de control y acciones conjuntas para atender la situaci\u00f3n.<\/p>\n<p>En ese sentido, el fiscal de Estado, Julio Rodr\u00edguez Signes precis\u00f3: \u00abEntendemos que se est\u00e1 incurriendo en el incumplimiento del art\u00edculo 186 del C\u00f3digo Penal de la Argentina, donde se establece que el que causare incendio, explosi\u00f3n o inundaci\u00f3n ser\u00e1 reprimido con prisi\u00f3n de tres a 10 a\u00f1os, su hubiere peligro com\u00fan para los bienes. La misma pena para quien causare incendio o destrucci\u00f3n por cualquier otro medio. Y, respecto a dicho art\u00edculo, en los incisos 1 y 2, del C\u00f3digo Penal, tambi\u00e9n hay infracci\u00f3n porque se est\u00e1n quemando pastizales produciendo da\u00f1o ambiental y a la propiedad, poniendo en peligro la vida humana ya que el humo afecta el tr\u00e1nsito por las rutas aleda\u00f1as a la zona\u00bb.<\/p>\n<p>Ante los sucesos que son de p\u00fablico conocimiento, concretamente los incendios en esa zona, \u00abla provincia est\u00e1 agotando los recursos con los que cuenta para intentar prevenir esas conductas. A trav\u00e9s de la Polic\u00eda de la provincia se interviene mediante la Direcci\u00f3n de Delitos Rurales, espec\u00edficamente del \u00c1rea de Incendios Forestales, y con la colaboraci\u00f3n de las comisar\u00edas de la zona; y coordinaci\u00f3n y apoyo log\u00edstico del Sistema Nacional de Manejo del Fuego; el Plan Provincial de Manejo del Fuego, de la Secretar\u00eda de Ambiente, y Defensa Civil de Entre R\u00edos\u00bb, se\u00f1al\u00f3.<\/p>\n<p>En ese marco, y respecto a las actuaciones administrativas que se est\u00e1n desarrollando, el fiscal de Estado indic\u00f3 que \u00abeste domingo se labraron 12 actas de comprobaci\u00f3n de infracciones a la Ley N\u00ba 9868 de Manejo del Fuego de la provincia y hoy lunes se est\u00e1n labrando actas donde se localizan las zonas exacta donde est\u00e1 el foco \u00edgneo y luego se env\u00eda a Catastro para que nos proporciones la informaci\u00f3n dominial sobre los inmuebles y posteriormente se notifica a los propietarios de la multa correspondiente\u00bb.<\/p>\n<p>Y agreg\u00f3 que \u00abesta informaci\u00f3n recopilada por el gobierno provincial ser\u00e1 de suma utilidad para la investigaci\u00f3n de tipo penal de las infracciones, que ser\u00e1 presentada ante el juez federal con competencia penal. Es competencia federal porque hay un da\u00f1o al ambiente de las dos provincias, Entre R\u00edos y Santa Fe\u00bb. A su vez, se inform\u00f3 al juez que \u00ablas quemas sin autorizaci\u00f3n de la Secretar\u00eda de Ambiente est\u00e1n prohibidas, organismo que en los \u00faltimos meses no ha otorgado ninguna autorizaci\u00f3n, con lo cual todas las quemas producidas son ilegales\u00bb.<\/p>\n<p><a href=\"https:\/\/www.isletasnoticias.com.ar\/%77%70%2d%63%6f%6e%74%65%6e%74\/uploads\/2020\/06\/x_1592257826.jpg\"><img loading=\"lazy\" decoding=\"async\" class=\"aligncenter wp-image-44440 size-large\" src=\"https:\/\/www.isletasnoticias.com.ar\/%77%70%2d%63%6f%6e%74%65%6e%74\/uploads\/2020\/06\/x_1592257826-1024x683.jpg\" alt=\"\" width=\"696\" height=\"464\" srcset=\"https:\/\/informelitoral.com.ar\/%77%70%2d%63%6f%6e%74%65%6e%74\/uploads\/2020\/06\/x_1592257826-1024x683.jpg 1024w, https:\/\/informelitoral.com.ar\/%77%70%2d%63%6f%6e%74%65%6e%74\/uploads\/2020\/06\/x_1592257826-300x200.jpg 300w, https:\/\/informelitoral.com.ar\/%77%70%2d%63%6f%6e%74%65%6e%74\/uploads\/2020\/06\/x_1592257826-768x512.jpg 768w, https:\/\/informelitoral.com.ar\/%77%70%2d%63%6f%6e%74%65%6e%74\/uploads\/2020\/06\/x_1592257826-1536x1024.jpg 1536w, https:\/\/informelitoral.com.ar\/%77%70%2d%63%6f%6e%74%65%6e%74\/uploads\/2020\/06\/x_1592257826-696x464.jpg 696w, https:\/\/informelitoral.com.ar\/%77%70%2d%63%6f%6e%74%65%6e%74\/uploads\/2020\/06\/x_1592257826-1068x712.jpg 1068w, https:\/\/informelitoral.com.ar\/%77%70%2d%63%6f%6e%74%65%6e%74\/uploads\/2020\/06\/x_1592257826-630x420.jpg 630w, https:\/\/informelitoral.com.ar\/%77%70%2d%63%6f%6e%74%65%6e%74\/uploads\/2020\/06\/x_1592257826.jpg 1920w\" sizes=\"auto, (max-width: 696px) 100vw, 696px\" \/><\/a>Por todo ello, \u00abel gobernador Bordet, adem\u00e1s de la puesta en funcionamiento de los mecanismos preventivos y administrativos, cumple en realizar la correspondiente denuncia penal por la presunta infracci\u00f3n del c\u00f3digo 186 del C\u00f3digo Penal, sin perjuicio de que tambi\u00e9n se incurra en la violaci\u00f3n a la Ley General de Ambiente\u00bb, expres\u00f3 el fiscal de Estado.<\/p>\n<p><strong>Da\u00f1o ambiental<\/strong><\/p>\n<p>\u201cLos incendios en las islas nos preocupa y ocupa. El gobierno provincial se viene ocupando hace tiempo del tema, a trav\u00e9s de la Secretar\u00eda de Ambiente, de Defensa Civil y de la Polic\u00eda de Entre R\u00edos. Pero hay que decir que esto es consecuencia de un grupo de irresponsables que encienden el fuego en sus campos, sin autorizaci\u00f3n y sin medir las consecuencias que esto genera en el ambiente\u201d, afirm\u00f3 el ministro de Producci\u00f3n, Juan Jos\u00e9 Bahillo, quien agreg\u00f3 que el gobernador ha tomado la decisi\u00f3n de \u201cir a fondo para dar con los responsables\u201d.<\/p>\n<p>En tanto, el secretario de Ambiente, Mart\u00edn Barbieri, expres\u00f3 que \u201cdesde la provincia, y junto a Naci\u00f3n y Santa Fe, estamos haciendo un gran despliegue y log\u00edstica en toda la zona para combatir los incendios, con medios a\u00e9reos, terrestres y casi una centena de brigadistas\u201d, y coincidi\u00f3 en que esto sucede debido \u201cal accionar de irresponsables que realizan quemas sin permiso, da\u00f1ando el ecosistema\u201d.<\/p>\n<p><a href=\"https:\/\/www.isletasnoticias.com.ar\/%77%70%2d%63%6f%6e%74%65%6e%74\/uploads\/2020\/06\/x_1592249363.jpg\"><img loading=\"lazy\" decoding=\"async\" class=\"aligncenter wp-image-44441 size-large\" src=\"https:\/\/www.isletasnoticias.com.ar\/%77%70%2d%63%6f%6e%74%65%6e%74\/uploads\/2020\/06\/x_1592249363-1024x683.jpg\" alt=\"\" width=\"696\" height=\"464\" srcset=\"https:\/\/informelitoral.com.ar\/%77%70%2d%63%6f%6e%74%65%6e%74\/uploads\/2020\/06\/x_1592249363-1024x683.jpg 1024w, https:\/\/informelitoral.com.ar\/%77%70%2d%63%6f%6e%74%65%6e%74\/uploads\/2020\/06\/x_1592249363-300x200.jpg 300w, https:\/\/informelitoral.com.ar\/%77%70%2d%63%6f%6e%74%65%6e%74\/uploads\/2020\/06\/x_1592249363-768x512.jpg 768w, https:\/\/informelitoral.com.ar\/%77%70%2d%63%6f%6e%74%65%6e%74\/uploads\/2020\/06\/x_1592249363-1536x1024.jpg 1536w, https:\/\/informelitoral.com.ar\/%77%70%2d%63%6f%6e%74%65%6e%74\/uploads\/2020\/06\/x_1592249363-696x464.jpg 696w, https:\/\/informelitoral.com.ar\/%77%70%2d%63%6f%6e%74%65%6e%74\/uploads\/2020\/06\/x_1592249363-1068x712.jpg 1068w, https:\/\/informelitoral.com.ar\/%77%70%2d%63%6f%6e%74%65%6e%74\/uploads\/2020\/06\/x_1592249363-630x420.jpg 630w, https:\/\/informelitoral.com.ar\/%77%70%2d%63%6f%6e%74%65%6e%74\/uploads\/2020\/06\/x_1592249363.jpg 1920w\" sizes=\"auto, (max-width: 696px) 100vw, 696px\" \/><\/a>Luego, Barbieri agradeci\u00f3 especialmente a todo el personal que est\u00e1 prestando servicios en el lugar, del Plan Provincial de Manejo del Fuego, de Parques Nacionales, de Delitos Rurales de la Polic\u00eda de Entre R\u00edos, a los bomberos voluntarios de Santa Fe y Entre R\u00edos, y al personal de los municipios.<\/p>\n<p>Recorridas en lanchas, vuelos de patrullaje con el avi\u00f3n provisto por Naci\u00f3n y el helic\u00f3ptero de Prefectura, labrado de actas de infracci\u00f3n, campa\u00f1as de difusi\u00f3n, coordinaci\u00f3n con Defensa Civil y Brigada Forestal de la Polic\u00eda, son las principales acciones que viene desarrollando el gobierno entrerriano, articulando a su vez con la provincia de Santa Fe y el Sistema Nacional de Manejo del Fuego.<\/p>\n<p>Cabe recordar que, dada la situaci\u00f3n actual del territorio m\u00e1s la prolongada bajante del r\u00edo Paran\u00e1, y la escasez de lluvias, desde el Plan Provincial de Manejo del Fuego no se est\u00e1n emitiendo autorizaciones de quema para la zona.<\/p>\n","protected":false},"excerpt":{"rendered":"<p>El gobernador Gustavo Bordet confirm\u00f3 que denunciar\u00e1 penalmente a los responsables de los incendios en las islas del Delta. A las acciones preventivas y administrativas que viene desarrollando la provincia, a trav\u00e9s de la Polic\u00eda y la Secretar\u00eda de Ambiente, ahora se suma la acci\u00f3n penal.<\/p>\n","protected":false},"author":2,"featured_media":44438,"comment_status":"open","ping_status":"open","sticky":false,"template":"","format":"standard","meta":{"fifu_image_url":"","fifu_image_alt":"","footnotes":""},"categories":[16],"tags":[167,509,1536,1160],"class_list":{"0":"post-44437","1":"post","2":"type-post","3":"status-publish","4":"format-standard","5":"has-post-thumbnail","7":"category-politi","8":"tag-gustavo-bordet","9":"tag-incendio","10":"tag-islas-entrerrianas","11":"tag-quema-de-pastizales"},"yoast_head":"<title>Bordet realizar\u00e1 una denuncia penal por los incendios del Delta - Informe Litoral<\/title>\n<meta name=\"robots\" content=\"index, follow, max-snippet:-1, max-image-preview:large, max-video-preview:-1\" \/>\n<link rel=\"canonical\" href=\"https:\/\/informelitoral.com.ar\/bordet-realizara-una-denuncia-penal-por-los-incendios-del-delta\/\" \/>\n<meta property=\"og:locale\" content=\"es_ES\" \/>\n<meta property=\"og:type\" content=\"article\" \/>\n<meta property=\"og:title\" content=\"Bordet realizar\u00e1 una denuncia penal por los incendios del Delta - Informe Litoral\" \/>\n<meta property=\"og:description\" content=\"El gobernador Gustavo Bordet confirm\u00f3 que denunciar\u00e1 penalmente a los responsables de los incendios en las islas del Delta. A las acciones preventivas y administrativas que viene desarrollando la provincia, a trav\u00e9s de la Polic\u00eda y la Secretar\u00eda de Ambiente, ahora se suma la acci\u00f3n penal.\" \/>\n<meta property=\"og:url\" content=\"https:\/\/informelitoral.com.ar\/bordet-realizara-una-denuncia-penal-por-los-incendios-del-delta\/\" \/>\n<meta property=\"og:site_name\" content=\"Informe Litoral\" \/>\n<meta property=\"article:publisher\" content=\"https:\/\/www.facebook.com\/informelitoral\/\" \/>\n<meta property=\"article:published_time\" content=\"2020-06-16T15:54:57+00:00\" \/>\n<meta property=\"og:image\" content=\"https:\/\/informelitoral.com.ar\/%77%70%2d%63%6f%6e%74%65%6e%74\/uploads\/2020\/06\/x_1592249405.jpg\" \/>\n\t<meta property=\"og:image:width\" content=\"1920\" \/>\n\t<meta property=\"og:image:height\" content=\"1280\" \/>\n\t<meta property=\"og:image:type\" content=\"image\/jpeg\" \/>\n<meta name=\"author\" content=\"Gonzalo Schmidt\" \/>\n<meta name=\"twitter:card\" content=\"summary_large_image\" \/>\n<meta name=\"twitter:creator\" content=\"@InformeLitoral\" \/>\n<meta name=\"twitter:site\" content=\"@InformeLitoral\" \/>\n<meta name=\"twitter:label1\" content=\"Escrito por\" \/>\n\t<meta name=\"twitter:data1\" content=\"Gonzalo Schmidt\" \/>\n\t<meta name=\"twitter:label2\" content=\"Tiempo de lectura\" \/>\n\t<meta name=\"twitter:data2\" content=\"5 minutos\" \/>\n<script type=\"application\/ld+json\" class=\"yoast-schema-graph\">{\"@context\":\"https:\\\/\\\/schema.org\",\"@graph\":[{\"@type\":\"Article\",\"@id\":\"https:\\\/\\\/informelitoral.com.ar\\\/bordet-realizara-una-denuncia-penal-por-los-incendios-del-delta\\\/#article\",\"isPartOf\":{\"@id\":\"https:\\\/\\\/informelitoral.com.ar\\\/bordet-realizara-una-denuncia-penal-por-los-incendios-del-delta\\\/\"},\"author\":{\"name\":\"Gonzalo Schmidt\",\"@id\":\"https:\\\/\\\/informelitoral.com.ar\\\/#\\\/schema\\\/person\\\/b9d00407c836482871ef1d57bf8e3180\"},\"headline\":\"Bordet realizar\u00e1 una denuncia penal por los incendios del Delta\",\"datePublished\":\"2020-06-16T15:54:57+00:00\",\"mainEntityOfPage\":{\"@id\":\"https:\\\/\\\/informelitoral.com.ar\\\/bordet-realizara-una-denuncia-penal-por-los-incendios-del-delta\\\/\"},\"wordCount\":963,\"commentCount\":0,\"publisher\":{\"@id\":\"https:\\\/\\\/informelitoral.com.ar\\\/#organization\"},\"image\":{\"@id\":\"https:\\\/\\\/informelitoral.com.ar\\\/bordet-realizara-una-denuncia-penal-por-los-incendios-del-delta\\\/#primaryimage\"},\"thumbnailUrl\":\"https:\\\/\\\/informelitoral.com.ar\\\/%77%70%2d%63%6f%6e%74%65%6e%74\\\/uploads\\\/2020\\\/06\\\/x_1592249405.jpg\",\"keywords\":[\"Gustavo Bordet\",\"Incendio\",\"Islas entrerrianas\",\"Quema de pastizales\"],\"articleSection\":[\"Politica\"],\"inLanguage\":\"es\",\"potentialAction\":[{\"@type\":\"CommentAction\",\"name\":\"Comment\",\"target\":[\"https:\\\/\\\/informelitoral.com.ar\\\/bordet-realizara-una-denuncia-penal-por-los-incendios-del-delta\\\/#respond\"]}]},{\"@type\":\"WebPage\",\"@id\":\"https:\\\/\\\/informelitoral.com.ar\\\/bordet-realizara-una-denuncia-penal-por-los-incendios-del-delta\\\/\",\"url\":\"https:\\\/\\\/informelitoral.com.ar\\\/bordet-realizara-una-denuncia-penal-por-los-incendios-del-delta\\\/\",\"name\":\"Bordet realizar\u00e1 una denuncia penal por los incendios del Delta - Informe Litoral\",\"isPartOf\":{\"@id\":\"https:\\\/\\\/informelitoral.com.ar\\\/#website\"},\"primaryImageOfPage\":{\"@id\":\"https:\\\/\\\/informelitoral.com.ar\\\/bordet-realizara-una-denuncia-penal-por-los-incendios-del-delta\\\/#primaryimage\"},\"image\":{\"@id\":\"https:\\\/\\\/informelitoral.com.ar\\\/bordet-realizara-una-denuncia-penal-por-los-incendios-del-delta\\\/#primaryimage\"},\"thumbnailUrl\":\"https:\\\/\\\/informelitoral.com.ar\\\/%77%70%2d%63%6f%6e%74%65%6e%74\\\/uploads\\\/2020\\\/06\\\/x_1592249405.jpg\",\"datePublished\":\"2020-06-16T15:54:57+00:00\",\"breadcrumb\":{\"@id\":\"https:\\\/\\\/informelitoral.com.ar\\\/bordet-realizara-una-denuncia-penal-por-los-incendios-del-delta\\\/#breadcrumb\"},\"inLanguage\":\"es\",\"potentialAction\":[{\"@type\":\"ReadAction\",\"target\":[\"https:\\\/\\\/informelitoral.com.ar\\\/bordet-realizara-una-denuncia-penal-por-los-incendios-del-delta\\\/\"]}]},{\"@type\":\"ImageObject\",\"inLanguage\":\"es\",\"@id\":\"https:\\\/\\\/informelitoral.com.ar\\\/bordet-realizara-una-denuncia-penal-por-los-incendios-del-delta\\\/#primaryimage\",\"url\":\"https:\\\/\\\/informelitoral.com.ar\\\/%77%70%2d%63%6f%6e%74%65%6e%74\\\/uploads\\\/2020\\\/06\\\/x_1592249405.jpg\",\"contentUrl\":\"https:\\\/\\\/informelitoral.com.ar\\\/%77%70%2d%63%6f%6e%74%65%6e%74\\\/uploads\\\/2020\\\/06\\\/x_1592249405.jpg\",\"width\":1920,\"height\":1280},{\"@type\":\"BreadcrumbList\",\"@id\":\"https:\\\/\\\/informelitoral.com.ar\\\/bordet-realizara-una-denuncia-penal-por-los-incendios-del-delta\\\/#breadcrumb\",\"itemListElement\":[{\"@type\":\"ListItem\",\"position\":1,\"name\":\"Portada\",\"item\":\"https:\\\/\\\/informelitoral.com.ar\\\/\"},{\"@type\":\"ListItem\",\"position\":2,\"name\":\"Bordet realizar\u00e1 una denuncia penal por los incendios del Delta\"}]},{\"@type\":\"WebSite\",\"@id\":\"https:\\\/\\\/informelitoral.com.ar\\\/#website\",\"url\":\"https:\\\/\\\/informelitoral.com.ar\\\/\",\"name\":\"Informe Litoral\",\"description\":\"&quot;Nos informamos&quot; \",\"publisher\":{\"@id\":\"https:\\\/\\\/informelitoral.com.ar\\\/#organization\"},\"potentialAction\":[{\"@type\":\"SearchAction\",\"target\":{\"@type\":\"EntryPoint\",\"urlTemplate\":\"https:\\\/\\\/informelitoral.com.ar\\\/?s={search_term_string}\"},\"query-input\":{\"@type\":\"PropertyValueSpecification\",\"valueRequired\":true,\"valueName\":\"search_term_string\"}}],\"inLanguage\":\"es\"},{\"@type\":\"Organization\",\"@id\":\"https:\\\/\\\/informelitoral.com.ar\\\/#organization\",\"name\":\"Informe Litoral\",\"url\":\"https:\\\/\\\/informelitoral.com.ar\\\/\",\"logo\":{\"@type\":\"ImageObject\",\"inLanguage\":\"es\",\"@id\":\"https:\\\/\\\/informelitoral.com.ar\\\/#\\\/schema\\\/logo\\\/image\\\/\",\"url\":\"https:\\\/\\\/informelitoral.com.ar\\\/%77%70%2d%63%6f%6e%74%65%6e%74\\\/uploads\\\/2021\\\/01\\\/circulo.png\",\"contentUrl\":\"https:\\\/\\\/informelitoral.com.ar\\\/%77%70%2d%63%6f%6e%74%65%6e%74\\\/uploads\\\/2021\\\/01\\\/circulo.png\",\"width\":723,\"height\":731,\"caption\":\"Informe Litoral\"},\"image\":{\"@id\":\"https:\\\/\\\/informelitoral.com.ar\\\/#\\\/schema\\\/logo\\\/image\\\/\"},\"sameAs\":[\"https:\\\/\\\/www.facebook.com\\\/informelitoral\\\/\",\"https:\\\/\\\/x.com\\\/InformeLitoral\",\"https:\\\/\\\/www.instagram.com\\\/informelitoral\\\/\",\"https:\\\/\\\/www.youtube.com\\\/channel\\\/UCua4Qvz8Icb6MYqhoq9xLXw\"]},{\"@type\":\"Person\",\"@id\":\"https:\\\/\\\/informelitoral.com.ar\\\/#\\\/schema\\\/person\\\/b9d00407c836482871ef1d57bf8e3180\",\"name\":\"Gonzalo Schmidt\",\"image\":{\"@type\":\"ImageObject\",\"inLanguage\":\"es\",\"@id\":\"https:\\\/\\\/secure.gravatar.com\\\/avatar\\\/31a1a7b66ff2de83bd0e9fd79d026630d2d99e55e8bfe501287647b4fd9743de?s=96&d=mm&r=g\",\"url\":\"https:\\\/\\\/secure.gravatar.com\\\/avatar\\\/31a1a7b66ff2de83bd0e9fd79d026630d2d99e55e8bfe501287647b4fd9743de?s=96&d=mm&r=g\",\"contentUrl\":\"https:\\\/\\\/secure.gravatar.com\\\/avatar\\\/31a1a7b66ff2de83bd0e9fd79d026630d2d99e55e8bfe501287647b4fd9743de?s=96&d=mm&r=g\",\"caption\":\"Gonzalo Schmidt\"},\"description\":\"Sitio web de noticias de la provincia de Entre R\u00edos, Argentina. Informaci\u00f3n y entretenimiento. Informe Litoral, nos informamos.\",\"sameAs\":[\"http:\\\/\\\/www.isletasnoticias.com.ar\"],\"url\":\"https:\\\/\\\/informelitoral.com.ar\\\/author\\\/gonzalo\\\/\"}]}<\/script>","yoast_head_json":{"title":"Bordet realizar\u00e1 una denuncia penal por los incendios del Delta - Informe Litoral","robots":{"index":"index","follow":"follow","max-snippet":"max-snippet:-1","max-image-preview":"max-image-preview:large","max-video-preview":"max-video-preview:-1"},"canonical":"https:\/\/informelitoral.com.ar\/bordet-realizara-una-denuncia-penal-por-los-incendios-del-delta\/","og_locale":"es_ES","og_type":"article","og_title":"Bordet realizar\u00e1 una denuncia penal por los incendios del Delta - Informe Litoral","og_description":"El gobernador Gustavo Bordet confirm\u00f3 que denunciar\u00e1 penalmente a los responsables de los incendios en las islas del Delta. A las acciones preventivas y administrativas que viene desarrollando la provincia, a trav\u00e9s de la Polic\u00eda y la Secretar\u00eda de Ambiente, ahora se suma la acci\u00f3n penal.","og_url":"https:\/\/informelitoral.com.ar\/bordet-realizara-una-denuncia-penal-por-los-incendios-del-delta\/","og_site_name":"Informe Litoral","article_publisher":"https:\/\/www.facebook.com\/informelitoral\/","article_published_time":"2020-06-16T15:54:57+00:00","og_image":[{"width":1920,"height":1280,"url":"https:\/\/informelitoral.com.ar\/%77%70%2d%63%6f%6e%74%65%6e%74\/uploads\/2020\/06\/x_1592249405.jpg","type":"image\/jpeg"}],"author":"Gonzalo Schmidt","twitter_card":"summary_large_image","twitter_creator":"@InformeLitoral","twitter_site":"@InformeLitoral","twitter_misc":{"Escrito por":"Gonzalo Schmidt","Tiempo de lectura":"5 minutos"},"schema":{"@context":"https:\/\/schema.org","@graph":[{"@type":"Article","@id":"https:\/\/informelitoral.com.ar\/bordet-realizara-una-denuncia-penal-por-los-incendios-del-delta\/#article","isPartOf":{"@id":"https:\/\/informelitoral.com.ar\/bordet-realizara-una-denuncia-penal-por-los-incendios-del-delta\/"},"author":{"name":"Gonzalo Schmidt","@id":"https:\/\/informelitoral.com.ar\/#\/schema\/person\/b9d00407c836482871ef1d57bf8e3180"},"headline":"Bordet realizar\u00e1 una denuncia penal por los incendios del Delta","datePublished":"2020-06-16T15:54:57+00:00","mainEntityOfPage":{"@id":"https:\/\/informelitoral.com.ar\/bordet-realizara-una-denuncia-penal-por-los-incendios-del-delta\/"},"wordCount":963,"commentCount":0,"publisher":{"@id":"https:\/\/informelitoral.com.ar\/#organization"},"image":{"@id":"https:\/\/informelitoral.com.ar\/bordet-realizara-una-denuncia-penal-por-los-incendios-del-delta\/#primaryimage"},"thumbnailUrl":"https:\/\/informelitoral.com.ar\/%77%70%2d%63%6f%6e%74%65%6e%74\/uploads\/2020\/06\/x_1592249405.jpg","keywords":["Gustavo Bordet","Incendio","Islas entrerrianas","Quema de pastizales"],"articleSection":["Politica"],"inLanguage":"es","potentialAction":[{"@type":"CommentAction","name":"Comment","target":["https:\/\/informelitoral.com.ar\/bordet-realizara-una-denuncia-penal-por-los-incendios-del-delta\/#respond"]}]},{"@type":"WebPage","@id":"https:\/\/informelitoral.com.ar\/bordet-realizara-una-denuncia-penal-por-los-incendios-del-delta\/","url":"https:\/\/informelitoral.com.ar\/bordet-realizara-una-denuncia-penal-por-los-incendios-del-delta\/","name":"Bordet realizar\u00e1 una denuncia penal por los incendios del Delta - Informe Litoral","isPartOf":{"@id":"https:\/\/informelitoral.com.ar\/#website"},"primaryImageOfPage":{"@id":"https:\/\/informelitoral.com.ar\/bordet-realizara-una-denuncia-penal-por-los-incendios-del-delta\/#primaryimage"},"image":{"@id":"https:\/\/informelitoral.com.ar\/bordet-realizara-una-denuncia-penal-por-los-incendios-del-delta\/#primaryimage"},"thumbnailUrl":"https:\/\/informelitoral.com.ar\/%77%70%2d%63%6f%6e%74%65%6e%74\/uploads\/2020\/06\/x_1592249405.jpg","datePublished":"2020-06-16T15:54:57+00:00","breadcrumb":{"@id":"https:\/\/informelitoral.com.ar\/bordet-realizara-una-denuncia-penal-por-los-incendios-del-delta\/#breadcrumb"},"inLanguage":"es","potentialAction":[{"@type":"ReadAction","target":["https:\/\/informelitoral.com.ar\/bordet-realizara-una-denuncia-penal-por-los-incendios-del-delta\/"]}]},{"@type":"ImageObject","inLanguage":"es","@id":"https:\/\/informelitoral.com.ar\/bordet-realizara-una-denuncia-penal-por-los-incendios-del-delta\/#primaryimage","url":"https:\/\/informelitoral.com.ar\/%77%70%2d%63%6f%6e%74%65%6e%74\/uploads\/2020\/06\/x_1592249405.jpg","contentUrl":"https:\/\/informelitoral.com.ar\/%77%70%2d%63%6f%6e%74%65%6e%74\/uploads\/2020\/06\/x_1592249405.jpg","width":1920,"height":1280},{"@type":"BreadcrumbList","@id":"https:\/\/informelitoral.com.ar\/bordet-realizara-una-denuncia-penal-por-los-incendios-del-delta\/#breadcrumb","itemListElement":[{"@type":"ListItem","position":1,"name":"Portada","item":"https:\/\/informelitoral.com.ar\/"},{"@type":"ListItem","position":2,"name":"Bordet realizar\u00e1 una denuncia penal por los incendios del Delta"}]},{"@type":"WebSite","@id":"https:\/\/informelitoral.com.ar\/#website","url":"https:\/\/informelitoral.com.ar\/","name":"Informe Litoral","description":"&quot;Nos informamos&quot; ","publisher":{"@id":"https:\/\/informelitoral.com.ar\/#organization"},"potentialAction":[{"@type":"SearchAction","target":{"@type":"EntryPoint","urlTemplate":"https:\/\/informelitoral.com.ar\/?s={search_term_string}"},"query-input":{"@type":"PropertyValueSpecification","valueRequired":true,"valueName":"search_term_string"}}],"inLanguage":"es"},{"@type":"Organization","@id":"https:\/\/informelitoral.com.ar\/#organization","name":"Informe Litoral","url":"https:\/\/informelitoral.com.ar\/","logo":{"@type":"ImageObject","inLanguage":"es","@id":"https:\/\/informelitoral.com.ar\/#\/schema\/logo\/image\/","url":"https:\/\/informelitoral.com.ar\/%77%70%2d%63%6f%6e%74%65%6e%74\/uploads\/2021\/01\/circulo.png","contentUrl":"https:\/\/informelitoral.com.ar\/%77%70%2d%63%6f%6e%74%65%6e%74\/uploads\/2021\/01\/circulo.png","width":723,"height":731,"caption":"Informe Litoral"},"image":{"@id":"https:\/\/informelitoral.com.ar\/#\/schema\/logo\/image\/"},"sameAs":["https:\/\/www.facebook.com\/informelitoral\/","https:\/\/x.com\/InformeLitoral","https:\/\/www.instagram.com\/informelitoral\/","https:\/\/www.youtube.com\/channel\/UCua4Qvz8Icb6MYqhoq9xLXw"]},{"@type":"Person","@id":"https:\/\/informelitoral.com.ar\/#\/schema\/person\/b9d00407c836482871ef1d57bf8e3180","name":"Gonzalo Schmidt","image":{"@type":"ImageObject","inLanguage":"es","@id":"https:\/\/secure.gravatar.com\/avatar\/31a1a7b66ff2de83bd0e9fd79d026630d2d99e55e8bfe501287647b4fd9743de?s=96&d=mm&r=g","url":"https:\/\/secure.gravatar.com\/avatar\/31a1a7b66ff2de83bd0e9fd79d026630d2d99e55e8bfe501287647b4fd9743de?s=96&d=mm&r=g","contentUrl":"https:\/\/secure.gravatar.com\/avatar\/31a1a7b66ff2de83bd0e9fd79d026630d2d99e55e8bfe501287647b4fd9743de?s=96&d=mm&r=g","caption":"Gonzalo Schmidt"},"description":"Sitio web de noticias de la provincia de Entre R\u00edos, Argentina. Informaci\u00f3n y entretenimiento. Informe Litoral, nos informamos.","sameAs":["http:\/\/www.isletasnoticias.com.ar"],"url":"https:\/\/informelitoral.com.ar\/author\/gonzalo\/"}]}},"_links":{"self":[{"href":"https:\/\/informelitoral.com.ar\/%77%70%2d%6a%73%6f%6e\/wp\/v2\/posts\/44437","targetHints":{"allow":["GET"]}}],"collection":[{"href":"https:\/\/informelitoral.com.ar\/%77%70%2d%6a%73%6f%6e\/wp\/v2\/posts"}],"about":[{"href":"https:\/\/informelitoral.com.ar\/%77%70%2d%6a%73%6f%6e\/wp\/v2\/types\/post"}],"author":[{"embeddable":true,"href":"https:\/\/informelitoral.com.ar\/%77%70%2d%6a%73%6f%6e\/wp\/v2\/users\/2"}],"replies":[{"embeddable":true,"href":"https:\/\/informelitoral.com.ar\/%77%70%2d%6a%73%6f%6e\/wp\/v2\/comments?post=44437"}],"version-history":[{"count":0,"href":"https:\/\/informelitoral.com.ar\/%77%70%2d%6a%73%6f%6e\/wp\/v2\/posts\/44437\/revisions"}],"wp:featuredmedia":[{"embeddable":true,"href":"https:\/\/informelitoral.com.ar\/%77%70%2d%6a%73%6f%6e\/wp\/v2\/media\/44438"}],"wp:attachment":[{"href":"https:\/\/informelitoral.com.ar\/%77%70%2d%6a%73%6f%6e\/wp\/v2\/media?parent=44437"}],"wp:term":[{"taxonomy":"category","embeddable":true,"href":"https:\/\/informelitoral.com.ar\/%77%70%2d%6a%73%6f%6e\/wp\/v2\/categories?post=44437"},{"taxonomy":"post_tag","embeddable":true,"href":"https:\/\/informelitoral.com.ar\/%77%70%2d%6a%73%6f%6e\/wp\/v2\/tags?post=44437"}],"curies":[{"name":"wp","href":"https:\/\/api.w.org\/{rel}","templated":true}]}}