{"id":44336,"date":"2020-06-11T10:25:26","date_gmt":"2020-06-11T13:25:26","guid":{"rendered":"https:\/\/www.isletasnoticias.com.ar\/?p=44336"},"modified":"2020-06-11T10:35:01","modified_gmt":"2020-06-11T13:35:01","slug":"se-vienen-dos-feriados-en-los-proximos-dias","status":"publish","type":"post","link":"https:\/\/informelitoral.com.ar\/se-vienen-dos-feriados-en-los-proximos-dias\/","title":{"rendered":"Se vienen dos feriados en los pr\u00f3ximos d\u00edas"},"content":{"rendered":"<p><strong>El 17 se conmemora el D\u00eda del Paso a la Inmortalidad del General Mart\u00edn Miguel de G\u00fcemes<\/strong>. El feriado fue oficializado en 2016 durante la gesti\u00f3n de Mauricio Macri, pero\u00a0<strong>este a\u00f1o, se trasladar\u00e1 al lunes 15<\/strong>.<\/p>\n<p>Mart\u00edn Miguel de G\u00fcemes naci\u00f3 el 8 de febrero de 1785 en Salta, provincia de la que fuera gobernador durante seis a\u00f1os. Se destac\u00f3 en la guerra de la independencia y en las guerras civiles argentinas, librando la conocida Guerra Gaucha que mantuvo al territorio argentino libre de invasiones realistas.<\/p>\n<p>El 17 de junio de 1821 falleci\u00f3 como consecuencia de un balazo en la espalda que recibi\u00f3 mientras escapaba de los realistas.<\/p>\n<p>\u00abModif\u00edcase el decreto 1.584\/2010 e incorp\u00f3rase como feriado nacional y d\u00eda no laborable en todo el territorio de la Naci\u00f3n el 17 de junio de cada a\u00f1o, en conmemoraci\u00f3n al paso a la inmortalidad del General Don Mart\u00edn Miguel de G\u00fcemes\u00bb, precis\u00f3 en aquel entonces el decreto publicado en el Bolet\u00edn Oficial.<\/p>\n<p>Por otra parte,\u00a0<strong>el 20 de junio tambi\u00e9n ser\u00e1 feriado por el Paso a la Inmortalidad del General Manuel Belgrano. Cae s\u00e1bado dentro de la lista de feriados nacionales 2020 y es inamovible<\/strong>.<\/p>\n<p><strong>Para los empleados y empleadores<\/strong><br \/>\nEn estos dos d\u00edas, rigen las normas establecidas para los feriados nacionales, raz\u00f3n por la cual los establecimientos comerciales que decidan permanecer abiertos en las mencionadas fechas, podr\u00e1n hacerlo, teniendo en cuenta la aplicaci\u00f3n del art\u00edculo 166 de la Ley de Contrato de Trabajo. La misma indica que \u00ab<strong>en caso de que el trabajador preste servicios en estos d\u00edas, cobrar\u00e1 la remuneraci\u00f3n normal de los d\u00edas laborables m\u00e1s una cantidad igual (pago doble)<\/strong>. El trabajador que opte por no asistir, cobrar\u00e1 su remuneraci\u00f3n normal sin recargo\u00bb.<\/p>\n<p><strong>Los dos feriados<\/strong><br \/>\n15 de Junio \u2013 se trata de un Feriado Nacional trasladable, que remite a lo acontecido un 17 de junio, fecha en que se conmemora el paso a la inmortalidad del General Mart\u00edn Miguel de G\u00fcemes.<\/p>\n<p>20 de Junio- Feriado Nacional Inamovible, en conmemoraci\u00f3n al paso a la Inmortalidad del General Manuel Belgrano. En su homenaje se instaur\u00f3 como D\u00eda de la Bandera.<\/p>\n","protected":false},"excerpt":{"rendered":"<p>El lunes 15 y el s\u00e1bado 20 de junio son feriados. Qu\u00e9 alcances tienen para los trabajadores.<\/p>\n","protected":false},"author":2,"featured_media":24986,"comment_status":"open","ping_status":"open","sticky":false,"template":"","format":"standard","meta":{"fifu_image_url":"","fifu_image_alt":"","footnotes":""},"categories":[7,9],"tags":[491],"class_list":{"0":"post-44336","1":"post","2":"type-post","3":"status-publish","4":"format-standard","5":"has-post-thumbnail","7":"category-nacionales","8":"category-sociedad","9":"tag-feriado"},"yoast_head":"<title>Se vienen dos feriados en los pr\u00f3ximos d\u00edas - Informe Litoral<\/title>\n<meta name=\"robots\" content=\"index, follow, max-snippet:-1, max-image-preview:large, max-video-preview:-1\" \/>\n<link rel=\"canonical\" href=\"https:\/\/informelitoral.com.ar\/se-vienen-dos-feriados-en-los-proximos-dias\/\" \/>\n<meta property=\"og:locale\" content=\"es_ES\" \/>\n<meta property=\"og:type\" content=\"article\" \/>\n<meta property=\"og:title\" content=\"Se vienen dos feriados en los pr\u00f3ximos d\u00edas - Informe Litoral\" \/>\n<meta property=\"og:description\" content=\"El lunes 15 y el s\u00e1bado 20 de junio son feriados. Qu\u00e9 alcances tienen para los trabajadores.\" \/>\n<meta property=\"og:url\" content=\"https:\/\/informelitoral.com.ar\/se-vienen-dos-feriados-en-los-proximos-dias\/\" \/>\n<meta property=\"og:site_name\" content=\"Informe Litoral\" \/>\n<meta property=\"article:publisher\" content=\"https:\/\/www.facebook.com\/informelitoral\/\" \/>\n<meta property=\"article:published_time\" content=\"2020-06-11T13:25:26+00:00\" \/>\n<meta property=\"article:modified_time\" content=\"2020-06-11T13:35:01+00:00\" \/>\n<meta property=\"og:image\" content=\"https:\/\/informelitoral.com.ar\/%77%70%2d%63%6f%6e%74%65%6e%74\/uploads\/2018\/02\/feriados.jpg\" \/>\n\t<meta property=\"og:image:width\" content=\"642\" \/>\n\t<meta property=\"og:image:height\" content=\"415\" \/>\n\t<meta property=\"og:image:type\" content=\"image\/jpeg\" \/>\n<meta name=\"author\" content=\"Gonzalo Schmidt\" \/>\n<meta name=\"twitter:card\" content=\"summary_large_image\" \/>\n<meta name=\"twitter:creator\" content=\"@InformeLitoral\" \/>\n<meta name=\"twitter:site\" content=\"@InformeLitoral\" \/>\n<meta name=\"twitter:label1\" content=\"Escrito por\" \/>\n\t<meta name=\"twitter:data1\" content=\"Gonzalo Schmidt\" \/>\n\t<meta name=\"twitter:label2\" content=\"Tiempo de lectura\" \/>\n\t<meta name=\"twitter:data2\" content=\"2 minutos\" \/>\n<script type=\"application\/ld+json\" class=\"yoast-schema-graph\">{\"@context\":\"https:\\\/\\\/schema.org\",\"@graph\":[{\"@type\":\"Article\",\"@id\":\"https:\\\/\\\/informelitoral.com.ar\\\/se-vienen-dos-feriados-en-los-proximos-dias\\\/#article\",\"isPartOf\":{\"@id\":\"https:\\\/\\\/informelitoral.com.ar\\\/se-vienen-dos-feriados-en-los-proximos-dias\\\/\"},\"author\":{\"name\":\"Gonzalo Schmidt\",\"@id\":\"https:\\\/\\\/informelitoral.com.ar\\\/#\\\/schema\\\/person\\\/b9d00407c836482871ef1d57bf8e3180\"},\"headline\":\"Se vienen dos feriados en los pr\u00f3ximos d\u00edas\",\"datePublished\":\"2020-06-11T13:25:26+00:00\",\"dateModified\":\"2020-06-11T13:35:01+00:00\",\"mainEntityOfPage\":{\"@id\":\"https:\\\/\\\/informelitoral.com.ar\\\/se-vienen-dos-feriados-en-los-proximos-dias\\\/\"},\"wordCount\":378,\"commentCount\":0,\"publisher\":{\"@id\":\"https:\\\/\\\/informelitoral.com.ar\\\/#organization\"},\"image\":{\"@id\":\"https:\\\/\\\/informelitoral.com.ar\\\/se-vienen-dos-feriados-en-los-proximos-dias\\\/#primaryimage\"},\"thumbnailUrl\":\"https:\\\/\\\/informelitoral.com.ar\\\/%77%70%2d%63%6f%6e%74%65%6e%74\\\/uploads\\\/2018\\\/02\\\/feriados.jpg\",\"keywords\":[\"Feriado\"],\"articleSection\":[\"Nacionales\",\"Sociedad\"],\"inLanguage\":\"es\",\"potentialAction\":[{\"@type\":\"CommentAction\",\"name\":\"Comment\",\"target\":[\"https:\\\/\\\/informelitoral.com.ar\\\/se-vienen-dos-feriados-en-los-proximos-dias\\\/#respond\"]}]},{\"@type\":\"WebPage\",\"@id\":\"https:\\\/\\\/informelitoral.com.ar\\\/se-vienen-dos-feriados-en-los-proximos-dias\\\/\",\"url\":\"https:\\\/\\\/informelitoral.com.ar\\\/se-vienen-dos-feriados-en-los-proximos-dias\\\/\",\"name\":\"Se vienen dos feriados en los pr\u00f3ximos d\u00edas - Informe Litoral\",\"isPartOf\":{\"@id\":\"https:\\\/\\\/informelitoral.com.ar\\\/#website\"},\"primaryImageOfPage\":{\"@id\":\"https:\\\/\\\/informelitoral.com.ar\\\/se-vienen-dos-feriados-en-los-proximos-dias\\\/#primaryimage\"},\"image\":{\"@id\":\"https:\\\/\\\/informelitoral.com.ar\\\/se-vienen-dos-feriados-en-los-proximos-dias\\\/#primaryimage\"},\"thumbnailUrl\":\"https:\\\/\\\/informelitoral.com.ar\\\/%77%70%2d%63%6f%6e%74%65%6e%74\\\/uploads\\\/2018\\\/02\\\/feriados.jpg\",\"datePublished\":\"2020-06-11T13:25:26+00:00\",\"dateModified\":\"2020-06-11T13:35:01+00:00\",\"breadcrumb\":{\"@id\":\"https:\\\/\\\/informelitoral.com.ar\\\/se-vienen-dos-feriados-en-los-proximos-dias\\\/#breadcrumb\"},\"inLanguage\":\"es\",\"potentialAction\":[{\"@type\":\"ReadAction\",\"target\":[\"https:\\\/\\\/informelitoral.com.ar\\\/se-vienen-dos-feriados-en-los-proximos-dias\\\/\"]}]},{\"@type\":\"ImageObject\",\"inLanguage\":\"es\",\"@id\":\"https:\\\/\\\/informelitoral.com.ar\\\/se-vienen-dos-feriados-en-los-proximos-dias\\\/#primaryimage\",\"url\":\"https:\\\/\\\/informelitoral.com.ar\\\/%77%70%2d%63%6f%6e%74%65%6e%74\\\/uploads\\\/2018\\\/02\\\/feriados.jpg\",\"contentUrl\":\"https:\\\/\\\/informelitoral.com.ar\\\/%77%70%2d%63%6f%6e%74%65%6e%74\\\/uploads\\\/2018\\\/02\\\/feriados.jpg\",\"width\":642,\"height\":415},{\"@type\":\"BreadcrumbList\",\"@id\":\"https:\\\/\\\/informelitoral.com.ar\\\/se-vienen-dos-feriados-en-los-proximos-dias\\\/#breadcrumb\",\"itemListElement\":[{\"@type\":\"ListItem\",\"position\":1,\"name\":\"Portada\",\"item\":\"https:\\\/\\\/informelitoral.com.ar\\\/\"},{\"@type\":\"ListItem\",\"position\":2,\"name\":\"Se vienen dos feriados en los pr\u00f3ximos d\u00edas\"}]},{\"@type\":\"WebSite\",\"@id\":\"https:\\\/\\\/informelitoral.com.ar\\\/#website\",\"url\":\"https:\\\/\\\/informelitoral.com.ar\\\/\",\"name\":\"Informe Litoral\",\"description\":\"&quot;Nos informamos&quot; \",\"publisher\":{\"@id\":\"https:\\\/\\\/informelitoral.com.ar\\\/#organization\"},\"potentialAction\":[{\"@type\":\"SearchAction\",\"target\":{\"@type\":\"EntryPoint\",\"urlTemplate\":\"https:\\\/\\\/informelitoral.com.ar\\\/?s={search_term_string}\"},\"query-input\":{\"@type\":\"PropertyValueSpecification\",\"valueRequired\":true,\"valueName\":\"search_term_string\"}}],\"inLanguage\":\"es\"},{\"@type\":\"Organization\",\"@id\":\"https:\\\/\\\/informelitoral.com.ar\\\/#organization\",\"name\":\"Informe Litoral\",\"url\":\"https:\\\/\\\/informelitoral.com.ar\\\/\",\"logo\":{\"@type\":\"ImageObject\",\"inLanguage\":\"es\",\"@id\":\"https:\\\/\\\/informelitoral.com.ar\\\/#\\\/schema\\\/logo\\\/image\\\/\",\"url\":\"https:\\\/\\\/informelitoral.com.ar\\\/%77%70%2d%63%6f%6e%74%65%6e%74\\\/uploads\\\/2021\\\/01\\\/circulo.png\",\"contentUrl\":\"https:\\\/\\\/informelitoral.com.ar\\\/%77%70%2d%63%6f%6e%74%65%6e%74\\\/uploads\\\/2021\\\/01\\\/circulo.png\",\"width\":723,\"height\":731,\"caption\":\"Informe Litoral\"},\"image\":{\"@id\":\"https:\\\/\\\/informelitoral.com.ar\\\/#\\\/schema\\\/logo\\\/image\\\/\"},\"sameAs\":[\"https:\\\/\\\/www.facebook.com\\\/informelitoral\\\/\",\"https:\\\/\\\/x.com\\\/InformeLitoral\",\"https:\\\/\\\/www.instagram.com\\\/informelitoral\\\/\",\"https:\\\/\\\/www.youtube.com\\\/channel\\\/UCua4Qvz8Icb6MYqhoq9xLXw\"]},{\"@type\":\"Person\",\"@id\":\"https:\\\/\\\/informelitoral.com.ar\\\/#\\\/schema\\\/person\\\/b9d00407c836482871ef1d57bf8e3180\",\"name\":\"Gonzalo Schmidt\",\"image\":{\"@type\":\"ImageObject\",\"inLanguage\":\"es\",\"@id\":\"https:\\\/\\\/secure.gravatar.com\\\/avatar\\\/31a1a7b66ff2de83bd0e9fd79d026630d2d99e55e8bfe501287647b4fd9743de?s=96&d=mm&r=g\",\"url\":\"https:\\\/\\\/secure.gravatar.com\\\/avatar\\\/31a1a7b66ff2de83bd0e9fd79d026630d2d99e55e8bfe501287647b4fd9743de?s=96&d=mm&r=g\",\"contentUrl\":\"https:\\\/\\\/secure.gravatar.com\\\/avatar\\\/31a1a7b66ff2de83bd0e9fd79d026630d2d99e55e8bfe501287647b4fd9743de?s=96&d=mm&r=g\",\"caption\":\"Gonzalo Schmidt\"},\"description\":\"Sitio web de noticias de la provincia de Entre R\u00edos, Argentina. Informaci\u00f3n y entretenimiento. Informe Litoral, nos informamos.\",\"sameAs\":[\"http:\\\/\\\/www.isletasnoticias.com.ar\"],\"url\":\"https:\\\/\\\/informelitoral.com.ar\\\/author\\\/gonzalo\\\/\"}]}<\/script>","yoast_head_json":{"title":"Se vienen dos feriados en los pr\u00f3ximos d\u00edas - Informe Litoral","robots":{"index":"index","follow":"follow","max-snippet":"max-snippet:-1","max-image-preview":"max-image-preview:large","max-video-preview":"max-video-preview:-1"},"canonical":"https:\/\/informelitoral.com.ar\/se-vienen-dos-feriados-en-los-proximos-dias\/","og_locale":"es_ES","og_type":"article","og_title":"Se vienen dos feriados en los pr\u00f3ximos d\u00edas - Informe Litoral","og_description":"El lunes 15 y el s\u00e1bado 20 de junio son feriados. Qu\u00e9 alcances tienen para los trabajadores.","og_url":"https:\/\/informelitoral.com.ar\/se-vienen-dos-feriados-en-los-proximos-dias\/","og_site_name":"Informe Litoral","article_publisher":"https:\/\/www.facebook.com\/informelitoral\/","article_published_time":"2020-06-11T13:25:26+00:00","article_modified_time":"2020-06-11T13:35:01+00:00","og_image":[{"width":642,"height":415,"url":"https:\/\/informelitoral.com.ar\/%77%70%2d%63%6f%6e%74%65%6e%74\/uploads\/2018\/02\/feriados.jpg","type":"image\/jpeg"}],"author":"Gonzalo Schmidt","twitter_card":"summary_large_image","twitter_creator":"@InformeLitoral","twitter_site":"@InformeLitoral","twitter_misc":{"Escrito por":"Gonzalo Schmidt","Tiempo de lectura":"2 minutos"},"schema":{"@context":"https:\/\/schema.org","@graph":[{"@type":"Article","@id":"https:\/\/informelitoral.com.ar\/se-vienen-dos-feriados-en-los-proximos-dias\/#article","isPartOf":{"@id":"https:\/\/informelitoral.com.ar\/se-vienen-dos-feriados-en-los-proximos-dias\/"},"author":{"name":"Gonzalo Schmidt","@id":"https:\/\/informelitoral.com.ar\/#\/schema\/person\/b9d00407c836482871ef1d57bf8e3180"},"headline":"Se vienen dos feriados en los pr\u00f3ximos d\u00edas","datePublished":"2020-06-11T13:25:26+00:00","dateModified":"2020-06-11T13:35:01+00:00","mainEntityOfPage":{"@id":"https:\/\/informelitoral.com.ar\/se-vienen-dos-feriados-en-los-proximos-dias\/"},"wordCount":378,"commentCount":0,"publisher":{"@id":"https:\/\/informelitoral.com.ar\/#organization"},"image":{"@id":"https:\/\/informelitoral.com.ar\/se-vienen-dos-feriados-en-los-proximos-dias\/#primaryimage"},"thumbnailUrl":"https:\/\/informelitoral.com.ar\/%77%70%2d%63%6f%6e%74%65%6e%74\/uploads\/2018\/02\/feriados.jpg","keywords":["Feriado"],"articleSection":["Nacionales","Sociedad"],"inLanguage":"es","potentialAction":[{"@type":"CommentAction","name":"Comment","target":["https:\/\/informelitoral.com.ar\/se-vienen-dos-feriados-en-los-proximos-dias\/#respond"]}]},{"@type":"WebPage","@id":"https:\/\/informelitoral.com.ar\/se-vienen-dos-feriados-en-los-proximos-dias\/","url":"https:\/\/informelitoral.com.ar\/se-vienen-dos-feriados-en-los-proximos-dias\/","name":"Se vienen dos feriados en los pr\u00f3ximos d\u00edas - Informe Litoral","isPartOf":{"@id":"https:\/\/informelitoral.com.ar\/#website"},"primaryImageOfPage":{"@id":"https:\/\/informelitoral.com.ar\/se-vienen-dos-feriados-en-los-proximos-dias\/#primaryimage"},"image":{"@id":"https:\/\/informelitoral.com.ar\/se-vienen-dos-feriados-en-los-proximos-dias\/#primaryimage"},"thumbnailUrl":"https:\/\/informelitoral.com.ar\/%77%70%2d%63%6f%6e%74%65%6e%74\/uploads\/2018\/02\/feriados.jpg","datePublished":"2020-06-11T13:25:26+00:00","dateModified":"2020-06-11T13:35:01+00:00","breadcrumb":{"@id":"https:\/\/informelitoral.com.ar\/se-vienen-dos-feriados-en-los-proximos-dias\/#breadcrumb"},"inLanguage":"es","potentialAction":[{"@type":"ReadAction","target":["https:\/\/informelitoral.com.ar\/se-vienen-dos-feriados-en-los-proximos-dias\/"]}]},{"@type":"ImageObject","inLanguage":"es","@id":"https:\/\/informelitoral.com.ar\/se-vienen-dos-feriados-en-los-proximos-dias\/#primaryimage","url":"https:\/\/informelitoral.com.ar\/%77%70%2d%63%6f%6e%74%65%6e%74\/uploads\/2018\/02\/feriados.jpg","contentUrl":"https:\/\/informelitoral.com.ar\/%77%70%2d%63%6f%6e%74%65%6e%74\/uploads\/2018\/02\/feriados.jpg","width":642,"height":415},{"@type":"BreadcrumbList","@id":"https:\/\/informelitoral.com.ar\/se-vienen-dos-feriados-en-los-proximos-dias\/#breadcrumb","itemListElement":[{"@type":"ListItem","position":1,"name":"Portada","item":"https:\/\/informelitoral.com.ar\/"},{"@type":"ListItem","position":2,"name":"Se vienen dos feriados en los pr\u00f3ximos d\u00edas"}]},{"@type":"WebSite","@id":"https:\/\/informelitoral.com.ar\/#website","url":"https:\/\/informelitoral.com.ar\/","name":"Informe Litoral","description":"&quot;Nos informamos&quot; ","publisher":{"@id":"https:\/\/informelitoral.com.ar\/#organization"},"potentialAction":[{"@type":"SearchAction","target":{"@type":"EntryPoint","urlTemplate":"https:\/\/informelitoral.com.ar\/?s={search_term_string}"},"query-input":{"@type":"PropertyValueSpecification","valueRequired":true,"valueName":"search_term_string"}}],"inLanguage":"es"},{"@type":"Organization","@id":"https:\/\/informelitoral.com.ar\/#organization","name":"Informe Litoral","url":"https:\/\/informelitoral.com.ar\/","logo":{"@type":"ImageObject","inLanguage":"es","@id":"https:\/\/informelitoral.com.ar\/#\/schema\/logo\/image\/","url":"https:\/\/informelitoral.com.ar\/%77%70%2d%63%6f%6e%74%65%6e%74\/uploads\/2021\/01\/circulo.png","contentUrl":"https:\/\/informelitoral.com.ar\/%77%70%2d%63%6f%6e%74%65%6e%74\/uploads\/2021\/01\/circulo.png","width":723,"height":731,"caption":"Informe Litoral"},"image":{"@id":"https:\/\/informelitoral.com.ar\/#\/schema\/logo\/image\/"},"sameAs":["https:\/\/www.facebook.com\/informelitoral\/","https:\/\/x.com\/InformeLitoral","https:\/\/www.instagram.com\/informelitoral\/","https:\/\/www.youtube.com\/channel\/UCua4Qvz8Icb6MYqhoq9xLXw"]},{"@type":"Person","@id":"https:\/\/informelitoral.com.ar\/#\/schema\/person\/b9d00407c836482871ef1d57bf8e3180","name":"Gonzalo Schmidt","image":{"@type":"ImageObject","inLanguage":"es","@id":"https:\/\/secure.gravatar.com\/avatar\/31a1a7b66ff2de83bd0e9fd79d026630d2d99e55e8bfe501287647b4fd9743de?s=96&d=mm&r=g","url":"https:\/\/secure.gravatar.com\/avatar\/31a1a7b66ff2de83bd0e9fd79d026630d2d99e55e8bfe501287647b4fd9743de?s=96&d=mm&r=g","contentUrl":"https:\/\/secure.gravatar.com\/avatar\/31a1a7b66ff2de83bd0e9fd79d026630d2d99e55e8bfe501287647b4fd9743de?s=96&d=mm&r=g","caption":"Gonzalo Schmidt"},"description":"Sitio web de noticias de la provincia de Entre R\u00edos, Argentina. Informaci\u00f3n y entretenimiento. Informe Litoral, nos informamos.","sameAs":["http:\/\/www.isletasnoticias.com.ar"],"url":"https:\/\/informelitoral.com.ar\/author\/gonzalo\/"}]}},"_links":{"self":[{"href":"https:\/\/informelitoral.com.ar\/%77%70%2d%6a%73%6f%6e\/wp\/v2\/posts\/44336","targetHints":{"allow":["GET"]}}],"collection":[{"href":"https:\/\/informelitoral.com.ar\/%77%70%2d%6a%73%6f%6e\/wp\/v2\/posts"}],"about":[{"href":"https:\/\/informelitoral.com.ar\/%77%70%2d%6a%73%6f%6e\/wp\/v2\/types\/post"}],"author":[{"embeddable":true,"href":"https:\/\/informelitoral.com.ar\/%77%70%2d%6a%73%6f%6e\/wp\/v2\/users\/2"}],"replies":[{"embeddable":true,"href":"https:\/\/informelitoral.com.ar\/%77%70%2d%6a%73%6f%6e\/wp\/v2\/comments?post=44336"}],"version-history":[{"count":0,"href":"https:\/\/informelitoral.com.ar\/%77%70%2d%6a%73%6f%6e\/wp\/v2\/posts\/44336\/revisions"}],"wp:featuredmedia":[{"embeddable":true,"href":"https:\/\/informelitoral.com.ar\/%77%70%2d%6a%73%6f%6e\/wp\/v2\/media\/24986"}],"wp:attachment":[{"href":"https:\/\/informelitoral.com.ar\/%77%70%2d%6a%73%6f%6e\/wp\/v2\/media?parent=44336"}],"wp:term":[{"taxonomy":"category","embeddable":true,"href":"https:\/\/informelitoral.com.ar\/%77%70%2d%6a%73%6f%6e\/wp\/v2\/categories?post=44336"},{"taxonomy":"post_tag","embeddable":true,"href":"https:\/\/informelitoral.com.ar\/%77%70%2d%6a%73%6f%6e\/wp\/v2\/tags?post=44336"}],"curies":[{"name":"wp","href":"https:\/\/api.w.org\/{rel}","templated":true}]}}