{"id":44330,"date":"2020-06-11T07:45:25","date_gmt":"2020-06-11T10:45:25","guid":{"rendered":"https:\/\/www.isletasnoticias.com.ar\/?p=44330"},"modified":"2020-06-11T07:45:25","modified_gmt":"2020-06-11T10:45:25","slug":"alberto-fernandez-podria-dar-marcha-atras-con-la-expropiacion-de-vicentin","status":"publish","type":"post","link":"https:\/\/informelitoral.com.ar\/alberto-fernandez-podria-dar-marcha-atras-con-la-expropiacion-de-vicentin\/","title":{"rendered":"Alberto Fern\u00e1ndez podr\u00eda dar marcha atr\u00e1s con la expropiaci\u00f3n de Vicentin"},"content":{"rendered":"<div class=\"row pb-content-type-text\">\n<div class=\"col-xs-12 col-print-12\">\n<p class=\"element element-paragraph\"><b>Alberto Fern\u00e1ndez ya medita acerca de la conveniencia pol\u00edtica de sancionar una ley &#8211; o no- que disponga la expropiaci\u00f3n inmediata de la empresa Vicentin,<\/b>\u00a0en concurso de acreedores por su compleja situaci\u00f3n financiera y econ\u00f3mica. Se trata de una iniciativa redactada en soledad por Mat\u00edas Kulfas, ministro de Desarrollo Productivo, y empujada por Cristina Fern\u00e1ndez de Kirchner, La C\u00e1mpora, y los movimientos sociales cercanos a Juan Grabois.<\/p>\n<\/div>\n<\/div>\n<div class=\"row pb-content-type-text\">\n<div class=\"col-xs-12 col-print-12\">\n<p class=\"element element-paragraph\">El Presidente hizo una evaluaci\u00f3n acerca de los costos y los beneficios pol\u00edticos que puede determinar esta abrupta cruzada expropiadora, y\u00a0<b>anoche no se descartaba en Olivos que s\u00f3lo se mantenga por 60 d\u00edas la intervenci\u00f3n administrativa encargada a Gabriel Delgado<\/b>, un reconocido experto en Econom\u00eda Agraria y Finanzas Rurales con estudios doctorales en Francia.<\/p>\n<\/div>\n<\/div>\n<div class=\"row pb-content-type-text\">\n<div class=\"col-xs-12 col-print-12\">\n<p class=\"element element-paragraph\">Alberto Fern\u00e1ndez sorprendi\u00f3 con el sesgo expropiador del Decreto de Necesidad y Urgencia (DNI) y el proyecto de ley redactado en la\u00a0<i>intelligentzia<\/i>\u00a0de la C\u00e1mpora, que\u00a0<mark class=\"hl_yellow\">desde hace semanas insiste con ocupar la conducci\u00f3n de Vicentin bajo argumentos geopol\u00edticos vinculados a la supuesta soberan\u00eda alimentaria.<\/mark><\/p>\n<\/div>\n<\/div>\n<div class=\"row pb-content-type-text\">\n<div class=\"col-xs-12 col-print-12\">\n<p class=\"element element-paragraph\">Hasta ese momento, el jefe de Estado hab\u00eda defendido una versi\u00f3n humanitaria del capitalismo y descartado la apropiaci\u00f3n de las empresas que recibieron ayuda p\u00fablica.\u00a0<b>Alberto Fern\u00e1ndez siempre fue cr\u00edtico de la compra oficial de YPF y de la opaca ayuda crediticia a Sancor,<\/b> dos proyectos que tuvieron la impronta de la Vicepresidente de la Naci\u00f3n.<\/p>\n<p class=\"element element-paragraph\">Santiago Cafiero, Gustavo Beliz y Sergio Massa, por citar ciertas figuras con peso pol\u00edtico e institucional que sab\u00edan del<i>\u00a0Proyecto Vicentin<\/i>,\u00a0<mark class=\"hl_yellow\">fruncieron la nariz sin disimulo cuando el Presidente anunci\u00f3 su decisi\u00f3n de intervenir y expropiar la empresa con deudas reconocidas por 1.350 millones de d\u00f3lares.<\/mark><\/p>\n<\/div>\n<\/div>\n<div class=\"row pb-content-type-text\">\n<div class=\"col-xs-12 col-print-12\">\n<p class=\"element element-paragraph\"><b>\u201cAlberto (Fern\u00e1ndez) ven\u00eda embalado, y nunca pensamos que ahora estar\u00edamos pagando este costo pol\u00edtico\u201d,<\/b>\u00a0confi\u00f3 un habitu\u00e9 de Olivos que conoce todos los detalles de esta iniciativa legal que se llev\u00f3\u00a0<i>marcada<\/i>\u00a0desde la C\u00e1mara de Senadores a la quinta presidencial.<\/p>\n<\/div>\n<\/div>\n<div class=\"row pb-content-type-text\">\n<div class=\"col-xs-12 col-print-12\">\n<p class=\"element element-paragraph\"><mark class=\"hl_yellow\">La definici\u00f3n de costo pol\u00edtico implica la enumeraci\u00f3n de una sucesi\u00f3n de hechos que sorprendieron al jefe de Estado:<\/mark><\/p>\n<\/div>\n<\/div>\n<div class=\"row pb-content-type-text\">\n<div class=\"col-xs-12 col-print-12\">\n<p class=\"element element-paragraph\"><b>1.\u00a0<\/b>El rechazo expl\u00edcito de Roberto Lavagna, que es su principal asesor econ\u00f3mico en las sombras<\/p>\n<\/div>\n<\/div>\n<div class=\"row pb-content-type-text\">\n<div class=\"col-xs-12 col-print-12\">\n<p class=\"element element-paragraph\"><b>2.<\/b>\u00a0Las manifestaciones espont\u00e1neas en Santa Fe contra la decisi\u00f3n de expropiar Vicentin<\/p>\n<\/div>\n<\/div>\n<div class=\"row pb-content-type-text\">\n<div class=\"col-xs-12 col-print-12\">\n<p class=\"element element-paragraph\"><b>3.<\/b>\u00a0Los fuertes cacerolazos en la Capital Federal<\/p>\n<\/div>\n<\/div>\n<div class=\"row pb-content-type-text\">\n<div class=\"col-xs-12 col-print-12\">\n<p class=\"element element-paragraph\"><b>4.<\/b>\u00a0Los cuestionamientos de las principales c\u00e1maras empresarias<\/p>\n<\/div>\n<\/div>\n<div class=\"row pb-content-type-text\">\n<div class=\"col-xs-12 col-print-12\">\n<p class=\"element element-paragraph\"><b>5.\u00a0<\/b>La ca\u00edda estrepitosa de las acciones argentinas en los mercados globales<\/p>\n<\/div>\n<\/div>\n<div class=\"row pb-content-type-text\">\n<div class=\"col-xs-12 col-print-12\">\n<p class=\"element element-paragraph\"><b>6.<\/b>\u00a0La denuncia por abuso de poder presentada por representantes de la oposici\u00f3n<\/p>\n<\/div>\n<\/div>\n<div class=\"row pb-content-type-text\">\n<div class=\"col-xs-12 col-print-12\">\n<p class=\"element element-paragraph\"><b>7.<\/b>\u00a0La crisis pol\u00edtica que enfrenta el gobernador de Santa Fe, Omar Perotti<\/p>\n<\/div>\n<\/div>\n<div class=\"row pb-content-type-text\">\n<div class=\"col-xs-12 col-print-12\">\n<p class=\"element element-paragraph\"><b>8<\/b>. La cr\u00edtica un\u00e1nime de las organizaciones agropecuarias<\/p>\n<\/div>\n<\/div>\n<div class=\"row pb-content-type-text\">\n<div class=\"col-xs-12 col-print-12\">\n<p class=\"element element-paragraph\"><b>9.<\/b>\u00a0La controvertida argumentaci\u00f3n jur\u00eddica para sostener la decisi\u00f3n pol\u00edtica de expropiar<\/p>\n<\/div>\n<\/div>\n<div class=\"row pb-content-type-text\">\n<div class=\"col-xs-12 col-print-12\">\n<p class=\"element element-paragraph\"><b>Alberto Fern\u00e1ndez eval\u00faa un plan alternativo que congela la expropiaci\u00f3n de Vicentin<\/b>, mantiene la intervenci\u00f3n por 60 d\u00edas y prev\u00e9 un trabajo conjunto con el juez del concurso de acreedores y los accionistas de la empresa que mantuvieron la actividad comercial a pesar del COVID-19 y su impacto en el sistema productivo.<\/p>\n<\/div>\n<\/div>\n<div class=\"row pb-content-type-text\">\n<div class=\"col-xs-12 col-print-12\">\n<p class=\"element element-paragraph\"><mark class=\"hl_yellow\">El gobernador Perotti, los abogados de Vicentin, Massa, los principales accionistas de la compa\u00f1\u00eda agroexportadora, Kulfas, Delgado y Beliz conformaron un<i>\u00a0pack\u00a0<\/i>informal para acercar una posici\u00f3n alternativa<\/mark>\u00a0a la iniciativa expropiadora que empuja CFK, la C\u00e1mpora, y los movimientos sociales m\u00e1s intransigentes liderados por Juan Grabois.<\/p>\n<\/div>\n<\/div>\n<div class=\"row pb-content-type-text\">\n<div class=\"col-xs-12 col-print-12\">\n<p class=\"element element-paragraph\"><b>El Presidente analizar\u00e1 hoy ese\u00a0<\/b><i><b>Plan B\u00a0<\/b><\/i><b>en Olivos, y a las 6 PM recibir\u00e1 a las autoridades de Vicentin para conocer su mirada<\/b>\u00a0sobre una compa\u00f1\u00eda que maneja el 10 por ciento de las exportaciones de soja, produce biodiesel, l\u00e1cteos, vinos y es clave para miles de productores de Santa Fe y C\u00f3rdoba.<\/p>\n<\/div>\n<\/div>\n<div class=\"row pb-content-type-text\">\n<div class=\"col-xs-12 col-print-12\">\n<p class=\"element element-paragraph\">Alberto Fern\u00e1ndez tomar\u00e1 la decisi\u00f3n pol\u00edtica despu\u00e9s de este c\u00f3nclave que compartir\u00eda con Cafiero, Kulfas y Delgado. Si el encuentro con Sergio Nardelli, CEO de Vicentin, no termina en una cat\u00e1strofe, el Presidente deber\u00eda anunciar que contin\u00faa la intervenci\u00f3n, que YPF Agro ser\u00e1 clave para la compa\u00f1\u00eda en concurso de acreedores, y que\u00a0<b>la expropiaci\u00f3n quedar\u00e1 en suspenso hasta nuevo aviso. <\/b><em>(Fuente: Infobae)<\/em><\/p>\n<\/div>\n<\/div>\n","protected":false},"excerpt":{"rendered":"<p>Frente a la inesperada reacci\u00f3n adversa en la opini\u00f3n social, el Presidente mantendr\u00e1 la intervenci\u00f3n por 60 d\u00edas y a continuaci\u00f3n decidir\u00e1 si es necesario que el Estado Nacional ocupe una empresa en concurso de acreedores para asegurar la soberan\u00eda alimentaria.<\/p>\n","protected":false},"author":2,"featured_media":44248,"comment_status":"open","ping_status":"open","sticky":false,"template":"","format":"standard","meta":{"fifu_image_url":"","fifu_image_alt":"","footnotes":""},"categories":[10,16],"tags":[274,1311,1549],"class_list":{"0":"post-44330","1":"post","2":"type-post","3":"status-publish","4":"format-standard","5":"has-post-thumbnail","7":"category-campo","8":"category-politi","9":"tag-agroindustria","10":"tag-alberto-fernandez","11":"tag-vicentin"},"yoast_head":"<title>Alberto Fern\u00e1ndez podr\u00eda dar marcha atr\u00e1s con la expropiaci\u00f3n de Vicentin - Informe Litoral<\/title>\n<meta name=\"robots\" content=\"index, follow, max-snippet:-1, max-image-preview:large, max-video-preview:-1\" \/>\n<link rel=\"canonical\" href=\"https:\/\/informelitoral.com.ar\/alberto-fernandez-podria-dar-marcha-atras-con-la-expropiacion-de-vicentin\/\" \/>\n<meta property=\"og:locale\" content=\"es_ES\" \/>\n<meta property=\"og:type\" content=\"article\" \/>\n<meta property=\"og:title\" content=\"Alberto Fern\u00e1ndez podr\u00eda dar marcha atr\u00e1s con la expropiaci\u00f3n de Vicentin - Informe Litoral\" \/>\n<meta property=\"og:description\" content=\"Frente a la inesperada reacci\u00f3n adversa en la opini\u00f3n social, el Presidente mantendr\u00e1 la intervenci\u00f3n por 60 d\u00edas y a continuaci\u00f3n decidir\u00e1 si es necesario que el Estado Nacional ocupe una empresa en concurso de acreedores para asegurar la soberan\u00eda alimentaria.\" \/>\n<meta property=\"og:url\" content=\"https:\/\/informelitoral.com.ar\/alberto-fernandez-podria-dar-marcha-atras-con-la-expropiacion-de-vicentin\/\" \/>\n<meta property=\"og:site_name\" content=\"Informe Litoral\" \/>\n<meta property=\"article:publisher\" content=\"https:\/\/www.facebook.com\/informelitoral\/\" \/>\n<meta property=\"article:published_time\" content=\"2020-06-11T10:45:25+00:00\" \/>\n<meta property=\"og:image\" content=\"https:\/\/informelitoral.com.ar\/%77%70%2d%63%6f%6e%74%65%6e%74\/uploads\/2020\/06\/vicentin.jpg\" \/>\n\t<meta property=\"og:image:width\" content=\"1450\" \/>\n\t<meta property=\"og:image:height\" content=\"850\" \/>\n\t<meta property=\"og:image:type\" content=\"image\/jpeg\" \/>\n<meta name=\"author\" content=\"Gonzalo Schmidt\" \/>\n<meta name=\"twitter:card\" content=\"summary_large_image\" \/>\n<meta name=\"twitter:creator\" content=\"@InformeLitoral\" \/>\n<meta name=\"twitter:site\" content=\"@InformeLitoral\" \/>\n<meta name=\"twitter:label1\" content=\"Escrito por\" \/>\n\t<meta name=\"twitter:data1\" content=\"Gonzalo Schmidt\" \/>\n\t<meta name=\"twitter:label2\" content=\"Tiempo de lectura\" \/>\n\t<meta name=\"twitter:data2\" content=\"4 minutos\" \/>\n<script type=\"application\/ld+json\" class=\"yoast-schema-graph\">{\"@context\":\"https:\\\/\\\/schema.org\",\"@graph\":[{\"@type\":\"Article\",\"@id\":\"https:\\\/\\\/informelitoral.com.ar\\\/alberto-fernandez-podria-dar-marcha-atras-con-la-expropiacion-de-vicentin\\\/#article\",\"isPartOf\":{\"@id\":\"https:\\\/\\\/informelitoral.com.ar\\\/alberto-fernandez-podria-dar-marcha-atras-con-la-expropiacion-de-vicentin\\\/\"},\"author\":{\"name\":\"Gonzalo Schmidt\",\"@id\":\"https:\\\/\\\/informelitoral.com.ar\\\/#\\\/schema\\\/person\\\/b9d00407c836482871ef1d57bf8e3180\"},\"headline\":\"Alberto Fern\u00e1ndez podr\u00eda dar marcha atr\u00e1s con la expropiaci\u00f3n de Vicentin\",\"datePublished\":\"2020-06-11T10:45:25+00:00\",\"mainEntityOfPage\":{\"@id\":\"https:\\\/\\\/informelitoral.com.ar\\\/alberto-fernandez-podria-dar-marcha-atras-con-la-expropiacion-de-vicentin\\\/\"},\"wordCount\":728,\"commentCount\":0,\"publisher\":{\"@id\":\"https:\\\/\\\/informelitoral.com.ar\\\/#organization\"},\"image\":{\"@id\":\"https:\\\/\\\/informelitoral.com.ar\\\/alberto-fernandez-podria-dar-marcha-atras-con-la-expropiacion-de-vicentin\\\/#primaryimage\"},\"thumbnailUrl\":\"https:\\\/\\\/informelitoral.com.ar\\\/%77%70%2d%63%6f%6e%74%65%6e%74\\\/uploads\\\/2020\\\/06\\\/vicentin.jpg\",\"keywords\":[\"Agroindustria\",\"Alberto Fern\u00e1ndez\",\"Vicentin\"],\"articleSection\":[\"Campo\",\"Politica\"],\"inLanguage\":\"es\",\"potentialAction\":[{\"@type\":\"CommentAction\",\"name\":\"Comment\",\"target\":[\"https:\\\/\\\/informelitoral.com.ar\\\/alberto-fernandez-podria-dar-marcha-atras-con-la-expropiacion-de-vicentin\\\/#respond\"]}]},{\"@type\":\"WebPage\",\"@id\":\"https:\\\/\\\/informelitoral.com.ar\\\/alberto-fernandez-podria-dar-marcha-atras-con-la-expropiacion-de-vicentin\\\/\",\"url\":\"https:\\\/\\\/informelitoral.com.ar\\\/alberto-fernandez-podria-dar-marcha-atras-con-la-expropiacion-de-vicentin\\\/\",\"name\":\"Alberto Fern\u00e1ndez podr\u00eda dar marcha atr\u00e1s con la expropiaci\u00f3n de Vicentin - Informe Litoral\",\"isPartOf\":{\"@id\":\"https:\\\/\\\/informelitoral.com.ar\\\/#website\"},\"primaryImageOfPage\":{\"@id\":\"https:\\\/\\\/informelitoral.com.ar\\\/alberto-fernandez-podria-dar-marcha-atras-con-la-expropiacion-de-vicentin\\\/#primaryimage\"},\"image\":{\"@id\":\"https:\\\/\\\/informelitoral.com.ar\\\/alberto-fernandez-podria-dar-marcha-atras-con-la-expropiacion-de-vicentin\\\/#primaryimage\"},\"thumbnailUrl\":\"https:\\\/\\\/informelitoral.com.ar\\\/%77%70%2d%63%6f%6e%74%65%6e%74\\\/uploads\\\/2020\\\/06\\\/vicentin.jpg\",\"datePublished\":\"2020-06-11T10:45:25+00:00\",\"breadcrumb\":{\"@id\":\"https:\\\/\\\/informelitoral.com.ar\\\/alberto-fernandez-podria-dar-marcha-atras-con-la-expropiacion-de-vicentin\\\/#breadcrumb\"},\"inLanguage\":\"es\",\"potentialAction\":[{\"@type\":\"ReadAction\",\"target\":[\"https:\\\/\\\/informelitoral.com.ar\\\/alberto-fernandez-podria-dar-marcha-atras-con-la-expropiacion-de-vicentin\\\/\"]}]},{\"@type\":\"ImageObject\",\"inLanguage\":\"es\",\"@id\":\"https:\\\/\\\/informelitoral.com.ar\\\/alberto-fernandez-podria-dar-marcha-atras-con-la-expropiacion-de-vicentin\\\/#primaryimage\",\"url\":\"https:\\\/\\\/informelitoral.com.ar\\\/%77%70%2d%63%6f%6e%74%65%6e%74\\\/uploads\\\/2020\\\/06\\\/vicentin.jpg\",\"contentUrl\":\"https:\\\/\\\/informelitoral.com.ar\\\/%77%70%2d%63%6f%6e%74%65%6e%74\\\/uploads\\\/2020\\\/06\\\/vicentin.jpg\",\"width\":1450,\"height\":850},{\"@type\":\"BreadcrumbList\",\"@id\":\"https:\\\/\\\/informelitoral.com.ar\\\/alberto-fernandez-podria-dar-marcha-atras-con-la-expropiacion-de-vicentin\\\/#breadcrumb\",\"itemListElement\":[{\"@type\":\"ListItem\",\"position\":1,\"name\":\"Portada\",\"item\":\"https:\\\/\\\/informelitoral.com.ar\\\/\"},{\"@type\":\"ListItem\",\"position\":2,\"name\":\"Alberto Fern\u00e1ndez podr\u00eda dar marcha atr\u00e1s con la expropiaci\u00f3n de Vicentin\"}]},{\"@type\":\"WebSite\",\"@id\":\"https:\\\/\\\/informelitoral.com.ar\\\/#website\",\"url\":\"https:\\\/\\\/informelitoral.com.ar\\\/\",\"name\":\"Informe Litoral\",\"description\":\"&quot;Nos informamos&quot; \",\"publisher\":{\"@id\":\"https:\\\/\\\/informelitoral.com.ar\\\/#organization\"},\"potentialAction\":[{\"@type\":\"SearchAction\",\"target\":{\"@type\":\"EntryPoint\",\"urlTemplate\":\"https:\\\/\\\/informelitoral.com.ar\\\/?s={search_term_string}\"},\"query-input\":{\"@type\":\"PropertyValueSpecification\",\"valueRequired\":true,\"valueName\":\"search_term_string\"}}],\"inLanguage\":\"es\"},{\"@type\":\"Organization\",\"@id\":\"https:\\\/\\\/informelitoral.com.ar\\\/#organization\",\"name\":\"Informe Litoral\",\"url\":\"https:\\\/\\\/informelitoral.com.ar\\\/\",\"logo\":{\"@type\":\"ImageObject\",\"inLanguage\":\"es\",\"@id\":\"https:\\\/\\\/informelitoral.com.ar\\\/#\\\/schema\\\/logo\\\/image\\\/\",\"url\":\"https:\\\/\\\/informelitoral.com.ar\\\/%77%70%2d%63%6f%6e%74%65%6e%74\\\/uploads\\\/2021\\\/01\\\/circulo.png\",\"contentUrl\":\"https:\\\/\\\/informelitoral.com.ar\\\/%77%70%2d%63%6f%6e%74%65%6e%74\\\/uploads\\\/2021\\\/01\\\/circulo.png\",\"width\":723,\"height\":731,\"caption\":\"Informe Litoral\"},\"image\":{\"@id\":\"https:\\\/\\\/informelitoral.com.ar\\\/#\\\/schema\\\/logo\\\/image\\\/\"},\"sameAs\":[\"https:\\\/\\\/www.facebook.com\\\/informelitoral\\\/\",\"https:\\\/\\\/x.com\\\/InformeLitoral\",\"https:\\\/\\\/www.instagram.com\\\/informelitoral\\\/\",\"https:\\\/\\\/www.youtube.com\\\/channel\\\/UCua4Qvz8Icb6MYqhoq9xLXw\"]},{\"@type\":\"Person\",\"@id\":\"https:\\\/\\\/informelitoral.com.ar\\\/#\\\/schema\\\/person\\\/b9d00407c836482871ef1d57bf8e3180\",\"name\":\"Gonzalo Schmidt\",\"image\":{\"@type\":\"ImageObject\",\"inLanguage\":\"es\",\"@id\":\"https:\\\/\\\/secure.gravatar.com\\\/avatar\\\/31a1a7b66ff2de83bd0e9fd79d026630d2d99e55e8bfe501287647b4fd9743de?s=96&d=mm&r=g\",\"url\":\"https:\\\/\\\/secure.gravatar.com\\\/avatar\\\/31a1a7b66ff2de83bd0e9fd79d026630d2d99e55e8bfe501287647b4fd9743de?s=96&d=mm&r=g\",\"contentUrl\":\"https:\\\/\\\/secure.gravatar.com\\\/avatar\\\/31a1a7b66ff2de83bd0e9fd79d026630d2d99e55e8bfe501287647b4fd9743de?s=96&d=mm&r=g\",\"caption\":\"Gonzalo Schmidt\"},\"description\":\"Sitio web de noticias de la provincia de Entre R\u00edos, Argentina. Informaci\u00f3n y entretenimiento. Informe Litoral, nos informamos.\",\"sameAs\":[\"http:\\\/\\\/www.isletasnoticias.com.ar\"],\"url\":\"https:\\\/\\\/informelitoral.com.ar\\\/author\\\/gonzalo\\\/\"}]}<\/script>","yoast_head_json":{"title":"Alberto Fern\u00e1ndez podr\u00eda dar marcha atr\u00e1s con la expropiaci\u00f3n de Vicentin - Informe Litoral","robots":{"index":"index","follow":"follow","max-snippet":"max-snippet:-1","max-image-preview":"max-image-preview:large","max-video-preview":"max-video-preview:-1"},"canonical":"https:\/\/informelitoral.com.ar\/alberto-fernandez-podria-dar-marcha-atras-con-la-expropiacion-de-vicentin\/","og_locale":"es_ES","og_type":"article","og_title":"Alberto Fern\u00e1ndez podr\u00eda dar marcha atr\u00e1s con la expropiaci\u00f3n de Vicentin - Informe Litoral","og_description":"Frente a la inesperada reacci\u00f3n adversa en la opini\u00f3n social, el Presidente mantendr\u00e1 la intervenci\u00f3n por 60 d\u00edas y a continuaci\u00f3n decidir\u00e1 si es necesario que el Estado Nacional ocupe una empresa en concurso de acreedores para asegurar la soberan\u00eda alimentaria.","og_url":"https:\/\/informelitoral.com.ar\/alberto-fernandez-podria-dar-marcha-atras-con-la-expropiacion-de-vicentin\/","og_site_name":"Informe Litoral","article_publisher":"https:\/\/www.facebook.com\/informelitoral\/","article_published_time":"2020-06-11T10:45:25+00:00","og_image":[{"width":1450,"height":850,"url":"https:\/\/informelitoral.com.ar\/%77%70%2d%63%6f%6e%74%65%6e%74\/uploads\/2020\/06\/vicentin.jpg","type":"image\/jpeg"}],"author":"Gonzalo Schmidt","twitter_card":"summary_large_image","twitter_creator":"@InformeLitoral","twitter_site":"@InformeLitoral","twitter_misc":{"Escrito por":"Gonzalo Schmidt","Tiempo de lectura":"4 minutos"},"schema":{"@context":"https:\/\/schema.org","@graph":[{"@type":"Article","@id":"https:\/\/informelitoral.com.ar\/alberto-fernandez-podria-dar-marcha-atras-con-la-expropiacion-de-vicentin\/#article","isPartOf":{"@id":"https:\/\/informelitoral.com.ar\/alberto-fernandez-podria-dar-marcha-atras-con-la-expropiacion-de-vicentin\/"},"author":{"name":"Gonzalo Schmidt","@id":"https:\/\/informelitoral.com.ar\/#\/schema\/person\/b9d00407c836482871ef1d57bf8e3180"},"headline":"Alberto Fern\u00e1ndez podr\u00eda dar marcha atr\u00e1s con la expropiaci\u00f3n de Vicentin","datePublished":"2020-06-11T10:45:25+00:00","mainEntityOfPage":{"@id":"https:\/\/informelitoral.com.ar\/alberto-fernandez-podria-dar-marcha-atras-con-la-expropiacion-de-vicentin\/"},"wordCount":728,"commentCount":0,"publisher":{"@id":"https:\/\/informelitoral.com.ar\/#organization"},"image":{"@id":"https:\/\/informelitoral.com.ar\/alberto-fernandez-podria-dar-marcha-atras-con-la-expropiacion-de-vicentin\/#primaryimage"},"thumbnailUrl":"https:\/\/informelitoral.com.ar\/%77%70%2d%63%6f%6e%74%65%6e%74\/uploads\/2020\/06\/vicentin.jpg","keywords":["Agroindustria","Alberto Fern\u00e1ndez","Vicentin"],"articleSection":["Campo","Politica"],"inLanguage":"es","potentialAction":[{"@type":"CommentAction","name":"Comment","target":["https:\/\/informelitoral.com.ar\/alberto-fernandez-podria-dar-marcha-atras-con-la-expropiacion-de-vicentin\/#respond"]}]},{"@type":"WebPage","@id":"https:\/\/informelitoral.com.ar\/alberto-fernandez-podria-dar-marcha-atras-con-la-expropiacion-de-vicentin\/","url":"https:\/\/informelitoral.com.ar\/alberto-fernandez-podria-dar-marcha-atras-con-la-expropiacion-de-vicentin\/","name":"Alberto Fern\u00e1ndez podr\u00eda dar marcha atr\u00e1s con la expropiaci\u00f3n de Vicentin - Informe Litoral","isPartOf":{"@id":"https:\/\/informelitoral.com.ar\/#website"},"primaryImageOfPage":{"@id":"https:\/\/informelitoral.com.ar\/alberto-fernandez-podria-dar-marcha-atras-con-la-expropiacion-de-vicentin\/#primaryimage"},"image":{"@id":"https:\/\/informelitoral.com.ar\/alberto-fernandez-podria-dar-marcha-atras-con-la-expropiacion-de-vicentin\/#primaryimage"},"thumbnailUrl":"https:\/\/informelitoral.com.ar\/%77%70%2d%63%6f%6e%74%65%6e%74\/uploads\/2020\/06\/vicentin.jpg","datePublished":"2020-06-11T10:45:25+00:00","breadcrumb":{"@id":"https:\/\/informelitoral.com.ar\/alberto-fernandez-podria-dar-marcha-atras-con-la-expropiacion-de-vicentin\/#breadcrumb"},"inLanguage":"es","potentialAction":[{"@type":"ReadAction","target":["https:\/\/informelitoral.com.ar\/alberto-fernandez-podria-dar-marcha-atras-con-la-expropiacion-de-vicentin\/"]}]},{"@type":"ImageObject","inLanguage":"es","@id":"https:\/\/informelitoral.com.ar\/alberto-fernandez-podria-dar-marcha-atras-con-la-expropiacion-de-vicentin\/#primaryimage","url":"https:\/\/informelitoral.com.ar\/%77%70%2d%63%6f%6e%74%65%6e%74\/uploads\/2020\/06\/vicentin.jpg","contentUrl":"https:\/\/informelitoral.com.ar\/%77%70%2d%63%6f%6e%74%65%6e%74\/uploads\/2020\/06\/vicentin.jpg","width":1450,"height":850},{"@type":"BreadcrumbList","@id":"https:\/\/informelitoral.com.ar\/alberto-fernandez-podria-dar-marcha-atras-con-la-expropiacion-de-vicentin\/#breadcrumb","itemListElement":[{"@type":"ListItem","position":1,"name":"Portada","item":"https:\/\/informelitoral.com.ar\/"},{"@type":"ListItem","position":2,"name":"Alberto Fern\u00e1ndez podr\u00eda dar marcha atr\u00e1s con la expropiaci\u00f3n de Vicentin"}]},{"@type":"WebSite","@id":"https:\/\/informelitoral.com.ar\/#website","url":"https:\/\/informelitoral.com.ar\/","name":"Informe Litoral","description":"&quot;Nos informamos&quot; ","publisher":{"@id":"https:\/\/informelitoral.com.ar\/#organization"},"potentialAction":[{"@type":"SearchAction","target":{"@type":"EntryPoint","urlTemplate":"https:\/\/informelitoral.com.ar\/?s={search_term_string}"},"query-input":{"@type":"PropertyValueSpecification","valueRequired":true,"valueName":"search_term_string"}}],"inLanguage":"es"},{"@type":"Organization","@id":"https:\/\/informelitoral.com.ar\/#organization","name":"Informe Litoral","url":"https:\/\/informelitoral.com.ar\/","logo":{"@type":"ImageObject","inLanguage":"es","@id":"https:\/\/informelitoral.com.ar\/#\/schema\/logo\/image\/","url":"https:\/\/informelitoral.com.ar\/%77%70%2d%63%6f%6e%74%65%6e%74\/uploads\/2021\/01\/circulo.png","contentUrl":"https:\/\/informelitoral.com.ar\/%77%70%2d%63%6f%6e%74%65%6e%74\/uploads\/2021\/01\/circulo.png","width":723,"height":731,"caption":"Informe Litoral"},"image":{"@id":"https:\/\/informelitoral.com.ar\/#\/schema\/logo\/image\/"},"sameAs":["https:\/\/www.facebook.com\/informelitoral\/","https:\/\/x.com\/InformeLitoral","https:\/\/www.instagram.com\/informelitoral\/","https:\/\/www.youtube.com\/channel\/UCua4Qvz8Icb6MYqhoq9xLXw"]},{"@type":"Person","@id":"https:\/\/informelitoral.com.ar\/#\/schema\/person\/b9d00407c836482871ef1d57bf8e3180","name":"Gonzalo Schmidt","image":{"@type":"ImageObject","inLanguage":"es","@id":"https:\/\/secure.gravatar.com\/avatar\/31a1a7b66ff2de83bd0e9fd79d026630d2d99e55e8bfe501287647b4fd9743de?s=96&d=mm&r=g","url":"https:\/\/secure.gravatar.com\/avatar\/31a1a7b66ff2de83bd0e9fd79d026630d2d99e55e8bfe501287647b4fd9743de?s=96&d=mm&r=g","contentUrl":"https:\/\/secure.gravatar.com\/avatar\/31a1a7b66ff2de83bd0e9fd79d026630d2d99e55e8bfe501287647b4fd9743de?s=96&d=mm&r=g","caption":"Gonzalo Schmidt"},"description":"Sitio web de noticias de la provincia de Entre R\u00edos, Argentina. Informaci\u00f3n y entretenimiento. Informe Litoral, nos informamos.","sameAs":["http:\/\/www.isletasnoticias.com.ar"],"url":"https:\/\/informelitoral.com.ar\/author\/gonzalo\/"}]}},"_links":{"self":[{"href":"https:\/\/informelitoral.com.ar\/%77%70%2d%6a%73%6f%6e\/wp\/v2\/posts\/44330","targetHints":{"allow":["GET"]}}],"collection":[{"href":"https:\/\/informelitoral.com.ar\/%77%70%2d%6a%73%6f%6e\/wp\/v2\/posts"}],"about":[{"href":"https:\/\/informelitoral.com.ar\/%77%70%2d%6a%73%6f%6e\/wp\/v2\/types\/post"}],"author":[{"embeddable":true,"href":"https:\/\/informelitoral.com.ar\/%77%70%2d%6a%73%6f%6e\/wp\/v2\/users\/2"}],"replies":[{"embeddable":true,"href":"https:\/\/informelitoral.com.ar\/%77%70%2d%6a%73%6f%6e\/wp\/v2\/comments?post=44330"}],"version-history":[{"count":0,"href":"https:\/\/informelitoral.com.ar\/%77%70%2d%6a%73%6f%6e\/wp\/v2\/posts\/44330\/revisions"}],"wp:featuredmedia":[{"embeddable":true,"href":"https:\/\/informelitoral.com.ar\/%77%70%2d%6a%73%6f%6e\/wp\/v2\/media\/44248"}],"wp:attachment":[{"href":"https:\/\/informelitoral.com.ar\/%77%70%2d%6a%73%6f%6e\/wp\/v2\/media?parent=44330"}],"wp:term":[{"taxonomy":"category","embeddable":true,"href":"https:\/\/informelitoral.com.ar\/%77%70%2d%6a%73%6f%6e\/wp\/v2\/categories?post=44330"},{"taxonomy":"post_tag","embeddable":true,"href":"https:\/\/informelitoral.com.ar\/%77%70%2d%6a%73%6f%6e\/wp\/v2\/tags?post=44330"}],"curies":[{"name":"wp","href":"https:\/\/api.w.org\/{rel}","templated":true}]}}