{"id":44320,"date":"2020-06-10T06:29:46","date_gmt":"2020-06-10T09:29:46","guid":{"rendered":"https:\/\/www.isletasnoticias.com.ar\/?p=44320"},"modified":"2020-06-10T09:43:21","modified_gmt":"2020-06-10T12:43:21","slug":"vicentin-fue-la-principal-aportante-a-la-campana-presidencial-de-macri","status":"publish","type":"post","link":"https:\/\/informelitoral.com.ar\/vicentin-fue-la-principal-aportante-a-la-campana-presidencial-de-macri\/","title":{"rendered":"Vicentin fue la principal aportante a la campa\u00f1a presidencial de Macri"},"content":{"rendered":"<p>La <a href=\"https:\/\/www.isletasnoticias.com.ar\/vamos-a-expropiar-vicentin-y-la-vamos-a-declarar-empresa-de-utilidad-publica\/\">decisi\u00f3n del Gobierno de intervenir Vicentin<\/a> volvi\u00f3 a poner en debate la estrecha relaci\u00f3n entre la administraci\u00f3n de Mauricio Macri y la empresa, que se benefici\u00f3 con pr\u00e9stamos millonarios que luego se neg\u00f3 a devolver.<\/p>\n<p>\u00abLos 18.600 millones de pesos que se le dio a Vicentin sin ninguna garant\u00eda se termin\u00f3 de dar despu\u00e9s de que (Mauricio) Macri perdiera las PASO y la cesaci\u00f3n de pago fue en diciembre de 2019. Por eso van a tener que explicar varias cosas\u201d,\u00a0advirti\u00f3 la senadora mendocina <strong>Anabel Fern\u00e1ndez Sagasti,<\/strong> en referencia a la deuda que se contrajo durante el gobierno anterior.<\/p>\n<p>Pero la medida anunciada tambi\u00e9n puso en foco el aporte econ\u00f3mico del grupo exportador a la campa\u00f1a presidencial de 2019 de Juntos por el Cambio, de la cual fue su principal exponente a trav\u00e9s de tres empresas: Algodonera Avellaneda, Friar y Oleaginosa San Lorenzo.<\/p>\n<p>Entre estas tres compa\u00f1\u00edas, Vicentin aport\u00f3 un total de 13,5 millones de pesos para la campa\u00f1a de las PASO y agreg\u00f3 otros 5,5 millones mediante Friar para las elecciones generales, seg\u00fan\u00a0<a href=\"https:\/\/www.electoral.gob.ar\/financiamiento\/aportes-privados.php\" target=\"_blank\" rel=\"noopener noreferrer\">datos de la Comisi\u00f3n Nacional Electoral<\/a>.<\/p>\n<p>De esta forma la suma de los\u00a0<strong>19 millones de pesos aportados por el grupo empresario ubicaron a Vicentin al frente de la lista de donantes a la campa\u00f1a de Juntos por el Cambio<\/strong>, por delante de otras compa\u00f1\u00edas cercanas al macrismo, como las del empresario Marcelo Mindlin, que desembolsaron 8,7 millones.<\/p>\n<p>En este sentido, el secretario general de la CTA de los Trabajadores y diputado nacional por el Frente de Todos (FdT), <strong>Hugo Yasky<\/strong>, afirm\u00f3 que la decisi\u00f3n de intervenir Vicentin \u00abrepara una situaci\u00f3n heredada del gobierno anterior, de los ricos para los ricos\u00bb.<\/p>\n<p>\u00abEl principal aportante de la campa\u00f1a electoral que lo llev\u00f3 a Mauricio Macri a la presidencia de la Naci\u00f3n se benefici\u00f3 con cr\u00e9ditos otorgados por la autoridad bancaria del gobierno anterior\u00bb, dijo Yasky en declaraciones a <em>T\u00e9lam.<\/em><\/p>\n<p>El dirigente agreg\u00f3 que esos cr\u00e9ditos otorgados por la gesti\u00f3n anterior \u00abfueron utilizados en maniobras especulativas y para eludir el pago de impuestos, dej\u00e1ndole una deuda impaga al fisco nacional, de la que nos hubi\u00e9semos tenido que hacer cargo todos los argentinos y las argentinas\u00bb.<\/p>\n<p>Respecto de las relaciones cercanas entre el gobierno anterior y la empresa, el director del Banco Naci\u00f3n <strong>Claudio Lozano<\/strong> viene cuestionando\u00a0desde comienzos de 2020 que los cr\u00e9ditos a Vicentin fueron directamente \u00abautorizados por la l\u00ednea gerencial, no con un acto administrativo del Directorio\u00bb.<\/p>\n","protected":false},"excerpt":{"rendered":"<p>A trav\u00e9s de tres empresas -Algodonera Avellaneda, Friar y Oleaginosa San Lorenzo-, el grupo exportador fue el principal aportante a la campa\u00f1a presidencial de Mauricio Macri.<\/p>\n","protected":false},"author":2,"featured_media":44321,"comment_status":"open","ping_status":"open","sticky":false,"template":"","format":"standard","meta":{"fifu_image_url":"","fifu_image_alt":"","footnotes":""},"categories":[16],"tags":[80,1549],"class_list":{"0":"post-44320","1":"post","2":"type-post","3":"status-publish","4":"format-standard","5":"has-post-thumbnail","7":"category-politi","8":"tag-mauricio-macri","9":"tag-vicentin"},"yoast_head":"<title>Vicentin fue la principal aportante a la campa\u00f1a presidencial de Macri - Informe Litoral<\/title>\n<meta name=\"robots\" content=\"index, follow, max-snippet:-1, max-image-preview:large, max-video-preview:-1\" \/>\n<link rel=\"canonical\" href=\"https:\/\/informelitoral.com.ar\/vicentin-fue-la-principal-aportante-a-la-campana-presidencial-de-macri\/\" \/>\n<meta property=\"og:locale\" content=\"es_ES\" \/>\n<meta property=\"og:type\" content=\"article\" \/>\n<meta property=\"og:title\" content=\"Vicentin fue la principal aportante a la campa\u00f1a presidencial de Macri - Informe Litoral\" \/>\n<meta property=\"og:description\" content=\"A trav\u00e9s de tres empresas -Algodonera Avellaneda, Friar y Oleaginosa San Lorenzo-, el grupo exportador fue el principal aportante a la campa\u00f1a presidencial de Mauricio Macri.\" \/>\n<meta property=\"og:url\" content=\"https:\/\/informelitoral.com.ar\/vicentin-fue-la-principal-aportante-a-la-campana-presidencial-de-macri\/\" \/>\n<meta property=\"og:site_name\" content=\"Informe Litoral\" \/>\n<meta property=\"article:publisher\" content=\"https:\/\/www.facebook.com\/informelitoral\/\" \/>\n<meta property=\"article:published_time\" content=\"2020-06-10T09:29:46+00:00\" \/>\n<meta property=\"article:modified_time\" content=\"2020-06-10T12:43:21+00:00\" \/>\n<meta property=\"og:image\" content=\"https:\/\/informelitoral.com.ar\/%77%70%2d%63%6f%6e%74%65%6e%74\/uploads\/2020\/06\/macri-banco-nacion-vicentin-aportante-cambiemos-campa\u00f1a-electoral.jpg\" \/>\n\t<meta property=\"og:image:width\" content=\"1072\" \/>\n\t<meta property=\"og:image:height\" content=\"589\" \/>\n\t<meta property=\"og:image:type\" content=\"image\/jpeg\" \/>\n<meta name=\"author\" content=\"Gonzalo Schmidt\" \/>\n<meta name=\"twitter:card\" content=\"summary_large_image\" \/>\n<meta name=\"twitter:creator\" content=\"@InformeLitoral\" \/>\n<meta name=\"twitter:site\" content=\"@InformeLitoral\" \/>\n<meta name=\"twitter:label1\" content=\"Escrito por\" \/>\n\t<meta name=\"twitter:data1\" content=\"Gonzalo Schmidt\" \/>\n\t<meta name=\"twitter:label2\" content=\"Tiempo de lectura\" \/>\n\t<meta name=\"twitter:data2\" content=\"2 minutos\" \/>\n<script type=\"application\/ld+json\" class=\"yoast-schema-graph\">{\"@context\":\"https:\\\/\\\/schema.org\",\"@graph\":[{\"@type\":\"Article\",\"@id\":\"https:\\\/\\\/informelitoral.com.ar\\\/vicentin-fue-la-principal-aportante-a-la-campana-presidencial-de-macri\\\/#article\",\"isPartOf\":{\"@id\":\"https:\\\/\\\/informelitoral.com.ar\\\/vicentin-fue-la-principal-aportante-a-la-campana-presidencial-de-macri\\\/\"},\"author\":{\"name\":\"Gonzalo Schmidt\",\"@id\":\"https:\\\/\\\/informelitoral.com.ar\\\/#\\\/schema\\\/person\\\/b9d00407c836482871ef1d57bf8e3180\"},\"headline\":\"Vicentin fue la principal aportante a la campa\u00f1a presidencial de Macri\",\"datePublished\":\"2020-06-10T09:29:46+00:00\",\"dateModified\":\"2020-06-10T12:43:21+00:00\",\"mainEntityOfPage\":{\"@id\":\"https:\\\/\\\/informelitoral.com.ar\\\/vicentin-fue-la-principal-aportante-a-la-campana-presidencial-de-macri\\\/\"},\"wordCount\":437,\"commentCount\":0,\"publisher\":{\"@id\":\"https:\\\/\\\/informelitoral.com.ar\\\/#organization\"},\"image\":{\"@id\":\"https:\\\/\\\/informelitoral.com.ar\\\/vicentin-fue-la-principal-aportante-a-la-campana-presidencial-de-macri\\\/#primaryimage\"},\"thumbnailUrl\":\"https:\\\/\\\/informelitoral.com.ar\\\/%77%70%2d%63%6f%6e%74%65%6e%74\\\/uploads\\\/2020\\\/06\\\/macri-banco-nacion-vicentin-aportante-cambiemos-campa\u00f1a-electoral.jpg\",\"keywords\":[\"Mauricio Macri\",\"Vicentin\"],\"articleSection\":[\"Politica\"],\"inLanguage\":\"es\",\"potentialAction\":[{\"@type\":\"CommentAction\",\"name\":\"Comment\",\"target\":[\"https:\\\/\\\/informelitoral.com.ar\\\/vicentin-fue-la-principal-aportante-a-la-campana-presidencial-de-macri\\\/#respond\"]}]},{\"@type\":\"WebPage\",\"@id\":\"https:\\\/\\\/informelitoral.com.ar\\\/vicentin-fue-la-principal-aportante-a-la-campana-presidencial-de-macri\\\/\",\"url\":\"https:\\\/\\\/informelitoral.com.ar\\\/vicentin-fue-la-principal-aportante-a-la-campana-presidencial-de-macri\\\/\",\"name\":\"Vicentin fue la principal aportante a la campa\u00f1a presidencial de Macri - Informe Litoral\",\"isPartOf\":{\"@id\":\"https:\\\/\\\/informelitoral.com.ar\\\/#website\"},\"primaryImageOfPage\":{\"@id\":\"https:\\\/\\\/informelitoral.com.ar\\\/vicentin-fue-la-principal-aportante-a-la-campana-presidencial-de-macri\\\/#primaryimage\"},\"image\":{\"@id\":\"https:\\\/\\\/informelitoral.com.ar\\\/vicentin-fue-la-principal-aportante-a-la-campana-presidencial-de-macri\\\/#primaryimage\"},\"thumbnailUrl\":\"https:\\\/\\\/informelitoral.com.ar\\\/%77%70%2d%63%6f%6e%74%65%6e%74\\\/uploads\\\/2020\\\/06\\\/macri-banco-nacion-vicentin-aportante-cambiemos-campa\u00f1a-electoral.jpg\",\"datePublished\":\"2020-06-10T09:29:46+00:00\",\"dateModified\":\"2020-06-10T12:43:21+00:00\",\"breadcrumb\":{\"@id\":\"https:\\\/\\\/informelitoral.com.ar\\\/vicentin-fue-la-principal-aportante-a-la-campana-presidencial-de-macri\\\/#breadcrumb\"},\"inLanguage\":\"es\",\"potentialAction\":[{\"@type\":\"ReadAction\",\"target\":[\"https:\\\/\\\/informelitoral.com.ar\\\/vicentin-fue-la-principal-aportante-a-la-campana-presidencial-de-macri\\\/\"]}]},{\"@type\":\"ImageObject\",\"inLanguage\":\"es\",\"@id\":\"https:\\\/\\\/informelitoral.com.ar\\\/vicentin-fue-la-principal-aportante-a-la-campana-presidencial-de-macri\\\/#primaryimage\",\"url\":\"https:\\\/\\\/informelitoral.com.ar\\\/%77%70%2d%63%6f%6e%74%65%6e%74\\\/uploads\\\/2020\\\/06\\\/macri-banco-nacion-vicentin-aportante-cambiemos-campa\u00f1a-electoral.jpg\",\"contentUrl\":\"https:\\\/\\\/informelitoral.com.ar\\\/%77%70%2d%63%6f%6e%74%65%6e%74\\\/uploads\\\/2020\\\/06\\\/macri-banco-nacion-vicentin-aportante-cambiemos-campa\u00f1a-electoral.jpg\",\"width\":1072,\"height\":589},{\"@type\":\"BreadcrumbList\",\"@id\":\"https:\\\/\\\/informelitoral.com.ar\\\/vicentin-fue-la-principal-aportante-a-la-campana-presidencial-de-macri\\\/#breadcrumb\",\"itemListElement\":[{\"@type\":\"ListItem\",\"position\":1,\"name\":\"Portada\",\"item\":\"https:\\\/\\\/informelitoral.com.ar\\\/\"},{\"@type\":\"ListItem\",\"position\":2,\"name\":\"Vicentin fue la principal aportante a la campa\u00f1a presidencial de Macri\"}]},{\"@type\":\"WebSite\",\"@id\":\"https:\\\/\\\/informelitoral.com.ar\\\/#website\",\"url\":\"https:\\\/\\\/informelitoral.com.ar\\\/\",\"name\":\"Informe Litoral\",\"description\":\"&quot;Nos informamos&quot; \",\"publisher\":{\"@id\":\"https:\\\/\\\/informelitoral.com.ar\\\/#organization\"},\"potentialAction\":[{\"@type\":\"SearchAction\",\"target\":{\"@type\":\"EntryPoint\",\"urlTemplate\":\"https:\\\/\\\/informelitoral.com.ar\\\/?s={search_term_string}\"},\"query-input\":{\"@type\":\"PropertyValueSpecification\",\"valueRequired\":true,\"valueName\":\"search_term_string\"}}],\"inLanguage\":\"es\"},{\"@type\":\"Organization\",\"@id\":\"https:\\\/\\\/informelitoral.com.ar\\\/#organization\",\"name\":\"Informe Litoral\",\"url\":\"https:\\\/\\\/informelitoral.com.ar\\\/\",\"logo\":{\"@type\":\"ImageObject\",\"inLanguage\":\"es\",\"@id\":\"https:\\\/\\\/informelitoral.com.ar\\\/#\\\/schema\\\/logo\\\/image\\\/\",\"url\":\"https:\\\/\\\/informelitoral.com.ar\\\/%77%70%2d%63%6f%6e%74%65%6e%74\\\/uploads\\\/2021\\\/01\\\/circulo.png\",\"contentUrl\":\"https:\\\/\\\/informelitoral.com.ar\\\/%77%70%2d%63%6f%6e%74%65%6e%74\\\/uploads\\\/2021\\\/01\\\/circulo.png\",\"width\":723,\"height\":731,\"caption\":\"Informe Litoral\"},\"image\":{\"@id\":\"https:\\\/\\\/informelitoral.com.ar\\\/#\\\/schema\\\/logo\\\/image\\\/\"},\"sameAs\":[\"https:\\\/\\\/www.facebook.com\\\/informelitoral\\\/\",\"https:\\\/\\\/x.com\\\/InformeLitoral\",\"https:\\\/\\\/www.instagram.com\\\/informelitoral\\\/\",\"https:\\\/\\\/www.youtube.com\\\/channel\\\/UCua4Qvz8Icb6MYqhoq9xLXw\"]},{\"@type\":\"Person\",\"@id\":\"https:\\\/\\\/informelitoral.com.ar\\\/#\\\/schema\\\/person\\\/b9d00407c836482871ef1d57bf8e3180\",\"name\":\"Gonzalo Schmidt\",\"image\":{\"@type\":\"ImageObject\",\"inLanguage\":\"es\",\"@id\":\"https:\\\/\\\/secure.gravatar.com\\\/avatar\\\/31a1a7b66ff2de83bd0e9fd79d026630d2d99e55e8bfe501287647b4fd9743de?s=96&d=mm&r=g\",\"url\":\"https:\\\/\\\/secure.gravatar.com\\\/avatar\\\/31a1a7b66ff2de83bd0e9fd79d026630d2d99e55e8bfe501287647b4fd9743de?s=96&d=mm&r=g\",\"contentUrl\":\"https:\\\/\\\/secure.gravatar.com\\\/avatar\\\/31a1a7b66ff2de83bd0e9fd79d026630d2d99e55e8bfe501287647b4fd9743de?s=96&d=mm&r=g\",\"caption\":\"Gonzalo Schmidt\"},\"description\":\"Sitio web de noticias de la provincia de Entre R\u00edos, Argentina. Informaci\u00f3n y entretenimiento. Informe Litoral, nos informamos.\",\"sameAs\":[\"http:\\\/\\\/www.isletasnoticias.com.ar\"],\"url\":\"https:\\\/\\\/informelitoral.com.ar\\\/author\\\/gonzalo\\\/\"}]}<\/script>","yoast_head_json":{"title":"Vicentin fue la principal aportante a la campa\u00f1a presidencial de Macri - Informe Litoral","robots":{"index":"index","follow":"follow","max-snippet":"max-snippet:-1","max-image-preview":"max-image-preview:large","max-video-preview":"max-video-preview:-1"},"canonical":"https:\/\/informelitoral.com.ar\/vicentin-fue-la-principal-aportante-a-la-campana-presidencial-de-macri\/","og_locale":"es_ES","og_type":"article","og_title":"Vicentin fue la principal aportante a la campa\u00f1a presidencial de Macri - Informe Litoral","og_description":"A trav\u00e9s de tres empresas -Algodonera Avellaneda, Friar y Oleaginosa San Lorenzo-, el grupo exportador fue el principal aportante a la campa\u00f1a presidencial de Mauricio Macri.","og_url":"https:\/\/informelitoral.com.ar\/vicentin-fue-la-principal-aportante-a-la-campana-presidencial-de-macri\/","og_site_name":"Informe Litoral","article_publisher":"https:\/\/www.facebook.com\/informelitoral\/","article_published_time":"2020-06-10T09:29:46+00:00","article_modified_time":"2020-06-10T12:43:21+00:00","og_image":[{"width":1072,"height":589,"url":"https:\/\/informelitoral.com.ar\/%77%70%2d%63%6f%6e%74%65%6e%74\/uploads\/2020\/06\/macri-banco-nacion-vicentin-aportante-cambiemos-campa\u00f1a-electoral.jpg","type":"image\/jpeg"}],"author":"Gonzalo Schmidt","twitter_card":"summary_large_image","twitter_creator":"@InformeLitoral","twitter_site":"@InformeLitoral","twitter_misc":{"Escrito por":"Gonzalo Schmidt","Tiempo de lectura":"2 minutos"},"schema":{"@context":"https:\/\/schema.org","@graph":[{"@type":"Article","@id":"https:\/\/informelitoral.com.ar\/vicentin-fue-la-principal-aportante-a-la-campana-presidencial-de-macri\/#article","isPartOf":{"@id":"https:\/\/informelitoral.com.ar\/vicentin-fue-la-principal-aportante-a-la-campana-presidencial-de-macri\/"},"author":{"name":"Gonzalo Schmidt","@id":"https:\/\/informelitoral.com.ar\/#\/schema\/person\/b9d00407c836482871ef1d57bf8e3180"},"headline":"Vicentin fue la principal aportante a la campa\u00f1a presidencial de Macri","datePublished":"2020-06-10T09:29:46+00:00","dateModified":"2020-06-10T12:43:21+00:00","mainEntityOfPage":{"@id":"https:\/\/informelitoral.com.ar\/vicentin-fue-la-principal-aportante-a-la-campana-presidencial-de-macri\/"},"wordCount":437,"commentCount":0,"publisher":{"@id":"https:\/\/informelitoral.com.ar\/#organization"},"image":{"@id":"https:\/\/informelitoral.com.ar\/vicentin-fue-la-principal-aportante-a-la-campana-presidencial-de-macri\/#primaryimage"},"thumbnailUrl":"https:\/\/informelitoral.com.ar\/%77%70%2d%63%6f%6e%74%65%6e%74\/uploads\/2020\/06\/macri-banco-nacion-vicentin-aportante-cambiemos-campa\u00f1a-electoral.jpg","keywords":["Mauricio Macri","Vicentin"],"articleSection":["Politica"],"inLanguage":"es","potentialAction":[{"@type":"CommentAction","name":"Comment","target":["https:\/\/informelitoral.com.ar\/vicentin-fue-la-principal-aportante-a-la-campana-presidencial-de-macri\/#respond"]}]},{"@type":"WebPage","@id":"https:\/\/informelitoral.com.ar\/vicentin-fue-la-principal-aportante-a-la-campana-presidencial-de-macri\/","url":"https:\/\/informelitoral.com.ar\/vicentin-fue-la-principal-aportante-a-la-campana-presidencial-de-macri\/","name":"Vicentin fue la principal aportante a la campa\u00f1a presidencial de Macri - Informe Litoral","isPartOf":{"@id":"https:\/\/informelitoral.com.ar\/#website"},"primaryImageOfPage":{"@id":"https:\/\/informelitoral.com.ar\/vicentin-fue-la-principal-aportante-a-la-campana-presidencial-de-macri\/#primaryimage"},"image":{"@id":"https:\/\/informelitoral.com.ar\/vicentin-fue-la-principal-aportante-a-la-campana-presidencial-de-macri\/#primaryimage"},"thumbnailUrl":"https:\/\/informelitoral.com.ar\/%77%70%2d%63%6f%6e%74%65%6e%74\/uploads\/2020\/06\/macri-banco-nacion-vicentin-aportante-cambiemos-campa\u00f1a-electoral.jpg","datePublished":"2020-06-10T09:29:46+00:00","dateModified":"2020-06-10T12:43:21+00:00","breadcrumb":{"@id":"https:\/\/informelitoral.com.ar\/vicentin-fue-la-principal-aportante-a-la-campana-presidencial-de-macri\/#breadcrumb"},"inLanguage":"es","potentialAction":[{"@type":"ReadAction","target":["https:\/\/informelitoral.com.ar\/vicentin-fue-la-principal-aportante-a-la-campana-presidencial-de-macri\/"]}]},{"@type":"ImageObject","inLanguage":"es","@id":"https:\/\/informelitoral.com.ar\/vicentin-fue-la-principal-aportante-a-la-campana-presidencial-de-macri\/#primaryimage","url":"https:\/\/informelitoral.com.ar\/%77%70%2d%63%6f%6e%74%65%6e%74\/uploads\/2020\/06\/macri-banco-nacion-vicentin-aportante-cambiemos-campa\u00f1a-electoral.jpg","contentUrl":"https:\/\/informelitoral.com.ar\/%77%70%2d%63%6f%6e%74%65%6e%74\/uploads\/2020\/06\/macri-banco-nacion-vicentin-aportante-cambiemos-campa\u00f1a-electoral.jpg","width":1072,"height":589},{"@type":"BreadcrumbList","@id":"https:\/\/informelitoral.com.ar\/vicentin-fue-la-principal-aportante-a-la-campana-presidencial-de-macri\/#breadcrumb","itemListElement":[{"@type":"ListItem","position":1,"name":"Portada","item":"https:\/\/informelitoral.com.ar\/"},{"@type":"ListItem","position":2,"name":"Vicentin fue la principal aportante a la campa\u00f1a presidencial de Macri"}]},{"@type":"WebSite","@id":"https:\/\/informelitoral.com.ar\/#website","url":"https:\/\/informelitoral.com.ar\/","name":"Informe Litoral","description":"&quot;Nos informamos&quot; ","publisher":{"@id":"https:\/\/informelitoral.com.ar\/#organization"},"potentialAction":[{"@type":"SearchAction","target":{"@type":"EntryPoint","urlTemplate":"https:\/\/informelitoral.com.ar\/?s={search_term_string}"},"query-input":{"@type":"PropertyValueSpecification","valueRequired":true,"valueName":"search_term_string"}}],"inLanguage":"es"},{"@type":"Organization","@id":"https:\/\/informelitoral.com.ar\/#organization","name":"Informe Litoral","url":"https:\/\/informelitoral.com.ar\/","logo":{"@type":"ImageObject","inLanguage":"es","@id":"https:\/\/informelitoral.com.ar\/#\/schema\/logo\/image\/","url":"https:\/\/informelitoral.com.ar\/%77%70%2d%63%6f%6e%74%65%6e%74\/uploads\/2021\/01\/circulo.png","contentUrl":"https:\/\/informelitoral.com.ar\/%77%70%2d%63%6f%6e%74%65%6e%74\/uploads\/2021\/01\/circulo.png","width":723,"height":731,"caption":"Informe Litoral"},"image":{"@id":"https:\/\/informelitoral.com.ar\/#\/schema\/logo\/image\/"},"sameAs":["https:\/\/www.facebook.com\/informelitoral\/","https:\/\/x.com\/InformeLitoral","https:\/\/www.instagram.com\/informelitoral\/","https:\/\/www.youtube.com\/channel\/UCua4Qvz8Icb6MYqhoq9xLXw"]},{"@type":"Person","@id":"https:\/\/informelitoral.com.ar\/#\/schema\/person\/b9d00407c836482871ef1d57bf8e3180","name":"Gonzalo Schmidt","image":{"@type":"ImageObject","inLanguage":"es","@id":"https:\/\/secure.gravatar.com\/avatar\/31a1a7b66ff2de83bd0e9fd79d026630d2d99e55e8bfe501287647b4fd9743de?s=96&d=mm&r=g","url":"https:\/\/secure.gravatar.com\/avatar\/31a1a7b66ff2de83bd0e9fd79d026630d2d99e55e8bfe501287647b4fd9743de?s=96&d=mm&r=g","contentUrl":"https:\/\/secure.gravatar.com\/avatar\/31a1a7b66ff2de83bd0e9fd79d026630d2d99e55e8bfe501287647b4fd9743de?s=96&d=mm&r=g","caption":"Gonzalo Schmidt"},"description":"Sitio web de noticias de la provincia de Entre R\u00edos, Argentina. Informaci\u00f3n y entretenimiento. Informe Litoral, nos informamos.","sameAs":["http:\/\/www.isletasnoticias.com.ar"],"url":"https:\/\/informelitoral.com.ar\/author\/gonzalo\/"}]}},"_links":{"self":[{"href":"https:\/\/informelitoral.com.ar\/%77%70%2d%6a%73%6f%6e\/wp\/v2\/posts\/44320","targetHints":{"allow":["GET"]}}],"collection":[{"href":"https:\/\/informelitoral.com.ar\/%77%70%2d%6a%73%6f%6e\/wp\/v2\/posts"}],"about":[{"href":"https:\/\/informelitoral.com.ar\/%77%70%2d%6a%73%6f%6e\/wp\/v2\/types\/post"}],"author":[{"embeddable":true,"href":"https:\/\/informelitoral.com.ar\/%77%70%2d%6a%73%6f%6e\/wp\/v2\/users\/2"}],"replies":[{"embeddable":true,"href":"https:\/\/informelitoral.com.ar\/%77%70%2d%6a%73%6f%6e\/wp\/v2\/comments?post=44320"}],"version-history":[{"count":0,"href":"https:\/\/informelitoral.com.ar\/%77%70%2d%6a%73%6f%6e\/wp\/v2\/posts\/44320\/revisions"}],"wp:featuredmedia":[{"embeddable":true,"href":"https:\/\/informelitoral.com.ar\/%77%70%2d%6a%73%6f%6e\/wp\/v2\/media\/44321"}],"wp:attachment":[{"href":"https:\/\/informelitoral.com.ar\/%77%70%2d%6a%73%6f%6e\/wp\/v2\/media?parent=44320"}],"wp:term":[{"taxonomy":"category","embeddable":true,"href":"https:\/\/informelitoral.com.ar\/%77%70%2d%6a%73%6f%6e\/wp\/v2\/categories?post=44320"},{"taxonomy":"post_tag","embeddable":true,"href":"https:\/\/informelitoral.com.ar\/%77%70%2d%6a%73%6f%6e\/wp\/v2\/tags?post=44320"}],"curies":[{"name":"wp","href":"https:\/\/api.w.org\/{rel}","templated":true}]}}