{"id":44294,"date":"2020-06-10T07:11:52","date_gmt":"2020-06-10T10:11:52","guid":{"rendered":"https:\/\/www.isletasnoticias.com.ar\/?p=44294"},"modified":"2020-06-10T07:11:52","modified_gmt":"2020-06-10T10:11:52","slug":"uader-20-anos-de-una-politica-de-estado","status":"publish","type":"post","link":"https:\/\/informelitoral.com.ar\/uader-20-anos-de-una-politica-de-estado\/","title":{"rendered":"Uader: 20 a\u00f1os de una pol\u00edtica de Estado"},"content":{"rendered":"<p dir=\"ltr\">Cuando asum\u00ed mi tercer mandato como gobernador, junto a mi compa\u00f1ero Pedro Guillermo Guastavino, ten\u00edamos un diagn\u00f3stico de la situaci\u00f3n. No viene a cuento hablar sobre las razones o los por qu\u00e9, pero lo cierto es que est\u00e1bamos en crisis como gran parte del pa\u00eds.<\/p>\n<p dir=\"ltr\">Pese a las fuertes disputas pol\u00edticas y electorales que mantuve durante m\u00e1s de dos d\u00e9cadas con el exgobernador Sergio Alberto Montiel y a la ca\u00f3tica situaci\u00f3n econ\u00f3mica en que me entreg\u00f3 la provincia en 2003, en aquel momento cre\u00edmos que era nuestro deber continuar con dos buenas iniciativas impulsadas durante su segundo gobierno: Sidecreer y Uader.<\/p>\n<p dir=\"ltr\">En la campa\u00f1a electoral ya hab\u00edamos anunciado que no ven\u00edamos a destruir todo lo hecho. Que lo que nos parec\u00eda correcto, continuar\u00eda. En el caso de Sidecreer, en esos a\u00f1os la tarjeta ya se hab\u00eda consolidado como el pago m\u00e1s conveniente por los beneficios que brindaba a los entrerrianos y por poseer los costos m\u00e1s bajos del mercado. La tarjeta continuaba la filosof\u00eda del Gobierno: solidaridad, compromiso y responsabilidad social.<\/p>\n<p dir=\"ltr\">Y en lo referente a la Universidad Aut\u00f3noma de Entre R\u00edos, siempre expresamos que era una buena creaci\u00f3n pero la realidad era dolorosa. La Uader no contaba con carreras reconocidas por el Ministerio de Educaci\u00f3n de la Naci\u00f3n; la mayor\u00eda de las carreras estaban suspendidas en su tramitaci\u00f3n y hab\u00eda fuertes objeciones de la Coneau, responsable de acreditar a las universidades.<\/p>\n<p dir=\"ltr\">En ese momento recuerdo que trabajamos codo a codo con Ernesto Villanueva, actual rector de la Universidad Nacional Arturo Jauretche, y que entonces era el responsable de la Comisi\u00f3n Nacional de Evaluaci\u00f3n y Acreditaci\u00f3n Universitaria. Tambi\u00e9n tuvo un rol relevante Mario Mathieu, quien se desempe\u00f1aba como rector normalizador de la Uader.<\/p>\n<p dir=\"ltr\">Ah\u00ed pusimos nuestro primer acento para normalizar la educaci\u00f3n. Y as\u00ed es que durante aquella gesti\u00f3n logramos la aprobaci\u00f3n de decenas de tecnicaturas, traductorados, profesorados y licenciaturas. La totalidad de las carreras de grado obtuvieron el reconocimiento oficial y la validez nacional para nuestros estudiantes de cada rinc\u00f3n entrerriano.<\/p>\n<p dir=\"ltr\">Hubo tambi\u00e9n una evoluci\u00f3n notable de ingresantes; se aprobaron decenas de proyectos de investigaci\u00f3n y desarrollo; se firmaron convenios con 19 universidades nacionales y 8 universidades extranjeras, entre tantos otros logros. Y por resoluci\u00f3n todas las carreras que se dictan en la Uader deben incluir obligatoriamente la c\u00e1tedra de Derechos Humanos.<\/p>\n<p dir=\"ltr\">Por estos d\u00edas la Uader celebra veinte a\u00f1os de rica historia, en la que miles de entrerrianos, oriundos de las ciudades cabeceras o de los parajes rurales m\u00e1s peque\u00f1os, han pasado por sus aulas, teniendo la posibilidad de desarrollar su vida universitaria y de formarse profesional y humanamente.<\/p>\n<p dir=\"ltr\">Cuando parece que la pol\u00edtica se rige por la inmediatez y lo coyuntural, bien vale la pena rescatar estos ejemplos de decisiones tendientes a mejorar o transformar una situaci\u00f3n p\u00fablica problem\u00e1tica, que se han mantenido a trav\u00e9s de los a\u00f1os. Ac\u00e1 hubo estabilidad, consenso, largo plazo y continuidad.<\/p>\n<p dir=\"ltr\">En el discurso que brind\u00e9 ante la Asamblea Legislativa el 12 de diciembre de 2003 lo puse de manifiesto: \u201cNos comprometimos con los comerciantes a continuar la tarjeta Sidecreer, y lo haremos. Y nos comprometimos con los docentes y estudiantes de la Uader a enderezar esta instituci\u00f3n, d\u00e1ndoles validez a sus t\u00edtulos que hoy no lo tienen, excelencia a su educaci\u00f3n y reformular su perfil para que sea una universidad federal, social y comprometida con la actividad productiva de la provincia\u201d.<\/p>\n<p dir=\"ltr\">Con satisfacci\u00f3n hoy puedo decir que nuestra gesti\u00f3n cumpli\u00f3 sobradamente con esos dos prop\u00f3sitos. Ha sido un largo camino que continu\u00f3 luego de 2007 y en ambos casos se fueron consolidando como pol\u00edticas de Estado; en lo puntual de la Uader, un compromiso que afianza la importancia central de la educaci\u00f3n p\u00fablica, gratuita y de calidad.<\/p>\n","protected":false},"excerpt":{"rendered":"<p>Por Jorge Pedro Busti<\/p>\n","protected":false},"author":2,"featured_media":44295,"comment_status":"open","ping_status":"open","sticky":false,"template":"","format":"standard","meta":{"fifu_image_url":"","fifu_image_alt":"","footnotes":""},"categories":[11],"tags":[1314,1299],"class_list":{"0":"post-44294","1":"post","2":"type-post","3":"status-publish","4":"format-standard","5":"has-post-thumbnail","7":"category-opinion","8":"tag-jorge-busti","9":"tag-uader"},"yoast_head":"<title>Uader: 20 a\u00f1os de una pol\u00edtica de Estado - Informe Litoral<\/title>\n<meta name=\"robots\" content=\"index, follow, max-snippet:-1, max-image-preview:large, max-video-preview:-1\" \/>\n<link rel=\"canonical\" href=\"https:\/\/informelitoral.com.ar\/uader-20-anos-de-una-politica-de-estado\/\" \/>\n<meta property=\"og:locale\" content=\"es_ES\" \/>\n<meta property=\"og:type\" content=\"article\" \/>\n<meta property=\"og:title\" content=\"Uader: 20 a\u00f1os de una pol\u00edtica de Estado - Informe Litoral\" \/>\n<meta property=\"og:description\" content=\"Por Jorge Pedro Busti\" \/>\n<meta property=\"og:url\" content=\"https:\/\/informelitoral.com.ar\/uader-20-anos-de-una-politica-de-estado\/\" \/>\n<meta property=\"og:site_name\" content=\"Informe Litoral\" \/>\n<meta property=\"article:publisher\" content=\"https:\/\/www.facebook.com\/informelitoral\/\" \/>\n<meta property=\"article:published_time\" content=\"2020-06-10T10:11:52+00:00\" \/>\n<meta property=\"og:image\" content=\"https:\/\/informelitoral.com.ar\/%77%70%2d%63%6f%6e%74%65%6e%74\/uploads\/2020\/06\/bustijorge.jpg\" \/>\n\t<meta property=\"og:image:width\" content=\"591\" \/>\n\t<meta property=\"og:image:height\" content=\"880\" \/>\n\t<meta property=\"og:image:type\" content=\"image\/jpeg\" \/>\n<meta name=\"author\" content=\"Gonzalo Schmidt\" \/>\n<meta name=\"twitter:card\" content=\"summary_large_image\" \/>\n<meta name=\"twitter:creator\" content=\"@InformeLitoral\" \/>\n<meta name=\"twitter:site\" content=\"@InformeLitoral\" \/>\n<meta name=\"twitter:label1\" content=\"Escrito por\" \/>\n\t<meta name=\"twitter:data1\" content=\"Gonzalo Schmidt\" \/>\n\t<meta name=\"twitter:label2\" content=\"Tiempo de lectura\" \/>\n\t<meta name=\"twitter:data2\" content=\"3 minutos\" \/>\n<script type=\"application\/ld+json\" class=\"yoast-schema-graph\">{\"@context\":\"https:\\\/\\\/schema.org\",\"@graph\":[{\"@type\":\"Article\",\"@id\":\"https:\\\/\\\/informelitoral.com.ar\\\/uader-20-anos-de-una-politica-de-estado\\\/#article\",\"isPartOf\":{\"@id\":\"https:\\\/\\\/informelitoral.com.ar\\\/uader-20-anos-de-una-politica-de-estado\\\/\"},\"author\":{\"name\":\"Gonzalo Schmidt\",\"@id\":\"https:\\\/\\\/informelitoral.com.ar\\\/#\\\/schema\\\/person\\\/b9d00407c836482871ef1d57bf8e3180\"},\"headline\":\"Uader: 20 a\u00f1os de una pol\u00edtica de Estado\",\"datePublished\":\"2020-06-10T10:11:52+00:00\",\"mainEntityOfPage\":{\"@id\":\"https:\\\/\\\/informelitoral.com.ar\\\/uader-20-anos-de-una-politica-de-estado\\\/\"},\"wordCount\":684,\"commentCount\":0,\"publisher\":{\"@id\":\"https:\\\/\\\/informelitoral.com.ar\\\/#organization\"},\"image\":{\"@id\":\"https:\\\/\\\/informelitoral.com.ar\\\/uader-20-anos-de-una-politica-de-estado\\\/#primaryimage\"},\"thumbnailUrl\":\"https:\\\/\\\/informelitoral.com.ar\\\/%77%70%2d%63%6f%6e%74%65%6e%74\\\/uploads\\\/2020\\\/06\\\/bustijorge.jpg\",\"keywords\":[\"Jorge Busti\",\"Uader\"],\"articleSection\":[\"Opini\u00f3n\"],\"inLanguage\":\"es\",\"potentialAction\":[{\"@type\":\"CommentAction\",\"name\":\"Comment\",\"target\":[\"https:\\\/\\\/informelitoral.com.ar\\\/uader-20-anos-de-una-politica-de-estado\\\/#respond\"]}]},{\"@type\":\"WebPage\",\"@id\":\"https:\\\/\\\/informelitoral.com.ar\\\/uader-20-anos-de-una-politica-de-estado\\\/\",\"url\":\"https:\\\/\\\/informelitoral.com.ar\\\/uader-20-anos-de-una-politica-de-estado\\\/\",\"name\":\"Uader: 20 a\u00f1os de una pol\u00edtica de Estado - Informe Litoral\",\"isPartOf\":{\"@id\":\"https:\\\/\\\/informelitoral.com.ar\\\/#website\"},\"primaryImageOfPage\":{\"@id\":\"https:\\\/\\\/informelitoral.com.ar\\\/uader-20-anos-de-una-politica-de-estado\\\/#primaryimage\"},\"image\":{\"@id\":\"https:\\\/\\\/informelitoral.com.ar\\\/uader-20-anos-de-una-politica-de-estado\\\/#primaryimage\"},\"thumbnailUrl\":\"https:\\\/\\\/informelitoral.com.ar\\\/%77%70%2d%63%6f%6e%74%65%6e%74\\\/uploads\\\/2020\\\/06\\\/bustijorge.jpg\",\"datePublished\":\"2020-06-10T10:11:52+00:00\",\"breadcrumb\":{\"@id\":\"https:\\\/\\\/informelitoral.com.ar\\\/uader-20-anos-de-una-politica-de-estado\\\/#breadcrumb\"},\"inLanguage\":\"es\",\"potentialAction\":[{\"@type\":\"ReadAction\",\"target\":[\"https:\\\/\\\/informelitoral.com.ar\\\/uader-20-anos-de-una-politica-de-estado\\\/\"]}]},{\"@type\":\"ImageObject\",\"inLanguage\":\"es\",\"@id\":\"https:\\\/\\\/informelitoral.com.ar\\\/uader-20-anos-de-una-politica-de-estado\\\/#primaryimage\",\"url\":\"https:\\\/\\\/informelitoral.com.ar\\\/%77%70%2d%63%6f%6e%74%65%6e%74\\\/uploads\\\/2020\\\/06\\\/bustijorge.jpg\",\"contentUrl\":\"https:\\\/\\\/informelitoral.com.ar\\\/%77%70%2d%63%6f%6e%74%65%6e%74\\\/uploads\\\/2020\\\/06\\\/bustijorge.jpg\",\"width\":591,\"height\":880},{\"@type\":\"BreadcrumbList\",\"@id\":\"https:\\\/\\\/informelitoral.com.ar\\\/uader-20-anos-de-una-politica-de-estado\\\/#breadcrumb\",\"itemListElement\":[{\"@type\":\"ListItem\",\"position\":1,\"name\":\"Portada\",\"item\":\"https:\\\/\\\/informelitoral.com.ar\\\/\"},{\"@type\":\"ListItem\",\"position\":2,\"name\":\"Uader: 20 a\u00f1os de una pol\u00edtica de Estado\"}]},{\"@type\":\"WebSite\",\"@id\":\"https:\\\/\\\/informelitoral.com.ar\\\/#website\",\"url\":\"https:\\\/\\\/informelitoral.com.ar\\\/\",\"name\":\"Informe Litoral\",\"description\":\"&quot;Nos informamos&quot; \",\"publisher\":{\"@id\":\"https:\\\/\\\/informelitoral.com.ar\\\/#organization\"},\"potentialAction\":[{\"@type\":\"SearchAction\",\"target\":{\"@type\":\"EntryPoint\",\"urlTemplate\":\"https:\\\/\\\/informelitoral.com.ar\\\/?s={search_term_string}\"},\"query-input\":{\"@type\":\"PropertyValueSpecification\",\"valueRequired\":true,\"valueName\":\"search_term_string\"}}],\"inLanguage\":\"es\"},{\"@type\":\"Organization\",\"@id\":\"https:\\\/\\\/informelitoral.com.ar\\\/#organization\",\"name\":\"Informe Litoral\",\"url\":\"https:\\\/\\\/informelitoral.com.ar\\\/\",\"logo\":{\"@type\":\"ImageObject\",\"inLanguage\":\"es\",\"@id\":\"https:\\\/\\\/informelitoral.com.ar\\\/#\\\/schema\\\/logo\\\/image\\\/\",\"url\":\"https:\\\/\\\/informelitoral.com.ar\\\/%77%70%2d%63%6f%6e%74%65%6e%74\\\/uploads\\\/2021\\\/01\\\/circulo.png\",\"contentUrl\":\"https:\\\/\\\/informelitoral.com.ar\\\/%77%70%2d%63%6f%6e%74%65%6e%74\\\/uploads\\\/2021\\\/01\\\/circulo.png\",\"width\":723,\"height\":731,\"caption\":\"Informe Litoral\"},\"image\":{\"@id\":\"https:\\\/\\\/informelitoral.com.ar\\\/#\\\/schema\\\/logo\\\/image\\\/\"},\"sameAs\":[\"https:\\\/\\\/www.facebook.com\\\/informelitoral\\\/\",\"https:\\\/\\\/x.com\\\/InformeLitoral\",\"https:\\\/\\\/www.instagram.com\\\/informelitoral\\\/\",\"https:\\\/\\\/www.youtube.com\\\/channel\\\/UCua4Qvz8Icb6MYqhoq9xLXw\"]},{\"@type\":\"Person\",\"@id\":\"https:\\\/\\\/informelitoral.com.ar\\\/#\\\/schema\\\/person\\\/b9d00407c836482871ef1d57bf8e3180\",\"name\":\"Gonzalo Schmidt\",\"image\":{\"@type\":\"ImageObject\",\"inLanguage\":\"es\",\"@id\":\"https:\\\/\\\/secure.gravatar.com\\\/avatar\\\/31a1a7b66ff2de83bd0e9fd79d026630d2d99e55e8bfe501287647b4fd9743de?s=96&d=mm&r=g\",\"url\":\"https:\\\/\\\/secure.gravatar.com\\\/avatar\\\/31a1a7b66ff2de83bd0e9fd79d026630d2d99e55e8bfe501287647b4fd9743de?s=96&d=mm&r=g\",\"contentUrl\":\"https:\\\/\\\/secure.gravatar.com\\\/avatar\\\/31a1a7b66ff2de83bd0e9fd79d026630d2d99e55e8bfe501287647b4fd9743de?s=96&d=mm&r=g\",\"caption\":\"Gonzalo Schmidt\"},\"description\":\"Sitio web de noticias de la provincia de Entre R\u00edos, Argentina. Informaci\u00f3n y entretenimiento. Informe Litoral, nos informamos.\",\"sameAs\":[\"http:\\\/\\\/www.isletasnoticias.com.ar\"],\"url\":\"https:\\\/\\\/informelitoral.com.ar\\\/author\\\/gonzalo\\\/\"}]}<\/script>","yoast_head_json":{"title":"Uader: 20 a\u00f1os de una pol\u00edtica de Estado - Informe Litoral","robots":{"index":"index","follow":"follow","max-snippet":"max-snippet:-1","max-image-preview":"max-image-preview:large","max-video-preview":"max-video-preview:-1"},"canonical":"https:\/\/informelitoral.com.ar\/uader-20-anos-de-una-politica-de-estado\/","og_locale":"es_ES","og_type":"article","og_title":"Uader: 20 a\u00f1os de una pol\u00edtica de Estado - Informe Litoral","og_description":"Por Jorge Pedro Busti","og_url":"https:\/\/informelitoral.com.ar\/uader-20-anos-de-una-politica-de-estado\/","og_site_name":"Informe Litoral","article_publisher":"https:\/\/www.facebook.com\/informelitoral\/","article_published_time":"2020-06-10T10:11:52+00:00","og_image":[{"width":591,"height":880,"url":"https:\/\/informelitoral.com.ar\/%77%70%2d%63%6f%6e%74%65%6e%74\/uploads\/2020\/06\/bustijorge.jpg","type":"image\/jpeg"}],"author":"Gonzalo Schmidt","twitter_card":"summary_large_image","twitter_creator":"@InformeLitoral","twitter_site":"@InformeLitoral","twitter_misc":{"Escrito por":"Gonzalo Schmidt","Tiempo de lectura":"3 minutos"},"schema":{"@context":"https:\/\/schema.org","@graph":[{"@type":"Article","@id":"https:\/\/informelitoral.com.ar\/uader-20-anos-de-una-politica-de-estado\/#article","isPartOf":{"@id":"https:\/\/informelitoral.com.ar\/uader-20-anos-de-una-politica-de-estado\/"},"author":{"name":"Gonzalo Schmidt","@id":"https:\/\/informelitoral.com.ar\/#\/schema\/person\/b9d00407c836482871ef1d57bf8e3180"},"headline":"Uader: 20 a\u00f1os de una pol\u00edtica de Estado","datePublished":"2020-06-10T10:11:52+00:00","mainEntityOfPage":{"@id":"https:\/\/informelitoral.com.ar\/uader-20-anos-de-una-politica-de-estado\/"},"wordCount":684,"commentCount":0,"publisher":{"@id":"https:\/\/informelitoral.com.ar\/#organization"},"image":{"@id":"https:\/\/informelitoral.com.ar\/uader-20-anos-de-una-politica-de-estado\/#primaryimage"},"thumbnailUrl":"https:\/\/informelitoral.com.ar\/%77%70%2d%63%6f%6e%74%65%6e%74\/uploads\/2020\/06\/bustijorge.jpg","keywords":["Jorge Busti","Uader"],"articleSection":["Opini\u00f3n"],"inLanguage":"es","potentialAction":[{"@type":"CommentAction","name":"Comment","target":["https:\/\/informelitoral.com.ar\/uader-20-anos-de-una-politica-de-estado\/#respond"]}]},{"@type":"WebPage","@id":"https:\/\/informelitoral.com.ar\/uader-20-anos-de-una-politica-de-estado\/","url":"https:\/\/informelitoral.com.ar\/uader-20-anos-de-una-politica-de-estado\/","name":"Uader: 20 a\u00f1os de una pol\u00edtica de Estado - Informe Litoral","isPartOf":{"@id":"https:\/\/informelitoral.com.ar\/#website"},"primaryImageOfPage":{"@id":"https:\/\/informelitoral.com.ar\/uader-20-anos-de-una-politica-de-estado\/#primaryimage"},"image":{"@id":"https:\/\/informelitoral.com.ar\/uader-20-anos-de-una-politica-de-estado\/#primaryimage"},"thumbnailUrl":"https:\/\/informelitoral.com.ar\/%77%70%2d%63%6f%6e%74%65%6e%74\/uploads\/2020\/06\/bustijorge.jpg","datePublished":"2020-06-10T10:11:52+00:00","breadcrumb":{"@id":"https:\/\/informelitoral.com.ar\/uader-20-anos-de-una-politica-de-estado\/#breadcrumb"},"inLanguage":"es","potentialAction":[{"@type":"ReadAction","target":["https:\/\/informelitoral.com.ar\/uader-20-anos-de-una-politica-de-estado\/"]}]},{"@type":"ImageObject","inLanguage":"es","@id":"https:\/\/informelitoral.com.ar\/uader-20-anos-de-una-politica-de-estado\/#primaryimage","url":"https:\/\/informelitoral.com.ar\/%77%70%2d%63%6f%6e%74%65%6e%74\/uploads\/2020\/06\/bustijorge.jpg","contentUrl":"https:\/\/informelitoral.com.ar\/%77%70%2d%63%6f%6e%74%65%6e%74\/uploads\/2020\/06\/bustijorge.jpg","width":591,"height":880},{"@type":"BreadcrumbList","@id":"https:\/\/informelitoral.com.ar\/uader-20-anos-de-una-politica-de-estado\/#breadcrumb","itemListElement":[{"@type":"ListItem","position":1,"name":"Portada","item":"https:\/\/informelitoral.com.ar\/"},{"@type":"ListItem","position":2,"name":"Uader: 20 a\u00f1os de una pol\u00edtica de Estado"}]},{"@type":"WebSite","@id":"https:\/\/informelitoral.com.ar\/#website","url":"https:\/\/informelitoral.com.ar\/","name":"Informe Litoral","description":"&quot;Nos informamos&quot; ","publisher":{"@id":"https:\/\/informelitoral.com.ar\/#organization"},"potentialAction":[{"@type":"SearchAction","target":{"@type":"EntryPoint","urlTemplate":"https:\/\/informelitoral.com.ar\/?s={search_term_string}"},"query-input":{"@type":"PropertyValueSpecification","valueRequired":true,"valueName":"search_term_string"}}],"inLanguage":"es"},{"@type":"Organization","@id":"https:\/\/informelitoral.com.ar\/#organization","name":"Informe Litoral","url":"https:\/\/informelitoral.com.ar\/","logo":{"@type":"ImageObject","inLanguage":"es","@id":"https:\/\/informelitoral.com.ar\/#\/schema\/logo\/image\/","url":"https:\/\/informelitoral.com.ar\/%77%70%2d%63%6f%6e%74%65%6e%74\/uploads\/2021\/01\/circulo.png","contentUrl":"https:\/\/informelitoral.com.ar\/%77%70%2d%63%6f%6e%74%65%6e%74\/uploads\/2021\/01\/circulo.png","width":723,"height":731,"caption":"Informe Litoral"},"image":{"@id":"https:\/\/informelitoral.com.ar\/#\/schema\/logo\/image\/"},"sameAs":["https:\/\/www.facebook.com\/informelitoral\/","https:\/\/x.com\/InformeLitoral","https:\/\/www.instagram.com\/informelitoral\/","https:\/\/www.youtube.com\/channel\/UCua4Qvz8Icb6MYqhoq9xLXw"]},{"@type":"Person","@id":"https:\/\/informelitoral.com.ar\/#\/schema\/person\/b9d00407c836482871ef1d57bf8e3180","name":"Gonzalo Schmidt","image":{"@type":"ImageObject","inLanguage":"es","@id":"https:\/\/secure.gravatar.com\/avatar\/31a1a7b66ff2de83bd0e9fd79d026630d2d99e55e8bfe501287647b4fd9743de?s=96&d=mm&r=g","url":"https:\/\/secure.gravatar.com\/avatar\/31a1a7b66ff2de83bd0e9fd79d026630d2d99e55e8bfe501287647b4fd9743de?s=96&d=mm&r=g","contentUrl":"https:\/\/secure.gravatar.com\/avatar\/31a1a7b66ff2de83bd0e9fd79d026630d2d99e55e8bfe501287647b4fd9743de?s=96&d=mm&r=g","caption":"Gonzalo Schmidt"},"description":"Sitio web de noticias de la provincia de Entre R\u00edos, Argentina. Informaci\u00f3n y entretenimiento. Informe Litoral, nos informamos.","sameAs":["http:\/\/www.isletasnoticias.com.ar"],"url":"https:\/\/informelitoral.com.ar\/author\/gonzalo\/"}]}},"_links":{"self":[{"href":"https:\/\/informelitoral.com.ar\/%77%70%2d%6a%73%6f%6e\/wp\/v2\/posts\/44294","targetHints":{"allow":["GET"]}}],"collection":[{"href":"https:\/\/informelitoral.com.ar\/%77%70%2d%6a%73%6f%6e\/wp\/v2\/posts"}],"about":[{"href":"https:\/\/informelitoral.com.ar\/%77%70%2d%6a%73%6f%6e\/wp\/v2\/types\/post"}],"author":[{"embeddable":true,"href":"https:\/\/informelitoral.com.ar\/%77%70%2d%6a%73%6f%6e\/wp\/v2\/users\/2"}],"replies":[{"embeddable":true,"href":"https:\/\/informelitoral.com.ar\/%77%70%2d%6a%73%6f%6e\/wp\/v2\/comments?post=44294"}],"version-history":[{"count":0,"href":"https:\/\/informelitoral.com.ar\/%77%70%2d%6a%73%6f%6e\/wp\/v2\/posts\/44294\/revisions"}],"wp:featuredmedia":[{"embeddable":true,"href":"https:\/\/informelitoral.com.ar\/%77%70%2d%6a%73%6f%6e\/wp\/v2\/media\/44295"}],"wp:attachment":[{"href":"https:\/\/informelitoral.com.ar\/%77%70%2d%6a%73%6f%6e\/wp\/v2\/media?parent=44294"}],"wp:term":[{"taxonomy":"category","embeddable":true,"href":"https:\/\/informelitoral.com.ar\/%77%70%2d%6a%73%6f%6e\/wp\/v2\/categories?post=44294"},{"taxonomy":"post_tag","embeddable":true,"href":"https:\/\/informelitoral.com.ar\/%77%70%2d%6a%73%6f%6e\/wp\/v2\/tags?post=44294"}],"curies":[{"name":"wp","href":"https:\/\/api.w.org\/{rel}","templated":true}]}}