{"id":44288,"date":"2020-06-10T07:06:56","date_gmt":"2020-06-10T10:06:56","guid":{"rendered":"https:\/\/www.isletasnoticias.com.ar\/?p=44288"},"modified":"2020-06-10T07:09:25","modified_gmt":"2020-06-10T10:09:25","slug":"julian-maneiro-hay-que-reactivar-no-expropiar","status":"publish","type":"post","link":"https:\/\/informelitoral.com.ar\/julian-maneiro-hay-que-reactivar-no-expropiar\/","title":{"rendered":"Juli\u00e1n Maneiro: \u201cHay que reactivar, no expropiar\u201d"},"content":{"rendered":"<p class=\"x_MsoNormal\">El diputado provincial <strong>Juli\u00e1n Maneiro<\/strong> (UCR-Cambiemos) manifest\u00f3 su preocupaci\u00f3n y rechazo a la intervenci\u00f3n estatal de la empresa<strong> Vicent\u00edn<\/strong>. Coment\u00f3 que \u201cEs un nuevo episodio de la guerra del kirchnerismo contra el campo y un atropello a la propiedad privada. Vicent\u00edn es una empresa familiar santafesina con 90 a\u00f1os de trabajo es su regi\u00f3n y en el pa\u00eds. Ha sido fundamental en el progreso de su regi\u00f3n y desarrolla actividades industriales entre las que se cuentan molinos harineros, frigor\u00edficos, aceiteras, algodoneras, de producci\u00f3n de biodiesel y l\u00e1cteos. Hace unos meses, como consecuencia de los problemas econ\u00f3micos del pa\u00eds, atraviesa una crisis y est\u00e1 en estado de concurso preventivo, manteniendo su actividad para poder pagar a sus acreedores\u201d.<\/p>\n<p class=\"x_MsoNormal\">Siguiendo su an\u00e1lisis, destac\u00f3 que \u201cEn ese marco, el kirchnerismo, enarbolando la bandera de la soberan\u00eda alimentaria, desat\u00f3 su agenda de dominaci\u00f3n de la producci\u00f3n agropecuaria y pretende expropiarla e incorporarla bajo la \u00f3rbita de YPF, careciendo de las m\u00ednimas competencias para participar exitosamente en un mercado global. Solo traer\u00e1 corrupci\u00f3n y deudas millonarias a cargo de los argentinos\u201d.<\/p>\n<p class=\"x_MsoNormal\">\u201cDesde marzo se han perdido, producto de la cuarentena, m\u00e1s de 100.000 empleos, y el Presidente de la Naci\u00f3n se ocupa de una empresa que mantiene los salarios al d\u00eda y no ha despedido a nadie\u201d, agreg\u00f3 en un texto enviado a <em><strong>IN<\/strong><\/em>.<\/p>\n<p class=\"x_MsoNormal\">Maneiro tambi\u00e9n se mostr\u00f3 cr\u00edtico con el gobernador Gustavo Bordet. Plante\u00f3 que \u201cIgual de lamentables resultan las declaraciones de apoyo a esta iniciativa del gobernador, asociando a Vicent\u00edn con \u201cel esfuerzo de todos los argentinos\u201d, consider\u00e1ndola una medida \u201cestrat\u00e9gica\u201d. Espero que esta declaraci\u00f3n no sea el precedente de alguna pretensi\u00f3n de imitar una iniciativa de estas caracter\u00edsticas en la provincia de Entre R\u00edos. S\u00f3lo imaginar lo que significar\u00eda la expropiaci\u00f3n de una empresa de nuestra zona, o lo que hubiera pasado con muchas industrias que han pasado momentos complejos, incluso con concursos que pudieron sortear en ese duro camino, genera much\u00edsima preocupaci\u00f3n, pensando en el impacto que tendr\u00eda en nuestra econom\u00eda local y regional, en c\u00f3mo repercutir\u00eda en el \u00e1nimo de la gente. Nosotros apostamos al esfuerzo, a la cultura del trabajo y esto es todo lo contrario, genera rechazo\u201d.<\/p>\n<p class=\"x_MsoNormal\">\u201cSolo queda manifestar el profundo repudio a esta iniciativa. En momentos en los que hay que generar inversiones para generar empleo, intervienen una empresa privada por decreto y logran el efecto contrario. Es una se\u00f1al para encender la luz de alarma. Hay que reactivar, no expropiar\u201d, sentenci\u00f3.<\/p>\n","protected":false},"excerpt":{"rendered":"<p>\u201cLa expropiaci\u00f3n de Vicent\u00edn por parte del Estado solo traer\u00e1 corrupci\u00f3n y deudas millonarias a cargo de los argentinos\u201d, opin\u00f3 el diputado provincial de la UCR-Cambiemos.<\/p>\n","protected":false},"author":2,"featured_media":44289,"comment_status":"open","ping_status":"open","sticky":false,"template":"","format":"standard","meta":{"fifu_image_url":"","fifu_image_alt":"","footnotes":""},"categories":[16],"tags":[1529,1549],"class_list":{"0":"post-44288","1":"post","2":"type-post","3":"status-publish","4":"format-standard","5":"has-post-thumbnail","7":"category-politi","8":"tag-julian-maneiro","9":"tag-vicentin"},"yoast_head":"<title>Juli\u00e1n Maneiro: \u201cHay que reactivar, no expropiar\u201d - Informe Litoral<\/title>\n<meta name=\"robots\" content=\"index, follow, max-snippet:-1, max-image-preview:large, max-video-preview:-1\" \/>\n<link rel=\"canonical\" href=\"https:\/\/informelitoral.com.ar\/julian-maneiro-hay-que-reactivar-no-expropiar\/\" \/>\n<meta property=\"og:locale\" content=\"es_ES\" \/>\n<meta property=\"og:type\" content=\"article\" \/>\n<meta property=\"og:title\" content=\"Juli\u00e1n Maneiro: \u201cHay que reactivar, no expropiar\u201d - Informe Litoral\" \/>\n<meta property=\"og:description\" content=\"\u201cLa expropiaci\u00f3n de Vicent\u00edn por parte del Estado solo traer\u00e1 corrupci\u00f3n y deudas millonarias a cargo de los argentinos\u201d, opin\u00f3 el diputado provincial de la UCR-Cambiemos.\" \/>\n<meta property=\"og:url\" content=\"https:\/\/informelitoral.com.ar\/julian-maneiro-hay-que-reactivar-no-expropiar\/\" \/>\n<meta property=\"og:site_name\" content=\"Informe Litoral\" \/>\n<meta property=\"article:publisher\" content=\"https:\/\/www.facebook.com\/informelitoral\/\" \/>\n<meta property=\"article:published_time\" content=\"2020-06-10T10:06:56+00:00\" \/>\n<meta property=\"article:modified_time\" content=\"2020-06-10T10:09:25+00:00\" \/>\n<meta property=\"og:image\" content=\"https:\/\/informelitoral.com.ar\/%77%70%2d%63%6f%6e%74%65%6e%74\/uploads\/2020\/06\/Maneiro-Juli\u00e1n.jpg\" \/>\n\t<meta property=\"og:image:width\" content=\"960\" \/>\n\t<meta property=\"og:image:height\" content=\"1280\" \/>\n\t<meta property=\"og:image:type\" content=\"image\/jpeg\" \/>\n<meta name=\"author\" content=\"Gonzalo Schmidt\" \/>\n<meta name=\"twitter:card\" content=\"summary_large_image\" \/>\n<meta name=\"twitter:creator\" content=\"@InformeLitoral\" \/>\n<meta name=\"twitter:site\" content=\"@InformeLitoral\" \/>\n<meta name=\"twitter:label1\" content=\"Escrito por\" \/>\n\t<meta name=\"twitter:data1\" content=\"Gonzalo Schmidt\" \/>\n\t<meta name=\"twitter:label2\" content=\"Tiempo de lectura\" \/>\n\t<meta name=\"twitter:data2\" content=\"2 minutos\" \/>\n<script type=\"application\/ld+json\" class=\"yoast-schema-graph\">{\"@context\":\"https:\\\/\\\/schema.org\",\"@graph\":[{\"@type\":\"Article\",\"@id\":\"https:\\\/\\\/informelitoral.com.ar\\\/julian-maneiro-hay-que-reactivar-no-expropiar\\\/#article\",\"isPartOf\":{\"@id\":\"https:\\\/\\\/informelitoral.com.ar\\\/julian-maneiro-hay-que-reactivar-no-expropiar\\\/\"},\"author\":{\"name\":\"Gonzalo Schmidt\",\"@id\":\"https:\\\/\\\/informelitoral.com.ar\\\/#\\\/schema\\\/person\\\/b9d00407c836482871ef1d57bf8e3180\"},\"headline\":\"Juli\u00e1n Maneiro: \u201cHay que reactivar, no expropiar\u201d\",\"datePublished\":\"2020-06-10T10:06:56+00:00\",\"dateModified\":\"2020-06-10T10:09:25+00:00\",\"mainEntityOfPage\":{\"@id\":\"https:\\\/\\\/informelitoral.com.ar\\\/julian-maneiro-hay-que-reactivar-no-expropiar\\\/\"},\"wordCount\":454,\"commentCount\":0,\"publisher\":{\"@id\":\"https:\\\/\\\/informelitoral.com.ar\\\/#organization\"},\"image\":{\"@id\":\"https:\\\/\\\/informelitoral.com.ar\\\/julian-maneiro-hay-que-reactivar-no-expropiar\\\/#primaryimage\"},\"thumbnailUrl\":\"https:\\\/\\\/informelitoral.com.ar\\\/%77%70%2d%63%6f%6e%74%65%6e%74\\\/uploads\\\/2020\\\/06\\\/Maneiro-Juli\u00e1n.jpg\",\"keywords\":[\"Juli\u00e1n Maneiro\",\"Vicentin\"],\"articleSection\":[\"Politica\"],\"inLanguage\":\"es\",\"potentialAction\":[{\"@type\":\"CommentAction\",\"name\":\"Comment\",\"target\":[\"https:\\\/\\\/informelitoral.com.ar\\\/julian-maneiro-hay-que-reactivar-no-expropiar\\\/#respond\"]}]},{\"@type\":\"WebPage\",\"@id\":\"https:\\\/\\\/informelitoral.com.ar\\\/julian-maneiro-hay-que-reactivar-no-expropiar\\\/\",\"url\":\"https:\\\/\\\/informelitoral.com.ar\\\/julian-maneiro-hay-que-reactivar-no-expropiar\\\/\",\"name\":\"Juli\u00e1n Maneiro: \u201cHay que reactivar, no expropiar\u201d - Informe Litoral\",\"isPartOf\":{\"@id\":\"https:\\\/\\\/informelitoral.com.ar\\\/#website\"},\"primaryImageOfPage\":{\"@id\":\"https:\\\/\\\/informelitoral.com.ar\\\/julian-maneiro-hay-que-reactivar-no-expropiar\\\/#primaryimage\"},\"image\":{\"@id\":\"https:\\\/\\\/informelitoral.com.ar\\\/julian-maneiro-hay-que-reactivar-no-expropiar\\\/#primaryimage\"},\"thumbnailUrl\":\"https:\\\/\\\/informelitoral.com.ar\\\/%77%70%2d%63%6f%6e%74%65%6e%74\\\/uploads\\\/2020\\\/06\\\/Maneiro-Juli\u00e1n.jpg\",\"datePublished\":\"2020-06-10T10:06:56+00:00\",\"dateModified\":\"2020-06-10T10:09:25+00:00\",\"breadcrumb\":{\"@id\":\"https:\\\/\\\/informelitoral.com.ar\\\/julian-maneiro-hay-que-reactivar-no-expropiar\\\/#breadcrumb\"},\"inLanguage\":\"es\",\"potentialAction\":[{\"@type\":\"ReadAction\",\"target\":[\"https:\\\/\\\/informelitoral.com.ar\\\/julian-maneiro-hay-que-reactivar-no-expropiar\\\/\"]}]},{\"@type\":\"ImageObject\",\"inLanguage\":\"es\",\"@id\":\"https:\\\/\\\/informelitoral.com.ar\\\/julian-maneiro-hay-que-reactivar-no-expropiar\\\/#primaryimage\",\"url\":\"https:\\\/\\\/informelitoral.com.ar\\\/%77%70%2d%63%6f%6e%74%65%6e%74\\\/uploads\\\/2020\\\/06\\\/Maneiro-Juli\u00e1n.jpg\",\"contentUrl\":\"https:\\\/\\\/informelitoral.com.ar\\\/%77%70%2d%63%6f%6e%74%65%6e%74\\\/uploads\\\/2020\\\/06\\\/Maneiro-Juli\u00e1n.jpg\",\"width\":960,\"height\":1280},{\"@type\":\"BreadcrumbList\",\"@id\":\"https:\\\/\\\/informelitoral.com.ar\\\/julian-maneiro-hay-que-reactivar-no-expropiar\\\/#breadcrumb\",\"itemListElement\":[{\"@type\":\"ListItem\",\"position\":1,\"name\":\"Portada\",\"item\":\"https:\\\/\\\/informelitoral.com.ar\\\/\"},{\"@type\":\"ListItem\",\"position\":2,\"name\":\"Juli\u00e1n Maneiro: \u201cHay que reactivar, no expropiar\u201d\"}]},{\"@type\":\"WebSite\",\"@id\":\"https:\\\/\\\/informelitoral.com.ar\\\/#website\",\"url\":\"https:\\\/\\\/informelitoral.com.ar\\\/\",\"name\":\"Informe Litoral\",\"description\":\"&quot;Nos informamos&quot; \",\"publisher\":{\"@id\":\"https:\\\/\\\/informelitoral.com.ar\\\/#organization\"},\"potentialAction\":[{\"@type\":\"SearchAction\",\"target\":{\"@type\":\"EntryPoint\",\"urlTemplate\":\"https:\\\/\\\/informelitoral.com.ar\\\/?s={search_term_string}\"},\"query-input\":{\"@type\":\"PropertyValueSpecification\",\"valueRequired\":true,\"valueName\":\"search_term_string\"}}],\"inLanguage\":\"es\"},{\"@type\":\"Organization\",\"@id\":\"https:\\\/\\\/informelitoral.com.ar\\\/#organization\",\"name\":\"Informe Litoral\",\"url\":\"https:\\\/\\\/informelitoral.com.ar\\\/\",\"logo\":{\"@type\":\"ImageObject\",\"inLanguage\":\"es\",\"@id\":\"https:\\\/\\\/informelitoral.com.ar\\\/#\\\/schema\\\/logo\\\/image\\\/\",\"url\":\"https:\\\/\\\/informelitoral.com.ar\\\/%77%70%2d%63%6f%6e%74%65%6e%74\\\/uploads\\\/2021\\\/01\\\/circulo.png\",\"contentUrl\":\"https:\\\/\\\/informelitoral.com.ar\\\/%77%70%2d%63%6f%6e%74%65%6e%74\\\/uploads\\\/2021\\\/01\\\/circulo.png\",\"width\":723,\"height\":731,\"caption\":\"Informe Litoral\"},\"image\":{\"@id\":\"https:\\\/\\\/informelitoral.com.ar\\\/#\\\/schema\\\/logo\\\/image\\\/\"},\"sameAs\":[\"https:\\\/\\\/www.facebook.com\\\/informelitoral\\\/\",\"https:\\\/\\\/x.com\\\/InformeLitoral\",\"https:\\\/\\\/www.instagram.com\\\/informelitoral\\\/\",\"https:\\\/\\\/www.youtube.com\\\/channel\\\/UCua4Qvz8Icb6MYqhoq9xLXw\"]},{\"@type\":\"Person\",\"@id\":\"https:\\\/\\\/informelitoral.com.ar\\\/#\\\/schema\\\/person\\\/b9d00407c836482871ef1d57bf8e3180\",\"name\":\"Gonzalo Schmidt\",\"image\":{\"@type\":\"ImageObject\",\"inLanguage\":\"es\",\"@id\":\"https:\\\/\\\/secure.gravatar.com\\\/avatar\\\/31a1a7b66ff2de83bd0e9fd79d026630d2d99e55e8bfe501287647b4fd9743de?s=96&d=mm&r=g\",\"url\":\"https:\\\/\\\/secure.gravatar.com\\\/avatar\\\/31a1a7b66ff2de83bd0e9fd79d026630d2d99e55e8bfe501287647b4fd9743de?s=96&d=mm&r=g\",\"contentUrl\":\"https:\\\/\\\/secure.gravatar.com\\\/avatar\\\/31a1a7b66ff2de83bd0e9fd79d026630d2d99e55e8bfe501287647b4fd9743de?s=96&d=mm&r=g\",\"caption\":\"Gonzalo Schmidt\"},\"description\":\"Sitio web de noticias de la provincia de Entre R\u00edos, Argentina. Informaci\u00f3n y entretenimiento. Informe Litoral, nos informamos.\",\"sameAs\":[\"http:\\\/\\\/www.isletasnoticias.com.ar\"],\"url\":\"https:\\\/\\\/informelitoral.com.ar\\\/author\\\/gonzalo\\\/\"}]}<\/script>","yoast_head_json":{"title":"Juli\u00e1n Maneiro: \u201cHay que reactivar, no expropiar\u201d - Informe Litoral","robots":{"index":"index","follow":"follow","max-snippet":"max-snippet:-1","max-image-preview":"max-image-preview:large","max-video-preview":"max-video-preview:-1"},"canonical":"https:\/\/informelitoral.com.ar\/julian-maneiro-hay-que-reactivar-no-expropiar\/","og_locale":"es_ES","og_type":"article","og_title":"Juli\u00e1n Maneiro: \u201cHay que reactivar, no expropiar\u201d - Informe Litoral","og_description":"\u201cLa expropiaci\u00f3n de Vicent\u00edn por parte del Estado solo traer\u00e1 corrupci\u00f3n y deudas millonarias a cargo de los argentinos\u201d, opin\u00f3 el diputado provincial de la UCR-Cambiemos.","og_url":"https:\/\/informelitoral.com.ar\/julian-maneiro-hay-que-reactivar-no-expropiar\/","og_site_name":"Informe Litoral","article_publisher":"https:\/\/www.facebook.com\/informelitoral\/","article_published_time":"2020-06-10T10:06:56+00:00","article_modified_time":"2020-06-10T10:09:25+00:00","og_image":[{"width":960,"height":1280,"url":"https:\/\/informelitoral.com.ar\/%77%70%2d%63%6f%6e%74%65%6e%74\/uploads\/2020\/06\/Maneiro-Juli\u00e1n.jpg","type":"image\/jpeg"}],"author":"Gonzalo Schmidt","twitter_card":"summary_large_image","twitter_creator":"@InformeLitoral","twitter_site":"@InformeLitoral","twitter_misc":{"Escrito por":"Gonzalo Schmidt","Tiempo de lectura":"2 minutos"},"schema":{"@context":"https:\/\/schema.org","@graph":[{"@type":"Article","@id":"https:\/\/informelitoral.com.ar\/julian-maneiro-hay-que-reactivar-no-expropiar\/#article","isPartOf":{"@id":"https:\/\/informelitoral.com.ar\/julian-maneiro-hay-que-reactivar-no-expropiar\/"},"author":{"name":"Gonzalo Schmidt","@id":"https:\/\/informelitoral.com.ar\/#\/schema\/person\/b9d00407c836482871ef1d57bf8e3180"},"headline":"Juli\u00e1n Maneiro: \u201cHay que reactivar, no expropiar\u201d","datePublished":"2020-06-10T10:06:56+00:00","dateModified":"2020-06-10T10:09:25+00:00","mainEntityOfPage":{"@id":"https:\/\/informelitoral.com.ar\/julian-maneiro-hay-que-reactivar-no-expropiar\/"},"wordCount":454,"commentCount":0,"publisher":{"@id":"https:\/\/informelitoral.com.ar\/#organization"},"image":{"@id":"https:\/\/informelitoral.com.ar\/julian-maneiro-hay-que-reactivar-no-expropiar\/#primaryimage"},"thumbnailUrl":"https:\/\/informelitoral.com.ar\/%77%70%2d%63%6f%6e%74%65%6e%74\/uploads\/2020\/06\/Maneiro-Juli\u00e1n.jpg","keywords":["Juli\u00e1n Maneiro","Vicentin"],"articleSection":["Politica"],"inLanguage":"es","potentialAction":[{"@type":"CommentAction","name":"Comment","target":["https:\/\/informelitoral.com.ar\/julian-maneiro-hay-que-reactivar-no-expropiar\/#respond"]}]},{"@type":"WebPage","@id":"https:\/\/informelitoral.com.ar\/julian-maneiro-hay-que-reactivar-no-expropiar\/","url":"https:\/\/informelitoral.com.ar\/julian-maneiro-hay-que-reactivar-no-expropiar\/","name":"Juli\u00e1n Maneiro: \u201cHay que reactivar, no expropiar\u201d - Informe Litoral","isPartOf":{"@id":"https:\/\/informelitoral.com.ar\/#website"},"primaryImageOfPage":{"@id":"https:\/\/informelitoral.com.ar\/julian-maneiro-hay-que-reactivar-no-expropiar\/#primaryimage"},"image":{"@id":"https:\/\/informelitoral.com.ar\/julian-maneiro-hay-que-reactivar-no-expropiar\/#primaryimage"},"thumbnailUrl":"https:\/\/informelitoral.com.ar\/%77%70%2d%63%6f%6e%74%65%6e%74\/uploads\/2020\/06\/Maneiro-Juli\u00e1n.jpg","datePublished":"2020-06-10T10:06:56+00:00","dateModified":"2020-06-10T10:09:25+00:00","breadcrumb":{"@id":"https:\/\/informelitoral.com.ar\/julian-maneiro-hay-que-reactivar-no-expropiar\/#breadcrumb"},"inLanguage":"es","potentialAction":[{"@type":"ReadAction","target":["https:\/\/informelitoral.com.ar\/julian-maneiro-hay-que-reactivar-no-expropiar\/"]}]},{"@type":"ImageObject","inLanguage":"es","@id":"https:\/\/informelitoral.com.ar\/julian-maneiro-hay-que-reactivar-no-expropiar\/#primaryimage","url":"https:\/\/informelitoral.com.ar\/%77%70%2d%63%6f%6e%74%65%6e%74\/uploads\/2020\/06\/Maneiro-Juli\u00e1n.jpg","contentUrl":"https:\/\/informelitoral.com.ar\/%77%70%2d%63%6f%6e%74%65%6e%74\/uploads\/2020\/06\/Maneiro-Juli\u00e1n.jpg","width":960,"height":1280},{"@type":"BreadcrumbList","@id":"https:\/\/informelitoral.com.ar\/julian-maneiro-hay-que-reactivar-no-expropiar\/#breadcrumb","itemListElement":[{"@type":"ListItem","position":1,"name":"Portada","item":"https:\/\/informelitoral.com.ar\/"},{"@type":"ListItem","position":2,"name":"Juli\u00e1n Maneiro: \u201cHay que reactivar, no expropiar\u201d"}]},{"@type":"WebSite","@id":"https:\/\/informelitoral.com.ar\/#website","url":"https:\/\/informelitoral.com.ar\/","name":"Informe Litoral","description":"&quot;Nos informamos&quot; ","publisher":{"@id":"https:\/\/informelitoral.com.ar\/#organization"},"potentialAction":[{"@type":"SearchAction","target":{"@type":"EntryPoint","urlTemplate":"https:\/\/informelitoral.com.ar\/?s={search_term_string}"},"query-input":{"@type":"PropertyValueSpecification","valueRequired":true,"valueName":"search_term_string"}}],"inLanguage":"es"},{"@type":"Organization","@id":"https:\/\/informelitoral.com.ar\/#organization","name":"Informe Litoral","url":"https:\/\/informelitoral.com.ar\/","logo":{"@type":"ImageObject","inLanguage":"es","@id":"https:\/\/informelitoral.com.ar\/#\/schema\/logo\/image\/","url":"https:\/\/informelitoral.com.ar\/%77%70%2d%63%6f%6e%74%65%6e%74\/uploads\/2021\/01\/circulo.png","contentUrl":"https:\/\/informelitoral.com.ar\/%77%70%2d%63%6f%6e%74%65%6e%74\/uploads\/2021\/01\/circulo.png","width":723,"height":731,"caption":"Informe Litoral"},"image":{"@id":"https:\/\/informelitoral.com.ar\/#\/schema\/logo\/image\/"},"sameAs":["https:\/\/www.facebook.com\/informelitoral\/","https:\/\/x.com\/InformeLitoral","https:\/\/www.instagram.com\/informelitoral\/","https:\/\/www.youtube.com\/channel\/UCua4Qvz8Icb6MYqhoq9xLXw"]},{"@type":"Person","@id":"https:\/\/informelitoral.com.ar\/#\/schema\/person\/b9d00407c836482871ef1d57bf8e3180","name":"Gonzalo Schmidt","image":{"@type":"ImageObject","inLanguage":"es","@id":"https:\/\/secure.gravatar.com\/avatar\/31a1a7b66ff2de83bd0e9fd79d026630d2d99e55e8bfe501287647b4fd9743de?s=96&d=mm&r=g","url":"https:\/\/secure.gravatar.com\/avatar\/31a1a7b66ff2de83bd0e9fd79d026630d2d99e55e8bfe501287647b4fd9743de?s=96&d=mm&r=g","contentUrl":"https:\/\/secure.gravatar.com\/avatar\/31a1a7b66ff2de83bd0e9fd79d026630d2d99e55e8bfe501287647b4fd9743de?s=96&d=mm&r=g","caption":"Gonzalo Schmidt"},"description":"Sitio web de noticias de la provincia de Entre R\u00edos, Argentina. Informaci\u00f3n y entretenimiento. Informe Litoral, nos informamos.","sameAs":["http:\/\/www.isletasnoticias.com.ar"],"url":"https:\/\/informelitoral.com.ar\/author\/gonzalo\/"}]}},"_links":{"self":[{"href":"https:\/\/informelitoral.com.ar\/%77%70%2d%6a%73%6f%6e\/wp\/v2\/posts\/44288","targetHints":{"allow":["GET"]}}],"collection":[{"href":"https:\/\/informelitoral.com.ar\/%77%70%2d%6a%73%6f%6e\/wp\/v2\/posts"}],"about":[{"href":"https:\/\/informelitoral.com.ar\/%77%70%2d%6a%73%6f%6e\/wp\/v2\/types\/post"}],"author":[{"embeddable":true,"href":"https:\/\/informelitoral.com.ar\/%77%70%2d%6a%73%6f%6e\/wp\/v2\/users\/2"}],"replies":[{"embeddable":true,"href":"https:\/\/informelitoral.com.ar\/%77%70%2d%6a%73%6f%6e\/wp\/v2\/comments?post=44288"}],"version-history":[{"count":0,"href":"https:\/\/informelitoral.com.ar\/%77%70%2d%6a%73%6f%6e\/wp\/v2\/posts\/44288\/revisions"}],"wp:featuredmedia":[{"embeddable":true,"href":"https:\/\/informelitoral.com.ar\/%77%70%2d%6a%73%6f%6e\/wp\/v2\/media\/44289"}],"wp:attachment":[{"href":"https:\/\/informelitoral.com.ar\/%77%70%2d%6a%73%6f%6e\/wp\/v2\/media?parent=44288"}],"wp:term":[{"taxonomy":"category","embeddable":true,"href":"https:\/\/informelitoral.com.ar\/%77%70%2d%6a%73%6f%6e\/wp\/v2\/categories?post=44288"},{"taxonomy":"post_tag","embeddable":true,"href":"https:\/\/informelitoral.com.ar\/%77%70%2d%6a%73%6f%6e\/wp\/v2\/tags?post=44288"}],"curies":[{"name":"wp","href":"https:\/\/api.w.org\/{rel}","templated":true}]}}