{"id":4425,"date":"2013-11-26T10:43:59","date_gmt":"2013-11-26T13:43:59","guid":{"rendered":"http:\/\/www.isletasnoticias.com.ar\/?p=4425"},"modified":"2013-11-26T10:47:02","modified_gmt":"2013-11-26T13:47:02","slug":"tras-el-feriado-aumentan-las-naftas-desde-un-6","status":"publish","type":"post","link":"https:\/\/informelitoral.com.ar\/tras-el-feriado-aumentan-las-naftas-desde-un-6\/","title":{"rendered":"Tras el feriado aumentan las naftas desde un 6%"},"content":{"rendered":"<p style=\"text-align: left;\"><strong>Desde este lunes, la petrolera estatizada y Shell introdujeron subas en sus combustibles. Se espera que este martes, Esso tambi\u00e9n se sume a la medida. Por el momento, el incremento de YPF no incluye aceit<\/strong><strong>es, ni GNC.<\/strong><\/p>\n<p><a style=\"text-align: center;\" href=\"http:\/\/www.isletasnoticias.com.ar\/%77%70%2d%63%6f%6e%74%65%6e%74\/uploads\/2013\/11\/NAFTAS.jpg\"><img loading=\"lazy\" decoding=\"async\" class=\"size-medium wp-image-4426 aligncenter\" alt=\"NAFTAS\" src=\"http:\/\/www.isletasnoticias.com.ar\/%77%70%2d%63%6f%6e%74%65%6e%74\/uploads\/2013\/11\/NAFTAS-300x166.jpg\" width=\"300\" height=\"166\" srcset=\"https:\/\/informelitoral.com.ar\/%77%70%2d%63%6f%6e%74%65%6e%74\/uploads\/2013\/11\/NAFTAS-300x166.jpg 300w, https:\/\/informelitoral.com.ar\/%77%70%2d%63%6f%6e%74%65%6e%74\/uploads\/2013\/11\/NAFTAS.jpg 612w\" sizes=\"auto, (max-width: 300px) 100vw, 300px\" \/><\/a><strong style=\"text-align: center;\"><\/strong><\/p>\n<p>Las petroleras YPF y Shell impulsaron este lunes, subas en el precio de sus combustibles l\u00edquidos. La informaci\u00f3n se conoci\u00f3 luego de que el equipo econ\u00f3mico del Gobierno autorizara los aumentos escalonados en el precio de las naftas, sin que representaran oscilaciones bruscas.<\/p>\n<p>YPF aument\u00f3 el precio de sus combustibles l\u00edquidos el 6,5% promedio pa\u00eds, confirmaron fuentes de la compa\u00f1\u00eda. Al respecto se indic\u00f3 que, a\u00fan con este incremento, los precios de las naftas y gasoil \u00absiguen siendo los m\u00e1s bajos del mercado\u00bb, y destacaron que \u00aben ning\u00fan lugar del pa\u00eds las naftas de la compa\u00f1\u00eda cuestan al p\u00fablico por encima de los 10 pesos el litro\u00bb.<\/p>\n<p>Por otra parte, la firma Shell aument\u00f3 el precio de sus combustibles entre un 6 y un 7,5%.<\/p>\n<p>As\u00ed, el litro de la nafta V-Power pas\u00f3 a costar 9,66 pesos, el Diesel V-Power, $9,10, la nafta super, $8,83 y el F\u00f3rmula Diesel, $7,85.<\/p>\n<p>Por el momento, la suba de la petrolera estatizada no incluye aceites ni GNC. Desde la empresa aseguraron que el incremento es un \u00abacomodamiento de los productos de YPF al resto de la oferta del mercado. En lo que va del a\u00f1o, los combustibles de YPF aumentaron un 25 por ciento; indic\u00f3 <em>Informe Digital.\u00a0<\/em><\/p>\n<p>Fuentes del mercado consultadas por Infobae estiman que Esso tambi\u00e9n aumentar\u00e1 los precios este martes.<\/p>\n","protected":false},"excerpt":{"rendered":"<p>Desde este lunes, la petrolera estatizada y Shell introdujeron subas en sus combustibles. Se espera que este martes, Esso tambi&eacute;n se sume a la medida. Por el momento, el incremento de YPF no incluye aceites, ni GNC. Las petroleras YPF y Shell impulsaron este lunes, subas en el precio de sus combustibles l&iacute;quidos. La informaci&oacute;n [&hellip;]<\/p>\n","protected":false},"author":2,"featured_media":0,"comment_status":"open","ping_status":"open","sticky":false,"template":"","format":"standard","meta":{"fifu_image_url":"","fifu_image_alt":"","footnotes":""},"categories":[7],"tags":[],"class_list":{"0":"post-4425","1":"post","2":"type-post","3":"status-publish","4":"format-standard","6":"category-nacionales"},"yoast_head":"<title>Tras el feriado aumentan las naftas desde un 6% - Informe Litoral<\/title>\n<meta name=\"robots\" content=\"index, follow, max-snippet:-1, max-image-preview:large, max-video-preview:-1\" \/>\n<link rel=\"canonical\" href=\"https:\/\/informelitoral.com.ar\/tras-el-feriado-aumentan-las-naftas-desde-un-6\/\" \/>\n<meta property=\"og:locale\" content=\"es_ES\" \/>\n<meta property=\"og:type\" content=\"article\" \/>\n<meta property=\"og:title\" content=\"Tras el feriado aumentan las naftas desde un 6% - Informe Litoral\" \/>\n<meta property=\"og:description\" content=\"Desde este lunes, la petrolera estatizada y Shell introdujeron subas en sus combustibles. Se espera que este martes, Esso tambi&eacute;n se sume a la medida. Por el momento, el incremento de YPF no incluye aceites, ni GNC. Las petroleras YPF y Shell impulsaron este lunes, subas en el precio de sus combustibles l&iacute;quidos. La informaci&oacute;n [&hellip;]\" \/>\n<meta property=\"og:url\" content=\"https:\/\/informelitoral.com.ar\/tras-el-feriado-aumentan-las-naftas-desde-un-6\/\" \/>\n<meta property=\"og:site_name\" content=\"Informe Litoral\" \/>\n<meta property=\"article:publisher\" content=\"https:\/\/www.facebook.com\/informelitoral\/\" \/>\n<meta property=\"article:published_time\" content=\"2013-11-26T13:43:59+00:00\" \/>\n<meta property=\"article:modified_time\" content=\"2013-11-26T13:47:02+00:00\" \/>\n<meta property=\"og:image\" content=\"https:\/\/informelitoral.com.ar\/%77%70%2d%63%6f%6e%74%65%6e%74\/uploads\/2013\/11\/NAFTAS.jpg\" \/>\n\t<meta property=\"og:image:width\" content=\"612\" \/>\n\t<meta property=\"og:image:height\" content=\"340\" \/>\n\t<meta property=\"og:image:type\" content=\"image\/jpeg\" \/>\n<meta name=\"author\" content=\"Gonzalo Schmidt\" \/>\n<meta name=\"twitter:card\" content=\"summary_large_image\" \/>\n<meta name=\"twitter:creator\" content=\"@InformeLitoral\" \/>\n<meta name=\"twitter:site\" content=\"@InformeLitoral\" \/>\n<meta name=\"twitter:label1\" content=\"Escrito por\" \/>\n\t<meta name=\"twitter:data1\" content=\"Gonzalo Schmidt\" \/>\n\t<meta name=\"twitter:label2\" content=\"Tiempo de lectura\" \/>\n\t<meta name=\"twitter:data2\" content=\"1 minuto\" \/>\n<script type=\"application\/ld+json\" class=\"yoast-schema-graph\">{\"@context\":\"https:\\\/\\\/schema.org\",\"@graph\":[{\"@type\":\"Article\",\"@id\":\"https:\\\/\\\/informelitoral.com.ar\\\/tras-el-feriado-aumentan-las-naftas-desde-un-6\\\/#article\",\"isPartOf\":{\"@id\":\"https:\\\/\\\/informelitoral.com.ar\\\/tras-el-feriado-aumentan-las-naftas-desde-un-6\\\/\"},\"author\":{\"name\":\"Gonzalo Schmidt\",\"@id\":\"https:\\\/\\\/informelitoral.com.ar\\\/#\\\/schema\\\/person\\\/b9d00407c836482871ef1d57bf8e3180\"},\"headline\":\"Tras el feriado aumentan las naftas desde un 6%\",\"datePublished\":\"2013-11-26T13:43:59+00:00\",\"dateModified\":\"2013-11-26T13:47:02+00:00\",\"mainEntityOfPage\":{\"@id\":\"https:\\\/\\\/informelitoral.com.ar\\\/tras-el-feriado-aumentan-las-naftas-desde-un-6\\\/\"},\"wordCount\":272,\"commentCount\":0,\"publisher\":{\"@id\":\"https:\\\/\\\/informelitoral.com.ar\\\/#organization\"},\"image\":{\"@id\":\"https:\\\/\\\/informelitoral.com.ar\\\/tras-el-feriado-aumentan-las-naftas-desde-un-6\\\/#primaryimage\"},\"thumbnailUrl\":\"http:\\\/\\\/www.isletasnoticias.com.ar\\\/%77%70%2d%63%6f%6e%74%65%6e%74\\\/uploads\\\/2013\\\/11\\\/NAFTAS-300x166.jpg\",\"articleSection\":[\"Nacionales\"],\"inLanguage\":\"es\",\"potentialAction\":[{\"@type\":\"CommentAction\",\"name\":\"Comment\",\"target\":[\"https:\\\/\\\/informelitoral.com.ar\\\/tras-el-feriado-aumentan-las-naftas-desde-un-6\\\/#respond\"]}]},{\"@type\":\"WebPage\",\"@id\":\"https:\\\/\\\/informelitoral.com.ar\\\/tras-el-feriado-aumentan-las-naftas-desde-un-6\\\/\",\"url\":\"https:\\\/\\\/informelitoral.com.ar\\\/tras-el-feriado-aumentan-las-naftas-desde-un-6\\\/\",\"name\":\"Tras el feriado aumentan las naftas desde un 6% - Informe Litoral\",\"isPartOf\":{\"@id\":\"https:\\\/\\\/informelitoral.com.ar\\\/#website\"},\"primaryImageOfPage\":{\"@id\":\"https:\\\/\\\/informelitoral.com.ar\\\/tras-el-feriado-aumentan-las-naftas-desde-un-6\\\/#primaryimage\"},\"image\":{\"@id\":\"https:\\\/\\\/informelitoral.com.ar\\\/tras-el-feriado-aumentan-las-naftas-desde-un-6\\\/#primaryimage\"},\"thumbnailUrl\":\"http:\\\/\\\/www.isletasnoticias.com.ar\\\/%77%70%2d%63%6f%6e%74%65%6e%74\\\/uploads\\\/2013\\\/11\\\/NAFTAS-300x166.jpg\",\"datePublished\":\"2013-11-26T13:43:59+00:00\",\"dateModified\":\"2013-11-26T13:47:02+00:00\",\"breadcrumb\":{\"@id\":\"https:\\\/\\\/informelitoral.com.ar\\\/tras-el-feriado-aumentan-las-naftas-desde-un-6\\\/#breadcrumb\"},\"inLanguage\":\"es\",\"potentialAction\":[{\"@type\":\"ReadAction\",\"target\":[\"https:\\\/\\\/informelitoral.com.ar\\\/tras-el-feriado-aumentan-las-naftas-desde-un-6\\\/\"]}]},{\"@type\":\"ImageObject\",\"inLanguage\":\"es\",\"@id\":\"https:\\\/\\\/informelitoral.com.ar\\\/tras-el-feriado-aumentan-las-naftas-desde-un-6\\\/#primaryimage\",\"url\":\"http:\\\/\\\/www.isletasnoticias.com.ar\\\/%77%70%2d%63%6f%6e%74%65%6e%74\\\/uploads\\\/2013\\\/11\\\/NAFTAS-300x166.jpg\",\"contentUrl\":\"http:\\\/\\\/www.isletasnoticias.com.ar\\\/%77%70%2d%63%6f%6e%74%65%6e%74\\\/uploads\\\/2013\\\/11\\\/NAFTAS-300x166.jpg\"},{\"@type\":\"BreadcrumbList\",\"@id\":\"https:\\\/\\\/informelitoral.com.ar\\\/tras-el-feriado-aumentan-las-naftas-desde-un-6\\\/#breadcrumb\",\"itemListElement\":[{\"@type\":\"ListItem\",\"position\":1,\"name\":\"Portada\",\"item\":\"https:\\\/\\\/informelitoral.com.ar\\\/\"},{\"@type\":\"ListItem\",\"position\":2,\"name\":\"Tras el feriado aumentan las naftas desde un 6%\"}]},{\"@type\":\"WebSite\",\"@id\":\"https:\\\/\\\/informelitoral.com.ar\\\/#website\",\"url\":\"https:\\\/\\\/informelitoral.com.ar\\\/\",\"name\":\"Informe Litoral\",\"description\":\"&quot;Nos informamos&quot; \",\"publisher\":{\"@id\":\"https:\\\/\\\/informelitoral.com.ar\\\/#organization\"},\"potentialAction\":[{\"@type\":\"SearchAction\",\"target\":{\"@type\":\"EntryPoint\",\"urlTemplate\":\"https:\\\/\\\/informelitoral.com.ar\\\/?s={search_term_string}\"},\"query-input\":{\"@type\":\"PropertyValueSpecification\",\"valueRequired\":true,\"valueName\":\"search_term_string\"}}],\"inLanguage\":\"es\"},{\"@type\":\"Organization\",\"@id\":\"https:\\\/\\\/informelitoral.com.ar\\\/#organization\",\"name\":\"Informe Litoral\",\"url\":\"https:\\\/\\\/informelitoral.com.ar\\\/\",\"logo\":{\"@type\":\"ImageObject\",\"inLanguage\":\"es\",\"@id\":\"https:\\\/\\\/informelitoral.com.ar\\\/#\\\/schema\\\/logo\\\/image\\\/\",\"url\":\"https:\\\/\\\/informelitoral.com.ar\\\/%77%70%2d%63%6f%6e%74%65%6e%74\\\/uploads\\\/2021\\\/01\\\/circulo.png\",\"contentUrl\":\"https:\\\/\\\/informelitoral.com.ar\\\/%77%70%2d%63%6f%6e%74%65%6e%74\\\/uploads\\\/2021\\\/01\\\/circulo.png\",\"width\":723,\"height\":731,\"caption\":\"Informe Litoral\"},\"image\":{\"@id\":\"https:\\\/\\\/informelitoral.com.ar\\\/#\\\/schema\\\/logo\\\/image\\\/\"},\"sameAs\":[\"https:\\\/\\\/www.facebook.com\\\/informelitoral\\\/\",\"https:\\\/\\\/x.com\\\/InformeLitoral\",\"https:\\\/\\\/www.instagram.com\\\/informelitoral\\\/\",\"https:\\\/\\\/www.youtube.com\\\/channel\\\/UCua4Qvz8Icb6MYqhoq9xLXw\"]},{\"@type\":\"Person\",\"@id\":\"https:\\\/\\\/informelitoral.com.ar\\\/#\\\/schema\\\/person\\\/b9d00407c836482871ef1d57bf8e3180\",\"name\":\"Gonzalo Schmidt\",\"image\":{\"@type\":\"ImageObject\",\"inLanguage\":\"es\",\"@id\":\"https:\\\/\\\/secure.gravatar.com\\\/avatar\\\/31a1a7b66ff2de83bd0e9fd79d026630d2d99e55e8bfe501287647b4fd9743de?s=96&d=mm&r=g\",\"url\":\"https:\\\/\\\/secure.gravatar.com\\\/avatar\\\/31a1a7b66ff2de83bd0e9fd79d026630d2d99e55e8bfe501287647b4fd9743de?s=96&d=mm&r=g\",\"contentUrl\":\"https:\\\/\\\/secure.gravatar.com\\\/avatar\\\/31a1a7b66ff2de83bd0e9fd79d026630d2d99e55e8bfe501287647b4fd9743de?s=96&d=mm&r=g\",\"caption\":\"Gonzalo Schmidt\"},\"description\":\"Sitio web de noticias de la provincia de Entre R\u00edos, Argentina. Informaci\u00f3n y entretenimiento. Informe Litoral, nos informamos.\",\"sameAs\":[\"http:\\\/\\\/www.isletasnoticias.com.ar\"],\"url\":\"https:\\\/\\\/informelitoral.com.ar\\\/author\\\/gonzalo\\\/\"}]}<\/script>","yoast_head_json":{"title":"Tras el feriado aumentan las naftas desde un 6% - Informe Litoral","robots":{"index":"index","follow":"follow","max-snippet":"max-snippet:-1","max-image-preview":"max-image-preview:large","max-video-preview":"max-video-preview:-1"},"canonical":"https:\/\/informelitoral.com.ar\/tras-el-feriado-aumentan-las-naftas-desde-un-6\/","og_locale":"es_ES","og_type":"article","og_title":"Tras el feriado aumentan las naftas desde un 6% - Informe Litoral","og_description":"Desde este lunes, la petrolera estatizada y Shell introdujeron subas en sus combustibles. Se espera que este martes, Esso tambi&eacute;n se sume a la medida. Por el momento, el incremento de YPF no incluye aceites, ni GNC. Las petroleras YPF y Shell impulsaron este lunes, subas en el precio de sus combustibles l&iacute;quidos. La informaci&oacute;n [&hellip;]","og_url":"https:\/\/informelitoral.com.ar\/tras-el-feriado-aumentan-las-naftas-desde-un-6\/","og_site_name":"Informe Litoral","article_publisher":"https:\/\/www.facebook.com\/informelitoral\/","article_published_time":"2013-11-26T13:43:59+00:00","article_modified_time":"2013-11-26T13:47:02+00:00","og_image":[{"width":612,"height":340,"url":"https:\/\/informelitoral.com.ar\/%77%70%2d%63%6f%6e%74%65%6e%74\/uploads\/2013\/11\/NAFTAS.jpg","type":"image\/jpeg"}],"author":"Gonzalo Schmidt","twitter_card":"summary_large_image","twitter_creator":"@InformeLitoral","twitter_site":"@InformeLitoral","twitter_misc":{"Escrito por":"Gonzalo Schmidt","Tiempo de lectura":"1 minuto"},"schema":{"@context":"https:\/\/schema.org","@graph":[{"@type":"Article","@id":"https:\/\/informelitoral.com.ar\/tras-el-feriado-aumentan-las-naftas-desde-un-6\/#article","isPartOf":{"@id":"https:\/\/informelitoral.com.ar\/tras-el-feriado-aumentan-las-naftas-desde-un-6\/"},"author":{"name":"Gonzalo Schmidt","@id":"https:\/\/informelitoral.com.ar\/#\/schema\/person\/b9d00407c836482871ef1d57bf8e3180"},"headline":"Tras el feriado aumentan las naftas desde un 6%","datePublished":"2013-11-26T13:43:59+00:00","dateModified":"2013-11-26T13:47:02+00:00","mainEntityOfPage":{"@id":"https:\/\/informelitoral.com.ar\/tras-el-feriado-aumentan-las-naftas-desde-un-6\/"},"wordCount":272,"commentCount":0,"publisher":{"@id":"https:\/\/informelitoral.com.ar\/#organization"},"image":{"@id":"https:\/\/informelitoral.com.ar\/tras-el-feriado-aumentan-las-naftas-desde-un-6\/#primaryimage"},"thumbnailUrl":"http:\/\/www.isletasnoticias.com.ar\/%77%70%2d%63%6f%6e%74%65%6e%74\/uploads\/2013\/11\/NAFTAS-300x166.jpg","articleSection":["Nacionales"],"inLanguage":"es","potentialAction":[{"@type":"CommentAction","name":"Comment","target":["https:\/\/informelitoral.com.ar\/tras-el-feriado-aumentan-las-naftas-desde-un-6\/#respond"]}]},{"@type":"WebPage","@id":"https:\/\/informelitoral.com.ar\/tras-el-feriado-aumentan-las-naftas-desde-un-6\/","url":"https:\/\/informelitoral.com.ar\/tras-el-feriado-aumentan-las-naftas-desde-un-6\/","name":"Tras el feriado aumentan las naftas desde un 6% - Informe Litoral","isPartOf":{"@id":"https:\/\/informelitoral.com.ar\/#website"},"primaryImageOfPage":{"@id":"https:\/\/informelitoral.com.ar\/tras-el-feriado-aumentan-las-naftas-desde-un-6\/#primaryimage"},"image":{"@id":"https:\/\/informelitoral.com.ar\/tras-el-feriado-aumentan-las-naftas-desde-un-6\/#primaryimage"},"thumbnailUrl":"http:\/\/www.isletasnoticias.com.ar\/%77%70%2d%63%6f%6e%74%65%6e%74\/uploads\/2013\/11\/NAFTAS-300x166.jpg","datePublished":"2013-11-26T13:43:59+00:00","dateModified":"2013-11-26T13:47:02+00:00","breadcrumb":{"@id":"https:\/\/informelitoral.com.ar\/tras-el-feriado-aumentan-las-naftas-desde-un-6\/#breadcrumb"},"inLanguage":"es","potentialAction":[{"@type":"ReadAction","target":["https:\/\/informelitoral.com.ar\/tras-el-feriado-aumentan-las-naftas-desde-un-6\/"]}]},{"@type":"ImageObject","inLanguage":"es","@id":"https:\/\/informelitoral.com.ar\/tras-el-feriado-aumentan-las-naftas-desde-un-6\/#primaryimage","url":"http:\/\/www.isletasnoticias.com.ar\/%77%70%2d%63%6f%6e%74%65%6e%74\/uploads\/2013\/11\/NAFTAS-300x166.jpg","contentUrl":"http:\/\/www.isletasnoticias.com.ar\/%77%70%2d%63%6f%6e%74%65%6e%74\/uploads\/2013\/11\/NAFTAS-300x166.jpg"},{"@type":"BreadcrumbList","@id":"https:\/\/informelitoral.com.ar\/tras-el-feriado-aumentan-las-naftas-desde-un-6\/#breadcrumb","itemListElement":[{"@type":"ListItem","position":1,"name":"Portada","item":"https:\/\/informelitoral.com.ar\/"},{"@type":"ListItem","position":2,"name":"Tras el feriado aumentan las naftas desde un 6%"}]},{"@type":"WebSite","@id":"https:\/\/informelitoral.com.ar\/#website","url":"https:\/\/informelitoral.com.ar\/","name":"Informe Litoral","description":"&quot;Nos informamos&quot; ","publisher":{"@id":"https:\/\/informelitoral.com.ar\/#organization"},"potentialAction":[{"@type":"SearchAction","target":{"@type":"EntryPoint","urlTemplate":"https:\/\/informelitoral.com.ar\/?s={search_term_string}"},"query-input":{"@type":"PropertyValueSpecification","valueRequired":true,"valueName":"search_term_string"}}],"inLanguage":"es"},{"@type":"Organization","@id":"https:\/\/informelitoral.com.ar\/#organization","name":"Informe Litoral","url":"https:\/\/informelitoral.com.ar\/","logo":{"@type":"ImageObject","inLanguage":"es","@id":"https:\/\/informelitoral.com.ar\/#\/schema\/logo\/image\/","url":"https:\/\/informelitoral.com.ar\/%77%70%2d%63%6f%6e%74%65%6e%74\/uploads\/2021\/01\/circulo.png","contentUrl":"https:\/\/informelitoral.com.ar\/%77%70%2d%63%6f%6e%74%65%6e%74\/uploads\/2021\/01\/circulo.png","width":723,"height":731,"caption":"Informe Litoral"},"image":{"@id":"https:\/\/informelitoral.com.ar\/#\/schema\/logo\/image\/"},"sameAs":["https:\/\/www.facebook.com\/informelitoral\/","https:\/\/x.com\/InformeLitoral","https:\/\/www.instagram.com\/informelitoral\/","https:\/\/www.youtube.com\/channel\/UCua4Qvz8Icb6MYqhoq9xLXw"]},{"@type":"Person","@id":"https:\/\/informelitoral.com.ar\/#\/schema\/person\/b9d00407c836482871ef1d57bf8e3180","name":"Gonzalo Schmidt","image":{"@type":"ImageObject","inLanguage":"es","@id":"https:\/\/secure.gravatar.com\/avatar\/31a1a7b66ff2de83bd0e9fd79d026630d2d99e55e8bfe501287647b4fd9743de?s=96&d=mm&r=g","url":"https:\/\/secure.gravatar.com\/avatar\/31a1a7b66ff2de83bd0e9fd79d026630d2d99e55e8bfe501287647b4fd9743de?s=96&d=mm&r=g","contentUrl":"https:\/\/secure.gravatar.com\/avatar\/31a1a7b66ff2de83bd0e9fd79d026630d2d99e55e8bfe501287647b4fd9743de?s=96&d=mm&r=g","caption":"Gonzalo Schmidt"},"description":"Sitio web de noticias de la provincia de Entre R\u00edos, Argentina. Informaci\u00f3n y entretenimiento. Informe Litoral, nos informamos.","sameAs":["http:\/\/www.isletasnoticias.com.ar"],"url":"https:\/\/informelitoral.com.ar\/author\/gonzalo\/"}]}},"_links":{"self":[{"href":"https:\/\/informelitoral.com.ar\/%77%70%2d%6a%73%6f%6e\/wp\/v2\/posts\/4425","targetHints":{"allow":["GET"]}}],"collection":[{"href":"https:\/\/informelitoral.com.ar\/%77%70%2d%6a%73%6f%6e\/wp\/v2\/posts"}],"about":[{"href":"https:\/\/informelitoral.com.ar\/%77%70%2d%6a%73%6f%6e\/wp\/v2\/types\/post"}],"author":[{"embeddable":true,"href":"https:\/\/informelitoral.com.ar\/%77%70%2d%6a%73%6f%6e\/wp\/v2\/users\/2"}],"replies":[{"embeddable":true,"href":"https:\/\/informelitoral.com.ar\/%77%70%2d%6a%73%6f%6e\/wp\/v2\/comments?post=4425"}],"version-history":[{"count":0,"href":"https:\/\/informelitoral.com.ar\/%77%70%2d%6a%73%6f%6e\/wp\/v2\/posts\/4425\/revisions"}],"wp:attachment":[{"href":"https:\/\/informelitoral.com.ar\/%77%70%2d%6a%73%6f%6e\/wp\/v2\/media?parent=4425"}],"wp:term":[{"taxonomy":"category","embeddable":true,"href":"https:\/\/informelitoral.com.ar\/%77%70%2d%6a%73%6f%6e\/wp\/v2\/categories?post=4425"},{"taxonomy":"post_tag","embeddable":true,"href":"https:\/\/informelitoral.com.ar\/%77%70%2d%6a%73%6f%6e\/wp\/v2\/tags?post=4425"}],"curies":[{"name":"wp","href":"https:\/\/api.w.org\/{rel}","templated":true}]}}