{"id":44183,"date":"2020-06-07T11:30:13","date_gmt":"2020-06-07T14:30:13","guid":{"rendered":"https:\/\/www.isletasnoticias.com.ar\/?p=44183"},"modified":"2020-06-07T11:30:13","modified_gmt":"2020-06-07T14:30:13","slug":"debemos-encontrar-un-punto-de-equilibrio-para-el-seguro-desarrollo-laboral-de-la-actividad-carnica","status":"publish","type":"post","link":"https:\/\/informelitoral.com.ar\/debemos-encontrar-un-punto-de-equilibrio-para-el-seguro-desarrollo-laboral-de-la-actividad-carnica\/","title":{"rendered":"\u201cDebemos encontrar un punto de equilibrio para el seguro desarrollo laboral de la actividad c\u00e1rnica\u201d"},"content":{"rendered":"<p>En consonancia con lo expuesto por la Federaci\u00f3n Gremial del Personal de la Industria de la Carne y sus Derivados, que conduce Alberto Jos\u00e9 Fantini, desde el <strong>Sindicato de la Carne Diamante-Crespo<\/strong>, que conduce <strong>Elbio Schaab<\/strong>, solicitaron que, ante la aparici\u00f3n reciente de casos de COVID-19 positivo en trabajadores de plantas frigor\u00edficas en algunos lugares del pa\u00eds, \u00abse comunique en todos los lugares y de modo fehaciente qui\u00e9n es la autoridad nacional, provincial o municipal determinada para establecer qu\u00e9 planta frigor\u00edfica, matadero, despostadero o actividad del sector se encuentra habilitada\u201d.<\/p>\n<p>Seg\u00fan explicaron en un texto enviado a <strong><em>Isletas Noticias,<\/em><\/strong> el objetivo es que los trabajadores puedan ingresar a desarrollar sus tareas con tranquilidad, incluso luego de que se haya comprobado alg\u00fan caso positivo y se hayan accionado y cumplimentado todos y cada uno de los protocolos pertinentes para esa situaci\u00f3n.<\/p>\n<p>\u201cA nuestros trabajadores queremos llevarles tranquilidad y manifestarles que a nivel nacional se est\u00e1 siguiendo constantemente la evoluci\u00f3n de los trabajadores afectados, y que por ahora todos se encuentran recuper\u00e1ndose, fuera de riesgo. En nuestro caso, afortunadamente sin trabajadores contagiados hasta el momento, estamos plenamente abocados al cumplimiento de los protocolos y a que el personal perteneciente a grupos de riesgo cumpla con el aislamiento correspondiente, a la vez que nos encontramos activos, alertas y solidarios con todos los trabajadores y la actividad c\u00e1rnica en su conjunto\u201d, dijo Schaab.<\/p>\n<p>\u201cEl momento actual por el que atraviesa el mundo, la Argentina y nuestra actividad en particular hace que la salud se transforme en un tema trascendental. Estamos preocupados por la salud de nuestra gente, porque entendemos que primero est\u00e1 preservar la vida. Por eso desde la Federaci\u00f3n de la Carne en su conjunto se ha participado activamente en la conformaci\u00f3n de un protocolo sanitario para la actividad, conjuntamente con los Ministerios de Trabajo, Salud, Agricultura; Interior, Senasa y la Superintendencia de Riesgos de Trabajo. Pero son los funcionarios competentes los que definen c\u00f3mo se debe funcionar frente a la pandemia. En nuestro caso, brindamos total apoyo a las decisiones del gobierno nacional respecto a la pandemia y entendemos la necesidad de encontrar un punto de equilibrio para el seguro desarrollo laboral en la actividad c\u00e1rnica\u201d, opin\u00f3.<\/p>\n<p>\u201cDesde el Sindicato de la Carne Diamante Crespo queremos llevar tranquilidad a nuestros trabajadores y ratificar que seguiremos exigiendo en forma permanente el cumplimiento de los protocolos y cuidados que se deben ofrecer desde las empresas del sector para as\u00ed proteger y velar por los derechos e intereses de nuestra gente\u201d, agreg\u00f3.<\/p>\n","protected":false},"excerpt":{"rendered":"<p>El secretario general del Sindicato de la Carne, Elbio Schaab, analiz\u00f3 la situaci\u00f3n del sector, entre los casos de Covid-19 que aparecieron a nivel nacional y la necesidad de seguir cumpliendo tareas resguardando la salud de cada trabajador.<\/p>\n","protected":false},"author":2,"featured_media":44184,"comment_status":"open","ping_status":"open","sticky":false,"template":"","format":"standard","meta":{"fifu_image_url":"","fifu_image_alt":"","footnotes":""},"categories":[6],"tags":[389,1426,1061],"class_list":{"0":"post-44183","1":"post","2":"type-post","3":"status-publish","4":"format-standard","5":"has-post-thumbnail","7":"category-entre-rios","8":"tag-carne","9":"tag-coronavirus","10":"tag-frigorificos"},"yoast_head":"<title>\u201cDebemos encontrar un punto de equilibrio para el seguro desarrollo laboral de la actividad c\u00e1rnica\u201d - Informe Litoral<\/title>\n<meta name=\"robots\" content=\"index, follow, max-snippet:-1, max-image-preview:large, max-video-preview:-1\" \/>\n<link rel=\"canonical\" href=\"https:\/\/informelitoral.com.ar\/debemos-encontrar-un-punto-de-equilibrio-para-el-seguro-desarrollo-laboral-de-la-actividad-carnica\/\" \/>\n<meta property=\"og:locale\" content=\"es_ES\" \/>\n<meta property=\"og:type\" content=\"article\" \/>\n<meta property=\"og:title\" content=\"\u201cDebemos encontrar un punto de equilibrio para el seguro desarrollo laboral de la actividad c\u00e1rnica\u201d - Informe Litoral\" \/>\n<meta property=\"og:description\" content=\"El secretario general del Sindicato de la Carne, Elbio Schaab, analiz\u00f3 la situaci\u00f3n del sector, entre los casos de Covid-19 que aparecieron a nivel nacional y la necesidad de seguir cumpliendo tareas resguardando la salud de cada trabajador.\" \/>\n<meta property=\"og:url\" content=\"https:\/\/informelitoral.com.ar\/debemos-encontrar-un-punto-de-equilibrio-para-el-seguro-desarrollo-laboral-de-la-actividad-carnica\/\" \/>\n<meta property=\"og:site_name\" content=\"Informe Litoral\" \/>\n<meta property=\"article:publisher\" content=\"https:\/\/www.facebook.com\/informelitoral\/\" \/>\n<meta property=\"article:published_time\" content=\"2020-06-07T14:30:13+00:00\" \/>\n<meta property=\"og:image\" content=\"https:\/\/informelitoral.com.ar\/%77%70%2d%63%6f%6e%74%65%6e%74\/uploads\/2020\/06\/206d742f-30eb-4bc6-9b31-62e7db3c1987.jpg\" \/>\n\t<meta property=\"og:image:width\" content=\"1279\" \/>\n\t<meta property=\"og:image:height\" content=\"1154\" \/>\n\t<meta property=\"og:image:type\" content=\"image\/jpeg\" \/>\n<meta name=\"author\" content=\"Gonzalo Schmidt\" \/>\n<meta name=\"twitter:card\" content=\"summary_large_image\" \/>\n<meta name=\"twitter:creator\" content=\"@InformeLitoral\" \/>\n<meta name=\"twitter:site\" content=\"@InformeLitoral\" \/>\n<meta name=\"twitter:label1\" content=\"Escrito por\" \/>\n\t<meta name=\"twitter:data1\" content=\"Gonzalo Schmidt\" \/>\n\t<meta name=\"twitter:label2\" content=\"Tiempo de lectura\" \/>\n\t<meta name=\"twitter:data2\" content=\"2 minutos\" \/>\n<script type=\"application\/ld+json\" class=\"yoast-schema-graph\">{\"@context\":\"https:\\\/\\\/schema.org\",\"@graph\":[{\"@type\":\"Article\",\"@id\":\"https:\\\/\\\/informelitoral.com.ar\\\/debemos-encontrar-un-punto-de-equilibrio-para-el-seguro-desarrollo-laboral-de-la-actividad-carnica\\\/#article\",\"isPartOf\":{\"@id\":\"https:\\\/\\\/informelitoral.com.ar\\\/debemos-encontrar-un-punto-de-equilibrio-para-el-seguro-desarrollo-laboral-de-la-actividad-carnica\\\/\"},\"author\":{\"name\":\"Gonzalo Schmidt\",\"@id\":\"https:\\\/\\\/informelitoral.com.ar\\\/#\\\/schema\\\/person\\\/b9d00407c836482871ef1d57bf8e3180\"},\"headline\":\"\u201cDebemos encontrar un punto de equilibrio para el seguro desarrollo laboral de la actividad c\u00e1rnica\u201d\",\"datePublished\":\"2020-06-07T14:30:13+00:00\",\"mainEntityOfPage\":{\"@id\":\"https:\\\/\\\/informelitoral.com.ar\\\/debemos-encontrar-un-punto-de-equilibrio-para-el-seguro-desarrollo-laboral-de-la-actividad-carnica\\\/\"},\"wordCount\":449,\"commentCount\":0,\"publisher\":{\"@id\":\"https:\\\/\\\/informelitoral.com.ar\\\/#organization\"},\"image\":{\"@id\":\"https:\\\/\\\/informelitoral.com.ar\\\/debemos-encontrar-un-punto-de-equilibrio-para-el-seguro-desarrollo-laboral-de-la-actividad-carnica\\\/#primaryimage\"},\"thumbnailUrl\":\"https:\\\/\\\/informelitoral.com.ar\\\/%77%70%2d%63%6f%6e%74%65%6e%74\\\/uploads\\\/2020\\\/06\\\/206d742f-30eb-4bc6-9b31-62e7db3c1987.jpg\",\"keywords\":[\"Carne\",\"Coronavirus\",\"Frigor\u00edficos\"],\"articleSection\":[\"Entre R\u00edos\"],\"inLanguage\":\"es\",\"potentialAction\":[{\"@type\":\"CommentAction\",\"name\":\"Comment\",\"target\":[\"https:\\\/\\\/informelitoral.com.ar\\\/debemos-encontrar-un-punto-de-equilibrio-para-el-seguro-desarrollo-laboral-de-la-actividad-carnica\\\/#respond\"]}]},{\"@type\":\"WebPage\",\"@id\":\"https:\\\/\\\/informelitoral.com.ar\\\/debemos-encontrar-un-punto-de-equilibrio-para-el-seguro-desarrollo-laboral-de-la-actividad-carnica\\\/\",\"url\":\"https:\\\/\\\/informelitoral.com.ar\\\/debemos-encontrar-un-punto-de-equilibrio-para-el-seguro-desarrollo-laboral-de-la-actividad-carnica\\\/\",\"name\":\"\u201cDebemos encontrar un punto de equilibrio para el seguro desarrollo laboral de la actividad c\u00e1rnica\u201d - Informe Litoral\",\"isPartOf\":{\"@id\":\"https:\\\/\\\/informelitoral.com.ar\\\/#website\"},\"primaryImageOfPage\":{\"@id\":\"https:\\\/\\\/informelitoral.com.ar\\\/debemos-encontrar-un-punto-de-equilibrio-para-el-seguro-desarrollo-laboral-de-la-actividad-carnica\\\/#primaryimage\"},\"image\":{\"@id\":\"https:\\\/\\\/informelitoral.com.ar\\\/debemos-encontrar-un-punto-de-equilibrio-para-el-seguro-desarrollo-laboral-de-la-actividad-carnica\\\/#primaryimage\"},\"thumbnailUrl\":\"https:\\\/\\\/informelitoral.com.ar\\\/%77%70%2d%63%6f%6e%74%65%6e%74\\\/uploads\\\/2020\\\/06\\\/206d742f-30eb-4bc6-9b31-62e7db3c1987.jpg\",\"datePublished\":\"2020-06-07T14:30:13+00:00\",\"breadcrumb\":{\"@id\":\"https:\\\/\\\/informelitoral.com.ar\\\/debemos-encontrar-un-punto-de-equilibrio-para-el-seguro-desarrollo-laboral-de-la-actividad-carnica\\\/#breadcrumb\"},\"inLanguage\":\"es\",\"potentialAction\":[{\"@type\":\"ReadAction\",\"target\":[\"https:\\\/\\\/informelitoral.com.ar\\\/debemos-encontrar-un-punto-de-equilibrio-para-el-seguro-desarrollo-laboral-de-la-actividad-carnica\\\/\"]}]},{\"@type\":\"ImageObject\",\"inLanguage\":\"es\",\"@id\":\"https:\\\/\\\/informelitoral.com.ar\\\/debemos-encontrar-un-punto-de-equilibrio-para-el-seguro-desarrollo-laboral-de-la-actividad-carnica\\\/#primaryimage\",\"url\":\"https:\\\/\\\/informelitoral.com.ar\\\/%77%70%2d%63%6f%6e%74%65%6e%74\\\/uploads\\\/2020\\\/06\\\/206d742f-30eb-4bc6-9b31-62e7db3c1987.jpg\",\"contentUrl\":\"https:\\\/\\\/informelitoral.com.ar\\\/%77%70%2d%63%6f%6e%74%65%6e%74\\\/uploads\\\/2020\\\/06\\\/206d742f-30eb-4bc6-9b31-62e7db3c1987.jpg\",\"width\":1279,\"height\":1154},{\"@type\":\"BreadcrumbList\",\"@id\":\"https:\\\/\\\/informelitoral.com.ar\\\/debemos-encontrar-un-punto-de-equilibrio-para-el-seguro-desarrollo-laboral-de-la-actividad-carnica\\\/#breadcrumb\",\"itemListElement\":[{\"@type\":\"ListItem\",\"position\":1,\"name\":\"Portada\",\"item\":\"https:\\\/\\\/informelitoral.com.ar\\\/\"},{\"@type\":\"ListItem\",\"position\":2,\"name\":\"\u201cDebemos encontrar un punto de equilibrio para el seguro desarrollo laboral de la actividad c\u00e1rnica\u201d\"}]},{\"@type\":\"WebSite\",\"@id\":\"https:\\\/\\\/informelitoral.com.ar\\\/#website\",\"url\":\"https:\\\/\\\/informelitoral.com.ar\\\/\",\"name\":\"Informe Litoral\",\"description\":\"&quot;Nos informamos&quot; \",\"publisher\":{\"@id\":\"https:\\\/\\\/informelitoral.com.ar\\\/#organization\"},\"potentialAction\":[{\"@type\":\"SearchAction\",\"target\":{\"@type\":\"EntryPoint\",\"urlTemplate\":\"https:\\\/\\\/informelitoral.com.ar\\\/?s={search_term_string}\"},\"query-input\":{\"@type\":\"PropertyValueSpecification\",\"valueRequired\":true,\"valueName\":\"search_term_string\"}}],\"inLanguage\":\"es\"},{\"@type\":\"Organization\",\"@id\":\"https:\\\/\\\/informelitoral.com.ar\\\/#organization\",\"name\":\"Informe Litoral\",\"url\":\"https:\\\/\\\/informelitoral.com.ar\\\/\",\"logo\":{\"@type\":\"ImageObject\",\"inLanguage\":\"es\",\"@id\":\"https:\\\/\\\/informelitoral.com.ar\\\/#\\\/schema\\\/logo\\\/image\\\/\",\"url\":\"https:\\\/\\\/informelitoral.com.ar\\\/%77%70%2d%63%6f%6e%74%65%6e%74\\\/uploads\\\/2021\\\/01\\\/circulo.png\",\"contentUrl\":\"https:\\\/\\\/informelitoral.com.ar\\\/%77%70%2d%63%6f%6e%74%65%6e%74\\\/uploads\\\/2021\\\/01\\\/circulo.png\",\"width\":723,\"height\":731,\"caption\":\"Informe Litoral\"},\"image\":{\"@id\":\"https:\\\/\\\/informelitoral.com.ar\\\/#\\\/schema\\\/logo\\\/image\\\/\"},\"sameAs\":[\"https:\\\/\\\/www.facebook.com\\\/informelitoral\\\/\",\"https:\\\/\\\/x.com\\\/InformeLitoral\",\"https:\\\/\\\/www.instagram.com\\\/informelitoral\\\/\",\"https:\\\/\\\/www.youtube.com\\\/channel\\\/UCua4Qvz8Icb6MYqhoq9xLXw\"]},{\"@type\":\"Person\",\"@id\":\"https:\\\/\\\/informelitoral.com.ar\\\/#\\\/schema\\\/person\\\/b9d00407c836482871ef1d57bf8e3180\",\"name\":\"Gonzalo Schmidt\",\"image\":{\"@type\":\"ImageObject\",\"inLanguage\":\"es\",\"@id\":\"https:\\\/\\\/secure.gravatar.com\\\/avatar\\\/31a1a7b66ff2de83bd0e9fd79d026630d2d99e55e8bfe501287647b4fd9743de?s=96&d=mm&r=g\",\"url\":\"https:\\\/\\\/secure.gravatar.com\\\/avatar\\\/31a1a7b66ff2de83bd0e9fd79d026630d2d99e55e8bfe501287647b4fd9743de?s=96&d=mm&r=g\",\"contentUrl\":\"https:\\\/\\\/secure.gravatar.com\\\/avatar\\\/31a1a7b66ff2de83bd0e9fd79d026630d2d99e55e8bfe501287647b4fd9743de?s=96&d=mm&r=g\",\"caption\":\"Gonzalo Schmidt\"},\"description\":\"Sitio web de noticias de la provincia de Entre R\u00edos, Argentina. Informaci\u00f3n y entretenimiento. Informe Litoral, nos informamos.\",\"sameAs\":[\"http:\\\/\\\/www.isletasnoticias.com.ar\"],\"url\":\"https:\\\/\\\/informelitoral.com.ar\\\/author\\\/gonzalo\\\/\"}]}<\/script>","yoast_head_json":{"title":"\u201cDebemos encontrar un punto de equilibrio para el seguro desarrollo laboral de la actividad c\u00e1rnica\u201d - Informe Litoral","robots":{"index":"index","follow":"follow","max-snippet":"max-snippet:-1","max-image-preview":"max-image-preview:large","max-video-preview":"max-video-preview:-1"},"canonical":"https:\/\/informelitoral.com.ar\/debemos-encontrar-un-punto-de-equilibrio-para-el-seguro-desarrollo-laboral-de-la-actividad-carnica\/","og_locale":"es_ES","og_type":"article","og_title":"\u201cDebemos encontrar un punto de equilibrio para el seguro desarrollo laboral de la actividad c\u00e1rnica\u201d - Informe Litoral","og_description":"El secretario general del Sindicato de la Carne, Elbio Schaab, analiz\u00f3 la situaci\u00f3n del sector, entre los casos de Covid-19 que aparecieron a nivel nacional y la necesidad de seguir cumpliendo tareas resguardando la salud de cada trabajador.","og_url":"https:\/\/informelitoral.com.ar\/debemos-encontrar-un-punto-de-equilibrio-para-el-seguro-desarrollo-laboral-de-la-actividad-carnica\/","og_site_name":"Informe Litoral","article_publisher":"https:\/\/www.facebook.com\/informelitoral\/","article_published_time":"2020-06-07T14:30:13+00:00","og_image":[{"width":1279,"height":1154,"url":"https:\/\/informelitoral.com.ar\/%77%70%2d%63%6f%6e%74%65%6e%74\/uploads\/2020\/06\/206d742f-30eb-4bc6-9b31-62e7db3c1987.jpg","type":"image\/jpeg"}],"author":"Gonzalo Schmidt","twitter_card":"summary_large_image","twitter_creator":"@InformeLitoral","twitter_site":"@InformeLitoral","twitter_misc":{"Escrito por":"Gonzalo Schmidt","Tiempo de lectura":"2 minutos"},"schema":{"@context":"https:\/\/schema.org","@graph":[{"@type":"Article","@id":"https:\/\/informelitoral.com.ar\/debemos-encontrar-un-punto-de-equilibrio-para-el-seguro-desarrollo-laboral-de-la-actividad-carnica\/#article","isPartOf":{"@id":"https:\/\/informelitoral.com.ar\/debemos-encontrar-un-punto-de-equilibrio-para-el-seguro-desarrollo-laboral-de-la-actividad-carnica\/"},"author":{"name":"Gonzalo Schmidt","@id":"https:\/\/informelitoral.com.ar\/#\/schema\/person\/b9d00407c836482871ef1d57bf8e3180"},"headline":"\u201cDebemos encontrar un punto de equilibrio para el seguro desarrollo laboral de la actividad c\u00e1rnica\u201d","datePublished":"2020-06-07T14:30:13+00:00","mainEntityOfPage":{"@id":"https:\/\/informelitoral.com.ar\/debemos-encontrar-un-punto-de-equilibrio-para-el-seguro-desarrollo-laboral-de-la-actividad-carnica\/"},"wordCount":449,"commentCount":0,"publisher":{"@id":"https:\/\/informelitoral.com.ar\/#organization"},"image":{"@id":"https:\/\/informelitoral.com.ar\/debemos-encontrar-un-punto-de-equilibrio-para-el-seguro-desarrollo-laboral-de-la-actividad-carnica\/#primaryimage"},"thumbnailUrl":"https:\/\/informelitoral.com.ar\/%77%70%2d%63%6f%6e%74%65%6e%74\/uploads\/2020\/06\/206d742f-30eb-4bc6-9b31-62e7db3c1987.jpg","keywords":["Carne","Coronavirus","Frigor\u00edficos"],"articleSection":["Entre R\u00edos"],"inLanguage":"es","potentialAction":[{"@type":"CommentAction","name":"Comment","target":["https:\/\/informelitoral.com.ar\/debemos-encontrar-un-punto-de-equilibrio-para-el-seguro-desarrollo-laboral-de-la-actividad-carnica\/#respond"]}]},{"@type":"WebPage","@id":"https:\/\/informelitoral.com.ar\/debemos-encontrar-un-punto-de-equilibrio-para-el-seguro-desarrollo-laboral-de-la-actividad-carnica\/","url":"https:\/\/informelitoral.com.ar\/debemos-encontrar-un-punto-de-equilibrio-para-el-seguro-desarrollo-laboral-de-la-actividad-carnica\/","name":"\u201cDebemos encontrar un punto de equilibrio para el seguro desarrollo laboral de la actividad c\u00e1rnica\u201d - Informe Litoral","isPartOf":{"@id":"https:\/\/informelitoral.com.ar\/#website"},"primaryImageOfPage":{"@id":"https:\/\/informelitoral.com.ar\/debemos-encontrar-un-punto-de-equilibrio-para-el-seguro-desarrollo-laboral-de-la-actividad-carnica\/#primaryimage"},"image":{"@id":"https:\/\/informelitoral.com.ar\/debemos-encontrar-un-punto-de-equilibrio-para-el-seguro-desarrollo-laboral-de-la-actividad-carnica\/#primaryimage"},"thumbnailUrl":"https:\/\/informelitoral.com.ar\/%77%70%2d%63%6f%6e%74%65%6e%74\/uploads\/2020\/06\/206d742f-30eb-4bc6-9b31-62e7db3c1987.jpg","datePublished":"2020-06-07T14:30:13+00:00","breadcrumb":{"@id":"https:\/\/informelitoral.com.ar\/debemos-encontrar-un-punto-de-equilibrio-para-el-seguro-desarrollo-laboral-de-la-actividad-carnica\/#breadcrumb"},"inLanguage":"es","potentialAction":[{"@type":"ReadAction","target":["https:\/\/informelitoral.com.ar\/debemos-encontrar-un-punto-de-equilibrio-para-el-seguro-desarrollo-laboral-de-la-actividad-carnica\/"]}]},{"@type":"ImageObject","inLanguage":"es","@id":"https:\/\/informelitoral.com.ar\/debemos-encontrar-un-punto-de-equilibrio-para-el-seguro-desarrollo-laboral-de-la-actividad-carnica\/#primaryimage","url":"https:\/\/informelitoral.com.ar\/%77%70%2d%63%6f%6e%74%65%6e%74\/uploads\/2020\/06\/206d742f-30eb-4bc6-9b31-62e7db3c1987.jpg","contentUrl":"https:\/\/informelitoral.com.ar\/%77%70%2d%63%6f%6e%74%65%6e%74\/uploads\/2020\/06\/206d742f-30eb-4bc6-9b31-62e7db3c1987.jpg","width":1279,"height":1154},{"@type":"BreadcrumbList","@id":"https:\/\/informelitoral.com.ar\/debemos-encontrar-un-punto-de-equilibrio-para-el-seguro-desarrollo-laboral-de-la-actividad-carnica\/#breadcrumb","itemListElement":[{"@type":"ListItem","position":1,"name":"Portada","item":"https:\/\/informelitoral.com.ar\/"},{"@type":"ListItem","position":2,"name":"\u201cDebemos encontrar un punto de equilibrio para el seguro desarrollo laboral de la actividad c\u00e1rnica\u201d"}]},{"@type":"WebSite","@id":"https:\/\/informelitoral.com.ar\/#website","url":"https:\/\/informelitoral.com.ar\/","name":"Informe Litoral","description":"&quot;Nos informamos&quot; ","publisher":{"@id":"https:\/\/informelitoral.com.ar\/#organization"},"potentialAction":[{"@type":"SearchAction","target":{"@type":"EntryPoint","urlTemplate":"https:\/\/informelitoral.com.ar\/?s={search_term_string}"},"query-input":{"@type":"PropertyValueSpecification","valueRequired":true,"valueName":"search_term_string"}}],"inLanguage":"es"},{"@type":"Organization","@id":"https:\/\/informelitoral.com.ar\/#organization","name":"Informe Litoral","url":"https:\/\/informelitoral.com.ar\/","logo":{"@type":"ImageObject","inLanguage":"es","@id":"https:\/\/informelitoral.com.ar\/#\/schema\/logo\/image\/","url":"https:\/\/informelitoral.com.ar\/%77%70%2d%63%6f%6e%74%65%6e%74\/uploads\/2021\/01\/circulo.png","contentUrl":"https:\/\/informelitoral.com.ar\/%77%70%2d%63%6f%6e%74%65%6e%74\/uploads\/2021\/01\/circulo.png","width":723,"height":731,"caption":"Informe Litoral"},"image":{"@id":"https:\/\/informelitoral.com.ar\/#\/schema\/logo\/image\/"},"sameAs":["https:\/\/www.facebook.com\/informelitoral\/","https:\/\/x.com\/InformeLitoral","https:\/\/www.instagram.com\/informelitoral\/","https:\/\/www.youtube.com\/channel\/UCua4Qvz8Icb6MYqhoq9xLXw"]},{"@type":"Person","@id":"https:\/\/informelitoral.com.ar\/#\/schema\/person\/b9d00407c836482871ef1d57bf8e3180","name":"Gonzalo Schmidt","image":{"@type":"ImageObject","inLanguage":"es","@id":"https:\/\/secure.gravatar.com\/avatar\/31a1a7b66ff2de83bd0e9fd79d026630d2d99e55e8bfe501287647b4fd9743de?s=96&d=mm&r=g","url":"https:\/\/secure.gravatar.com\/avatar\/31a1a7b66ff2de83bd0e9fd79d026630d2d99e55e8bfe501287647b4fd9743de?s=96&d=mm&r=g","contentUrl":"https:\/\/secure.gravatar.com\/avatar\/31a1a7b66ff2de83bd0e9fd79d026630d2d99e55e8bfe501287647b4fd9743de?s=96&d=mm&r=g","caption":"Gonzalo Schmidt"},"description":"Sitio web de noticias de la provincia de Entre R\u00edos, Argentina. Informaci\u00f3n y entretenimiento. Informe Litoral, nos informamos.","sameAs":["http:\/\/www.isletasnoticias.com.ar"],"url":"https:\/\/informelitoral.com.ar\/author\/gonzalo\/"}]}},"_links":{"self":[{"href":"https:\/\/informelitoral.com.ar\/%77%70%2d%6a%73%6f%6e\/wp\/v2\/posts\/44183","targetHints":{"allow":["GET"]}}],"collection":[{"href":"https:\/\/informelitoral.com.ar\/%77%70%2d%6a%73%6f%6e\/wp\/v2\/posts"}],"about":[{"href":"https:\/\/informelitoral.com.ar\/%77%70%2d%6a%73%6f%6e\/wp\/v2\/types\/post"}],"author":[{"embeddable":true,"href":"https:\/\/informelitoral.com.ar\/%77%70%2d%6a%73%6f%6e\/wp\/v2\/users\/2"}],"replies":[{"embeddable":true,"href":"https:\/\/informelitoral.com.ar\/%77%70%2d%6a%73%6f%6e\/wp\/v2\/comments?post=44183"}],"version-history":[{"count":0,"href":"https:\/\/informelitoral.com.ar\/%77%70%2d%6a%73%6f%6e\/wp\/v2\/posts\/44183\/revisions"}],"wp:featuredmedia":[{"embeddable":true,"href":"https:\/\/informelitoral.com.ar\/%77%70%2d%6a%73%6f%6e\/wp\/v2\/media\/44184"}],"wp:attachment":[{"href":"https:\/\/informelitoral.com.ar\/%77%70%2d%6a%73%6f%6e\/wp\/v2\/media?parent=44183"}],"wp:term":[{"taxonomy":"category","embeddable":true,"href":"https:\/\/informelitoral.com.ar\/%77%70%2d%6a%73%6f%6e\/wp\/v2\/categories?post=44183"},{"taxonomy":"post_tag","embeddable":true,"href":"https:\/\/informelitoral.com.ar\/%77%70%2d%6a%73%6f%6e\/wp\/v2\/tags?post=44183"}],"curies":[{"name":"wp","href":"https:\/\/api.w.org\/{rel}","templated":true}]}}