{"id":4418,"date":"2013-11-26T10:28:29","date_gmt":"2013-11-26T13:28:29","guid":{"rendered":"http:\/\/www.isletasnoticias.com.ar\/?p=4418"},"modified":"2013-11-26T10:34:56","modified_gmt":"2013-11-26T13:34:56","slug":"la-mejor-entre-los-mejores-descubrimiento-de-una-ramirense-investigadora-del-conicet","status":"publish","type":"post","link":"https:\/\/informelitoral.com.ar\/la-mejor-entre-los-mejores-descubrimiento-de-una-ramirense-investigadora-del-conicet\/","title":{"rendered":"La mejor entre los mejores (descubrimiento de una ramirense investigadora del CONICET)"},"content":{"rendered":"<p style=\"text-align: left;\"><strong>Distinguida como la innovadora del a\u00f1o en los premios del MIT Technology Review, la entrerriana\u00a0<em>Julieta Cabello<\/em> relata c\u00f3mo comenz\u00f3 todo y c\u00f3mo se gest\u00f3 su descubrimiento: el gen que puede usarse para desarrollar plantas m\u00e1s resistentes al fr\u00edo.<\/strong><\/p>\n<p style=\"text-align: center;\"><a href=\"http:\/\/www.isletasnoticias.com.ar\/%77%70%2d%63%6f%6e%74%65%6e%74\/uploads\/2013\/11\/conicet.jpg\"><img loading=\"lazy\" decoding=\"async\" class=\"size-full wp-image-4419 aligncenter\" title=\"Julieta Cabello, investigadora del CONICET.\" alt=\"conicet\" src=\"http:\/\/www.isletasnoticias.com.ar\/%77%70%2d%63%6f%6e%74%65%6e%74\/uploads\/2013\/11\/conicet.jpg\" width=\"295\" height=\"171\" \/><\/a><\/p>\n<p>Por\u00a0<strong>Natalia Foletti,\u00a0<\/strong>para <em>El Cronista<\/em><\/p>\n<p><strong>Julieta Cabello (31)<\/strong> es una de los ganadores de la edidic\u00f3n regional del premio MIT Technology Review a los innovadores del a\u00f1o. El galard\u00f3n destaca la labor creativa y tecnol\u00f3gica de j\u00f3venes emprendedores menores de 35. Tiene reconocimiento mundial, ya que en sus pasadas se reconoci\u00f3 a Mark Zuckerberg, creador de Facebook, y Sergey Brin, de Google, entre otros.<\/p>\n<p>Nacida en\u00a0<b>General Ram\u00edrez, provincia de Entre R\u00edos,<\/b>\u00a0gracias a su promedio destacado, Julieta pudo estudiar mediante becas de ayuda econ\u00f3mica. Primero lleg\u00f3 la que otorgaba el IN.AU.BE.PRO (Instituto Aut\u00e1rquico Becario Provincial) durante el colegio secundario y luego la PNBU (Programa Nacional de Becas Universitarias), del Ministerio de Ciencia y Tecnolog\u00eda de la Naci\u00f3n. Con una beca del CONICET realiz\u00f3 su doctorado.<\/p>\n<p>Cabello es licenciada en Biotecnolog\u00eda en la Facultad de Bioqu\u00edmica y Ciencias Biol\u00f3gicas de la Universidad Nacional del Litoral, doctora en Ciencias Biotecnol\u00f3gicas. Hoy es investigadora del CONICET. Durante la realizaci\u00f3n de su tesis descubri\u00f3 que el HaHB1, un gen proveniente del girasol, podr\u00eda usarse para generar plantas resistentes al fr\u00edo y tolerantes al cambio clim\u00e1tico. Adem\u00e1s, es la primera autora de dos patentes internacionales sobre el proceso de potenciaci\u00f3n de la expresi\u00f3n de estos genes.<\/p>\n<p><strong>z \u00bfQu\u00e9 es la innovaci\u00f3n para usted?\u00a0<\/strong><br \/>\nLa innovaci\u00f3n es la capacidad de generar un concepto nuevo, un intento nuevo o una soluci\u00f3n a un problema pero ante todo se tiene que tener creatividad.<\/p>\n<p><strong>z \u00bfC\u00f3mo comenz\u00f3 con el proyecto que deriv\u00f3 en el descubrimiento del gen HaHB1?\u00a0<\/strong><br \/>\nComenz\u00f3 al realizar la tesis. Cuando ingres\u00e9 en el Laboratorio de Biotecnolog\u00eda Vegetal, dependiente de la Universidad Nacional del Litoral, me asignaron el estudio de varios genes, y yo comenc\u00e9 a fijarme en otros porque cada uno hace su propia investigaci\u00f3n. Muchas veces sucede que uno trabaja en un gen determinado y no pasa nada. Creo que esto es un poco de suerte.<\/p>\n<p><strong>z \u00bfCu\u00e1nto tiempo trabaj\u00f3 en este gen en particular?\u00a0<\/strong><br \/>\nEn el 2007 empezamos con las primeras caracterizaciones hasta tener las plantas transg\u00e9nicas modelo y poder hacer todos los ensayos durante varios a\u00f1os. Al principio tuve un colaborador, Agust\u00edn Arce, que se encargaba de la parte bioinform\u00e1tica. Hab\u00edamos descubierto el gen unos a\u00f1os antes, pero c\u00f3mo no estaba patentado no lo quisimos publicar ni presentar en ning\u00fan congreso hasta tener las primeras muestras. Ahora la patente es del Conicet y la Universidad Nacional del Litoral, d\u00f3nde est\u00e1 montado el laboratorio.<\/p>\n<p><strong>z \u00bfC\u00f3mo fue el momento en el que descubri\u00f3 al HaHB1?<\/strong><br \/>\nTen\u00edamos unos indicios de que pod\u00eda llegar a tolerar fr\u00edo. Lo puse en un congelador junto a una planta transg\u00e9nica y una que no lo era. Al darme cuenta que lo toleraba, entr\u00e9 a la oficina de mi directora de tesis, Raquel Chan, dici\u00e9ndole: \u00a1 Mira lo que tenemos! No lo pod\u00edamos creer. Entonces empezamos a hacer millones de an\u00e1lisis para descubrir porqu\u00e9 se produc\u00eda. Desde el lado cient\u00edfico nos interesaba saber porqu\u00e9 se produc\u00eda est\u00e1 tolerancia, mientras que a las empresas les interesaba saber de estos genes porque son biotecnol\u00f3gicamente atractivos. Adem\u00e1s, una vez que est\u00e1 la patente es fundamental poder publicarlos en revistas de prestigio internacional como Plant Journal y Plant Biotechnology.<\/p>\n<p><strong>z \u00bfCont\u00f3 con alg\u00fan subsidio?\u00a0<\/strong><br \/>\nDesde el principio, tuvimos todo el respaldo del CONICET, de universidades y de instituciones privadas, pero no podr\u00eda precisar un monto espec\u00edfico porque las becas se fueron renovando con el pasar de los a\u00f1os.<\/p>\n<p><strong>z \u00bfQu\u00e9 la inspir\u00f3?\u00a0<\/strong><br \/>\nNo podr\u00eda contestar algo en particular, pero recuerdo momentos clave, cuando se me ocurri\u00f3 hacer experimentos que resultaron muy buenos. Y justamente estaba haciendo otras cosas, desenchufada de mi tema. Es importante la curiosidad como punto de partida. Lo fundamental es tener un esp\u00edritu inquieto.<\/p>\n<p><strong>z \u00bfQu\u00e9 no le puede faltar a un emprendedor?\u00a0<\/strong><br \/>\nLo m\u00e1s importante es tener una idea y un objetivo a cumplir. Es fundamental la confianza en la idea y en uno mismo. Pero sobretodo perseverancia para lograr mantener la idea.<\/p>\n<p><strong>z \u00bfTiene proyectos para 2014?\u00a0<\/strong><br \/>\nEstoy realizando consultar\u00edas para empresas multinacionales que est\u00e1n ofreciendo nuestra patente. En el laboratorio damos conferencias para explicar c\u00f3mo funciona el HaHB1. Hay que tener en cuenta que desde el descubrimiento del gen, hasta obtener una semilla transg\u00e9nica puede llegar a pasar diez a\u00f1os. Las patentes de invenci\u00f3n tienen un tiempo corto de validez. Por eso tratamos de no difundir lo que fueron las plantas modelo. Ahora, estamos en una etapa de asesoramiento, ya que el gen est\u00e1 patentado y licenciado. Nos queda esperar cuatro o cinco a\u00f1os para que pueda ingresar al mercado argentino.<\/p>\n","protected":false},"excerpt":{"rendered":"<p>Distinguida como la innovadora del a&ntilde;o en los premios del MIT Technology Review, la entrerriana&nbsp;Julieta Cabello relata c&oacute;mo comenz&oacute; todo y c&oacute;mo se gest&oacute; su descubrimiento: el gen que puede usarse para desarrollar plantas m&aacute;s resistentes al fr&iacute;o. Por&nbsp;Natalia Foletti,&nbsp;para El Cronista Julieta Cabello (31) es una de los ganadores de la edidic&oacute;n regional del [&hellip;]<\/p>\n","protected":false},"author":2,"featured_media":0,"comment_status":"open","ping_status":"open","sticky":false,"template":"","format":"standard","meta":{"fifu_image_url":"","fifu_image_alt":"","footnotes":""},"categories":[5,6,11],"tags":[],"class_list":{"0":"post-4418","1":"post","2":"type-post","3":"status-publish","4":"format-standard","6":"category-zonales","7":"category-entre-rios","8":"category-opinion"},"yoast_head":"<title>La mejor entre los mejores (descubrimiento de una ramirense investigadora del CONICET) - Informe Litoral<\/title>\n<meta name=\"robots\" content=\"index, follow, max-snippet:-1, max-image-preview:large, max-video-preview:-1\" \/>\n<link rel=\"canonical\" href=\"https:\/\/informelitoral.com.ar\/la-mejor-entre-los-mejores-descubrimiento-de-una-ramirense-investigadora-del-conicet\/\" \/>\n<meta property=\"og:locale\" content=\"es_ES\" \/>\n<meta property=\"og:type\" content=\"article\" \/>\n<meta property=\"og:title\" content=\"La mejor entre los mejores (descubrimiento de una ramirense investigadora del CONICET) - Informe Litoral\" \/>\n<meta property=\"og:description\" content=\"Distinguida como la innovadora del a&ntilde;o en los premios del MIT Technology Review, la entrerriana&nbsp;Julieta Cabello relata c&oacute;mo comenz&oacute; todo y c&oacute;mo se gest&oacute; su descubrimiento: el gen que puede usarse para desarrollar plantas m&aacute;s resistentes al fr&iacute;o. Por&nbsp;Natalia Foletti,&nbsp;para El Cronista Julieta Cabello (31) es una de los ganadores de la edidic&oacute;n regional del [&hellip;]\" \/>\n<meta property=\"og:url\" content=\"https:\/\/informelitoral.com.ar\/la-mejor-entre-los-mejores-descubrimiento-de-una-ramirense-investigadora-del-conicet\/\" \/>\n<meta property=\"og:site_name\" content=\"Informe Litoral\" \/>\n<meta property=\"article:publisher\" content=\"https:\/\/www.facebook.com\/informelitoral\/\" \/>\n<meta property=\"article:published_time\" content=\"2013-11-26T13:28:29+00:00\" \/>\n<meta property=\"article:modified_time\" content=\"2013-11-26T13:34:56+00:00\" \/>\n<meta property=\"og:image\" content=\"https:\/\/informelitoral.com.ar\/%77%70%2d%63%6f%6e%74%65%6e%74\/uploads\/2013\/11\/conicet.jpg\" \/>\n\t<meta property=\"og:image:width\" content=\"295\" \/>\n\t<meta property=\"og:image:height\" content=\"171\" \/>\n\t<meta property=\"og:image:type\" content=\"image\/jpeg\" \/>\n<meta name=\"author\" content=\"Gonzalo Schmidt\" \/>\n<meta name=\"twitter:card\" content=\"summary_large_image\" \/>\n<meta name=\"twitter:creator\" content=\"@InformeLitoral\" \/>\n<meta name=\"twitter:site\" content=\"@InformeLitoral\" \/>\n<meta name=\"twitter:label1\" content=\"Escrito por\" \/>\n\t<meta name=\"twitter:data1\" content=\"Gonzalo Schmidt\" \/>\n\t<meta name=\"twitter:label2\" content=\"Tiempo de lectura\" \/>\n\t<meta name=\"twitter:data2\" content=\"4 minutos\" \/>\n<script type=\"application\/ld+json\" class=\"yoast-schema-graph\">{\"@context\":\"https:\\\/\\\/schema.org\",\"@graph\":[{\"@type\":\"Article\",\"@id\":\"https:\\\/\\\/informelitoral.com.ar\\\/la-mejor-entre-los-mejores-descubrimiento-de-una-ramirense-investigadora-del-conicet\\\/#article\",\"isPartOf\":{\"@id\":\"https:\\\/\\\/informelitoral.com.ar\\\/la-mejor-entre-los-mejores-descubrimiento-de-una-ramirense-investigadora-del-conicet\\\/\"},\"author\":{\"name\":\"Gonzalo Schmidt\",\"@id\":\"https:\\\/\\\/informelitoral.com.ar\\\/#\\\/schema\\\/person\\\/b9d00407c836482871ef1d57bf8e3180\"},\"headline\":\"La mejor entre los mejores (descubrimiento de una ramirense investigadora del CONICET)\",\"datePublished\":\"2013-11-26T13:28:29+00:00\",\"dateModified\":\"2013-11-26T13:34:56+00:00\",\"mainEntityOfPage\":{\"@id\":\"https:\\\/\\\/informelitoral.com.ar\\\/la-mejor-entre-los-mejores-descubrimiento-de-una-ramirense-investigadora-del-conicet\\\/\"},\"wordCount\":875,\"commentCount\":0,\"publisher\":{\"@id\":\"https:\\\/\\\/informelitoral.com.ar\\\/#organization\"},\"image\":{\"@id\":\"https:\\\/\\\/informelitoral.com.ar\\\/la-mejor-entre-los-mejores-descubrimiento-de-una-ramirense-investigadora-del-conicet\\\/#primaryimage\"},\"thumbnailUrl\":\"http:\\\/\\\/www.isletasnoticias.com.ar\\\/%77%70%2d%63%6f%6e%74%65%6e%74\\\/uploads\\\/2013\\\/11\\\/conicet.jpg\",\"articleSection\":[\"Departamento Diamante\",\"Entre R\u00edos\",\"Opini\u00f3n\"],\"inLanguage\":\"es\",\"potentialAction\":[{\"@type\":\"CommentAction\",\"name\":\"Comment\",\"target\":[\"https:\\\/\\\/informelitoral.com.ar\\\/la-mejor-entre-los-mejores-descubrimiento-de-una-ramirense-investigadora-del-conicet\\\/#respond\"]}]},{\"@type\":\"WebPage\",\"@id\":\"https:\\\/\\\/informelitoral.com.ar\\\/la-mejor-entre-los-mejores-descubrimiento-de-una-ramirense-investigadora-del-conicet\\\/\",\"url\":\"https:\\\/\\\/informelitoral.com.ar\\\/la-mejor-entre-los-mejores-descubrimiento-de-una-ramirense-investigadora-del-conicet\\\/\",\"name\":\"La mejor entre los mejores (descubrimiento de una ramirense investigadora del CONICET) - Informe Litoral\",\"isPartOf\":{\"@id\":\"https:\\\/\\\/informelitoral.com.ar\\\/#website\"},\"primaryImageOfPage\":{\"@id\":\"https:\\\/\\\/informelitoral.com.ar\\\/la-mejor-entre-los-mejores-descubrimiento-de-una-ramirense-investigadora-del-conicet\\\/#primaryimage\"},\"image\":{\"@id\":\"https:\\\/\\\/informelitoral.com.ar\\\/la-mejor-entre-los-mejores-descubrimiento-de-una-ramirense-investigadora-del-conicet\\\/#primaryimage\"},\"thumbnailUrl\":\"http:\\\/\\\/www.isletasnoticias.com.ar\\\/%77%70%2d%63%6f%6e%74%65%6e%74\\\/uploads\\\/2013\\\/11\\\/conicet.jpg\",\"datePublished\":\"2013-11-26T13:28:29+00:00\",\"dateModified\":\"2013-11-26T13:34:56+00:00\",\"breadcrumb\":{\"@id\":\"https:\\\/\\\/informelitoral.com.ar\\\/la-mejor-entre-los-mejores-descubrimiento-de-una-ramirense-investigadora-del-conicet\\\/#breadcrumb\"},\"inLanguage\":\"es\",\"potentialAction\":[{\"@type\":\"ReadAction\",\"target\":[\"https:\\\/\\\/informelitoral.com.ar\\\/la-mejor-entre-los-mejores-descubrimiento-de-una-ramirense-investigadora-del-conicet\\\/\"]}]},{\"@type\":\"ImageObject\",\"inLanguage\":\"es\",\"@id\":\"https:\\\/\\\/informelitoral.com.ar\\\/la-mejor-entre-los-mejores-descubrimiento-de-una-ramirense-investigadora-del-conicet\\\/#primaryimage\",\"url\":\"http:\\\/\\\/www.isletasnoticias.com.ar\\\/%77%70%2d%63%6f%6e%74%65%6e%74\\\/uploads\\\/2013\\\/11\\\/conicet.jpg\",\"contentUrl\":\"http:\\\/\\\/www.isletasnoticias.com.ar\\\/%77%70%2d%63%6f%6e%74%65%6e%74\\\/uploads\\\/2013\\\/11\\\/conicet.jpg\"},{\"@type\":\"BreadcrumbList\",\"@id\":\"https:\\\/\\\/informelitoral.com.ar\\\/la-mejor-entre-los-mejores-descubrimiento-de-una-ramirense-investigadora-del-conicet\\\/#breadcrumb\",\"itemListElement\":[{\"@type\":\"ListItem\",\"position\":1,\"name\":\"Portada\",\"item\":\"https:\\\/\\\/informelitoral.com.ar\\\/\"},{\"@type\":\"ListItem\",\"position\":2,\"name\":\"La mejor entre los mejores (descubrimiento de una ramirense investigadora del CONICET)\"}]},{\"@type\":\"WebSite\",\"@id\":\"https:\\\/\\\/informelitoral.com.ar\\\/#website\",\"url\":\"https:\\\/\\\/informelitoral.com.ar\\\/\",\"name\":\"Informe Litoral\",\"description\":\"&quot;Nos informamos&quot; \",\"publisher\":{\"@id\":\"https:\\\/\\\/informelitoral.com.ar\\\/#organization\"},\"potentialAction\":[{\"@type\":\"SearchAction\",\"target\":{\"@type\":\"EntryPoint\",\"urlTemplate\":\"https:\\\/\\\/informelitoral.com.ar\\\/?s={search_term_string}\"},\"query-input\":{\"@type\":\"PropertyValueSpecification\",\"valueRequired\":true,\"valueName\":\"search_term_string\"}}],\"inLanguage\":\"es\"},{\"@type\":\"Organization\",\"@id\":\"https:\\\/\\\/informelitoral.com.ar\\\/#organization\",\"name\":\"Informe Litoral\",\"url\":\"https:\\\/\\\/informelitoral.com.ar\\\/\",\"logo\":{\"@type\":\"ImageObject\",\"inLanguage\":\"es\",\"@id\":\"https:\\\/\\\/informelitoral.com.ar\\\/#\\\/schema\\\/logo\\\/image\\\/\",\"url\":\"https:\\\/\\\/informelitoral.com.ar\\\/%77%70%2d%63%6f%6e%74%65%6e%74\\\/uploads\\\/2021\\\/01\\\/circulo.png\",\"contentUrl\":\"https:\\\/\\\/informelitoral.com.ar\\\/%77%70%2d%63%6f%6e%74%65%6e%74\\\/uploads\\\/2021\\\/01\\\/circulo.png\",\"width\":723,\"height\":731,\"caption\":\"Informe Litoral\"},\"image\":{\"@id\":\"https:\\\/\\\/informelitoral.com.ar\\\/#\\\/schema\\\/logo\\\/image\\\/\"},\"sameAs\":[\"https:\\\/\\\/www.facebook.com\\\/informelitoral\\\/\",\"https:\\\/\\\/x.com\\\/InformeLitoral\",\"https:\\\/\\\/www.instagram.com\\\/informelitoral\\\/\",\"https:\\\/\\\/www.youtube.com\\\/channel\\\/UCua4Qvz8Icb6MYqhoq9xLXw\"]},{\"@type\":\"Person\",\"@id\":\"https:\\\/\\\/informelitoral.com.ar\\\/#\\\/schema\\\/person\\\/b9d00407c836482871ef1d57bf8e3180\",\"name\":\"Gonzalo Schmidt\",\"image\":{\"@type\":\"ImageObject\",\"inLanguage\":\"es\",\"@id\":\"https:\\\/\\\/secure.gravatar.com\\\/avatar\\\/31a1a7b66ff2de83bd0e9fd79d026630d2d99e55e8bfe501287647b4fd9743de?s=96&d=mm&r=g\",\"url\":\"https:\\\/\\\/secure.gravatar.com\\\/avatar\\\/31a1a7b66ff2de83bd0e9fd79d026630d2d99e55e8bfe501287647b4fd9743de?s=96&d=mm&r=g\",\"contentUrl\":\"https:\\\/\\\/secure.gravatar.com\\\/avatar\\\/31a1a7b66ff2de83bd0e9fd79d026630d2d99e55e8bfe501287647b4fd9743de?s=96&d=mm&r=g\",\"caption\":\"Gonzalo Schmidt\"},\"description\":\"Sitio web de noticias de la provincia de Entre R\u00edos, Argentina. Informaci\u00f3n y entretenimiento. Informe Litoral, nos informamos.\",\"sameAs\":[\"http:\\\/\\\/www.isletasnoticias.com.ar\"],\"url\":\"https:\\\/\\\/informelitoral.com.ar\\\/author\\\/gonzalo\\\/\"}]}<\/script>","yoast_head_json":{"title":"La mejor entre los mejores (descubrimiento de una ramirense investigadora del CONICET) - Informe Litoral","robots":{"index":"index","follow":"follow","max-snippet":"max-snippet:-1","max-image-preview":"max-image-preview:large","max-video-preview":"max-video-preview:-1"},"canonical":"https:\/\/informelitoral.com.ar\/la-mejor-entre-los-mejores-descubrimiento-de-una-ramirense-investigadora-del-conicet\/","og_locale":"es_ES","og_type":"article","og_title":"La mejor entre los mejores (descubrimiento de una ramirense investigadora del CONICET) - Informe Litoral","og_description":"Distinguida como la innovadora del a&ntilde;o en los premios del MIT Technology Review, la entrerriana&nbsp;Julieta Cabello relata c&oacute;mo comenz&oacute; todo y c&oacute;mo se gest&oacute; su descubrimiento: el gen que puede usarse para desarrollar plantas m&aacute;s resistentes al fr&iacute;o. Por&nbsp;Natalia Foletti,&nbsp;para El Cronista Julieta Cabello (31) es una de los ganadores de la edidic&oacute;n regional del [&hellip;]","og_url":"https:\/\/informelitoral.com.ar\/la-mejor-entre-los-mejores-descubrimiento-de-una-ramirense-investigadora-del-conicet\/","og_site_name":"Informe Litoral","article_publisher":"https:\/\/www.facebook.com\/informelitoral\/","article_published_time":"2013-11-26T13:28:29+00:00","article_modified_time":"2013-11-26T13:34:56+00:00","og_image":[{"width":295,"height":171,"url":"https:\/\/informelitoral.com.ar\/%77%70%2d%63%6f%6e%74%65%6e%74\/uploads\/2013\/11\/conicet.jpg","type":"image\/jpeg"}],"author":"Gonzalo Schmidt","twitter_card":"summary_large_image","twitter_creator":"@InformeLitoral","twitter_site":"@InformeLitoral","twitter_misc":{"Escrito por":"Gonzalo Schmidt","Tiempo de lectura":"4 minutos"},"schema":{"@context":"https:\/\/schema.org","@graph":[{"@type":"Article","@id":"https:\/\/informelitoral.com.ar\/la-mejor-entre-los-mejores-descubrimiento-de-una-ramirense-investigadora-del-conicet\/#article","isPartOf":{"@id":"https:\/\/informelitoral.com.ar\/la-mejor-entre-los-mejores-descubrimiento-de-una-ramirense-investigadora-del-conicet\/"},"author":{"name":"Gonzalo Schmidt","@id":"https:\/\/informelitoral.com.ar\/#\/schema\/person\/b9d00407c836482871ef1d57bf8e3180"},"headline":"La mejor entre los mejores (descubrimiento de una ramirense investigadora del CONICET)","datePublished":"2013-11-26T13:28:29+00:00","dateModified":"2013-11-26T13:34:56+00:00","mainEntityOfPage":{"@id":"https:\/\/informelitoral.com.ar\/la-mejor-entre-los-mejores-descubrimiento-de-una-ramirense-investigadora-del-conicet\/"},"wordCount":875,"commentCount":0,"publisher":{"@id":"https:\/\/informelitoral.com.ar\/#organization"},"image":{"@id":"https:\/\/informelitoral.com.ar\/la-mejor-entre-los-mejores-descubrimiento-de-una-ramirense-investigadora-del-conicet\/#primaryimage"},"thumbnailUrl":"http:\/\/www.isletasnoticias.com.ar\/%77%70%2d%63%6f%6e%74%65%6e%74\/uploads\/2013\/11\/conicet.jpg","articleSection":["Departamento Diamante","Entre R\u00edos","Opini\u00f3n"],"inLanguage":"es","potentialAction":[{"@type":"CommentAction","name":"Comment","target":["https:\/\/informelitoral.com.ar\/la-mejor-entre-los-mejores-descubrimiento-de-una-ramirense-investigadora-del-conicet\/#respond"]}]},{"@type":"WebPage","@id":"https:\/\/informelitoral.com.ar\/la-mejor-entre-los-mejores-descubrimiento-de-una-ramirense-investigadora-del-conicet\/","url":"https:\/\/informelitoral.com.ar\/la-mejor-entre-los-mejores-descubrimiento-de-una-ramirense-investigadora-del-conicet\/","name":"La mejor entre los mejores (descubrimiento de una ramirense investigadora del CONICET) - Informe Litoral","isPartOf":{"@id":"https:\/\/informelitoral.com.ar\/#website"},"primaryImageOfPage":{"@id":"https:\/\/informelitoral.com.ar\/la-mejor-entre-los-mejores-descubrimiento-de-una-ramirense-investigadora-del-conicet\/#primaryimage"},"image":{"@id":"https:\/\/informelitoral.com.ar\/la-mejor-entre-los-mejores-descubrimiento-de-una-ramirense-investigadora-del-conicet\/#primaryimage"},"thumbnailUrl":"http:\/\/www.isletasnoticias.com.ar\/%77%70%2d%63%6f%6e%74%65%6e%74\/uploads\/2013\/11\/conicet.jpg","datePublished":"2013-11-26T13:28:29+00:00","dateModified":"2013-11-26T13:34:56+00:00","breadcrumb":{"@id":"https:\/\/informelitoral.com.ar\/la-mejor-entre-los-mejores-descubrimiento-de-una-ramirense-investigadora-del-conicet\/#breadcrumb"},"inLanguage":"es","potentialAction":[{"@type":"ReadAction","target":["https:\/\/informelitoral.com.ar\/la-mejor-entre-los-mejores-descubrimiento-de-una-ramirense-investigadora-del-conicet\/"]}]},{"@type":"ImageObject","inLanguage":"es","@id":"https:\/\/informelitoral.com.ar\/la-mejor-entre-los-mejores-descubrimiento-de-una-ramirense-investigadora-del-conicet\/#primaryimage","url":"http:\/\/www.isletasnoticias.com.ar\/%77%70%2d%63%6f%6e%74%65%6e%74\/uploads\/2013\/11\/conicet.jpg","contentUrl":"http:\/\/www.isletasnoticias.com.ar\/%77%70%2d%63%6f%6e%74%65%6e%74\/uploads\/2013\/11\/conicet.jpg"},{"@type":"BreadcrumbList","@id":"https:\/\/informelitoral.com.ar\/la-mejor-entre-los-mejores-descubrimiento-de-una-ramirense-investigadora-del-conicet\/#breadcrumb","itemListElement":[{"@type":"ListItem","position":1,"name":"Portada","item":"https:\/\/informelitoral.com.ar\/"},{"@type":"ListItem","position":2,"name":"La mejor entre los mejores (descubrimiento de una ramirense investigadora del CONICET)"}]},{"@type":"WebSite","@id":"https:\/\/informelitoral.com.ar\/#website","url":"https:\/\/informelitoral.com.ar\/","name":"Informe Litoral","description":"&quot;Nos informamos&quot; ","publisher":{"@id":"https:\/\/informelitoral.com.ar\/#organization"},"potentialAction":[{"@type":"SearchAction","target":{"@type":"EntryPoint","urlTemplate":"https:\/\/informelitoral.com.ar\/?s={search_term_string}"},"query-input":{"@type":"PropertyValueSpecification","valueRequired":true,"valueName":"search_term_string"}}],"inLanguage":"es"},{"@type":"Organization","@id":"https:\/\/informelitoral.com.ar\/#organization","name":"Informe Litoral","url":"https:\/\/informelitoral.com.ar\/","logo":{"@type":"ImageObject","inLanguage":"es","@id":"https:\/\/informelitoral.com.ar\/#\/schema\/logo\/image\/","url":"https:\/\/informelitoral.com.ar\/%77%70%2d%63%6f%6e%74%65%6e%74\/uploads\/2021\/01\/circulo.png","contentUrl":"https:\/\/informelitoral.com.ar\/%77%70%2d%63%6f%6e%74%65%6e%74\/uploads\/2021\/01\/circulo.png","width":723,"height":731,"caption":"Informe Litoral"},"image":{"@id":"https:\/\/informelitoral.com.ar\/#\/schema\/logo\/image\/"},"sameAs":["https:\/\/www.facebook.com\/informelitoral\/","https:\/\/x.com\/InformeLitoral","https:\/\/www.instagram.com\/informelitoral\/","https:\/\/www.youtube.com\/channel\/UCua4Qvz8Icb6MYqhoq9xLXw"]},{"@type":"Person","@id":"https:\/\/informelitoral.com.ar\/#\/schema\/person\/b9d00407c836482871ef1d57bf8e3180","name":"Gonzalo Schmidt","image":{"@type":"ImageObject","inLanguage":"es","@id":"https:\/\/secure.gravatar.com\/avatar\/31a1a7b66ff2de83bd0e9fd79d026630d2d99e55e8bfe501287647b4fd9743de?s=96&d=mm&r=g","url":"https:\/\/secure.gravatar.com\/avatar\/31a1a7b66ff2de83bd0e9fd79d026630d2d99e55e8bfe501287647b4fd9743de?s=96&d=mm&r=g","contentUrl":"https:\/\/secure.gravatar.com\/avatar\/31a1a7b66ff2de83bd0e9fd79d026630d2d99e55e8bfe501287647b4fd9743de?s=96&d=mm&r=g","caption":"Gonzalo Schmidt"},"description":"Sitio web de noticias de la provincia de Entre R\u00edos, Argentina. Informaci\u00f3n y entretenimiento. Informe Litoral, nos informamos.","sameAs":["http:\/\/www.isletasnoticias.com.ar"],"url":"https:\/\/informelitoral.com.ar\/author\/gonzalo\/"}]}},"_links":{"self":[{"href":"https:\/\/informelitoral.com.ar\/%77%70%2d%6a%73%6f%6e\/wp\/v2\/posts\/4418","targetHints":{"allow":["GET"]}}],"collection":[{"href":"https:\/\/informelitoral.com.ar\/%77%70%2d%6a%73%6f%6e\/wp\/v2\/posts"}],"about":[{"href":"https:\/\/informelitoral.com.ar\/%77%70%2d%6a%73%6f%6e\/wp\/v2\/types\/post"}],"author":[{"embeddable":true,"href":"https:\/\/informelitoral.com.ar\/%77%70%2d%6a%73%6f%6e\/wp\/v2\/users\/2"}],"replies":[{"embeddable":true,"href":"https:\/\/informelitoral.com.ar\/%77%70%2d%6a%73%6f%6e\/wp\/v2\/comments?post=4418"}],"version-history":[{"count":0,"href":"https:\/\/informelitoral.com.ar\/%77%70%2d%6a%73%6f%6e\/wp\/v2\/posts\/4418\/revisions"}],"wp:attachment":[{"href":"https:\/\/informelitoral.com.ar\/%77%70%2d%6a%73%6f%6e\/wp\/v2\/media?parent=4418"}],"wp:term":[{"taxonomy":"category","embeddable":true,"href":"https:\/\/informelitoral.com.ar\/%77%70%2d%6a%73%6f%6e\/wp\/v2\/categories?post=4418"},{"taxonomy":"post_tag","embeddable":true,"href":"https:\/\/informelitoral.com.ar\/%77%70%2d%6a%73%6f%6e\/wp\/v2\/tags?post=4418"}],"curies":[{"name":"wp","href":"https:\/\/api.w.org\/{rel}","templated":true}]}}