{"id":44156,"date":"2020-06-06T11:58:31","date_gmt":"2020-06-06T14:58:31","guid":{"rendered":"https:\/\/www.isletasnoticias.com.ar\/?p=44156"},"modified":"2020-06-06T12:06:18","modified_gmt":"2020-06-06T15:06:18","slug":"finalmente-hay-fecha-para-la-vuelta-de-los-colectivos-dentro-de-entre-rios","status":"publish","type":"post","link":"https:\/\/informelitoral.com.ar\/finalmente-hay-fecha-para-la-vuelta-de-los-colectivos-dentro-de-entre-rios\/","title":{"rendered":"Finalmente hay fecha para la vuelta de los colectivos dentro de Entre R\u00edos"},"content":{"rendered":"<p>La <a href=\"https:\/\/www.isletasnoticias.com.ar\/volveran-a-circular-los-colectivos-en-entre-rios\/\">rehabilitaci\u00f3n del servicio de transporte de pasajeros<\/a> en sus recorridos interurbanos, es una de las prestaciones m\u00e1s esperadas desde el comienzo de la cuarentena obligatoria y <strong>su retorno ser\u00e1 una realidad a partir del pr\u00f3ximo jueves 11 de junio.<\/strong><\/p>\n<p><a href=\"https:\/\/www.isletasnoticias.com.ar\/%77%70%2d%63%6f%6e%74%65%6e%74\/uploads\/2017\/04\/terminal.jpg\"><img loading=\"lazy\" decoding=\"async\" class=\"aligncenter wp-image-21089 size-full\" src=\"https:\/\/www.isletasnoticias.com.ar\/%77%70%2d%63%6f%6e%74%65%6e%74\/uploads\/2017\/04\/terminal.jpg\" alt=\"\" width=\"520\" height=\"250\" srcset=\"https:\/\/informelitoral.com.ar\/%77%70%2d%63%6f%6e%74%65%6e%74\/uploads\/2017\/04\/terminal.jpg 520w, https:\/\/informelitoral.com.ar\/%77%70%2d%63%6f%6e%74%65%6e%74\/uploads\/2017\/04\/terminal-300x144.jpg 300w\" sizes=\"auto, (max-width: 520px) 100vw, 520px\" \/><\/a><\/p>\n<h3><strong>Articulaci\u00f3n provincia-municipios<\/strong><\/h3>\n<p>El regreso de las l\u00edneas de \u00f3mnibus implica el trabajo de prevenci\u00f3n y control en cada una de las localidades a donde llegue el transporte, siendo esencial adem\u00e1s el comportamiento responsable de cada uno de los usuarios. A fin de consensuar los par\u00e1metros generales, est\u00e1 previsto un contacto para el abordaje espec\u00edfico de la cuesti\u00f3n.<\/p>\n<p><a href=\"https:\/\/www.isletasnoticias.com.ar\/%77%70%2d%63%6f%6e%74%65%6e%74\/uploads\/2020\/06\/x_1588273071.jpg\"><img loading=\"lazy\" decoding=\"async\" class=\"aligncenter wp-image-44158 size-large\" src=\"https:\/\/www.isletasnoticias.com.ar\/%77%70%2d%63%6f%6e%74%65%6e%74\/uploads\/2020\/06\/x_1588273071-1024x661.jpg\" alt=\"\" width=\"696\" height=\"449\" srcset=\"https:\/\/informelitoral.com.ar\/%77%70%2d%63%6f%6e%74%65%6e%74\/uploads\/2020\/06\/x_1588273071-1024x661.jpg 1024w, https:\/\/informelitoral.com.ar\/%77%70%2d%63%6f%6e%74%65%6e%74\/uploads\/2020\/06\/x_1588273071-300x194.jpg 300w, https:\/\/informelitoral.com.ar\/%77%70%2d%63%6f%6e%74%65%6e%74\/uploads\/2020\/06\/x_1588273071-768x496.jpg 768w, https:\/\/informelitoral.com.ar\/%77%70%2d%63%6f%6e%74%65%6e%74\/uploads\/2020\/06\/x_1588273071-1536x991.jpg 1536w, https:\/\/informelitoral.com.ar\/%77%70%2d%63%6f%6e%74%65%6e%74\/uploads\/2020\/06\/x_1588273071-696x449.jpg 696w, https:\/\/informelitoral.com.ar\/%77%70%2d%63%6f%6e%74%65%6e%74\/uploads\/2020\/06\/x_1588273071-1068x689.jpg 1068w, https:\/\/informelitoral.com.ar\/%77%70%2d%63%6f%6e%74%65%6e%74\/uploads\/2020\/06\/x_1588273071-651x420.jpg 651w, https:\/\/informelitoral.com.ar\/%77%70%2d%63%6f%6e%74%65%6e%74\/uploads\/2020\/06\/x_1588273071.jpg 1920w\" sizes=\"auto, (max-width: 696px) 100vw, 696px\" \/><\/a><\/p>\n<p>El secretario de Transporte,<strong> N\u00e9stor Landra<\/strong>, anunci\u00f3 a <em>FM Estaci\u00f3n Plus Crespo<\/em>: \u00abEste martes 9, vamos a estar haciendo una teleconferencia con los 86 intendentes entrerrianos, para definir la implementaci\u00f3n del Decreto que firm\u00f3 el gobernador Gustabo Bordet, mediante el cual rehabilita los servicios. Si bien se ha elaborado un protocolo b\u00e1sico, con las recomendaciones que el COES ha considerado propicias para esta instancia, sobre todo para cuidar a quienes est\u00e9n viajando y los choferes, la teleconferencia ser\u00e1 una instancia para escuchar las propuestas de los municipios e intercambiar ideas. Les enviamos ya los protocolos de bioseguridad para el uso del transporte p\u00fablico, como para que puedan estar revisando el material en estos d\u00edas previos. Junto al ministro,<strong> el martes a las 16:00 nos contactaremos con 40 intendentes y a las 17:30, con los otros 46. De ese modo, para el jueves iniciar\u00edamos el servicio interurbano en la provincia\u00bb.<\/strong><\/p>\n<h3><strong>Decisi\u00f3n municipal y localidades en espera\u00a0<\/strong><\/h3>\n<h3><strong> <a href=\"https:\/\/www.isletasnoticias.com.ar\/%77%70%2d%63%6f%6e%74%65%6e%74\/uploads\/2013\/04\/terminalparana.jpg\"><img loading=\"lazy\" decoding=\"async\" class=\"aligncenter wp-image-1282 \" src=\"https:\/\/www.isletasnoticias.com.ar\/%77%70%2d%63%6f%6e%74%65%6e%74\/uploads\/2013\/04\/terminalparana.jpg\" alt=\"\" width=\"527\" height=\"391\" \/><\/a><\/strong><\/h3>\n<p>Algunas ciudades deber\u00e1n aguardar un tiempo m\u00e1s para disponer de colectivos que trasladen a sus vecinos hacia otras localidades. Landra manifest\u00f3 que \u00ab<strong>hay municipios a los que no va a entrar el transporte p\u00fablico de pasajeros, como San Justo, Pueblo Liebig, San Jos\u00e9, Col\u00f3n, ciudades que por el momento no ser\u00e1n puntos de destino ni de procedencia, dada su situaci\u00f3n epidemiol\u00f3gica.<\/strong> No vamos a tener servicio para esas comunidades, porque han retrocedido de Fase\u00bb y agreg\u00f3: \u00abIncluso puede ocurrir, que en alg\u00fan municipio no permitan el ingreso del servicio de transporte p\u00fablico y en ese caso, los \u00f3mnibus no entrar\u00e1n. Es una prestaci\u00f3n cuya habilitaci\u00f3n final y espec\u00edfica estar\u00e1 a cargo de los intendentes\u00bb. No obstante, el funcionario se mostr\u00f3 confiado en que con los recaudos, controles y la concientizaci\u00f3n respectiva, los servicios podr\u00e1n llegar a las diferentes ciudades: \u00abDe la reuni\u00f3n con los intendentes seguramente pueden surgir modificaciones que propicien a que el restablecimiento del servicio sea lo m\u00e1s seguro posible para todos. De hecho, que se mantengan las prestaciones, depender\u00e1 de la actitud de todos\u00bb.<\/p>\n<p>Los trabajadores de las peque\u00f1as localidades, en su mayor\u00eda poblados ubicados a la vera de las rutas que atraviesan la provincia en toda su extensi\u00f3n, son las que en este \u00faltimo tiempo han sentido el impacto de la imposibilidad de llegar a los centros urbanos. Al respecto, Landra coment\u00f3: \u00abLes avisaremos a las Juntas de Gobierno, que son alrededor de 200, ya que si bien no tienen terminales, s\u00ed presentan garitas. La intenci\u00f3n es que los intendentes de cercan\u00eda puedan mantener un contacto fluido y articular la comunicaci\u00f3n necesaria para poder incluir todos los destinos\u00bb.<\/p>\n<p><em>Estaci\u00f3n Plus Crespo <\/em>accedi\u00f3 al protocolo elaborado por el gobierno provincial, el cual re\u00fane recomendaciones b\u00e1sicas y condiciones para el retorno del servicio p\u00fablico de pasajeros.<\/p>\n<h3><span style=\"color: #000000; background-color: #ffff00;\"><strong>Principales puntos:<\/strong><\/span><\/h3>\n<p><strong>TRANSPORTE INTERURBANO<\/strong><\/p>\n<p><em><strong>\u00bfQui\u00e9nes y c\u00f3mo podr\u00e1n viajar?<\/strong><\/em><\/p>\n<p>* El transporte p\u00fablico ser\u00e1 de uso exclusivo para las personas autorizadas a desplazarse en cumplimiento de las actividades contempladas y habilitadas por las disposiciones del Gobierno Nacional. Es decir, s\u00f3lo podr\u00e1n viajar aquellos \u00abexceptuados\u00bb en funci\u00f3n y cumplimiento de su tarea o actividad econ\u00f3mica. Ello deber\u00e1 ser acreditado con los debidos permisos vigentes.<\/p>\n<p>* Ser\u00e1 obligatorio el uso de tapa-boca o barbijo, debiendo cubrir nariz y ment\u00f3n. El pasajero deber\u00e1 tenerlo colocado durante el trayecto del servicio. Quienes no dispongan de tal elemento, no podr\u00e1n viajar.<\/p>\n<p>* Entendiendo que podr\u00edan darse situaciones de traslados por motivos de atenci\u00f3n m\u00e9dica, entre otros, se indic\u00f3 que s\u00f3lo podr\u00e1n viajar acompa\u00f1ados los menores o personas con discapacidad.<\/p>\n<p>* Las butacas ser\u00e1n asignadas de manera alternada para la ocupaci\u00f3n, cualquiera sea la caracter\u00edstica del transporte. De este modo, la ocupaci\u00f3n total nunca podr\u00e1 exceder el 50% de la capacidad de pasajeros.<\/p>\n<p>* Se sugiri\u00f3 a los pasajeros, no utilizar el servicio si presentan s\u00edntomas de enfermedades respiratorias o s\u00edntomas compatibles con coronavirus (fiebre, dolor de garganta, tos y dificultad para respirar). Se solicita cubrirse la boca con un pa\u00f1uelo descartable o con el codo flexionado, al toser o estornudar. Lavarse las manos con agua y jab\u00f3n o utilizar alcohol en gel o alcohol fraccionado al 70%. En caso de haber viajado a pa\u00edses o provincias con circulaci\u00f3n viral, o haber tomado contacto con un caso sospechoso o confirmado de coronavirus, deber\u00e1n comunicarse inmediatamente con el centro asistencial m\u00e1s cercano.<\/p>\n<h3><em><strong>Frecuencias del servicio<\/strong><\/em><\/h3>\n<p>* Se habilitan servicios con recorrido dentro de los departamentos de la provincia, priorizando las conexiones de m\u00e1s asidua demanda, siendo exclusivamente para las personas autorizadas a desplazarse en cumplimiento de las actividades permitidas por el Estado Nacional.<\/p>\n<p>* Se autorizan las frecuencias principales, asegurando el \u00abida y vuelta\u00bb a los usuarios. Previamente, las empresas deber\u00e1n informar a la Secretar\u00eda de Transporte los horarios de los servicios que dispondr\u00e1n en el marco de la emergencia sanitaria, lo cual con ayuda de los municipios, ser\u00e1 ampliamente difundido en cada localidad.<\/p>\n<p>Pudo saber este medio, que se estima que para cada enlace \u00abdestino-procedencia, y viceversa\u00bb habr\u00e1 horarios por la ma\u00f1ana temprano, al mediod\u00eda y noche, como para garantizar que quien se traslada pueda regresar a su hogar en el mismo d\u00eda. La intenci\u00f3n es que haya al menos un recorrido con estas caracter\u00edsticas, pudiendo en algunas ciudades generarse m\u00e1s de una combinaci\u00f3n, de acuerdo a la demanda.<\/p>\n<h3><em><strong>\u00bfC\u00f3mo obtener el boleto?<\/strong><\/em><\/h3>\n<p>* Las ventanillas de cada empresa deber\u00e1n asegurar que no se produzcan aglomeraciones. Los pasajeros deber\u00e1n presentarse a tal fin, manteniendo el distanciamiento social y con barbijo o tapa-boca.<\/p>\n<p>* En las boleter\u00edas, adem\u00e1s de los datos personales al momento de vender un pasaje, se exigir\u00e1 el permiso de circulaci\u00f3n y\/o la habilitaci\u00f3n de su oficio y un n\u00famero de tel\u00e9fono donde se pueda localizar al pasajero. El mismo requerimiento deber\u00e1n llevar a cabo los choferes y\/o guardas del micro, en caso de que un pasajero realice su ascenso en una garita o una parada establecida en localidades donde no existe Terminal de \u00d3mnibus.<\/p>\n<h3><em><strong>\u00bfC\u00f3mo y d\u00f3nde subir o bajar?<\/strong><\/em><\/h3>\n<p>* El ascenso y descenso de pasajeros ser\u00e1 \u00fanicamente en las Terminales de \u00d3mnibus o garitas previamente designadas, a los efectos de facilitar el control de bioseguridad. No obstante, esta medida quedar\u00e1 sujeta a la confirmaci\u00f3n de cada municipio, de acuerdo a sus posibilidades y realidad urban\u00edstica.<\/p>\n<p>* Los pasajeros deber\u00e1n ascender y descender manteniendo la distancia social entre s\u00ed. La misma condici\u00f3n se recomienda para la entrega o retira de las valijas y\/o el equipaje que se transporte en las bauleras.<\/p>\n<h3><em><strong>Exigencias para los prestadores del servicio<\/strong><\/em><\/h3>\n<p>* Los choferes deber\u00e1n usar barbijos o tapa-bocas y m\u00e1scaras faciales transparentes. El uso de guantes descartables no es obligatorio, pero en caso de hacerlo, los mismos se deber\u00e1n recambiar al inicio de cada traslado.<\/p>\n<p>* Estar\u00e1 prohibido compartir utensilios personales entre choferes o guardas y pasajeros, ya sea mate, cubiertos, tapaboca u otros elementos de protecci\u00f3n personal, entre otros.<\/p>\n<h3><em><strong>Otras disposiciones<\/strong><\/em><\/h3>\n<p>* Cada unidad deber\u00e1 disponer de alcohol en gel o soluciones desinfectantes para manos, propiciando el uso de los mismos por parte de los pasajeros y choferes.<\/p>\n<p>* El transporte deber\u00e1 circular durante todo el recorrido, en lo posible, en forma ventilada.<\/p>\n<p>* Los ba\u00f1os tendr\u00e1n que contar con suministro de agua y jab\u00f3n o tener a disposici\u00f3n alcohol en gel o alcohol fraccionado con agua al 70%. Asimismo, mediante carteler\u00eda visible fomentar el cumplimiento del uso de los mismos.<\/p>\n<p>* Choferes y guardas deber\u00e1n procurar que cada pasajero se mantenga en su asiento y evitar los movimientos innecesarios dentro del transporte p\u00fablico.<\/p>\n<p>* Si alg\u00fan pasajero presenta s\u00edntomas de fiebre y tos, deber\u00e1 ser aislado del resto de los pasajeros, quedando alejado a una distancia de seguridad de al menos 3 metros. El chofer o guarda, deber\u00e1n comunicar inmediatamente la situaci\u00f3n al 0800-777-8476, a los efectos de recibir las instrucciones que se le indiquen respecto del pasajero enfermo y el resto del pasaje.<\/p>\n<p>* Choferes y\/o pasajeros est\u00e1n obligados a denunciar la presencia de personas que cuenten con visibles s\u00edntomas de enfermedad coronavirus (COVID-19), pudiendo para ello demorar la salida o dando alerta al centro asistencial m\u00e1s pr\u00f3ximo a los fines de iniciar el protocolo de actuaci\u00f3n. Esa acci\u00f3n se realizar\u00e1 procurando un trato digno de consideraci\u00f3n hacia el pasajero en cuesti\u00f3n y no ser\u00e1 motivo de suspensi\u00f3n del servicio. <em>(Fuente: Estaci\u00f3n Plus)<\/em><\/p>\n","protected":false},"excerpt":{"rendered":"<p>Provincia y municipios mantendr\u00e1n esta martes una teleconferencia para consensuar los detalles. Qu\u00e9 habr\u00e1 que tener en cuenta para viajar, por parte de los pasajeros y las empresas. <\/p>\n","protected":false},"author":2,"featured_media":43973,"comment_status":"open","ping_status":"open","sticky":false,"template":"","format":"standard","meta":{"fifu_image_url":"","fifu_image_alt":"","footnotes":""},"categories":[6],"tags":[133,81,1494],"class_list":{"0":"post-44156","1":"post","2":"type-post","3":"status-publish","4":"format-standard","5":"has-post-thumbnail","7":"category-entre-rios","8":"tag-colectivos","9":"tag-entre-rios","10":"tag-pandemia"},"yoast_head":"<title>Finalmente hay fecha para la vuelta de los colectivos dentro de Entre R\u00edos - Informe Litoral<\/title>\n<meta name=\"robots\" content=\"index, follow, max-snippet:-1, max-image-preview:large, max-video-preview:-1\" \/>\n<link rel=\"canonical\" href=\"https:\/\/informelitoral.com.ar\/finalmente-hay-fecha-para-la-vuelta-de-los-colectivos-dentro-de-entre-rios\/\" \/>\n<meta property=\"og:locale\" content=\"es_ES\" \/>\n<meta property=\"og:type\" content=\"article\" \/>\n<meta property=\"og:title\" content=\"Finalmente hay fecha para la vuelta de los colectivos dentro de Entre R\u00edos - Informe Litoral\" \/>\n<meta property=\"og:description\" content=\"Provincia y municipios mantendr\u00e1n esta martes una teleconferencia para consensuar los detalles. Qu\u00e9 habr\u00e1 que tener en cuenta para viajar, por parte de los pasajeros y las empresas.\" \/>\n<meta property=\"og:url\" content=\"https:\/\/informelitoral.com.ar\/finalmente-hay-fecha-para-la-vuelta-de-los-colectivos-dentro-de-entre-rios\/\" \/>\n<meta property=\"og:site_name\" content=\"Informe Litoral\" \/>\n<meta property=\"article:publisher\" content=\"https:\/\/www.facebook.com\/informelitoral\/\" \/>\n<meta property=\"article:published_time\" content=\"2020-06-06T14:58:31+00:00\" \/>\n<meta property=\"article:modified_time\" content=\"2020-06-06T15:06:18+00:00\" \/>\n<meta property=\"og:image\" content=\"https:\/\/informelitoral.com.ar\/%77%70%2d%63%6f%6e%74%65%6e%74\/uploads\/2020\/06\/colectivo-ruta.jpg\" \/>\n\t<meta property=\"og:image:width\" content=\"1140\" \/>\n\t<meta property=\"og:image:height\" content=\"640\" \/>\n\t<meta property=\"og:image:type\" content=\"image\/jpeg\" \/>\n<meta name=\"author\" content=\"Gonzalo Schmidt\" \/>\n<meta name=\"twitter:card\" content=\"summary_large_image\" \/>\n<meta name=\"twitter:creator\" content=\"@InformeLitoral\" \/>\n<meta name=\"twitter:site\" content=\"@InformeLitoral\" \/>\n<meta name=\"twitter:label1\" content=\"Escrito por\" \/>\n\t<meta name=\"twitter:data1\" content=\"Gonzalo Schmidt\" \/>\n\t<meta name=\"twitter:label2\" content=\"Tiempo de lectura\" \/>\n\t<meta name=\"twitter:data2\" content=\"8 minutos\" \/>\n<script type=\"application\/ld+json\" class=\"yoast-schema-graph\">{\"@context\":\"https:\\\/\\\/schema.org\",\"@graph\":[{\"@type\":\"Article\",\"@id\":\"https:\\\/\\\/informelitoral.com.ar\\\/finalmente-hay-fecha-para-la-vuelta-de-los-colectivos-dentro-de-entre-rios\\\/#article\",\"isPartOf\":{\"@id\":\"https:\\\/\\\/informelitoral.com.ar\\\/finalmente-hay-fecha-para-la-vuelta-de-los-colectivos-dentro-de-entre-rios\\\/\"},\"author\":{\"name\":\"Gonzalo Schmidt\",\"@id\":\"https:\\\/\\\/informelitoral.com.ar\\\/#\\\/schema\\\/person\\\/b9d00407c836482871ef1d57bf8e3180\"},\"headline\":\"Finalmente hay fecha para la vuelta de los colectivos dentro de Entre R\u00edos\",\"datePublished\":\"2020-06-06T14:58:31+00:00\",\"dateModified\":\"2020-06-06T15:06:18+00:00\",\"mainEntityOfPage\":{\"@id\":\"https:\\\/\\\/informelitoral.com.ar\\\/finalmente-hay-fecha-para-la-vuelta-de-los-colectivos-dentro-de-entre-rios\\\/\"},\"wordCount\":1575,\"commentCount\":0,\"publisher\":{\"@id\":\"https:\\\/\\\/informelitoral.com.ar\\\/#organization\"},\"image\":{\"@id\":\"https:\\\/\\\/informelitoral.com.ar\\\/finalmente-hay-fecha-para-la-vuelta-de-los-colectivos-dentro-de-entre-rios\\\/#primaryimage\"},\"thumbnailUrl\":\"https:\\\/\\\/informelitoral.com.ar\\\/%77%70%2d%63%6f%6e%74%65%6e%74\\\/uploads\\\/2020\\\/06\\\/colectivo-ruta.jpg\",\"keywords\":[\"Colectivos\",\"Entre R\u00edos\",\"Pandemia\"],\"articleSection\":[\"Entre R\u00edos\"],\"inLanguage\":\"es\",\"potentialAction\":[{\"@type\":\"CommentAction\",\"name\":\"Comment\",\"target\":[\"https:\\\/\\\/informelitoral.com.ar\\\/finalmente-hay-fecha-para-la-vuelta-de-los-colectivos-dentro-de-entre-rios\\\/#respond\"]}]},{\"@type\":\"WebPage\",\"@id\":\"https:\\\/\\\/informelitoral.com.ar\\\/finalmente-hay-fecha-para-la-vuelta-de-los-colectivos-dentro-de-entre-rios\\\/\",\"url\":\"https:\\\/\\\/informelitoral.com.ar\\\/finalmente-hay-fecha-para-la-vuelta-de-los-colectivos-dentro-de-entre-rios\\\/\",\"name\":\"Finalmente hay fecha para la vuelta de los colectivos dentro de Entre R\u00edos - Informe Litoral\",\"isPartOf\":{\"@id\":\"https:\\\/\\\/informelitoral.com.ar\\\/#website\"},\"primaryImageOfPage\":{\"@id\":\"https:\\\/\\\/informelitoral.com.ar\\\/finalmente-hay-fecha-para-la-vuelta-de-los-colectivos-dentro-de-entre-rios\\\/#primaryimage\"},\"image\":{\"@id\":\"https:\\\/\\\/informelitoral.com.ar\\\/finalmente-hay-fecha-para-la-vuelta-de-los-colectivos-dentro-de-entre-rios\\\/#primaryimage\"},\"thumbnailUrl\":\"https:\\\/\\\/informelitoral.com.ar\\\/%77%70%2d%63%6f%6e%74%65%6e%74\\\/uploads\\\/2020\\\/06\\\/colectivo-ruta.jpg\",\"datePublished\":\"2020-06-06T14:58:31+00:00\",\"dateModified\":\"2020-06-06T15:06:18+00:00\",\"breadcrumb\":{\"@id\":\"https:\\\/\\\/informelitoral.com.ar\\\/finalmente-hay-fecha-para-la-vuelta-de-los-colectivos-dentro-de-entre-rios\\\/#breadcrumb\"},\"inLanguage\":\"es\",\"potentialAction\":[{\"@type\":\"ReadAction\",\"target\":[\"https:\\\/\\\/informelitoral.com.ar\\\/finalmente-hay-fecha-para-la-vuelta-de-los-colectivos-dentro-de-entre-rios\\\/\"]}]},{\"@type\":\"ImageObject\",\"inLanguage\":\"es\",\"@id\":\"https:\\\/\\\/informelitoral.com.ar\\\/finalmente-hay-fecha-para-la-vuelta-de-los-colectivos-dentro-de-entre-rios\\\/#primaryimage\",\"url\":\"https:\\\/\\\/informelitoral.com.ar\\\/%77%70%2d%63%6f%6e%74%65%6e%74\\\/uploads\\\/2020\\\/06\\\/colectivo-ruta.jpg\",\"contentUrl\":\"https:\\\/\\\/informelitoral.com.ar\\\/%77%70%2d%63%6f%6e%74%65%6e%74\\\/uploads\\\/2020\\\/06\\\/colectivo-ruta.jpg\",\"width\":1140,\"height\":640},{\"@type\":\"BreadcrumbList\",\"@id\":\"https:\\\/\\\/informelitoral.com.ar\\\/finalmente-hay-fecha-para-la-vuelta-de-los-colectivos-dentro-de-entre-rios\\\/#breadcrumb\",\"itemListElement\":[{\"@type\":\"ListItem\",\"position\":1,\"name\":\"Portada\",\"item\":\"https:\\\/\\\/informelitoral.com.ar\\\/\"},{\"@type\":\"ListItem\",\"position\":2,\"name\":\"Finalmente hay fecha para la vuelta de los colectivos dentro de Entre R\u00edos\"}]},{\"@type\":\"WebSite\",\"@id\":\"https:\\\/\\\/informelitoral.com.ar\\\/#website\",\"url\":\"https:\\\/\\\/informelitoral.com.ar\\\/\",\"name\":\"Informe Litoral\",\"description\":\"&quot;Nos informamos&quot; \",\"publisher\":{\"@id\":\"https:\\\/\\\/informelitoral.com.ar\\\/#organization\"},\"potentialAction\":[{\"@type\":\"SearchAction\",\"target\":{\"@type\":\"EntryPoint\",\"urlTemplate\":\"https:\\\/\\\/informelitoral.com.ar\\\/?s={search_term_string}\"},\"query-input\":{\"@type\":\"PropertyValueSpecification\",\"valueRequired\":true,\"valueName\":\"search_term_string\"}}],\"inLanguage\":\"es\"},{\"@type\":\"Organization\",\"@id\":\"https:\\\/\\\/informelitoral.com.ar\\\/#organization\",\"name\":\"Informe Litoral\",\"url\":\"https:\\\/\\\/informelitoral.com.ar\\\/\",\"logo\":{\"@type\":\"ImageObject\",\"inLanguage\":\"es\",\"@id\":\"https:\\\/\\\/informelitoral.com.ar\\\/#\\\/schema\\\/logo\\\/image\\\/\",\"url\":\"https:\\\/\\\/informelitoral.com.ar\\\/%77%70%2d%63%6f%6e%74%65%6e%74\\\/uploads\\\/2021\\\/01\\\/circulo.png\",\"contentUrl\":\"https:\\\/\\\/informelitoral.com.ar\\\/%77%70%2d%63%6f%6e%74%65%6e%74\\\/uploads\\\/2021\\\/01\\\/circulo.png\",\"width\":723,\"height\":731,\"caption\":\"Informe Litoral\"},\"image\":{\"@id\":\"https:\\\/\\\/informelitoral.com.ar\\\/#\\\/schema\\\/logo\\\/image\\\/\"},\"sameAs\":[\"https:\\\/\\\/www.facebook.com\\\/informelitoral\\\/\",\"https:\\\/\\\/x.com\\\/InformeLitoral\",\"https:\\\/\\\/www.instagram.com\\\/informelitoral\\\/\",\"https:\\\/\\\/www.youtube.com\\\/channel\\\/UCua4Qvz8Icb6MYqhoq9xLXw\"]},{\"@type\":\"Person\",\"@id\":\"https:\\\/\\\/informelitoral.com.ar\\\/#\\\/schema\\\/person\\\/b9d00407c836482871ef1d57bf8e3180\",\"name\":\"Gonzalo Schmidt\",\"image\":{\"@type\":\"ImageObject\",\"inLanguage\":\"es\",\"@id\":\"https:\\\/\\\/secure.gravatar.com\\\/avatar\\\/31a1a7b66ff2de83bd0e9fd79d026630d2d99e55e8bfe501287647b4fd9743de?s=96&d=mm&r=g\",\"url\":\"https:\\\/\\\/secure.gravatar.com\\\/avatar\\\/31a1a7b66ff2de83bd0e9fd79d026630d2d99e55e8bfe501287647b4fd9743de?s=96&d=mm&r=g\",\"contentUrl\":\"https:\\\/\\\/secure.gravatar.com\\\/avatar\\\/31a1a7b66ff2de83bd0e9fd79d026630d2d99e55e8bfe501287647b4fd9743de?s=96&d=mm&r=g\",\"caption\":\"Gonzalo Schmidt\"},\"description\":\"Sitio web de noticias de la provincia de Entre R\u00edos, Argentina. Informaci\u00f3n y entretenimiento. Informe Litoral, nos informamos.\",\"sameAs\":[\"http:\\\/\\\/www.isletasnoticias.com.ar\"],\"url\":\"https:\\\/\\\/informelitoral.com.ar\\\/author\\\/gonzalo\\\/\"}]}<\/script>","yoast_head_json":{"title":"Finalmente hay fecha para la vuelta de los colectivos dentro de Entre R\u00edos - Informe Litoral","robots":{"index":"index","follow":"follow","max-snippet":"max-snippet:-1","max-image-preview":"max-image-preview:large","max-video-preview":"max-video-preview:-1"},"canonical":"https:\/\/informelitoral.com.ar\/finalmente-hay-fecha-para-la-vuelta-de-los-colectivos-dentro-de-entre-rios\/","og_locale":"es_ES","og_type":"article","og_title":"Finalmente hay fecha para la vuelta de los colectivos dentro de Entre R\u00edos - Informe Litoral","og_description":"Provincia y municipios mantendr\u00e1n esta martes una teleconferencia para consensuar los detalles. Qu\u00e9 habr\u00e1 que tener en cuenta para viajar, por parte de los pasajeros y las empresas.","og_url":"https:\/\/informelitoral.com.ar\/finalmente-hay-fecha-para-la-vuelta-de-los-colectivos-dentro-de-entre-rios\/","og_site_name":"Informe Litoral","article_publisher":"https:\/\/www.facebook.com\/informelitoral\/","article_published_time":"2020-06-06T14:58:31+00:00","article_modified_time":"2020-06-06T15:06:18+00:00","og_image":[{"width":1140,"height":640,"url":"https:\/\/informelitoral.com.ar\/%77%70%2d%63%6f%6e%74%65%6e%74\/uploads\/2020\/06\/colectivo-ruta.jpg","type":"image\/jpeg"}],"author":"Gonzalo Schmidt","twitter_card":"summary_large_image","twitter_creator":"@InformeLitoral","twitter_site":"@InformeLitoral","twitter_misc":{"Escrito por":"Gonzalo Schmidt","Tiempo de lectura":"8 minutos"},"schema":{"@context":"https:\/\/schema.org","@graph":[{"@type":"Article","@id":"https:\/\/informelitoral.com.ar\/finalmente-hay-fecha-para-la-vuelta-de-los-colectivos-dentro-de-entre-rios\/#article","isPartOf":{"@id":"https:\/\/informelitoral.com.ar\/finalmente-hay-fecha-para-la-vuelta-de-los-colectivos-dentro-de-entre-rios\/"},"author":{"name":"Gonzalo Schmidt","@id":"https:\/\/informelitoral.com.ar\/#\/schema\/person\/b9d00407c836482871ef1d57bf8e3180"},"headline":"Finalmente hay fecha para la vuelta de los colectivos dentro de Entre R\u00edos","datePublished":"2020-06-06T14:58:31+00:00","dateModified":"2020-06-06T15:06:18+00:00","mainEntityOfPage":{"@id":"https:\/\/informelitoral.com.ar\/finalmente-hay-fecha-para-la-vuelta-de-los-colectivos-dentro-de-entre-rios\/"},"wordCount":1575,"commentCount":0,"publisher":{"@id":"https:\/\/informelitoral.com.ar\/#organization"},"image":{"@id":"https:\/\/informelitoral.com.ar\/finalmente-hay-fecha-para-la-vuelta-de-los-colectivos-dentro-de-entre-rios\/#primaryimage"},"thumbnailUrl":"https:\/\/informelitoral.com.ar\/%77%70%2d%63%6f%6e%74%65%6e%74\/uploads\/2020\/06\/colectivo-ruta.jpg","keywords":["Colectivos","Entre R\u00edos","Pandemia"],"articleSection":["Entre R\u00edos"],"inLanguage":"es","potentialAction":[{"@type":"CommentAction","name":"Comment","target":["https:\/\/informelitoral.com.ar\/finalmente-hay-fecha-para-la-vuelta-de-los-colectivos-dentro-de-entre-rios\/#respond"]}]},{"@type":"WebPage","@id":"https:\/\/informelitoral.com.ar\/finalmente-hay-fecha-para-la-vuelta-de-los-colectivos-dentro-de-entre-rios\/","url":"https:\/\/informelitoral.com.ar\/finalmente-hay-fecha-para-la-vuelta-de-los-colectivos-dentro-de-entre-rios\/","name":"Finalmente hay fecha para la vuelta de los colectivos dentro de Entre R\u00edos - Informe Litoral","isPartOf":{"@id":"https:\/\/informelitoral.com.ar\/#website"},"primaryImageOfPage":{"@id":"https:\/\/informelitoral.com.ar\/finalmente-hay-fecha-para-la-vuelta-de-los-colectivos-dentro-de-entre-rios\/#primaryimage"},"image":{"@id":"https:\/\/informelitoral.com.ar\/finalmente-hay-fecha-para-la-vuelta-de-los-colectivos-dentro-de-entre-rios\/#primaryimage"},"thumbnailUrl":"https:\/\/informelitoral.com.ar\/%77%70%2d%63%6f%6e%74%65%6e%74\/uploads\/2020\/06\/colectivo-ruta.jpg","datePublished":"2020-06-06T14:58:31+00:00","dateModified":"2020-06-06T15:06:18+00:00","breadcrumb":{"@id":"https:\/\/informelitoral.com.ar\/finalmente-hay-fecha-para-la-vuelta-de-los-colectivos-dentro-de-entre-rios\/#breadcrumb"},"inLanguage":"es","potentialAction":[{"@type":"ReadAction","target":["https:\/\/informelitoral.com.ar\/finalmente-hay-fecha-para-la-vuelta-de-los-colectivos-dentro-de-entre-rios\/"]}]},{"@type":"ImageObject","inLanguage":"es","@id":"https:\/\/informelitoral.com.ar\/finalmente-hay-fecha-para-la-vuelta-de-los-colectivos-dentro-de-entre-rios\/#primaryimage","url":"https:\/\/informelitoral.com.ar\/%77%70%2d%63%6f%6e%74%65%6e%74\/uploads\/2020\/06\/colectivo-ruta.jpg","contentUrl":"https:\/\/informelitoral.com.ar\/%77%70%2d%63%6f%6e%74%65%6e%74\/uploads\/2020\/06\/colectivo-ruta.jpg","width":1140,"height":640},{"@type":"BreadcrumbList","@id":"https:\/\/informelitoral.com.ar\/finalmente-hay-fecha-para-la-vuelta-de-los-colectivos-dentro-de-entre-rios\/#breadcrumb","itemListElement":[{"@type":"ListItem","position":1,"name":"Portada","item":"https:\/\/informelitoral.com.ar\/"},{"@type":"ListItem","position":2,"name":"Finalmente hay fecha para la vuelta de los colectivos dentro de Entre R\u00edos"}]},{"@type":"WebSite","@id":"https:\/\/informelitoral.com.ar\/#website","url":"https:\/\/informelitoral.com.ar\/","name":"Informe Litoral","description":"&quot;Nos informamos&quot; ","publisher":{"@id":"https:\/\/informelitoral.com.ar\/#organization"},"potentialAction":[{"@type":"SearchAction","target":{"@type":"EntryPoint","urlTemplate":"https:\/\/informelitoral.com.ar\/?s={search_term_string}"},"query-input":{"@type":"PropertyValueSpecification","valueRequired":true,"valueName":"search_term_string"}}],"inLanguage":"es"},{"@type":"Organization","@id":"https:\/\/informelitoral.com.ar\/#organization","name":"Informe Litoral","url":"https:\/\/informelitoral.com.ar\/","logo":{"@type":"ImageObject","inLanguage":"es","@id":"https:\/\/informelitoral.com.ar\/#\/schema\/logo\/image\/","url":"https:\/\/informelitoral.com.ar\/%77%70%2d%63%6f%6e%74%65%6e%74\/uploads\/2021\/01\/circulo.png","contentUrl":"https:\/\/informelitoral.com.ar\/%77%70%2d%63%6f%6e%74%65%6e%74\/uploads\/2021\/01\/circulo.png","width":723,"height":731,"caption":"Informe Litoral"},"image":{"@id":"https:\/\/informelitoral.com.ar\/#\/schema\/logo\/image\/"},"sameAs":["https:\/\/www.facebook.com\/informelitoral\/","https:\/\/x.com\/InformeLitoral","https:\/\/www.instagram.com\/informelitoral\/","https:\/\/www.youtube.com\/channel\/UCua4Qvz8Icb6MYqhoq9xLXw"]},{"@type":"Person","@id":"https:\/\/informelitoral.com.ar\/#\/schema\/person\/b9d00407c836482871ef1d57bf8e3180","name":"Gonzalo Schmidt","image":{"@type":"ImageObject","inLanguage":"es","@id":"https:\/\/secure.gravatar.com\/avatar\/31a1a7b66ff2de83bd0e9fd79d026630d2d99e55e8bfe501287647b4fd9743de?s=96&d=mm&r=g","url":"https:\/\/secure.gravatar.com\/avatar\/31a1a7b66ff2de83bd0e9fd79d026630d2d99e55e8bfe501287647b4fd9743de?s=96&d=mm&r=g","contentUrl":"https:\/\/secure.gravatar.com\/avatar\/31a1a7b66ff2de83bd0e9fd79d026630d2d99e55e8bfe501287647b4fd9743de?s=96&d=mm&r=g","caption":"Gonzalo Schmidt"},"description":"Sitio web de noticias de la provincia de Entre R\u00edos, Argentina. Informaci\u00f3n y entretenimiento. Informe Litoral, nos informamos.","sameAs":["http:\/\/www.isletasnoticias.com.ar"],"url":"https:\/\/informelitoral.com.ar\/author\/gonzalo\/"}]}},"_links":{"self":[{"href":"https:\/\/informelitoral.com.ar\/%77%70%2d%6a%73%6f%6e\/wp\/v2\/posts\/44156","targetHints":{"allow":["GET"]}}],"collection":[{"href":"https:\/\/informelitoral.com.ar\/%77%70%2d%6a%73%6f%6e\/wp\/v2\/posts"}],"about":[{"href":"https:\/\/informelitoral.com.ar\/%77%70%2d%6a%73%6f%6e\/wp\/v2\/types\/post"}],"author":[{"embeddable":true,"href":"https:\/\/informelitoral.com.ar\/%77%70%2d%6a%73%6f%6e\/wp\/v2\/users\/2"}],"replies":[{"embeddable":true,"href":"https:\/\/informelitoral.com.ar\/%77%70%2d%6a%73%6f%6e\/wp\/v2\/comments?post=44156"}],"version-history":[{"count":0,"href":"https:\/\/informelitoral.com.ar\/%77%70%2d%6a%73%6f%6e\/wp\/v2\/posts\/44156\/revisions"}],"wp:featuredmedia":[{"embeddable":true,"href":"https:\/\/informelitoral.com.ar\/%77%70%2d%6a%73%6f%6e\/wp\/v2\/media\/43973"}],"wp:attachment":[{"href":"https:\/\/informelitoral.com.ar\/%77%70%2d%6a%73%6f%6e\/wp\/v2\/media?parent=44156"}],"wp:term":[{"taxonomy":"category","embeddable":true,"href":"https:\/\/informelitoral.com.ar\/%77%70%2d%6a%73%6f%6e\/wp\/v2\/categories?post=44156"},{"taxonomy":"post_tag","embeddable":true,"href":"https:\/\/informelitoral.com.ar\/%77%70%2d%6a%73%6f%6e\/wp\/v2\/tags?post=44156"}],"curies":[{"name":"wp","href":"https:\/\/api.w.org\/{rel}","templated":true}]}}