{"id":4409,"date":"2013-11-25T10:36:40","date_gmt":"2013-11-25T13:36:40","guid":{"rendered":"http:\/\/www.isletasnoticias.com.ar\/?p=4409"},"modified":"2013-11-25T10:42:14","modified_gmt":"2013-11-25T13:42:14","slug":"4409","status":"publish","type":"post","link":"https:\/\/informelitoral.com.ar\/4409\/","title":{"rendered":"A los 45 a\u00f1os falleci\u00f3 Ricardo Fort"},"content":{"rendered":"<p><strong>El medi\u00e1tico empresario muri\u00f3 esta madrugada, inform\u00f3 su vocero\u00a0Hern\u00e1n Ranieri. Estaba internado por fuertes dolores.<\/strong><img decoding=\"async\" title=\"\" alt=\"\" src=\"http:\/\/cdn01.ib.infobae.com\/adjuntos\/162\/imagenes\/010\/403\/0010403107.jpg\" data-src-s=\"http:\/\/cdn01.ib.infobae.com\/adjuntos\/162\/imagenes\/010\/403\/0010403105.jpg\" data-src-m=\"http:\/\/cdn01.ib.infobae.com\/adjuntos\/162\/imagenes\/010\/403\/0010403106.jpg\" data-src-l=\"http:\/\/cdn01.ib.infobae.com\/adjuntos\/162\/imagenes\/010\/403\/0010403107.jpg\" \/><\/p>\n<div>\n<p><b>Ricardo Fort\u00a0<\/b>falleci\u00f3 en la madrugada de este lunes, inform\u00f3\u00a0<b>Hern\u00e1n Ranieri<\/b>, su asistente de prensa. Est\u00e1 previsto que las autoridades del Sanatorio de La Trinidad de Palermo entreguen un parte m\u00e9dico con m\u00e1s precisiones. El actor, de 45 a\u00f1os, hab\u00eda sido internado la semana pasada por fuertes dolores en una de sus rodillas, de acuerdo a la informaci\u00f3n oficial.<\/p>\n<p>\u00ab\u00c9l nos hab\u00eda dicho cuando lleg\u00f3 de Miami que present\u00eda que esto pod\u00eda pasar en cualquier momento. Habl\u00e9 anoche con \u00e9l porque est\u00e1bamos pautando una nota para Caras, la verdad que no estaba mal\u00bb, declar\u00f3 Ranieri desde la puerta del Sanatorio.<\/p>\n<p>En sus \u00faltimas declaraciones p\u00fablicas se lo hab\u00eda notado deprimido porque los m\u00e9dicos no pod\u00edan encontrar la clave para terminar con sus dolores. \u00abPens\u00e9 en suicidarme, estoy muy triste, es un tema que necesito resolver con urgencia\u00bb, lleg\u00f3 a declarar.<\/p>\n<p>Adem\u00e1s circul\u00f3 un video en donde se ve\u00eda a Fort en una camilla del sanatorio hablando sobre su salud. \u00abDe ninguna manera me van a cortar la pierna, es una burrada lo que est\u00e1n diciendo\u00bb, dijo para acallar rumores que circulaban el viernes.<\/p>\n<p>Una vez conocida la noticia, explotaron los mensajes en las redes sociales. El empresario\u00a0<b>Leonardo Fari\u00f1a<\/b>\u00a0fue uno de los primeros en llegar a La Trinidad para brindarles su p\u00e9same a los familiares de Fort.<\/p>\n<p>Por lo pronto, su entorno \u00edntimo confirm\u00f3 que no habr\u00e1 velatorio y que ser\u00e1n ellos quienes acercar\u00e1n el parte m\u00e9dico a la prensa.<\/p>\n<p>Millonario heredero de la empresa Fel Fort, que fuera fundada por su abuelo Felipe, Ricardo Fort se hizo conocido primero en el mundo del espect\u00e1culo por sus exc\u00e9ntricos y costosos gustos. Relojes Rolex, grandes joyas, un auto Rolls Royce, inusuales cirug\u00edas pl\u00e1sticas o lujosas ropas compradas en Miami eran habituales en su repertorio.<\/p>\n<p>En 2009, el medi\u00e1tico empresario decidi\u00f3 pagar de su propio bolsillo un espacio televisivo en Canal 13 para filmar un reality show sobre su vida y la de sus amigos en los frecuentes viajes y fiestas que realizaban alrededor del mundo, public\u00f3 <em>Teleshow.<\/em><\/p>\n<div>Sin embargo, su verdadero y mete\u00f3rico ascenso a la fama comenz\u00f3 a \u00a0producirse a fines de ese mismo a\u00f1o, cuando result\u00f3 ganador del programa \u00abEl Musical de tus Sue\u00f1os\u00bb, lo que le vali\u00f3 un lugar en el programa m\u00e1s visto de la televisi\u00f3n argentina: ShowMatch. All\u00ed, sus peleas con los otros famosos y sus excentricidades lo volvieron r\u00e1pidamente una estrella de los programas de la tarde.<\/div>\n<\/div>\n","protected":false},"excerpt":{"rendered":"<p>El medi&aacute;tico empresario muri&oacute; esta madrugada, inform&oacute; su vocero&nbsp;Hern&aacute;n Ranieri. Estaba internado por fuertes dolores. Ricardo Fort&nbsp;falleci&oacute; en la madrugada de este lunes, inform&oacute;&nbsp;Hern&aacute;n Ranieri, su asistente de prensa. Est&aacute; previsto que las autoridades del Sanatorio de La Trinidad de Palermo entreguen un parte m&eacute;dico con m&aacute;s precisiones. El actor, de 45 a&ntilde;os, hab&iacute;a sido [&hellip;]<\/p>\n","protected":false},"author":2,"featured_media":0,"comment_status":"open","ping_status":"open","sticky":false,"template":"","format":"standard","meta":{"fifu_image_url":"","fifu_image_alt":"","footnotes":""},"categories":[12],"tags":[],"class_list":{"0":"post-4409","1":"post","2":"type-post","3":"status-publish","4":"format-standard","6":"category-espectaculos"},"yoast_head":"<title>A los 45 a\u00f1os falleci\u00f3 Ricardo Fort - Informe Litoral<\/title>\n<meta name=\"robots\" content=\"index, follow, max-snippet:-1, max-image-preview:large, max-video-preview:-1\" \/>\n<link rel=\"canonical\" href=\"https:\/\/informelitoral.com.ar\/4409\/\" \/>\n<meta property=\"og:locale\" content=\"es_ES\" \/>\n<meta property=\"og:type\" content=\"article\" \/>\n<meta property=\"og:title\" content=\"A los 45 a\u00f1os falleci\u00f3 Ricardo Fort - Informe Litoral\" \/>\n<meta property=\"og:description\" content=\"El medi&aacute;tico empresario muri&oacute; esta madrugada, inform&oacute; su vocero&nbsp;Hern&aacute;n Ranieri. Estaba internado por fuertes dolores. Ricardo Fort&nbsp;falleci&oacute; en la madrugada de este lunes, inform&oacute;&nbsp;Hern&aacute;n Ranieri, su asistente de prensa. Est&aacute; previsto que las autoridades del Sanatorio de La Trinidad de Palermo entreguen un parte m&eacute;dico con m&aacute;s precisiones. El actor, de 45 a&ntilde;os, hab&iacute;a sido [&hellip;]\" \/>\n<meta property=\"og:url\" content=\"https:\/\/informelitoral.com.ar\/4409\/\" \/>\n<meta property=\"og:site_name\" content=\"Informe Litoral\" \/>\n<meta property=\"article:publisher\" content=\"https:\/\/www.facebook.com\/informelitoral\/\" \/>\n<meta property=\"article:published_time\" content=\"2013-11-25T13:36:40+00:00\" \/>\n<meta property=\"article:modified_time\" content=\"2013-11-25T13:42:14+00:00\" \/>\n<meta property=\"og:image\" content=\"http:\/\/cdn01.ib.infobae.com\/adjuntos\/162\/imagenes\/010\/403\/0010403107.jpg\" \/>\n<meta name=\"author\" content=\"Gonzalo Schmidt\" \/>\n<meta name=\"twitter:card\" content=\"summary_large_image\" \/>\n<meta name=\"twitter:creator\" content=\"@InformeLitoral\" \/>\n<meta name=\"twitter:site\" content=\"@InformeLitoral\" \/>\n<meta name=\"twitter:label1\" content=\"Escrito por\" \/>\n\t<meta name=\"twitter:data1\" content=\"Gonzalo Schmidt\" \/>\n\t<meta name=\"twitter:label2\" content=\"Tiempo de lectura\" \/>\n\t<meta name=\"twitter:data2\" content=\"2 minutos\" \/>\n<script type=\"application\/ld+json\" class=\"yoast-schema-graph\">{\"@context\":\"https:\\\/\\\/schema.org\",\"@graph\":[{\"@type\":\"Article\",\"@id\":\"https:\\\/\\\/informelitoral.com.ar\\\/4409\\\/#article\",\"isPartOf\":{\"@id\":\"https:\\\/\\\/informelitoral.com.ar\\\/4409\\\/\"},\"author\":{\"name\":\"Gonzalo Schmidt\",\"@id\":\"https:\\\/\\\/informelitoral.com.ar\\\/#\\\/schema\\\/person\\\/b9d00407c836482871ef1d57bf8e3180\"},\"headline\":\"A los 45 a\u00f1os falleci\u00f3 Ricardo Fort\",\"datePublished\":\"2013-11-25T13:36:40+00:00\",\"dateModified\":\"2013-11-25T13:42:14+00:00\",\"mainEntityOfPage\":{\"@id\":\"https:\\\/\\\/informelitoral.com.ar\\\/4409\\\/\"},\"wordCount\":459,\"commentCount\":0,\"publisher\":{\"@id\":\"https:\\\/\\\/informelitoral.com.ar\\\/#organization\"},\"image\":{\"@id\":\"https:\\\/\\\/informelitoral.com.ar\\\/4409\\\/#primaryimage\"},\"thumbnailUrl\":\"http:\\\/\\\/cdn01.ib.infobae.com\\\/adjuntos\\\/162\\\/imagenes\\\/010\\\/403\\\/0010403107.jpg\",\"articleSection\":[\"Espect\u00e1culos\"],\"inLanguage\":\"es\",\"potentialAction\":[{\"@type\":\"CommentAction\",\"name\":\"Comment\",\"target\":[\"https:\\\/\\\/informelitoral.com.ar\\\/4409\\\/#respond\"]}]},{\"@type\":\"WebPage\",\"@id\":\"https:\\\/\\\/informelitoral.com.ar\\\/4409\\\/\",\"url\":\"https:\\\/\\\/informelitoral.com.ar\\\/4409\\\/\",\"name\":\"A los 45 a\u00f1os falleci\u00f3 Ricardo Fort - Informe Litoral\",\"isPartOf\":{\"@id\":\"https:\\\/\\\/informelitoral.com.ar\\\/#website\"},\"primaryImageOfPage\":{\"@id\":\"https:\\\/\\\/informelitoral.com.ar\\\/4409\\\/#primaryimage\"},\"image\":{\"@id\":\"https:\\\/\\\/informelitoral.com.ar\\\/4409\\\/#primaryimage\"},\"thumbnailUrl\":\"http:\\\/\\\/cdn01.ib.infobae.com\\\/adjuntos\\\/162\\\/imagenes\\\/010\\\/403\\\/0010403107.jpg\",\"datePublished\":\"2013-11-25T13:36:40+00:00\",\"dateModified\":\"2013-11-25T13:42:14+00:00\",\"breadcrumb\":{\"@id\":\"https:\\\/\\\/informelitoral.com.ar\\\/4409\\\/#breadcrumb\"},\"inLanguage\":\"es\",\"potentialAction\":[{\"@type\":\"ReadAction\",\"target\":[\"https:\\\/\\\/informelitoral.com.ar\\\/4409\\\/\"]}]},{\"@type\":\"ImageObject\",\"inLanguage\":\"es\",\"@id\":\"https:\\\/\\\/informelitoral.com.ar\\\/4409\\\/#primaryimage\",\"url\":\"http:\\\/\\\/cdn01.ib.infobae.com\\\/adjuntos\\\/162\\\/imagenes\\\/010\\\/403\\\/0010403107.jpg\",\"contentUrl\":\"http:\\\/\\\/cdn01.ib.infobae.com\\\/adjuntos\\\/162\\\/imagenes\\\/010\\\/403\\\/0010403107.jpg\"},{\"@type\":\"BreadcrumbList\",\"@id\":\"https:\\\/\\\/informelitoral.com.ar\\\/4409\\\/#breadcrumb\",\"itemListElement\":[{\"@type\":\"ListItem\",\"position\":1,\"name\":\"Portada\",\"item\":\"https:\\\/\\\/informelitoral.com.ar\\\/\"},{\"@type\":\"ListItem\",\"position\":2,\"name\":\"A los 45 a\u00f1os falleci\u00f3 Ricardo Fort\"}]},{\"@type\":\"WebSite\",\"@id\":\"https:\\\/\\\/informelitoral.com.ar\\\/#website\",\"url\":\"https:\\\/\\\/informelitoral.com.ar\\\/\",\"name\":\"Informe Litoral\",\"description\":\"&quot;Nos informamos&quot; \",\"publisher\":{\"@id\":\"https:\\\/\\\/informelitoral.com.ar\\\/#organization\"},\"potentialAction\":[{\"@type\":\"SearchAction\",\"target\":{\"@type\":\"EntryPoint\",\"urlTemplate\":\"https:\\\/\\\/informelitoral.com.ar\\\/?s={search_term_string}\"},\"query-input\":{\"@type\":\"PropertyValueSpecification\",\"valueRequired\":true,\"valueName\":\"search_term_string\"}}],\"inLanguage\":\"es\"},{\"@type\":\"Organization\",\"@id\":\"https:\\\/\\\/informelitoral.com.ar\\\/#organization\",\"name\":\"Informe Litoral\",\"url\":\"https:\\\/\\\/informelitoral.com.ar\\\/\",\"logo\":{\"@type\":\"ImageObject\",\"inLanguage\":\"es\",\"@id\":\"https:\\\/\\\/informelitoral.com.ar\\\/#\\\/schema\\\/logo\\\/image\\\/\",\"url\":\"https:\\\/\\\/informelitoral.com.ar\\\/%77%70%2d%63%6f%6e%74%65%6e%74\\\/uploads\\\/2021\\\/01\\\/circulo.png\",\"contentUrl\":\"https:\\\/\\\/informelitoral.com.ar\\\/%77%70%2d%63%6f%6e%74%65%6e%74\\\/uploads\\\/2021\\\/01\\\/circulo.png\",\"width\":723,\"height\":731,\"caption\":\"Informe Litoral\"},\"image\":{\"@id\":\"https:\\\/\\\/informelitoral.com.ar\\\/#\\\/schema\\\/logo\\\/image\\\/\"},\"sameAs\":[\"https:\\\/\\\/www.facebook.com\\\/informelitoral\\\/\",\"https:\\\/\\\/x.com\\\/InformeLitoral\",\"https:\\\/\\\/www.instagram.com\\\/informelitoral\\\/\",\"https:\\\/\\\/www.youtube.com\\\/channel\\\/UCua4Qvz8Icb6MYqhoq9xLXw\"]},{\"@type\":\"Person\",\"@id\":\"https:\\\/\\\/informelitoral.com.ar\\\/#\\\/schema\\\/person\\\/b9d00407c836482871ef1d57bf8e3180\",\"name\":\"Gonzalo Schmidt\",\"image\":{\"@type\":\"ImageObject\",\"inLanguage\":\"es\",\"@id\":\"https:\\\/\\\/secure.gravatar.com\\\/avatar\\\/31a1a7b66ff2de83bd0e9fd79d026630d2d99e55e8bfe501287647b4fd9743de?s=96&d=mm&r=g\",\"url\":\"https:\\\/\\\/secure.gravatar.com\\\/avatar\\\/31a1a7b66ff2de83bd0e9fd79d026630d2d99e55e8bfe501287647b4fd9743de?s=96&d=mm&r=g\",\"contentUrl\":\"https:\\\/\\\/secure.gravatar.com\\\/avatar\\\/31a1a7b66ff2de83bd0e9fd79d026630d2d99e55e8bfe501287647b4fd9743de?s=96&d=mm&r=g\",\"caption\":\"Gonzalo Schmidt\"},\"description\":\"Sitio web de noticias de la provincia de Entre R\u00edos, Argentina. Informaci\u00f3n y entretenimiento. Informe Litoral, nos informamos.\",\"sameAs\":[\"http:\\\/\\\/www.isletasnoticias.com.ar\"],\"url\":\"https:\\\/\\\/informelitoral.com.ar\\\/author\\\/gonzalo\\\/\"}]}<\/script>","yoast_head_json":{"title":"A los 45 a\u00f1os falleci\u00f3 Ricardo Fort - Informe Litoral","robots":{"index":"index","follow":"follow","max-snippet":"max-snippet:-1","max-image-preview":"max-image-preview:large","max-video-preview":"max-video-preview:-1"},"canonical":"https:\/\/informelitoral.com.ar\/4409\/","og_locale":"es_ES","og_type":"article","og_title":"A los 45 a\u00f1os falleci\u00f3 Ricardo Fort - Informe Litoral","og_description":"El medi&aacute;tico empresario muri&oacute; esta madrugada, inform&oacute; su vocero&nbsp;Hern&aacute;n Ranieri. Estaba internado por fuertes dolores. Ricardo Fort&nbsp;falleci&oacute; en la madrugada de este lunes, inform&oacute;&nbsp;Hern&aacute;n Ranieri, su asistente de prensa. Est&aacute; previsto que las autoridades del Sanatorio de La Trinidad de Palermo entreguen un parte m&eacute;dico con m&aacute;s precisiones. El actor, de 45 a&ntilde;os, hab&iacute;a sido [&hellip;]","og_url":"https:\/\/informelitoral.com.ar\/4409\/","og_site_name":"Informe Litoral","article_publisher":"https:\/\/www.facebook.com\/informelitoral\/","article_published_time":"2013-11-25T13:36:40+00:00","article_modified_time":"2013-11-25T13:42:14+00:00","og_image":[{"url":"http:\/\/cdn01.ib.infobae.com\/adjuntos\/162\/imagenes\/010\/403\/0010403107.jpg","type":"","width":"","height":""}],"author":"Gonzalo Schmidt","twitter_card":"summary_large_image","twitter_creator":"@InformeLitoral","twitter_site":"@InformeLitoral","twitter_misc":{"Escrito por":"Gonzalo Schmidt","Tiempo de lectura":"2 minutos"},"schema":{"@context":"https:\/\/schema.org","@graph":[{"@type":"Article","@id":"https:\/\/informelitoral.com.ar\/4409\/#article","isPartOf":{"@id":"https:\/\/informelitoral.com.ar\/4409\/"},"author":{"name":"Gonzalo Schmidt","@id":"https:\/\/informelitoral.com.ar\/#\/schema\/person\/b9d00407c836482871ef1d57bf8e3180"},"headline":"A los 45 a\u00f1os falleci\u00f3 Ricardo Fort","datePublished":"2013-11-25T13:36:40+00:00","dateModified":"2013-11-25T13:42:14+00:00","mainEntityOfPage":{"@id":"https:\/\/informelitoral.com.ar\/4409\/"},"wordCount":459,"commentCount":0,"publisher":{"@id":"https:\/\/informelitoral.com.ar\/#organization"},"image":{"@id":"https:\/\/informelitoral.com.ar\/4409\/#primaryimage"},"thumbnailUrl":"http:\/\/cdn01.ib.infobae.com\/adjuntos\/162\/imagenes\/010\/403\/0010403107.jpg","articleSection":["Espect\u00e1culos"],"inLanguage":"es","potentialAction":[{"@type":"CommentAction","name":"Comment","target":["https:\/\/informelitoral.com.ar\/4409\/#respond"]}]},{"@type":"WebPage","@id":"https:\/\/informelitoral.com.ar\/4409\/","url":"https:\/\/informelitoral.com.ar\/4409\/","name":"A los 45 a\u00f1os falleci\u00f3 Ricardo Fort - Informe Litoral","isPartOf":{"@id":"https:\/\/informelitoral.com.ar\/#website"},"primaryImageOfPage":{"@id":"https:\/\/informelitoral.com.ar\/4409\/#primaryimage"},"image":{"@id":"https:\/\/informelitoral.com.ar\/4409\/#primaryimage"},"thumbnailUrl":"http:\/\/cdn01.ib.infobae.com\/adjuntos\/162\/imagenes\/010\/403\/0010403107.jpg","datePublished":"2013-11-25T13:36:40+00:00","dateModified":"2013-11-25T13:42:14+00:00","breadcrumb":{"@id":"https:\/\/informelitoral.com.ar\/4409\/#breadcrumb"},"inLanguage":"es","potentialAction":[{"@type":"ReadAction","target":["https:\/\/informelitoral.com.ar\/4409\/"]}]},{"@type":"ImageObject","inLanguage":"es","@id":"https:\/\/informelitoral.com.ar\/4409\/#primaryimage","url":"http:\/\/cdn01.ib.infobae.com\/adjuntos\/162\/imagenes\/010\/403\/0010403107.jpg","contentUrl":"http:\/\/cdn01.ib.infobae.com\/adjuntos\/162\/imagenes\/010\/403\/0010403107.jpg"},{"@type":"BreadcrumbList","@id":"https:\/\/informelitoral.com.ar\/4409\/#breadcrumb","itemListElement":[{"@type":"ListItem","position":1,"name":"Portada","item":"https:\/\/informelitoral.com.ar\/"},{"@type":"ListItem","position":2,"name":"A los 45 a\u00f1os falleci\u00f3 Ricardo Fort"}]},{"@type":"WebSite","@id":"https:\/\/informelitoral.com.ar\/#website","url":"https:\/\/informelitoral.com.ar\/","name":"Informe Litoral","description":"&quot;Nos informamos&quot; ","publisher":{"@id":"https:\/\/informelitoral.com.ar\/#organization"},"potentialAction":[{"@type":"SearchAction","target":{"@type":"EntryPoint","urlTemplate":"https:\/\/informelitoral.com.ar\/?s={search_term_string}"},"query-input":{"@type":"PropertyValueSpecification","valueRequired":true,"valueName":"search_term_string"}}],"inLanguage":"es"},{"@type":"Organization","@id":"https:\/\/informelitoral.com.ar\/#organization","name":"Informe Litoral","url":"https:\/\/informelitoral.com.ar\/","logo":{"@type":"ImageObject","inLanguage":"es","@id":"https:\/\/informelitoral.com.ar\/#\/schema\/logo\/image\/","url":"https:\/\/informelitoral.com.ar\/%77%70%2d%63%6f%6e%74%65%6e%74\/uploads\/2021\/01\/circulo.png","contentUrl":"https:\/\/informelitoral.com.ar\/%77%70%2d%63%6f%6e%74%65%6e%74\/uploads\/2021\/01\/circulo.png","width":723,"height":731,"caption":"Informe Litoral"},"image":{"@id":"https:\/\/informelitoral.com.ar\/#\/schema\/logo\/image\/"},"sameAs":["https:\/\/www.facebook.com\/informelitoral\/","https:\/\/x.com\/InformeLitoral","https:\/\/www.instagram.com\/informelitoral\/","https:\/\/www.youtube.com\/channel\/UCua4Qvz8Icb6MYqhoq9xLXw"]},{"@type":"Person","@id":"https:\/\/informelitoral.com.ar\/#\/schema\/person\/b9d00407c836482871ef1d57bf8e3180","name":"Gonzalo Schmidt","image":{"@type":"ImageObject","inLanguage":"es","@id":"https:\/\/secure.gravatar.com\/avatar\/31a1a7b66ff2de83bd0e9fd79d026630d2d99e55e8bfe501287647b4fd9743de?s=96&d=mm&r=g","url":"https:\/\/secure.gravatar.com\/avatar\/31a1a7b66ff2de83bd0e9fd79d026630d2d99e55e8bfe501287647b4fd9743de?s=96&d=mm&r=g","contentUrl":"https:\/\/secure.gravatar.com\/avatar\/31a1a7b66ff2de83bd0e9fd79d026630d2d99e55e8bfe501287647b4fd9743de?s=96&d=mm&r=g","caption":"Gonzalo Schmidt"},"description":"Sitio web de noticias de la provincia de Entre R\u00edos, Argentina. Informaci\u00f3n y entretenimiento. Informe Litoral, nos informamos.","sameAs":["http:\/\/www.isletasnoticias.com.ar"],"url":"https:\/\/informelitoral.com.ar\/author\/gonzalo\/"}]}},"_links":{"self":[{"href":"https:\/\/informelitoral.com.ar\/%77%70%2d%6a%73%6f%6e\/wp\/v2\/posts\/4409","targetHints":{"allow":["GET"]}}],"collection":[{"href":"https:\/\/informelitoral.com.ar\/%77%70%2d%6a%73%6f%6e\/wp\/v2\/posts"}],"about":[{"href":"https:\/\/informelitoral.com.ar\/%77%70%2d%6a%73%6f%6e\/wp\/v2\/types\/post"}],"author":[{"embeddable":true,"href":"https:\/\/informelitoral.com.ar\/%77%70%2d%6a%73%6f%6e\/wp\/v2\/users\/2"}],"replies":[{"embeddable":true,"href":"https:\/\/informelitoral.com.ar\/%77%70%2d%6a%73%6f%6e\/wp\/v2\/comments?post=4409"}],"version-history":[{"count":0,"href":"https:\/\/informelitoral.com.ar\/%77%70%2d%6a%73%6f%6e\/wp\/v2\/posts\/4409\/revisions"}],"wp:attachment":[{"href":"https:\/\/informelitoral.com.ar\/%77%70%2d%6a%73%6f%6e\/wp\/v2\/media?parent=4409"}],"wp:term":[{"taxonomy":"category","embeddable":true,"href":"https:\/\/informelitoral.com.ar\/%77%70%2d%6a%73%6f%6e\/wp\/v2\/categories?post=4409"},{"taxonomy":"post_tag","embeddable":true,"href":"https:\/\/informelitoral.com.ar\/%77%70%2d%6a%73%6f%6e\/wp\/v2\/tags?post=4409"}],"curies":[{"name":"wp","href":"https:\/\/api.w.org\/{rel}","templated":true}]}}