{"id":4391,"date":"2013-11-22T07:33:41","date_gmt":"2013-11-22T10:33:41","guid":{"rendered":"http:\/\/www.isletasnoticias.com.ar\/?p=4391"},"modified":"2013-11-22T07:35:06","modified_gmt":"2013-11-22T10:35:06","slug":"autorizaron-un-aumento-del-5-por-ciento-en-la-tarifa-electrica","status":"publish","type":"post","link":"https:\/\/informelitoral.com.ar\/autorizaron-un-aumento-del-5-por-ciento-en-la-tarifa-electrica\/","title":{"rendered":"Autorizaron un aumento del 5 por ciento en la tarifa el\u00e9ctrica"},"content":{"rendered":"<p><strong>El Ente Provincial Regulador de la Energ\u00eda (EPRE) aprob\u00f3 una actualizaci\u00f3n del cuadro tarifario, por la que el costo de la luz aumentar\u00e1 un 5% promedio que aplicar\u00e1n todas las distribuidoras.<\/strong><\/p>\n<p><img loading=\"lazy\" decoding=\"async\" class=\"size-full wp-image-4392 aligncenter\" alt=\"energia\" src=\"http:\/\/www.isletasnoticias.com.ar\/%77%70%2d%63%6f%6e%74%65%6e%74\/uploads\/2013\/11\/energia.jpg\" width=\"300\" height=\"180\" \/><\/p>\n<div>Por medio de la resoluci\u00f3n 153, el EPRE autoriz\u00f3 un incremento promedio del cinco por ciento del cuadro tarifario que solicit\u00f3 la Empresa Energ\u00eda de Entre R\u00edos Sociedad An\u00f3nima (Enersa) para el periodo comprendido entre noviembre de 2013 hasta el 31 de enero de 2014.<\/div>\n<div><\/div>\n<div>Los diferentes tramos de aumentos se aplicar\u00e1n de manera diferenciada a usuarios residenciales, a quienes desarrollan actividades seg\u00fan el codificador de la Administraci\u00f3n Federal de Ingresos P\u00fablicos (AFIP), a quienes hayan renunciado al subsidio del Estado nacional y a quienes conforman countries, barrios cerrados, clubes de campo o clubes de chacras.<\/div>\n<div><\/div>\n<div>Si bien el pedido lo realiz\u00f3 Enersa, el documento determina que todas las distribuidoras concesionarias del servicio p\u00fablico de electricidad deber\u00e1n aplicar los nuevos valores.<\/div>\n<div><\/div>\n<div>Con este \u00faltimo ajuste, en el a\u00f1o aument\u00f3 un 17.9% el costo de distribuci\u00f3n de la energ\u00eda, ya que en febrero subi\u00f3 un 7.8%, en julio un 2% y en el trimestre que va de agosto a octubre un 3,1%, consigna AIM y reproduce <em>Paralelo 32.<\/em><\/div>\n<div><\/div>\n<div>El presidente del Consejo de Administraci\u00f3n de la Cooperativa El\u00e9ctrica, Guillermo Farabello, inform\u00f3 a ElD\u00eda que \u201ces una modificaci\u00f3n presupuestaria para Enersa y las 18 cooperativas. Como la tarifa es \u00fanica en la provincia los aumentos son para todos y cada tres meses\u201d.<\/div>\n<div><\/div>\n<div>Aclar\u00f3 que \u201clos otros incrementos fueron muy peque\u00f1os. Hay uno que pr\u00e1cticamente no se movi\u00f3, el de mayo, y despu\u00e9s se dio otro de 1,2 %. El que tiene la mayor incidencia ser\u00eda \u00e9ste que es de un 5 %\u201d.<\/div>\n<div><\/div>\n<div><\/div>\n<div><\/div>\n<div><img loading=\"lazy\" decoding=\"async\" class=\"size-medium wp-image-4393 alignright\" alt=\"quebracho\" src=\"http:\/\/www.isletasnoticias.com.ar\/%77%70%2d%63%6f%6e%74%65%6e%74\/uploads\/2013\/11\/quebracho-300x225.jpg\" width=\"300\" height=\"225\" srcset=\"https:\/\/informelitoral.com.ar\/%77%70%2d%63%6f%6e%74%65%6e%74\/uploads\/2013\/11\/quebracho-300x225.jpg 300w, https:\/\/informelitoral.com.ar\/%77%70%2d%63%6f%6e%74%65%6e%74\/uploads\/2013\/11\/quebracho.jpg 640w\" sizes=\"auto, (max-width: 300px) 100vw, 300px\" \/><\/div>\n<div><strong>El servicio en Isletas<\/strong><\/div>\n<div>Los usuarios de Cooperativa Quebracho de Viale, -una de las dos prestadoras del servicio en la localidad- contin\u00faan quej\u00e1ndose peri\u00f3dicamente por las falencias del servicio el\u00e9ctrico. Afirman que \u00abse corta la luz cuando hay un poco de viento, lluvia y a veces con buen tiempo tambi\u00e9n y en la mayor\u00eda de las oportunidades sin previo aviso\u00bb.<\/div>\n","protected":false},"excerpt":{"rendered":"<p>El Ente Provincial Regulador de la Energ&iacute;a (EPRE) aprob&oacute; una actualizaci&oacute;n del cuadro tarifario, por la que el costo de la luz aumentar&aacute; un 5% promedio que aplicar&aacute;n todas las distribuidoras. Por medio de la resoluci&oacute;n 153, el EPRE autoriz&oacute; un incremento promedio del cinco por ciento del cuadro tarifario que solicit&oacute; la Empresa Energ&iacute;a [&hellip;]<\/p>\n","protected":false},"author":2,"featured_media":0,"comment_status":"open","ping_status":"open","sticky":false,"template":"","format":"standard","meta":{"fifu_image_url":"","fifu_image_alt":"","footnotes":""},"categories":[6],"tags":[],"class_list":{"0":"post-4391","1":"post","2":"type-post","3":"status-publish","4":"format-standard","6":"category-entre-rios"},"yoast_head":"<title>Autorizaron un aumento del 5 por ciento en la tarifa el\u00e9ctrica - Informe Litoral<\/title>\n<meta name=\"robots\" content=\"index, follow, max-snippet:-1, max-image-preview:large, max-video-preview:-1\" \/>\n<link rel=\"canonical\" href=\"https:\/\/informelitoral.com.ar\/autorizaron-un-aumento-del-5-por-ciento-en-la-tarifa-electrica\/\" \/>\n<meta property=\"og:locale\" content=\"es_ES\" \/>\n<meta property=\"og:type\" content=\"article\" \/>\n<meta property=\"og:title\" content=\"Autorizaron un aumento del 5 por ciento en la tarifa el\u00e9ctrica - Informe Litoral\" \/>\n<meta property=\"og:description\" content=\"El Ente Provincial Regulador de la Energ&iacute;a (EPRE) aprob&oacute; una actualizaci&oacute;n del cuadro tarifario, por la que el costo de la luz aumentar&aacute; un 5% promedio que aplicar&aacute;n todas las distribuidoras. Por medio de la resoluci&oacute;n 153, el EPRE autoriz&oacute; un incremento promedio del cinco por ciento del cuadro tarifario que solicit&oacute; la Empresa Energ&iacute;a [&hellip;]\" \/>\n<meta property=\"og:url\" content=\"https:\/\/informelitoral.com.ar\/autorizaron-un-aumento-del-5-por-ciento-en-la-tarifa-electrica\/\" \/>\n<meta property=\"og:site_name\" content=\"Informe Litoral\" \/>\n<meta property=\"article:publisher\" content=\"https:\/\/www.facebook.com\/informelitoral\/\" \/>\n<meta property=\"article:published_time\" content=\"2013-11-22T10:33:41+00:00\" \/>\n<meta property=\"article:modified_time\" content=\"2013-11-22T10:35:06+00:00\" \/>\n<meta property=\"og:image\" content=\"https:\/\/informelitoral.com.ar\/%77%70%2d%63%6f%6e%74%65%6e%74\/uploads\/2013\/11\/energia.jpg\" \/>\n\t<meta property=\"og:image:width\" content=\"300\" \/>\n\t<meta property=\"og:image:height\" content=\"180\" \/>\n\t<meta property=\"og:image:type\" content=\"image\/jpeg\" \/>\n<meta name=\"author\" content=\"Gonzalo Schmidt\" \/>\n<meta name=\"twitter:card\" content=\"summary_large_image\" \/>\n<meta name=\"twitter:creator\" content=\"@InformeLitoral\" \/>\n<meta name=\"twitter:site\" content=\"@InformeLitoral\" \/>\n<meta name=\"twitter:label1\" content=\"Escrito por\" \/>\n\t<meta name=\"twitter:data1\" content=\"Gonzalo Schmidt\" \/>\n\t<meta name=\"twitter:label2\" content=\"Tiempo de lectura\" \/>\n\t<meta name=\"twitter:data2\" content=\"2 minutos\" \/>\n<script type=\"application\/ld+json\" class=\"yoast-schema-graph\">{\"@context\":\"https:\\\/\\\/schema.org\",\"@graph\":[{\"@type\":\"Article\",\"@id\":\"https:\\\/\\\/informelitoral.com.ar\\\/autorizaron-un-aumento-del-5-por-ciento-en-la-tarifa-electrica\\\/#article\",\"isPartOf\":{\"@id\":\"https:\\\/\\\/informelitoral.com.ar\\\/autorizaron-un-aumento-del-5-por-ciento-en-la-tarifa-electrica\\\/\"},\"author\":{\"name\":\"Gonzalo Schmidt\",\"@id\":\"https:\\\/\\\/informelitoral.com.ar\\\/#\\\/schema\\\/person\\\/b9d00407c836482871ef1d57bf8e3180\"},\"headline\":\"Autorizaron un aumento del 5 por ciento en la tarifa el\u00e9ctrica\",\"datePublished\":\"2013-11-22T10:33:41+00:00\",\"dateModified\":\"2013-11-22T10:35:06+00:00\",\"mainEntityOfPage\":{\"@id\":\"https:\\\/\\\/informelitoral.com.ar\\\/autorizaron-un-aumento-del-5-por-ciento-en-la-tarifa-electrica\\\/\"},\"wordCount\":367,\"commentCount\":0,\"publisher\":{\"@id\":\"https:\\\/\\\/informelitoral.com.ar\\\/#organization\"},\"image\":{\"@id\":\"https:\\\/\\\/informelitoral.com.ar\\\/autorizaron-un-aumento-del-5-por-ciento-en-la-tarifa-electrica\\\/#primaryimage\"},\"thumbnailUrl\":\"http:\\\/\\\/www.isletasnoticias.com.ar\\\/%77%70%2d%63%6f%6e%74%65%6e%74\\\/uploads\\\/2013\\\/11\\\/energia.jpg\",\"articleSection\":[\"Entre R\u00edos\"],\"inLanguage\":\"es\",\"potentialAction\":[{\"@type\":\"CommentAction\",\"name\":\"Comment\",\"target\":[\"https:\\\/\\\/informelitoral.com.ar\\\/autorizaron-un-aumento-del-5-por-ciento-en-la-tarifa-electrica\\\/#respond\"]}]},{\"@type\":\"WebPage\",\"@id\":\"https:\\\/\\\/informelitoral.com.ar\\\/autorizaron-un-aumento-del-5-por-ciento-en-la-tarifa-electrica\\\/\",\"url\":\"https:\\\/\\\/informelitoral.com.ar\\\/autorizaron-un-aumento-del-5-por-ciento-en-la-tarifa-electrica\\\/\",\"name\":\"Autorizaron un aumento del 5 por ciento en la tarifa el\u00e9ctrica - Informe Litoral\",\"isPartOf\":{\"@id\":\"https:\\\/\\\/informelitoral.com.ar\\\/#website\"},\"primaryImageOfPage\":{\"@id\":\"https:\\\/\\\/informelitoral.com.ar\\\/autorizaron-un-aumento-del-5-por-ciento-en-la-tarifa-electrica\\\/#primaryimage\"},\"image\":{\"@id\":\"https:\\\/\\\/informelitoral.com.ar\\\/autorizaron-un-aumento-del-5-por-ciento-en-la-tarifa-electrica\\\/#primaryimage\"},\"thumbnailUrl\":\"http:\\\/\\\/www.isletasnoticias.com.ar\\\/%77%70%2d%63%6f%6e%74%65%6e%74\\\/uploads\\\/2013\\\/11\\\/energia.jpg\",\"datePublished\":\"2013-11-22T10:33:41+00:00\",\"dateModified\":\"2013-11-22T10:35:06+00:00\",\"breadcrumb\":{\"@id\":\"https:\\\/\\\/informelitoral.com.ar\\\/autorizaron-un-aumento-del-5-por-ciento-en-la-tarifa-electrica\\\/#breadcrumb\"},\"inLanguage\":\"es\",\"potentialAction\":[{\"@type\":\"ReadAction\",\"target\":[\"https:\\\/\\\/informelitoral.com.ar\\\/autorizaron-un-aumento-del-5-por-ciento-en-la-tarifa-electrica\\\/\"]}]},{\"@type\":\"ImageObject\",\"inLanguage\":\"es\",\"@id\":\"https:\\\/\\\/informelitoral.com.ar\\\/autorizaron-un-aumento-del-5-por-ciento-en-la-tarifa-electrica\\\/#primaryimage\",\"url\":\"http:\\\/\\\/www.isletasnoticias.com.ar\\\/%77%70%2d%63%6f%6e%74%65%6e%74\\\/uploads\\\/2013\\\/11\\\/energia.jpg\",\"contentUrl\":\"http:\\\/\\\/www.isletasnoticias.com.ar\\\/%77%70%2d%63%6f%6e%74%65%6e%74\\\/uploads\\\/2013\\\/11\\\/energia.jpg\"},{\"@type\":\"BreadcrumbList\",\"@id\":\"https:\\\/\\\/informelitoral.com.ar\\\/autorizaron-un-aumento-del-5-por-ciento-en-la-tarifa-electrica\\\/#breadcrumb\",\"itemListElement\":[{\"@type\":\"ListItem\",\"position\":1,\"name\":\"Portada\",\"item\":\"https:\\\/\\\/informelitoral.com.ar\\\/\"},{\"@type\":\"ListItem\",\"position\":2,\"name\":\"Autorizaron un aumento del 5 por ciento en la tarifa el\u00e9ctrica\"}]},{\"@type\":\"WebSite\",\"@id\":\"https:\\\/\\\/informelitoral.com.ar\\\/#website\",\"url\":\"https:\\\/\\\/informelitoral.com.ar\\\/\",\"name\":\"Informe Litoral\",\"description\":\"&quot;Nos informamos&quot; \",\"publisher\":{\"@id\":\"https:\\\/\\\/informelitoral.com.ar\\\/#organization\"},\"potentialAction\":[{\"@type\":\"SearchAction\",\"target\":{\"@type\":\"EntryPoint\",\"urlTemplate\":\"https:\\\/\\\/informelitoral.com.ar\\\/?s={search_term_string}\"},\"query-input\":{\"@type\":\"PropertyValueSpecification\",\"valueRequired\":true,\"valueName\":\"search_term_string\"}}],\"inLanguage\":\"es\"},{\"@type\":\"Organization\",\"@id\":\"https:\\\/\\\/informelitoral.com.ar\\\/#organization\",\"name\":\"Informe Litoral\",\"url\":\"https:\\\/\\\/informelitoral.com.ar\\\/\",\"logo\":{\"@type\":\"ImageObject\",\"inLanguage\":\"es\",\"@id\":\"https:\\\/\\\/informelitoral.com.ar\\\/#\\\/schema\\\/logo\\\/image\\\/\",\"url\":\"https:\\\/\\\/informelitoral.com.ar\\\/%77%70%2d%63%6f%6e%74%65%6e%74\\\/uploads\\\/2021\\\/01\\\/circulo.png\",\"contentUrl\":\"https:\\\/\\\/informelitoral.com.ar\\\/%77%70%2d%63%6f%6e%74%65%6e%74\\\/uploads\\\/2021\\\/01\\\/circulo.png\",\"width\":723,\"height\":731,\"caption\":\"Informe Litoral\"},\"image\":{\"@id\":\"https:\\\/\\\/informelitoral.com.ar\\\/#\\\/schema\\\/logo\\\/image\\\/\"},\"sameAs\":[\"https:\\\/\\\/www.facebook.com\\\/informelitoral\\\/\",\"https:\\\/\\\/x.com\\\/InformeLitoral\",\"https:\\\/\\\/www.instagram.com\\\/informelitoral\\\/\",\"https:\\\/\\\/www.youtube.com\\\/channel\\\/UCua4Qvz8Icb6MYqhoq9xLXw\"]},{\"@type\":\"Person\",\"@id\":\"https:\\\/\\\/informelitoral.com.ar\\\/#\\\/schema\\\/person\\\/b9d00407c836482871ef1d57bf8e3180\",\"name\":\"Gonzalo Schmidt\",\"image\":{\"@type\":\"ImageObject\",\"inLanguage\":\"es\",\"@id\":\"https:\\\/\\\/secure.gravatar.com\\\/avatar\\\/31a1a7b66ff2de83bd0e9fd79d026630d2d99e55e8bfe501287647b4fd9743de?s=96&d=mm&r=g\",\"url\":\"https:\\\/\\\/secure.gravatar.com\\\/avatar\\\/31a1a7b66ff2de83bd0e9fd79d026630d2d99e55e8bfe501287647b4fd9743de?s=96&d=mm&r=g\",\"contentUrl\":\"https:\\\/\\\/secure.gravatar.com\\\/avatar\\\/31a1a7b66ff2de83bd0e9fd79d026630d2d99e55e8bfe501287647b4fd9743de?s=96&d=mm&r=g\",\"caption\":\"Gonzalo Schmidt\"},\"description\":\"Sitio web de noticias de la provincia de Entre R\u00edos, Argentina. Informaci\u00f3n y entretenimiento. Informe Litoral, nos informamos.\",\"sameAs\":[\"http:\\\/\\\/www.isletasnoticias.com.ar\"],\"url\":\"https:\\\/\\\/informelitoral.com.ar\\\/author\\\/gonzalo\\\/\"}]}<\/script>","yoast_head_json":{"title":"Autorizaron un aumento del 5 por ciento en la tarifa el\u00e9ctrica - Informe Litoral","robots":{"index":"index","follow":"follow","max-snippet":"max-snippet:-1","max-image-preview":"max-image-preview:large","max-video-preview":"max-video-preview:-1"},"canonical":"https:\/\/informelitoral.com.ar\/autorizaron-un-aumento-del-5-por-ciento-en-la-tarifa-electrica\/","og_locale":"es_ES","og_type":"article","og_title":"Autorizaron un aumento del 5 por ciento en la tarifa el\u00e9ctrica - Informe Litoral","og_description":"El Ente Provincial Regulador de la Energ&iacute;a (EPRE) aprob&oacute; una actualizaci&oacute;n del cuadro tarifario, por la que el costo de la luz aumentar&aacute; un 5% promedio que aplicar&aacute;n todas las distribuidoras. Por medio de la resoluci&oacute;n 153, el EPRE autoriz&oacute; un incremento promedio del cinco por ciento del cuadro tarifario que solicit&oacute; la Empresa Energ&iacute;a [&hellip;]","og_url":"https:\/\/informelitoral.com.ar\/autorizaron-un-aumento-del-5-por-ciento-en-la-tarifa-electrica\/","og_site_name":"Informe Litoral","article_publisher":"https:\/\/www.facebook.com\/informelitoral\/","article_published_time":"2013-11-22T10:33:41+00:00","article_modified_time":"2013-11-22T10:35:06+00:00","og_image":[{"width":300,"height":180,"url":"https:\/\/informelitoral.com.ar\/%77%70%2d%63%6f%6e%74%65%6e%74\/uploads\/2013\/11\/energia.jpg","type":"image\/jpeg"}],"author":"Gonzalo Schmidt","twitter_card":"summary_large_image","twitter_creator":"@InformeLitoral","twitter_site":"@InformeLitoral","twitter_misc":{"Escrito por":"Gonzalo Schmidt","Tiempo de lectura":"2 minutos"},"schema":{"@context":"https:\/\/schema.org","@graph":[{"@type":"Article","@id":"https:\/\/informelitoral.com.ar\/autorizaron-un-aumento-del-5-por-ciento-en-la-tarifa-electrica\/#article","isPartOf":{"@id":"https:\/\/informelitoral.com.ar\/autorizaron-un-aumento-del-5-por-ciento-en-la-tarifa-electrica\/"},"author":{"name":"Gonzalo Schmidt","@id":"https:\/\/informelitoral.com.ar\/#\/schema\/person\/b9d00407c836482871ef1d57bf8e3180"},"headline":"Autorizaron un aumento del 5 por ciento en la tarifa el\u00e9ctrica","datePublished":"2013-11-22T10:33:41+00:00","dateModified":"2013-11-22T10:35:06+00:00","mainEntityOfPage":{"@id":"https:\/\/informelitoral.com.ar\/autorizaron-un-aumento-del-5-por-ciento-en-la-tarifa-electrica\/"},"wordCount":367,"commentCount":0,"publisher":{"@id":"https:\/\/informelitoral.com.ar\/#organization"},"image":{"@id":"https:\/\/informelitoral.com.ar\/autorizaron-un-aumento-del-5-por-ciento-en-la-tarifa-electrica\/#primaryimage"},"thumbnailUrl":"http:\/\/www.isletasnoticias.com.ar\/%77%70%2d%63%6f%6e%74%65%6e%74\/uploads\/2013\/11\/energia.jpg","articleSection":["Entre R\u00edos"],"inLanguage":"es","potentialAction":[{"@type":"CommentAction","name":"Comment","target":["https:\/\/informelitoral.com.ar\/autorizaron-un-aumento-del-5-por-ciento-en-la-tarifa-electrica\/#respond"]}]},{"@type":"WebPage","@id":"https:\/\/informelitoral.com.ar\/autorizaron-un-aumento-del-5-por-ciento-en-la-tarifa-electrica\/","url":"https:\/\/informelitoral.com.ar\/autorizaron-un-aumento-del-5-por-ciento-en-la-tarifa-electrica\/","name":"Autorizaron un aumento del 5 por ciento en la tarifa el\u00e9ctrica - Informe Litoral","isPartOf":{"@id":"https:\/\/informelitoral.com.ar\/#website"},"primaryImageOfPage":{"@id":"https:\/\/informelitoral.com.ar\/autorizaron-un-aumento-del-5-por-ciento-en-la-tarifa-electrica\/#primaryimage"},"image":{"@id":"https:\/\/informelitoral.com.ar\/autorizaron-un-aumento-del-5-por-ciento-en-la-tarifa-electrica\/#primaryimage"},"thumbnailUrl":"http:\/\/www.isletasnoticias.com.ar\/%77%70%2d%63%6f%6e%74%65%6e%74\/uploads\/2013\/11\/energia.jpg","datePublished":"2013-11-22T10:33:41+00:00","dateModified":"2013-11-22T10:35:06+00:00","breadcrumb":{"@id":"https:\/\/informelitoral.com.ar\/autorizaron-un-aumento-del-5-por-ciento-en-la-tarifa-electrica\/#breadcrumb"},"inLanguage":"es","potentialAction":[{"@type":"ReadAction","target":["https:\/\/informelitoral.com.ar\/autorizaron-un-aumento-del-5-por-ciento-en-la-tarifa-electrica\/"]}]},{"@type":"ImageObject","inLanguage":"es","@id":"https:\/\/informelitoral.com.ar\/autorizaron-un-aumento-del-5-por-ciento-en-la-tarifa-electrica\/#primaryimage","url":"http:\/\/www.isletasnoticias.com.ar\/%77%70%2d%63%6f%6e%74%65%6e%74\/uploads\/2013\/11\/energia.jpg","contentUrl":"http:\/\/www.isletasnoticias.com.ar\/%77%70%2d%63%6f%6e%74%65%6e%74\/uploads\/2013\/11\/energia.jpg"},{"@type":"BreadcrumbList","@id":"https:\/\/informelitoral.com.ar\/autorizaron-un-aumento-del-5-por-ciento-en-la-tarifa-electrica\/#breadcrumb","itemListElement":[{"@type":"ListItem","position":1,"name":"Portada","item":"https:\/\/informelitoral.com.ar\/"},{"@type":"ListItem","position":2,"name":"Autorizaron un aumento del 5 por ciento en la tarifa el\u00e9ctrica"}]},{"@type":"WebSite","@id":"https:\/\/informelitoral.com.ar\/#website","url":"https:\/\/informelitoral.com.ar\/","name":"Informe Litoral","description":"&quot;Nos informamos&quot; ","publisher":{"@id":"https:\/\/informelitoral.com.ar\/#organization"},"potentialAction":[{"@type":"SearchAction","target":{"@type":"EntryPoint","urlTemplate":"https:\/\/informelitoral.com.ar\/?s={search_term_string}"},"query-input":{"@type":"PropertyValueSpecification","valueRequired":true,"valueName":"search_term_string"}}],"inLanguage":"es"},{"@type":"Organization","@id":"https:\/\/informelitoral.com.ar\/#organization","name":"Informe Litoral","url":"https:\/\/informelitoral.com.ar\/","logo":{"@type":"ImageObject","inLanguage":"es","@id":"https:\/\/informelitoral.com.ar\/#\/schema\/logo\/image\/","url":"https:\/\/informelitoral.com.ar\/%77%70%2d%63%6f%6e%74%65%6e%74\/uploads\/2021\/01\/circulo.png","contentUrl":"https:\/\/informelitoral.com.ar\/%77%70%2d%63%6f%6e%74%65%6e%74\/uploads\/2021\/01\/circulo.png","width":723,"height":731,"caption":"Informe Litoral"},"image":{"@id":"https:\/\/informelitoral.com.ar\/#\/schema\/logo\/image\/"},"sameAs":["https:\/\/www.facebook.com\/informelitoral\/","https:\/\/x.com\/InformeLitoral","https:\/\/www.instagram.com\/informelitoral\/","https:\/\/www.youtube.com\/channel\/UCua4Qvz8Icb6MYqhoq9xLXw"]},{"@type":"Person","@id":"https:\/\/informelitoral.com.ar\/#\/schema\/person\/b9d00407c836482871ef1d57bf8e3180","name":"Gonzalo Schmidt","image":{"@type":"ImageObject","inLanguage":"es","@id":"https:\/\/secure.gravatar.com\/avatar\/31a1a7b66ff2de83bd0e9fd79d026630d2d99e55e8bfe501287647b4fd9743de?s=96&d=mm&r=g","url":"https:\/\/secure.gravatar.com\/avatar\/31a1a7b66ff2de83bd0e9fd79d026630d2d99e55e8bfe501287647b4fd9743de?s=96&d=mm&r=g","contentUrl":"https:\/\/secure.gravatar.com\/avatar\/31a1a7b66ff2de83bd0e9fd79d026630d2d99e55e8bfe501287647b4fd9743de?s=96&d=mm&r=g","caption":"Gonzalo Schmidt"},"description":"Sitio web de noticias de la provincia de Entre R\u00edos, Argentina. Informaci\u00f3n y entretenimiento. Informe Litoral, nos informamos.","sameAs":["http:\/\/www.isletasnoticias.com.ar"],"url":"https:\/\/informelitoral.com.ar\/author\/gonzalo\/"}]}},"_links":{"self":[{"href":"https:\/\/informelitoral.com.ar\/%77%70%2d%6a%73%6f%6e\/wp\/v2\/posts\/4391","targetHints":{"allow":["GET"]}}],"collection":[{"href":"https:\/\/informelitoral.com.ar\/%77%70%2d%6a%73%6f%6e\/wp\/v2\/posts"}],"about":[{"href":"https:\/\/informelitoral.com.ar\/%77%70%2d%6a%73%6f%6e\/wp\/v2\/types\/post"}],"author":[{"embeddable":true,"href":"https:\/\/informelitoral.com.ar\/%77%70%2d%6a%73%6f%6e\/wp\/v2\/users\/2"}],"replies":[{"embeddable":true,"href":"https:\/\/informelitoral.com.ar\/%77%70%2d%6a%73%6f%6e\/wp\/v2\/comments?post=4391"}],"version-history":[{"count":0,"href":"https:\/\/informelitoral.com.ar\/%77%70%2d%6a%73%6f%6e\/wp\/v2\/posts\/4391\/revisions"}],"wp:attachment":[{"href":"https:\/\/informelitoral.com.ar\/%77%70%2d%6a%73%6f%6e\/wp\/v2\/media?parent=4391"}],"wp:term":[{"taxonomy":"category","embeddable":true,"href":"https:\/\/informelitoral.com.ar\/%77%70%2d%6a%73%6f%6e\/wp\/v2\/categories?post=4391"},{"taxonomy":"post_tag","embeddable":true,"href":"https:\/\/informelitoral.com.ar\/%77%70%2d%6a%73%6f%6e\/wp\/v2\/tags?post=4391"}],"curies":[{"name":"wp","href":"https:\/\/api.w.org\/{rel}","templated":true}]}}