{"id":4389,"date":"2013-11-22T07:10:13","date_gmt":"2013-11-22T10:10:13","guid":{"rendered":"http:\/\/www.isletasnoticias.com.ar\/?p=4389"},"modified":"2013-11-22T07:10:13","modified_gmt":"2013-11-22T10:10:13","slug":"monge-impulsa-ley-para-desplazar-a-transfugas-de-la-legislatura-provincial","status":"publish","type":"post","link":"https:\/\/informelitoral.com.ar\/monge-impulsa-ley-para-desplazar-a-transfugas-de-la-legislatura-provincial\/","title":{"rendered":"Monge impulsa ley para desplazar a tr\u00e1nsfugas de la legislatura provincial"},"content":{"rendered":"<p><strong>El diputado radical <em>Jorge Monge<\/em> (UCR Diamante) present\u00f3 un proyecto de ley para revocar en la provincia los mandatos de legisladores que cambian de identidad pol\u00edtica. Argumenta que las bancas son de los partidos por los que llegaron.<\/strong><\/p>\n<p><img loading=\"lazy\" decoding=\"async\" class=\"size-full wp-image-3643 aligncenter\" alt=\"monge\" src=\"http:\/\/www.isletasnoticias.com.ar\/%77%70%2d%63%6f%6e%74%65%6e%74\/uploads\/2013\/10\/monge.jpg\" width=\"259\" height=\"194\" \/><\/p>\n<p style=\"text-align: left;\">El diputado <strong>Jorge Monge<\/strong> (UCR-Diamante), impulsa un proyecto de ley por el que propone revocar en la provincia los mandatos de legisladores que cambian de identidad pol\u00edtica. El texto ingres\u00f3 en la \u00faltima sesi\u00f3n de la C\u00e1mara Baja y es acompa\u00f1ado por sus pares de bloque, es decir, Agust\u00edn Federik (Paran\u00e1), Fuad Sosa (Nogoy\u00e1) y Pedro Ullua (Sauce de Luna). El objetivo es evitar los cambios en las pertenencias a determinados sectores que tergiversan la voluntad popular, bajo el concepto de que las bancas pertenecen a los partidos. \u201cCada partido tiene la atribuci\u00f3n de determinar si la forma en que es ejercida su representaci\u00f3n o mandato, responde al programa y doctrina pol\u00edtica que sirvi\u00f3 para la exaltaci\u00f3n del candidato al cargo que ocupa\u201d, se manifiesta en la propuesta.La iniciativa dispone que las bancas de toda la representaci\u00f3n legislativa provincial, municipal o comunal \u201cpertenecen a los partidos pol\u00edticos que han intervenido en el acto electoral y han nominado sus candidatos\u201d, con lo cual ante el caso de un legislador tr\u00e1nsfuga, \u201ccada partido tiene la atribuci\u00f3n de determinar si la forma en que es ejercida su representaci\u00f3n o mandato, responde al programa y doctrina pol\u00edtica que sirvi\u00f3 para la exaltaci\u00f3n del candidato al cargo que ocupa\u201d.<\/p>\n<p style=\"text-align: left;\">En caso de \u201cincumplimiento en el ejercicio de su mandato\u201d, y a solicitud del \u00f3rgano deliberativo m\u00e1ximo del partidario \u201cse podr\u00e1 requerir la revocaci\u00f3n del mandato del representante y su sustituci\u00f3n por el suplente correspondiente ante la Justicia Electoral\u201d, public\u00f3\u00a0<i>P\u00e1gina Pol\u00edtica.<\/i><br \/>\nEn tal supuesto, el proyecto permite afectar el orden normal de reemplazo cuando la elecci\u00f3n del representante removido hubiese sido a trav\u00e9s de un frente o alianza electoral a efectos de permitir el ingreso de un reemplazante del mismo partido que hubiese conformado el frente o alianza electoral.<\/p>\n<p>En los fundamentos de la iniciativa, se destaca que \u201cle corresponde a los partidos pol\u00edticos -reconocidos como instituciones fundamentales del sistema democr\u00e1tico seg\u00fan el art\u00edculo 38 de la Constituci\u00f3n Nacional reformada en 1994- el monopolio de la intermediaci\u00f3n entre ciudadan\u00eda y representantes, y en consecuencia es imposible pensar que el representante electo no ser\u00eda representante de un partido o que titularizar\u00eda su banca por otra naturaleza o modalidad de representaci\u00f3n\u201d.<\/p>\n<p style=\"text-align: left;\">\u201cLa representaci\u00f3n de los diputados, senadores o concejales no es de naturaleza imperativa. No se aplican las reglas de mandato de derecho privado; el v\u00ednculo de representaci\u00f3n que une al representante con la ciudadan\u00eda -como bien se ha sostenido &#8211; \u2018es un haz de derechos y deberes que caen en persona del servidor p\u00fablico, configurando una instituci\u00f3n representativa de naturaleza sui generis, pero perfectamente inteligible\u2019\u201d.<\/p>\n<p>\u201cAs\u00ed, las cosas, no hay mayores dificultades para aceptar que en el marco actual dispuesto por la Constituci\u00f3n Nacional las bancas de los representantes pol\u00edticos (diputados, senadores y concejales) son de pertenencia de los partidos que postularon las candidaturas triunfantes\u201d, se asegura en los fundamentos.<\/p>\n<p style=\"text-align: left;\">En ese sentido, se manifiesta que \u201cla desvinculaci\u00f3n del representante electo del partido que le posibilit\u00f3 el acceso a la banca que ocupa y\/o el incumplimiento manifiesto del programa pol\u00edtico que sostiene dicha fuerza pol\u00edtica partidaria, es un claro incumplimiento del contrato o acuerdo sui generis que lo une con la ciudadan\u00eda que lo vot\u00f3, y en consecuencia, es un comportamiento ilegal que la constituci\u00f3n no puede amparar\u201d.<\/p>\n<p style=\"text-align: left;\">\u201cUna vez electos, los representantes pol\u00edticos gozan de una ampl\u00edsima capacidad de acci\u00f3n, pero sin lugar a dudas es inconstitucional violar el programa que sustent\u00f3 la oferta electoral\u201d, se subraya.<\/p>\n<p>M\u00e1s adelante, menciona una serie de antecedentes de otras jurisdicciones provinciales que van en este sentido. Nombra a R\u00edo Negro, Catamarca y La Rioja. (Fuente: Informe Digital).<\/p>\n","protected":false},"excerpt":{"rendered":"<p>El diputado radical Jorge Monge (UCR Diamante) present&oacute; un proyecto de ley para revocar en la provincia los mandatos de legisladores que cambian de identidad pol&iacute;tica. Argumenta que las bancas son de los partidos por los que llegaron. El diputado Jorge Monge (UCR-Diamante), impulsa un proyecto de ley por el que propone revocar en la [&hellip;]<\/p>\n","protected":false},"author":2,"featured_media":0,"comment_status":"open","ping_status":"open","sticky":false,"template":"","format":"standard","meta":{"fifu_image_url":"","fifu_image_alt":"","footnotes":""},"categories":[6,16],"tags":[],"class_list":{"0":"post-4389","1":"post","2":"type-post","3":"status-publish","4":"format-standard","6":"category-entre-rios","7":"category-politi"},"yoast_head":"<title>Monge impulsa ley para desplazar a tr\u00e1nsfugas de la legislatura provincial - Informe Litoral<\/title>\n<meta name=\"robots\" content=\"index, follow, max-snippet:-1, max-image-preview:large, max-video-preview:-1\" \/>\n<link rel=\"canonical\" href=\"https:\/\/informelitoral.com.ar\/monge-impulsa-ley-para-desplazar-a-transfugas-de-la-legislatura-provincial\/\" \/>\n<meta property=\"og:locale\" content=\"es_ES\" \/>\n<meta property=\"og:type\" content=\"article\" \/>\n<meta property=\"og:title\" content=\"Monge impulsa ley para desplazar a tr\u00e1nsfugas de la legislatura provincial - Informe Litoral\" \/>\n<meta property=\"og:description\" content=\"El diputado radical Jorge Monge (UCR Diamante) present&oacute; un proyecto de ley para revocar en la provincia los mandatos de legisladores que cambian de identidad pol&iacute;tica. Argumenta que las bancas son de los partidos por los que llegaron. El diputado Jorge Monge (UCR-Diamante), impulsa un proyecto de ley por el que propone revocar en la [&hellip;]\" \/>\n<meta property=\"og:url\" content=\"https:\/\/informelitoral.com.ar\/monge-impulsa-ley-para-desplazar-a-transfugas-de-la-legislatura-provincial\/\" \/>\n<meta property=\"og:site_name\" content=\"Informe Litoral\" \/>\n<meta property=\"article:publisher\" content=\"https:\/\/www.facebook.com\/informelitoral\/\" \/>\n<meta property=\"article:published_time\" content=\"2013-11-22T10:10:13+00:00\" \/>\n<meta property=\"og:image\" content=\"https:\/\/informelitoral.com.ar\/%77%70%2d%63%6f%6e%74%65%6e%74\/uploads\/2013\/10\/monge.jpg\" \/>\n\t<meta property=\"og:image:width\" content=\"259\" \/>\n\t<meta property=\"og:image:height\" content=\"194\" \/>\n\t<meta property=\"og:image:type\" content=\"image\/jpeg\" \/>\n<meta name=\"author\" content=\"Gonzalo Schmidt\" \/>\n<meta name=\"twitter:card\" content=\"summary_large_image\" \/>\n<meta name=\"twitter:creator\" content=\"@InformeLitoral\" \/>\n<meta name=\"twitter:site\" content=\"@InformeLitoral\" \/>\n<meta name=\"twitter:label1\" content=\"Escrito por\" \/>\n\t<meta name=\"twitter:data1\" content=\"Gonzalo Schmidt\" \/>\n\t<meta name=\"twitter:label2\" content=\"Tiempo de lectura\" \/>\n\t<meta name=\"twitter:data2\" content=\"3 minutos\" \/>\n<script type=\"application\/ld+json\" class=\"yoast-schema-graph\">{\"@context\":\"https:\\\/\\\/schema.org\",\"@graph\":[{\"@type\":\"Article\",\"@id\":\"https:\\\/\\\/informelitoral.com.ar\\\/monge-impulsa-ley-para-desplazar-a-transfugas-de-la-legislatura-provincial\\\/#article\",\"isPartOf\":{\"@id\":\"https:\\\/\\\/informelitoral.com.ar\\\/monge-impulsa-ley-para-desplazar-a-transfugas-de-la-legislatura-provincial\\\/\"},\"author\":{\"name\":\"Gonzalo Schmidt\",\"@id\":\"https:\\\/\\\/informelitoral.com.ar\\\/#\\\/schema\\\/person\\\/b9d00407c836482871ef1d57bf8e3180\"},\"headline\":\"Monge impulsa ley para desplazar a tr\u00e1nsfugas de la legislatura provincial\",\"datePublished\":\"2013-11-22T10:10:13+00:00\",\"mainEntityOfPage\":{\"@id\":\"https:\\\/\\\/informelitoral.com.ar\\\/monge-impulsa-ley-para-desplazar-a-transfugas-de-la-legislatura-provincial\\\/\"},\"wordCount\":702,\"commentCount\":0,\"publisher\":{\"@id\":\"https:\\\/\\\/informelitoral.com.ar\\\/#organization\"},\"image\":{\"@id\":\"https:\\\/\\\/informelitoral.com.ar\\\/monge-impulsa-ley-para-desplazar-a-transfugas-de-la-legislatura-provincial\\\/#primaryimage\"},\"thumbnailUrl\":\"http:\\\/\\\/www.isletasnoticias.com.ar\\\/%77%70%2d%63%6f%6e%74%65%6e%74\\\/uploads\\\/2013\\\/10\\\/monge.jpg\",\"articleSection\":[\"Entre R\u00edos\",\"Politica\"],\"inLanguage\":\"es\",\"potentialAction\":[{\"@type\":\"CommentAction\",\"name\":\"Comment\",\"target\":[\"https:\\\/\\\/informelitoral.com.ar\\\/monge-impulsa-ley-para-desplazar-a-transfugas-de-la-legislatura-provincial\\\/#respond\"]}]},{\"@type\":\"WebPage\",\"@id\":\"https:\\\/\\\/informelitoral.com.ar\\\/monge-impulsa-ley-para-desplazar-a-transfugas-de-la-legislatura-provincial\\\/\",\"url\":\"https:\\\/\\\/informelitoral.com.ar\\\/monge-impulsa-ley-para-desplazar-a-transfugas-de-la-legislatura-provincial\\\/\",\"name\":\"Monge impulsa ley para desplazar a tr\u00e1nsfugas de la legislatura provincial - Informe Litoral\",\"isPartOf\":{\"@id\":\"https:\\\/\\\/informelitoral.com.ar\\\/#website\"},\"primaryImageOfPage\":{\"@id\":\"https:\\\/\\\/informelitoral.com.ar\\\/monge-impulsa-ley-para-desplazar-a-transfugas-de-la-legislatura-provincial\\\/#primaryimage\"},\"image\":{\"@id\":\"https:\\\/\\\/informelitoral.com.ar\\\/monge-impulsa-ley-para-desplazar-a-transfugas-de-la-legislatura-provincial\\\/#primaryimage\"},\"thumbnailUrl\":\"http:\\\/\\\/www.isletasnoticias.com.ar\\\/%77%70%2d%63%6f%6e%74%65%6e%74\\\/uploads\\\/2013\\\/10\\\/monge.jpg\",\"datePublished\":\"2013-11-22T10:10:13+00:00\",\"breadcrumb\":{\"@id\":\"https:\\\/\\\/informelitoral.com.ar\\\/monge-impulsa-ley-para-desplazar-a-transfugas-de-la-legislatura-provincial\\\/#breadcrumb\"},\"inLanguage\":\"es\",\"potentialAction\":[{\"@type\":\"ReadAction\",\"target\":[\"https:\\\/\\\/informelitoral.com.ar\\\/monge-impulsa-ley-para-desplazar-a-transfugas-de-la-legislatura-provincial\\\/\"]}]},{\"@type\":\"ImageObject\",\"inLanguage\":\"es\",\"@id\":\"https:\\\/\\\/informelitoral.com.ar\\\/monge-impulsa-ley-para-desplazar-a-transfugas-de-la-legislatura-provincial\\\/#primaryimage\",\"url\":\"http:\\\/\\\/www.isletasnoticias.com.ar\\\/%77%70%2d%63%6f%6e%74%65%6e%74\\\/uploads\\\/2013\\\/10\\\/monge.jpg\",\"contentUrl\":\"http:\\\/\\\/www.isletasnoticias.com.ar\\\/%77%70%2d%63%6f%6e%74%65%6e%74\\\/uploads\\\/2013\\\/10\\\/monge.jpg\"},{\"@type\":\"BreadcrumbList\",\"@id\":\"https:\\\/\\\/informelitoral.com.ar\\\/monge-impulsa-ley-para-desplazar-a-transfugas-de-la-legislatura-provincial\\\/#breadcrumb\",\"itemListElement\":[{\"@type\":\"ListItem\",\"position\":1,\"name\":\"Portada\",\"item\":\"https:\\\/\\\/informelitoral.com.ar\\\/\"},{\"@type\":\"ListItem\",\"position\":2,\"name\":\"Monge impulsa ley para desplazar a tr\u00e1nsfugas de la legislatura provincial\"}]},{\"@type\":\"WebSite\",\"@id\":\"https:\\\/\\\/informelitoral.com.ar\\\/#website\",\"url\":\"https:\\\/\\\/informelitoral.com.ar\\\/\",\"name\":\"Informe Litoral\",\"description\":\"&quot;Nos informamos&quot; \",\"publisher\":{\"@id\":\"https:\\\/\\\/informelitoral.com.ar\\\/#organization\"},\"potentialAction\":[{\"@type\":\"SearchAction\",\"target\":{\"@type\":\"EntryPoint\",\"urlTemplate\":\"https:\\\/\\\/informelitoral.com.ar\\\/?s={search_term_string}\"},\"query-input\":{\"@type\":\"PropertyValueSpecification\",\"valueRequired\":true,\"valueName\":\"search_term_string\"}}],\"inLanguage\":\"es\"},{\"@type\":\"Organization\",\"@id\":\"https:\\\/\\\/informelitoral.com.ar\\\/#organization\",\"name\":\"Informe Litoral\",\"url\":\"https:\\\/\\\/informelitoral.com.ar\\\/\",\"logo\":{\"@type\":\"ImageObject\",\"inLanguage\":\"es\",\"@id\":\"https:\\\/\\\/informelitoral.com.ar\\\/#\\\/schema\\\/logo\\\/image\\\/\",\"url\":\"https:\\\/\\\/informelitoral.com.ar\\\/%77%70%2d%63%6f%6e%74%65%6e%74\\\/uploads\\\/2021\\\/01\\\/circulo.png\",\"contentUrl\":\"https:\\\/\\\/informelitoral.com.ar\\\/%77%70%2d%63%6f%6e%74%65%6e%74\\\/uploads\\\/2021\\\/01\\\/circulo.png\",\"width\":723,\"height\":731,\"caption\":\"Informe Litoral\"},\"image\":{\"@id\":\"https:\\\/\\\/informelitoral.com.ar\\\/#\\\/schema\\\/logo\\\/image\\\/\"},\"sameAs\":[\"https:\\\/\\\/www.facebook.com\\\/informelitoral\\\/\",\"https:\\\/\\\/x.com\\\/InformeLitoral\",\"https:\\\/\\\/www.instagram.com\\\/informelitoral\\\/\",\"https:\\\/\\\/www.youtube.com\\\/channel\\\/UCua4Qvz8Icb6MYqhoq9xLXw\"]},{\"@type\":\"Person\",\"@id\":\"https:\\\/\\\/informelitoral.com.ar\\\/#\\\/schema\\\/person\\\/b9d00407c836482871ef1d57bf8e3180\",\"name\":\"Gonzalo Schmidt\",\"image\":{\"@type\":\"ImageObject\",\"inLanguage\":\"es\",\"@id\":\"https:\\\/\\\/secure.gravatar.com\\\/avatar\\\/31a1a7b66ff2de83bd0e9fd79d026630d2d99e55e8bfe501287647b4fd9743de?s=96&d=mm&r=g\",\"url\":\"https:\\\/\\\/secure.gravatar.com\\\/avatar\\\/31a1a7b66ff2de83bd0e9fd79d026630d2d99e55e8bfe501287647b4fd9743de?s=96&d=mm&r=g\",\"contentUrl\":\"https:\\\/\\\/secure.gravatar.com\\\/avatar\\\/31a1a7b66ff2de83bd0e9fd79d026630d2d99e55e8bfe501287647b4fd9743de?s=96&d=mm&r=g\",\"caption\":\"Gonzalo Schmidt\"},\"description\":\"Sitio web de noticias de la provincia de Entre R\u00edos, Argentina. Informaci\u00f3n y entretenimiento. Informe Litoral, nos informamos.\",\"sameAs\":[\"http:\\\/\\\/www.isletasnoticias.com.ar\"],\"url\":\"https:\\\/\\\/informelitoral.com.ar\\\/author\\\/gonzalo\\\/\"}]}<\/script>","yoast_head_json":{"title":"Monge impulsa ley para desplazar a tr\u00e1nsfugas de la legislatura provincial - Informe Litoral","robots":{"index":"index","follow":"follow","max-snippet":"max-snippet:-1","max-image-preview":"max-image-preview:large","max-video-preview":"max-video-preview:-1"},"canonical":"https:\/\/informelitoral.com.ar\/monge-impulsa-ley-para-desplazar-a-transfugas-de-la-legislatura-provincial\/","og_locale":"es_ES","og_type":"article","og_title":"Monge impulsa ley para desplazar a tr\u00e1nsfugas de la legislatura provincial - Informe Litoral","og_description":"El diputado radical Jorge Monge (UCR Diamante) present&oacute; un proyecto de ley para revocar en la provincia los mandatos de legisladores que cambian de identidad pol&iacute;tica. Argumenta que las bancas son de los partidos por los que llegaron. El diputado Jorge Monge (UCR-Diamante), impulsa un proyecto de ley por el que propone revocar en la [&hellip;]","og_url":"https:\/\/informelitoral.com.ar\/monge-impulsa-ley-para-desplazar-a-transfugas-de-la-legislatura-provincial\/","og_site_name":"Informe Litoral","article_publisher":"https:\/\/www.facebook.com\/informelitoral\/","article_published_time":"2013-11-22T10:10:13+00:00","og_image":[{"width":259,"height":194,"url":"https:\/\/informelitoral.com.ar\/%77%70%2d%63%6f%6e%74%65%6e%74\/uploads\/2013\/10\/monge.jpg","type":"image\/jpeg"}],"author":"Gonzalo Schmidt","twitter_card":"summary_large_image","twitter_creator":"@InformeLitoral","twitter_site":"@InformeLitoral","twitter_misc":{"Escrito por":"Gonzalo Schmidt","Tiempo de lectura":"3 minutos"},"schema":{"@context":"https:\/\/schema.org","@graph":[{"@type":"Article","@id":"https:\/\/informelitoral.com.ar\/monge-impulsa-ley-para-desplazar-a-transfugas-de-la-legislatura-provincial\/#article","isPartOf":{"@id":"https:\/\/informelitoral.com.ar\/monge-impulsa-ley-para-desplazar-a-transfugas-de-la-legislatura-provincial\/"},"author":{"name":"Gonzalo Schmidt","@id":"https:\/\/informelitoral.com.ar\/#\/schema\/person\/b9d00407c836482871ef1d57bf8e3180"},"headline":"Monge impulsa ley para desplazar a tr\u00e1nsfugas de la legislatura provincial","datePublished":"2013-11-22T10:10:13+00:00","mainEntityOfPage":{"@id":"https:\/\/informelitoral.com.ar\/monge-impulsa-ley-para-desplazar-a-transfugas-de-la-legislatura-provincial\/"},"wordCount":702,"commentCount":0,"publisher":{"@id":"https:\/\/informelitoral.com.ar\/#organization"},"image":{"@id":"https:\/\/informelitoral.com.ar\/monge-impulsa-ley-para-desplazar-a-transfugas-de-la-legislatura-provincial\/#primaryimage"},"thumbnailUrl":"http:\/\/www.isletasnoticias.com.ar\/%77%70%2d%63%6f%6e%74%65%6e%74\/uploads\/2013\/10\/monge.jpg","articleSection":["Entre R\u00edos","Politica"],"inLanguage":"es","potentialAction":[{"@type":"CommentAction","name":"Comment","target":["https:\/\/informelitoral.com.ar\/monge-impulsa-ley-para-desplazar-a-transfugas-de-la-legislatura-provincial\/#respond"]}]},{"@type":"WebPage","@id":"https:\/\/informelitoral.com.ar\/monge-impulsa-ley-para-desplazar-a-transfugas-de-la-legislatura-provincial\/","url":"https:\/\/informelitoral.com.ar\/monge-impulsa-ley-para-desplazar-a-transfugas-de-la-legislatura-provincial\/","name":"Monge impulsa ley para desplazar a tr\u00e1nsfugas de la legislatura provincial - Informe Litoral","isPartOf":{"@id":"https:\/\/informelitoral.com.ar\/#website"},"primaryImageOfPage":{"@id":"https:\/\/informelitoral.com.ar\/monge-impulsa-ley-para-desplazar-a-transfugas-de-la-legislatura-provincial\/#primaryimage"},"image":{"@id":"https:\/\/informelitoral.com.ar\/monge-impulsa-ley-para-desplazar-a-transfugas-de-la-legislatura-provincial\/#primaryimage"},"thumbnailUrl":"http:\/\/www.isletasnoticias.com.ar\/%77%70%2d%63%6f%6e%74%65%6e%74\/uploads\/2013\/10\/monge.jpg","datePublished":"2013-11-22T10:10:13+00:00","breadcrumb":{"@id":"https:\/\/informelitoral.com.ar\/monge-impulsa-ley-para-desplazar-a-transfugas-de-la-legislatura-provincial\/#breadcrumb"},"inLanguage":"es","potentialAction":[{"@type":"ReadAction","target":["https:\/\/informelitoral.com.ar\/monge-impulsa-ley-para-desplazar-a-transfugas-de-la-legislatura-provincial\/"]}]},{"@type":"ImageObject","inLanguage":"es","@id":"https:\/\/informelitoral.com.ar\/monge-impulsa-ley-para-desplazar-a-transfugas-de-la-legislatura-provincial\/#primaryimage","url":"http:\/\/www.isletasnoticias.com.ar\/%77%70%2d%63%6f%6e%74%65%6e%74\/uploads\/2013\/10\/monge.jpg","contentUrl":"http:\/\/www.isletasnoticias.com.ar\/%77%70%2d%63%6f%6e%74%65%6e%74\/uploads\/2013\/10\/monge.jpg"},{"@type":"BreadcrumbList","@id":"https:\/\/informelitoral.com.ar\/monge-impulsa-ley-para-desplazar-a-transfugas-de-la-legislatura-provincial\/#breadcrumb","itemListElement":[{"@type":"ListItem","position":1,"name":"Portada","item":"https:\/\/informelitoral.com.ar\/"},{"@type":"ListItem","position":2,"name":"Monge impulsa ley para desplazar a tr\u00e1nsfugas de la legislatura provincial"}]},{"@type":"WebSite","@id":"https:\/\/informelitoral.com.ar\/#website","url":"https:\/\/informelitoral.com.ar\/","name":"Informe Litoral","description":"&quot;Nos informamos&quot; ","publisher":{"@id":"https:\/\/informelitoral.com.ar\/#organization"},"potentialAction":[{"@type":"SearchAction","target":{"@type":"EntryPoint","urlTemplate":"https:\/\/informelitoral.com.ar\/?s={search_term_string}"},"query-input":{"@type":"PropertyValueSpecification","valueRequired":true,"valueName":"search_term_string"}}],"inLanguage":"es"},{"@type":"Organization","@id":"https:\/\/informelitoral.com.ar\/#organization","name":"Informe Litoral","url":"https:\/\/informelitoral.com.ar\/","logo":{"@type":"ImageObject","inLanguage":"es","@id":"https:\/\/informelitoral.com.ar\/#\/schema\/logo\/image\/","url":"https:\/\/informelitoral.com.ar\/%77%70%2d%63%6f%6e%74%65%6e%74\/uploads\/2021\/01\/circulo.png","contentUrl":"https:\/\/informelitoral.com.ar\/%77%70%2d%63%6f%6e%74%65%6e%74\/uploads\/2021\/01\/circulo.png","width":723,"height":731,"caption":"Informe Litoral"},"image":{"@id":"https:\/\/informelitoral.com.ar\/#\/schema\/logo\/image\/"},"sameAs":["https:\/\/www.facebook.com\/informelitoral\/","https:\/\/x.com\/InformeLitoral","https:\/\/www.instagram.com\/informelitoral\/","https:\/\/www.youtube.com\/channel\/UCua4Qvz8Icb6MYqhoq9xLXw"]},{"@type":"Person","@id":"https:\/\/informelitoral.com.ar\/#\/schema\/person\/b9d00407c836482871ef1d57bf8e3180","name":"Gonzalo Schmidt","image":{"@type":"ImageObject","inLanguage":"es","@id":"https:\/\/secure.gravatar.com\/avatar\/31a1a7b66ff2de83bd0e9fd79d026630d2d99e55e8bfe501287647b4fd9743de?s=96&d=mm&r=g","url":"https:\/\/secure.gravatar.com\/avatar\/31a1a7b66ff2de83bd0e9fd79d026630d2d99e55e8bfe501287647b4fd9743de?s=96&d=mm&r=g","contentUrl":"https:\/\/secure.gravatar.com\/avatar\/31a1a7b66ff2de83bd0e9fd79d026630d2d99e55e8bfe501287647b4fd9743de?s=96&d=mm&r=g","caption":"Gonzalo Schmidt"},"description":"Sitio web de noticias de la provincia de Entre R\u00edos, Argentina. Informaci\u00f3n y entretenimiento. Informe Litoral, nos informamos.","sameAs":["http:\/\/www.isletasnoticias.com.ar"],"url":"https:\/\/informelitoral.com.ar\/author\/gonzalo\/"}]}},"_links":{"self":[{"href":"https:\/\/informelitoral.com.ar\/%77%70%2d%6a%73%6f%6e\/wp\/v2\/posts\/4389","targetHints":{"allow":["GET"]}}],"collection":[{"href":"https:\/\/informelitoral.com.ar\/%77%70%2d%6a%73%6f%6e\/wp\/v2\/posts"}],"about":[{"href":"https:\/\/informelitoral.com.ar\/%77%70%2d%6a%73%6f%6e\/wp\/v2\/types\/post"}],"author":[{"embeddable":true,"href":"https:\/\/informelitoral.com.ar\/%77%70%2d%6a%73%6f%6e\/wp\/v2\/users\/2"}],"replies":[{"embeddable":true,"href":"https:\/\/informelitoral.com.ar\/%77%70%2d%6a%73%6f%6e\/wp\/v2\/comments?post=4389"}],"version-history":[{"count":0,"href":"https:\/\/informelitoral.com.ar\/%77%70%2d%6a%73%6f%6e\/wp\/v2\/posts\/4389\/revisions"}],"wp:attachment":[{"href":"https:\/\/informelitoral.com.ar\/%77%70%2d%6a%73%6f%6e\/wp\/v2\/media?parent=4389"}],"wp:term":[{"taxonomy":"category","embeddable":true,"href":"https:\/\/informelitoral.com.ar\/%77%70%2d%6a%73%6f%6e\/wp\/v2\/categories?post=4389"},{"taxonomy":"post_tag","embeddable":true,"href":"https:\/\/informelitoral.com.ar\/%77%70%2d%6a%73%6f%6e\/wp\/v2\/tags?post=4389"}],"curies":[{"name":"wp","href":"https:\/\/api.w.org\/{rel}","templated":true}]}}