{"id":4385,"date":"2013-11-22T07:00:19","date_gmt":"2013-11-22T10:00:19","guid":{"rendered":"http:\/\/www.isletasnoticias.com.ar\/?p=4385"},"modified":"2013-11-22T07:02:14","modified_gmt":"2013-11-22T10:02:14","slug":"las-reservas-para-el-fin-de-semana-largo-alcanzan-un-70-en-la-provincia","status":"publish","type":"post","link":"https:\/\/informelitoral.com.ar\/las-reservas-para-el-fin-de-semana-largo-alcanzan-un-70-en-la-provincia\/","title":{"rendered":"Las reservas para el fin de semana largo alcanzan el 70% en la provincia"},"content":{"rendered":"<p><strong>Con muy buenas expectativas es esperado el pr\u00f3ximo fin de semana largo en la provincia, ya que hasta el momento se ha registrado un alto nivel de reservas en todas las ciudades entrerrianas.\u00a0<\/strong><\/p>\n<p><img loading=\"lazy\" decoding=\"async\" class=\"size-medium wp-image-4386 aligncenter\" alt=\"turismo\" src=\"http:\/\/www.isletasnoticias.com.ar\/%77%70%2d%63%6f%6e%74%65%6e%74\/uploads\/2013\/11\/turismo-300x170.jpg\" width=\"300\" height=\"170\" srcset=\"https:\/\/informelitoral.com.ar\/%77%70%2d%63%6f%6e%74%65%6e%74\/uploads\/2013\/11\/turismo-300x170.jpg 300w, https:\/\/informelitoral.com.ar\/%77%70%2d%63%6f%6e%74%65%6e%74\/uploads\/2013\/11\/turismo.jpg 492w\" sizes=\"auto, (max-width: 300px) 100vw, 300px\" \/><\/p>\n<p style=\"text-align: left;\">Desde el Ministerio de Turismo de Entre R\u00edos se confirm\u00f3 un alto nivel de reservas para el pr\u00f3ximo fin de semana largo en todo el territorio entrerriano, con motivo del feriado por el D\u00eda de la Soberan\u00eda. De esta manera las ciudades de la provincia aguardan con muy buenas expectativas los d\u00edas 23, 24 y 25 de noviembre, donde seguramente vivir\u00e1n un fin de semana a puro turismo.<\/p>\n<p>El promedio de reservas alcanza el 70 por ciento, con algunas ciudades que ya se encuentran entre el 80 y el 90 por ciento, lo que sin dudas significar\u00e1 un per\u00edodo con un destacado movimiento tur\u00edstico, tal como viene ocurriendo en los \u00faltimos fines de semana.<br \/>\nDesde el Ministerio confirmaron que hay un alt\u00edsimo nivel de reservas, respecto al pr\u00f3ximo fin de semana largo, que va desde el 23 al 25 de noviembre.<\/p>\n<p>En este sentido se destac\u00f3 adem\u00e1s, que el ordenamiento de los feriados, permiti\u00f3 la previsibilidad a la hora de planificar una salida de descanso, lo que ha producido fines de semana exitosos en cuanto a llegada de visitantes, sin saturar la oferta hotelera.<\/p>\n<p>A su vez, como otro punto destacado del movimiento tur\u00edstico de los \u00faltimos tiempos, es que estos fines de semana, son fundamentales para aquellos que est\u00e1n buscando un destino para las vacaciones de verano.<\/p>\n<p style=\"text-align: left;\">Seg\u00fan se indic\u00f3 desde la cartera de Turismo, muchos de quienes vinieron en octubre y de quienes visitar\u00e1n la provincia en noviembre, llegan con la perspectiva de mirar algo para el verano. En ese sentido, se adelant\u00f3 que ya hay reservas para enero, con estad\u00edas que superar\u00edan la semana.<\/p>\n<p style=\"text-align: left;\">Finalmente, sigue siendo interesante el grado de consultas que se reciben v\u00eda web, redes sociales y en las respectivas oficinas de atenci\u00f3n. Las principales consultas se realizan sobre las distancias de una ciudad de otra, o de un complejo termal a otro. Cabe destacar que Entre R\u00edos, por las cortas distancias entre localidades, brinda la posibilidad de recorrer varias y distintos atractivos en un corto per\u00edodo, lo que constituye una de las tantas fortalezas que la identifican.<\/p>\n","protected":false},"excerpt":{"rendered":"<p>Con muy buenas expectativas es esperado el pr&oacute;ximo fin de semana largo en la provincia, ya que hasta el momento se ha registrado un alto nivel de reservas en todas las ciudades entrerrianas.&nbsp; Desde el Ministerio de Turismo de Entre R&iacute;os se confirm&oacute; un alto nivel de reservas para el pr&oacute;ximo fin de semana largo [&hellip;]<\/p>\n","protected":false},"author":2,"featured_media":0,"comment_status":"open","ping_status":"open","sticky":false,"template":"","format":"standard","meta":{"fifu_image_url":"","fifu_image_alt":"","footnotes":""},"categories":[6],"tags":[],"class_list":{"0":"post-4385","1":"post","2":"type-post","3":"status-publish","4":"format-standard","6":"category-entre-rios"},"yoast_head":"<title>Las reservas para el fin de semana largo alcanzan el 70% en la provincia - Informe Litoral<\/title>\n<meta name=\"robots\" content=\"index, follow, max-snippet:-1, max-image-preview:large, max-video-preview:-1\" \/>\n<link rel=\"canonical\" href=\"https:\/\/informelitoral.com.ar\/las-reservas-para-el-fin-de-semana-largo-alcanzan-un-70-en-la-provincia\/\" \/>\n<meta property=\"og:locale\" content=\"es_ES\" \/>\n<meta property=\"og:type\" content=\"article\" \/>\n<meta property=\"og:title\" content=\"Las reservas para el fin de semana largo alcanzan el 70% en la provincia - Informe Litoral\" \/>\n<meta property=\"og:description\" content=\"Con muy buenas expectativas es esperado el pr&oacute;ximo fin de semana largo en la provincia, ya que hasta el momento se ha registrado un alto nivel de reservas en todas las ciudades entrerrianas.&nbsp; Desde el Ministerio de Turismo de Entre R&iacute;os se confirm&oacute; un alto nivel de reservas para el pr&oacute;ximo fin de semana largo [&hellip;]\" \/>\n<meta property=\"og:url\" content=\"https:\/\/informelitoral.com.ar\/las-reservas-para-el-fin-de-semana-largo-alcanzan-un-70-en-la-provincia\/\" \/>\n<meta property=\"og:site_name\" content=\"Informe Litoral\" \/>\n<meta property=\"article:publisher\" content=\"https:\/\/www.facebook.com\/informelitoral\/\" \/>\n<meta property=\"article:published_time\" content=\"2013-11-22T10:00:19+00:00\" \/>\n<meta property=\"article:modified_time\" content=\"2013-11-22T10:02:14+00:00\" \/>\n<meta property=\"og:image\" content=\"https:\/\/informelitoral.com.ar\/%77%70%2d%63%6f%6e%74%65%6e%74\/uploads\/2013\/11\/turismo.jpg\" \/>\n\t<meta property=\"og:image:width\" content=\"492\" \/>\n\t<meta property=\"og:image:height\" content=\"279\" \/>\n\t<meta property=\"og:image:type\" content=\"image\/jpeg\" \/>\n<meta name=\"author\" content=\"Gonzalo Schmidt\" \/>\n<meta name=\"twitter:card\" content=\"summary_large_image\" \/>\n<meta name=\"twitter:creator\" content=\"@InformeLitoral\" \/>\n<meta name=\"twitter:site\" content=\"@InformeLitoral\" \/>\n<meta name=\"twitter:label1\" content=\"Escrito por\" \/>\n\t<meta name=\"twitter:data1\" content=\"Gonzalo Schmidt\" \/>\n\t<meta name=\"twitter:label2\" content=\"Tiempo de lectura\" \/>\n\t<meta name=\"twitter:data2\" content=\"2 minutos\" \/>\n<script type=\"application\/ld+json\" class=\"yoast-schema-graph\">{\"@context\":\"https:\\\/\\\/schema.org\",\"@graph\":[{\"@type\":\"Article\",\"@id\":\"https:\\\/\\\/informelitoral.com.ar\\\/las-reservas-para-el-fin-de-semana-largo-alcanzan-un-70-en-la-provincia\\\/#article\",\"isPartOf\":{\"@id\":\"https:\\\/\\\/informelitoral.com.ar\\\/las-reservas-para-el-fin-de-semana-largo-alcanzan-un-70-en-la-provincia\\\/\"},\"author\":{\"name\":\"Gonzalo Schmidt\",\"@id\":\"https:\\\/\\\/informelitoral.com.ar\\\/#\\\/schema\\\/person\\\/b9d00407c836482871ef1d57bf8e3180\"},\"headline\":\"Las reservas para el fin de semana largo alcanzan el 70% en la provincia\",\"datePublished\":\"2013-11-22T10:00:19+00:00\",\"dateModified\":\"2013-11-22T10:02:14+00:00\",\"mainEntityOfPage\":{\"@id\":\"https:\\\/\\\/informelitoral.com.ar\\\/las-reservas-para-el-fin-de-semana-largo-alcanzan-un-70-en-la-provincia\\\/\"},\"wordCount\":404,\"commentCount\":0,\"publisher\":{\"@id\":\"https:\\\/\\\/informelitoral.com.ar\\\/#organization\"},\"image\":{\"@id\":\"https:\\\/\\\/informelitoral.com.ar\\\/las-reservas-para-el-fin-de-semana-largo-alcanzan-un-70-en-la-provincia\\\/#primaryimage\"},\"thumbnailUrl\":\"http:\\\/\\\/www.isletasnoticias.com.ar\\\/%77%70%2d%63%6f%6e%74%65%6e%74\\\/uploads\\\/2013\\\/11\\\/turismo-300x170.jpg\",\"articleSection\":[\"Entre R\u00edos\"],\"inLanguage\":\"es\",\"potentialAction\":[{\"@type\":\"CommentAction\",\"name\":\"Comment\",\"target\":[\"https:\\\/\\\/informelitoral.com.ar\\\/las-reservas-para-el-fin-de-semana-largo-alcanzan-un-70-en-la-provincia\\\/#respond\"]}]},{\"@type\":\"WebPage\",\"@id\":\"https:\\\/\\\/informelitoral.com.ar\\\/las-reservas-para-el-fin-de-semana-largo-alcanzan-un-70-en-la-provincia\\\/\",\"url\":\"https:\\\/\\\/informelitoral.com.ar\\\/las-reservas-para-el-fin-de-semana-largo-alcanzan-un-70-en-la-provincia\\\/\",\"name\":\"Las reservas para el fin de semana largo alcanzan el 70% en la provincia - Informe Litoral\",\"isPartOf\":{\"@id\":\"https:\\\/\\\/informelitoral.com.ar\\\/#website\"},\"primaryImageOfPage\":{\"@id\":\"https:\\\/\\\/informelitoral.com.ar\\\/las-reservas-para-el-fin-de-semana-largo-alcanzan-un-70-en-la-provincia\\\/#primaryimage\"},\"image\":{\"@id\":\"https:\\\/\\\/informelitoral.com.ar\\\/las-reservas-para-el-fin-de-semana-largo-alcanzan-un-70-en-la-provincia\\\/#primaryimage\"},\"thumbnailUrl\":\"http:\\\/\\\/www.isletasnoticias.com.ar\\\/%77%70%2d%63%6f%6e%74%65%6e%74\\\/uploads\\\/2013\\\/11\\\/turismo-300x170.jpg\",\"datePublished\":\"2013-11-22T10:00:19+00:00\",\"dateModified\":\"2013-11-22T10:02:14+00:00\",\"breadcrumb\":{\"@id\":\"https:\\\/\\\/informelitoral.com.ar\\\/las-reservas-para-el-fin-de-semana-largo-alcanzan-un-70-en-la-provincia\\\/#breadcrumb\"},\"inLanguage\":\"es\",\"potentialAction\":[{\"@type\":\"ReadAction\",\"target\":[\"https:\\\/\\\/informelitoral.com.ar\\\/las-reservas-para-el-fin-de-semana-largo-alcanzan-un-70-en-la-provincia\\\/\"]}]},{\"@type\":\"ImageObject\",\"inLanguage\":\"es\",\"@id\":\"https:\\\/\\\/informelitoral.com.ar\\\/las-reservas-para-el-fin-de-semana-largo-alcanzan-un-70-en-la-provincia\\\/#primaryimage\",\"url\":\"http:\\\/\\\/www.isletasnoticias.com.ar\\\/%77%70%2d%63%6f%6e%74%65%6e%74\\\/uploads\\\/2013\\\/11\\\/turismo-300x170.jpg\",\"contentUrl\":\"http:\\\/\\\/www.isletasnoticias.com.ar\\\/%77%70%2d%63%6f%6e%74%65%6e%74\\\/uploads\\\/2013\\\/11\\\/turismo-300x170.jpg\"},{\"@type\":\"BreadcrumbList\",\"@id\":\"https:\\\/\\\/informelitoral.com.ar\\\/las-reservas-para-el-fin-de-semana-largo-alcanzan-un-70-en-la-provincia\\\/#breadcrumb\",\"itemListElement\":[{\"@type\":\"ListItem\",\"position\":1,\"name\":\"Portada\",\"item\":\"https:\\\/\\\/informelitoral.com.ar\\\/\"},{\"@type\":\"ListItem\",\"position\":2,\"name\":\"Las reservas para el fin de semana largo alcanzan el 70% en la provincia\"}]},{\"@type\":\"WebSite\",\"@id\":\"https:\\\/\\\/informelitoral.com.ar\\\/#website\",\"url\":\"https:\\\/\\\/informelitoral.com.ar\\\/\",\"name\":\"Informe Litoral\",\"description\":\"&quot;Nos informamos&quot; \",\"publisher\":{\"@id\":\"https:\\\/\\\/informelitoral.com.ar\\\/#organization\"},\"potentialAction\":[{\"@type\":\"SearchAction\",\"target\":{\"@type\":\"EntryPoint\",\"urlTemplate\":\"https:\\\/\\\/informelitoral.com.ar\\\/?s={search_term_string}\"},\"query-input\":{\"@type\":\"PropertyValueSpecification\",\"valueRequired\":true,\"valueName\":\"search_term_string\"}}],\"inLanguage\":\"es\"},{\"@type\":\"Organization\",\"@id\":\"https:\\\/\\\/informelitoral.com.ar\\\/#organization\",\"name\":\"Informe Litoral\",\"url\":\"https:\\\/\\\/informelitoral.com.ar\\\/\",\"logo\":{\"@type\":\"ImageObject\",\"inLanguage\":\"es\",\"@id\":\"https:\\\/\\\/informelitoral.com.ar\\\/#\\\/schema\\\/logo\\\/image\\\/\",\"url\":\"https:\\\/\\\/informelitoral.com.ar\\\/%77%70%2d%63%6f%6e%74%65%6e%74\\\/uploads\\\/2021\\\/01\\\/circulo.png\",\"contentUrl\":\"https:\\\/\\\/informelitoral.com.ar\\\/%77%70%2d%63%6f%6e%74%65%6e%74\\\/uploads\\\/2021\\\/01\\\/circulo.png\",\"width\":723,\"height\":731,\"caption\":\"Informe Litoral\"},\"image\":{\"@id\":\"https:\\\/\\\/informelitoral.com.ar\\\/#\\\/schema\\\/logo\\\/image\\\/\"},\"sameAs\":[\"https:\\\/\\\/www.facebook.com\\\/informelitoral\\\/\",\"https:\\\/\\\/x.com\\\/InformeLitoral\",\"https:\\\/\\\/www.instagram.com\\\/informelitoral\\\/\",\"https:\\\/\\\/www.youtube.com\\\/channel\\\/UCua4Qvz8Icb6MYqhoq9xLXw\"]},{\"@type\":\"Person\",\"@id\":\"https:\\\/\\\/informelitoral.com.ar\\\/#\\\/schema\\\/person\\\/b9d00407c836482871ef1d57bf8e3180\",\"name\":\"Gonzalo Schmidt\",\"image\":{\"@type\":\"ImageObject\",\"inLanguage\":\"es\",\"@id\":\"https:\\\/\\\/secure.gravatar.com\\\/avatar\\\/31a1a7b66ff2de83bd0e9fd79d026630d2d99e55e8bfe501287647b4fd9743de?s=96&d=mm&r=g\",\"url\":\"https:\\\/\\\/secure.gravatar.com\\\/avatar\\\/31a1a7b66ff2de83bd0e9fd79d026630d2d99e55e8bfe501287647b4fd9743de?s=96&d=mm&r=g\",\"contentUrl\":\"https:\\\/\\\/secure.gravatar.com\\\/avatar\\\/31a1a7b66ff2de83bd0e9fd79d026630d2d99e55e8bfe501287647b4fd9743de?s=96&d=mm&r=g\",\"caption\":\"Gonzalo Schmidt\"},\"description\":\"Sitio web de noticias de la provincia de Entre R\u00edos, Argentina. Informaci\u00f3n y entretenimiento. Informe Litoral, nos informamos.\",\"sameAs\":[\"http:\\\/\\\/www.isletasnoticias.com.ar\"],\"url\":\"https:\\\/\\\/informelitoral.com.ar\\\/author\\\/gonzalo\\\/\"}]}<\/script>","yoast_head_json":{"title":"Las reservas para el fin de semana largo alcanzan el 70% en la provincia - Informe Litoral","robots":{"index":"index","follow":"follow","max-snippet":"max-snippet:-1","max-image-preview":"max-image-preview:large","max-video-preview":"max-video-preview:-1"},"canonical":"https:\/\/informelitoral.com.ar\/las-reservas-para-el-fin-de-semana-largo-alcanzan-un-70-en-la-provincia\/","og_locale":"es_ES","og_type":"article","og_title":"Las reservas para el fin de semana largo alcanzan el 70% en la provincia - Informe Litoral","og_description":"Con muy buenas expectativas es esperado el pr&oacute;ximo fin de semana largo en la provincia, ya que hasta el momento se ha registrado un alto nivel de reservas en todas las ciudades entrerrianas.&nbsp; Desde el Ministerio de Turismo de Entre R&iacute;os se confirm&oacute; un alto nivel de reservas para el pr&oacute;ximo fin de semana largo [&hellip;]","og_url":"https:\/\/informelitoral.com.ar\/las-reservas-para-el-fin-de-semana-largo-alcanzan-un-70-en-la-provincia\/","og_site_name":"Informe Litoral","article_publisher":"https:\/\/www.facebook.com\/informelitoral\/","article_published_time":"2013-11-22T10:00:19+00:00","article_modified_time":"2013-11-22T10:02:14+00:00","og_image":[{"width":492,"height":279,"url":"https:\/\/informelitoral.com.ar\/%77%70%2d%63%6f%6e%74%65%6e%74\/uploads\/2013\/11\/turismo.jpg","type":"image\/jpeg"}],"author":"Gonzalo Schmidt","twitter_card":"summary_large_image","twitter_creator":"@InformeLitoral","twitter_site":"@InformeLitoral","twitter_misc":{"Escrito por":"Gonzalo Schmidt","Tiempo de lectura":"2 minutos"},"schema":{"@context":"https:\/\/schema.org","@graph":[{"@type":"Article","@id":"https:\/\/informelitoral.com.ar\/las-reservas-para-el-fin-de-semana-largo-alcanzan-un-70-en-la-provincia\/#article","isPartOf":{"@id":"https:\/\/informelitoral.com.ar\/las-reservas-para-el-fin-de-semana-largo-alcanzan-un-70-en-la-provincia\/"},"author":{"name":"Gonzalo Schmidt","@id":"https:\/\/informelitoral.com.ar\/#\/schema\/person\/b9d00407c836482871ef1d57bf8e3180"},"headline":"Las reservas para el fin de semana largo alcanzan el 70% en la provincia","datePublished":"2013-11-22T10:00:19+00:00","dateModified":"2013-11-22T10:02:14+00:00","mainEntityOfPage":{"@id":"https:\/\/informelitoral.com.ar\/las-reservas-para-el-fin-de-semana-largo-alcanzan-un-70-en-la-provincia\/"},"wordCount":404,"commentCount":0,"publisher":{"@id":"https:\/\/informelitoral.com.ar\/#organization"},"image":{"@id":"https:\/\/informelitoral.com.ar\/las-reservas-para-el-fin-de-semana-largo-alcanzan-un-70-en-la-provincia\/#primaryimage"},"thumbnailUrl":"http:\/\/www.isletasnoticias.com.ar\/%77%70%2d%63%6f%6e%74%65%6e%74\/uploads\/2013\/11\/turismo-300x170.jpg","articleSection":["Entre R\u00edos"],"inLanguage":"es","potentialAction":[{"@type":"CommentAction","name":"Comment","target":["https:\/\/informelitoral.com.ar\/las-reservas-para-el-fin-de-semana-largo-alcanzan-un-70-en-la-provincia\/#respond"]}]},{"@type":"WebPage","@id":"https:\/\/informelitoral.com.ar\/las-reservas-para-el-fin-de-semana-largo-alcanzan-un-70-en-la-provincia\/","url":"https:\/\/informelitoral.com.ar\/las-reservas-para-el-fin-de-semana-largo-alcanzan-un-70-en-la-provincia\/","name":"Las reservas para el fin de semana largo alcanzan el 70% en la provincia - Informe Litoral","isPartOf":{"@id":"https:\/\/informelitoral.com.ar\/#website"},"primaryImageOfPage":{"@id":"https:\/\/informelitoral.com.ar\/las-reservas-para-el-fin-de-semana-largo-alcanzan-un-70-en-la-provincia\/#primaryimage"},"image":{"@id":"https:\/\/informelitoral.com.ar\/las-reservas-para-el-fin-de-semana-largo-alcanzan-un-70-en-la-provincia\/#primaryimage"},"thumbnailUrl":"http:\/\/www.isletasnoticias.com.ar\/%77%70%2d%63%6f%6e%74%65%6e%74\/uploads\/2013\/11\/turismo-300x170.jpg","datePublished":"2013-11-22T10:00:19+00:00","dateModified":"2013-11-22T10:02:14+00:00","breadcrumb":{"@id":"https:\/\/informelitoral.com.ar\/las-reservas-para-el-fin-de-semana-largo-alcanzan-un-70-en-la-provincia\/#breadcrumb"},"inLanguage":"es","potentialAction":[{"@type":"ReadAction","target":["https:\/\/informelitoral.com.ar\/las-reservas-para-el-fin-de-semana-largo-alcanzan-un-70-en-la-provincia\/"]}]},{"@type":"ImageObject","inLanguage":"es","@id":"https:\/\/informelitoral.com.ar\/las-reservas-para-el-fin-de-semana-largo-alcanzan-un-70-en-la-provincia\/#primaryimage","url":"http:\/\/www.isletasnoticias.com.ar\/%77%70%2d%63%6f%6e%74%65%6e%74\/uploads\/2013\/11\/turismo-300x170.jpg","contentUrl":"http:\/\/www.isletasnoticias.com.ar\/%77%70%2d%63%6f%6e%74%65%6e%74\/uploads\/2013\/11\/turismo-300x170.jpg"},{"@type":"BreadcrumbList","@id":"https:\/\/informelitoral.com.ar\/las-reservas-para-el-fin-de-semana-largo-alcanzan-un-70-en-la-provincia\/#breadcrumb","itemListElement":[{"@type":"ListItem","position":1,"name":"Portada","item":"https:\/\/informelitoral.com.ar\/"},{"@type":"ListItem","position":2,"name":"Las reservas para el fin de semana largo alcanzan el 70% en la provincia"}]},{"@type":"WebSite","@id":"https:\/\/informelitoral.com.ar\/#website","url":"https:\/\/informelitoral.com.ar\/","name":"Informe Litoral","description":"&quot;Nos informamos&quot; ","publisher":{"@id":"https:\/\/informelitoral.com.ar\/#organization"},"potentialAction":[{"@type":"SearchAction","target":{"@type":"EntryPoint","urlTemplate":"https:\/\/informelitoral.com.ar\/?s={search_term_string}"},"query-input":{"@type":"PropertyValueSpecification","valueRequired":true,"valueName":"search_term_string"}}],"inLanguage":"es"},{"@type":"Organization","@id":"https:\/\/informelitoral.com.ar\/#organization","name":"Informe Litoral","url":"https:\/\/informelitoral.com.ar\/","logo":{"@type":"ImageObject","inLanguage":"es","@id":"https:\/\/informelitoral.com.ar\/#\/schema\/logo\/image\/","url":"https:\/\/informelitoral.com.ar\/%77%70%2d%63%6f%6e%74%65%6e%74\/uploads\/2021\/01\/circulo.png","contentUrl":"https:\/\/informelitoral.com.ar\/%77%70%2d%63%6f%6e%74%65%6e%74\/uploads\/2021\/01\/circulo.png","width":723,"height":731,"caption":"Informe Litoral"},"image":{"@id":"https:\/\/informelitoral.com.ar\/#\/schema\/logo\/image\/"},"sameAs":["https:\/\/www.facebook.com\/informelitoral\/","https:\/\/x.com\/InformeLitoral","https:\/\/www.instagram.com\/informelitoral\/","https:\/\/www.youtube.com\/channel\/UCua4Qvz8Icb6MYqhoq9xLXw"]},{"@type":"Person","@id":"https:\/\/informelitoral.com.ar\/#\/schema\/person\/b9d00407c836482871ef1d57bf8e3180","name":"Gonzalo Schmidt","image":{"@type":"ImageObject","inLanguage":"es","@id":"https:\/\/secure.gravatar.com\/avatar\/31a1a7b66ff2de83bd0e9fd79d026630d2d99e55e8bfe501287647b4fd9743de?s=96&d=mm&r=g","url":"https:\/\/secure.gravatar.com\/avatar\/31a1a7b66ff2de83bd0e9fd79d026630d2d99e55e8bfe501287647b4fd9743de?s=96&d=mm&r=g","contentUrl":"https:\/\/secure.gravatar.com\/avatar\/31a1a7b66ff2de83bd0e9fd79d026630d2d99e55e8bfe501287647b4fd9743de?s=96&d=mm&r=g","caption":"Gonzalo Schmidt"},"description":"Sitio web de noticias de la provincia de Entre R\u00edos, Argentina. Informaci\u00f3n y entretenimiento. Informe Litoral, nos informamos.","sameAs":["http:\/\/www.isletasnoticias.com.ar"],"url":"https:\/\/informelitoral.com.ar\/author\/gonzalo\/"}]}},"_links":{"self":[{"href":"https:\/\/informelitoral.com.ar\/%77%70%2d%6a%73%6f%6e\/wp\/v2\/posts\/4385","targetHints":{"allow":["GET"]}}],"collection":[{"href":"https:\/\/informelitoral.com.ar\/%77%70%2d%6a%73%6f%6e\/wp\/v2\/posts"}],"about":[{"href":"https:\/\/informelitoral.com.ar\/%77%70%2d%6a%73%6f%6e\/wp\/v2\/types\/post"}],"author":[{"embeddable":true,"href":"https:\/\/informelitoral.com.ar\/%77%70%2d%6a%73%6f%6e\/wp\/v2\/users\/2"}],"replies":[{"embeddable":true,"href":"https:\/\/informelitoral.com.ar\/%77%70%2d%6a%73%6f%6e\/wp\/v2\/comments?post=4385"}],"version-history":[{"count":0,"href":"https:\/\/informelitoral.com.ar\/%77%70%2d%6a%73%6f%6e\/wp\/v2\/posts\/4385\/revisions"}],"wp:attachment":[{"href":"https:\/\/informelitoral.com.ar\/%77%70%2d%6a%73%6f%6e\/wp\/v2\/media?parent=4385"}],"wp:term":[{"taxonomy":"category","embeddable":true,"href":"https:\/\/informelitoral.com.ar\/%77%70%2d%6a%73%6f%6e\/wp\/v2\/categories?post=4385"},{"taxonomy":"post_tag","embeddable":true,"href":"https:\/\/informelitoral.com.ar\/%77%70%2d%6a%73%6f%6e\/wp\/v2\/tags?post=4385"}],"curies":[{"name":"wp","href":"https:\/\/api.w.org\/{rel}","templated":true}]}}