{"id":43687,"date":"2020-05-27T08:23:17","date_gmt":"2020-05-27T11:23:17","guid":{"rendered":"https:\/\/www.isletasnoticias.com.ar\/?p=43687"},"modified":"2020-05-27T08:38:07","modified_gmt":"2020-05-27T11:38:07","slug":"crespo-no-dara-marcha-atras-con-la-mayor-apertura-si-no-hay-pedido-formal","status":"publish","type":"post","link":"https:\/\/informelitoral.com.ar\/crespo-no-dara-marcha-atras-con-la-mayor-apertura-si-no-hay-pedido-formal\/","title":{"rendered":"Crespo no dar\u00e1 marcha atr\u00e1s con la mayor apertura si no hay pedido formal"},"content":{"rendered":"<p>Luego de causar una importante repercusi\u00f3n a nivel provincial, por la <a href=\"https:\/\/www.isletasnoticias.com.ar\/crespo-a-un-paso-de-la-apertura-total-habilitan-reuniones-sociales-y-familiares-de-hasta-15-personas\/\">decisi\u00f3n de habilitar las reuniones sociales y familiares de hasta 15 personas<\/a>, el intendente de Crespo,<strong> Dar\u00edo Schneider<\/strong> recibi\u00f3 el pedido de la ministra de Gobierno de la Provincia,<strong> Rosario Romero<\/strong> para que <strong>d\u00e9 marcha atr\u00e1s con la medida.<\/strong><\/p>\n<p>Sin embargo,<strong><span style=\"color: #000000; background-color: #ffff00;\"> con un alto apoyo social, desde el Ejecutivo crespense por el momento definieron no modificar el Decreto, excepto si el pedido informal se transforma en una solicitud formal de la Provincia<\/span><\/strong><span style=\"color: #000000; background-color: #ffffff;\">, supo extraoficialmente <em><strong>IN<\/strong><\/em>.<\/span><\/p>\n<h3><strong>Qu\u00e9 se dispuso en Crespo<\/strong><\/h3>\n<p>El martes se firm\u00f3 el Decreto 93\/2020 de la <strong>Municipalidad de Crespo,<\/strong>\u00a0a trav\u00e9s del cual se autorizan nuevas actividades en la ciudad, entre las cuales est\u00e1n las\u00a0<strong>reuniones sociales y familiares de hasta 15 personas.<\/strong><\/p>\n<p><strong><a href=\"https:\/\/www.isletasnoticias.com.ar\/%77%70%2d%63%6f%6e%74%65%6e%74\/uploads\/2020\/05\/portico-de-crespo-destacada-800x445-1.jpg\"><img loading=\"lazy\" decoding=\"async\" class=\"aligncenter wp-image-43665 size-full td-animation-stack-type0-2\" src=\"https:\/\/www.isletasnoticias.com.ar\/%77%70%2d%63%6f%6e%74%65%6e%74\/uploads\/2020\/05\/portico-de-crespo-destacada-800x445-1.jpg\" sizes=\"auto, (max-width: 800px) 100vw, 800px\" srcset=\"https:\/\/www.isletasnoticias.com.ar\/%77%70%2d%63%6f%6e%74%65%6e%74\/uploads\/2020\/05\/portico-de-crespo-destacada-800x445-1.jpg 800w, https:\/\/www.isletasnoticias.com.ar\/%77%70%2d%63%6f%6e%74%65%6e%74\/uploads\/2020\/05\/portico-de-crespo-destacada-800x445-1-300x167.jpg 300w, https:\/\/www.isletasnoticias.com.ar\/%77%70%2d%63%6f%6e%74%65%6e%74\/uploads\/2020\/05\/portico-de-crespo-destacada-800x445-1-768x427.jpg 768w, https:\/\/www.isletasnoticias.com.ar\/%77%70%2d%63%6f%6e%74%65%6e%74\/uploads\/2020\/05\/portico-de-crespo-destacada-800x445-1-696x387.jpg 696w, https:\/\/www.isletasnoticias.com.ar\/%77%70%2d%63%6f%6e%74%65%6e%74\/uploads\/2020\/05\/portico-de-crespo-destacada-800x445-1-755x420.jpg 755w\" alt=\"\" width=\"800\" height=\"445\" \/><\/a><\/strong><\/p>\n<p>Por otra parte,<strong>\u00a0se reestablecen los horarios comerciales habituales<\/strong>\u00a0y en cuanto a las\u00a0<strong>salidas recreativas, con distanciamiento social, ser\u00e1n a partir de esta normativa, sin restricciones horarias, de edad y distancias. <\/strong><\/p>\n<p>La medida recibi\u00f3 el inmediato apoyo de buena parte de la poblaci\u00f3n, a tal punto que durante la misma jornada de ayer, la mayor\u00eda de los comercios permaneci\u00f3 abierta en sus horarios habituales, como en la previa de la pandemia. <em>(IN)<\/em><\/p>\n","protected":false},"excerpt":{"rendered":"<p>La ministra de Gobierno y Justicia, Rosario Romero le sugiri\u00f3 -hasta el momento de manera informal- al intendente Dar\u00edo Schneider que revea la decisi\u00f3n de permitir reuniones familiares y sociales. Con alto consenso social, si no existe un pedido formal, la ciudad seguir\u00e1 adelante. <\/p>\n","protected":false},"author":2,"featured_media":24149,"comment_status":"open","ping_status":"open","sticky":false,"template":"","format":"standard","meta":{"fifu_image_url":"","fifu_image_alt":"","footnotes":""},"categories":[6,16],"tags":[1426,1481,208],"class_list":{"0":"post-43687","1":"post","2":"type-post","3":"status-publish","4":"format-standard","5":"has-post-thumbnail","7":"category-entre-rios","8":"category-politi","9":"tag-coronavirus","10":"tag-covid-19","11":"tag-crespo"},"yoast_head":"<title>Crespo no dar\u00e1 marcha atr\u00e1s con la mayor apertura si no hay pedido formal - Informe Litoral<\/title>\n<meta name=\"robots\" content=\"index, follow, max-snippet:-1, max-image-preview:large, max-video-preview:-1\" \/>\n<link rel=\"canonical\" href=\"https:\/\/informelitoral.com.ar\/crespo-no-dara-marcha-atras-con-la-mayor-apertura-si-no-hay-pedido-formal\/\" \/>\n<meta property=\"og:locale\" content=\"es_ES\" \/>\n<meta property=\"og:type\" content=\"article\" \/>\n<meta property=\"og:title\" content=\"Crespo no dar\u00e1 marcha atr\u00e1s con la mayor apertura si no hay pedido formal - Informe Litoral\" \/>\n<meta property=\"og:description\" content=\"La ministra de Gobierno y Justicia, Rosario Romero le sugiri\u00f3 -hasta el momento de manera informal- al intendente Dar\u00edo Schneider que revea la decisi\u00f3n de permitir reuniones familiares y sociales. Con alto consenso social, si no existe un pedido formal, la ciudad seguir\u00e1 adelante.\" \/>\n<meta property=\"og:url\" content=\"https:\/\/informelitoral.com.ar\/crespo-no-dara-marcha-atras-con-la-mayor-apertura-si-no-hay-pedido-formal\/\" \/>\n<meta property=\"og:site_name\" content=\"Informe Litoral\" \/>\n<meta property=\"article:publisher\" content=\"https:\/\/www.facebook.com\/informelitoral\/\" \/>\n<meta property=\"article:published_time\" content=\"2020-05-27T11:23:17+00:00\" \/>\n<meta property=\"article:modified_time\" content=\"2020-05-27T11:38:07+00:00\" \/>\n<meta property=\"og:image\" content=\"https:\/\/informelitoral.com.ar\/%77%70%2d%63%6f%6e%74%65%6e%74\/uploads\/2017\/12\/Municipalidad-de-Crespo.jpg\" \/>\n\t<meta property=\"og:image:width\" content=\"1024\" \/>\n\t<meta property=\"og:image:height\" content=\"735\" \/>\n\t<meta property=\"og:image:type\" content=\"image\/jpeg\" \/>\n<meta name=\"author\" content=\"Gonzalo Schmidt\" \/>\n<meta name=\"twitter:card\" content=\"summary_large_image\" \/>\n<meta name=\"twitter:creator\" content=\"@InformeLitoral\" \/>\n<meta name=\"twitter:site\" content=\"@InformeLitoral\" \/>\n<meta name=\"twitter:label1\" content=\"Escrito por\" \/>\n\t<meta name=\"twitter:data1\" content=\"Gonzalo Schmidt\" \/>\n\t<meta name=\"twitter:label2\" content=\"Tiempo de lectura\" \/>\n\t<meta name=\"twitter:data2\" content=\"1 minuto\" \/>\n<script type=\"application\/ld+json\" class=\"yoast-schema-graph\">{\"@context\":\"https:\\\/\\\/schema.org\",\"@graph\":[{\"@type\":\"Article\",\"@id\":\"https:\\\/\\\/informelitoral.com.ar\\\/crespo-no-dara-marcha-atras-con-la-mayor-apertura-si-no-hay-pedido-formal\\\/#article\",\"isPartOf\":{\"@id\":\"https:\\\/\\\/informelitoral.com.ar\\\/crespo-no-dara-marcha-atras-con-la-mayor-apertura-si-no-hay-pedido-formal\\\/\"},\"author\":{\"name\":\"Gonzalo Schmidt\",\"@id\":\"https:\\\/\\\/informelitoral.com.ar\\\/#\\\/schema\\\/person\\\/b9d00407c836482871ef1d57bf8e3180\"},\"headline\":\"Crespo no dar\u00e1 marcha atr\u00e1s con la mayor apertura si no hay pedido formal\",\"datePublished\":\"2020-05-27T11:23:17+00:00\",\"dateModified\":\"2020-05-27T11:38:07+00:00\",\"mainEntityOfPage\":{\"@id\":\"https:\\\/\\\/informelitoral.com.ar\\\/crespo-no-dara-marcha-atras-con-la-mayor-apertura-si-no-hay-pedido-formal\\\/\"},\"wordCount\":221,\"commentCount\":0,\"publisher\":{\"@id\":\"https:\\\/\\\/informelitoral.com.ar\\\/#organization\"},\"image\":{\"@id\":\"https:\\\/\\\/informelitoral.com.ar\\\/crespo-no-dara-marcha-atras-con-la-mayor-apertura-si-no-hay-pedido-formal\\\/#primaryimage\"},\"thumbnailUrl\":\"https:\\\/\\\/informelitoral.com.ar\\\/%77%70%2d%63%6f%6e%74%65%6e%74\\\/uploads\\\/2017\\\/12\\\/Municipalidad-de-Crespo.jpg\",\"keywords\":[\"Coronavirus\",\"COVID-19\",\"Crespo\"],\"articleSection\":[\"Entre R\u00edos\",\"Politica\"],\"inLanguage\":\"es\",\"potentialAction\":[{\"@type\":\"CommentAction\",\"name\":\"Comment\",\"target\":[\"https:\\\/\\\/informelitoral.com.ar\\\/crespo-no-dara-marcha-atras-con-la-mayor-apertura-si-no-hay-pedido-formal\\\/#respond\"]}]},{\"@type\":\"WebPage\",\"@id\":\"https:\\\/\\\/informelitoral.com.ar\\\/crespo-no-dara-marcha-atras-con-la-mayor-apertura-si-no-hay-pedido-formal\\\/\",\"url\":\"https:\\\/\\\/informelitoral.com.ar\\\/crespo-no-dara-marcha-atras-con-la-mayor-apertura-si-no-hay-pedido-formal\\\/\",\"name\":\"Crespo no dar\u00e1 marcha atr\u00e1s con la mayor apertura si no hay pedido formal - Informe Litoral\",\"isPartOf\":{\"@id\":\"https:\\\/\\\/informelitoral.com.ar\\\/#website\"},\"primaryImageOfPage\":{\"@id\":\"https:\\\/\\\/informelitoral.com.ar\\\/crespo-no-dara-marcha-atras-con-la-mayor-apertura-si-no-hay-pedido-formal\\\/#primaryimage\"},\"image\":{\"@id\":\"https:\\\/\\\/informelitoral.com.ar\\\/crespo-no-dara-marcha-atras-con-la-mayor-apertura-si-no-hay-pedido-formal\\\/#primaryimage\"},\"thumbnailUrl\":\"https:\\\/\\\/informelitoral.com.ar\\\/%77%70%2d%63%6f%6e%74%65%6e%74\\\/uploads\\\/2017\\\/12\\\/Municipalidad-de-Crespo.jpg\",\"datePublished\":\"2020-05-27T11:23:17+00:00\",\"dateModified\":\"2020-05-27T11:38:07+00:00\",\"breadcrumb\":{\"@id\":\"https:\\\/\\\/informelitoral.com.ar\\\/crespo-no-dara-marcha-atras-con-la-mayor-apertura-si-no-hay-pedido-formal\\\/#breadcrumb\"},\"inLanguage\":\"es\",\"potentialAction\":[{\"@type\":\"ReadAction\",\"target\":[\"https:\\\/\\\/informelitoral.com.ar\\\/crespo-no-dara-marcha-atras-con-la-mayor-apertura-si-no-hay-pedido-formal\\\/\"]}]},{\"@type\":\"ImageObject\",\"inLanguage\":\"es\",\"@id\":\"https:\\\/\\\/informelitoral.com.ar\\\/crespo-no-dara-marcha-atras-con-la-mayor-apertura-si-no-hay-pedido-formal\\\/#primaryimage\",\"url\":\"https:\\\/\\\/informelitoral.com.ar\\\/%77%70%2d%63%6f%6e%74%65%6e%74\\\/uploads\\\/2017\\\/12\\\/Municipalidad-de-Crespo.jpg\",\"contentUrl\":\"https:\\\/\\\/informelitoral.com.ar\\\/%77%70%2d%63%6f%6e%74%65%6e%74\\\/uploads\\\/2017\\\/12\\\/Municipalidad-de-Crespo.jpg\",\"width\":1024,\"height\":735,\"caption\":\"????????????????????????????????????\"},{\"@type\":\"BreadcrumbList\",\"@id\":\"https:\\\/\\\/informelitoral.com.ar\\\/crespo-no-dara-marcha-atras-con-la-mayor-apertura-si-no-hay-pedido-formal\\\/#breadcrumb\",\"itemListElement\":[{\"@type\":\"ListItem\",\"position\":1,\"name\":\"Portada\",\"item\":\"https:\\\/\\\/informelitoral.com.ar\\\/\"},{\"@type\":\"ListItem\",\"position\":2,\"name\":\"Crespo no dar\u00e1 marcha atr\u00e1s con la mayor apertura si no hay pedido formal\"}]},{\"@type\":\"WebSite\",\"@id\":\"https:\\\/\\\/informelitoral.com.ar\\\/#website\",\"url\":\"https:\\\/\\\/informelitoral.com.ar\\\/\",\"name\":\"Informe Litoral\",\"description\":\"&quot;Nos informamos&quot; \",\"publisher\":{\"@id\":\"https:\\\/\\\/informelitoral.com.ar\\\/#organization\"},\"potentialAction\":[{\"@type\":\"SearchAction\",\"target\":{\"@type\":\"EntryPoint\",\"urlTemplate\":\"https:\\\/\\\/informelitoral.com.ar\\\/?s={search_term_string}\"},\"query-input\":{\"@type\":\"PropertyValueSpecification\",\"valueRequired\":true,\"valueName\":\"search_term_string\"}}],\"inLanguage\":\"es\"},{\"@type\":\"Organization\",\"@id\":\"https:\\\/\\\/informelitoral.com.ar\\\/#organization\",\"name\":\"Informe Litoral\",\"url\":\"https:\\\/\\\/informelitoral.com.ar\\\/\",\"logo\":{\"@type\":\"ImageObject\",\"inLanguage\":\"es\",\"@id\":\"https:\\\/\\\/informelitoral.com.ar\\\/#\\\/schema\\\/logo\\\/image\\\/\",\"url\":\"https:\\\/\\\/informelitoral.com.ar\\\/%77%70%2d%63%6f%6e%74%65%6e%74\\\/uploads\\\/2021\\\/01\\\/circulo.png\",\"contentUrl\":\"https:\\\/\\\/informelitoral.com.ar\\\/%77%70%2d%63%6f%6e%74%65%6e%74\\\/uploads\\\/2021\\\/01\\\/circulo.png\",\"width\":723,\"height\":731,\"caption\":\"Informe Litoral\"},\"image\":{\"@id\":\"https:\\\/\\\/informelitoral.com.ar\\\/#\\\/schema\\\/logo\\\/image\\\/\"},\"sameAs\":[\"https:\\\/\\\/www.facebook.com\\\/informelitoral\\\/\",\"https:\\\/\\\/x.com\\\/InformeLitoral\",\"https:\\\/\\\/www.instagram.com\\\/informelitoral\\\/\",\"https:\\\/\\\/www.youtube.com\\\/channel\\\/UCua4Qvz8Icb6MYqhoq9xLXw\"]},{\"@type\":\"Person\",\"@id\":\"https:\\\/\\\/informelitoral.com.ar\\\/#\\\/schema\\\/person\\\/b9d00407c836482871ef1d57bf8e3180\",\"name\":\"Gonzalo Schmidt\",\"image\":{\"@type\":\"ImageObject\",\"inLanguage\":\"es\",\"@id\":\"https:\\\/\\\/secure.gravatar.com\\\/avatar\\\/31a1a7b66ff2de83bd0e9fd79d026630d2d99e55e8bfe501287647b4fd9743de?s=96&d=mm&r=g\",\"url\":\"https:\\\/\\\/secure.gravatar.com\\\/avatar\\\/31a1a7b66ff2de83bd0e9fd79d026630d2d99e55e8bfe501287647b4fd9743de?s=96&d=mm&r=g\",\"contentUrl\":\"https:\\\/\\\/secure.gravatar.com\\\/avatar\\\/31a1a7b66ff2de83bd0e9fd79d026630d2d99e55e8bfe501287647b4fd9743de?s=96&d=mm&r=g\",\"caption\":\"Gonzalo Schmidt\"},\"description\":\"Sitio web de noticias de la provincia de Entre R\u00edos, Argentina. Informaci\u00f3n y entretenimiento. Informe Litoral, nos informamos.\",\"sameAs\":[\"http:\\\/\\\/www.isletasnoticias.com.ar\"],\"url\":\"https:\\\/\\\/informelitoral.com.ar\\\/author\\\/gonzalo\\\/\"}]}<\/script>","yoast_head_json":{"title":"Crespo no dar\u00e1 marcha atr\u00e1s con la mayor apertura si no hay pedido formal - Informe Litoral","robots":{"index":"index","follow":"follow","max-snippet":"max-snippet:-1","max-image-preview":"max-image-preview:large","max-video-preview":"max-video-preview:-1"},"canonical":"https:\/\/informelitoral.com.ar\/crespo-no-dara-marcha-atras-con-la-mayor-apertura-si-no-hay-pedido-formal\/","og_locale":"es_ES","og_type":"article","og_title":"Crespo no dar\u00e1 marcha atr\u00e1s con la mayor apertura si no hay pedido formal - Informe Litoral","og_description":"La ministra de Gobierno y Justicia, Rosario Romero le sugiri\u00f3 -hasta el momento de manera informal- al intendente Dar\u00edo Schneider que revea la decisi\u00f3n de permitir reuniones familiares y sociales. Con alto consenso social, si no existe un pedido formal, la ciudad seguir\u00e1 adelante.","og_url":"https:\/\/informelitoral.com.ar\/crespo-no-dara-marcha-atras-con-la-mayor-apertura-si-no-hay-pedido-formal\/","og_site_name":"Informe Litoral","article_publisher":"https:\/\/www.facebook.com\/informelitoral\/","article_published_time":"2020-05-27T11:23:17+00:00","article_modified_time":"2020-05-27T11:38:07+00:00","og_image":[{"width":1024,"height":735,"url":"https:\/\/informelitoral.com.ar\/%77%70%2d%63%6f%6e%74%65%6e%74\/uploads\/2017\/12\/Municipalidad-de-Crespo.jpg","type":"image\/jpeg"}],"author":"Gonzalo Schmidt","twitter_card":"summary_large_image","twitter_creator":"@InformeLitoral","twitter_site":"@InformeLitoral","twitter_misc":{"Escrito por":"Gonzalo Schmidt","Tiempo de lectura":"1 minuto"},"schema":{"@context":"https:\/\/schema.org","@graph":[{"@type":"Article","@id":"https:\/\/informelitoral.com.ar\/crespo-no-dara-marcha-atras-con-la-mayor-apertura-si-no-hay-pedido-formal\/#article","isPartOf":{"@id":"https:\/\/informelitoral.com.ar\/crespo-no-dara-marcha-atras-con-la-mayor-apertura-si-no-hay-pedido-formal\/"},"author":{"name":"Gonzalo Schmidt","@id":"https:\/\/informelitoral.com.ar\/#\/schema\/person\/b9d00407c836482871ef1d57bf8e3180"},"headline":"Crespo no dar\u00e1 marcha atr\u00e1s con la mayor apertura si no hay pedido formal","datePublished":"2020-05-27T11:23:17+00:00","dateModified":"2020-05-27T11:38:07+00:00","mainEntityOfPage":{"@id":"https:\/\/informelitoral.com.ar\/crespo-no-dara-marcha-atras-con-la-mayor-apertura-si-no-hay-pedido-formal\/"},"wordCount":221,"commentCount":0,"publisher":{"@id":"https:\/\/informelitoral.com.ar\/#organization"},"image":{"@id":"https:\/\/informelitoral.com.ar\/crespo-no-dara-marcha-atras-con-la-mayor-apertura-si-no-hay-pedido-formal\/#primaryimage"},"thumbnailUrl":"https:\/\/informelitoral.com.ar\/%77%70%2d%63%6f%6e%74%65%6e%74\/uploads\/2017\/12\/Municipalidad-de-Crespo.jpg","keywords":["Coronavirus","COVID-19","Crespo"],"articleSection":["Entre R\u00edos","Politica"],"inLanguage":"es","potentialAction":[{"@type":"CommentAction","name":"Comment","target":["https:\/\/informelitoral.com.ar\/crespo-no-dara-marcha-atras-con-la-mayor-apertura-si-no-hay-pedido-formal\/#respond"]}]},{"@type":"WebPage","@id":"https:\/\/informelitoral.com.ar\/crespo-no-dara-marcha-atras-con-la-mayor-apertura-si-no-hay-pedido-formal\/","url":"https:\/\/informelitoral.com.ar\/crespo-no-dara-marcha-atras-con-la-mayor-apertura-si-no-hay-pedido-formal\/","name":"Crespo no dar\u00e1 marcha atr\u00e1s con la mayor apertura si no hay pedido formal - Informe Litoral","isPartOf":{"@id":"https:\/\/informelitoral.com.ar\/#website"},"primaryImageOfPage":{"@id":"https:\/\/informelitoral.com.ar\/crespo-no-dara-marcha-atras-con-la-mayor-apertura-si-no-hay-pedido-formal\/#primaryimage"},"image":{"@id":"https:\/\/informelitoral.com.ar\/crespo-no-dara-marcha-atras-con-la-mayor-apertura-si-no-hay-pedido-formal\/#primaryimage"},"thumbnailUrl":"https:\/\/informelitoral.com.ar\/%77%70%2d%63%6f%6e%74%65%6e%74\/uploads\/2017\/12\/Municipalidad-de-Crespo.jpg","datePublished":"2020-05-27T11:23:17+00:00","dateModified":"2020-05-27T11:38:07+00:00","breadcrumb":{"@id":"https:\/\/informelitoral.com.ar\/crespo-no-dara-marcha-atras-con-la-mayor-apertura-si-no-hay-pedido-formal\/#breadcrumb"},"inLanguage":"es","potentialAction":[{"@type":"ReadAction","target":["https:\/\/informelitoral.com.ar\/crespo-no-dara-marcha-atras-con-la-mayor-apertura-si-no-hay-pedido-formal\/"]}]},{"@type":"ImageObject","inLanguage":"es","@id":"https:\/\/informelitoral.com.ar\/crespo-no-dara-marcha-atras-con-la-mayor-apertura-si-no-hay-pedido-formal\/#primaryimage","url":"https:\/\/informelitoral.com.ar\/%77%70%2d%63%6f%6e%74%65%6e%74\/uploads\/2017\/12\/Municipalidad-de-Crespo.jpg","contentUrl":"https:\/\/informelitoral.com.ar\/%77%70%2d%63%6f%6e%74%65%6e%74\/uploads\/2017\/12\/Municipalidad-de-Crespo.jpg","width":1024,"height":735,"caption":"????????????????????????????????????"},{"@type":"BreadcrumbList","@id":"https:\/\/informelitoral.com.ar\/crespo-no-dara-marcha-atras-con-la-mayor-apertura-si-no-hay-pedido-formal\/#breadcrumb","itemListElement":[{"@type":"ListItem","position":1,"name":"Portada","item":"https:\/\/informelitoral.com.ar\/"},{"@type":"ListItem","position":2,"name":"Crespo no dar\u00e1 marcha atr\u00e1s con la mayor apertura si no hay pedido formal"}]},{"@type":"WebSite","@id":"https:\/\/informelitoral.com.ar\/#website","url":"https:\/\/informelitoral.com.ar\/","name":"Informe Litoral","description":"&quot;Nos informamos&quot; ","publisher":{"@id":"https:\/\/informelitoral.com.ar\/#organization"},"potentialAction":[{"@type":"SearchAction","target":{"@type":"EntryPoint","urlTemplate":"https:\/\/informelitoral.com.ar\/?s={search_term_string}"},"query-input":{"@type":"PropertyValueSpecification","valueRequired":true,"valueName":"search_term_string"}}],"inLanguage":"es"},{"@type":"Organization","@id":"https:\/\/informelitoral.com.ar\/#organization","name":"Informe Litoral","url":"https:\/\/informelitoral.com.ar\/","logo":{"@type":"ImageObject","inLanguage":"es","@id":"https:\/\/informelitoral.com.ar\/#\/schema\/logo\/image\/","url":"https:\/\/informelitoral.com.ar\/%77%70%2d%63%6f%6e%74%65%6e%74\/uploads\/2021\/01\/circulo.png","contentUrl":"https:\/\/informelitoral.com.ar\/%77%70%2d%63%6f%6e%74%65%6e%74\/uploads\/2021\/01\/circulo.png","width":723,"height":731,"caption":"Informe Litoral"},"image":{"@id":"https:\/\/informelitoral.com.ar\/#\/schema\/logo\/image\/"},"sameAs":["https:\/\/www.facebook.com\/informelitoral\/","https:\/\/x.com\/InformeLitoral","https:\/\/www.instagram.com\/informelitoral\/","https:\/\/www.youtube.com\/channel\/UCua4Qvz8Icb6MYqhoq9xLXw"]},{"@type":"Person","@id":"https:\/\/informelitoral.com.ar\/#\/schema\/person\/b9d00407c836482871ef1d57bf8e3180","name":"Gonzalo Schmidt","image":{"@type":"ImageObject","inLanguage":"es","@id":"https:\/\/secure.gravatar.com\/avatar\/31a1a7b66ff2de83bd0e9fd79d026630d2d99e55e8bfe501287647b4fd9743de?s=96&d=mm&r=g","url":"https:\/\/secure.gravatar.com\/avatar\/31a1a7b66ff2de83bd0e9fd79d026630d2d99e55e8bfe501287647b4fd9743de?s=96&d=mm&r=g","contentUrl":"https:\/\/secure.gravatar.com\/avatar\/31a1a7b66ff2de83bd0e9fd79d026630d2d99e55e8bfe501287647b4fd9743de?s=96&d=mm&r=g","caption":"Gonzalo Schmidt"},"description":"Sitio web de noticias de la provincia de Entre R\u00edos, Argentina. Informaci\u00f3n y entretenimiento. Informe Litoral, nos informamos.","sameAs":["http:\/\/www.isletasnoticias.com.ar"],"url":"https:\/\/informelitoral.com.ar\/author\/gonzalo\/"}]}},"_links":{"self":[{"href":"https:\/\/informelitoral.com.ar\/%77%70%2d%6a%73%6f%6e\/wp\/v2\/posts\/43687","targetHints":{"allow":["GET"]}}],"collection":[{"href":"https:\/\/informelitoral.com.ar\/%77%70%2d%6a%73%6f%6e\/wp\/v2\/posts"}],"about":[{"href":"https:\/\/informelitoral.com.ar\/%77%70%2d%6a%73%6f%6e\/wp\/v2\/types\/post"}],"author":[{"embeddable":true,"href":"https:\/\/informelitoral.com.ar\/%77%70%2d%6a%73%6f%6e\/wp\/v2\/users\/2"}],"replies":[{"embeddable":true,"href":"https:\/\/informelitoral.com.ar\/%77%70%2d%6a%73%6f%6e\/wp\/v2\/comments?post=43687"}],"version-history":[{"count":0,"href":"https:\/\/informelitoral.com.ar\/%77%70%2d%6a%73%6f%6e\/wp\/v2\/posts\/43687\/revisions"}],"wp:featuredmedia":[{"embeddable":true,"href":"https:\/\/informelitoral.com.ar\/%77%70%2d%6a%73%6f%6e\/wp\/v2\/media\/24149"}],"wp:attachment":[{"href":"https:\/\/informelitoral.com.ar\/%77%70%2d%6a%73%6f%6e\/wp\/v2\/media?parent=43687"}],"wp:term":[{"taxonomy":"category","embeddable":true,"href":"https:\/\/informelitoral.com.ar\/%77%70%2d%6a%73%6f%6e\/wp\/v2\/categories?post=43687"},{"taxonomy":"post_tag","embeddable":true,"href":"https:\/\/informelitoral.com.ar\/%77%70%2d%6a%73%6f%6e\/wp\/v2\/tags?post=43687"}],"curies":[{"name":"wp","href":"https:\/\/api.w.org\/{rel}","templated":true}]}}