{"id":4364,"date":"2013-11-21T08:11:47","date_gmt":"2013-11-21T11:11:47","guid":{"rendered":"http:\/\/www.isletasnoticias.com.ar\/?p=4364"},"modified":"2013-11-21T18:10:37","modified_gmt":"2013-11-21T21:10:37","slug":"91-millones-de-toneladas-de-trigo-20132014","status":"publish","type":"post","link":"https:\/\/informelitoral.com.ar\/91-millones-de-toneladas-de-trigo-20132014\/","title":{"rendered":"9,1 millones de toneladas de trigo 2013\/2014"},"content":{"rendered":"<p><strong>Los ajustes negativos sobre la superficie implantada con trigo y un rinde nacional golpeado por la seca, configuran el vol<strong>umen estimado para la producci\u00f3n nacional del cereal.<\/strong><\/strong><\/p>\n<p style=\"text-align: center;\"><img loading=\"lazy\" decoding=\"async\" class=\"size-medium wp-image-4365 aligncenter\" title=\"Foto: IN.\" alt=\"Foto0709\" src=\"http:\/\/www.isletasnoticias.com.ar\/%77%70%2d%63%6f%6e%74%65%6e%74\/uploads\/2013\/11\/Foto0709-300x225.jpg\" width=\"300\" height=\"225\" srcset=\"https:\/\/informelitoral.com.ar\/%77%70%2d%63%6f%6e%74%65%6e%74\/uploads\/2013\/11\/Foto0709-300x225.jpg 300w, https:\/\/informelitoral.com.ar\/%77%70%2d%63%6f%6e%74%65%6e%74\/uploads\/2013\/11\/Foto0709-1024x768.jpg 1024w, https:\/\/informelitoral.com.ar\/%77%70%2d%63%6f%6e%74%65%6e%74\/uploads\/2013\/11\/Foto0709.jpg 2048w\" sizes=\"auto, (max-width: 300px) 100vw, 300px\" \/><\/p>\n<p>Seg\u00fan report\u00f3 la Gu\u00eda Estrat\u00e9gica para el Agro, el impacto del clima seco, que se extendi\u00f3 en el centro y norte del pa\u00eds, fue parcialmente contrarrestado por las sobresalientes condiciones de los trigos del sudeste bonaerense.<\/p>\n<p style=\"text-align: left;\">Es en esta \u00faltima zona donde se produjeron recortes de \u00e1rea, respecto del anterior informe, por 200.000 ha. Anteriormente se consideraba un\u00a0potencial de siembra de 3,8 millones de ha para todo el pa\u00eds, pero en este reporte se considera que el \u00e1rea total habr\u00eda alcanzado a 3,54 millones de ha con trigo. Aunque la zona del sudeste bonaerense, triguera por excelencia, logre concretar rindes records, la ca\u00edda de superficie destinada al cereal es sustancial. Con relaci\u00f3n a un hectareaje promedio hist\u00f3rico, de 1,5 millones de ha, la reducci\u00f3n del 57% termina impactando severamente sobre el volumen nacional.<\/p>\n<p style=\"text-align: left;\">\u00abEs destacable el clima benevolente sobre los trigales de la provincia de Buenos Aires, que ha logrado dotar de condiciones muy buenas a excelentes a gran parte de los lotes. Hubo zonas que recibieron menos precipitaciones, como el noroeste, y otras que resultaron especialmente beneficiadas por las lluvias, como el sur. Se esperar lograr, como media provincial, un rinde de 32,5 qq\/ha. Contrasta gravemente el \u00e1rea cordobesa, que apenas se alzar\u00eda con una marca provincial de 20,4 quintales y Santa Fe, tambi\u00e9n complicada por la falta de agua, que lograr\u00eda 21,6 qq\/ha. La capacidad productiva de trigo se ha visto diezmada en el norte del pa\u00eds. Se cultiv\u00f3 menos de la mitad del \u00e1rea del a\u00f1o pasado y se proyectan rindes entorno a los 12 quintales\u00bb indica el GEA.<\/p>\n<p style=\"text-align: left;\">La estimaci\u00f3n de superficie sembrada con ma\u00edz 2013\/2014 se\u00f1ala un retroceso interanual del 12%, ubic\u00e1ndose en 3,87 millones de hect\u00e1reas.<\/p>\n<p><strong>Trigo 2013\/2014\u00a0<\/strong><br \/>\nEl GEA realiz\u00f3 un ajuste a la baja en la cifra de la superficie destinada a trigo 2013\/2014, con respecto a la anterior estimaci\u00f3n, recorte equivalente a un 7% y que deja el \u00e1rea en 3,54 millones ha. Gran parte de la ca\u00edda obedeci\u00f3 a que no lograron concretarse las intenciones de siembra iniciales.<\/p>\n<p>Los ajustes m\u00e1s importantes se hicieron sobre la provincia de Buenos Aires, con una disminuci\u00f3n del \u00e1rea del 9%, para quedar en 1,94 millones de hect\u00e1reas, cayendo el grueso del recorte en el sudeste bonaerense. Aunque con una superficie de relativa importancia en el n\u00famero global, la otra gran ca\u00edda se produjo en provincias extra-pampeanas, principalmente Santiago del Estero y Chaco. El conjunto de estas provincias tendr\u00eda una superficie triguera de 250 mil hect\u00e1reas, ajustando un 17% por\u00a0debajo de lo calculado en el informe previo.<\/p>\n<p style=\"text-align: left;\">Ahora bien, en t\u00e9rminos interanuales el \u00e1rea triguera habr\u00eda crecido un 4% a escala nacional, siendo la principal caracter\u00edstica el que casi todas las provincias pampeanas registraron un incremento de 10% a 20%. Las provincias del noreste y noroeste son las que habr\u00edan exhibido la mayor p\u00e9rdida de superficie de ciclo a ciclo \u2013casi un 54%-, obedeciendo, en parte, a un ajuste de los planes de siembra de los productores y, en gran parte, a condiciones clim\u00e1ticas desfavorables durante el tiempo \u00f3ptimo de implantaci\u00f3n.<\/p>\n<p>La falta de precipitaciones durante septiembre y, cr\u00edticamente, octubre contribuy\u00f3 para un escenario de p\u00e9rdida de lotes y disminuci\u00f3n de rendimientos, particularmente en el centro y en el norte de la regi\u00f3n triguera.<\/p>\n<p style=\"text-align: left;\">Los lotes que no entrar\u00edan a cosecha podr\u00edan sumar aproximadamente 190.000 hect\u00e1reas, considerando que a\u00fan con rindes muy bajos se emprendieron las labores de recolecci\u00f3n de los trigos primicia aprovechando la coyuntura de precios sumamente favorables. Esta situaci\u00f3n se atestigu\u00f3 mayormente en el norte argentino.<\/p>\n<p style=\"text-align: left;\">El rinde promedio nacional es similar al de la campa\u00f1a pasada, ajust\u00e1ndose a 27,2 quintales por hect\u00e1rea. El impacto de las condiciones ambientales desfavorables sobre el centro y el norte triguero argentino se ver\u00eda parcialmente compensado con las buenas proyecciones de productividad unitaria en la provincia de Buenos Aires, pero particularmente el sur bonaerense. De esta manera queda configurada una producci\u00f3n de 9,1 millones de toneladas para la campa\u00f1a triguera 2013\/14.<\/p>\n","protected":false},"excerpt":{"rendered":"<p>Los ajustes negativos sobre la superficie implantada con trigo y un rinde nacional golpeado por la seca, configuran el volumen estimado para la producci&oacute;n nacional del cereal. Seg&uacute;n report&oacute; la Gu&iacute;a Estrat&eacute;gica para el Agro, el impacto del clima seco, que se extendi&oacute; en el centro y norte del pa&iacute;s, fue parcialmente contrarrestado por las [&hellip;]<\/p>\n","protected":false},"author":2,"featured_media":0,"comment_status":"open","ping_status":"open","sticky":false,"template":"","format":"standard","meta":{"fifu_image_url":"","fifu_image_alt":"","footnotes":""},"categories":[10],"tags":[],"class_list":{"0":"post-4364","1":"post","2":"type-post","3":"status-publish","4":"format-standard","6":"category-campo"},"yoast_head":"<title>9,1 millones de toneladas de trigo 2013\/2014 - Informe Litoral<\/title>\n<meta name=\"robots\" content=\"index, follow, max-snippet:-1, max-image-preview:large, max-video-preview:-1\" \/>\n<link rel=\"canonical\" href=\"https:\/\/informelitoral.com.ar\/91-millones-de-toneladas-de-trigo-20132014\/\" \/>\n<meta property=\"og:locale\" content=\"es_ES\" \/>\n<meta property=\"og:type\" content=\"article\" \/>\n<meta property=\"og:title\" content=\"9,1 millones de toneladas de trigo 2013\/2014 - Informe Litoral\" \/>\n<meta property=\"og:description\" content=\"Los ajustes negativos sobre la superficie implantada con trigo y un rinde nacional golpeado por la seca, configuran el volumen estimado para la producci&oacute;n nacional del cereal. Seg&uacute;n report&oacute; la Gu&iacute;a Estrat&eacute;gica para el Agro, el impacto del clima seco, que se extendi&oacute; en el centro y norte del pa&iacute;s, fue parcialmente contrarrestado por las [&hellip;]\" \/>\n<meta property=\"og:url\" content=\"https:\/\/informelitoral.com.ar\/91-millones-de-toneladas-de-trigo-20132014\/\" \/>\n<meta property=\"og:site_name\" content=\"Informe Litoral\" \/>\n<meta property=\"article:publisher\" content=\"https:\/\/www.facebook.com\/informelitoral\/\" \/>\n<meta property=\"article:published_time\" content=\"2013-11-21T11:11:47+00:00\" \/>\n<meta property=\"article:modified_time\" content=\"2013-11-21T21:10:37+00:00\" \/>\n<meta property=\"og:image\" content=\"https:\/\/informelitoral.com.ar\/%77%70%2d%63%6f%6e%74%65%6e%74\/uploads\/2013\/11\/Foto0709.jpg\" \/>\n\t<meta property=\"og:image:width\" content=\"2048\" \/>\n\t<meta property=\"og:image:height\" content=\"1536\" \/>\n\t<meta property=\"og:image:type\" content=\"image\/jpeg\" \/>\n<meta name=\"author\" content=\"Gonzalo Schmidt\" \/>\n<meta name=\"twitter:card\" content=\"summary_large_image\" \/>\n<meta name=\"twitter:creator\" content=\"@InformeLitoral\" \/>\n<meta name=\"twitter:site\" content=\"@InformeLitoral\" \/>\n<meta name=\"twitter:label1\" content=\"Escrito por\" \/>\n\t<meta name=\"twitter:data1\" content=\"Gonzalo Schmidt\" \/>\n\t<meta name=\"twitter:label2\" content=\"Tiempo de lectura\" \/>\n\t<meta name=\"twitter:data2\" content=\"4 minutos\" \/>\n<script type=\"application\/ld+json\" class=\"yoast-schema-graph\">{\"@context\":\"https:\\\/\\\/schema.org\",\"@graph\":[{\"@type\":\"Article\",\"@id\":\"https:\\\/\\\/informelitoral.com.ar\\\/91-millones-de-toneladas-de-trigo-20132014\\\/#article\",\"isPartOf\":{\"@id\":\"https:\\\/\\\/informelitoral.com.ar\\\/91-millones-de-toneladas-de-trigo-20132014\\\/\"},\"author\":{\"name\":\"Gonzalo Schmidt\",\"@id\":\"https:\\\/\\\/informelitoral.com.ar\\\/#\\\/schema\\\/person\\\/b9d00407c836482871ef1d57bf8e3180\"},\"headline\":\"9,1 millones de toneladas de trigo 2013\\\/2014\",\"datePublished\":\"2013-11-21T11:11:47+00:00\",\"dateModified\":\"2013-11-21T21:10:37+00:00\",\"mainEntityOfPage\":{\"@id\":\"https:\\\/\\\/informelitoral.com.ar\\\/91-millones-de-toneladas-de-trigo-20132014\\\/\"},\"wordCount\":718,\"commentCount\":0,\"publisher\":{\"@id\":\"https:\\\/\\\/informelitoral.com.ar\\\/#organization\"},\"image\":{\"@id\":\"https:\\\/\\\/informelitoral.com.ar\\\/91-millones-de-toneladas-de-trigo-20132014\\\/#primaryimage\"},\"thumbnailUrl\":\"http:\\\/\\\/www.isletasnoticias.com.ar\\\/%77%70%2d%63%6f%6e%74%65%6e%74\\\/uploads\\\/2013\\\/11\\\/Foto0709-300x225.jpg\",\"articleSection\":[\"Campo\"],\"inLanguage\":\"es\",\"potentialAction\":[{\"@type\":\"CommentAction\",\"name\":\"Comment\",\"target\":[\"https:\\\/\\\/informelitoral.com.ar\\\/91-millones-de-toneladas-de-trigo-20132014\\\/#respond\"]}]},{\"@type\":\"WebPage\",\"@id\":\"https:\\\/\\\/informelitoral.com.ar\\\/91-millones-de-toneladas-de-trigo-20132014\\\/\",\"url\":\"https:\\\/\\\/informelitoral.com.ar\\\/91-millones-de-toneladas-de-trigo-20132014\\\/\",\"name\":\"9,1 millones de toneladas de trigo 2013\\\/2014 - Informe Litoral\",\"isPartOf\":{\"@id\":\"https:\\\/\\\/informelitoral.com.ar\\\/#website\"},\"primaryImageOfPage\":{\"@id\":\"https:\\\/\\\/informelitoral.com.ar\\\/91-millones-de-toneladas-de-trigo-20132014\\\/#primaryimage\"},\"image\":{\"@id\":\"https:\\\/\\\/informelitoral.com.ar\\\/91-millones-de-toneladas-de-trigo-20132014\\\/#primaryimage\"},\"thumbnailUrl\":\"http:\\\/\\\/www.isletasnoticias.com.ar\\\/%77%70%2d%63%6f%6e%74%65%6e%74\\\/uploads\\\/2013\\\/11\\\/Foto0709-300x225.jpg\",\"datePublished\":\"2013-11-21T11:11:47+00:00\",\"dateModified\":\"2013-11-21T21:10:37+00:00\",\"breadcrumb\":{\"@id\":\"https:\\\/\\\/informelitoral.com.ar\\\/91-millones-de-toneladas-de-trigo-20132014\\\/#breadcrumb\"},\"inLanguage\":\"es\",\"potentialAction\":[{\"@type\":\"ReadAction\",\"target\":[\"https:\\\/\\\/informelitoral.com.ar\\\/91-millones-de-toneladas-de-trigo-20132014\\\/\"]}]},{\"@type\":\"ImageObject\",\"inLanguage\":\"es\",\"@id\":\"https:\\\/\\\/informelitoral.com.ar\\\/91-millones-de-toneladas-de-trigo-20132014\\\/#primaryimage\",\"url\":\"http:\\\/\\\/www.isletasnoticias.com.ar\\\/%77%70%2d%63%6f%6e%74%65%6e%74\\\/uploads\\\/2013\\\/11\\\/Foto0709-300x225.jpg\",\"contentUrl\":\"http:\\\/\\\/www.isletasnoticias.com.ar\\\/%77%70%2d%63%6f%6e%74%65%6e%74\\\/uploads\\\/2013\\\/11\\\/Foto0709-300x225.jpg\"},{\"@type\":\"BreadcrumbList\",\"@id\":\"https:\\\/\\\/informelitoral.com.ar\\\/91-millones-de-toneladas-de-trigo-20132014\\\/#breadcrumb\",\"itemListElement\":[{\"@type\":\"ListItem\",\"position\":1,\"name\":\"Portada\",\"item\":\"https:\\\/\\\/informelitoral.com.ar\\\/\"},{\"@type\":\"ListItem\",\"position\":2,\"name\":\"9,1 millones de toneladas de trigo 2013\\\/2014\"}]},{\"@type\":\"WebSite\",\"@id\":\"https:\\\/\\\/informelitoral.com.ar\\\/#website\",\"url\":\"https:\\\/\\\/informelitoral.com.ar\\\/\",\"name\":\"Informe Litoral\",\"description\":\"&quot;Nos informamos&quot; \",\"publisher\":{\"@id\":\"https:\\\/\\\/informelitoral.com.ar\\\/#organization\"},\"potentialAction\":[{\"@type\":\"SearchAction\",\"target\":{\"@type\":\"EntryPoint\",\"urlTemplate\":\"https:\\\/\\\/informelitoral.com.ar\\\/?s={search_term_string}\"},\"query-input\":{\"@type\":\"PropertyValueSpecification\",\"valueRequired\":true,\"valueName\":\"search_term_string\"}}],\"inLanguage\":\"es\"},{\"@type\":\"Organization\",\"@id\":\"https:\\\/\\\/informelitoral.com.ar\\\/#organization\",\"name\":\"Informe Litoral\",\"url\":\"https:\\\/\\\/informelitoral.com.ar\\\/\",\"logo\":{\"@type\":\"ImageObject\",\"inLanguage\":\"es\",\"@id\":\"https:\\\/\\\/informelitoral.com.ar\\\/#\\\/schema\\\/logo\\\/image\\\/\",\"url\":\"https:\\\/\\\/informelitoral.com.ar\\\/%77%70%2d%63%6f%6e%74%65%6e%74\\\/uploads\\\/2021\\\/01\\\/circulo.png\",\"contentUrl\":\"https:\\\/\\\/informelitoral.com.ar\\\/%77%70%2d%63%6f%6e%74%65%6e%74\\\/uploads\\\/2021\\\/01\\\/circulo.png\",\"width\":723,\"height\":731,\"caption\":\"Informe Litoral\"},\"image\":{\"@id\":\"https:\\\/\\\/informelitoral.com.ar\\\/#\\\/schema\\\/logo\\\/image\\\/\"},\"sameAs\":[\"https:\\\/\\\/www.facebook.com\\\/informelitoral\\\/\",\"https:\\\/\\\/x.com\\\/InformeLitoral\",\"https:\\\/\\\/www.instagram.com\\\/informelitoral\\\/\",\"https:\\\/\\\/www.youtube.com\\\/channel\\\/UCua4Qvz8Icb6MYqhoq9xLXw\"]},{\"@type\":\"Person\",\"@id\":\"https:\\\/\\\/informelitoral.com.ar\\\/#\\\/schema\\\/person\\\/b9d00407c836482871ef1d57bf8e3180\",\"name\":\"Gonzalo Schmidt\",\"image\":{\"@type\":\"ImageObject\",\"inLanguage\":\"es\",\"@id\":\"https:\\\/\\\/secure.gravatar.com\\\/avatar\\\/31a1a7b66ff2de83bd0e9fd79d026630d2d99e55e8bfe501287647b4fd9743de?s=96&d=mm&r=g\",\"url\":\"https:\\\/\\\/secure.gravatar.com\\\/avatar\\\/31a1a7b66ff2de83bd0e9fd79d026630d2d99e55e8bfe501287647b4fd9743de?s=96&d=mm&r=g\",\"contentUrl\":\"https:\\\/\\\/secure.gravatar.com\\\/avatar\\\/31a1a7b66ff2de83bd0e9fd79d026630d2d99e55e8bfe501287647b4fd9743de?s=96&d=mm&r=g\",\"caption\":\"Gonzalo Schmidt\"},\"description\":\"Sitio web de noticias de la provincia de Entre R\u00edos, Argentina. Informaci\u00f3n y entretenimiento. Informe Litoral, nos informamos.\",\"sameAs\":[\"http:\\\/\\\/www.isletasnoticias.com.ar\"],\"url\":\"https:\\\/\\\/informelitoral.com.ar\\\/author\\\/gonzalo\\\/\"}]}<\/script>","yoast_head_json":{"title":"9,1 millones de toneladas de trigo 2013\/2014 - Informe Litoral","robots":{"index":"index","follow":"follow","max-snippet":"max-snippet:-1","max-image-preview":"max-image-preview:large","max-video-preview":"max-video-preview:-1"},"canonical":"https:\/\/informelitoral.com.ar\/91-millones-de-toneladas-de-trigo-20132014\/","og_locale":"es_ES","og_type":"article","og_title":"9,1 millones de toneladas de trigo 2013\/2014 - Informe Litoral","og_description":"Los ajustes negativos sobre la superficie implantada con trigo y un rinde nacional golpeado por la seca, configuran el volumen estimado para la producci&oacute;n nacional del cereal. Seg&uacute;n report&oacute; la Gu&iacute;a Estrat&eacute;gica para el Agro, el impacto del clima seco, que se extendi&oacute; en el centro y norte del pa&iacute;s, fue parcialmente contrarrestado por las [&hellip;]","og_url":"https:\/\/informelitoral.com.ar\/91-millones-de-toneladas-de-trigo-20132014\/","og_site_name":"Informe Litoral","article_publisher":"https:\/\/www.facebook.com\/informelitoral\/","article_published_time":"2013-11-21T11:11:47+00:00","article_modified_time":"2013-11-21T21:10:37+00:00","og_image":[{"width":2048,"height":1536,"url":"https:\/\/informelitoral.com.ar\/%77%70%2d%63%6f%6e%74%65%6e%74\/uploads\/2013\/11\/Foto0709.jpg","type":"image\/jpeg"}],"author":"Gonzalo Schmidt","twitter_card":"summary_large_image","twitter_creator":"@InformeLitoral","twitter_site":"@InformeLitoral","twitter_misc":{"Escrito por":"Gonzalo Schmidt","Tiempo de lectura":"4 minutos"},"schema":{"@context":"https:\/\/schema.org","@graph":[{"@type":"Article","@id":"https:\/\/informelitoral.com.ar\/91-millones-de-toneladas-de-trigo-20132014\/#article","isPartOf":{"@id":"https:\/\/informelitoral.com.ar\/91-millones-de-toneladas-de-trigo-20132014\/"},"author":{"name":"Gonzalo Schmidt","@id":"https:\/\/informelitoral.com.ar\/#\/schema\/person\/b9d00407c836482871ef1d57bf8e3180"},"headline":"9,1 millones de toneladas de trigo 2013\/2014","datePublished":"2013-11-21T11:11:47+00:00","dateModified":"2013-11-21T21:10:37+00:00","mainEntityOfPage":{"@id":"https:\/\/informelitoral.com.ar\/91-millones-de-toneladas-de-trigo-20132014\/"},"wordCount":718,"commentCount":0,"publisher":{"@id":"https:\/\/informelitoral.com.ar\/#organization"},"image":{"@id":"https:\/\/informelitoral.com.ar\/91-millones-de-toneladas-de-trigo-20132014\/#primaryimage"},"thumbnailUrl":"http:\/\/www.isletasnoticias.com.ar\/%77%70%2d%63%6f%6e%74%65%6e%74\/uploads\/2013\/11\/Foto0709-300x225.jpg","articleSection":["Campo"],"inLanguage":"es","potentialAction":[{"@type":"CommentAction","name":"Comment","target":["https:\/\/informelitoral.com.ar\/91-millones-de-toneladas-de-trigo-20132014\/#respond"]}]},{"@type":"WebPage","@id":"https:\/\/informelitoral.com.ar\/91-millones-de-toneladas-de-trigo-20132014\/","url":"https:\/\/informelitoral.com.ar\/91-millones-de-toneladas-de-trigo-20132014\/","name":"9,1 millones de toneladas de trigo 2013\/2014 - Informe Litoral","isPartOf":{"@id":"https:\/\/informelitoral.com.ar\/#website"},"primaryImageOfPage":{"@id":"https:\/\/informelitoral.com.ar\/91-millones-de-toneladas-de-trigo-20132014\/#primaryimage"},"image":{"@id":"https:\/\/informelitoral.com.ar\/91-millones-de-toneladas-de-trigo-20132014\/#primaryimage"},"thumbnailUrl":"http:\/\/www.isletasnoticias.com.ar\/%77%70%2d%63%6f%6e%74%65%6e%74\/uploads\/2013\/11\/Foto0709-300x225.jpg","datePublished":"2013-11-21T11:11:47+00:00","dateModified":"2013-11-21T21:10:37+00:00","breadcrumb":{"@id":"https:\/\/informelitoral.com.ar\/91-millones-de-toneladas-de-trigo-20132014\/#breadcrumb"},"inLanguage":"es","potentialAction":[{"@type":"ReadAction","target":["https:\/\/informelitoral.com.ar\/91-millones-de-toneladas-de-trigo-20132014\/"]}]},{"@type":"ImageObject","inLanguage":"es","@id":"https:\/\/informelitoral.com.ar\/91-millones-de-toneladas-de-trigo-20132014\/#primaryimage","url":"http:\/\/www.isletasnoticias.com.ar\/%77%70%2d%63%6f%6e%74%65%6e%74\/uploads\/2013\/11\/Foto0709-300x225.jpg","contentUrl":"http:\/\/www.isletasnoticias.com.ar\/%77%70%2d%63%6f%6e%74%65%6e%74\/uploads\/2013\/11\/Foto0709-300x225.jpg"},{"@type":"BreadcrumbList","@id":"https:\/\/informelitoral.com.ar\/91-millones-de-toneladas-de-trigo-20132014\/#breadcrumb","itemListElement":[{"@type":"ListItem","position":1,"name":"Portada","item":"https:\/\/informelitoral.com.ar\/"},{"@type":"ListItem","position":2,"name":"9,1 millones de toneladas de trigo 2013\/2014"}]},{"@type":"WebSite","@id":"https:\/\/informelitoral.com.ar\/#website","url":"https:\/\/informelitoral.com.ar\/","name":"Informe Litoral","description":"&quot;Nos informamos&quot; ","publisher":{"@id":"https:\/\/informelitoral.com.ar\/#organization"},"potentialAction":[{"@type":"SearchAction","target":{"@type":"EntryPoint","urlTemplate":"https:\/\/informelitoral.com.ar\/?s={search_term_string}"},"query-input":{"@type":"PropertyValueSpecification","valueRequired":true,"valueName":"search_term_string"}}],"inLanguage":"es"},{"@type":"Organization","@id":"https:\/\/informelitoral.com.ar\/#organization","name":"Informe Litoral","url":"https:\/\/informelitoral.com.ar\/","logo":{"@type":"ImageObject","inLanguage":"es","@id":"https:\/\/informelitoral.com.ar\/#\/schema\/logo\/image\/","url":"https:\/\/informelitoral.com.ar\/%77%70%2d%63%6f%6e%74%65%6e%74\/uploads\/2021\/01\/circulo.png","contentUrl":"https:\/\/informelitoral.com.ar\/%77%70%2d%63%6f%6e%74%65%6e%74\/uploads\/2021\/01\/circulo.png","width":723,"height":731,"caption":"Informe Litoral"},"image":{"@id":"https:\/\/informelitoral.com.ar\/#\/schema\/logo\/image\/"},"sameAs":["https:\/\/www.facebook.com\/informelitoral\/","https:\/\/x.com\/InformeLitoral","https:\/\/www.instagram.com\/informelitoral\/","https:\/\/www.youtube.com\/channel\/UCua4Qvz8Icb6MYqhoq9xLXw"]},{"@type":"Person","@id":"https:\/\/informelitoral.com.ar\/#\/schema\/person\/b9d00407c836482871ef1d57bf8e3180","name":"Gonzalo Schmidt","image":{"@type":"ImageObject","inLanguage":"es","@id":"https:\/\/secure.gravatar.com\/avatar\/31a1a7b66ff2de83bd0e9fd79d026630d2d99e55e8bfe501287647b4fd9743de?s=96&d=mm&r=g","url":"https:\/\/secure.gravatar.com\/avatar\/31a1a7b66ff2de83bd0e9fd79d026630d2d99e55e8bfe501287647b4fd9743de?s=96&d=mm&r=g","contentUrl":"https:\/\/secure.gravatar.com\/avatar\/31a1a7b66ff2de83bd0e9fd79d026630d2d99e55e8bfe501287647b4fd9743de?s=96&d=mm&r=g","caption":"Gonzalo Schmidt"},"description":"Sitio web de noticias de la provincia de Entre R\u00edos, Argentina. Informaci\u00f3n y entretenimiento. Informe Litoral, nos informamos.","sameAs":["http:\/\/www.isletasnoticias.com.ar"],"url":"https:\/\/informelitoral.com.ar\/author\/gonzalo\/"}]}},"_links":{"self":[{"href":"https:\/\/informelitoral.com.ar\/%77%70%2d%6a%73%6f%6e\/wp\/v2\/posts\/4364","targetHints":{"allow":["GET"]}}],"collection":[{"href":"https:\/\/informelitoral.com.ar\/%77%70%2d%6a%73%6f%6e\/wp\/v2\/posts"}],"about":[{"href":"https:\/\/informelitoral.com.ar\/%77%70%2d%6a%73%6f%6e\/wp\/v2\/types\/post"}],"author":[{"embeddable":true,"href":"https:\/\/informelitoral.com.ar\/%77%70%2d%6a%73%6f%6e\/wp\/v2\/users\/2"}],"replies":[{"embeddable":true,"href":"https:\/\/informelitoral.com.ar\/%77%70%2d%6a%73%6f%6e\/wp\/v2\/comments?post=4364"}],"version-history":[{"count":0,"href":"https:\/\/informelitoral.com.ar\/%77%70%2d%6a%73%6f%6e\/wp\/v2\/posts\/4364\/revisions"}],"wp:attachment":[{"href":"https:\/\/informelitoral.com.ar\/%77%70%2d%6a%73%6f%6e\/wp\/v2\/media?parent=4364"}],"wp:term":[{"taxonomy":"category","embeddable":true,"href":"https:\/\/informelitoral.com.ar\/%77%70%2d%6a%73%6f%6e\/wp\/v2\/categories?post=4364"},{"taxonomy":"post_tag","embeddable":true,"href":"https:\/\/informelitoral.com.ar\/%77%70%2d%6a%73%6f%6e\/wp\/v2\/tags?post=4364"}],"curies":[{"name":"wp","href":"https:\/\/api.w.org\/{rel}","templated":true}]}}