{"id":4362,"date":"2013-11-21T08:01:29","date_gmt":"2013-11-21T11:01:29","guid":{"rendered":"http:\/\/www.isletasnoticias.com.ar\/?p=4362"},"modified":"2013-11-21T08:01:29","modified_gmt":"2013-11-21T11:01:29","slug":"cristina-fernandez-le-tomo-juramento-a-los-nuevos-ministros","status":"publish","type":"post","link":"https:\/\/informelitoral.com.ar\/cristina-fernandez-le-tomo-juramento-a-los-nuevos-ministros\/","title":{"rendered":"Cristina Fern\u00e1ndez le tom\u00f3 juramento a los nuevos ministros"},"content":{"rendered":"<div><strong>La ceremonia se realiz\u00f3 en el tradicional Sal\u00f3n Blanco de la Casa de Gobierno. Asumieron sus cargos J<em>orge Capitanich, Axel Kicillof<\/em> y <em>Carlos Casamiquela<\/em>. La presidente volvi\u00f3 a Balcarse 50 despu\u00e9s de 47 d\u00edas y se mostr\u00f3 nuevamente sin luto.<\/strong><\/div>\n<div><\/div>\n<div>\n<div>\n<div><a><img loading=\"lazy\" decoding=\"async\" title=\"Cristina Fern\u00e1ndez le tom\u00f3 juramento a los nuevos ministros | Minutouno.com\" alt=\"Cristina Fern\u00e1ndez le tom\u00f3 juramento a los nuevos ministros\" src=\"http:\/\/www.minutouno.com\/adjuntos\/150\/imagenes\/003\/688\/0003688862.jpg\" width=\"602\" height=\"339\" \/><\/a><\/div>\n<\/div>\n<div><\/div>\n<\/div>\n<div>La presidente\u00a0<strong>Cristina Fern\u00e1ndez\u00a0<\/strong>reapareci\u00f3 este mi\u00e9rcoles en un acto p\u00fablico, despu\u00e9s de 47 d\u00edas,\u00a0en el Sal\u00f3n Blanco de la\u00a0Casa Rosada\u00a0para\u00a0tomar juramento\u00a0al nuevo jefe de\u00a0Gabinete, <strong>Jorge Capitanich<\/strong>;\u00a0 y a los designados ministros de Econom\u00eda,<strong>\u00a0Axel Kicillof<\/strong>; y de Agricultura, <strong>Carlos Casamiquela.<\/strong><\/p>\n<p>La jefa de Estado lleg\u00f3 a Balcarce 50 a las 18.35,\u00a0y volvi\u00f3 a lucir sin luto. Se present\u00f3 con un\u00a0elegante vestido que combina el negro con el dorado. Adem\u00e1s,\u00a0se mostr\u00f3 muy emocionada, y de excelente \u00e1nimo,\u00a0cuando pis\u00f3 el Sal\u00f3n Blanco y fue alentada por los militantes que llegaron para presenciar la toma de juramento.<\/p>\n<p>El \u00faltimo acto oficial de la mandataria en la Rosada hab\u00eda sido el 4 de octubre. El s\u00e1bado 5 debi\u00f3 alejarse de la actividad oficial tras ser diagnosticada del hematoma subdural, que la oblig\u00f3 a someterse a una cirug\u00eda.<\/p>\n<p>La presidente ya hab\u00eda roto el luto el lunes,\u00a0 cuando apareci\u00f3 en\u00a0un video grabado en Olivos donde agradeci\u00f3 las muestras de apoyo de los ciudadanos\u00a0durante su per\u00edodo de recuperaci\u00f3n tras su operaci\u00f3n de un hematoma intracraneal y de ordenar un recambio en su equipo de colaboradores, que incluy\u00f3 el nombramiento de\u00a0<strong>Juan Carlos F\u00e1brega<\/strong> al frente del Banco Central y a\u00a0<strong>Juan Ignacio Forlon<\/strong> en el Banco Naci\u00f3n.<\/p>\n<p>Cristina tom\u00f3 juramento a los nuevos ministros a las 19.22, en el tradicional Sal\u00f3n Blanco, que desde hace a\u00f1os s\u00f3lo se utiliza para este tipo de ceremonias o para el recibimiento de presidentes extranjeros que llegan al pa\u00eds en visitas oficiales.<\/p>\n<p>La \u00faltima vez que se utiliz\u00f3 este sal\u00f3n, el m\u00e1s elegante de la sede gubernamental, fue para el \u00faltimo\u00a0recambio de Gabinete\u00a0en junio pasado, cuando la mandataria tom\u00f3 juramento a <strong>Agust\u00edn Rossi,<\/strong> como ministro de Defensa, y a Arturo Puricelli, como titular de la cartera de Seguridad.<\/p>\n<p>Se trat\u00f3 de una ceremonia ideal para la situaci\u00f3n que atraviesa la mandataria, ya que\u00a0la jura de ministros suele ser un acto breve\u00a0y as\u00ed cumpli\u00f3 con la recomendaci\u00f3n de sus m\u00e9dicos de no exponerse a actividades prolongadas y evitar situaciones de estr\u00e9s.<\/p>\n<p>All\u00ed, estuvo rodeada por el resto de los ministros del Gabinete, del gobernador de Buenos Aires\u00a0<strong>Daniel Scioli,<\/strong>\u00a0el de Entre R\u00edos <strong>Sergio Urribarri<\/strong>, el vicepresidente<strong> Amado Boudou<\/strong> y los funcionarios salientes, mientras que gran parte de las butacas estuvieron ocupadas, como suele suceder, por los familiares de los ministros entrantes.<\/div>\n<div><\/div>\n<div>\n<p>Al tomar el micr\u00f3fono para la jura de Capitanich, Cristina en su primera aparici\u00f3n oficial remarc\u00f3:\u00a0\u00abTambi\u00e9n est\u00e1n presente los militantes pol\u00edticos, que nunca se los mencionan. Y los que juran adem\u00e1s son militantes\u00bb.<\/p>\n<p>La jefa de Estado de esta forma volver\u00e1 a encabezar un acto p\u00fablico,\u00a0algo que no hac\u00eda desde el viernes 4 de octubre, cuando recibi\u00f3 en el Sal\u00f3n de las Mujeres de Casa de Gobierno a un grupo de ministros de Justicia y Seguridad de pa\u00edses de la UNASUR.<\/p>\n<p>Al d\u00eda siguiente, la mandataria debi\u00f3 ser trasladada por un malestar al Hospital de la Fundaci\u00f3n Favaloro donde se le detect\u00f3 una \u00abcolecci\u00f3n subdural cr\u00f3nica\u00bb, por lo que debi\u00f3 ser operada el martes 8 y luego cumplir con m\u00e1s de 40 d\u00edas de estricto reposo. (Fuente: MinutoUno).<\/p><\/div>\n","protected":false},"excerpt":{"rendered":"<p>La ceremonia se realiz&oacute; en el tradicional Sal&oacute;n Blanco de la Casa de Gobierno. Asumieron sus cargos Jorge Capitanich, Axel Kicillof y Carlos Casamiquela. La presidente volvi&oacute; a Balcarse 50 despu&eacute;s de 47 d&iacute;as y se mostr&oacute; nuevamente sin luto. La presidente&nbsp;Cristina Fern&aacute;ndez&nbsp;reapareci&oacute; este mi&eacute;rcoles en un acto p&uacute;blico, despu&eacute;s de 47 d&iacute;as,&nbsp;en el Sal&oacute;n [&hellip;]<\/p>\n","protected":false},"author":2,"featured_media":0,"comment_status":"open","ping_status":"open","sticky":false,"template":"","format":"standard","meta":{"fifu_image_url":"","fifu_image_alt":"","footnotes":""},"categories":[7,16],"tags":[],"class_list":{"0":"post-4362","1":"post","2":"type-post","3":"status-publish","4":"format-standard","6":"category-nacionales","7":"category-politi"},"yoast_head":"<title>Cristina Fern\u00e1ndez le tom\u00f3 juramento a los nuevos ministros - Informe Litoral<\/title>\n<meta name=\"robots\" content=\"index, follow, max-snippet:-1, max-image-preview:large, max-video-preview:-1\" \/>\n<link rel=\"canonical\" href=\"https:\/\/informelitoral.com.ar\/cristina-fernandez-le-tomo-juramento-a-los-nuevos-ministros\/\" \/>\n<meta property=\"og:locale\" content=\"es_ES\" \/>\n<meta property=\"og:type\" content=\"article\" \/>\n<meta property=\"og:title\" content=\"Cristina Fern\u00e1ndez le tom\u00f3 juramento a los nuevos ministros - Informe Litoral\" \/>\n<meta property=\"og:description\" content=\"La ceremonia se realiz&oacute; en el tradicional Sal&oacute;n Blanco de la Casa de Gobierno. Asumieron sus cargos Jorge Capitanich, Axel Kicillof y Carlos Casamiquela. La presidente volvi&oacute; a Balcarse 50 despu&eacute;s de 47 d&iacute;as y se mostr&oacute; nuevamente sin luto. La presidente&nbsp;Cristina Fern&aacute;ndez&nbsp;reapareci&oacute; este mi&eacute;rcoles en un acto p&uacute;blico, despu&eacute;s de 47 d&iacute;as,&nbsp;en el Sal&oacute;n [&hellip;]\" \/>\n<meta property=\"og:url\" content=\"https:\/\/informelitoral.com.ar\/cristina-fernandez-le-tomo-juramento-a-los-nuevos-ministros\/\" \/>\n<meta property=\"og:site_name\" content=\"Informe Litoral\" \/>\n<meta property=\"article:publisher\" content=\"https:\/\/www.facebook.com\/informelitoral\/\" \/>\n<meta property=\"article:published_time\" content=\"2013-11-21T11:01:29+00:00\" \/>\n<meta property=\"og:image\" content=\"http:\/\/www.minutouno.com\/adjuntos\/150\/imagenes\/003\/688\/0003688862.jpg\" \/>\n<meta name=\"author\" content=\"Gonzalo Schmidt\" \/>\n<meta name=\"twitter:card\" content=\"summary_large_image\" \/>\n<meta name=\"twitter:creator\" content=\"@InformeLitoral\" \/>\n<meta name=\"twitter:site\" content=\"@InformeLitoral\" \/>\n<meta name=\"twitter:label1\" content=\"Escrito por\" \/>\n\t<meta name=\"twitter:data1\" content=\"Gonzalo Schmidt\" \/>\n\t<meta name=\"twitter:label2\" content=\"Tiempo de lectura\" \/>\n\t<meta name=\"twitter:data2\" content=\"3 minutos\" \/>\n<script type=\"application\/ld+json\" class=\"yoast-schema-graph\">{\"@context\":\"https:\\\/\\\/schema.org\",\"@graph\":[{\"@type\":\"Article\",\"@id\":\"https:\\\/\\\/informelitoral.com.ar\\\/cristina-fernandez-le-tomo-juramento-a-los-nuevos-ministros\\\/#article\",\"isPartOf\":{\"@id\":\"https:\\\/\\\/informelitoral.com.ar\\\/cristina-fernandez-le-tomo-juramento-a-los-nuevos-ministros\\\/\"},\"author\":{\"name\":\"Gonzalo Schmidt\",\"@id\":\"https:\\\/\\\/informelitoral.com.ar\\\/#\\\/schema\\\/person\\\/b9d00407c836482871ef1d57bf8e3180\"},\"headline\":\"Cristina Fern\u00e1ndez le tom\u00f3 juramento a los nuevos ministros\",\"datePublished\":\"2013-11-21T11:01:29+00:00\",\"mainEntityOfPage\":{\"@id\":\"https:\\\/\\\/informelitoral.com.ar\\\/cristina-fernandez-le-tomo-juramento-a-los-nuevos-ministros\\\/\"},\"wordCount\":616,\"commentCount\":0,\"publisher\":{\"@id\":\"https:\\\/\\\/informelitoral.com.ar\\\/#organization\"},\"image\":{\"@id\":\"https:\\\/\\\/informelitoral.com.ar\\\/cristina-fernandez-le-tomo-juramento-a-los-nuevos-ministros\\\/#primaryimage\"},\"thumbnailUrl\":\"http:\\\/\\\/www.minutouno.com\\\/adjuntos\\\/150\\\/imagenes\\\/003\\\/688\\\/0003688862.jpg\",\"articleSection\":[\"Nacionales\",\"Politica\"],\"inLanguage\":\"es\",\"potentialAction\":[{\"@type\":\"CommentAction\",\"name\":\"Comment\",\"target\":[\"https:\\\/\\\/informelitoral.com.ar\\\/cristina-fernandez-le-tomo-juramento-a-los-nuevos-ministros\\\/#respond\"]}]},{\"@type\":\"WebPage\",\"@id\":\"https:\\\/\\\/informelitoral.com.ar\\\/cristina-fernandez-le-tomo-juramento-a-los-nuevos-ministros\\\/\",\"url\":\"https:\\\/\\\/informelitoral.com.ar\\\/cristina-fernandez-le-tomo-juramento-a-los-nuevos-ministros\\\/\",\"name\":\"Cristina Fern\u00e1ndez le tom\u00f3 juramento a los nuevos ministros - Informe Litoral\",\"isPartOf\":{\"@id\":\"https:\\\/\\\/informelitoral.com.ar\\\/#website\"},\"primaryImageOfPage\":{\"@id\":\"https:\\\/\\\/informelitoral.com.ar\\\/cristina-fernandez-le-tomo-juramento-a-los-nuevos-ministros\\\/#primaryimage\"},\"image\":{\"@id\":\"https:\\\/\\\/informelitoral.com.ar\\\/cristina-fernandez-le-tomo-juramento-a-los-nuevos-ministros\\\/#primaryimage\"},\"thumbnailUrl\":\"http:\\\/\\\/www.minutouno.com\\\/adjuntos\\\/150\\\/imagenes\\\/003\\\/688\\\/0003688862.jpg\",\"datePublished\":\"2013-11-21T11:01:29+00:00\",\"breadcrumb\":{\"@id\":\"https:\\\/\\\/informelitoral.com.ar\\\/cristina-fernandez-le-tomo-juramento-a-los-nuevos-ministros\\\/#breadcrumb\"},\"inLanguage\":\"es\",\"potentialAction\":[{\"@type\":\"ReadAction\",\"target\":[\"https:\\\/\\\/informelitoral.com.ar\\\/cristina-fernandez-le-tomo-juramento-a-los-nuevos-ministros\\\/\"]}]},{\"@type\":\"ImageObject\",\"inLanguage\":\"es\",\"@id\":\"https:\\\/\\\/informelitoral.com.ar\\\/cristina-fernandez-le-tomo-juramento-a-los-nuevos-ministros\\\/#primaryimage\",\"url\":\"http:\\\/\\\/www.minutouno.com\\\/adjuntos\\\/150\\\/imagenes\\\/003\\\/688\\\/0003688862.jpg\",\"contentUrl\":\"http:\\\/\\\/www.minutouno.com\\\/adjuntos\\\/150\\\/imagenes\\\/003\\\/688\\\/0003688862.jpg\"},{\"@type\":\"BreadcrumbList\",\"@id\":\"https:\\\/\\\/informelitoral.com.ar\\\/cristina-fernandez-le-tomo-juramento-a-los-nuevos-ministros\\\/#breadcrumb\",\"itemListElement\":[{\"@type\":\"ListItem\",\"position\":1,\"name\":\"Portada\",\"item\":\"https:\\\/\\\/informelitoral.com.ar\\\/\"},{\"@type\":\"ListItem\",\"position\":2,\"name\":\"Cristina Fern\u00e1ndez le tom\u00f3 juramento a los nuevos ministros\"}]},{\"@type\":\"WebSite\",\"@id\":\"https:\\\/\\\/informelitoral.com.ar\\\/#website\",\"url\":\"https:\\\/\\\/informelitoral.com.ar\\\/\",\"name\":\"Informe Litoral\",\"description\":\"&quot;Nos informamos&quot; \",\"publisher\":{\"@id\":\"https:\\\/\\\/informelitoral.com.ar\\\/#organization\"},\"potentialAction\":[{\"@type\":\"SearchAction\",\"target\":{\"@type\":\"EntryPoint\",\"urlTemplate\":\"https:\\\/\\\/informelitoral.com.ar\\\/?s={search_term_string}\"},\"query-input\":{\"@type\":\"PropertyValueSpecification\",\"valueRequired\":true,\"valueName\":\"search_term_string\"}}],\"inLanguage\":\"es\"},{\"@type\":\"Organization\",\"@id\":\"https:\\\/\\\/informelitoral.com.ar\\\/#organization\",\"name\":\"Informe Litoral\",\"url\":\"https:\\\/\\\/informelitoral.com.ar\\\/\",\"logo\":{\"@type\":\"ImageObject\",\"inLanguage\":\"es\",\"@id\":\"https:\\\/\\\/informelitoral.com.ar\\\/#\\\/schema\\\/logo\\\/image\\\/\",\"url\":\"https:\\\/\\\/informelitoral.com.ar\\\/%77%70%2d%63%6f%6e%74%65%6e%74\\\/uploads\\\/2021\\\/01\\\/circulo.png\",\"contentUrl\":\"https:\\\/\\\/informelitoral.com.ar\\\/%77%70%2d%63%6f%6e%74%65%6e%74\\\/uploads\\\/2021\\\/01\\\/circulo.png\",\"width\":723,\"height\":731,\"caption\":\"Informe Litoral\"},\"image\":{\"@id\":\"https:\\\/\\\/informelitoral.com.ar\\\/#\\\/schema\\\/logo\\\/image\\\/\"},\"sameAs\":[\"https:\\\/\\\/www.facebook.com\\\/informelitoral\\\/\",\"https:\\\/\\\/x.com\\\/InformeLitoral\",\"https:\\\/\\\/www.instagram.com\\\/informelitoral\\\/\",\"https:\\\/\\\/www.youtube.com\\\/channel\\\/UCua4Qvz8Icb6MYqhoq9xLXw\"]},{\"@type\":\"Person\",\"@id\":\"https:\\\/\\\/informelitoral.com.ar\\\/#\\\/schema\\\/person\\\/b9d00407c836482871ef1d57bf8e3180\",\"name\":\"Gonzalo Schmidt\",\"image\":{\"@type\":\"ImageObject\",\"inLanguage\":\"es\",\"@id\":\"https:\\\/\\\/secure.gravatar.com\\\/avatar\\\/31a1a7b66ff2de83bd0e9fd79d026630d2d99e55e8bfe501287647b4fd9743de?s=96&d=mm&r=g\",\"url\":\"https:\\\/\\\/secure.gravatar.com\\\/avatar\\\/31a1a7b66ff2de83bd0e9fd79d026630d2d99e55e8bfe501287647b4fd9743de?s=96&d=mm&r=g\",\"contentUrl\":\"https:\\\/\\\/secure.gravatar.com\\\/avatar\\\/31a1a7b66ff2de83bd0e9fd79d026630d2d99e55e8bfe501287647b4fd9743de?s=96&d=mm&r=g\",\"caption\":\"Gonzalo Schmidt\"},\"description\":\"Sitio web de noticias de la provincia de Entre R\u00edos, Argentina. Informaci\u00f3n y entretenimiento. Informe Litoral, nos informamos.\",\"sameAs\":[\"http:\\\/\\\/www.isletasnoticias.com.ar\"],\"url\":\"https:\\\/\\\/informelitoral.com.ar\\\/author\\\/gonzalo\\\/\"}]}<\/script>","yoast_head_json":{"title":"Cristina Fern\u00e1ndez le tom\u00f3 juramento a los nuevos ministros - Informe Litoral","robots":{"index":"index","follow":"follow","max-snippet":"max-snippet:-1","max-image-preview":"max-image-preview:large","max-video-preview":"max-video-preview:-1"},"canonical":"https:\/\/informelitoral.com.ar\/cristina-fernandez-le-tomo-juramento-a-los-nuevos-ministros\/","og_locale":"es_ES","og_type":"article","og_title":"Cristina Fern\u00e1ndez le tom\u00f3 juramento a los nuevos ministros - Informe Litoral","og_description":"La ceremonia se realiz&oacute; en el tradicional Sal&oacute;n Blanco de la Casa de Gobierno. Asumieron sus cargos Jorge Capitanich, Axel Kicillof y Carlos Casamiquela. La presidente volvi&oacute; a Balcarse 50 despu&eacute;s de 47 d&iacute;as y se mostr&oacute; nuevamente sin luto. La presidente&nbsp;Cristina Fern&aacute;ndez&nbsp;reapareci&oacute; este mi&eacute;rcoles en un acto p&uacute;blico, despu&eacute;s de 47 d&iacute;as,&nbsp;en el Sal&oacute;n [&hellip;]","og_url":"https:\/\/informelitoral.com.ar\/cristina-fernandez-le-tomo-juramento-a-los-nuevos-ministros\/","og_site_name":"Informe Litoral","article_publisher":"https:\/\/www.facebook.com\/informelitoral\/","article_published_time":"2013-11-21T11:01:29+00:00","og_image":[{"url":"http:\/\/www.minutouno.com\/adjuntos\/150\/imagenes\/003\/688\/0003688862.jpg","type":"","width":"","height":""}],"author":"Gonzalo Schmidt","twitter_card":"summary_large_image","twitter_creator":"@InformeLitoral","twitter_site":"@InformeLitoral","twitter_misc":{"Escrito por":"Gonzalo Schmidt","Tiempo de lectura":"3 minutos"},"schema":{"@context":"https:\/\/schema.org","@graph":[{"@type":"Article","@id":"https:\/\/informelitoral.com.ar\/cristina-fernandez-le-tomo-juramento-a-los-nuevos-ministros\/#article","isPartOf":{"@id":"https:\/\/informelitoral.com.ar\/cristina-fernandez-le-tomo-juramento-a-los-nuevos-ministros\/"},"author":{"name":"Gonzalo Schmidt","@id":"https:\/\/informelitoral.com.ar\/#\/schema\/person\/b9d00407c836482871ef1d57bf8e3180"},"headline":"Cristina Fern\u00e1ndez le tom\u00f3 juramento a los nuevos ministros","datePublished":"2013-11-21T11:01:29+00:00","mainEntityOfPage":{"@id":"https:\/\/informelitoral.com.ar\/cristina-fernandez-le-tomo-juramento-a-los-nuevos-ministros\/"},"wordCount":616,"commentCount":0,"publisher":{"@id":"https:\/\/informelitoral.com.ar\/#organization"},"image":{"@id":"https:\/\/informelitoral.com.ar\/cristina-fernandez-le-tomo-juramento-a-los-nuevos-ministros\/#primaryimage"},"thumbnailUrl":"http:\/\/www.minutouno.com\/adjuntos\/150\/imagenes\/003\/688\/0003688862.jpg","articleSection":["Nacionales","Politica"],"inLanguage":"es","potentialAction":[{"@type":"CommentAction","name":"Comment","target":["https:\/\/informelitoral.com.ar\/cristina-fernandez-le-tomo-juramento-a-los-nuevos-ministros\/#respond"]}]},{"@type":"WebPage","@id":"https:\/\/informelitoral.com.ar\/cristina-fernandez-le-tomo-juramento-a-los-nuevos-ministros\/","url":"https:\/\/informelitoral.com.ar\/cristina-fernandez-le-tomo-juramento-a-los-nuevos-ministros\/","name":"Cristina Fern\u00e1ndez le tom\u00f3 juramento a los nuevos ministros - Informe Litoral","isPartOf":{"@id":"https:\/\/informelitoral.com.ar\/#website"},"primaryImageOfPage":{"@id":"https:\/\/informelitoral.com.ar\/cristina-fernandez-le-tomo-juramento-a-los-nuevos-ministros\/#primaryimage"},"image":{"@id":"https:\/\/informelitoral.com.ar\/cristina-fernandez-le-tomo-juramento-a-los-nuevos-ministros\/#primaryimage"},"thumbnailUrl":"http:\/\/www.minutouno.com\/adjuntos\/150\/imagenes\/003\/688\/0003688862.jpg","datePublished":"2013-11-21T11:01:29+00:00","breadcrumb":{"@id":"https:\/\/informelitoral.com.ar\/cristina-fernandez-le-tomo-juramento-a-los-nuevos-ministros\/#breadcrumb"},"inLanguage":"es","potentialAction":[{"@type":"ReadAction","target":["https:\/\/informelitoral.com.ar\/cristina-fernandez-le-tomo-juramento-a-los-nuevos-ministros\/"]}]},{"@type":"ImageObject","inLanguage":"es","@id":"https:\/\/informelitoral.com.ar\/cristina-fernandez-le-tomo-juramento-a-los-nuevos-ministros\/#primaryimage","url":"http:\/\/www.minutouno.com\/adjuntos\/150\/imagenes\/003\/688\/0003688862.jpg","contentUrl":"http:\/\/www.minutouno.com\/adjuntos\/150\/imagenes\/003\/688\/0003688862.jpg"},{"@type":"BreadcrumbList","@id":"https:\/\/informelitoral.com.ar\/cristina-fernandez-le-tomo-juramento-a-los-nuevos-ministros\/#breadcrumb","itemListElement":[{"@type":"ListItem","position":1,"name":"Portada","item":"https:\/\/informelitoral.com.ar\/"},{"@type":"ListItem","position":2,"name":"Cristina Fern\u00e1ndez le tom\u00f3 juramento a los nuevos ministros"}]},{"@type":"WebSite","@id":"https:\/\/informelitoral.com.ar\/#website","url":"https:\/\/informelitoral.com.ar\/","name":"Informe Litoral","description":"&quot;Nos informamos&quot; ","publisher":{"@id":"https:\/\/informelitoral.com.ar\/#organization"},"potentialAction":[{"@type":"SearchAction","target":{"@type":"EntryPoint","urlTemplate":"https:\/\/informelitoral.com.ar\/?s={search_term_string}"},"query-input":{"@type":"PropertyValueSpecification","valueRequired":true,"valueName":"search_term_string"}}],"inLanguage":"es"},{"@type":"Organization","@id":"https:\/\/informelitoral.com.ar\/#organization","name":"Informe Litoral","url":"https:\/\/informelitoral.com.ar\/","logo":{"@type":"ImageObject","inLanguage":"es","@id":"https:\/\/informelitoral.com.ar\/#\/schema\/logo\/image\/","url":"https:\/\/informelitoral.com.ar\/%77%70%2d%63%6f%6e%74%65%6e%74\/uploads\/2021\/01\/circulo.png","contentUrl":"https:\/\/informelitoral.com.ar\/%77%70%2d%63%6f%6e%74%65%6e%74\/uploads\/2021\/01\/circulo.png","width":723,"height":731,"caption":"Informe Litoral"},"image":{"@id":"https:\/\/informelitoral.com.ar\/#\/schema\/logo\/image\/"},"sameAs":["https:\/\/www.facebook.com\/informelitoral\/","https:\/\/x.com\/InformeLitoral","https:\/\/www.instagram.com\/informelitoral\/","https:\/\/www.youtube.com\/channel\/UCua4Qvz8Icb6MYqhoq9xLXw"]},{"@type":"Person","@id":"https:\/\/informelitoral.com.ar\/#\/schema\/person\/b9d00407c836482871ef1d57bf8e3180","name":"Gonzalo Schmidt","image":{"@type":"ImageObject","inLanguage":"es","@id":"https:\/\/secure.gravatar.com\/avatar\/31a1a7b66ff2de83bd0e9fd79d026630d2d99e55e8bfe501287647b4fd9743de?s=96&d=mm&r=g","url":"https:\/\/secure.gravatar.com\/avatar\/31a1a7b66ff2de83bd0e9fd79d026630d2d99e55e8bfe501287647b4fd9743de?s=96&d=mm&r=g","contentUrl":"https:\/\/secure.gravatar.com\/avatar\/31a1a7b66ff2de83bd0e9fd79d026630d2d99e55e8bfe501287647b4fd9743de?s=96&d=mm&r=g","caption":"Gonzalo Schmidt"},"description":"Sitio web de noticias de la provincia de Entre R\u00edos, Argentina. Informaci\u00f3n y entretenimiento. Informe Litoral, nos informamos.","sameAs":["http:\/\/www.isletasnoticias.com.ar"],"url":"https:\/\/informelitoral.com.ar\/author\/gonzalo\/"}]}},"_links":{"self":[{"href":"https:\/\/informelitoral.com.ar\/%77%70%2d%6a%73%6f%6e\/wp\/v2\/posts\/4362","targetHints":{"allow":["GET"]}}],"collection":[{"href":"https:\/\/informelitoral.com.ar\/%77%70%2d%6a%73%6f%6e\/wp\/v2\/posts"}],"about":[{"href":"https:\/\/informelitoral.com.ar\/%77%70%2d%6a%73%6f%6e\/wp\/v2\/types\/post"}],"author":[{"embeddable":true,"href":"https:\/\/informelitoral.com.ar\/%77%70%2d%6a%73%6f%6e\/wp\/v2\/users\/2"}],"replies":[{"embeddable":true,"href":"https:\/\/informelitoral.com.ar\/%77%70%2d%6a%73%6f%6e\/wp\/v2\/comments?post=4362"}],"version-history":[{"count":0,"href":"https:\/\/informelitoral.com.ar\/%77%70%2d%6a%73%6f%6e\/wp\/v2\/posts\/4362\/revisions"}],"wp:attachment":[{"href":"https:\/\/informelitoral.com.ar\/%77%70%2d%6a%73%6f%6e\/wp\/v2\/media?parent=4362"}],"wp:term":[{"taxonomy":"category","embeddable":true,"href":"https:\/\/informelitoral.com.ar\/%77%70%2d%6a%73%6f%6e\/wp\/v2\/categories?post=4362"},{"taxonomy":"post_tag","embeddable":true,"href":"https:\/\/informelitoral.com.ar\/%77%70%2d%6a%73%6f%6e\/wp\/v2\/tags?post=4362"}],"curies":[{"name":"wp","href":"https:\/\/api.w.org\/{rel}","templated":true}]}}