{"id":43455,"date":"2020-05-22T08:01:33","date_gmt":"2020-05-22T11:01:33","guid":{"rendered":"https:\/\/www.isletasnoticias.com.ar\/?p=43455"},"modified":"2020-05-22T08:33:57","modified_gmt":"2020-05-22T11:33:57","slug":"gustavo-vergara-no-estamos-de-acuerdo-con-la-alternativa-propuesta-por-el-gobierno-provincial","status":"publish","type":"post","link":"https:\/\/informelitoral.com.ar\/gustavo-vergara-no-estamos-de-acuerdo-con-la-alternativa-propuesta-por-el-gobierno-provincial\/","title":{"rendered":"Gustavo Vergara: \u00abNo estamos de acuerdo con la alternativa propuesta por el gobierno provincial\u00bb"},"content":{"rendered":"<p>El intendente de General Ram\u00edrez,<strong><a href=\"https:\/\/www.isletasnoticias.com.ar\/gustavo-vergara-la-ciudad-esta-normalizada-en-la-cuestion-comercial-industrial-y-de-servicios\/\"> Gustavo Vergara<\/a><\/strong> estuvo entre los <a href=\"https:\/\/www.isletasnoticias.com.ar\/tras-los-reclamos-ministros-de-bordet-recibieron-a-intendentes-de-cambiemos\/\">presidentes municipales de Cambiemos que fueron recibidos por la vicegobernadora,<strong> Laura Stratta<\/strong> y ministros del Ejecutivo provincial.<\/a><\/p>\n<p><a href=\"https:\/\/www.isletasnoticias.com.ar\/%77%70%2d%63%6f%6e%74%65%6e%74\/uploads\/2020\/03\/gustavo-vergara-apertura-de-sesiones.jpg\"><img loading=\"lazy\" decoding=\"async\" class=\"aligncenter wp-image-40653 size-full\" src=\"https:\/\/www.isletasnoticias.com.ar\/%77%70%2d%63%6f%6e%74%65%6e%74\/uploads\/2020\/03\/gustavo-vergara-apertura-de-sesiones.jpg\" alt=\"\" width=\"960\" height=\"640\" srcset=\"https:\/\/informelitoral.com.ar\/%77%70%2d%63%6f%6e%74%65%6e%74\/uploads\/2020\/03\/gustavo-vergara-apertura-de-sesiones.jpg 960w, https:\/\/informelitoral.com.ar\/%77%70%2d%63%6f%6e%74%65%6e%74\/uploads\/2020\/03\/gustavo-vergara-apertura-de-sesiones-300x200.jpg 300w, https:\/\/informelitoral.com.ar\/%77%70%2d%63%6f%6e%74%65%6e%74\/uploads\/2020\/03\/gustavo-vergara-apertura-de-sesiones-768x512.jpg 768w, https:\/\/informelitoral.com.ar\/%77%70%2d%63%6f%6e%74%65%6e%74\/uploads\/2020\/03\/gustavo-vergara-apertura-de-sesiones-696x464.jpg 696w, https:\/\/informelitoral.com.ar\/%77%70%2d%63%6f%6e%74%65%6e%74\/uploads\/2020\/03\/gustavo-vergara-apertura-de-sesiones-630x420.jpg 630w\" sizes=\"auto, (max-width: 960px) 100vw, 960px\" \/><\/a><\/p>\n<p>Si bien desde las dos partes se destac\u00f3 el di\u00e1logo y el trabajo en conjunto, los dirigentes municipales no se habr\u00edan retirado totalmente satisfechos, ya que<strong> insisten con la coparticipaci\u00f3n de los Aportes del Tesoro Nacional -ATN- y todo recurso extraordinario que env\u00ede Naci\u00f3n<\/strong> en el marco de crisis econ\u00f3mica derivada de la pandemia.<\/p>\n<p>En ese marco, Vergara coment\u00f3 que se trataron temas centrales de la agenda com\u00fan y <strong>\u00abplanteamos nuestra postura en defensa de los intereses de nuestros vecinos\u00bb.<\/strong><\/p>\n<h3><span style=\"background-color: #ffff00;\"><strong>Insisten con la coparticipaci\u00f3n de los recursos extraordinarios que env\u00eda Naci\u00f3n<\/strong><\/span><\/h3>\n<h3><span style=\"background-color: #ffff00;\"><strong> <a href=\"https:\/\/www.isletasnoticias.com.ar\/%77%70%2d%63%6f%6e%74%65%6e%74\/uploads\/2020\/05\/gustavo-vergara-reunion-provincia.jpg\"><img loading=\"lazy\" decoding=\"async\" class=\"aligncenter wp-image-43456 size-full\" src=\"https:\/\/www.isletasnoticias.com.ar\/%77%70%2d%63%6f%6e%74%65%6e%74\/uploads\/2020\/05\/gustavo-vergara-reunion-provincia.jpg\" alt=\"\" width=\"960\" height=\"581\" srcset=\"https:\/\/informelitoral.com.ar\/%77%70%2d%63%6f%6e%74%65%6e%74\/uploads\/2020\/05\/gustavo-vergara-reunion-provincia.jpg 960w, https:\/\/informelitoral.com.ar\/%77%70%2d%63%6f%6e%74%65%6e%74\/uploads\/2020\/05\/gustavo-vergara-reunion-provincia-300x182.jpg 300w, https:\/\/informelitoral.com.ar\/%77%70%2d%63%6f%6e%74%65%6e%74\/uploads\/2020\/05\/gustavo-vergara-reunion-provincia-768x465.jpg 768w, https:\/\/informelitoral.com.ar\/%77%70%2d%63%6f%6e%74%65%6e%74\/uploads\/2020\/05\/gustavo-vergara-reunion-provincia-696x421.jpg 696w, https:\/\/informelitoral.com.ar\/%77%70%2d%63%6f%6e%74%65%6e%74\/uploads\/2020\/05\/gustavo-vergara-reunion-provincia-694x420.jpg 694w\" sizes=\"auto, (max-width: 960px) 100vw, 960px\" \/><\/a><\/strong><\/span><\/h3>\n<p>\u00ab<strong>Nuevamente solicitamos que el gobierno entrerriano redistribuya una parte de los recursos extraordinarios que env\u00eda el Gobierno Nacional para enfrentar la crisis, a las co<\/strong><span class=\"text_exposed_show\"><strong>munas y municipios.<\/strong> Esta medida \u2013 que no se lleva adelante en Entre R\u00edos &#8211; es aplicada con justicia por el resto de las provincias argentinas, en un contexto econ\u00f3mico que debemos enfrentar unidos y en forma mancomunada\u00bb, remarc\u00f3 el intendente.\u00a0<\/span><\/p>\n<p>Sobre la propuesta que present\u00f3 la Provincia respecto a la distribuci\u00f3n de fondos, Gustavo Vergara fue claro: \u00ab<strong>No estamos de acuerdo con la alternativa propuesta por el gobierno provincial,<\/strong> <strong>que consiste en gestionar adelantos de coparticipaci\u00f3n solo cuando existan problemas para el pago de salarios<\/strong>\u00ab.<\/p>\n<p>Seg\u00fan el mandatario ramirense es solo \u00abuna soluci\u00f3n que estira el problema para <strong>los municipios que realizan el esfuerzo solidario para colaborar con los controles de las fuerzas de seguridad, con el sistema de salud o resolver las problem\u00e1ticas sociales urgentes que surgen diariamente<\/strong>\u00ab.<\/p>\n<div class=\"text_exposed_show\">\n<p>En este sentido, \u00abinsistimos en la conformaci\u00f3n de la <strong>Comisi\u00f3n de Seguimiento de la Coparticipaci\u00f3n<\/strong> -integrada por provincia y municipios- tal como se hab\u00eda acordado en un encuentro anterior y que aguarda la elaboraci\u00f3n del decreto correspondiente por parte del Ministerio de Econom\u00eda Provincial\u00bb.<\/p>\n<h3><strong>Gesti\u00f3n de obras <a href=\"https:\/\/www.isletasnoticias.com.ar\/%77%70%2d%63%6f%6e%74%65%6e%74\/uploads\/2020\/05\/86180969_1532117593605824_4412754364616146944_n.jpg\"><img loading=\"lazy\" decoding=\"async\" class=\"aligncenter wp-image-43465 size-full\" src=\"https:\/\/www.isletasnoticias.com.ar\/%77%70%2d%63%6f%6e%74%65%6e%74\/uploads\/2020\/05\/86180969_1532117593605824_4412754364616146944_n.jpg\" alt=\"\" width=\"960\" height=\"640\" srcset=\"https:\/\/informelitoral.com.ar\/%77%70%2d%63%6f%6e%74%65%6e%74\/uploads\/2020\/05\/86180969_1532117593605824_4412754364616146944_n.jpg 960w, https:\/\/informelitoral.com.ar\/%77%70%2d%63%6f%6e%74%65%6e%74\/uploads\/2020\/05\/86180969_1532117593605824_4412754364616146944_n-300x200.jpg 300w, https:\/\/informelitoral.com.ar\/%77%70%2d%63%6f%6e%74%65%6e%74\/uploads\/2020\/05\/86180969_1532117593605824_4412754364616146944_n-768x512.jpg 768w, https:\/\/informelitoral.com.ar\/%77%70%2d%63%6f%6e%74%65%6e%74\/uploads\/2020\/05\/86180969_1532117593605824_4412754364616146944_n-696x464.jpg 696w, https:\/\/informelitoral.com.ar\/%77%70%2d%63%6f%6e%74%65%6e%74\/uploads\/2020\/05\/86180969_1532117593605824_4412754364616146944_n-630x420.jpg 630w\" sizes=\"auto, (max-width: 960px) 100vw, 960px\" \/><\/a><\/strong><\/h3>\n<p>Por otra parte los integrantes del Foro de Intendentes de Cambiemos tambi\u00e9n plantearon la necesidad de que se contin\u00faen con las diferentes obras previstas.<\/p>\n<p>\u00abReiteramos temas pendientes de la agenda de trabajo planteada en febrero con el Gobernador, tales como la <strong>firma de convenios para el programa Crecer<\/strong> permitiendo que el <strong>apoyo a microemprendedores<\/strong> llegue a nuestras ciudades, la d<strong>istribuci\u00f3n institucional de las ayudas alimentarias<\/strong> a trav\u00e9s de las \u00e1reas sociales de cada municipalidad y la firma del<strong> convenio marco con la Direcci\u00f3n Provincial de Vialidad<\/strong>\u00ab, este \u00faltimo fue pactado en el mes de febrero y <a href=\"https:\/\/www.isletasnoticias.com.ar\/vialidad-provincial-prometio-colaborar-en-el-arreglo-de-calles-de-general-ramirez\/\">preve\u00eda la entrega de brosa y asfalto en caliente a los municipios.<\/a><\/p>\n<p>Finalmente solicitaron la asistencia del Estado provincial para lograr que todos los municipios puedan ejecutar el<strong> plan \u201cArgentina Hace\u201d<\/strong> del Ministerio de Obras P\u00fablicas de la Naci\u00f3n. Al respecto la vicegobernadora Laura Stratta les confirm\u00f3 que <strong>cada localidad ejecutar\u00e1 una obra definida como prioritaria por su municipio.<\/strong><\/p>\n<p>\u00ab<strong>Celebramos el dialogo y aguardamos respuestas concretas para nuestros vecinos<\/strong>\u00ab, concluy\u00f3 el intendente de General Ram\u00edrez. <em>(IN)<\/em><\/p>\n<h3><em><strong>NOTAS RELACIONADAS:<\/strong><\/em><\/h3>\n<blockquote class=\"wp-embedded-content\" data-secret=\"mPE2gqNxpB\"><p><a href=\"https:\/\/www.isletasnoticias.com.ar\/general-ramirez-piden-que-la-provincia-coparticipe-los-atn\/\">General Ram\u00edrez: piden que la Provincia coparticipe los ATN<\/a><\/p><\/blockquote>\n<p><iframe loading=\"lazy\" title=\"\u00abGeneral Ram\u00edrez: piden que la Provincia coparticipe los ATN\u00bb \u2014 Isletas Noticias\" class=\"wp-embedded-content\" sandbox=\"allow-scripts\" security=\"restricted\" style=\"position: absolute; clip: rect(1px, 1px, 1px, 1px);\" src=\"https:\/\/www.isletasnoticias.com.ar\/general-ramirez-piden-que-la-provincia-coparticipe-los-atn\/embed\/#?secret=mPE2gqNxpB\" data-secret=\"mPE2gqNxpB\" width=\"600\" height=\"338\" frameborder=\"0\" marginwidth=\"0\" marginheight=\"0\" scrolling=\"no\"><\/iframe><\/p>\n<blockquote class=\"wp-embedded-content\" data-secret=\"eNUgbSmqNW\"><p><a href=\"https:\/\/www.isletasnoticias.com.ar\/general-ramirez-concejales-del-pj-explicaron-porque-eligieron-priorizar-las-finanzas-de-provincia\/\">General Ram\u00edrez: concejales del PJ explicaron porqu\u00e9 eligieron priorizar las finanzas de Provincia<\/a><\/p><\/blockquote>\n<p><iframe loading=\"lazy\" title=\"\u00abGeneral Ram\u00edrez: concejales del PJ explicaron porqu\u00e9 eligieron priorizar las finanzas de Provincia\u00bb \u2014 Isletas Noticias\" class=\"wp-embedded-content\" sandbox=\"allow-scripts\" security=\"restricted\" style=\"position: absolute; clip: rect(1px, 1px, 1px, 1px);\" src=\"https:\/\/www.isletasnoticias.com.ar\/general-ramirez-concejales-del-pj-explicaron-porque-eligieron-priorizar-las-finanzas-de-provincia\/embed\/#?secret=eNUgbSmqNW\" data-secret=\"eNUgbSmqNW\" width=\"600\" height=\"338\" frameborder=\"0\" marginwidth=\"0\" marginheight=\"0\" scrolling=\"no\"><\/iframe><\/p>\n<blockquote class=\"wp-embedded-content\" data-secret=\"8Mt9jka7W5\"><p><a href=\"https:\/\/www.isletasnoticias.com.ar\/vialidad-provincial-prometio-colaborar-en-el-arreglo-de-calles-de-general-ramirez\/\">Vialidad Provincial prometi\u00f3 colaborar en el arreglo de calles de General Ram\u00edrez<\/a><\/p><\/blockquote>\n<p><iframe loading=\"lazy\" title=\"\u00abVialidad Provincial prometi\u00f3 colaborar en el arreglo de calles de General Ram\u00edrez\u00bb \u2014 Isletas Noticias\" class=\"wp-embedded-content\" sandbox=\"allow-scripts\" security=\"restricted\" style=\"position: absolute; clip: rect(1px, 1px, 1px, 1px);\" src=\"https:\/\/www.isletasnoticias.com.ar\/vialidad-provincial-prometio-colaborar-en-el-arreglo-de-calles-de-general-ramirez\/embed\/#?secret=8Mt9jka7W5\" data-secret=\"8Mt9jka7W5\" width=\"600\" height=\"338\" frameborder=\"0\" marginwidth=\"0\" marginheight=\"0\" scrolling=\"no\"><\/iframe><\/p>\n<\/div>\n","protected":false},"excerpt":{"rendered":"<p>Lo afirm\u00f3 el intendente de General Ram\u00edrez en relaci\u00f3n a la negativa de la administraci\u00f3n provincial de coparticipar los recursos extraordinarios que env\u00eda Naci\u00f3n. Es tras la reuni\u00f3n de los mandatarios de Cambiemos con la vicegobernadora y cuatro ministros. <\/p>\n","protected":false},"author":2,"featured_media":43456,"comment_status":"open","ping_status":"open","sticky":false,"template":"","format":"standard","meta":{"fifu_image_url":"","fifu_image_alt":"","footnotes":""},"categories":[5,16],"tags":[1288,556,249,263,1433,27],"class_list":{"0":"post-43455","1":"post","2":"type-post","3":"status-publish","4":"format-standard","5":"has-post-thumbnail","7":"category-zonales","8":"category-politi","9":"tag-crisis-economica","10":"tag-general-ramirez","11":"tag-gobierno-provincial","12":"tag-gustavo-vergara","13":"tag-municipalidad-de-general-ramirez","14":"tag-ramirez"},"yoast_head":"<title>Gustavo Vergara: &quot;No estamos de acuerdo con la alternativa propuesta por el gobierno provincial&quot; - Informe Litoral<\/title>\n<meta name=\"robots\" content=\"index, follow, max-snippet:-1, max-image-preview:large, max-video-preview:-1\" \/>\n<link rel=\"canonical\" href=\"https:\/\/informelitoral.com.ar\/gustavo-vergara-no-estamos-de-acuerdo-con-la-alternativa-propuesta-por-el-gobierno-provincial\/\" \/>\n<meta property=\"og:locale\" content=\"es_ES\" \/>\n<meta property=\"og:type\" content=\"article\" \/>\n<meta property=\"og:title\" content=\"Gustavo Vergara: &quot;No estamos de acuerdo con la alternativa propuesta por el gobierno provincial&quot; - Informe Litoral\" \/>\n<meta property=\"og:description\" content=\"Lo afirm\u00f3 el intendente de General Ram\u00edrez en relaci\u00f3n a la negativa de la administraci\u00f3n provincial de coparticipar los recursos extraordinarios que env\u00eda Naci\u00f3n. Es tras la reuni\u00f3n de los mandatarios de Cambiemos con la vicegobernadora y cuatro ministros.\" \/>\n<meta property=\"og:url\" content=\"https:\/\/informelitoral.com.ar\/gustavo-vergara-no-estamos-de-acuerdo-con-la-alternativa-propuesta-por-el-gobierno-provincial\/\" \/>\n<meta property=\"og:site_name\" content=\"Informe Litoral\" \/>\n<meta property=\"article:publisher\" content=\"https:\/\/www.facebook.com\/informelitoral\/\" \/>\n<meta property=\"article:published_time\" content=\"2020-05-22T11:01:33+00:00\" \/>\n<meta property=\"article:modified_time\" content=\"2020-05-22T11:33:57+00:00\" \/>\n<meta property=\"og:image\" content=\"https:\/\/informelitoral.com.ar\/%77%70%2d%63%6f%6e%74%65%6e%74\/uploads\/2020\/05\/gustavo-vergara-reunion-provincia.jpg\" \/>\n\t<meta property=\"og:image:width\" content=\"960\" \/>\n\t<meta property=\"og:image:height\" content=\"581\" \/>\n\t<meta property=\"og:image:type\" content=\"image\/jpeg\" \/>\n<meta name=\"author\" content=\"Gonzalo Schmidt\" \/>\n<meta name=\"twitter:card\" content=\"summary_large_image\" \/>\n<meta name=\"twitter:creator\" content=\"@InformeLitoral\" \/>\n<meta name=\"twitter:site\" content=\"@InformeLitoral\" \/>\n<meta name=\"twitter:label1\" content=\"Escrito por\" \/>\n\t<meta name=\"twitter:data1\" content=\"Gonzalo Schmidt\" \/>\n\t<meta name=\"twitter:label2\" content=\"Tiempo de lectura\" \/>\n\t<meta name=\"twitter:data2\" content=\"3 minutos\" \/>\n<script type=\"application\/ld+json\" class=\"yoast-schema-graph\">{\"@context\":\"https:\\\/\\\/schema.org\",\"@graph\":[{\"@type\":\"Article\",\"@id\":\"https:\\\/\\\/informelitoral.com.ar\\\/gustavo-vergara-no-estamos-de-acuerdo-con-la-alternativa-propuesta-por-el-gobierno-provincial\\\/#article\",\"isPartOf\":{\"@id\":\"https:\\\/\\\/informelitoral.com.ar\\\/gustavo-vergara-no-estamos-de-acuerdo-con-la-alternativa-propuesta-por-el-gobierno-provincial\\\/\"},\"author\":{\"name\":\"Gonzalo Schmidt\",\"@id\":\"https:\\\/\\\/informelitoral.com.ar\\\/#\\\/schema\\\/person\\\/b9d00407c836482871ef1d57bf8e3180\"},\"headline\":\"Gustavo Vergara: \u00abNo estamos de acuerdo con la alternativa propuesta por el gobierno provincial\u00bb\",\"datePublished\":\"2020-05-22T11:01:33+00:00\",\"dateModified\":\"2020-05-22T11:33:57+00:00\",\"mainEntityOfPage\":{\"@id\":\"https:\\\/\\\/informelitoral.com.ar\\\/gustavo-vergara-no-estamos-de-acuerdo-con-la-alternativa-propuesta-por-el-gobierno-provincial\\\/\"},\"wordCount\":560,\"commentCount\":0,\"publisher\":{\"@id\":\"https:\\\/\\\/informelitoral.com.ar\\\/#organization\"},\"image\":{\"@id\":\"https:\\\/\\\/informelitoral.com.ar\\\/gustavo-vergara-no-estamos-de-acuerdo-con-la-alternativa-propuesta-por-el-gobierno-provincial\\\/#primaryimage\"},\"thumbnailUrl\":\"https:\\\/\\\/informelitoral.com.ar\\\/%77%70%2d%63%6f%6e%74%65%6e%74\\\/uploads\\\/2020\\\/05\\\/gustavo-vergara-reunion-provincia.jpg\",\"keywords\":[\"Crisis econ\u00f3mica\",\"General Ram\u00edrez\",\"Gobierno provincial\",\"Gustavo Vergara\",\"Municipalidad de General Ram\u00edrez\",\"Ram\u00edrez\"],\"articleSection\":[\"Departamento Diamante\",\"Politica\"],\"inLanguage\":\"es\",\"potentialAction\":[{\"@type\":\"CommentAction\",\"name\":\"Comment\",\"target\":[\"https:\\\/\\\/informelitoral.com.ar\\\/gustavo-vergara-no-estamos-de-acuerdo-con-la-alternativa-propuesta-por-el-gobierno-provincial\\\/#respond\"]}]},{\"@type\":\"WebPage\",\"@id\":\"https:\\\/\\\/informelitoral.com.ar\\\/gustavo-vergara-no-estamos-de-acuerdo-con-la-alternativa-propuesta-por-el-gobierno-provincial\\\/\",\"url\":\"https:\\\/\\\/informelitoral.com.ar\\\/gustavo-vergara-no-estamos-de-acuerdo-con-la-alternativa-propuesta-por-el-gobierno-provincial\\\/\",\"name\":\"Gustavo Vergara: \\\"No estamos de acuerdo con la alternativa propuesta por el gobierno provincial\\\" - Informe Litoral\",\"isPartOf\":{\"@id\":\"https:\\\/\\\/informelitoral.com.ar\\\/#website\"},\"primaryImageOfPage\":{\"@id\":\"https:\\\/\\\/informelitoral.com.ar\\\/gustavo-vergara-no-estamos-de-acuerdo-con-la-alternativa-propuesta-por-el-gobierno-provincial\\\/#primaryimage\"},\"image\":{\"@id\":\"https:\\\/\\\/informelitoral.com.ar\\\/gustavo-vergara-no-estamos-de-acuerdo-con-la-alternativa-propuesta-por-el-gobierno-provincial\\\/#primaryimage\"},\"thumbnailUrl\":\"https:\\\/\\\/informelitoral.com.ar\\\/%77%70%2d%63%6f%6e%74%65%6e%74\\\/uploads\\\/2020\\\/05\\\/gustavo-vergara-reunion-provincia.jpg\",\"datePublished\":\"2020-05-22T11:01:33+00:00\",\"dateModified\":\"2020-05-22T11:33:57+00:00\",\"breadcrumb\":{\"@id\":\"https:\\\/\\\/informelitoral.com.ar\\\/gustavo-vergara-no-estamos-de-acuerdo-con-la-alternativa-propuesta-por-el-gobierno-provincial\\\/#breadcrumb\"},\"inLanguage\":\"es\",\"potentialAction\":[{\"@type\":\"ReadAction\",\"target\":[\"https:\\\/\\\/informelitoral.com.ar\\\/gustavo-vergara-no-estamos-de-acuerdo-con-la-alternativa-propuesta-por-el-gobierno-provincial\\\/\"]}]},{\"@type\":\"ImageObject\",\"inLanguage\":\"es\",\"@id\":\"https:\\\/\\\/informelitoral.com.ar\\\/gustavo-vergara-no-estamos-de-acuerdo-con-la-alternativa-propuesta-por-el-gobierno-provincial\\\/#primaryimage\",\"url\":\"https:\\\/\\\/informelitoral.com.ar\\\/%77%70%2d%63%6f%6e%74%65%6e%74\\\/uploads\\\/2020\\\/05\\\/gustavo-vergara-reunion-provincia.jpg\",\"contentUrl\":\"https:\\\/\\\/informelitoral.com.ar\\\/%77%70%2d%63%6f%6e%74%65%6e%74\\\/uploads\\\/2020\\\/05\\\/gustavo-vergara-reunion-provincia.jpg\",\"width\":960,\"height\":581},{\"@type\":\"BreadcrumbList\",\"@id\":\"https:\\\/\\\/informelitoral.com.ar\\\/gustavo-vergara-no-estamos-de-acuerdo-con-la-alternativa-propuesta-por-el-gobierno-provincial\\\/#breadcrumb\",\"itemListElement\":[{\"@type\":\"ListItem\",\"position\":1,\"name\":\"Portada\",\"item\":\"https:\\\/\\\/informelitoral.com.ar\\\/\"},{\"@type\":\"ListItem\",\"position\":2,\"name\":\"Gustavo Vergara: \u00abNo estamos de acuerdo con la alternativa propuesta por el gobierno provincial\u00bb\"}]},{\"@type\":\"WebSite\",\"@id\":\"https:\\\/\\\/informelitoral.com.ar\\\/#website\",\"url\":\"https:\\\/\\\/informelitoral.com.ar\\\/\",\"name\":\"Informe Litoral\",\"description\":\"&quot;Nos informamos&quot; \",\"publisher\":{\"@id\":\"https:\\\/\\\/informelitoral.com.ar\\\/#organization\"},\"potentialAction\":[{\"@type\":\"SearchAction\",\"target\":{\"@type\":\"EntryPoint\",\"urlTemplate\":\"https:\\\/\\\/informelitoral.com.ar\\\/?s={search_term_string}\"},\"query-input\":{\"@type\":\"PropertyValueSpecification\",\"valueRequired\":true,\"valueName\":\"search_term_string\"}}],\"inLanguage\":\"es\"},{\"@type\":\"Organization\",\"@id\":\"https:\\\/\\\/informelitoral.com.ar\\\/#organization\",\"name\":\"Informe Litoral\",\"url\":\"https:\\\/\\\/informelitoral.com.ar\\\/\",\"logo\":{\"@type\":\"ImageObject\",\"inLanguage\":\"es\",\"@id\":\"https:\\\/\\\/informelitoral.com.ar\\\/#\\\/schema\\\/logo\\\/image\\\/\",\"url\":\"https:\\\/\\\/informelitoral.com.ar\\\/%77%70%2d%63%6f%6e%74%65%6e%74\\\/uploads\\\/2021\\\/01\\\/circulo.png\",\"contentUrl\":\"https:\\\/\\\/informelitoral.com.ar\\\/%77%70%2d%63%6f%6e%74%65%6e%74\\\/uploads\\\/2021\\\/01\\\/circulo.png\",\"width\":723,\"height\":731,\"caption\":\"Informe Litoral\"},\"image\":{\"@id\":\"https:\\\/\\\/informelitoral.com.ar\\\/#\\\/schema\\\/logo\\\/image\\\/\"},\"sameAs\":[\"https:\\\/\\\/www.facebook.com\\\/informelitoral\\\/\",\"https:\\\/\\\/x.com\\\/InformeLitoral\",\"https:\\\/\\\/www.instagram.com\\\/informelitoral\\\/\",\"https:\\\/\\\/www.youtube.com\\\/channel\\\/UCua4Qvz8Icb6MYqhoq9xLXw\"]},{\"@type\":\"Person\",\"@id\":\"https:\\\/\\\/informelitoral.com.ar\\\/#\\\/schema\\\/person\\\/b9d00407c836482871ef1d57bf8e3180\",\"name\":\"Gonzalo Schmidt\",\"image\":{\"@type\":\"ImageObject\",\"inLanguage\":\"es\",\"@id\":\"https:\\\/\\\/secure.gravatar.com\\\/avatar\\\/31a1a7b66ff2de83bd0e9fd79d026630d2d99e55e8bfe501287647b4fd9743de?s=96&d=mm&r=g\",\"url\":\"https:\\\/\\\/secure.gravatar.com\\\/avatar\\\/31a1a7b66ff2de83bd0e9fd79d026630d2d99e55e8bfe501287647b4fd9743de?s=96&d=mm&r=g\",\"contentUrl\":\"https:\\\/\\\/secure.gravatar.com\\\/avatar\\\/31a1a7b66ff2de83bd0e9fd79d026630d2d99e55e8bfe501287647b4fd9743de?s=96&d=mm&r=g\",\"caption\":\"Gonzalo Schmidt\"},\"description\":\"Sitio web de noticias de la provincia de Entre R\u00edos, Argentina. Informaci\u00f3n y entretenimiento. Informe Litoral, nos informamos.\",\"sameAs\":[\"http:\\\/\\\/www.isletasnoticias.com.ar\"],\"url\":\"https:\\\/\\\/informelitoral.com.ar\\\/author\\\/gonzalo\\\/\"}]}<\/script>","yoast_head_json":{"title":"Gustavo Vergara: \"No estamos de acuerdo con la alternativa propuesta por el gobierno provincial\" - Informe Litoral","robots":{"index":"index","follow":"follow","max-snippet":"max-snippet:-1","max-image-preview":"max-image-preview:large","max-video-preview":"max-video-preview:-1"},"canonical":"https:\/\/informelitoral.com.ar\/gustavo-vergara-no-estamos-de-acuerdo-con-la-alternativa-propuesta-por-el-gobierno-provincial\/","og_locale":"es_ES","og_type":"article","og_title":"Gustavo Vergara: \"No estamos de acuerdo con la alternativa propuesta por el gobierno provincial\" - Informe Litoral","og_description":"Lo afirm\u00f3 el intendente de General Ram\u00edrez en relaci\u00f3n a la negativa de la administraci\u00f3n provincial de coparticipar los recursos extraordinarios que env\u00eda Naci\u00f3n. Es tras la reuni\u00f3n de los mandatarios de Cambiemos con la vicegobernadora y cuatro ministros.","og_url":"https:\/\/informelitoral.com.ar\/gustavo-vergara-no-estamos-de-acuerdo-con-la-alternativa-propuesta-por-el-gobierno-provincial\/","og_site_name":"Informe Litoral","article_publisher":"https:\/\/www.facebook.com\/informelitoral\/","article_published_time":"2020-05-22T11:01:33+00:00","article_modified_time":"2020-05-22T11:33:57+00:00","og_image":[{"width":960,"height":581,"url":"https:\/\/informelitoral.com.ar\/%77%70%2d%63%6f%6e%74%65%6e%74\/uploads\/2020\/05\/gustavo-vergara-reunion-provincia.jpg","type":"image\/jpeg"}],"author":"Gonzalo Schmidt","twitter_card":"summary_large_image","twitter_creator":"@InformeLitoral","twitter_site":"@InformeLitoral","twitter_misc":{"Escrito por":"Gonzalo Schmidt","Tiempo de lectura":"3 minutos"},"schema":{"@context":"https:\/\/schema.org","@graph":[{"@type":"Article","@id":"https:\/\/informelitoral.com.ar\/gustavo-vergara-no-estamos-de-acuerdo-con-la-alternativa-propuesta-por-el-gobierno-provincial\/#article","isPartOf":{"@id":"https:\/\/informelitoral.com.ar\/gustavo-vergara-no-estamos-de-acuerdo-con-la-alternativa-propuesta-por-el-gobierno-provincial\/"},"author":{"name":"Gonzalo Schmidt","@id":"https:\/\/informelitoral.com.ar\/#\/schema\/person\/b9d00407c836482871ef1d57bf8e3180"},"headline":"Gustavo Vergara: \u00abNo estamos de acuerdo con la alternativa propuesta por el gobierno provincial\u00bb","datePublished":"2020-05-22T11:01:33+00:00","dateModified":"2020-05-22T11:33:57+00:00","mainEntityOfPage":{"@id":"https:\/\/informelitoral.com.ar\/gustavo-vergara-no-estamos-de-acuerdo-con-la-alternativa-propuesta-por-el-gobierno-provincial\/"},"wordCount":560,"commentCount":0,"publisher":{"@id":"https:\/\/informelitoral.com.ar\/#organization"},"image":{"@id":"https:\/\/informelitoral.com.ar\/gustavo-vergara-no-estamos-de-acuerdo-con-la-alternativa-propuesta-por-el-gobierno-provincial\/#primaryimage"},"thumbnailUrl":"https:\/\/informelitoral.com.ar\/%77%70%2d%63%6f%6e%74%65%6e%74\/uploads\/2020\/05\/gustavo-vergara-reunion-provincia.jpg","keywords":["Crisis econ\u00f3mica","General Ram\u00edrez","Gobierno provincial","Gustavo Vergara","Municipalidad de General Ram\u00edrez","Ram\u00edrez"],"articleSection":["Departamento Diamante","Politica"],"inLanguage":"es","potentialAction":[{"@type":"CommentAction","name":"Comment","target":["https:\/\/informelitoral.com.ar\/gustavo-vergara-no-estamos-de-acuerdo-con-la-alternativa-propuesta-por-el-gobierno-provincial\/#respond"]}]},{"@type":"WebPage","@id":"https:\/\/informelitoral.com.ar\/gustavo-vergara-no-estamos-de-acuerdo-con-la-alternativa-propuesta-por-el-gobierno-provincial\/","url":"https:\/\/informelitoral.com.ar\/gustavo-vergara-no-estamos-de-acuerdo-con-la-alternativa-propuesta-por-el-gobierno-provincial\/","name":"Gustavo Vergara: \"No estamos de acuerdo con la alternativa propuesta por el gobierno provincial\" - Informe Litoral","isPartOf":{"@id":"https:\/\/informelitoral.com.ar\/#website"},"primaryImageOfPage":{"@id":"https:\/\/informelitoral.com.ar\/gustavo-vergara-no-estamos-de-acuerdo-con-la-alternativa-propuesta-por-el-gobierno-provincial\/#primaryimage"},"image":{"@id":"https:\/\/informelitoral.com.ar\/gustavo-vergara-no-estamos-de-acuerdo-con-la-alternativa-propuesta-por-el-gobierno-provincial\/#primaryimage"},"thumbnailUrl":"https:\/\/informelitoral.com.ar\/%77%70%2d%63%6f%6e%74%65%6e%74\/uploads\/2020\/05\/gustavo-vergara-reunion-provincia.jpg","datePublished":"2020-05-22T11:01:33+00:00","dateModified":"2020-05-22T11:33:57+00:00","breadcrumb":{"@id":"https:\/\/informelitoral.com.ar\/gustavo-vergara-no-estamos-de-acuerdo-con-la-alternativa-propuesta-por-el-gobierno-provincial\/#breadcrumb"},"inLanguage":"es","potentialAction":[{"@type":"ReadAction","target":["https:\/\/informelitoral.com.ar\/gustavo-vergara-no-estamos-de-acuerdo-con-la-alternativa-propuesta-por-el-gobierno-provincial\/"]}]},{"@type":"ImageObject","inLanguage":"es","@id":"https:\/\/informelitoral.com.ar\/gustavo-vergara-no-estamos-de-acuerdo-con-la-alternativa-propuesta-por-el-gobierno-provincial\/#primaryimage","url":"https:\/\/informelitoral.com.ar\/%77%70%2d%63%6f%6e%74%65%6e%74\/uploads\/2020\/05\/gustavo-vergara-reunion-provincia.jpg","contentUrl":"https:\/\/informelitoral.com.ar\/%77%70%2d%63%6f%6e%74%65%6e%74\/uploads\/2020\/05\/gustavo-vergara-reunion-provincia.jpg","width":960,"height":581},{"@type":"BreadcrumbList","@id":"https:\/\/informelitoral.com.ar\/gustavo-vergara-no-estamos-de-acuerdo-con-la-alternativa-propuesta-por-el-gobierno-provincial\/#breadcrumb","itemListElement":[{"@type":"ListItem","position":1,"name":"Portada","item":"https:\/\/informelitoral.com.ar\/"},{"@type":"ListItem","position":2,"name":"Gustavo Vergara: \u00abNo estamos de acuerdo con la alternativa propuesta por el gobierno provincial\u00bb"}]},{"@type":"WebSite","@id":"https:\/\/informelitoral.com.ar\/#website","url":"https:\/\/informelitoral.com.ar\/","name":"Informe Litoral","description":"&quot;Nos informamos&quot; ","publisher":{"@id":"https:\/\/informelitoral.com.ar\/#organization"},"potentialAction":[{"@type":"SearchAction","target":{"@type":"EntryPoint","urlTemplate":"https:\/\/informelitoral.com.ar\/?s={search_term_string}"},"query-input":{"@type":"PropertyValueSpecification","valueRequired":true,"valueName":"search_term_string"}}],"inLanguage":"es"},{"@type":"Organization","@id":"https:\/\/informelitoral.com.ar\/#organization","name":"Informe Litoral","url":"https:\/\/informelitoral.com.ar\/","logo":{"@type":"ImageObject","inLanguage":"es","@id":"https:\/\/informelitoral.com.ar\/#\/schema\/logo\/image\/","url":"https:\/\/informelitoral.com.ar\/%77%70%2d%63%6f%6e%74%65%6e%74\/uploads\/2021\/01\/circulo.png","contentUrl":"https:\/\/informelitoral.com.ar\/%77%70%2d%63%6f%6e%74%65%6e%74\/uploads\/2021\/01\/circulo.png","width":723,"height":731,"caption":"Informe Litoral"},"image":{"@id":"https:\/\/informelitoral.com.ar\/#\/schema\/logo\/image\/"},"sameAs":["https:\/\/www.facebook.com\/informelitoral\/","https:\/\/x.com\/InformeLitoral","https:\/\/www.instagram.com\/informelitoral\/","https:\/\/www.youtube.com\/channel\/UCua4Qvz8Icb6MYqhoq9xLXw"]},{"@type":"Person","@id":"https:\/\/informelitoral.com.ar\/#\/schema\/person\/b9d00407c836482871ef1d57bf8e3180","name":"Gonzalo Schmidt","image":{"@type":"ImageObject","inLanguage":"es","@id":"https:\/\/secure.gravatar.com\/avatar\/31a1a7b66ff2de83bd0e9fd79d026630d2d99e55e8bfe501287647b4fd9743de?s=96&d=mm&r=g","url":"https:\/\/secure.gravatar.com\/avatar\/31a1a7b66ff2de83bd0e9fd79d026630d2d99e55e8bfe501287647b4fd9743de?s=96&d=mm&r=g","contentUrl":"https:\/\/secure.gravatar.com\/avatar\/31a1a7b66ff2de83bd0e9fd79d026630d2d99e55e8bfe501287647b4fd9743de?s=96&d=mm&r=g","caption":"Gonzalo Schmidt"},"description":"Sitio web de noticias de la provincia de Entre R\u00edos, Argentina. Informaci\u00f3n y entretenimiento. Informe Litoral, nos informamos.","sameAs":["http:\/\/www.isletasnoticias.com.ar"],"url":"https:\/\/informelitoral.com.ar\/author\/gonzalo\/"}]}},"_links":{"self":[{"href":"https:\/\/informelitoral.com.ar\/%77%70%2d%6a%73%6f%6e\/wp\/v2\/posts\/43455","targetHints":{"allow":["GET"]}}],"collection":[{"href":"https:\/\/informelitoral.com.ar\/%77%70%2d%6a%73%6f%6e\/wp\/v2\/posts"}],"about":[{"href":"https:\/\/informelitoral.com.ar\/%77%70%2d%6a%73%6f%6e\/wp\/v2\/types\/post"}],"author":[{"embeddable":true,"href":"https:\/\/informelitoral.com.ar\/%77%70%2d%6a%73%6f%6e\/wp\/v2\/users\/2"}],"replies":[{"embeddable":true,"href":"https:\/\/informelitoral.com.ar\/%77%70%2d%6a%73%6f%6e\/wp\/v2\/comments?post=43455"}],"version-history":[{"count":0,"href":"https:\/\/informelitoral.com.ar\/%77%70%2d%6a%73%6f%6e\/wp\/v2\/posts\/43455\/revisions"}],"wp:featuredmedia":[{"embeddable":true,"href":"https:\/\/informelitoral.com.ar\/%77%70%2d%6a%73%6f%6e\/wp\/v2\/media\/43456"}],"wp:attachment":[{"href":"https:\/\/informelitoral.com.ar\/%77%70%2d%6a%73%6f%6e\/wp\/v2\/media?parent=43455"}],"wp:term":[{"taxonomy":"category","embeddable":true,"href":"https:\/\/informelitoral.com.ar\/%77%70%2d%6a%73%6f%6e\/wp\/v2\/categories?post=43455"},{"taxonomy":"post_tag","embeddable":true,"href":"https:\/\/informelitoral.com.ar\/%77%70%2d%6a%73%6f%6e\/wp\/v2\/tags?post=43455"}],"curies":[{"name":"wp","href":"https:\/\/api.w.org\/{rel}","templated":true}]}}